{"id":5121,"date":"2010-10-31T18:48:04","date_gmt":"2010-10-31T20:48:04","guid":{"rendered":"http:\/\/www.ecclesia.com.br\/news\/?p=5121"},"modified":"2020-09-23T12:01:08","modified_gmt":"2020-09-23T15:01:08","slug":"enciclica-do-arcebispo-tarasios-sobre-a-criacao-do-primeiro-programa-ortodoxo-missionario-sul-americano-poms","status":"publish","type":"post","link":"https:\/\/news.ecclesia.org.br\/?p=5121","title":{"rendered":"Enc\u00edclica do Arcebispo Tarasios sobre a cria\u00e7\u00e3o do primeiro \u00abPrograma Ortodoxo Mission\u00e1rio Sul Americano\u00bb (POMS)"},"content":{"rendered":"<p style=\"text-align: center;\"><em>\u00abAssim como o Pai me enviou,<br \/>\ntamb\u00e9m eu vos envio a v\u00f3s\u00bb.<\/em> (Jo 20,21)<\/p>\n<p style=\"text-align: justify;\">A origem da miss\u00e3o \u00e9 a Trindade: o Pai envia o Filho a fim de se encarnar e salvar o mundo. Depois de completar sua miss\u00e3o na terra, o Filho envia o Esp\u00edrito Par\u00e1clito (Jo 14, 22-26) para que d\u00ea testemunho da verdade de Jesus Cristo.&nbsp;Da mesma maneira, os disc\u00edpulos do Senhor s\u00e3o enviados por Ele. Esta a\u00e7\u00e3o de \u00abir\u00bb e \u00abproclamar\u00bb \u00e9 pr\u00f3pria de Deus, e tem n&#8217;Ele sua origem. No entanto, \u00e9 comunicada a n\u00f3s que somos co-participantes na obra salv\u00edfica de Deus.&nbsp;Deus sai de si mesmo e se auto-proclama, pois Ele \u00e9 \u00abo Caminho, a Verdade e a Vida\u00bb (Jo 14, 6-14). \u00c9 por isso que deve ser proclamada a todas as na\u00e7\u00f5es. Conhecendo o homem esta realidade, deve necessariamente \u00absair\u00bb do isolamento e se relacionar com seu pr\u00f3ximo, a fim de \u00abproclamar-lhe\u00bb a verdade que j\u00e1 conhece. A verdade \u00e9 o Evangelho de Jesus Cristo: Sua pr\u00f3pria Pessoa e Seu ensinamento. Esta realidade \u00e9 salvadora e deve ser propagada a toda a humanidade, tal como ordenou o mesmo Jesus antes de ascender aos c\u00e9us (Mt 28,19) [&#8230;]<\/p>\n<p style=\"text-align: justify;\">[&#8230;]&nbsp;Conscientes de tudo isso e, de nossa elevada e profunda responsabilidade como arquipastor, impulsionamos a cria\u00e7\u00e3o deste primeiro \u00abPROGRAMA ORTODOXO MISSION\u00c1RIO SUL AMERICANO\u00bb (POMS) que ser\u00e1 implementado, sobre tudo no territ\u00f3rio de nossa jurisdi\u00e7\u00e3o. Este programa foi desenvolvido gra\u00e7as \u00e0 generosa colabora\u00e7\u00e3o da \u00abAssocia\u00e7\u00e3o Mission\u00e1ria Cosme o Aitol\u00f3s\u00bb de Tessal\u00f4nica, que tendo aprovado o projeto apresentado, procedeu \u00e0 materializa\u00e7\u00e3o da ajuda monet\u00e1ria. Assim mesmo, formou-se uma comiss\u00e3o ad hoc que trabalha incessantemente, tendo coordenado a execu\u00e7\u00e3o do Projeto original o Vig\u00e1rio Geral da Arquidiocese, Arquimandrita Iosif L. Bosch, em ativa colabora\u00e7\u00e3o com os sacerdotes envolvidos no Programa [&#8230;]<\/p>\n<p style=\"text-align: justify;\">Clique <a href=\"https:\/\/ecclesia.org.br\/wp-content\/uploads\/2020\/09\/2010-out-enciclica-missoes.pdf\" target=\"_blank\" rel=\"noopener noreferrer\">AQUI<\/a> para ler todo o conte\u00fado desta enc\u00edclica.<\/p>\n","protected":false},"excerpt":{"rendered":"<p>\u00abAssim como o Pai me enviou, tamb\u00e9m eu vos envio a v\u00f3s\u00bb. (Jo 20,21) A origem da miss\u00e3o \u00e9 a Trindade: o Pai envia o Filho a fim de se encarnar e salvar o mundo. Depois de completar sua miss\u00e3o&#8230;<\/p>\n","protected":false},"author":1,"featured_media":0,"comment_status":"open","ping_status":"open","sticky":false,"template":"","format":"standard","meta":{"_acf_changed":false,"footnotes":""},"categories":[1],"tags":[],"class_list":["post-5121","post","type-post","status-publish","format-standard","hentry","category-news","entry","rows-excerpt"],"acf":[],"yoast_head":"<!-- This site is optimized with the Yoast SEO plugin v27.5 - https:\/\/yoast.com\/product\/yoast-seo-wordpress\/ -->\n<title>Enc\u00edclica do Arcebispo Tarasios sobre a cria\u00e7\u00e3o do primeiro \u00abPrograma Ortodoxo Mission\u00e1rio Sul Americano\u00bb (POMS) | ECCLESIA NEWS<\/title>\n<meta name=\"robots\" content=\"index, follow, max-snippet:-1, max-image-preview:large, max-video-preview:-1\" \/>\n<link rel=\"canonical\" href=\"https:\/\/news.ecclesia.org.br\/?p=5121\" \/>\n<meta property=\"og:locale\" content=\"pt_BR\" \/>\n<meta property=\"og:type\" content=\"article\" \/>\n<meta property=\"og:title\" content=\"Enc\u00edclica do Arcebispo Tarasios sobre a cria\u00e7\u00e3o do primeiro \u00abPrograma Ortodoxo Mission\u00e1rio Sul Americano\u00bb (POMS) | ECCLESIA NEWS\" \/>\n<meta property=\"og:description\" content=\"\u00abAssim como o Pai me enviou, tamb\u00e9m eu vos envio a v\u00f3s\u00bb. (Jo 20,21) A origem da miss\u00e3o \u00e9 a Trindade: o Pai envia o Filho a fim de se encarnar e salvar o mundo. Depois de completar sua miss\u00e3o&#8230;\" \/>\n<meta property=\"og:url\" content=\"https:\/\/news.ecclesia.org.br\/?p=5121\" \/>\n<meta property=\"og:site_name\" content=\"ECCLESIA NEWS\" \/>\n<meta property=\"article:publisher\" content=\"https:\/\/www.facebook.com\/Ecclesia2025\" \/>\n<meta property=\"article:published_time\" content=\"2010-10-31T20:48:04+00:00\" \/>\n<meta property=\"article:modified_time\" content=\"2020-09-23T15:01:08+00:00\" \/>\n<meta property=\"og:image\" content=\"https:\/\/news.ecclesia.org.br\/wp-content\/uploads\/2025\/05\/ecclesia2.png\" \/>\n\t<meta property=\"og:image:width\" content=\"480\" \/>\n\t<meta property=\"og:image:height\" content=\"120\" \/>\n\t<meta property=\"og:image:type\" content=\"image\/png\" \/>\n<meta name=\"author\" content=\"Pe. Andr\u00e9\" \/>\n<meta name=\"twitter:card\" content=\"summary_large_image\" \/>\n<meta name=\"twitter:creator\" content=\"@EcclesiaNews\" \/>\n<meta name=\"twitter:site\" content=\"@EcclesiaNews\" \/>\n<meta name=\"twitter:label1\" content=\"Escrito por\" \/>\n\t<meta name=\"twitter:data1\" content=\"Pe. Andr\u00e9\" \/>\n\t<meta name=\"twitter:label2\" content=\"Est. tempo de leitura\" \/>\n\t<meta name=\"twitter:data2\" content=\"2 minutos\" \/>\n<script type=\"application\/ld+json\" class=\"yoast-schema-graph\">{\"@context\":\"https:\\\/\\\/schema.org\",\"@graph\":[{\"@type\":\"Article\",\"@id\":\"https:\\\/\\\/news.ecclesia.org.br\\\/?p=5121#article\",\"isPartOf\":{\"@id\":\"https:\\\/\\\/news.ecclesia.org.br\\\/?p=5121\"},\"author\":{\"name\":\"Pe. Andr\u00e9\",\"@id\":\"https:\\\/\\\/news.ecclesia.org.br\\\/#\\\/schema\\\/person\\\/6f09597f025829745ba414a569f63758\"},\"headline\":\"Enc\u00edclica do Arcebispo Tarasios sobre a cria\u00e7\u00e3o do primeiro \u00abPrograma Ortodoxo Mission\u00e1rio Sul Americano\u00bb (POMS)\",\"datePublished\":\"2010-10-31T20:48:04+00:00\",\"dateModified\":\"2020-09-23T15:01:08+00:00\",\"mainEntityOfPage\":{\"@id\":\"https:\\\/\\\/news.ecclesia.org.br\\\/?p=5121\"},\"wordCount\":345,\"commentCount\":0,\"publisher\":{\"@id\":\"https:\\\/\\\/news.ecclesia.org.br\\\/#organization\"},\"articleSection\":[\"NEWS\"],\"inLanguage\":\"pt-BR\",\"potentialAction\":[{\"@type\":\"CommentAction\",\"name\":\"Comment\",\"target\":[\"https:\\\/\\\/news.ecclesia.org.br\\\/?p=5121#respond\"]}]},{\"@type\":\"WebPage\",\"@id\":\"https:\\\/\\\/news.ecclesia.org.br\\\/?p=5121\",\"url\":\"https:\\\/\\\/news.ecclesia.org.br\\\/?p=5121\",\"name\":\"Enc\u00edclica do Arcebispo Tarasios sobre a cria\u00e7\u00e3o do primeiro \u00abPrograma Ortodoxo Mission\u00e1rio Sul Americano\u00bb (POMS) | ECCLESIA NEWS\",\"isPartOf\":{\"@id\":\"https:\\\/\\\/news.ecclesia.org.br\\\/#website\"},\"datePublished\":\"2010-10-31T20:48:04+00:00\",\"dateModified\":\"2020-09-23T15:01:08+00:00\",\"breadcrumb\":{\"@id\":\"https:\\\/\\\/news.ecclesia.org.br\\\/?p=5121#breadcrumb\"},\"inLanguage\":\"pt-BR\",\"potentialAction\":[{\"@type\":\"ReadAction\",\"target\":[\"https:\\\/\\\/news.ecclesia.org.br\\\/?p=5121\"]}]},{\"@type\":\"BreadcrumbList\",\"@id\":\"https:\\\/\\\/news.ecclesia.org.br\\\/?p=5121#breadcrumb\",\"itemListElement\":[{\"@type\":\"ListItem\",\"position\":1,\"name\":\"In\u00edcio\",\"item\":\"https:\\\/\\\/news.ecclesia.org.br\\\/\"},{\"@type\":\"ListItem\",\"position\":2,\"name\":\"Enc\u00edclica do Arcebispo Tarasios sobre a cria\u00e7\u00e3o do primeiro \u00abPrograma Ortodoxo Mission\u00e1rio Sul Americano\u00bb (POMS)\"}]},{\"@type\":\"WebSite\",\"@id\":\"https:\\\/\\\/news.ecclesia.org.br\\\/#website\",\"url\":\"https:\\\/\\\/news.ecclesia.org.br\\\/\",\"name\":\"Ecclesia Brasil\",\"description\":\"Desde 2003 onectando o Brasil ao mundo ortodoxo!\",\"publisher\":{\"@id\":\"https:\\\/\\\/news.ecclesia.org.br\\\/#organization\"},\"alternateName\":\"Ecclesia\",\"potentialAction\":[{\"@type\":\"SearchAction\",\"target\":{\"@type\":\"EntryPoint\",\"urlTemplate\":\"https:\\\/\\\/news.ecclesia.org.br\\\/?s={search_term_string}\"},\"query-input\":{\"@type\":\"PropertyValueSpecification\",\"valueRequired\":true,\"valueName\":\"search_term_string\"}}],\"inLanguage\":\"pt-BR\"},{\"@type\":\"Organization\",\"@id\":\"https:\\\/\\\/news.ecclesia.org.br\\\/#organization\",\"name\":\"Sacra Arquidiocese de Buenos Aires e Am\u00e9rica do Sul | Patriarcado Ecum\u00eanico\",\"alternateName\":\"News Ecclesia Brasil\",\"url\":\"https:\\\/\\\/news.ecclesia.org.br\\\/\",\"logo\":{\"@type\":\"ImageObject\",\"inLanguage\":\"pt-BR\",\"@id\":\"https:\\\/\\\/news.ecclesia.org.br\\\/#\\\/schema\\\/logo\\\/image\\\/\",\"url\":\"https:\\\/\\\/news.ecclesia.org.br\\\/wp-content\\\/uploads\\\/2025\\\/05\\\/ecclesia2.png\",\"contentUrl\":\"https:\\\/\\\/news.ecclesia.org.br\\\/wp-content\\\/uploads\\\/2025\\\/05\\\/ecclesia2.png\",\"width\":480,\"height\":120,\"caption\":\"Sacra Arquidiocese de Buenos Aires e Am\u00e9rica do Sul | Patriarcado Ecum\u00eanico\"},\"image\":{\"@id\":\"https:\\\/\\\/news.ecclesia.org.br\\\/#\\\/schema\\\/logo\\\/image\\\/\"},\"sameAs\":[\"https:\\\/\\\/www.facebook.com\\\/Ecclesia2025\",\"https:\\\/\\\/x.com\\\/EcclesiaNews\",\"https:\\\/\\\/br.pinterest.com\\\/ekklisia\\\/\",\"https:\\\/\\\/www.youtube.com\\\/@EcclesiaBrasil\"]},{\"@type\":\"Person\",\"@id\":\"https:\\\/\\\/news.ecclesia.org.br\\\/#\\\/schema\\\/person\\\/6f09597f025829745ba414a569f63758\",\"name\":\"Pe. Andr\u00e9\",\"image\":{\"@type\":\"ImageObject\",\"inLanguage\":\"pt-BR\",\"@id\":\"https:\\\/\\\/secure.gravatar.com\\\/avatar\\\/b4327cfa27e9799da239a26adcd534fc29cdc0c4a4a148eecbcfeb9b42c617ac?s=96&d=mm&r=g\",\"url\":\"https:\\\/\\\/secure.gravatar.com\\\/avatar\\\/b4327cfa27e9799da239a26adcd534fc29cdc0c4a4a148eecbcfeb9b42c617ac?s=96&d=mm&r=g\",\"contentUrl\":\"https:\\\/\\\/secure.gravatar.com\\\/avatar\\\/b4327cfa27e9799da239a26adcd534fc29cdc0c4a4a148eecbcfeb9b42c617ac?s=96&d=mm&r=g\",\"caption\":\"Pe. Andr\u00e9\"},\"sameAs\":[\"https:\\\/\\\/www.ecclesia.org.br\"]}]}<\/script>\n<!-- \/ Yoast SEO plugin. -->","yoast_head_json":{"title":"Enc\u00edclica do Arcebispo Tarasios sobre a cria\u00e7\u00e3o do primeiro \u00abPrograma Ortodoxo Mission\u00e1rio Sul Americano\u00bb (POMS) | ECCLESIA NEWS","robots":{"index":"index","follow":"follow","max-snippet":"max-snippet:-1","max-image-preview":"max-image-preview:large","max-video-preview":"max-video-preview:-1"},"canonical":"https:\/\/news.ecclesia.org.br\/?p=5121","og_locale":"pt_BR","og_type":"article","og_title":"Enc\u00edclica do Arcebispo Tarasios sobre a cria\u00e7\u00e3o do primeiro \u00abPrograma Ortodoxo Mission\u00e1rio Sul Americano\u00bb (POMS) | ECCLESIA NEWS","og_description":"\u00abAssim como o Pai me enviou, tamb\u00e9m eu vos envio a v\u00f3s\u00bb. (Jo 20,21) A origem da miss\u00e3o \u00e9 a Trindade: o Pai envia o Filho a fim de se encarnar e salvar o mundo. Depois de completar sua miss\u00e3o&#8230;","og_url":"https:\/\/news.ecclesia.org.br\/?p=5121","og_site_name":"ECCLESIA NEWS","article_publisher":"https:\/\/www.facebook.com\/Ecclesia2025","article_published_time":"2010-10-31T20:48:04+00:00","article_modified_time":"2020-09-23T15:01:08+00:00","og_image":[{"width":480,"height":120,"url":"https:\/\/news.ecclesia.org.br\/wp-content\/uploads\/2025\/05\/ecclesia2.png","type":"image\/png"}],"author":"Pe. Andr\u00e9","twitter_card":"summary_large_image","twitter_creator":"@EcclesiaNews","twitter_site":"@EcclesiaNews","twitter_misc":{"Escrito por":"Pe. Andr\u00e9","Est. tempo de leitura":"2 minutos"},"schema":{"@context":"https:\/\/schema.org","@graph":[{"@type":"Article","@id":"https:\/\/news.ecclesia.org.br\/?p=5121#article","isPartOf":{"@id":"https:\/\/news.ecclesia.org.br\/?p=5121"},"author":{"name":"Pe. Andr\u00e9","@id":"https:\/\/news.ecclesia.org.br\/#\/schema\/person\/6f09597f025829745ba414a569f63758"},"headline":"Enc\u00edclica do Arcebispo Tarasios sobre a cria\u00e7\u00e3o do primeiro \u00abPrograma Ortodoxo Mission\u00e1rio Sul Americano\u00bb (POMS)","datePublished":"2010-10-31T20:48:04+00:00","dateModified":"2020-09-23T15:01:08+00:00","mainEntityOfPage":{"@id":"https:\/\/news.ecclesia.org.br\/?p=5121"},"wordCount":345,"commentCount":0,"publisher":{"@id":"https:\/\/news.ecclesia.org.br\/#organization"},"articleSection":["NEWS"],"inLanguage":"pt-BR","potentialAction":[{"@type":"CommentAction","name":"Comment","target":["https:\/\/news.ecclesia.org.br\/?p=5121#respond"]}]},{"@type":"WebPage","@id":"https:\/\/news.ecclesia.org.br\/?p=5121","url":"https:\/\/news.ecclesia.org.br\/?p=5121","name":"Enc\u00edclica do Arcebispo Tarasios sobre a cria\u00e7\u00e3o do primeiro \u00abPrograma Ortodoxo Mission\u00e1rio Sul Americano\u00bb (POMS) | ECCLESIA NEWS","isPartOf":{"@id":"https:\/\/news.ecclesia.org.br\/#website"},"datePublished":"2010-10-31T20:48:04+00:00","dateModified":"2020-09-23T15:01:08+00:00","breadcrumb":{"@id":"https:\/\/news.ecclesia.org.br\/?p=5121#breadcrumb"},"inLanguage":"pt-BR","potentialAction":[{"@type":"ReadAction","target":["https:\/\/news.ecclesia.org.br\/?p=5121"]}]},{"@type":"BreadcrumbList","@id":"https:\/\/news.ecclesia.org.br\/?p=5121#breadcrumb","itemListElement":[{"@type":"ListItem","position":1,"name":"In\u00edcio","item":"https:\/\/news.ecclesia.org.br\/"},{"@type":"ListItem","position":2,"name":"Enc\u00edclica do Arcebispo Tarasios sobre a cria\u00e7\u00e3o do primeiro \u00abPrograma Ortodoxo Mission\u00e1rio Sul Americano\u00bb (POMS)"}]},{"@type":"WebSite","@id":"https:\/\/news.ecclesia.org.br\/#website","url":"https:\/\/news.ecclesia.org.br\/","name":"Ecclesia Brasil","description":"Desde 2003 onectando o Brasil ao mundo ortodoxo!","publisher":{"@id":"https:\/\/news.ecclesia.org.br\/#organization"},"alternateName":"Ecclesia","potentialAction":[{"@type":"SearchAction","target":{"@type":"EntryPoint","urlTemplate":"https:\/\/news.ecclesia.org.br\/?s={search_term_string}"},"query-input":{"@type":"PropertyValueSpecification","valueRequired":true,"valueName":"search_term_string"}}],"inLanguage":"pt-BR"},{"@type":"Organization","@id":"https:\/\/news.ecclesia.org.br\/#organization","name":"Sacra Arquidiocese de Buenos Aires e Am\u00e9rica do Sul | Patriarcado Ecum\u00eanico","alternateName":"News Ecclesia Brasil","url":"https:\/\/news.ecclesia.org.br\/","logo":{"@type":"ImageObject","inLanguage":"pt-BR","@id":"https:\/\/news.ecclesia.org.br\/#\/schema\/logo\/image\/","url":"https:\/\/news.ecclesia.org.br\/wp-content\/uploads\/2025\/05\/ecclesia2.png","contentUrl":"https:\/\/news.ecclesia.org.br\/wp-content\/uploads\/2025\/05\/ecclesia2.png","width":480,"height":120,"caption":"Sacra Arquidiocese de Buenos Aires e Am\u00e9rica do Sul | Patriarcado Ecum\u00eanico"},"image":{"@id":"https:\/\/news.ecclesia.org.br\/#\/schema\/logo\/image\/"},"sameAs":["https:\/\/www.facebook.com\/Ecclesia2025","https:\/\/x.com\/EcclesiaNews","https:\/\/br.pinterest.com\/ekklisia\/","https:\/\/www.youtube.com\/@EcclesiaBrasil"]},{"@type":"Person","@id":"https:\/\/news.ecclesia.org.br\/#\/schema\/person\/6f09597f025829745ba414a569f63758","name":"Pe. Andr\u00e9","image":{"@type":"ImageObject","inLanguage":"pt-BR","@id":"https:\/\/secure.gravatar.com\/avatar\/b4327cfa27e9799da239a26adcd534fc29cdc0c4a4a148eecbcfeb9b42c617ac?s=96&d=mm&r=g","url":"https:\/\/secure.gravatar.com\/avatar\/b4327cfa27e9799da239a26adcd534fc29cdc0c4a4a148eecbcfeb9b42c617ac?s=96&d=mm&r=g","contentUrl":"https:\/\/secure.gravatar.com\/avatar\/b4327cfa27e9799da239a26adcd534fc29cdc0c4a4a148eecbcfeb9b42c617ac?s=96&d=mm&r=g","caption":"Pe. Andr\u00e9"},"sameAs":["https:\/\/www.ecclesia.org.br"]}]}},"_links":{"self":[{"href":"https:\/\/news.ecclesia.org.br\/index.php?rest_route=\/wp\/v2\/posts\/5121","targetHints":{"allow":["GET"]}}],"collection":[{"href":"https:\/\/news.ecclesia.org.br\/index.php?rest_route=\/wp\/v2\/posts"}],"about":[{"href":"https:\/\/news.ecclesia.org.br\/index.php?rest_route=\/wp\/v2\/types\/post"}],"author":[{"embeddable":true,"href":"https:\/\/news.ecclesia.org.br\/index.php?rest_route=\/wp\/v2\/users\/1"}],"replies":[{"embeddable":true,"href":"https:\/\/news.ecclesia.org.br\/index.php?rest_route=%2Fwp%2Fv2%2Fcomments&post=5121"}],"version-history":[{"count":3,"href":"https:\/\/news.ecclesia.org.br\/index.php?rest_route=\/wp\/v2\/posts\/5121\/revisions"}],"predecessor-version":[{"id":34022,"href":"https:\/\/news.ecclesia.org.br\/index.php?rest_route=\/wp\/v2\/posts\/5121\/revisions\/34022"}],"wp:attachment":[{"href":"https:\/\/news.ecclesia.org.br\/index.php?rest_route=%2Fwp%2Fv2%2Fmedia&parent=5121"}],"wp:term":[{"taxonomy":"category","embeddable":true,"href":"https:\/\/news.ecclesia.org.br\/index.php?rest_route=%2Fwp%2Fv2%2Fcategories&post=5121"},{"taxonomy":"post_tag","embeddable":true,"href":"https:\/\/news.ecclesia.org.br\/index.php?rest_route=%2Fwp%2Fv2%2Ftags&post=5121"}],"curies":[{"name":"wp","href":"https:\/\/api.w.org\/{rel}","templated":true}]}}