{"id":51188,"date":"2025-12-08T16:34:08","date_gmt":"2025-12-08T19:34:08","guid":{"rendered":"https:\/\/news.ecclesia.org.br\/?p=51188"},"modified":"2025-12-08T16:42:05","modified_gmt":"2025-12-08T19:42:05","slug":"o-patriarcado-ecumenico-celebra-os-60-anos-da-revogacao-dos-anatemas-de-1054","status":"publish","type":"post","link":"https:\/\/news.ecclesia.org.br\/?p=51188","title":{"rendered":"O Patriarcado Ecum\u00eanico celebra os 60 anos da revoga\u00e7\u00e3o dos An\u00e1temas de 1054"},"content":{"rendered":"\t\t<div data-elementor-type=\"wp-post\" data-elementor-id=\"51188\" class=\"elementor elementor-51188\">\n\t\t\t\t\t\t<section class=\"elementor-section elementor-top-section elementor-element elementor-element-e3ce83e elementor-section-boxed elementor-section-height-default elementor-section-height-default\" data-id=\"e3ce83e\" data-element_type=\"section\" data-e-type=\"section\">\n\t\t\t\t\t\t<div class=\"elementor-container elementor-column-gap-default\">\n\t\t\t\t\t<div class=\"elementor-column elementor-col-100 elementor-top-column elementor-element elementor-element-accc6ea\" data-id=\"accc6ea\" data-element_type=\"column\" data-e-type=\"column\">\n\t\t\t<div class=\"elementor-widget-wrap elementor-element-populated\">\n\t\t\t\t\t\t<div class=\"elementor-element elementor-element-49c540f elementor-widget elementor-widget-text-editor\" data-id=\"49c540f\" data-element_type=\"widget\" data-e-type=\"widget\" data-widget_type=\"text-editor.default\">\n\t\t\t\t<div class=\"elementor-widget-container\">\n\t\t\t\t\t\t\t\t\t<p style=\"text-align: center;\">Fonte: Ec-Patr (Nikos Papachr\u00edstou) <br \/>tradu\u00e7\u00e3o e adapta\u00e7\u00e3o para o Ecclesia NEWS (Brasil)<\/p>\t\t\t\t\t\t\t\t<\/div>\n\t\t\t\t<\/div>\n\t\t\t\t\t<\/div>\n\t\t<\/div>\n\t\t\t\t\t<\/div>\n\t\t<\/section>\n\t\t\t\t<section class=\"elementor-section elementor-top-section elementor-element elementor-element-157c4938 elementor-section-boxed elementor-section-height-default elementor-section-height-default\" data-id=\"157c4938\" data-element_type=\"section\" data-e-type=\"section\">\n\t\t\t\t\t\t<div class=\"elementor-container elementor-column-gap-default\">\n\t\t\t\t\t<div class=\"elementor-column elementor-col-100 elementor-top-column elementor-element elementor-element-29e43283\" data-id=\"29e43283\" data-element_type=\"column\" data-e-type=\"column\">\n\t\t\t<div class=\"elementor-widget-wrap elementor-element-populated\">\n\t\t\t\t\t\t<div class=\"elementor-element elementor-element-5d888855 elementor-widget elementor-widget-text-editor\" data-id=\"5d888855\" data-element_type=\"widget\" data-e-type=\"widget\" data-widget_type=\"text-editor.default\">\n\t\t\t\t<div class=\"elementor-widget-container\">\n\t\t\t\t\t\t\t\t\t<p><strong><\/strong><\/p>\n\n<p>No domingo, 7 de dezembro de 2025, o Patriarca Ecum\u00eanico Bartolomeu presidiu a Divina Liturgia no Pansepto Templo Patriarcal, em Constantinopla. Ao final da celebra\u00e7\u00e3o, foi entoado um Te Deum de a\u00e7\u00e3o de gra\u00e7as pelos 60 anos da revoga\u00e7\u00e3o rec\u00edproca dos An\u00e1temas de 1054, assinada em 1965 pelo ent\u00e3o Papa Paulo VI e pelo Patriarca Ecum\u00eanico Aten\u00e1goras, gesto que marcou uma nova etapa no caminho da reconcilia\u00e7\u00e3o entre Roma e Constantinopla.<\/p>\n\n<p>Concelebraram numerosos hierarcas do Trono Ecum\u00eanico: os Metropolitas Emmanuel de Calced\u00f4nia, Ap\u00f3stolos de Derkos, Dimitrios de Pr\u00edncipe, Meliton de Filad\u00e9lfia, Irineu de Miriophyto e Peristasis, The\u00f3liptos de Ic\u00f4nio, St\u00e9fanos de Cale\u00fapole e Madytos, Athen\u00e1goras de Cid\u00f4nias, M\u00e1ximos de Silivria, Hier\u00f3theos de Lemnos e Agios Efstratios, Ioakeim de Prusa e The\u00f3doros de Sel\u00eaucia.<\/p>\n\n<h2 class=\"wp-block-heading\">As palavras do Patriarca Bartolomeu<\/h2>\n\n<p>Em sua homilia, o Patriarca recordou inicialmente a visita oficial do Papa Le\u00e3o XIV ao Patriarcado Ecum\u00eanico e o peregrin\u00e1rio conjunto a Niceia, por ocasi\u00e3o dos 1700 anos do Conc\u00edlio de 325. A partir deste contexto, fez mem\u00f3ria do gesto de 1965:<\/p>\n\n<blockquote class=\"wp-block-quote is-layout-flow wp-block-quote-is-layout-flow\">\n<p>\u201cNo mesmo esp\u00edrito, reunimo-nos hoje para honrar e celebrar o sexag\u00e9simo anivers\u00e1rio da revoga\u00e7\u00e3o m\u00fatua dos an\u00e1temas de 1054 pelo saudoso Papa Paulo VI e pelo inesquec\u00edvel Patriarca Aten\u00e1goras.<br \/>Em um tempo marcado pela crescente polariza\u00e7\u00e3o no mundo, inclusive na cristandade, esse passo prof\u00e9tico rumo \u00e0 unidade merece especial aten\u00e7\u00e3o e estudo.\u201d<\/p>\n<\/blockquote>\n\n<p>O Patriarca citou trechos da Declara\u00e7\u00e3o Comum de 1965, na qual Roma e Constantinopla conclamavam a um novo modo de rela\u00e7\u00e3o, n\u00e3o baseado em acusa\u00e7\u00f5es e mem\u00f3rias dolorosas, mas na purifica\u00e7\u00e3o dos cora\u00e7\u00f5es, no reconhecimento das falhas hist\u00f3ricas e na busca comum da f\u00e9 apost\u00f3lica. A revoga\u00e7\u00e3o dos an\u00e1temas, acrescentou, foi \u201csinal concreto e testemunho de um novo come\u00e7o\u201d, impulsionando o \u201cdi\u00e1logo do amor\u201d e, posteriormente, o Di\u00e1logo Teol\u00f3gico Internacional.<\/p>\n\n<p>Em outra passagem, Bartolomeu evocou a mem\u00f3ria do Metropolita Jo\u00e3o de P\u00e9rgamo (Zizioulas), grande te\u00f3logo e protagonista do di\u00e1logo entre cat\u00f3licos e ortodoxos:<\/p>\n\n<blockquote class=\"wp-block-quote is-layout-flow wp-block-quote-is-layout-flow\">\n<p>\u201cEle compreendia profundamente a necessidade do respeito m\u00fatuo e da redescoberta rec\u00edproca: \u2018\u00d3 Oriente, onde est\u00e1 o teu Ocidente? \u00d3 Ocidente, onde est\u00e1 o teu Oriente?\u2019.<br \/>Hoje, por\u00e9m, vemos crescer a indiferen\u00e7a quanto \u00e0 import\u00e2ncia deste trabalho, a tenta\u00e7\u00e3o da autossufici\u00eancia e a desconfian\u00e7a m\u00fatua. N\u00e3o nos \u00e9 permitido abandonar a meta da unidade, seja pela acomoda\u00e7\u00e3o ou pelo fanatismo.\u201d<\/p>\n<\/blockquote>\n\n<p>O Patriarca concluiu convidando \u00e0 vigil\u00e2ncia espiritual:<\/p>\n<\/p>\t\t\t\t\t\t\t\t<\/div>\n\t\t\t\t<\/div>\n\t\t\t\t\t<\/div>\n\t\t<\/div>\n\t\t\t\t\t<\/div>\n\t\t<\/section>\n\t\t\n<blockquote class=\"wp-block-quote is-layout-flow wp-block-quote-is-layout-flow\">\n<p>\u201cSe permitirmos que os espinhos sufoquem o di\u00e1logo, perderemos n\u00e3o s\u00f3 os frutos futuros, mas at\u00e9 mesmo o precioso fruto j\u00e1 colhido por nossos predecessores. Cultivemos o respeito, a honra e, sobretudo, o amor m\u00fatuo, para que cada encontro seja fonte de dons espirituais e passo concreto rumo \u00e0 unidade.\u201d<\/p>\n<\/blockquote>\n\n<h2 class=\"wp-block-heading\">Presen\u00e7as e Representa\u00e7\u00f5es<\/h2>\n\n<p>Estiveram presentes:<\/p>\n\n<ul class=\"wp-block-list\">\n<li>Arnaud du Cheyron de Beamont, representante do N\u00fancio Apost\u00f3lico na Turquia;<\/li>\n\n<li>Vartan Kirakos Kazanciyan, administrador da Eparquia Arm\u00eanio-Cat\u00f3lica;<\/li>\n\n<li>Lucian Abalintoaiei, Secret\u00e1rio-Geral da Confer\u00eancia dos Bispos Cat\u00f3licos da Turquia;<\/li>\n\n<li>Os Bispos ortodoxos Adrianos de Alikarnassos, Kassianos de Aravissos e Paisios de Xanthoupolis;<\/li>\n\n<li>O Embaixador da Gr\u00e9cia, Konstantinos Koutras;<\/li>\n\n<li>Os C\u00f4nsules-Gerais da Ucr\u00e2nia, Roman Nedilskyi, e da Mold\u00e1via, Sergiu Gurduza, com suas esposas;<\/li>\n\n<li>Cl\u00e9rigos, fi\u00e9is da cidade e peregrinos de v\u00e1rios pa\u00edses.<\/li>\n<\/ul>\n\n<h2 class=\"wp-block-heading\">Mem\u00f3ria hist\u00f3rica<\/h2>\n\n<p>Recordou-se ainda um epis\u00f3dio marcante: na d\u00e9cima comemora\u00e7\u00e3o da revoga\u00e7\u00e3o dos an\u00e1temas, em 1975, o Papa Paulo VI, num gesto inesperado e profundamente simb\u00f3lico, ajoelhou-se e beijou os p\u00e9s do chefe da delega\u00e7\u00e3o patriarcal, o saudoso Metropolita Mel\u00edton de Calced\u00f4nia. Com vis\u00edvel emo\u00e7\u00e3o, Mel\u00edton afirmou ent\u00e3o que \u201csomente um grande homem \u2014 ou um santo \u2014 poderia realizar tal gesto\u201d.<\/p>\n\t\t\t\t\t\t\t\t<\/div>\n\t\t\t\t<\/div>\n\t\t\t\t\t<\/div>\n\t\t<\/div>\n\t\t\t\t\t<\/div>\n\t\t<\/section>\n\t\t\t\t<section class=\"elementor-section elementor-top-section elementor-element elementor-element-c1865d0 elementor-section-boxed elementor-section-height-default elementor-section-height-default\" data-id=\"c1865d0\" data-element_type=\"section\" data-e-type=\"section\">\n\t\t\t\t\t\t<div class=\"elementor-container elementor-column-gap-default\">\n\t\t\t\t\t<div class=\"elementor-column elementor-col-100 elementor-top-column elementor-element elementor-element-373e904\" data-id=\"373e904\" data-element_type=\"column\" data-e-type=\"column\">\n\t\t\t<div class=\"elementor-widget-wrap elementor-element-populated\">\n\t\t\t\t\t\t<div class=\"elementor-element elementor-element-b91d6ac elementor-widget elementor-widget-image-gallery\" data-id=\"b91d6ac\" data-element_type=\"widget\" data-e-type=\"widget\" data-widget_type=\"image-gallery.default\">\n\t\t\t\t<div class=\"elementor-widget-container\">\n\t\t\t\t\t\t\t<div class=\"elementor-image-gallery\">\n\t\t\t<div id='gallery-1' class='gallery galleryid-51188 gallery-columns-6 gallery-size-thumbnail'><figure class='gallery-item'>\n\t\t\t<div class='gallery-icon landscape'>\n\t\t\t\t<a data-elementor-open-lightbox=\"yes\" data-elementor-lightbox-slideshow=\"b91d6ac\" data-elementor-lightbox-title=\"DSC02454-scaled\" data-e-action-hash=\"#elementor-action%3Aaction%3Dlightbox%26settings%3DeyJpZCI6NTExOTAsInVybCI6Imh0dHBzOlwvXC9uZXdzLmVjY2xlc2lhLm9yZy5iclwvd3AtY29udGVudFwvdXBsb2Fkc1wvMjAyNVwvMTJcL2RzYzAyNDU0LXNjYWxlZC0xLmpwZyIsInNsaWRlc2hvdyI6ImI5MWQ2YWMifQ%3D%3D\" href='https:\/\/news.ecclesia.org.br\/wp-content\/uploads\/2025\/12\/dsc02454-scaled-1.jpg'><img decoding=\"async\" width=\"150\" height=\"150\" src=\"https:\/\/news.ecclesia.org.br\/wp-content\/uploads\/2025\/12\/dsc02454-scaled-1-150x150.jpg\" class=\"attachment-thumbnail size-thumbnail\" alt=\"\" \/><\/a>\n\t\t\t<\/div><\/figure><figure class='gallery-item'>\n\t\t\t<div class='gallery-icon landscape'>\n\t\t\t\t<a data-elementor-open-lightbox=\"yes\" data-elementor-lightbox-slideshow=\"b91d6ac\" data-elementor-lightbox-title=\"DSC02471-scaled\" data-e-action-hash=\"#elementor-action%3Aaction%3Dlightbox%26settings%3DeyJpZCI6NTExOTEsInVybCI6Imh0dHBzOlwvXC9uZXdzLmVjY2xlc2lhLm9yZy5iclwvd3AtY29udGVudFwvdXBsb2Fkc1wvMjAyNVwvMTJcL2RzYzAyNDcxLXNjYWxlZC0xLmpwZyIsInNsaWRlc2hvdyI6ImI5MWQ2YWMifQ%3D%3D\" href='https:\/\/news.ecclesia.org.br\/wp-content\/uploads\/2025\/12\/dsc02471-scaled-1.jpg'><img decoding=\"async\" width=\"150\" height=\"150\" src=\"https:\/\/news.ecclesia.org.br\/wp-content\/uploads\/2025\/12\/dsc02471-scaled-1-150x150.jpg\" class=\"attachment-thumbnail size-thumbnail\" alt=\"\" \/><\/a>\n\t\t\t<\/div><\/figure><figure class='gallery-item'>\n\t\t\t<div class='gallery-icon landscape'>\n\t\t\t\t<a data-elementor-open-lightbox=\"yes\" data-elementor-lightbox-slideshow=\"b91d6ac\" data-elementor-lightbox-title=\"DSC02535-scaled\" data-e-action-hash=\"#elementor-action%3Aaction%3Dlightbox%26settings%3DeyJpZCI6NTExOTIsInVybCI6Imh0dHBzOlwvXC9uZXdzLmVjY2xlc2lhLm9yZy5iclwvd3AtY29udGVudFwvdXBsb2Fkc1wvMjAyNVwvMTJcL2RzYzAyNTM1LXNjYWxlZC0xLmpwZyIsInNsaWRlc2hvdyI6ImI5MWQ2YWMifQ%3D%3D\" href='https:\/\/news.ecclesia.org.br\/wp-content\/uploads\/2025\/12\/dsc02535-scaled-1.jpg'><img decoding=\"async\" width=\"150\" height=\"150\" src=\"https:\/\/news.ecclesia.org.br\/wp-content\/uploads\/2025\/12\/dsc02535-scaled-1-150x150.jpg\" class=\"attachment-thumbnail size-thumbnail\" alt=\"\" \/><\/a>\n\t\t\t<\/div><\/figure><figure class='gallery-item'>\n\t\t\t<div class='gallery-icon landscape'>\n\t\t\t\t<a data-elementor-open-lightbox=\"yes\" data-elementor-lightbox-slideshow=\"b91d6ac\" data-elementor-lightbox-title=\"DSC02651-scaled\" data-e-action-hash=\"#elementor-action%3Aaction%3Dlightbox%26settings%3DeyJpZCI6NTExOTMsInVybCI6Imh0dHBzOlwvXC9uZXdzLmVjY2xlc2lhLm9yZy5iclwvd3AtY29udGVudFwvdXBsb2Fkc1wvMjAyNVwvMTJcL2RzYzAyNjUxLXNjYWxlZC0xLmpwZyIsInNsaWRlc2hvdyI6ImI5MWQ2YWMifQ%3D%3D\" href='https:\/\/news.ecclesia.org.br\/wp-content\/uploads\/2025\/12\/dsc02651-scaled-1.jpg'><img loading=\"lazy\" decoding=\"async\" width=\"150\" height=\"150\" src=\"https:\/\/news.ecclesia.org.br\/wp-content\/uploads\/2025\/12\/dsc02651-scaled-1-150x150.jpg\" class=\"attachment-thumbnail size-thumbnail\" alt=\"\" \/><\/a>\n\t\t\t<\/div><\/figure><figure class='gallery-item'>\n\t\t\t<div class='gallery-icon landscape'>\n\t\t\t\t<a data-elementor-open-lightbox=\"yes\" data-elementor-lightbox-slideshow=\"b91d6ac\" data-elementor-lightbox-title=\"DSC02709-scaled\" data-e-action-hash=\"#elementor-action%3Aaction%3Dlightbox%26settings%3DeyJpZCI6NTExOTQsInVybCI6Imh0dHBzOlwvXC9uZXdzLmVjY2xlc2lhLm9yZy5iclwvd3AtY29udGVudFwvdXBsb2Fkc1wvMjAyNVwvMTJcL2RzYzAyNzA5LXNjYWxlZC0xLmpwZyIsInNsaWRlc2hvdyI6ImI5MWQ2YWMifQ%3D%3D\" href='https:\/\/news.ecclesia.org.br\/wp-content\/uploads\/2025\/12\/dsc02709-scaled-1.jpg'><img loading=\"lazy\" decoding=\"async\" width=\"150\" height=\"150\" src=\"https:\/\/news.ecclesia.org.br\/wp-content\/uploads\/2025\/12\/dsc02709-scaled-1-150x150.jpg\" class=\"attachment-thumbnail size-thumbnail\" alt=\"\" \/><\/a>\n\t\t\t<\/div><\/figure><figure class='gallery-item'>\n\t\t\t<div class='gallery-icon landscape'>\n\t\t\t\t<a data-elementor-open-lightbox=\"yes\" data-elementor-lightbox-slideshow=\"b91d6ac\" data-elementor-lightbox-title=\"DSC02717-scaled\" data-e-action-hash=\"#elementor-action%3Aaction%3Dlightbox%26settings%3DeyJpZCI6NTExOTUsInVybCI6Imh0dHBzOlwvXC9uZXdzLmVjY2xlc2lhLm9yZy5iclwvd3AtY29udGVudFwvdXBsb2Fkc1wvMjAyNVwvMTJcL2RzYzAyNzE3LXNjYWxlZC0xLmpwZyIsInNsaWRlc2hvdyI6ImI5MWQ2YWMifQ%3D%3D\" href='https:\/\/news.ecclesia.org.br\/wp-content\/uploads\/2025\/12\/dsc02717-scaled-1.jpg'><img loading=\"lazy\" decoding=\"async\" width=\"150\" height=\"150\" src=\"https:\/\/news.ecclesia.org.br\/wp-content\/uploads\/2025\/12\/dsc02717-scaled-1-150x150.jpg\" class=\"attachment-thumbnail size-thumbnail\" alt=\"\" \/><\/a>\n\t\t\t<\/div><\/figure><figure class='gallery-item'>\n\t\t\t<div class='gallery-icon landscape'>\n\t\t\t\t<a data-elementor-open-lightbox=\"yes\" data-elementor-lightbox-slideshow=\"b91d6ac\" data-elementor-lightbox-title=\"DSC02777-scaled\" data-e-action-hash=\"#elementor-action%3Aaction%3Dlightbox%26settings%3DeyJpZCI6NTExOTYsInVybCI6Imh0dHBzOlwvXC9uZXdzLmVjY2xlc2lhLm9yZy5iclwvd3AtY29udGVudFwvdXBsb2Fkc1wvMjAyNVwvMTJcL2RzYzAyNzc3LXNjYWxlZC0xLmpwZyIsInNsaWRlc2hvdyI6ImI5MWQ2YWMifQ%3D%3D\" href='https:\/\/news.ecclesia.org.br\/wp-content\/uploads\/2025\/12\/dsc02777-scaled-1.jpg'><img loading=\"lazy\" decoding=\"async\" width=\"150\" height=\"150\" src=\"https:\/\/news.ecclesia.org.br\/wp-content\/uploads\/2025\/12\/dsc02777-scaled-1-150x150.jpg\" class=\"attachment-thumbnail size-thumbnail\" alt=\"\" \/><\/a>\n\t\t\t<\/div><\/figure><figure class='gallery-item'>\n\t\t\t<div class='gallery-icon landscape'>\n\t\t\t\t<a data-elementor-open-lightbox=\"yes\" data-elementor-lightbox-slideshow=\"b91d6ac\" data-elementor-lightbox-title=\"DSC02808-scaled\" data-e-action-hash=\"#elementor-action%3Aaction%3Dlightbox%26settings%3DeyJpZCI6NTExOTcsInVybCI6Imh0dHBzOlwvXC9uZXdzLmVjY2xlc2lhLm9yZy5iclwvd3AtY29udGVudFwvdXBsb2Fkc1wvMjAyNVwvMTJcL2RzYzAyODA4LXNjYWxlZC0xLmpwZyIsInNsaWRlc2hvdyI6ImI5MWQ2YWMifQ%3D%3D\" href='https:\/\/news.ecclesia.org.br\/wp-content\/uploads\/2025\/12\/dsc02808-scaled-1.jpg'><img loading=\"lazy\" decoding=\"async\" width=\"150\" height=\"150\" src=\"https:\/\/news.ecclesia.org.br\/wp-content\/uploads\/2025\/12\/dsc02808-scaled-1-150x150.jpg\" class=\"attachment-thumbnail size-thumbnail\" alt=\"\" \/><\/a>\n\t\t\t<\/div><\/figure><figure class='gallery-item'>\n\t\t\t<div class='gallery-icon landscape'>\n\t\t\t\t<a data-elementor-open-lightbox=\"yes\" data-elementor-lightbox-slideshow=\"b91d6ac\" data-elementor-lightbox-title=\"DSC02813-scaled\" data-e-action-hash=\"#elementor-action%3Aaction%3Dlightbox%26settings%3DeyJpZCI6NTExOTgsInVybCI6Imh0dHBzOlwvXC9uZXdzLmVjY2xlc2lhLm9yZy5iclwvd3AtY29udGVudFwvdXBsb2Fkc1wvMjAyNVwvMTJcL2RzYzAyODEzLXNjYWxlZC0xLmpwZyIsInNsaWRlc2hvdyI6ImI5MWQ2YWMifQ%3D%3D\" href='https:\/\/news.ecclesia.org.br\/wp-content\/uploads\/2025\/12\/dsc02813-scaled-1.jpg'><img loading=\"lazy\" decoding=\"async\" width=\"150\" height=\"150\" src=\"https:\/\/news.ecclesia.org.br\/wp-content\/uploads\/2025\/12\/dsc02813-scaled-1-150x150.jpg\" class=\"attachment-thumbnail size-thumbnail\" alt=\"\" \/><\/a>\n\t\t\t<\/div><\/figure><figure class='gallery-item'>\n\t\t\t<div class='gallery-icon landscape'>\n\t\t\t\t<a data-elementor-open-lightbox=\"yes\" data-elementor-lightbox-slideshow=\"b91d6ac\" data-elementor-lightbox-title=\"DSC02869-scaled\" data-e-action-hash=\"#elementor-action%3Aaction%3Dlightbox%26settings%3DeyJpZCI6NTExOTksInVybCI6Imh0dHBzOlwvXC9uZXdzLmVjY2xlc2lhLm9yZy5iclwvd3AtY29udGVudFwvdXBsb2Fkc1wvMjAyNVwvMTJcL2RzYzAyODY5LXNjYWxlZC0xLmpwZyIsInNsaWRlc2hvdyI6ImI5MWQ2YWMifQ%3D%3D\" href='https:\/\/news.ecclesia.org.br\/wp-content\/uploads\/2025\/12\/dsc02869-scaled-1.jpg'><img loading=\"lazy\" decoding=\"async\" width=\"150\" height=\"150\" src=\"https:\/\/news.ecclesia.org.br\/wp-content\/uploads\/2025\/12\/dsc02869-scaled-1-150x150.jpg\" class=\"attachment-thumbnail size-thumbnail\" alt=\"\" \/><\/a>\n\t\t\t<\/div><\/figure><figure class='gallery-item'>\n\t\t\t<div class='gallery-icon landscape'>\n\t\t\t\t<a data-elementor-open-lightbox=\"yes\" data-elementor-lightbox-slideshow=\"b91d6ac\" data-elementor-lightbox-title=\"DSC02906-scaled\" data-e-action-hash=\"#elementor-action%3Aaction%3Dlightbox%26settings%3DeyJpZCI6NTEyMDAsInVybCI6Imh0dHBzOlwvXC9uZXdzLmVjY2xlc2lhLm9yZy5iclwvd3AtY29udGVudFwvdXBsb2Fkc1wvMjAyNVwvMTJcL2RzYzAyOTA2LXNjYWxlZC0xLmpwZyIsInNsaWRlc2hvdyI6ImI5MWQ2YWMifQ%3D%3D\" href='https:\/\/news.ecclesia.org.br\/wp-content\/uploads\/2025\/12\/dsc02906-scaled-1.jpg'><img loading=\"lazy\" decoding=\"async\" width=\"150\" height=\"150\" src=\"https:\/\/news.ecclesia.org.br\/wp-content\/uploads\/2025\/12\/dsc02906-scaled-1-150x150.jpg\" class=\"attachment-thumbnail size-thumbnail\" alt=\"\" \/><\/a>\n\t\t\t<\/div><\/figure><figure class='gallery-item'>\n\t\t\t<div class='gallery-icon portrait'>\n\t\t\t\t<a data-elementor-open-lightbox=\"yes\" data-elementor-lightbox-slideshow=\"b91d6ac\" data-elementor-lightbox-title=\"DSC03097-scaled\" data-e-action-hash=\"#elementor-action%3Aaction%3Dlightbox%26settings%3DeyJpZCI6NTEyMDEsInVybCI6Imh0dHBzOlwvXC9uZXdzLmVjY2xlc2lhLm9yZy5iclwvd3AtY29udGVudFwvdXBsb2Fkc1wvMjAyNVwvMTJcL2RzYzAzMDk3LXNjYWxlZC0xLmpwZyIsInNsaWRlc2hvdyI6ImI5MWQ2YWMifQ%3D%3D\" href='https:\/\/news.ecclesia.org.br\/wp-content\/uploads\/2025\/12\/dsc03097-scaled-1.jpg'><img loading=\"lazy\" decoding=\"async\" width=\"150\" height=\"150\" src=\"https:\/\/news.ecclesia.org.br\/wp-content\/uploads\/2025\/12\/dsc03097-scaled-1-150x150.jpg\" class=\"attachment-thumbnail size-thumbnail\" alt=\"\" \/><\/a>\n\t\t\t<\/div><\/figure><figure class='gallery-item'>\n\t\t\t<div class='gallery-icon landscape'>\n\t\t\t\t<a data-elementor-open-lightbox=\"yes\" data-elementor-lightbox-slideshow=\"b91d6ac\" data-elementor-lightbox-title=\"DSC03129-scaled\" data-e-action-hash=\"#elementor-action%3Aaction%3Dlightbox%26settings%3DeyJpZCI6NTEyMDIsInVybCI6Imh0dHBzOlwvXC9uZXdzLmVjY2xlc2lhLm9yZy5iclwvd3AtY29udGVudFwvdXBsb2Fkc1wvMjAyNVwvMTJcL2RzYzAzMTI5LXNjYWxlZC0xLmpwZyIsInNsaWRlc2hvdyI6ImI5MWQ2YWMifQ%3D%3D\" href='https:\/\/news.ecclesia.org.br\/wp-content\/uploads\/2025\/12\/dsc03129-scaled-1.jpg'><img loading=\"lazy\" decoding=\"async\" width=\"150\" height=\"150\" src=\"https:\/\/news.ecclesia.org.br\/wp-content\/uploads\/2025\/12\/dsc03129-scaled-1-150x150.jpg\" class=\"attachment-thumbnail size-thumbnail\" alt=\"\" \/><\/a>\n\t\t\t<\/div><\/figure><figure class='gallery-item'>\n\t\t\t<div class='gallery-icon landscape'>\n\t\t\t\t<a data-elementor-open-lightbox=\"yes\" data-elementor-lightbox-slideshow=\"b91d6ac\" data-elementor-lightbox-title=\"DSC03167-scaled\" data-e-action-hash=\"#elementor-action%3Aaction%3Dlightbox%26settings%3DeyJpZCI6NTEyMDMsInVybCI6Imh0dHBzOlwvXC9uZXdzLmVjY2xlc2lhLm9yZy5iclwvd3AtY29udGVudFwvdXBsb2Fkc1wvMjAyNVwvMTJcL2RzYzAzMTY3LXNjYWxlZC0xLmpwZyIsInNsaWRlc2hvdyI6ImI5MWQ2YWMifQ%3D%3D\" href='https:\/\/news.ecclesia.org.br\/wp-content\/uploads\/2025\/12\/dsc03167-scaled-1.jpg'><img loading=\"lazy\" decoding=\"async\" width=\"150\" height=\"150\" src=\"https:\/\/news.ecclesia.org.br\/wp-content\/uploads\/2025\/12\/dsc03167-scaled-1-150x150.jpg\" class=\"attachment-thumbnail size-thumbnail\" alt=\"\" \/><\/a>\n\t\t\t<\/div><\/figure><figure class='gallery-item'>\n\t\t\t<div class='gallery-icon landscape'>\n\t\t\t\t<a data-elementor-open-lightbox=\"yes\" data-elementor-lightbox-slideshow=\"b91d6ac\" data-elementor-lightbox-title=\"DSC03397-scaled\" data-e-action-hash=\"#elementor-action%3Aaction%3Dlightbox%26settings%3DeyJpZCI6NTEyMDQsInVybCI6Imh0dHBzOlwvXC9uZXdzLmVjY2xlc2lhLm9yZy5iclwvd3AtY29udGVudFwvdXBsb2Fkc1wvMjAyNVwvMTJcL2RzYzAzMzk3LXNjYWxlZC0xLmpwZyIsInNsaWRlc2hvdyI6ImI5MWQ2YWMifQ%3D%3D\" href='https:\/\/news.ecclesia.org.br\/wp-content\/uploads\/2025\/12\/dsc03397-scaled-1.jpg'><img loading=\"lazy\" decoding=\"async\" width=\"150\" height=\"150\" src=\"https:\/\/news.ecclesia.org.br\/wp-content\/uploads\/2025\/12\/dsc03397-scaled-1-150x150.jpg\" class=\"attachment-thumbnail size-thumbnail\" alt=\"\" \/><\/a>\n\t\t\t<\/div><\/figure><figure class='gallery-item'>\n\t\t\t<div class='gallery-icon landscape'>\n\t\t\t\t<a data-elementor-open-lightbox=\"yes\" data-elementor-lightbox-slideshow=\"b91d6ac\" data-elementor-lightbox-title=\"DSC03483-scaled\" data-e-action-hash=\"#elementor-action%3Aaction%3Dlightbox%26settings%3DeyJpZCI6NTEyMDUsInVybCI6Imh0dHBzOlwvXC9uZXdzLmVjY2xlc2lhLm9yZy5iclwvd3AtY29udGVudFwvdXBsb2Fkc1wvMjAyNVwvMTJcL2RzYzAzNDgzLXNjYWxlZC0xLmpwZyIsInNsaWRlc2hvdyI6ImI5MWQ2YWMifQ%3D%3D\" href='https:\/\/news.ecclesia.org.br\/wp-content\/uploads\/2025\/12\/dsc03483-scaled-1.jpg'><img loading=\"lazy\" decoding=\"async\" width=\"150\" height=\"150\" src=\"https:\/\/news.ecclesia.org.br\/wp-content\/uploads\/2025\/12\/dsc03483-scaled-1-150x150.jpg\" class=\"attachment-thumbnail size-thumbnail\" alt=\"\" \/><\/a>\n\t\t\t<\/div><\/figure><figure class='gallery-item'>\n\t\t\t<div class='gallery-icon portrait'>\n\t\t\t\t<a data-elementor-open-lightbox=\"yes\" data-elementor-lightbox-slideshow=\"b91d6ac\" data-elementor-lightbox-title=\"DSC03739-scaled\" data-e-action-hash=\"#elementor-action%3Aaction%3Dlightbox%26settings%3DeyJpZCI6NTEyMDYsInVybCI6Imh0dHBzOlwvXC9uZXdzLmVjY2xlc2lhLm9yZy5iclwvd3AtY29udGVudFwvdXBsb2Fkc1wvMjAyNVwvMTJcL2RzYzAzNzM5LXNjYWxlZC0xLmpwZyIsInNsaWRlc2hvdyI6ImI5MWQ2YWMifQ%3D%3D\" href='https:\/\/news.ecclesia.org.br\/wp-content\/uploads\/2025\/12\/dsc03739-scaled-1.jpg'><img loading=\"lazy\" decoding=\"async\" width=\"150\" height=\"150\" src=\"https:\/\/news.ecclesia.org.br\/wp-content\/uploads\/2025\/12\/dsc03739-scaled-1-150x150.jpg\" class=\"attachment-thumbnail size-thumbnail\" alt=\"\" \/><\/a>\n\t\t\t<\/div><\/figure><figure class='gallery-item'>\n\t\t\t<div class='gallery-icon portrait'>\n\t\t\t\t<a data-elementor-open-lightbox=\"yes\" data-elementor-lightbox-slideshow=\"b91d6ac\" data-elementor-lightbox-title=\"DSC03749-scaled\" data-e-action-hash=\"#elementor-action%3Aaction%3Dlightbox%26settings%3DeyJpZCI6NTEyMDcsInVybCI6Imh0dHBzOlwvXC9uZXdzLmVjY2xlc2lhLm9yZy5iclwvd3AtY29udGVudFwvdXBsb2Fkc1wvMjAyNVwvMTJcL2RzYzAzNzQ5LXNjYWxlZC0xLmpwZyIsInNsaWRlc2hvdyI6ImI5MWQ2YWMifQ%3D%3D\" href='https:\/\/news.ecclesia.org.br\/wp-content\/uploads\/2025\/12\/dsc03749-scaled-1.jpg'><img loading=\"lazy\" decoding=\"async\" width=\"150\" height=\"150\" src=\"https:\/\/news.ecclesia.org.br\/wp-content\/uploads\/2025\/12\/dsc03749-scaled-1-150x150.jpg\" class=\"attachment-thumbnail size-thumbnail\" alt=\"\" \/><\/a>\n\t\t\t<\/div><\/figure><figure class='gallery-item'>\n\t\t\t<div class='gallery-icon landscape'>\n\t\t\t\t<a data-elementor-open-lightbox=\"yes\" data-elementor-lightbox-slideshow=\"b91d6ac\" data-elementor-lightbox-title=\"DSC03834-scaled\" data-e-action-hash=\"#elementor-action%3Aaction%3Dlightbox%26settings%3DeyJpZCI6NTEyMDgsInVybCI6Imh0dHBzOlwvXC9uZXdzLmVjY2xlc2lhLm9yZy5iclwvd3AtY29udGVudFwvdXBsb2Fkc1wvMjAyNVwvMTJcL2RzYzAzODM0LXNjYWxlZC0xLmpwZyIsInNsaWRlc2hvdyI6ImI5MWQ2YWMifQ%3D%3D\" href='https:\/\/news.ecclesia.org.br\/wp-content\/uploads\/2025\/12\/dsc03834-scaled-1.jpg'><img loading=\"lazy\" decoding=\"async\" width=\"150\" height=\"150\" src=\"https:\/\/news.ecclesia.org.br\/wp-content\/uploads\/2025\/12\/dsc03834-scaled-1-150x150.jpg\" class=\"attachment-thumbnail size-thumbnail\" alt=\"\" \/><\/a>\n\t\t\t<\/div><\/figure><figure class='gallery-item'>\n\t\t\t<div class='gallery-icon landscape'>\n\t\t\t\t<a data-elementor-open-lightbox=\"yes\" data-elementor-lightbox-slideshow=\"b91d6ac\" data-elementor-lightbox-title=\"DSC04010-scaled\" data-e-action-hash=\"#elementor-action%3Aaction%3Dlightbox%26settings%3DeyJpZCI6NTEyMDksInVybCI6Imh0dHBzOlwvXC9uZXdzLmVjY2xlc2lhLm9yZy5iclwvd3AtY29udGVudFwvdXBsb2Fkc1wvMjAyNVwvMTJcL2RzYzA0MDEwLXNjYWxlZC0xLmpwZyIsInNsaWRlc2hvdyI6ImI5MWQ2YWMifQ%3D%3D\" href='https:\/\/news.ecclesia.org.br\/wp-content\/uploads\/2025\/12\/dsc04010-scaled-1.jpg'><img loading=\"lazy\" decoding=\"async\" width=\"150\" height=\"150\" src=\"https:\/\/news.ecclesia.org.br\/wp-content\/uploads\/2025\/12\/dsc04010-scaled-1-150x150.jpg\" class=\"attachment-thumbnail size-thumbnail\" alt=\"\" \/><\/a>\n\t\t\t<\/div><\/figure><figure class='gallery-item'>\n\t\t\t<div class='gallery-icon landscape'>\n\t\t\t\t<a data-elementor-open-lightbox=\"yes\" data-elementor-lightbox-slideshow=\"b91d6ac\" data-elementor-lightbox-title=\"DSC04053-scaled\" data-e-action-hash=\"#elementor-action%3Aaction%3Dlightbox%26settings%3DeyJpZCI6NTEyMTAsInVybCI6Imh0dHBzOlwvXC9uZXdzLmVjY2xlc2lhLm9yZy5iclwvd3AtY29udGVudFwvdXBsb2Fkc1wvMjAyNVwvMTJcL2RzYzA0MDUzLXNjYWxlZC0xLmpwZyIsInNsaWRlc2hvdyI6ImI5MWQ2YWMifQ%3D%3D\" href='https:\/\/news.ecclesia.org.br\/wp-content\/uploads\/2025\/12\/dsc04053-scaled-1.jpg'><img loading=\"lazy\" decoding=\"async\" width=\"150\" height=\"150\" src=\"https:\/\/news.ecclesia.org.br\/wp-content\/uploads\/2025\/12\/dsc04053-scaled-1-150x150.jpg\" class=\"attachment-thumbnail size-thumbnail\" alt=\"\" \/><\/a>\n\t\t\t<\/div><\/figure>\n\t\t<\/div>\n\t\t<\/div>\n\t\t\t\t\t\t<\/div>\n\t\t\t\t<\/div>\n\t\t\t\t<div class=\"elementor-element elementor-element-21eab8e elementor-widget elementor-widget-text-editor\" data-id=\"21eab8e\" data-element_type=\"widget\" data-e-type=\"widget\" data-widget_type=\"text-editor.default\">\n\t\t\t\t<div class=\"elementor-widget-container\">\n\t\t\t\t\t\t\t\t\t<p><strong>Fotos<\/strong>: Nikos Papachr\u00edstou<br \/><strong>Fonte<\/strong>: <a href=\"https:\/\/ec-patr.org\/to-oikoymeniko-patriarcheio-timise-ti\/\">https:\/\/ec-patr.org\/to-oikoymeniko-patriarcheio-timise-ti\/<\/a><\/p>\n<p><\/p>\n<p><!-- wp:paragraph --><\/p>\t\t\t\t\t\t\t\t<\/div>\n\t\t\t\t<\/div>\n\t\t\t\t\t<\/div>\n\t\t<\/div>\n\t\t\t\t\t<\/div>\n\t\t<\/section>\n\t\t\t\t<\/div>\n\t\t","protected":false},"excerpt":{"rendered":"<p>O Patriarcado Ecum\u00eanico celebrou, no domingo 7 de dezembro, os 60 anos da revoga\u00e7\u00e3o dos an\u00e1temas de 1054, marco decisivo no caminho da reconcilia\u00e7\u00e3o entre Constantinopla e Roma. O Patriarca Bartolomeu presidiu a Divina Liturgia no Fanar e recordou o gesto prof\u00e9tico de Paulo VI e Aten\u00e1goras, que abriu uma nova etapa de di\u00e1logo e caridade entre as Igrejas. Em sua homilia, convidou a perseverar no caminho da unidade, resistindo \u00e0s tenta\u00e7\u00f5es do isolamento e da indiferen\u00e7a. Participaram hierarcas, diplomatas e fi\u00e9is da Cidade e do exterior, em um momento de profunda mem\u00f3ria e esperan\u00e7a para o futuro das rela\u00e7\u00f5es intercrist\u00e3s.<\/p>\n","protected":false},"author":1,"featured_media":51202,"comment_status":"open","ping_status":"open","sticky":false,"template":"","format":"standard","meta":{"_acf_changed":false,"footnotes":""},"categories":[2711,2817,1,72],"tags":[],"class_list":["post-51188","post","type-post","status-publish","format-standard","has-post-thumbnail","hentry","category-dialogo-e-fe","category-igreja-de-roma","category-news","category-patriarcado-ecumenico","entry","rows-excerpt"],"acf":[],"yoast_head":"<!-- This site is optimized with the Yoast SEO plugin v27.4 - https:\/\/yoast.com\/product\/yoast-seo-wordpress\/ -->\n<title>O Patriarcado Ecum\u00eanico celebra os 60 anos da revoga\u00e7\u00e3o dos An\u00e1temas de 1054 | ECCLESIA NEWS<\/title>\n<meta name=\"robots\" content=\"index, follow, max-snippet:-1, max-image-preview:large, max-video-preview:-1\" \/>\n<link rel=\"canonical\" href=\"https:\/\/news.ecclesia.org.br\/?p=51188\" \/>\n<meta property=\"og:locale\" content=\"pt_BR\" \/>\n<meta property=\"og:type\" content=\"article\" \/>\n<meta property=\"og:title\" content=\"O Patriarcado Ecum\u00eanico celebra os 60 anos da revoga\u00e7\u00e3o dos An\u00e1temas de 1054 | ECCLESIA NEWS\" \/>\n<meta property=\"og:description\" content=\"O Patriarcado Ecum\u00eanico celebrou, no domingo 7 de dezembro, os 60 anos da revoga\u00e7\u00e3o dos an\u00e1temas de 1054, marco decisivo no caminho da reconcilia\u00e7\u00e3o entre Constantinopla e Roma. O Patriarca Bartolomeu presidiu a Divina Liturgia no Fanar e recordou o gesto prof\u00e9tico de Paulo VI e Aten\u00e1goras, que abriu uma nova etapa de di\u00e1logo e caridade entre as Igrejas. Em sua homilia, convidou a perseverar no caminho da unidade, resistindo \u00e0s tenta\u00e7\u00f5es do isolamento e da indiferen\u00e7a. Participaram hierarcas, diplomatas e fi\u00e9is da Cidade e do exterior, em um momento de profunda mem\u00f3ria e esperan\u00e7a para o futuro das rela\u00e7\u00f5es intercrist\u00e3s.\" \/>\n<meta property=\"og:url\" content=\"https:\/\/news.ecclesia.org.br\/?p=51188\" \/>\n<meta property=\"og:site_name\" content=\"ECCLESIA NEWS\" \/>\n<meta property=\"article:publisher\" content=\"https:\/\/www.facebook.com\/Ecclesia2025\" \/>\n<meta property=\"article:published_time\" content=\"2025-12-08T19:34:08+00:00\" \/>\n<meta property=\"article:modified_time\" content=\"2025-12-08T19:42:05+00:00\" \/>\n<meta property=\"og:image\" content=\"https:\/\/news.ecclesia.org.br\/wp-content\/uploads\/2025\/12\/dsc03129-scaled-1.jpg\" \/>\n\t<meta property=\"og:image:width\" content=\"720\" \/>\n\t<meta property=\"og:image:height\" content=\"480\" \/>\n\t<meta property=\"og:image:type\" content=\"image\/jpeg\" \/>\n<meta name=\"author\" content=\"Pe. Andr\u00e9\" \/>\n<meta name=\"twitter:card\" content=\"summary_large_image\" \/>\n<meta name=\"twitter:creator\" content=\"@EcclesiaNews\" \/>\n<meta name=\"twitter:site\" content=\"@EcclesiaNews\" \/>\n<meta name=\"twitter:label1\" content=\"Escrito por\" \/>\n\t<meta name=\"twitter:data1\" content=\"Pe. Andr\u00e9\" \/>\n\t<meta name=\"twitter:label2\" content=\"Est. tempo de leitura\" \/>\n\t<meta name=\"twitter:data2\" content=\"7 minutos\" \/>\n<script type=\"application\/ld+json\" class=\"yoast-schema-graph\">{\"@context\":\"https:\\\/\\\/schema.org\",\"@graph\":[{\"@type\":\"Article\",\"@id\":\"https:\\\/\\\/news.ecclesia.org.br\\\/?p=51188#article\",\"isPartOf\":{\"@id\":\"https:\\\/\\\/news.ecclesia.org.br\\\/?p=51188\"},\"author\":{\"name\":\"Pe. Andr\u00e9\",\"@id\":\"https:\\\/\\\/news.ecclesia.org.br\\\/#\\\/schema\\\/person\\\/6f09597f025829745ba414a569f63758\"},\"headline\":\"O Patriarcado Ecum\u00eanico celebra os 60 anos da revoga\u00e7\u00e3o dos An\u00e1temas de 1054\",\"datePublished\":\"2025-12-08T19:34:08+00:00\",\"dateModified\":\"2025-12-08T19:42:05+00:00\",\"mainEntityOfPage\":{\"@id\":\"https:\\\/\\\/news.ecclesia.org.br\\\/?p=51188\"},\"wordCount\":699,\"commentCount\":0,\"publisher\":{\"@id\":\"https:\\\/\\\/news.ecclesia.org.br\\\/#organization\"},\"image\":{\"@id\":\"https:\\\/\\\/news.ecclesia.org.br\\\/?p=51188#primaryimage\"},\"thumbnailUrl\":\"https:\\\/\\\/news.ecclesia.org.br\\\/wp-content\\\/uploads\\\/2025\\\/12\\\/dsc03129-scaled-1.jpg\",\"articleSection\":[\"Di\u00e1logo e F\u00e9\",\"Igreja de Roma\",\"NEWS\",\"Patriarcado Ecum\u00eanico\"],\"inLanguage\":\"pt-BR\",\"potentialAction\":[{\"@type\":\"CommentAction\",\"name\":\"Comment\",\"target\":[\"https:\\\/\\\/news.ecclesia.org.br\\\/?p=51188#respond\"]}]},{\"@type\":\"WebPage\",\"@id\":\"https:\\\/\\\/news.ecclesia.org.br\\\/?p=51188\",\"url\":\"https:\\\/\\\/news.ecclesia.org.br\\\/?p=51188\",\"name\":\"O Patriarcado Ecum\u00eanico celebra os 60 anos da revoga\u00e7\u00e3o dos An\u00e1temas de 1054 | ECCLESIA NEWS\",\"isPartOf\":{\"@id\":\"https:\\\/\\\/news.ecclesia.org.br\\\/#website\"},\"primaryImageOfPage\":{\"@id\":\"https:\\\/\\\/news.ecclesia.org.br\\\/?p=51188#primaryimage\"},\"image\":{\"@id\":\"https:\\\/\\\/news.ecclesia.org.br\\\/?p=51188#primaryimage\"},\"thumbnailUrl\":\"https:\\\/\\\/news.ecclesia.org.br\\\/wp-content\\\/uploads\\\/2025\\\/12\\\/dsc03129-scaled-1.jpg\",\"datePublished\":\"2025-12-08T19:34:08+00:00\",\"dateModified\":\"2025-12-08T19:42:05+00:00\",\"breadcrumb\":{\"@id\":\"https:\\\/\\\/news.ecclesia.org.br\\\/?p=51188#breadcrumb\"},\"inLanguage\":\"pt-BR\",\"potentialAction\":[{\"@type\":\"ReadAction\",\"target\":[\"https:\\\/\\\/news.ecclesia.org.br\\\/?p=51188\"]}]},{\"@type\":\"ImageObject\",\"inLanguage\":\"pt-BR\",\"@id\":\"https:\\\/\\\/news.ecclesia.org.br\\\/?p=51188#primaryimage\",\"url\":\"https:\\\/\\\/news.ecclesia.org.br\\\/wp-content\\\/uploads\\\/2025\\\/12\\\/dsc03129-scaled-1.jpg\",\"contentUrl\":\"https:\\\/\\\/news.ecclesia.org.br\\\/wp-content\\\/uploads\\\/2025\\\/12\\\/dsc03129-scaled-1.jpg\",\"width\":720,\"height\":480},{\"@type\":\"BreadcrumbList\",\"@id\":\"https:\\\/\\\/news.ecclesia.org.br\\\/?p=51188#breadcrumb\",\"itemListElement\":[{\"@type\":\"ListItem\",\"position\":1,\"name\":\"In\u00edcio\",\"item\":\"https:\\\/\\\/news.ecclesia.org.br\\\/\"},{\"@type\":\"ListItem\",\"position\":2,\"name\":\"O Patriarcado Ecum\u00eanico celebra os 60 anos da revoga\u00e7\u00e3o dos An\u00e1temas de 1054\"}]},{\"@type\":\"WebSite\",\"@id\":\"https:\\\/\\\/news.ecclesia.org.br\\\/#website\",\"url\":\"https:\\\/\\\/news.ecclesia.org.br\\\/\",\"name\":\"Ecclesia Brasil\",\"description\":\"Desde 2003 onectando o Brasil ao mundo ortodoxo!\",\"publisher\":{\"@id\":\"https:\\\/\\\/news.ecclesia.org.br\\\/#organization\"},\"alternateName\":\"Ecclesia\",\"potentialAction\":[{\"@type\":\"SearchAction\",\"target\":{\"@type\":\"EntryPoint\",\"urlTemplate\":\"https:\\\/\\\/news.ecclesia.org.br\\\/?s={search_term_string}\"},\"query-input\":{\"@type\":\"PropertyValueSpecification\",\"valueRequired\":true,\"valueName\":\"search_term_string\"}}],\"inLanguage\":\"pt-BR\"},{\"@type\":\"Organization\",\"@id\":\"https:\\\/\\\/news.ecclesia.org.br\\\/#organization\",\"name\":\"Sacra Arquidiocese de Buenos Aires e Am\u00e9rica do Sul | Patriarcado Ecum\u00eanico\",\"alternateName\":\"News Ecclesia Brasil\",\"url\":\"https:\\\/\\\/news.ecclesia.org.br\\\/\",\"logo\":{\"@type\":\"ImageObject\",\"inLanguage\":\"pt-BR\",\"@id\":\"https:\\\/\\\/news.ecclesia.org.br\\\/#\\\/schema\\\/logo\\\/image\\\/\",\"url\":\"https:\\\/\\\/news.ecclesia.org.br\\\/wp-content\\\/uploads\\\/2025\\\/05\\\/ecclesia2.png\",\"contentUrl\":\"https:\\\/\\\/news.ecclesia.org.br\\\/wp-content\\\/uploads\\\/2025\\\/05\\\/ecclesia2.png\",\"width\":480,\"height\":120,\"caption\":\"Sacra Arquidiocese de Buenos Aires e Am\u00e9rica do Sul | Patriarcado Ecum\u00eanico\"},\"image\":{\"@id\":\"https:\\\/\\\/news.ecclesia.org.br\\\/#\\\/schema\\\/logo\\\/image\\\/\"},\"sameAs\":[\"https:\\\/\\\/www.facebook.com\\\/Ecclesia2025\",\"https:\\\/\\\/x.com\\\/EcclesiaNews\",\"https:\\\/\\\/br.pinterest.com\\\/ekklisia\\\/\",\"https:\\\/\\\/www.youtube.com\\\/@EcclesiaBrasil\"]},{\"@type\":\"Person\",\"@id\":\"https:\\\/\\\/news.ecclesia.org.br\\\/#\\\/schema\\\/person\\\/6f09597f025829745ba414a569f63758\",\"name\":\"Pe. Andr\u00e9\",\"image\":{\"@type\":\"ImageObject\",\"inLanguage\":\"pt-BR\",\"@id\":\"https:\\\/\\\/secure.gravatar.com\\\/avatar\\\/b4327cfa27e9799da239a26adcd534fc29cdc0c4a4a148eecbcfeb9b42c617ac?s=96&d=mm&r=g\",\"url\":\"https:\\\/\\\/secure.gravatar.com\\\/avatar\\\/b4327cfa27e9799da239a26adcd534fc29cdc0c4a4a148eecbcfeb9b42c617ac?s=96&d=mm&r=g\",\"contentUrl\":\"https:\\\/\\\/secure.gravatar.com\\\/avatar\\\/b4327cfa27e9799da239a26adcd534fc29cdc0c4a4a148eecbcfeb9b42c617ac?s=96&d=mm&r=g\",\"caption\":\"Pe. Andr\u00e9\"},\"sameAs\":[\"https:\\\/\\\/www.ecclesia.org.br\"]}]}<\/script>\n<!-- \/ Yoast SEO plugin. -->","yoast_head_json":{"title":"O Patriarcado Ecum\u00eanico celebra os 60 anos da revoga\u00e7\u00e3o dos An\u00e1temas de 1054 | ECCLESIA NEWS","robots":{"index":"index","follow":"follow","max-snippet":"max-snippet:-1","max-image-preview":"max-image-preview:large","max-video-preview":"max-video-preview:-1"},"canonical":"https:\/\/news.ecclesia.org.br\/?p=51188","og_locale":"pt_BR","og_type":"article","og_title":"O Patriarcado Ecum\u00eanico celebra os 60 anos da revoga\u00e7\u00e3o dos An\u00e1temas de 1054 | ECCLESIA NEWS","og_description":"O Patriarcado Ecum\u00eanico celebrou, no domingo 7 de dezembro, os 60 anos da revoga\u00e7\u00e3o dos an\u00e1temas de 1054, marco decisivo no caminho da reconcilia\u00e7\u00e3o entre Constantinopla e Roma. O Patriarca Bartolomeu presidiu a Divina Liturgia no Fanar e recordou o gesto prof\u00e9tico de Paulo VI e Aten\u00e1goras, que abriu uma nova etapa de di\u00e1logo e caridade entre as Igrejas. Em sua homilia, convidou a perseverar no caminho da unidade, resistindo \u00e0s tenta\u00e7\u00f5es do isolamento e da indiferen\u00e7a. Participaram hierarcas, diplomatas e fi\u00e9is da Cidade e do exterior, em um momento de profunda mem\u00f3ria e esperan\u00e7a para o futuro das rela\u00e7\u00f5es intercrist\u00e3s.","og_url":"https:\/\/news.ecclesia.org.br\/?p=51188","og_site_name":"ECCLESIA NEWS","article_publisher":"https:\/\/www.facebook.com\/Ecclesia2025","article_published_time":"2025-12-08T19:34:08+00:00","article_modified_time":"2025-12-08T19:42:05+00:00","og_image":[{"width":720,"height":480,"url":"https:\/\/news.ecclesia.org.br\/wp-content\/uploads\/2025\/12\/dsc03129-scaled-1.jpg","type":"image\/jpeg"}],"author":"Pe. Andr\u00e9","twitter_card":"summary_large_image","twitter_creator":"@EcclesiaNews","twitter_site":"@EcclesiaNews","twitter_misc":{"Escrito por":"Pe. Andr\u00e9","Est. tempo de leitura":"7 minutos"},"schema":{"@context":"https:\/\/schema.org","@graph":[{"@type":"Article","@id":"https:\/\/news.ecclesia.org.br\/?p=51188#article","isPartOf":{"@id":"https:\/\/news.ecclesia.org.br\/?p=51188"},"author":{"name":"Pe. Andr\u00e9","@id":"https:\/\/news.ecclesia.org.br\/#\/schema\/person\/6f09597f025829745ba414a569f63758"},"headline":"O Patriarcado Ecum\u00eanico celebra os 60 anos da revoga\u00e7\u00e3o dos An\u00e1temas de 1054","datePublished":"2025-12-08T19:34:08+00:00","dateModified":"2025-12-08T19:42:05+00:00","mainEntityOfPage":{"@id":"https:\/\/news.ecclesia.org.br\/?p=51188"},"wordCount":699,"commentCount":0,"publisher":{"@id":"https:\/\/news.ecclesia.org.br\/#organization"},"image":{"@id":"https:\/\/news.ecclesia.org.br\/?p=51188#primaryimage"},"thumbnailUrl":"https:\/\/news.ecclesia.org.br\/wp-content\/uploads\/2025\/12\/dsc03129-scaled-1.jpg","articleSection":["Di\u00e1logo e F\u00e9","Igreja de Roma","NEWS","Patriarcado Ecum\u00eanico"],"inLanguage":"pt-BR","potentialAction":[{"@type":"CommentAction","name":"Comment","target":["https:\/\/news.ecclesia.org.br\/?p=51188#respond"]}]},{"@type":"WebPage","@id":"https:\/\/news.ecclesia.org.br\/?p=51188","url":"https:\/\/news.ecclesia.org.br\/?p=51188","name":"O Patriarcado Ecum\u00eanico celebra os 60 anos da revoga\u00e7\u00e3o dos An\u00e1temas de 1054 | ECCLESIA NEWS","isPartOf":{"@id":"https:\/\/news.ecclesia.org.br\/#website"},"primaryImageOfPage":{"@id":"https:\/\/news.ecclesia.org.br\/?p=51188#primaryimage"},"image":{"@id":"https:\/\/news.ecclesia.org.br\/?p=51188#primaryimage"},"thumbnailUrl":"https:\/\/news.ecclesia.org.br\/wp-content\/uploads\/2025\/12\/dsc03129-scaled-1.jpg","datePublished":"2025-12-08T19:34:08+00:00","dateModified":"2025-12-08T19:42:05+00:00","breadcrumb":{"@id":"https:\/\/news.ecclesia.org.br\/?p=51188#breadcrumb"},"inLanguage":"pt-BR","potentialAction":[{"@type":"ReadAction","target":["https:\/\/news.ecclesia.org.br\/?p=51188"]}]},{"@type":"ImageObject","inLanguage":"pt-BR","@id":"https:\/\/news.ecclesia.org.br\/?p=51188#primaryimage","url":"https:\/\/news.ecclesia.org.br\/wp-content\/uploads\/2025\/12\/dsc03129-scaled-1.jpg","contentUrl":"https:\/\/news.ecclesia.org.br\/wp-content\/uploads\/2025\/12\/dsc03129-scaled-1.jpg","width":720,"height":480},{"@type":"BreadcrumbList","@id":"https:\/\/news.ecclesia.org.br\/?p=51188#breadcrumb","itemListElement":[{"@type":"ListItem","position":1,"name":"In\u00edcio","item":"https:\/\/news.ecclesia.org.br\/"},{"@type":"ListItem","position":2,"name":"O Patriarcado Ecum\u00eanico celebra os 60 anos da revoga\u00e7\u00e3o dos An\u00e1temas de 1054"}]},{"@type":"WebSite","@id":"https:\/\/news.ecclesia.org.br\/#website","url":"https:\/\/news.ecclesia.org.br\/","name":"Ecclesia Brasil","description":"Desde 2003 onectando o Brasil ao mundo ortodoxo!","publisher":{"@id":"https:\/\/news.ecclesia.org.br\/#organization"},"alternateName":"Ecclesia","potentialAction":[{"@type":"SearchAction","target":{"@type":"EntryPoint","urlTemplate":"https:\/\/news.ecclesia.org.br\/?s={search_term_string}"},"query-input":{"@type":"PropertyValueSpecification","valueRequired":true,"valueName":"search_term_string"}}],"inLanguage":"pt-BR"},{"@type":"Organization","@id":"https:\/\/news.ecclesia.org.br\/#organization","name":"Sacra Arquidiocese de Buenos Aires e Am\u00e9rica do Sul | Patriarcado Ecum\u00eanico","alternateName":"News Ecclesia Brasil","url":"https:\/\/news.ecclesia.org.br\/","logo":{"@type":"ImageObject","inLanguage":"pt-BR","@id":"https:\/\/news.ecclesia.org.br\/#\/schema\/logo\/image\/","url":"https:\/\/news.ecclesia.org.br\/wp-content\/uploads\/2025\/05\/ecclesia2.png","contentUrl":"https:\/\/news.ecclesia.org.br\/wp-content\/uploads\/2025\/05\/ecclesia2.png","width":480,"height":120,"caption":"Sacra Arquidiocese de Buenos Aires e Am\u00e9rica do Sul | Patriarcado Ecum\u00eanico"},"image":{"@id":"https:\/\/news.ecclesia.org.br\/#\/schema\/logo\/image\/"},"sameAs":["https:\/\/www.facebook.com\/Ecclesia2025","https:\/\/x.com\/EcclesiaNews","https:\/\/br.pinterest.com\/ekklisia\/","https:\/\/www.youtube.com\/@EcclesiaBrasil"]},{"@type":"Person","@id":"https:\/\/news.ecclesia.org.br\/#\/schema\/person\/6f09597f025829745ba414a569f63758","name":"Pe. Andr\u00e9","image":{"@type":"ImageObject","inLanguage":"pt-BR","@id":"https:\/\/secure.gravatar.com\/avatar\/b4327cfa27e9799da239a26adcd534fc29cdc0c4a4a148eecbcfeb9b42c617ac?s=96&d=mm&r=g","url":"https:\/\/secure.gravatar.com\/avatar\/b4327cfa27e9799da239a26adcd534fc29cdc0c4a4a148eecbcfeb9b42c617ac?s=96&d=mm&r=g","contentUrl":"https:\/\/secure.gravatar.com\/avatar\/b4327cfa27e9799da239a26adcd534fc29cdc0c4a4a148eecbcfeb9b42c617ac?s=96&d=mm&r=g","caption":"Pe. Andr\u00e9"},"sameAs":["https:\/\/www.ecclesia.org.br"]}]}},"_links":{"self":[{"href":"https:\/\/news.ecclesia.org.br\/index.php?rest_route=\/wp\/v2\/posts\/51188","targetHints":{"allow":["GET"]}}],"collection":[{"href":"https:\/\/news.ecclesia.org.br\/index.php?rest_route=\/wp\/v2\/posts"}],"about":[{"href":"https:\/\/news.ecclesia.org.br\/index.php?rest_route=\/wp\/v2\/types\/post"}],"author":[{"embeddable":true,"href":"https:\/\/news.ecclesia.org.br\/index.php?rest_route=\/wp\/v2\/users\/1"}],"replies":[{"embeddable":true,"href":"https:\/\/news.ecclesia.org.br\/index.php?rest_route=%2Fwp%2Fv2%2Fcomments&post=51188"}],"version-history":[{"count":7,"href":"https:\/\/news.ecclesia.org.br\/index.php?rest_route=\/wp\/v2\/posts\/51188\/revisions"}],"predecessor-version":[{"id":51217,"href":"https:\/\/news.ecclesia.org.br\/index.php?rest_route=\/wp\/v2\/posts\/51188\/revisions\/51217"}],"wp:featuredmedia":[{"embeddable":true,"href":"https:\/\/news.ecclesia.org.br\/index.php?rest_route=\/wp\/v2\/media\/51202"}],"wp:attachment":[{"href":"https:\/\/news.ecclesia.org.br\/index.php?rest_route=%2Fwp%2Fv2%2Fmedia&parent=51188"}],"wp:term":[{"taxonomy":"category","embeddable":true,"href":"https:\/\/news.ecclesia.org.br\/index.php?rest_route=%2Fwp%2Fv2%2Fcategories&post=51188"},{"taxonomy":"post_tag","embeddable":true,"href":"https:\/\/news.ecclesia.org.br\/index.php?rest_route=%2Fwp%2Fv2%2Ftags&post=51188"}],"curies":[{"name":"wp","href":"https:\/\/api.w.org\/{rel}","templated":true}]}}