{"id":51176,"date":"2025-12-03T10:09:36","date_gmt":"2025-12-03T13:09:36","guid":{"rendered":"https:\/\/news.ecclesia.org.br\/?p=51176"},"modified":"2025-12-03T10:39:06","modified_gmt":"2025-12-03T13:39:06","slug":"encontro-historico-entre-o-patriarca-ecumenico-e-o-papa","status":"publish","type":"post","link":"https:\/\/news.ecclesia.org.br\/?p=51176","title":{"rendered":"Encontro Hist\u00f3rico entre o Patriarca Ecum\u00eanico e o Papa"},"content":{"rendered":"\t\t<div data-elementor-type=\"wp-post\" data-elementor-id=\"51176\" class=\"elementor elementor-51176\">\n\t\t\t\t\t\t<section class=\"elementor-section elementor-top-section elementor-element elementor-element-e2d8bca elementor-section-boxed elementor-section-height-default elementor-section-height-default\" data-id=\"e2d8bca\" data-element_type=\"section\" data-e-type=\"section\">\n\t\t\t\t\t\t<div class=\"elementor-container elementor-column-gap-default\">\n\t\t\t\t\t<div class=\"elementor-column elementor-col-100 elementor-top-column elementor-element elementor-element-df7d8f6\" data-id=\"df7d8f6\" data-element_type=\"column\" data-e-type=\"column\">\n\t\t\t<div class=\"elementor-widget-wrap elementor-element-populated\">\n\t\t\t\t\t\t<div class=\"elementor-element elementor-element-6355a73 elementor-widget elementor-widget-text-editor\" data-id=\"6355a73\" data-element_type=\"widget\" data-e-type=\"widget\" data-widget_type=\"text-editor.default\">\n\t\t\t\t<div class=\"elementor-widget-container\">\n\t\t\t\t\t\t\t\t\t<article class=\"ecclesia-news-article\"><header>\n<p class=\"news-date\" style=\"text-align: right;\">3 de dezembro de 2025<\/p>\n<h1>Konstantinos Zorb\u00e1s sobre o encontro hist\u00f3rico entre o Patriarca e o Papa<\/h1>\n<h2>A unidade como exig\u00eancia ontol\u00f3gica do mundo contempor\u00e2neo<\/h2>\n<p class=\"news-author\"><strong>Por Dr. Konstantinos V. Zorb\u00e1s<\/strong><br \/>Diretor-Geral da Academia Ortodoxa de Creta<br \/>Presidente da Associa\u00e7\u00e3o dos Te\u00f3logos de Creta<\/p>\n<p class=\"news-source\"><span style=\"font-size: 1.3125em;\">Encontro hist\u00f3rico do Patriarca Ecum\u00eanico Bartolomeu e do Papa Le\u00e3o XIV<\/span><\/p>\n<\/header>\n<section>\n<p>A recente e hist\u00f3rica reuni\u00e3o do Patriarca Ecum\u00eanico Bartolomeu com o Papa Le\u00e3o XIV \u2014 em Ancara (como evento pol\u00edtico), em Niceia da Bit\u00ednia e no Fanar \u2014 constitui um marco tanto da hist\u00f3ria da Igreja quanto da hist\u00f3ria mundial, carregado de mensagens para o ser humano do s\u00e9culo XXI. Trata-se da <strong>primeira viagem apost\u00f3lica<\/strong> do Pont\u00edfice, uma viagem ousada, iniciada simbolicamente na grande ponte sobre os Dardanelos em dire\u00e7\u00e3o ao Oriente M\u00e9dio, especificamente ao L\u00edbano, s\u00edmbolo da uni\u00e3o entre Oriente e Ocidente. Assim, o novo Papa manifesta suas prioridades na regi\u00e3o do Mediterr\u00e2neo Oriental, repleta de desafios e marcada por conflitos que fazem sangrar seus povos.<\/p>\n<p>O <strong>dec\u00e1logo de mensagens<\/strong> que se segue oferece respostas \u00e0s inquieta\u00e7\u00f5es de todo ser humano pensante, que \u2014 seja como cidad\u00e3o, seja como fiel \u2014 olha esperan\u00e7oso para o futuro, evitando repetir os erros do passado e buscando a unidade \u00abde todo o universo\u00bb.<\/p>\n<\/section>\n<section>\n<h2>1. Unidade como mem\u00f3ria e como futuro<\/h2>\n<p>Quando o Papa entrou no Fanar e falou da emo\u00e7\u00e3o de seguir os passos de seus predecessores (1979, 2006, 2014), tocou uma verdade profunda: a hist\u00f3ria da Igreja n\u00e3o \u00e9 uma cadeia de fatos, mas um <strong>lugar de mem\u00f3ria<\/strong>. E a mem\u00f3ria, na tradi\u00e7\u00e3o eclesial, n\u00e3o \u00e9 passado; \u00e9 presente vivo que suspende a for\u00e7a do esquecimento.<\/p>\n<p>A reuni\u00e3o entre os dois l\u00edderes carrega esse duplo peso: honra aqueles que ousaram a aproxima\u00e7\u00e3o no passado e, ao mesmo tempo, convoca para um futuro em que a unidade n\u00e3o seja s\u00edmbolo, mas realidade.<\/p>\n<p>A recita\u00e7\u00e3o conjunta do <strong>Credo de Niceia sem o <em>filioque<\/em><\/strong> n\u00e3o \u00e9 apenas gesto de prud\u00eancia teol\u00f3gica. \u00c9 um ato de \u00abrecorda\u00e7\u00e3o da unidade\u00bb \u2014 uma mem\u00f3ria que n\u00e3o remete \u00e0 nostalgia, mas \u00e0 profecia. O ser humano \u00e9 \u00abser da expectativa\u00bb, e aqui esta verdade se manifesta plenamente: a Igreja, como comunidade da esperan\u00e7a, \u00e9 chamada a <strong>lembrar o seu futuro<\/strong>.<\/p>\n<\/section>\n<section>\n<h2>2. O Primeiro Conc\u00edli\u03bf Ecum\u00eanico de Niceia como arqu\u00e9tipo<\/h2>\n<p>A ida dos dois l\u00edderes a Niceia n\u00e3o foi uma simples cerim\u00f4nia comemorativa, mas uma busca do <strong>arqu\u00e9tipo da unidade<\/strong>. Os Padres de Niceia n\u00e3o formularam o Credo como texto te\u00f3rico, mas como confiss\u00e3o existencial de uma verdade que dava sentido \u00e0 vida comum.<\/p>\n<p>O Credo n\u00e3o \u00e9 manifesto ideol\u00f3gico, mas <strong>defini\u00e7\u00e3o eclesiol\u00f3gica do futuro<\/strong> \u2014 e n\u00e3o do passado.<\/p>\n<p>Hoje, quando a palavra se separa da comunidade e a verdade se reduz \u00e0 opini\u00e3o pessoal, o retorno a esse arqu\u00e9tipo funciona como contraproposta: <strong>a verdade n\u00e3o existe sem comunh\u00e3o<\/strong>. A unidade n\u00e3o decorre de acordos institucionais, mas \u00e9 fruto de uma rela\u00e7\u00e3o ontol\u00f3gica fundada na liberdade e no amor, n\u00e3o na imposi\u00e7\u00e3o.<\/p>\n<p>O Patriarca Bartolomeu, ao convidar os fi\u00e9is \u00aba escutar todas as vozes que clamam por unidade\u00bb, expressa uma posi\u00e7\u00e3o profundamente teol\u00f3gica: a unidade \u00e9 uma polifonia que rejeita o ru\u00eddo da disc\u00f3rdia e busca a harmonia da conc\u00f3rdia. N\u00e3o \u00e9 uniformidade, mas <strong>sinfonia<\/strong>; n\u00e3o \u00e9 homogeneidade, mas conviv\u00eancia.<\/p>\n<\/section>\n<section>\n<h2>3. O di\u00e1logo como supera\u00e7\u00e3o da viol\u00eancia<\/h2>\n<p>Na declara\u00e7\u00e3o conjunta, os dois Primazes rejeitaram explicitamente o uso da religi\u00e3o como instrumento de viol\u00eancia, num mundo dominado por estrat\u00e9gias militares, econ\u00f4micas e geopol\u00edticas que configuram o que o Papa Francisco chamou de \u00abuma Terceira Guerra Mundial em peda\u00e7os\u00bb.<\/p>\n<p>No plano filos\u00f3fico, essa posi\u00e7\u00e3o expressa uma convic\u00e7\u00e3o crist\u00e3: <strong>a verdade n\u00e3o se imp\u00f5e, oferece-se<\/strong>. A viol\u00eancia nasce do medo; o di\u00e1logo \u00e9 express\u00e3o de liberdade. A tradi\u00e7\u00e3o eclesi\u00e1stica sabe que a viol\u00eancia n\u00e3o transforma, apenas subjuga.<\/p>\n<p>Filosoficamente, isso encontra eco em Emmanuel L\u00e9vinas (1906\u20131995): o Outro nunca pode ser objeto, \u00e9 portador de um infinito que me convoca \u00e0 responsabilidade \u00e9tica. Assim, o di\u00e1logo entre as Igrejas n\u00e3o \u00e9 apenas debate teol\u00f3gico: \u00e9 espa\u00e7o onde o Outro se torna portador de manifesta\u00e7\u00e3o divina. A acolhida do Outro, mesmo na diferen\u00e7a, \u00e9 ato teol\u00f3gico porque \u00e9 ato de amor.<\/p>\n<\/section>\n<section>\n<h2>4. O caminho das duas Igrejas<\/h2>\n<p>A hist\u00f3ria das rela\u00e7\u00f5es entre Roma e Constantinopla lembra o que Alexandros Papadiamantis chamou de \u00ab<em>milagre lento<\/em>\u00bb. Foram necess\u00e1rios s\u00e9culos para remover os an\u00e1temas; mais ainda para reconstruir a confian\u00e7a. Na teologia, o tempo n\u00e3o se mede pela rapidez da pol\u00edtica, mas pela <strong>matura\u00e7\u00e3o espiritual<\/strong>.<\/p>\n<p>O di\u00e1logo come\u00e7ou como \u00abdi\u00e1logo do amor\u00bb e prosseguiu como \u00abdi\u00e1logo da verdade\u00bb, porque n\u00e3o h\u00e1 verdade sem amor, nem amor sem verdade.<\/p>\n<p>Os dois l\u00edderes caminham n\u00e3o para um acordo f\u00e1cil, mas para uma sinceridade que exige coragem para contemplar as feridas da hist\u00f3ria.<\/p>\n<p>Falando sobre Halki e as dificuldades do Patriarcado na Turquia, o Patriarca Bartolomeu mencionou \u00abpaci\u00eancia, esperan\u00e7a e ora\u00e7\u00e3o\u00bb. Estas tr\u00eas palavras exprimem uma verdadeira <strong>teologia do tempo<\/strong>: paci\u00eancia n\u00e3o \u00e9 passividade, mas confian\u00e7a; esperan\u00e7a n\u00e3o \u00e9 ingenuidade, mas modo de ser; ora\u00e7\u00e3o n\u00e3o \u00e9 fuga, mas a\u00e7\u00e3o espiritual profunda.<\/p>\n<\/section>\n<section>\n<h2>5. A unidade como exig\u00eancia do mundo contempor\u00e2neo<\/h2>\n<p>O que torna este encontro t\u00e3o decisivo n\u00e3o \u00e9 apenas sua dimens\u00e3o teol\u00f3gica: \u00e9 que ele se oferece ao mundo como <strong>modo alternativo de vida<\/strong>.<\/p>\n<p>O ser humano moderno vive fragmentado: politicamente, socialmente, psicologicamente. A era digital promete conex\u00e3o, mas produz isolamento. As identidades tornam-se campos de batalha.<\/p>\n<p>A unidade proposta pelos dois l\u00edderes resiste a essa l\u00f3gica: unidade sem elimina\u00e7\u00e3o da alteridade, comunh\u00e3o sem destrui\u00e7\u00e3o da diferen\u00e7a. \u00c9 o que Hegel chamaria de <strong>reconcilia\u00e7\u00e3o<\/strong> \u2014 s\u00edntese n\u00e3o da uniformiza\u00e7\u00e3o, mas do reconhecimento m\u00fatuo.<\/p>\n<p>Assim, o encontro fala n\u00e3o s\u00f3 aos crist\u00e3os, mas a todos os que buscam sentido al\u00e9m do ru\u00eddo da \u00e9poca. A unidade, como exig\u00eancia ontol\u00f3gica, \u00e9 chamado a um modo de existir em que o Outro n\u00e3o \u00e9 amea\u00e7a, mas possibilidade.<\/p>\n<\/section>\n<section>\n<h2>6. A unidade como disciplina espiritual<\/h2>\n<p>A reuni\u00e3o entre Bartolomeu e Le\u00e3o XIV n\u00e3o \u00e9 imagem de triunfo, mas de <strong>ascese<\/strong>. A unidade n\u00e3o se conquista com declara\u00e7\u00f5es, mas com esfor\u00e7o di\u00e1rio, humildade, ren\u00fancia ao ego\u00edsmo pessoal, eclesial e cultural.<\/p>\n<p>Cada encontro, cada ora\u00e7\u00e3o conjunta, cada refer\u00eancia a Niceia como p\u00e1tria comum da f\u00e9 \u00e9 uma pequena abertura do mundo para a verdade. Num mundo habituado \u00e0 divis\u00e3o, a unidade surge como <strong>ato de resist\u00eancia<\/strong>.<\/p>\n<p>\u00c9 tamb\u00e9m tentativa de as Igrejas se reapresentarem ao mundo do Sul Global, promovendo mudan\u00e7a de consci\u00eancias (<em>metanoia<\/em>) e valores evang\u00e9licos num mundo que exalta o t\u00f3xico como virtude.<\/p>\n<\/section>\n<section>\n<h2>7. A unidade como pedagogia<\/h2>\n<p>A unidade educa o olhar. Numa \u00e9poca de vis\u00e3o superficial e fragmentada, a reuni\u00e3o dos dois Primazes \u00e9 convite a \u00abver de novo\u00bb.<\/p>\n<p>Patriarca e Papa recordam que a unidade exige ver o Outro como pessoa, n\u00e3o como representante de um sistema.<\/p>\n<p>Ortodoxos e cat\u00f3licos convergem no n\u00facleo da antropologia crist\u00e3: o homem \u00e9 <strong>imagem de Deus<\/strong>. E a imagem s\u00f3 \u00e9 reconhecida \u00e0 luz \u2014 esta luz \u00e9 a unidade.<\/p>\n<p>Maurice Merleau-Ponty (1908\u20131961) falou de uma \u00abvisibilidade que toca\u00bb: a unidade \u00e9 esta forma de contato em que a rela\u00e7\u00e3o precede o julgamento.<\/p>\n<\/section>\n<section>\n<h2>8. Unidade diante das dores do mundo<\/h2>\n<p>Os dois l\u00edderes se encontraram num momento em que o mundo sofre com guerras, crises sociais e exaust\u00e3o existencial. A refer\u00eancia aos refugiados, \u00e0s crian\u00e7as feridas e \u00e0s comunidades destru\u00eddas n\u00e3o \u00e9 adorno ret\u00f3rico \u2014 \u00e9 central.<\/p>\n<p>A unidade torna-se <strong>diaconia<\/strong>. N\u00e3o se limita ao dogma, mas se encarna na filantropia. A Igreja deve ser \u00ablugar de cura\u00bb, como dizia Jo\u00e3o Cris\u00f3stomo \u2014 das feridas espirituais e tamb\u00e9m das sociais.<\/p>\n<p>Num mundo em que a injusti\u00e7a \u00e9 tolerada e a esperan\u00e7a escassa, a unidade oferece testemunho silencioso e poderoso: o ser humano n\u00e3o est\u00e1 abandonado; a hist\u00f3ria n\u00e3o \u00e9 um beco sem sa\u00edda; a caridade ainda pode transformar o espa\u00e7o p\u00fablico.<\/p>\n<\/section>\n<section>\n<h2>9. Unidade como supera\u00e7\u00e3o criativa da hist\u00f3ria<\/h2>\n<p>Surge uma pergunta profunda: <strong>pode a hist\u00f3ria ser superada?<\/strong><\/p>\n<p>As feridas do passado permanecem, mas a unidade prop\u00f5e uma nova rela\u00e7\u00e3o com o tempo. A teologia sabe que h\u00e1 tempo linear e <em>kair\u00f3s<\/em> \u2014 tempo oportuno. O encontro parece ativar esse tempo: n\u00e3o elimina o passado, mas o transforma.<\/p>\n<p>Paul Ricoeur (1913\u20132005) falou da \u00abreformula\u00e7\u00e3o cont\u00ednua\u00bb da tradi\u00e7\u00e3o. Assim, a unidade n\u00e3o \u00e9 amn\u00e9sia, mas recria\u00e7\u00e3o reconciliada. At\u00e9 o tema do <strong>c\u00f4mputo comum da P\u00e1scoa<\/strong>, conforme a Primeira Conc\u00edli\u03bf de Niceia (325), reaparece como express\u00e3o dessa busca.<\/p>\n<\/section>\n<section>\n<h2>10. A unidade como abertura ao desconhecido<\/h2>\n<p>Por fim, a unidade \u00e9 sempre <strong>abertura<\/strong>: ao Deus desconhecido e ao ser humano imprevis\u00edvel.<\/p>\n<p>N\u00e3o est\u00e1 conclu\u00edda; \u00e9 caminho, \u00eaxodo de si, entrada num espa\u00e7o onde o Outro se torna irm\u00e3o. O encontro n\u00e3o traz todas as respostas, mas traz o essencial: <strong>a promessa de continuidade<\/strong>, de di\u00e1logo paciente e pastoral, evitando precipita\u00e7\u00f5es que criem novos cismas.<\/p>\n<p>\u00c9 confian\u00e7a no Esp\u00edrito Santo que age at\u00e9 quando n\u00e3o o percebemos. Num mundo que teme o desconhecido, a unidade convida a transform\u00e1-lo n\u00e3o em amea\u00e7a, mas em <strong>gra\u00e7a<\/strong>.<\/p>\n<\/section>\n<section>\n<h2>Conclus\u00e3o<\/h2>\n<p>Numa \u00e9poca em que a divis\u00e3o se tornou quase condi\u00e7\u00e3o existencial, o encontro entre o Patriarca Bartolomeu e o Papa Le\u00e3o XIV revela-se acontecimento de peso teol\u00f3gico, filos\u00f3fico e espiritual. N\u00e3o \u00e9 simples reuni\u00e3o diplom\u00e1tica: \u00e9 convite \u00e0 reconcilia\u00e7\u00e3o, \u00e0 convers\u00e3o, \u00e0 redescoberta da unidade como <strong>modo de exist\u00eancia<\/strong>.<\/p>\n<p>A Igreja \u2014 iluminada por Cristo e pelo Evangelho \u2014 \u00e9 chamada a intervir nas quest\u00f5es sociais e pol\u00edticas, defendendo a dignidade humana, a justi\u00e7a e a unidade.<\/p>\n<p>A unidade deixa de ser apenas pedido das Igrejas: torna-se <strong>proposta para o ser humano, para o mundo e para a pr\u00f3pria forma da vida<\/strong>.<\/p>\n<\/section>\n<\/article>\t\t\t\t\t\t\t\t<\/div>\n\t\t\t\t<\/div>\n\t\t\t\t\t<\/div>\n\t\t<\/div>\n\t\t\t\t\t<\/div>\n\t\t<\/section>\n\t\t\t\t<section class=\"elementor-section elementor-top-section elementor-element elementor-element-bd1af6b elementor-section-boxed elementor-section-height-default elementor-section-height-default\" data-id=\"bd1af6b\" data-element_type=\"section\" data-e-type=\"section\">\n\t\t\t\t\t\t<div class=\"elementor-container elementor-column-gap-default\">\n\t\t\t\t\t<div class=\"elementor-column elementor-col-100 elementor-top-column elementor-element elementor-element-0ad6f5e\" data-id=\"0ad6f5e\" data-element_type=\"column\" data-e-type=\"column\">\n\t\t\t<div class=\"elementor-widget-wrap elementor-element-populated\">\n\t\t\t\t\t\t<div class=\"elementor-element elementor-element-4ce63ba elementor-widget elementor-widget-text-editor\" data-id=\"4ce63ba\" data-element_type=\"widget\" data-e-type=\"widget\" data-widget_type=\"text-editor.default\">\n\t\t\t\t<div class=\"elementor-widget-container\">\n\t\t\t\t\t\t\t\t\t<p>Fonte: <a href=\"https:\/\/fosfanariou.gr\/index.php\/2025\/12\/03\/keimeno-konst-zorba-gia-episkepsi-patr-kai-papa\/\" target=\"_blank\" rel=\"noopener\">\u03a6\u1ff6\u03c2 \u03a6\u03b1\u03bd\u03b1\u03c1\u03af\u03bf\u03c5<\/a> (F\u00f3s Phanarion)<\/p>\t\t\t\t\t\t\t\t<\/div>\n\t\t\t\t<\/div>\n\t\t\t\t\t<\/div>\n\t\t<\/div>\n\t\t\t\t\t<\/div>\n\t\t<\/section>\n\t\t\t\t<\/div>\n\t\t","protected":false},"excerpt":{"rendered":"<p>Encontro hist\u00f3rico no Fanar<\/p>\n<p>O Patriarca Ecum\u00eanico Bartolomeu e o Papa Le\u00e3o XIV reuniram-se em Ancara, Niceia e no Fanar, reafirmando a unidade como exig\u00eancia espiritual e humana para o mundo de hoje.<br \/>\nAn\u00e1lise por Dr. Konstantinos V. Zorb\u00e1s \u2014 Fonte: \u03a6\u1ff6\u03c2 \u03a6\u03b1\u03bd\u03b1\u03c1\u03af\u03bf\u03c5 (F\u00f3s Phanarion).<\/p>\n","protected":false},"author":1,"featured_media":51118,"comment_status":"open","ping_status":"open","sticky":false,"template":"","format":"standard","meta":{"_acf_changed":false,"footnotes":""},"categories":[2711,2817],"tags":[],"class_list":["post-51176","post","type-post","status-publish","format-standard","has-post-thumbnail","hentry","category-dialogo-e-fe","category-igreja-de-roma","entry","rows-excerpt"],"acf":[],"yoast_head":"<!-- This site is optimized with the Yoast SEO plugin v27.5 - https:\/\/yoast.com\/product\/yoast-seo-wordpress\/ -->\n<title>Encontro Hist\u00f3rico entre o Patriarca Ecum\u00eanico e o Papa | ECCLESIA NEWS<\/title>\n<meta name=\"robots\" content=\"index, follow, max-snippet:-1, max-image-preview:large, max-video-preview:-1\" \/>\n<link rel=\"canonical\" href=\"https:\/\/news.ecclesia.org.br\/?p=51176\" \/>\n<meta property=\"og:locale\" content=\"pt_BR\" \/>\n<meta property=\"og:type\" content=\"article\" \/>\n<meta property=\"og:title\" content=\"Encontro Hist\u00f3rico entre o Patriarca Ecum\u00eanico e o Papa | ECCLESIA NEWS\" \/>\n<meta property=\"og:description\" content=\"Encontro hist\u00f3rico no Fanar O Patriarca Ecum\u00eanico Bartolomeu e o Papa Le\u00e3o XIV reuniram-se em Ancara, Niceia e no Fanar, reafirmando a unidade como exig\u00eancia espiritual e humana para o mundo de hoje. An\u00e1lise por Dr. Konstantinos V. Zorb\u00e1s \u2014 Fonte: \u03a6\u1ff6\u03c2 \u03a6\u03b1\u03bd\u03b1\u03c1\u03af\u03bf\u03c5 (F\u00f3s Phanarion).\" \/>\n<meta property=\"og:url\" content=\"https:\/\/news.ecclesia.org.br\/?p=51176\" \/>\n<meta property=\"og:site_name\" content=\"ECCLESIA NEWS\" \/>\n<meta property=\"article:publisher\" content=\"https:\/\/www.facebook.com\/Ecclesia2025\" \/>\n<meta property=\"article:published_time\" content=\"2025-12-03T13:09:36+00:00\" \/>\n<meta property=\"article:modified_time\" content=\"2025-12-03T13:39:06+00:00\" \/>\n<meta property=\"og:image\" content=\"https:\/\/news.ecclesia.org.br\/wp-content\/uploads\/2025\/12\/251130fanari07.jpg\" \/>\n\t<meta property=\"og:image:width\" content=\"960\" \/>\n\t<meta property=\"og:image:height\" content=\"640\" \/>\n\t<meta property=\"og:image:type\" content=\"image\/jpeg\" \/>\n<meta name=\"author\" content=\"Pe. Andr\u00e9\" \/>\n<meta name=\"twitter:card\" content=\"summary_large_image\" \/>\n<meta name=\"twitter:creator\" content=\"@EcclesiaNews\" \/>\n<meta name=\"twitter:site\" content=\"@EcclesiaNews\" \/>\n<meta name=\"twitter:label1\" content=\"Escrito por\" \/>\n\t<meta name=\"twitter:data1\" content=\"Pe. Andr\u00e9\" \/>\n\t<meta name=\"twitter:label2\" content=\"Est. tempo de leitura\" \/>\n\t<meta name=\"twitter:data2\" content=\"9 minutos\" \/>\n<script type=\"application\/ld+json\" class=\"yoast-schema-graph\">{\"@context\":\"https:\\\/\\\/schema.org\",\"@graph\":[{\"@type\":\"Article\",\"@id\":\"https:\\\/\\\/news.ecclesia.org.br\\\/?p=51176#article\",\"isPartOf\":{\"@id\":\"https:\\\/\\\/news.ecclesia.org.br\\\/?p=51176\"},\"author\":{\"name\":\"Pe. Andr\u00e9\",\"@id\":\"https:\\\/\\\/news.ecclesia.org.br\\\/#\\\/schema\\\/person\\\/6f09597f025829745ba414a569f63758\"},\"headline\":\"Encontro Hist\u00f3rico entre o Patriarca Ecum\u00eanico e o Papa\",\"datePublished\":\"2025-12-03T13:09:36+00:00\",\"dateModified\":\"2025-12-03T13:39:06+00:00\",\"mainEntityOfPage\":{\"@id\":\"https:\\\/\\\/news.ecclesia.org.br\\\/?p=51176\"},\"wordCount\":1765,\"commentCount\":0,\"publisher\":{\"@id\":\"https:\\\/\\\/news.ecclesia.org.br\\\/#organization\"},\"image\":{\"@id\":\"https:\\\/\\\/news.ecclesia.org.br\\\/?p=51176#primaryimage\"},\"thumbnailUrl\":\"https:\\\/\\\/news.ecclesia.org.br\\\/wp-content\\\/uploads\\\/2025\\\/12\\\/251130fanari07.jpg\",\"articleSection\":[\"Di\u00e1logo e F\u00e9\",\"Igreja de Roma\"],\"inLanguage\":\"pt-BR\",\"potentialAction\":[{\"@type\":\"CommentAction\",\"name\":\"Comment\",\"target\":[\"https:\\\/\\\/news.ecclesia.org.br\\\/?p=51176#respond\"]}]},{\"@type\":\"WebPage\",\"@id\":\"https:\\\/\\\/news.ecclesia.org.br\\\/?p=51176\",\"url\":\"https:\\\/\\\/news.ecclesia.org.br\\\/?p=51176\",\"name\":\"Encontro Hist\u00f3rico entre o Patriarca Ecum\u00eanico e o Papa | ECCLESIA NEWS\",\"isPartOf\":{\"@id\":\"https:\\\/\\\/news.ecclesia.org.br\\\/#website\"},\"primaryImageOfPage\":{\"@id\":\"https:\\\/\\\/news.ecclesia.org.br\\\/?p=51176#primaryimage\"},\"image\":{\"@id\":\"https:\\\/\\\/news.ecclesia.org.br\\\/?p=51176#primaryimage\"},\"thumbnailUrl\":\"https:\\\/\\\/news.ecclesia.org.br\\\/wp-content\\\/uploads\\\/2025\\\/12\\\/251130fanari07.jpg\",\"datePublished\":\"2025-12-03T13:09:36+00:00\",\"dateModified\":\"2025-12-03T13:39:06+00:00\",\"breadcrumb\":{\"@id\":\"https:\\\/\\\/news.ecclesia.org.br\\\/?p=51176#breadcrumb\"},\"inLanguage\":\"pt-BR\",\"potentialAction\":[{\"@type\":\"ReadAction\",\"target\":[\"https:\\\/\\\/news.ecclesia.org.br\\\/?p=51176\"]}]},{\"@type\":\"ImageObject\",\"inLanguage\":\"pt-BR\",\"@id\":\"https:\\\/\\\/news.ecclesia.org.br\\\/?p=51176#primaryimage\",\"url\":\"https:\\\/\\\/news.ecclesia.org.br\\\/wp-content\\\/uploads\\\/2025\\\/12\\\/251130fanari07.jpg\",\"contentUrl\":\"https:\\\/\\\/news.ecclesia.org.br\\\/wp-content\\\/uploads\\\/2025\\\/12\\\/251130fanari07.jpg\",\"width\":960,\"height\":640},{\"@type\":\"BreadcrumbList\",\"@id\":\"https:\\\/\\\/news.ecclesia.org.br\\\/?p=51176#breadcrumb\",\"itemListElement\":[{\"@type\":\"ListItem\",\"position\":1,\"name\":\"In\u00edcio\",\"item\":\"https:\\\/\\\/news.ecclesia.org.br\\\/\"},{\"@type\":\"ListItem\",\"position\":2,\"name\":\"Encontro Hist\u00f3rico entre o Patriarca Ecum\u00eanico e o Papa\"}]},{\"@type\":\"WebSite\",\"@id\":\"https:\\\/\\\/news.ecclesia.org.br\\\/#website\",\"url\":\"https:\\\/\\\/news.ecclesia.org.br\\\/\",\"name\":\"Ecclesia Brasil\",\"description\":\"Desde 2003 onectando o Brasil ao mundo ortodoxo!\",\"publisher\":{\"@id\":\"https:\\\/\\\/news.ecclesia.org.br\\\/#organization\"},\"alternateName\":\"Ecclesia\",\"potentialAction\":[{\"@type\":\"SearchAction\",\"target\":{\"@type\":\"EntryPoint\",\"urlTemplate\":\"https:\\\/\\\/news.ecclesia.org.br\\\/?s={search_term_string}\"},\"query-input\":{\"@type\":\"PropertyValueSpecification\",\"valueRequired\":true,\"valueName\":\"search_term_string\"}}],\"inLanguage\":\"pt-BR\"},{\"@type\":\"Organization\",\"@id\":\"https:\\\/\\\/news.ecclesia.org.br\\\/#organization\",\"name\":\"Sacra Arquidiocese de Buenos Aires e Am\u00e9rica do Sul | Patriarcado Ecum\u00eanico\",\"alternateName\":\"News Ecclesia Brasil\",\"url\":\"https:\\\/\\\/news.ecclesia.org.br\\\/\",\"logo\":{\"@type\":\"ImageObject\",\"inLanguage\":\"pt-BR\",\"@id\":\"https:\\\/\\\/news.ecclesia.org.br\\\/#\\\/schema\\\/logo\\\/image\\\/\",\"url\":\"https:\\\/\\\/news.ecclesia.org.br\\\/wp-content\\\/uploads\\\/2025\\\/05\\\/ecclesia2.png\",\"contentUrl\":\"https:\\\/\\\/news.ecclesia.org.br\\\/wp-content\\\/uploads\\\/2025\\\/05\\\/ecclesia2.png\",\"width\":480,\"height\":120,\"caption\":\"Sacra Arquidiocese de Buenos Aires e Am\u00e9rica do Sul | Patriarcado Ecum\u00eanico\"},\"image\":{\"@id\":\"https:\\\/\\\/news.ecclesia.org.br\\\/#\\\/schema\\\/logo\\\/image\\\/\"},\"sameAs\":[\"https:\\\/\\\/www.facebook.com\\\/Ecclesia2025\",\"https:\\\/\\\/x.com\\\/EcclesiaNews\",\"https:\\\/\\\/br.pinterest.com\\\/ekklisia\\\/\",\"https:\\\/\\\/www.youtube.com\\\/@EcclesiaBrasil\"]},{\"@type\":\"Person\",\"@id\":\"https:\\\/\\\/news.ecclesia.org.br\\\/#\\\/schema\\\/person\\\/6f09597f025829745ba414a569f63758\",\"name\":\"Pe. Andr\u00e9\",\"image\":{\"@type\":\"ImageObject\",\"inLanguage\":\"pt-BR\",\"@id\":\"https:\\\/\\\/secure.gravatar.com\\\/avatar\\\/b4327cfa27e9799da239a26adcd534fc29cdc0c4a4a148eecbcfeb9b42c617ac?s=96&d=mm&r=g\",\"url\":\"https:\\\/\\\/secure.gravatar.com\\\/avatar\\\/b4327cfa27e9799da239a26adcd534fc29cdc0c4a4a148eecbcfeb9b42c617ac?s=96&d=mm&r=g\",\"contentUrl\":\"https:\\\/\\\/secure.gravatar.com\\\/avatar\\\/b4327cfa27e9799da239a26adcd534fc29cdc0c4a4a148eecbcfeb9b42c617ac?s=96&d=mm&r=g\",\"caption\":\"Pe. Andr\u00e9\"},\"sameAs\":[\"https:\\\/\\\/www.ecclesia.org.br\"]}]}<\/script>\n<!-- \/ Yoast SEO plugin. -->","yoast_head_json":{"title":"Encontro Hist\u00f3rico entre o Patriarca Ecum\u00eanico e o Papa | ECCLESIA NEWS","robots":{"index":"index","follow":"follow","max-snippet":"max-snippet:-1","max-image-preview":"max-image-preview:large","max-video-preview":"max-video-preview:-1"},"canonical":"https:\/\/news.ecclesia.org.br\/?p=51176","og_locale":"pt_BR","og_type":"article","og_title":"Encontro Hist\u00f3rico entre o Patriarca Ecum\u00eanico e o Papa | ECCLESIA NEWS","og_description":"Encontro hist\u00f3rico no Fanar O Patriarca Ecum\u00eanico Bartolomeu e o Papa Le\u00e3o XIV reuniram-se em Ancara, Niceia e no Fanar, reafirmando a unidade como exig\u00eancia espiritual e humana para o mundo de hoje. An\u00e1lise por Dr. Konstantinos V. Zorb\u00e1s \u2014 Fonte: \u03a6\u1ff6\u03c2 \u03a6\u03b1\u03bd\u03b1\u03c1\u03af\u03bf\u03c5 (F\u00f3s Phanarion).","og_url":"https:\/\/news.ecclesia.org.br\/?p=51176","og_site_name":"ECCLESIA NEWS","article_publisher":"https:\/\/www.facebook.com\/Ecclesia2025","article_published_time":"2025-12-03T13:09:36+00:00","article_modified_time":"2025-12-03T13:39:06+00:00","og_image":[{"width":960,"height":640,"url":"https:\/\/news.ecclesia.org.br\/wp-content\/uploads\/2025\/12\/251130fanari07.jpg","type":"image\/jpeg"}],"author":"Pe. Andr\u00e9","twitter_card":"summary_large_image","twitter_creator":"@EcclesiaNews","twitter_site":"@EcclesiaNews","twitter_misc":{"Escrito por":"Pe. Andr\u00e9","Est. tempo de leitura":"9 minutos"},"schema":{"@context":"https:\/\/schema.org","@graph":[{"@type":"Article","@id":"https:\/\/news.ecclesia.org.br\/?p=51176#article","isPartOf":{"@id":"https:\/\/news.ecclesia.org.br\/?p=51176"},"author":{"name":"Pe. Andr\u00e9","@id":"https:\/\/news.ecclesia.org.br\/#\/schema\/person\/6f09597f025829745ba414a569f63758"},"headline":"Encontro Hist\u00f3rico entre o Patriarca Ecum\u00eanico e o Papa","datePublished":"2025-12-03T13:09:36+00:00","dateModified":"2025-12-03T13:39:06+00:00","mainEntityOfPage":{"@id":"https:\/\/news.ecclesia.org.br\/?p=51176"},"wordCount":1765,"commentCount":0,"publisher":{"@id":"https:\/\/news.ecclesia.org.br\/#organization"},"image":{"@id":"https:\/\/news.ecclesia.org.br\/?p=51176#primaryimage"},"thumbnailUrl":"https:\/\/news.ecclesia.org.br\/wp-content\/uploads\/2025\/12\/251130fanari07.jpg","articleSection":["Di\u00e1logo e F\u00e9","Igreja de Roma"],"inLanguage":"pt-BR","potentialAction":[{"@type":"CommentAction","name":"Comment","target":["https:\/\/news.ecclesia.org.br\/?p=51176#respond"]}]},{"@type":"WebPage","@id":"https:\/\/news.ecclesia.org.br\/?p=51176","url":"https:\/\/news.ecclesia.org.br\/?p=51176","name":"Encontro Hist\u00f3rico entre o Patriarca Ecum\u00eanico e o Papa | ECCLESIA NEWS","isPartOf":{"@id":"https:\/\/news.ecclesia.org.br\/#website"},"primaryImageOfPage":{"@id":"https:\/\/news.ecclesia.org.br\/?p=51176#primaryimage"},"image":{"@id":"https:\/\/news.ecclesia.org.br\/?p=51176#primaryimage"},"thumbnailUrl":"https:\/\/news.ecclesia.org.br\/wp-content\/uploads\/2025\/12\/251130fanari07.jpg","datePublished":"2025-12-03T13:09:36+00:00","dateModified":"2025-12-03T13:39:06+00:00","breadcrumb":{"@id":"https:\/\/news.ecclesia.org.br\/?p=51176#breadcrumb"},"inLanguage":"pt-BR","potentialAction":[{"@type":"ReadAction","target":["https:\/\/news.ecclesia.org.br\/?p=51176"]}]},{"@type":"ImageObject","inLanguage":"pt-BR","@id":"https:\/\/news.ecclesia.org.br\/?p=51176#primaryimage","url":"https:\/\/news.ecclesia.org.br\/wp-content\/uploads\/2025\/12\/251130fanari07.jpg","contentUrl":"https:\/\/news.ecclesia.org.br\/wp-content\/uploads\/2025\/12\/251130fanari07.jpg","width":960,"height":640},{"@type":"BreadcrumbList","@id":"https:\/\/news.ecclesia.org.br\/?p=51176#breadcrumb","itemListElement":[{"@type":"ListItem","position":1,"name":"In\u00edcio","item":"https:\/\/news.ecclesia.org.br\/"},{"@type":"ListItem","position":2,"name":"Encontro Hist\u00f3rico entre o Patriarca Ecum\u00eanico e o Papa"}]},{"@type":"WebSite","@id":"https:\/\/news.ecclesia.org.br\/#website","url":"https:\/\/news.ecclesia.org.br\/","name":"Ecclesia Brasil","description":"Desde 2003 onectando o Brasil ao mundo ortodoxo!","publisher":{"@id":"https:\/\/news.ecclesia.org.br\/#organization"},"alternateName":"Ecclesia","potentialAction":[{"@type":"SearchAction","target":{"@type":"EntryPoint","urlTemplate":"https:\/\/news.ecclesia.org.br\/?s={search_term_string}"},"query-input":{"@type":"PropertyValueSpecification","valueRequired":true,"valueName":"search_term_string"}}],"inLanguage":"pt-BR"},{"@type":"Organization","@id":"https:\/\/news.ecclesia.org.br\/#organization","name":"Sacra Arquidiocese de Buenos Aires e Am\u00e9rica do Sul | Patriarcado Ecum\u00eanico","alternateName":"News Ecclesia Brasil","url":"https:\/\/news.ecclesia.org.br\/","logo":{"@type":"ImageObject","inLanguage":"pt-BR","@id":"https:\/\/news.ecclesia.org.br\/#\/schema\/logo\/image\/","url":"https:\/\/news.ecclesia.org.br\/wp-content\/uploads\/2025\/05\/ecclesia2.png","contentUrl":"https:\/\/news.ecclesia.org.br\/wp-content\/uploads\/2025\/05\/ecclesia2.png","width":480,"height":120,"caption":"Sacra Arquidiocese de Buenos Aires e Am\u00e9rica do Sul | Patriarcado Ecum\u00eanico"},"image":{"@id":"https:\/\/news.ecclesia.org.br\/#\/schema\/logo\/image\/"},"sameAs":["https:\/\/www.facebook.com\/Ecclesia2025","https:\/\/x.com\/EcclesiaNews","https:\/\/br.pinterest.com\/ekklisia\/","https:\/\/www.youtube.com\/@EcclesiaBrasil"]},{"@type":"Person","@id":"https:\/\/news.ecclesia.org.br\/#\/schema\/person\/6f09597f025829745ba414a569f63758","name":"Pe. Andr\u00e9","image":{"@type":"ImageObject","inLanguage":"pt-BR","@id":"https:\/\/secure.gravatar.com\/avatar\/b4327cfa27e9799da239a26adcd534fc29cdc0c4a4a148eecbcfeb9b42c617ac?s=96&d=mm&r=g","url":"https:\/\/secure.gravatar.com\/avatar\/b4327cfa27e9799da239a26adcd534fc29cdc0c4a4a148eecbcfeb9b42c617ac?s=96&d=mm&r=g","contentUrl":"https:\/\/secure.gravatar.com\/avatar\/b4327cfa27e9799da239a26adcd534fc29cdc0c4a4a148eecbcfeb9b42c617ac?s=96&d=mm&r=g","caption":"Pe. Andr\u00e9"},"sameAs":["https:\/\/www.ecclesia.org.br"]}]}},"_links":{"self":[{"href":"https:\/\/news.ecclesia.org.br\/index.php?rest_route=\/wp\/v2\/posts\/51176","targetHints":{"allow":["GET"]}}],"collection":[{"href":"https:\/\/news.ecclesia.org.br\/index.php?rest_route=\/wp\/v2\/posts"}],"about":[{"href":"https:\/\/news.ecclesia.org.br\/index.php?rest_route=\/wp\/v2\/types\/post"}],"author":[{"embeddable":true,"href":"https:\/\/news.ecclesia.org.br\/index.php?rest_route=\/wp\/v2\/users\/1"}],"replies":[{"embeddable":true,"href":"https:\/\/news.ecclesia.org.br\/index.php?rest_route=%2Fwp%2Fv2%2Fcomments&post=51176"}],"version-history":[{"count":10,"href":"https:\/\/news.ecclesia.org.br\/index.php?rest_route=\/wp\/v2\/posts\/51176\/revisions"}],"predecessor-version":[{"id":51187,"href":"https:\/\/news.ecclesia.org.br\/index.php?rest_route=\/wp\/v2\/posts\/51176\/revisions\/51187"}],"wp:featuredmedia":[{"embeddable":true,"href":"https:\/\/news.ecclesia.org.br\/index.php?rest_route=\/wp\/v2\/media\/51118"}],"wp:attachment":[{"href":"https:\/\/news.ecclesia.org.br\/index.php?rest_route=%2Fwp%2Fv2%2Fmedia&parent=51176"}],"wp:term":[{"taxonomy":"category","embeddable":true,"href":"https:\/\/news.ecclesia.org.br\/index.php?rest_route=%2Fwp%2Fv2%2Fcategories&post=51176"},{"taxonomy":"post_tag","embeddable":true,"href":"https:\/\/news.ecclesia.org.br\/index.php?rest_route=%2Fwp%2Fv2%2Ftags&post=51176"}],"curies":[{"name":"wp","href":"https:\/\/api.w.org\/{rel}","templated":true}]}}