{"id":51065,"date":"2025-12-01T08:36:26","date_gmt":"2025-12-01T11:36:26","guid":{"rendered":"https:\/\/news.ecclesia.org.br\/?p=51065"},"modified":"2025-12-01T08:38:34","modified_gmt":"2025-12-01T11:38:34","slug":"istambul-patriarca-ecumenico-bartolomeu-e-papa-leao-xiv-assinam-declaracao-conjunta","status":"publish","type":"post","link":"https:\/\/news.ecclesia.org.br\/?p=51065","title":{"rendered":"Istambul: Patriarca Ecum\u00eanico Bartolomeu e Papa Le\u00e3o XIV assinam Declara\u00e7\u00e3o Conjunta"},"content":{"rendered":"\n<p><strong>Fonte: Euronews \/ \u0391\u03a0\u0395-\u039c\u03a0\u0395 \u2014 Publicado em 30\/11\/2025<\/strong><br>(Not\u00edcia elaborada a partir de: <a href=\"https:\/\/pt.euronews.com\/2025\/11\/30\/istambul-declaracao-conjunta-do-patriarca-ecumenico-barolomeu-e-do-papa-leao-xiv\">https:\/\/pt.euronews.com\/2025\/11\/30\/istambul-declaracao-conjunta-do-patriarca-ecumenico-barolomeu-e-do-papa-leao-xiv<\/a>)<\/p>\n\n\n\n<p>Em uma visita hist\u00f3rica profundamente marcada pelo desejo de unidade e pela preocupa\u00e7\u00e3o comum com a paz mundial, o Papa <strong>Le\u00e3o XIV<\/strong> chegou ao Patriarcado Ecum\u00eanico neste s\u00e1bado ao meio-dia, na sua primeira viagem apost\u00f3lica desde a elei\u00e7\u00e3o. A presen\u00e7a do Prefeito da Igreja Cat\u00f3lica Romana em Istambul foi recebida como gesto altamente simb\u00f3lico nas atuais circunst\u00e2ncias globais.<\/p>\n\n\n\n<p>\u00c0 entrada da <strong>Igreja Patriarcal de S\u00e3o Jorge<\/strong>, o Santo Padre foi acolhido por <strong>Sua Santidade o Patriarca Ecum\u00eanico Bartolomeu<\/strong>. Ap\u00f3s acenderem juntos uma vela e venerarem o \u00edcone sagrado, ambos entraram na igreja para a celebra\u00e7\u00e3o de uma solene <strong>Doxologia de A\u00e7\u00e3o de Gra\u00e7as<\/strong>.<\/p>\n\n\n\n<p>Entre os presentes encontravam-se o <strong>Patriarca Teodoro de Alexandria<\/strong>, hierarcas das Igrejas de Constantinopla e de Roma, bem como representantes diplom\u00e1ticos, incluindo o secret\u00e1rio de Estado dos Estados Unidos, <em>Michael Rigas<\/em>, e o subsecret\u00e1rio europeu para a Diplomacia Religiosa, <em>Konstantinos Alexandris<\/em>.<\/p>\n\n\n\n<p>Durante a cerim\u00f4nia, elevaram-se ora\u00e7\u00f5es pela paz em diversas l\u00ednguas, culminando na recita\u00e7\u00e3o conjunta do <strong>Pai-Nosso<\/strong>, em latim.<\/p>\n\n\n\n<p>Em sua alocu\u00e7\u00e3o, o Patriarca Ecum\u00eanico recordou a antiga b\u00ean\u00e7\u00e3o lit\u00fargica denominada <em>\u201cTempo\u201d<\/em>, pela qual o cl\u00e9rigo ortodoxo suplica for\u00e7a antes de servir \u00e0 Divina Eucaristia. Dirigindo-se ao Papa, afirmou que ele pr\u00f3prio havia vindo \u201creceber o seu <em>Tempo<\/em>\u201d, iniciando seu minist\u00e9rio com o prop\u00f3sito declarado de promover a t\u00e3o necess\u00e1ria unidade dos crist\u00e3os.<\/p>\n\n\n\n<p>O Papa Le\u00e3o XIV, por sua vez, evocou a comemora\u00e7\u00e3o do <strong>1700\u00ba anivers\u00e1rio do Primeiro Conc\u00edlio Ecum\u00eanico de Niceia<\/strong>, sublinhando que, inspirados na ora\u00e7\u00e3o de Cristo \u201cpara que todos sejam um\u201d, os crist\u00e3os devem perseverar na busca da plena comunh\u00e3o, \u201cempreendimento que realizamos com a ajuda de Deus\u201d.<\/p>\n\n\n\n<p>Conclu\u00edda a Doxologia, Patriarca e Papa dirigiram-se \u00e0 <strong>Sala do Trono<\/strong> da Casa Patriarcal, onde foi assinada a <strong>Declara\u00e7\u00e3o Conjunta<\/strong>. Ap\u00f3s a assinatura, seguiram-se as apresenta\u00e7\u00f5es das delega\u00e7\u00f5es de ambos os lados, antes de os dois l\u00edderes se recolherem para um encontro privado no Gabinete Patriarcal.<\/p>\n\n\n\n\t\t<div class=\"wppdfemb-frame-container-1\" style=\"-webkit-overflow-scrolling:auto;\">\n\t\t\t<iframe class=\"pdfembed-iframe nonfullscreen wppdf-emb-iframe-1\"\n\t\t\t\tsrc=\"https:\/\/news.ecclesia.org.br\/?pdfemb-data=eyJwZGZJRCI6NTEwNjksInVybCI6Imh0dHBzOlwvXC9uZXdzLmVjY2xlc2lhLm9yZy5iclwvd3AtY29udGVudFwvdXBsb2Fkc1wvMjAyNVwvMTJcLzAwMy1hZGRyZXNzLW5vdi0zMF9wb3J0LnBkZiIsImluZGV4IjoxfQ\"\n\t\t\t\t\t\t\t\tdata-pdf-id=\"51069\"\n\t\t\t\tdata-pdf-index=\"1\"\n\t\t\t\tstyle=\"border:none;width:100%;max-width:100%;height:100vh;\"\n\t\t\t\tscrolling=\"yes\">\n\t\t\t<\/iframe>\n\t\t<\/div>\n\n\t\t","protected":false},"excerpt":{"rendered":"<p>Fonte: Euronews \/ \u0391\u03a0\u0395-\u039c\u03a0\u0395 \u2014 Publicado em 30\/11\/2025(Not\u00edcia elaborada a partir de: https:\/\/pt.euronews.com\/2025\/11\/30\/istambul-declaracao-conjunta-do-patriarca-ecumenico-barolomeu-e-do-papa-leao-xiv) Em uma visita hist\u00f3rica profundamente marcada pelo desejo de unidade e pela preocupa\u00e7\u00e3o comum com a paz mundial, o Papa Le\u00e3o XIV chegou ao Patriarcado Ecum\u00eanico neste&#8230;<\/p>\n","protected":false},"author":1,"featured_media":51066,"comment_status":"open","ping_status":"open","sticky":false,"template":"","format":"standard","meta":{"_acf_changed":false,"footnotes":""},"categories":[2711,3167,72],"tags":[],"class_list":["post-51065","post","type-post","status-publish","format-standard","has-post-thumbnail","hentry","category-dialogo-e-fe","category-niceia-1700-anos","category-patriarcado-ecumenico","entry","rows-excerpt"],"acf":[],"yoast_head":"<!-- This site is optimized with the Yoast SEO plugin v27.4 - https:\/\/yoast.com\/product\/yoast-seo-wordpress\/ -->\n<title>Istambul: Patriarca Ecum\u00eanico Bartolomeu e Papa Le\u00e3o XIV assinam Declara\u00e7\u00e3o Conjunta | ECCLESIA NEWS<\/title>\n<meta name=\"robots\" content=\"index, follow, max-snippet:-1, max-image-preview:large, max-video-preview:-1\" \/>\n<link rel=\"canonical\" href=\"https:\/\/news.ecclesia.org.br\/?p=51065\" \/>\n<meta property=\"og:locale\" content=\"pt_BR\" \/>\n<meta property=\"og:type\" content=\"article\" \/>\n<meta property=\"og:title\" content=\"Istambul: Patriarca Ecum\u00eanico Bartolomeu e Papa Le\u00e3o XIV assinam Declara\u00e7\u00e3o Conjunta | ECCLESIA NEWS\" \/>\n<meta property=\"og:description\" content=\"Fonte: Euronews \/ \u0391\u03a0\u0395-\u039c\u03a0\u0395 \u2014 Publicado em 30\/11\/2025(Not\u00edcia elaborada a partir de: https:\/\/pt.euronews.com\/2025\/11\/30\/istambul-declaracao-conjunta-do-patriarca-ecumenico-barolomeu-e-do-papa-leao-xiv) Em uma visita hist\u00f3rica profundamente marcada pelo desejo de unidade e pela preocupa\u00e7\u00e3o comum com a paz mundial, o Papa Le\u00e3o XIV chegou ao Patriarcado Ecum\u00eanico neste&#8230;\" \/>\n<meta property=\"og:url\" content=\"https:\/\/news.ecclesia.org.br\/?p=51065\" \/>\n<meta property=\"og:site_name\" content=\"ECCLESIA NEWS\" \/>\n<meta property=\"article:publisher\" content=\"https:\/\/www.facebook.com\/Ecclesia2025\" \/>\n<meta property=\"article:published_time\" content=\"2025-12-01T11:36:26+00:00\" \/>\n<meta property=\"article:modified_time\" content=\"2025-12-01T11:38:34+00:00\" \/>\n<meta property=\"og:image\" content=\"https:\/\/news.ecclesia.org.br\/wp-content\/uploads\/2025\/12\/declaracao-conjunta.webp\" \/>\n\t<meta property=\"og:image:width\" content=\"1366\" \/>\n\t<meta property=\"og:image:height\" content=\"768\" \/>\n\t<meta property=\"og:image:type\" content=\"image\/webp\" \/>\n<meta name=\"author\" content=\"Pe. Andr\u00e9\" \/>\n<meta name=\"twitter:card\" content=\"summary_large_image\" \/>\n<meta name=\"twitter:creator\" content=\"@EcclesiaNews\" \/>\n<meta name=\"twitter:site\" content=\"@EcclesiaNews\" \/>\n<meta name=\"twitter:label1\" content=\"Escrito por\" \/>\n\t<meta name=\"twitter:data1\" content=\"Pe. Andr\u00e9\" \/>\n\t<meta name=\"twitter:label2\" content=\"Est. tempo de leitura\" \/>\n\t<meta name=\"twitter:data2\" content=\"2 minutos\" \/>\n<script type=\"application\/ld+json\" class=\"yoast-schema-graph\">{\"@context\":\"https:\\\/\\\/schema.org\",\"@graph\":[{\"@type\":\"Article\",\"@id\":\"https:\\\/\\\/news.ecclesia.org.br\\\/?p=51065#article\",\"isPartOf\":{\"@id\":\"https:\\\/\\\/news.ecclesia.org.br\\\/?p=51065\"},\"author\":{\"name\":\"Pe. Andr\u00e9\",\"@id\":\"https:\\\/\\\/news.ecclesia.org.br\\\/#\\\/schema\\\/person\\\/6f09597f025829745ba414a569f63758\"},\"headline\":\"Istambul: Patriarca Ecum\u00eanico Bartolomeu e Papa Le\u00e3o XIV assinam Declara\u00e7\u00e3o Conjunta\",\"datePublished\":\"2025-12-01T11:36:26+00:00\",\"dateModified\":\"2025-12-01T11:38:34+00:00\",\"mainEntityOfPage\":{\"@id\":\"https:\\\/\\\/news.ecclesia.org.br\\\/?p=51065\"},\"wordCount\":387,\"commentCount\":0,\"publisher\":{\"@id\":\"https:\\\/\\\/news.ecclesia.org.br\\\/#organization\"},\"image\":{\"@id\":\"https:\\\/\\\/news.ecclesia.org.br\\\/?p=51065#primaryimage\"},\"thumbnailUrl\":\"https:\\\/\\\/news.ecclesia.org.br\\\/wp-content\\\/uploads\\\/2025\\\/12\\\/declaracao-conjunta.webp\",\"articleSection\":[\"Di\u00e1logo e F\u00e9\",\"Niceia 1700 Anos\",\"Patriarcado Ecum\u00eanico\"],\"inLanguage\":\"pt-BR\",\"potentialAction\":[{\"@type\":\"CommentAction\",\"name\":\"Comment\",\"target\":[\"https:\\\/\\\/news.ecclesia.org.br\\\/?p=51065#respond\"]}]},{\"@type\":\"WebPage\",\"@id\":\"https:\\\/\\\/news.ecclesia.org.br\\\/?p=51065\",\"url\":\"https:\\\/\\\/news.ecclesia.org.br\\\/?p=51065\",\"name\":\"Istambul: Patriarca Ecum\u00eanico Bartolomeu e Papa Le\u00e3o XIV assinam Declara\u00e7\u00e3o Conjunta | ECCLESIA NEWS\",\"isPartOf\":{\"@id\":\"https:\\\/\\\/news.ecclesia.org.br\\\/#website\"},\"primaryImageOfPage\":{\"@id\":\"https:\\\/\\\/news.ecclesia.org.br\\\/?p=51065#primaryimage\"},\"image\":{\"@id\":\"https:\\\/\\\/news.ecclesia.org.br\\\/?p=51065#primaryimage\"},\"thumbnailUrl\":\"https:\\\/\\\/news.ecclesia.org.br\\\/wp-content\\\/uploads\\\/2025\\\/12\\\/declaracao-conjunta.webp\",\"datePublished\":\"2025-12-01T11:36:26+00:00\",\"dateModified\":\"2025-12-01T11:38:34+00:00\",\"breadcrumb\":{\"@id\":\"https:\\\/\\\/news.ecclesia.org.br\\\/?p=51065#breadcrumb\"},\"inLanguage\":\"pt-BR\",\"potentialAction\":[{\"@type\":\"ReadAction\",\"target\":[\"https:\\\/\\\/news.ecclesia.org.br\\\/?p=51065\"]}]},{\"@type\":\"ImageObject\",\"inLanguage\":\"pt-BR\",\"@id\":\"https:\\\/\\\/news.ecclesia.org.br\\\/?p=51065#primaryimage\",\"url\":\"https:\\\/\\\/news.ecclesia.org.br\\\/wp-content\\\/uploads\\\/2025\\\/12\\\/declaracao-conjunta.webp\",\"contentUrl\":\"https:\\\/\\\/news.ecclesia.org.br\\\/wp-content\\\/uploads\\\/2025\\\/12\\\/declaracao-conjunta.webp\",\"width\":1366,\"height\":768},{\"@type\":\"BreadcrumbList\",\"@id\":\"https:\\\/\\\/news.ecclesia.org.br\\\/?p=51065#breadcrumb\",\"itemListElement\":[{\"@type\":\"ListItem\",\"position\":1,\"name\":\"In\u00edcio\",\"item\":\"https:\\\/\\\/news.ecclesia.org.br\\\/\"},{\"@type\":\"ListItem\",\"position\":2,\"name\":\"Istambul: Patriarca Ecum\u00eanico Bartolomeu e Papa Le\u00e3o XIV assinam Declara\u00e7\u00e3o Conjunta\"}]},{\"@type\":\"WebSite\",\"@id\":\"https:\\\/\\\/news.ecclesia.org.br\\\/#website\",\"url\":\"https:\\\/\\\/news.ecclesia.org.br\\\/\",\"name\":\"Ecclesia Brasil\",\"description\":\"Desde 2003 onectando o Brasil ao mundo ortodoxo!\",\"publisher\":{\"@id\":\"https:\\\/\\\/news.ecclesia.org.br\\\/#organization\"},\"alternateName\":\"Ecclesia\",\"potentialAction\":[{\"@type\":\"SearchAction\",\"target\":{\"@type\":\"EntryPoint\",\"urlTemplate\":\"https:\\\/\\\/news.ecclesia.org.br\\\/?s={search_term_string}\"},\"query-input\":{\"@type\":\"PropertyValueSpecification\",\"valueRequired\":true,\"valueName\":\"search_term_string\"}}],\"inLanguage\":\"pt-BR\"},{\"@type\":\"Organization\",\"@id\":\"https:\\\/\\\/news.ecclesia.org.br\\\/#organization\",\"name\":\"Sacra Arquidiocese de Buenos Aires e Am\u00e9rica do Sul | Patriarcado Ecum\u00eanico\",\"alternateName\":\"News Ecclesia Brasil\",\"url\":\"https:\\\/\\\/news.ecclesia.org.br\\\/\",\"logo\":{\"@type\":\"ImageObject\",\"inLanguage\":\"pt-BR\",\"@id\":\"https:\\\/\\\/news.ecclesia.org.br\\\/#\\\/schema\\\/logo\\\/image\\\/\",\"url\":\"https:\\\/\\\/news.ecclesia.org.br\\\/wp-content\\\/uploads\\\/2025\\\/05\\\/ecclesia2.png\",\"contentUrl\":\"https:\\\/\\\/news.ecclesia.org.br\\\/wp-content\\\/uploads\\\/2025\\\/05\\\/ecclesia2.png\",\"width\":480,\"height\":120,\"caption\":\"Sacra Arquidiocese de Buenos Aires e Am\u00e9rica do Sul | Patriarcado Ecum\u00eanico\"},\"image\":{\"@id\":\"https:\\\/\\\/news.ecclesia.org.br\\\/#\\\/schema\\\/logo\\\/image\\\/\"},\"sameAs\":[\"https:\\\/\\\/www.facebook.com\\\/Ecclesia2025\",\"https:\\\/\\\/x.com\\\/EcclesiaNews\",\"https:\\\/\\\/br.pinterest.com\\\/ekklisia\\\/\",\"https:\\\/\\\/www.youtube.com\\\/@EcclesiaBrasil\"]},{\"@type\":\"Person\",\"@id\":\"https:\\\/\\\/news.ecclesia.org.br\\\/#\\\/schema\\\/person\\\/6f09597f025829745ba414a569f63758\",\"name\":\"Pe. Andr\u00e9\",\"image\":{\"@type\":\"ImageObject\",\"inLanguage\":\"pt-BR\",\"@id\":\"https:\\\/\\\/secure.gravatar.com\\\/avatar\\\/b4327cfa27e9799da239a26adcd534fc29cdc0c4a4a148eecbcfeb9b42c617ac?s=96&d=mm&r=g\",\"url\":\"https:\\\/\\\/secure.gravatar.com\\\/avatar\\\/b4327cfa27e9799da239a26adcd534fc29cdc0c4a4a148eecbcfeb9b42c617ac?s=96&d=mm&r=g\",\"contentUrl\":\"https:\\\/\\\/secure.gravatar.com\\\/avatar\\\/b4327cfa27e9799da239a26adcd534fc29cdc0c4a4a148eecbcfeb9b42c617ac?s=96&d=mm&r=g\",\"caption\":\"Pe. Andr\u00e9\"},\"sameAs\":[\"https:\\\/\\\/www.ecclesia.org.br\"]}]}<\/script>\n<!-- \/ Yoast SEO plugin. -->","yoast_head_json":{"title":"Istambul: Patriarca Ecum\u00eanico Bartolomeu e Papa Le\u00e3o XIV assinam Declara\u00e7\u00e3o Conjunta | ECCLESIA NEWS","robots":{"index":"index","follow":"follow","max-snippet":"max-snippet:-1","max-image-preview":"max-image-preview:large","max-video-preview":"max-video-preview:-1"},"canonical":"https:\/\/news.ecclesia.org.br\/?p=51065","og_locale":"pt_BR","og_type":"article","og_title":"Istambul: Patriarca Ecum\u00eanico Bartolomeu e Papa Le\u00e3o XIV assinam Declara\u00e7\u00e3o Conjunta | ECCLESIA NEWS","og_description":"Fonte: Euronews \/ \u0391\u03a0\u0395-\u039c\u03a0\u0395 \u2014 Publicado em 30\/11\/2025(Not\u00edcia elaborada a partir de: https:\/\/pt.euronews.com\/2025\/11\/30\/istambul-declaracao-conjunta-do-patriarca-ecumenico-barolomeu-e-do-papa-leao-xiv) Em uma visita hist\u00f3rica profundamente marcada pelo desejo de unidade e pela preocupa\u00e7\u00e3o comum com a paz mundial, o Papa Le\u00e3o XIV chegou ao Patriarcado Ecum\u00eanico neste&#8230;","og_url":"https:\/\/news.ecclesia.org.br\/?p=51065","og_site_name":"ECCLESIA NEWS","article_publisher":"https:\/\/www.facebook.com\/Ecclesia2025","article_published_time":"2025-12-01T11:36:26+00:00","article_modified_time":"2025-12-01T11:38:34+00:00","og_image":[{"width":1366,"height":768,"url":"https:\/\/news.ecclesia.org.br\/wp-content\/uploads\/2025\/12\/declaracao-conjunta.webp","type":"image\/webp"}],"author":"Pe. Andr\u00e9","twitter_card":"summary_large_image","twitter_creator":"@EcclesiaNews","twitter_site":"@EcclesiaNews","twitter_misc":{"Escrito por":"Pe. Andr\u00e9","Est. tempo de leitura":"2 minutos"},"schema":{"@context":"https:\/\/schema.org","@graph":[{"@type":"Article","@id":"https:\/\/news.ecclesia.org.br\/?p=51065#article","isPartOf":{"@id":"https:\/\/news.ecclesia.org.br\/?p=51065"},"author":{"name":"Pe. Andr\u00e9","@id":"https:\/\/news.ecclesia.org.br\/#\/schema\/person\/6f09597f025829745ba414a569f63758"},"headline":"Istambul: Patriarca Ecum\u00eanico Bartolomeu e Papa Le\u00e3o XIV assinam Declara\u00e7\u00e3o Conjunta","datePublished":"2025-12-01T11:36:26+00:00","dateModified":"2025-12-01T11:38:34+00:00","mainEntityOfPage":{"@id":"https:\/\/news.ecclesia.org.br\/?p=51065"},"wordCount":387,"commentCount":0,"publisher":{"@id":"https:\/\/news.ecclesia.org.br\/#organization"},"image":{"@id":"https:\/\/news.ecclesia.org.br\/?p=51065#primaryimage"},"thumbnailUrl":"https:\/\/news.ecclesia.org.br\/wp-content\/uploads\/2025\/12\/declaracao-conjunta.webp","articleSection":["Di\u00e1logo e F\u00e9","Niceia 1700 Anos","Patriarcado Ecum\u00eanico"],"inLanguage":"pt-BR","potentialAction":[{"@type":"CommentAction","name":"Comment","target":["https:\/\/news.ecclesia.org.br\/?p=51065#respond"]}]},{"@type":"WebPage","@id":"https:\/\/news.ecclesia.org.br\/?p=51065","url":"https:\/\/news.ecclesia.org.br\/?p=51065","name":"Istambul: Patriarca Ecum\u00eanico Bartolomeu e Papa Le\u00e3o XIV assinam Declara\u00e7\u00e3o Conjunta | ECCLESIA NEWS","isPartOf":{"@id":"https:\/\/news.ecclesia.org.br\/#website"},"primaryImageOfPage":{"@id":"https:\/\/news.ecclesia.org.br\/?p=51065#primaryimage"},"image":{"@id":"https:\/\/news.ecclesia.org.br\/?p=51065#primaryimage"},"thumbnailUrl":"https:\/\/news.ecclesia.org.br\/wp-content\/uploads\/2025\/12\/declaracao-conjunta.webp","datePublished":"2025-12-01T11:36:26+00:00","dateModified":"2025-12-01T11:38:34+00:00","breadcrumb":{"@id":"https:\/\/news.ecclesia.org.br\/?p=51065#breadcrumb"},"inLanguage":"pt-BR","potentialAction":[{"@type":"ReadAction","target":["https:\/\/news.ecclesia.org.br\/?p=51065"]}]},{"@type":"ImageObject","inLanguage":"pt-BR","@id":"https:\/\/news.ecclesia.org.br\/?p=51065#primaryimage","url":"https:\/\/news.ecclesia.org.br\/wp-content\/uploads\/2025\/12\/declaracao-conjunta.webp","contentUrl":"https:\/\/news.ecclesia.org.br\/wp-content\/uploads\/2025\/12\/declaracao-conjunta.webp","width":1366,"height":768},{"@type":"BreadcrumbList","@id":"https:\/\/news.ecclesia.org.br\/?p=51065#breadcrumb","itemListElement":[{"@type":"ListItem","position":1,"name":"In\u00edcio","item":"https:\/\/news.ecclesia.org.br\/"},{"@type":"ListItem","position":2,"name":"Istambul: Patriarca Ecum\u00eanico Bartolomeu e Papa Le\u00e3o XIV assinam Declara\u00e7\u00e3o Conjunta"}]},{"@type":"WebSite","@id":"https:\/\/news.ecclesia.org.br\/#website","url":"https:\/\/news.ecclesia.org.br\/","name":"Ecclesia Brasil","description":"Desde 2003 onectando o Brasil ao mundo ortodoxo!","publisher":{"@id":"https:\/\/news.ecclesia.org.br\/#organization"},"alternateName":"Ecclesia","potentialAction":[{"@type":"SearchAction","target":{"@type":"EntryPoint","urlTemplate":"https:\/\/news.ecclesia.org.br\/?s={search_term_string}"},"query-input":{"@type":"PropertyValueSpecification","valueRequired":true,"valueName":"search_term_string"}}],"inLanguage":"pt-BR"},{"@type":"Organization","@id":"https:\/\/news.ecclesia.org.br\/#organization","name":"Sacra Arquidiocese de Buenos Aires e Am\u00e9rica do Sul | Patriarcado Ecum\u00eanico","alternateName":"News Ecclesia Brasil","url":"https:\/\/news.ecclesia.org.br\/","logo":{"@type":"ImageObject","inLanguage":"pt-BR","@id":"https:\/\/news.ecclesia.org.br\/#\/schema\/logo\/image\/","url":"https:\/\/news.ecclesia.org.br\/wp-content\/uploads\/2025\/05\/ecclesia2.png","contentUrl":"https:\/\/news.ecclesia.org.br\/wp-content\/uploads\/2025\/05\/ecclesia2.png","width":480,"height":120,"caption":"Sacra Arquidiocese de Buenos Aires e Am\u00e9rica do Sul | Patriarcado Ecum\u00eanico"},"image":{"@id":"https:\/\/news.ecclesia.org.br\/#\/schema\/logo\/image\/"},"sameAs":["https:\/\/www.facebook.com\/Ecclesia2025","https:\/\/x.com\/EcclesiaNews","https:\/\/br.pinterest.com\/ekklisia\/","https:\/\/www.youtube.com\/@EcclesiaBrasil"]},{"@type":"Person","@id":"https:\/\/news.ecclesia.org.br\/#\/schema\/person\/6f09597f025829745ba414a569f63758","name":"Pe. Andr\u00e9","image":{"@type":"ImageObject","inLanguage":"pt-BR","@id":"https:\/\/secure.gravatar.com\/avatar\/b4327cfa27e9799da239a26adcd534fc29cdc0c4a4a148eecbcfeb9b42c617ac?s=96&d=mm&r=g","url":"https:\/\/secure.gravatar.com\/avatar\/b4327cfa27e9799da239a26adcd534fc29cdc0c4a4a148eecbcfeb9b42c617ac?s=96&d=mm&r=g","contentUrl":"https:\/\/secure.gravatar.com\/avatar\/b4327cfa27e9799da239a26adcd534fc29cdc0c4a4a148eecbcfeb9b42c617ac?s=96&d=mm&r=g","caption":"Pe. Andr\u00e9"},"sameAs":["https:\/\/www.ecclesia.org.br"]}]}},"_links":{"self":[{"href":"https:\/\/news.ecclesia.org.br\/index.php?rest_route=\/wp\/v2\/posts\/51065","targetHints":{"allow":["GET"]}}],"collection":[{"href":"https:\/\/news.ecclesia.org.br\/index.php?rest_route=\/wp\/v2\/posts"}],"about":[{"href":"https:\/\/news.ecclesia.org.br\/index.php?rest_route=\/wp\/v2\/types\/post"}],"author":[{"embeddable":true,"href":"https:\/\/news.ecclesia.org.br\/index.php?rest_route=\/wp\/v2\/users\/1"}],"replies":[{"embeddable":true,"href":"https:\/\/news.ecclesia.org.br\/index.php?rest_route=%2Fwp%2Fv2%2Fcomments&post=51065"}],"version-history":[{"count":3,"href":"https:\/\/news.ecclesia.org.br\/index.php?rest_route=\/wp\/v2\/posts\/51065\/revisions"}],"predecessor-version":[{"id":51070,"href":"https:\/\/news.ecclesia.org.br\/index.php?rest_route=\/wp\/v2\/posts\/51065\/revisions\/51070"}],"wp:featuredmedia":[{"embeddable":true,"href":"https:\/\/news.ecclesia.org.br\/index.php?rest_route=\/wp\/v2\/media\/51066"}],"wp:attachment":[{"href":"https:\/\/news.ecclesia.org.br\/index.php?rest_route=%2Fwp%2Fv2%2Fmedia&parent=51065"}],"wp:term":[{"taxonomy":"category","embeddable":true,"href":"https:\/\/news.ecclesia.org.br\/index.php?rest_route=%2Fwp%2Fv2%2Fcategories&post=51065"},{"taxonomy":"post_tag","embeddable":true,"href":"https:\/\/news.ecclesia.org.br\/index.php?rest_route=%2Fwp%2Fv2%2Ftags&post=51065"}],"curies":[{"name":"wp","href":"https:\/\/api.w.org\/{rel}","templated":true}]}}