{"id":51062,"date":"2025-11-28T21:53:31","date_gmt":"2025-11-29T00:53:31","guid":{"rendered":"https:\/\/news.ecclesia.org.br\/?p=51062"},"modified":"2025-12-01T13:40:03","modified_gmt":"2025-12-01T16:40:03","slug":"patriarca-ecumenico-bartolomeu-busca-curar-o-cisma-encontro-historico-em-niceia-com-o-papa-leao-xiv","status":"publish","type":"post","link":"https:\/\/news.ecclesia.org.br\/?p=51062","title":{"rendered":"Patriarca Ecum\u00eanico Bartolomeu busca curar o Cisma: encontro hist\u00f3rico em Niceia com o Papa Le\u00e3o XIV"},"content":{"rendered":"\n<p><em>Por Tasos Kokkinidis \u2013 28 de novembro de 2025<\/em><br><strong>Cr\u00e9ditos das imagens: EPA\/Alessandro Di Meo via AMNA; Vatican News<\/strong><\/p>\n\n\n\n<p>No marco dos <strong>1.700 anos do Primeiro Conc\u00edlio de Niceia (325 d.C.)<\/strong>, o Papa <strong>Le\u00e3o XIV<\/strong> e o <strong>Patriarca Ecum\u00eanico Bartolomeu<\/strong>, de Constantinopla, encontraram-se nesta sexta-feira em <strong>\u0130znik (antiga Niceia), na Turquia<\/strong>, para uma celebra\u00e7\u00e3o sem precedentes \u2014 um gesto de profunda relev\u00e2ncia espiritual e hist\u00f3rica.<\/p>\n\n\n\n<p>Sete s\u00e9culos ap\u00f3s a formula\u00e7\u00e3o comum do Credo e quase um mil\u00eanio depois da ruptura provocada pelo <strong>Grande Cisma de 1054<\/strong>, os dois l\u00edderes crist\u00e3os reuniram-se onde os antigos Padres da Igreja definiram a f\u00e9 da cristandade, buscando <strong>\u201creviver o esp\u00edrito de Niceia\u201d<\/strong> e renovar o compromisso com o <strong>caminho da unidade<\/strong>.<\/p>\n\n\n\n<p>A celebra\u00e7\u00e3o tornou-se o centro espiritual da viagem do Papa \u00e0 Turquia, evidenciando sua decis\u00e3o de priorizar a reconcilia\u00e7\u00e3o entre cat\u00f3licos e ortodoxos \u2014 movimento que contrasta com sua escolha diplom\u00e1tica de <strong>n\u00e3o visitar a Bas\u00edlica de Santa Sofia<\/strong> nesta ocasi\u00e3o.<\/p>\n\n\n\n<h2 class=\"wp-block-heading\"><strong>Niceia: um lugar teol\u00f3gico antes de ser hist\u00f3rico<\/strong><\/h2>\n\n\n\n<p>A escolha de Niceia n\u00e3o \u00e9 apenas simb\u00f3lica. Ali, em 325 d.C., reuniu-se o <strong>Primeiro Conc\u00edlio Ecum\u00eanico<\/strong>, reverenciado tanto no Oriente quanto no Ocidente. Seu objetivo principal foi enfrentar a controv\u00e9rsia ariana e afirmar solemnemente a f\u00e9 crist\u00e3 na divindade de Jesus Cristo.<\/p>\n\n\n\n<p>O Conc\u00edlio:<\/p>\n\n\n\n<ul class=\"wp-block-list\">\n<li>rejeitou o arianismo,<\/li>\n\n\n\n<li>proclamou o Filho como <strong>\u201cconsubstancial\u201d (homoousios) ao Pai<\/strong>,<\/li>\n\n\n\n<li>e formulou o <strong>Credo Niceno<\/strong>, fundamento da doutrina trinit\u00e1ria da Igreja.<\/li>\n<\/ul>\n\n\n\n<p>Ao celebrarem juntos neste lugar, Papa e Patriarca reafirmam que <strong>ambas as tradi\u00e7\u00f5es permanecem unidas na mesma f\u00e9 professada h\u00e1 dezessete s\u00e9culos<\/strong>.<\/p>\n\n\n\n<h2 class=\"wp-block-heading\"><strong>Uma peregrina\u00e7\u00e3o de unidade<\/strong><\/h2>\n\n\n\n<p>A presen\u00e7a conjunta dos dois primazes foi concebida como um <strong>\u201c\u00edcone vivo\u201d da unidade da Igreja antes do Cisma<\/strong>. Segundo o Patriarca Bartolomeu, \u201cas Igrejas s\u00e3o mais fortes e mais cred\u00edveis quando permanecem unidas\u201d.<\/p>\n\n\n\n<p>O encontro real\u00e7a d\u00e9cadas de di\u00e1logo teol\u00f3gico e busca <strong>aprofundar passos concretos de aproxima\u00e7\u00e3o<\/strong>, inclusive a discuss\u00e3o sobre uma data comum para a celebra\u00e7\u00e3o da <strong>P\u00e1scoa (Pascha)<\/strong> \u2014 hoje um dos sinais mais vis\u00edveis da separa\u00e7\u00e3o entre Oriente e Ocidente.<\/p>\n\n\n\n<h2 class=\"wp-block-heading\"><strong>O Of\u00edcio de Ora\u00e7\u00e3o Ecum\u00eanica<\/strong><\/h2>\n\n\n\n<p>A cerim\u00f4nia realizou-se junto \u00e0s escava\u00e7\u00f5es arqueol\u00f3gicas da antiga <strong>Bas\u00edlica de S\u00e3o Ne\u00f3fito<\/strong>, \u00e0 beira do lago \u0130znik, considerada a \u00e1rea pr\u00f3xima ao local do Conc\u00edlio de 325.<\/p>\n\n\n\n<p>Os momentos centrais inclu\u00edram:<\/p>\n\n\n\n<ul class=\"wp-block-list\">\n<li><strong>Ora\u00e7\u00e3o conjunta<\/strong>, elevando a Deus s\u00faplica comum pela reconcilia\u00e7\u00e3o;<\/li>\n\n\n\n<li><strong>Proclama\u00e7\u00e3o do Credo Niceno<\/strong>, recordando os v\u00ednculos de f\u00e9 partilhados;<\/li>\n\n\n\n<li><strong>Acendimento simb\u00f3lico de uma vela<\/strong>, gesto representando a luz de Cristo que ambas as Igrejas desejam reencontrar em plena comunh\u00e3o.<\/li>\n<\/ul>\n\n\n\n<p>O ato p\u00fablico visa renovar o impulso do di\u00e1logo e preparar terreno para decis\u00f5es concretas.<\/p>\n\n\n\n<h2 class=\"wp-block-heading\"><strong>Declara\u00e7\u00e3o conjunta em prepara\u00e7\u00e3o<\/strong><\/h2>\n\n\n\n<p>Est\u00e1 prevista para o dia seguinte, em <strong>Istambul<\/strong>, a assinatura de uma <strong>Declara\u00e7\u00e3o Conjunta<\/strong>, afirmando:<\/p>\n\n\n\n<ul class=\"wp-block-list\">\n<li>a autoridade espiritual compartilhada entre os dois l\u00edderes;<\/li>\n\n\n\n<li>o compromisso renovado com a busca da unidade;<\/li>\n\n\n\n<li>e a determina\u00e7\u00e3o de trabalhar pela cura de uma divis\u00e3o que perdura h\u00e1 quase mil anos.<\/li>\n<\/ul>\n\n\n\n<p>O encontro de Niceia, pela sua for\u00e7a simb\u00f3lica e espiritual, representa um dos passos mais significativos nas rela\u00e7\u00f5es entre a Igreja Cat\u00f3lica e a Igreja Ortodoxa em toda a era moderna.<\/p>\n\n\n\n<h3 class=\"wp-block-heading\"><strong>Fonte original<\/strong><\/h3>\n\n\n\n<p>Tasos Kokkinidis, <em>Greek Reporter<\/em>, 28\/11\/2025.<br>Fotos: EPA\/Alessandro Di Meo via AMNA; Vatican News.<\/p>\n\n\n\n\t\t<div class=\"wppdfemb-frame-container-1\" style=\"-webkit-overflow-scrolling:auto;\">\n\t\t\t<iframe class=\"pdfembed-iframe nonfullscreen wppdf-emb-iframe-1\"\n\t\t\t\tsrc=\"https:\/\/news.ecclesia.org.br\/?pdfemb-data=eyJwZGZJRCI6NTEwODAsInVybCI6Imh0dHBzOlwvXC9uZXdzLmVjY2xlc2lhLm9yZy5iclwvd3AtY29udGVudFwvdXBsb2Fkc1wvMjAyNVwvMTFcLzAwMS1hZGRyZXNzLW5pY2FlYS0yOC1ub3ZfcG9ydC5wZGYiLCJpbmRleCI6MX0\"\n\t\t\t\t\t\t\t\tdata-pdf-id=\"51080\"\n\t\t\t\tdata-pdf-index=\"1\"\n\t\t\t\tstyle=\"border:none;width:100%;max-width:100%;height:100vh;\"\n\t\t\t\tscrolling=\"yes\">\n\t\t\t<\/iframe>\n\t\t<\/div>\n\n\t\t","protected":false},"excerpt":{"rendered":"<p>Por Tasos Kokkinidis \u2013 28 de novembro de 2025Cr\u00e9ditos das imagens: EPA\/Alessandro Di Meo via AMNA; Vatican News No marco dos 1.700 anos do Primeiro Conc\u00edlio de Niceia (325 d.C.), o Papa Le\u00e3o XIV e o Patriarca Ecum\u00eanico Bartolomeu, de&#8230;<\/p>\n","protected":false},"author":1,"featured_media":51063,"comment_status":"open","ping_status":"open","sticky":false,"template":"","format":"standard","meta":{"_acf_changed":false,"footnotes":""},"categories":[2711,2817,72],"tags":[],"class_list":["post-51062","post","type-post","status-publish","format-standard","has-post-thumbnail","hentry","category-dialogo-e-fe","category-igreja-de-roma","category-patriarcado-ecumenico","entry","rows-excerpt"],"acf":[],"yoast_head":"<!-- This site is optimized with the Yoast SEO plugin v27.4 - https:\/\/yoast.com\/product\/yoast-seo-wordpress\/ -->\n<title>Patriarca Ecum\u00eanico Bartolomeu busca curar o Cisma: encontro hist\u00f3rico em Niceia com o Papa Le\u00e3o XIV | ECCLESIA NEWS<\/title>\n<meta name=\"robots\" content=\"index, follow, max-snippet:-1, max-image-preview:large, max-video-preview:-1\" \/>\n<link rel=\"canonical\" href=\"https:\/\/news.ecclesia.org.br\/?p=51062\" \/>\n<meta property=\"og:locale\" content=\"pt_BR\" \/>\n<meta property=\"og:type\" content=\"article\" \/>\n<meta property=\"og:title\" content=\"Patriarca Ecum\u00eanico Bartolomeu busca curar o Cisma: encontro hist\u00f3rico em Niceia com o Papa Le\u00e3o XIV | ECCLESIA NEWS\" \/>\n<meta property=\"og:description\" content=\"Por Tasos Kokkinidis \u2013 28 de novembro de 2025Cr\u00e9ditos das imagens: EPA\/Alessandro Di Meo via AMNA; Vatican News No marco dos 1.700 anos do Primeiro Conc\u00edlio de Niceia (325 d.C.), o Papa Le\u00e3o XIV e o Patriarca Ecum\u00eanico Bartolomeu, de&#8230;\" \/>\n<meta property=\"og:url\" content=\"https:\/\/news.ecclesia.org.br\/?p=51062\" \/>\n<meta property=\"og:site_name\" content=\"ECCLESIA NEWS\" \/>\n<meta property=\"article:publisher\" content=\"https:\/\/www.facebook.com\/Ecclesia2025\" \/>\n<meta property=\"article:published_time\" content=\"2025-11-29T00:53:31+00:00\" \/>\n<meta property=\"article:modified_time\" content=\"2025-12-01T16:40:03+00:00\" \/>\n<meta property=\"og:image\" content=\"https:\/\/news.ecclesia.org.br\/wp-content\/uploads\/2025\/11\/2025-11-28-214608.png\" \/>\n\t<meta property=\"og:image:width\" content=\"693\" \/>\n\t<meta property=\"og:image:height\" content=\"456\" \/>\n\t<meta property=\"og:image:type\" content=\"image\/png\" \/>\n<meta name=\"author\" content=\"Pe. Andr\u00e9\" \/>\n<meta name=\"twitter:card\" content=\"summary_large_image\" \/>\n<meta name=\"twitter:creator\" content=\"@EcclesiaNews\" \/>\n<meta name=\"twitter:site\" content=\"@EcclesiaNews\" \/>\n<meta name=\"twitter:label1\" content=\"Escrito por\" \/>\n\t<meta name=\"twitter:data1\" content=\"Pe. Andr\u00e9\" \/>\n\t<meta name=\"twitter:label2\" content=\"Est. tempo de leitura\" \/>\n\t<meta name=\"twitter:data2\" content=\"4 minutos\" \/>\n<script type=\"application\/ld+json\" class=\"yoast-schema-graph\">{\"@context\":\"https:\\\/\\\/schema.org\",\"@graph\":[{\"@type\":\"Article\",\"@id\":\"https:\\\/\\\/news.ecclesia.org.br\\\/?p=51062#article\",\"isPartOf\":{\"@id\":\"https:\\\/\\\/news.ecclesia.org.br\\\/?p=51062\"},\"author\":{\"name\":\"Pe. Andr\u00e9\",\"@id\":\"https:\\\/\\\/news.ecclesia.org.br\\\/#\\\/schema\\\/person\\\/6f09597f025829745ba414a569f63758\"},\"headline\":\"Patriarca Ecum\u00eanico Bartolomeu busca curar o Cisma: encontro hist\u00f3rico em Niceia com o Papa Le\u00e3o XIV\",\"datePublished\":\"2025-11-29T00:53:31+00:00\",\"dateModified\":\"2025-12-01T16:40:03+00:00\",\"mainEntityOfPage\":{\"@id\":\"https:\\\/\\\/news.ecclesia.org.br\\\/?p=51062\"},\"wordCount\":608,\"commentCount\":0,\"publisher\":{\"@id\":\"https:\\\/\\\/news.ecclesia.org.br\\\/#organization\"},\"image\":{\"@id\":\"https:\\\/\\\/news.ecclesia.org.br\\\/?p=51062#primaryimage\"},\"thumbnailUrl\":\"https:\\\/\\\/news.ecclesia.org.br\\\/wp-content\\\/uploads\\\/2025\\\/11\\\/2025-11-28-214608.png\",\"articleSection\":[\"Di\u00e1logo e F\u00e9\",\"Igreja de Roma\",\"Patriarcado Ecum\u00eanico\"],\"inLanguage\":\"pt-BR\",\"potentialAction\":[{\"@type\":\"CommentAction\",\"name\":\"Comment\",\"target\":[\"https:\\\/\\\/news.ecclesia.org.br\\\/?p=51062#respond\"]}]},{\"@type\":\"WebPage\",\"@id\":\"https:\\\/\\\/news.ecclesia.org.br\\\/?p=51062\",\"url\":\"https:\\\/\\\/news.ecclesia.org.br\\\/?p=51062\",\"name\":\"Patriarca Ecum\u00eanico Bartolomeu busca curar o Cisma: encontro hist\u00f3rico em Niceia com o Papa Le\u00e3o XIV | ECCLESIA NEWS\",\"isPartOf\":{\"@id\":\"https:\\\/\\\/news.ecclesia.org.br\\\/#website\"},\"primaryImageOfPage\":{\"@id\":\"https:\\\/\\\/news.ecclesia.org.br\\\/?p=51062#primaryimage\"},\"image\":{\"@id\":\"https:\\\/\\\/news.ecclesia.org.br\\\/?p=51062#primaryimage\"},\"thumbnailUrl\":\"https:\\\/\\\/news.ecclesia.org.br\\\/wp-content\\\/uploads\\\/2025\\\/11\\\/2025-11-28-214608.png\",\"datePublished\":\"2025-11-29T00:53:31+00:00\",\"dateModified\":\"2025-12-01T16:40:03+00:00\",\"breadcrumb\":{\"@id\":\"https:\\\/\\\/news.ecclesia.org.br\\\/?p=51062#breadcrumb\"},\"inLanguage\":\"pt-BR\",\"potentialAction\":[{\"@type\":\"ReadAction\",\"target\":[\"https:\\\/\\\/news.ecclesia.org.br\\\/?p=51062\"]}]},{\"@type\":\"ImageObject\",\"inLanguage\":\"pt-BR\",\"@id\":\"https:\\\/\\\/news.ecclesia.org.br\\\/?p=51062#primaryimage\",\"url\":\"https:\\\/\\\/news.ecclesia.org.br\\\/wp-content\\\/uploads\\\/2025\\\/11\\\/2025-11-28-214608.png\",\"contentUrl\":\"https:\\\/\\\/news.ecclesia.org.br\\\/wp-content\\\/uploads\\\/2025\\\/11\\\/2025-11-28-214608.png\",\"width\":693,\"height\":456},{\"@type\":\"BreadcrumbList\",\"@id\":\"https:\\\/\\\/news.ecclesia.org.br\\\/?p=51062#breadcrumb\",\"itemListElement\":[{\"@type\":\"ListItem\",\"position\":1,\"name\":\"In\u00edcio\",\"item\":\"https:\\\/\\\/news.ecclesia.org.br\\\/\"},{\"@type\":\"ListItem\",\"position\":2,\"name\":\"Patriarca Ecum\u00eanico Bartolomeu busca curar o Cisma: encontro hist\u00f3rico em Niceia com o Papa Le\u00e3o XIV\"}]},{\"@type\":\"WebSite\",\"@id\":\"https:\\\/\\\/news.ecclesia.org.br\\\/#website\",\"url\":\"https:\\\/\\\/news.ecclesia.org.br\\\/\",\"name\":\"Ecclesia Brasil\",\"description\":\"Desde 2003 onectando o Brasil ao mundo ortodoxo!\",\"publisher\":{\"@id\":\"https:\\\/\\\/news.ecclesia.org.br\\\/#organization\"},\"alternateName\":\"Ecclesia\",\"potentialAction\":[{\"@type\":\"SearchAction\",\"target\":{\"@type\":\"EntryPoint\",\"urlTemplate\":\"https:\\\/\\\/news.ecclesia.org.br\\\/?s={search_term_string}\"},\"query-input\":{\"@type\":\"PropertyValueSpecification\",\"valueRequired\":true,\"valueName\":\"search_term_string\"}}],\"inLanguage\":\"pt-BR\"},{\"@type\":\"Organization\",\"@id\":\"https:\\\/\\\/news.ecclesia.org.br\\\/#organization\",\"name\":\"Sacra Arquidiocese de Buenos Aires e Am\u00e9rica do Sul | Patriarcado Ecum\u00eanico\",\"alternateName\":\"News Ecclesia Brasil\",\"url\":\"https:\\\/\\\/news.ecclesia.org.br\\\/\",\"logo\":{\"@type\":\"ImageObject\",\"inLanguage\":\"pt-BR\",\"@id\":\"https:\\\/\\\/news.ecclesia.org.br\\\/#\\\/schema\\\/logo\\\/image\\\/\",\"url\":\"https:\\\/\\\/news.ecclesia.org.br\\\/wp-content\\\/uploads\\\/2025\\\/05\\\/ecclesia2.png\",\"contentUrl\":\"https:\\\/\\\/news.ecclesia.org.br\\\/wp-content\\\/uploads\\\/2025\\\/05\\\/ecclesia2.png\",\"width\":480,\"height\":120,\"caption\":\"Sacra Arquidiocese de Buenos Aires e Am\u00e9rica do Sul | Patriarcado Ecum\u00eanico\"},\"image\":{\"@id\":\"https:\\\/\\\/news.ecclesia.org.br\\\/#\\\/schema\\\/logo\\\/image\\\/\"},\"sameAs\":[\"https:\\\/\\\/www.facebook.com\\\/Ecclesia2025\",\"https:\\\/\\\/x.com\\\/EcclesiaNews\",\"https:\\\/\\\/br.pinterest.com\\\/ekklisia\\\/\",\"https:\\\/\\\/www.youtube.com\\\/@EcclesiaBrasil\"]},{\"@type\":\"Person\",\"@id\":\"https:\\\/\\\/news.ecclesia.org.br\\\/#\\\/schema\\\/person\\\/6f09597f025829745ba414a569f63758\",\"name\":\"Pe. Andr\u00e9\",\"image\":{\"@type\":\"ImageObject\",\"inLanguage\":\"pt-BR\",\"@id\":\"https:\\\/\\\/secure.gravatar.com\\\/avatar\\\/b4327cfa27e9799da239a26adcd534fc29cdc0c4a4a148eecbcfeb9b42c617ac?s=96&d=mm&r=g\",\"url\":\"https:\\\/\\\/secure.gravatar.com\\\/avatar\\\/b4327cfa27e9799da239a26adcd534fc29cdc0c4a4a148eecbcfeb9b42c617ac?s=96&d=mm&r=g\",\"contentUrl\":\"https:\\\/\\\/secure.gravatar.com\\\/avatar\\\/b4327cfa27e9799da239a26adcd534fc29cdc0c4a4a148eecbcfeb9b42c617ac?s=96&d=mm&r=g\",\"caption\":\"Pe. Andr\u00e9\"},\"sameAs\":[\"https:\\\/\\\/www.ecclesia.org.br\"]}]}<\/script>\n<!-- \/ Yoast SEO plugin. -->","yoast_head_json":{"title":"Patriarca Ecum\u00eanico Bartolomeu busca curar o Cisma: encontro hist\u00f3rico em Niceia com o Papa Le\u00e3o XIV | ECCLESIA NEWS","robots":{"index":"index","follow":"follow","max-snippet":"max-snippet:-1","max-image-preview":"max-image-preview:large","max-video-preview":"max-video-preview:-1"},"canonical":"https:\/\/news.ecclesia.org.br\/?p=51062","og_locale":"pt_BR","og_type":"article","og_title":"Patriarca Ecum\u00eanico Bartolomeu busca curar o Cisma: encontro hist\u00f3rico em Niceia com o Papa Le\u00e3o XIV | ECCLESIA NEWS","og_description":"Por Tasos Kokkinidis \u2013 28 de novembro de 2025Cr\u00e9ditos das imagens: EPA\/Alessandro Di Meo via AMNA; Vatican News No marco dos 1.700 anos do Primeiro Conc\u00edlio de Niceia (325 d.C.), o Papa Le\u00e3o XIV e o Patriarca Ecum\u00eanico Bartolomeu, de&#8230;","og_url":"https:\/\/news.ecclesia.org.br\/?p=51062","og_site_name":"ECCLESIA NEWS","article_publisher":"https:\/\/www.facebook.com\/Ecclesia2025","article_published_time":"2025-11-29T00:53:31+00:00","article_modified_time":"2025-12-01T16:40:03+00:00","og_image":[{"width":693,"height":456,"url":"https:\/\/news.ecclesia.org.br\/wp-content\/uploads\/2025\/11\/2025-11-28-214608.png","type":"image\/png"}],"author":"Pe. Andr\u00e9","twitter_card":"summary_large_image","twitter_creator":"@EcclesiaNews","twitter_site":"@EcclesiaNews","twitter_misc":{"Escrito por":"Pe. Andr\u00e9","Est. tempo de leitura":"4 minutos"},"schema":{"@context":"https:\/\/schema.org","@graph":[{"@type":"Article","@id":"https:\/\/news.ecclesia.org.br\/?p=51062#article","isPartOf":{"@id":"https:\/\/news.ecclesia.org.br\/?p=51062"},"author":{"name":"Pe. Andr\u00e9","@id":"https:\/\/news.ecclesia.org.br\/#\/schema\/person\/6f09597f025829745ba414a569f63758"},"headline":"Patriarca Ecum\u00eanico Bartolomeu busca curar o Cisma: encontro hist\u00f3rico em Niceia com o Papa Le\u00e3o XIV","datePublished":"2025-11-29T00:53:31+00:00","dateModified":"2025-12-01T16:40:03+00:00","mainEntityOfPage":{"@id":"https:\/\/news.ecclesia.org.br\/?p=51062"},"wordCount":608,"commentCount":0,"publisher":{"@id":"https:\/\/news.ecclesia.org.br\/#organization"},"image":{"@id":"https:\/\/news.ecclesia.org.br\/?p=51062#primaryimage"},"thumbnailUrl":"https:\/\/news.ecclesia.org.br\/wp-content\/uploads\/2025\/11\/2025-11-28-214608.png","articleSection":["Di\u00e1logo e F\u00e9","Igreja de Roma","Patriarcado Ecum\u00eanico"],"inLanguage":"pt-BR","potentialAction":[{"@type":"CommentAction","name":"Comment","target":["https:\/\/news.ecclesia.org.br\/?p=51062#respond"]}]},{"@type":"WebPage","@id":"https:\/\/news.ecclesia.org.br\/?p=51062","url":"https:\/\/news.ecclesia.org.br\/?p=51062","name":"Patriarca Ecum\u00eanico Bartolomeu busca curar o Cisma: encontro hist\u00f3rico em Niceia com o Papa Le\u00e3o XIV | ECCLESIA NEWS","isPartOf":{"@id":"https:\/\/news.ecclesia.org.br\/#website"},"primaryImageOfPage":{"@id":"https:\/\/news.ecclesia.org.br\/?p=51062#primaryimage"},"image":{"@id":"https:\/\/news.ecclesia.org.br\/?p=51062#primaryimage"},"thumbnailUrl":"https:\/\/news.ecclesia.org.br\/wp-content\/uploads\/2025\/11\/2025-11-28-214608.png","datePublished":"2025-11-29T00:53:31+00:00","dateModified":"2025-12-01T16:40:03+00:00","breadcrumb":{"@id":"https:\/\/news.ecclesia.org.br\/?p=51062#breadcrumb"},"inLanguage":"pt-BR","potentialAction":[{"@type":"ReadAction","target":["https:\/\/news.ecclesia.org.br\/?p=51062"]}]},{"@type":"ImageObject","inLanguage":"pt-BR","@id":"https:\/\/news.ecclesia.org.br\/?p=51062#primaryimage","url":"https:\/\/news.ecclesia.org.br\/wp-content\/uploads\/2025\/11\/2025-11-28-214608.png","contentUrl":"https:\/\/news.ecclesia.org.br\/wp-content\/uploads\/2025\/11\/2025-11-28-214608.png","width":693,"height":456},{"@type":"BreadcrumbList","@id":"https:\/\/news.ecclesia.org.br\/?p=51062#breadcrumb","itemListElement":[{"@type":"ListItem","position":1,"name":"In\u00edcio","item":"https:\/\/news.ecclesia.org.br\/"},{"@type":"ListItem","position":2,"name":"Patriarca Ecum\u00eanico Bartolomeu busca curar o Cisma: encontro hist\u00f3rico em Niceia com o Papa Le\u00e3o XIV"}]},{"@type":"WebSite","@id":"https:\/\/news.ecclesia.org.br\/#website","url":"https:\/\/news.ecclesia.org.br\/","name":"Ecclesia Brasil","description":"Desde 2003 onectando o Brasil ao mundo ortodoxo!","publisher":{"@id":"https:\/\/news.ecclesia.org.br\/#organization"},"alternateName":"Ecclesia","potentialAction":[{"@type":"SearchAction","target":{"@type":"EntryPoint","urlTemplate":"https:\/\/news.ecclesia.org.br\/?s={search_term_string}"},"query-input":{"@type":"PropertyValueSpecification","valueRequired":true,"valueName":"search_term_string"}}],"inLanguage":"pt-BR"},{"@type":"Organization","@id":"https:\/\/news.ecclesia.org.br\/#organization","name":"Sacra Arquidiocese de Buenos Aires e Am\u00e9rica do Sul | Patriarcado Ecum\u00eanico","alternateName":"News Ecclesia Brasil","url":"https:\/\/news.ecclesia.org.br\/","logo":{"@type":"ImageObject","inLanguage":"pt-BR","@id":"https:\/\/news.ecclesia.org.br\/#\/schema\/logo\/image\/","url":"https:\/\/news.ecclesia.org.br\/wp-content\/uploads\/2025\/05\/ecclesia2.png","contentUrl":"https:\/\/news.ecclesia.org.br\/wp-content\/uploads\/2025\/05\/ecclesia2.png","width":480,"height":120,"caption":"Sacra Arquidiocese de Buenos Aires e Am\u00e9rica do Sul | Patriarcado Ecum\u00eanico"},"image":{"@id":"https:\/\/news.ecclesia.org.br\/#\/schema\/logo\/image\/"},"sameAs":["https:\/\/www.facebook.com\/Ecclesia2025","https:\/\/x.com\/EcclesiaNews","https:\/\/br.pinterest.com\/ekklisia\/","https:\/\/www.youtube.com\/@EcclesiaBrasil"]},{"@type":"Person","@id":"https:\/\/news.ecclesia.org.br\/#\/schema\/person\/6f09597f025829745ba414a569f63758","name":"Pe. Andr\u00e9","image":{"@type":"ImageObject","inLanguage":"pt-BR","@id":"https:\/\/secure.gravatar.com\/avatar\/b4327cfa27e9799da239a26adcd534fc29cdc0c4a4a148eecbcfeb9b42c617ac?s=96&d=mm&r=g","url":"https:\/\/secure.gravatar.com\/avatar\/b4327cfa27e9799da239a26adcd534fc29cdc0c4a4a148eecbcfeb9b42c617ac?s=96&d=mm&r=g","contentUrl":"https:\/\/secure.gravatar.com\/avatar\/b4327cfa27e9799da239a26adcd534fc29cdc0c4a4a148eecbcfeb9b42c617ac?s=96&d=mm&r=g","caption":"Pe. Andr\u00e9"},"sameAs":["https:\/\/www.ecclesia.org.br"]}]}},"_links":{"self":[{"href":"https:\/\/news.ecclesia.org.br\/index.php?rest_route=\/wp\/v2\/posts\/51062","targetHints":{"allow":["GET"]}}],"collection":[{"href":"https:\/\/news.ecclesia.org.br\/index.php?rest_route=\/wp\/v2\/posts"}],"about":[{"href":"https:\/\/news.ecclesia.org.br\/index.php?rest_route=\/wp\/v2\/types\/post"}],"author":[{"embeddable":true,"href":"https:\/\/news.ecclesia.org.br\/index.php?rest_route=\/wp\/v2\/users\/1"}],"replies":[{"embeddable":true,"href":"https:\/\/news.ecclesia.org.br\/index.php?rest_route=%2Fwp%2Fv2%2Fcomments&post=51062"}],"version-history":[{"count":2,"href":"https:\/\/news.ecclesia.org.br\/index.php?rest_route=\/wp\/v2\/posts\/51062\/revisions"}],"predecessor-version":[{"id":51081,"href":"https:\/\/news.ecclesia.org.br\/index.php?rest_route=\/wp\/v2\/posts\/51062\/revisions\/51081"}],"wp:featuredmedia":[{"embeddable":true,"href":"https:\/\/news.ecclesia.org.br\/index.php?rest_route=\/wp\/v2\/media\/51063"}],"wp:attachment":[{"href":"https:\/\/news.ecclesia.org.br\/index.php?rest_route=%2Fwp%2Fv2%2Fmedia&parent=51062"}],"wp:term":[{"taxonomy":"category","embeddable":true,"href":"https:\/\/news.ecclesia.org.br\/index.php?rest_route=%2Fwp%2Fv2%2Fcategories&post=51062"},{"taxonomy":"post_tag","embeddable":true,"href":"https:\/\/news.ecclesia.org.br\/index.php?rest_route=%2Fwp%2Fv2%2Ftags&post=51062"}],"curies":[{"name":"wp","href":"https:\/\/api.w.org\/{rel}","templated":true}]}}