{"id":5096,"date":"2010-10-28T13:26:26","date_gmt":"2010-10-28T15:26:26","guid":{"rendered":"http:\/\/www.ecclesia.com.br\/news\/?p=5096"},"modified":"2016-03-18T03:50:32","modified_gmt":"2016-03-18T03:50:32","slug":"saudacao-do-vice-ministro-das-relacoes-exteriores-sr-dimitri-dollis-por-ocasiao-da-comemoracao-da-data-de-28-de-outubro-de-1040-dia-do-oxi","status":"publish","type":"post","link":"https:\/\/news.ecclesia.org.br\/?p=5096","title":{"rendered":"Sauda\u00e7\u00e3o do Vice Ministro das Rela\u00e7\u00f5es Exteriores, Sr. Dimitri Dollis, por ocasi\u00e3o da comemora\u00e7\u00e3o da data de 28 de Outubro de 1940 &#8211; \u00abDia do Oxi\u00bb"},"content":{"rendered":"<p style=\"text-align: justify;\"><span style=\"font-family: mceinline;\"><img fetchpriority=\"high\" decoding=\"async\" class=\"alignleft size-full wp-image-10519\" src=\"https:\/\/news.ecclesia.org.br\/2013\/wp-content\/uploads\/2012\/03\/dimitris-dollis-1.jpg\" alt=\"dimitris-dollis\" width=\"426\" height=\"330\" srcset=\"https:\/\/news.ecclesia.org.br\/wp-content\/uploads\/2012\/03\/dimitris-dollis-1.jpg 426w, https:\/\/news.ecclesia.org.br\/wp-content\/uploads\/2012\/03\/dimitris-dollis-1-300x232.jpg 300w, https:\/\/news.ecclesia.org.br\/wp-content\/uploads\/2012\/03\/dimitris-dollis-1-71x55.jpg 71w\" sizes=\"(max-width: 426px) 100vw, 426px\" \/><\/span>28 de outubro 1940: Uma comemora\u00e7\u00e3o, uma lenda, uma mem\u00f3ria e um dever. Exatamente naquele momento hist\u00f3rico todos os Gregos juntos responderam \u00abN\u00c3O\u00bb e duvidaram do invenc\u00edvel, ate ent\u00e3o, inimigo, contrapondo o orgulhoso esp\u00edrito da Liberdade. O \u00abN\u00c3O\u00bb representa a mais alta conquista da unidade e da determina\u00e7\u00e3o dos Gregos.<\/p>\n<p class=\"MsoNormal\" style=\"text-align: justify;\">Para todos os Gregos, esse marco hist\u00f3rico significa n\u00e3o s\u00f3 um acontecimento glorioso durante a hist\u00f3ria secular da nossa P\u00e1tria. A jornada her\u00f3ica do nosso ex\u00e9rcito, a firme vontade de todos os guerreiros que nunca pensaram na morte, a resist\u00eancia de um povo inteiro contra a bruta imposi\u00e7\u00e3o de regimes autorit\u00e1rio provocaram a admira\u00e7\u00e3o do mundo livre. Simbolizaram da melhor forma os ideais da liberdade, da humanidade, do patriotismo e da dignidade nacional.<\/p>\n<p class=\"MsoNormal\" style=\"text-align: justify;\">Dentro do furac\u00e3o da Segunda Guerra Mundial, num momento em que as for\u00e7as do Fascismo e do Nazismo ocupavam quase a Europa inteira e apareciam vencedores, um pa\u00eds pequeno com recursos materiais limitados tornou-se vitorioso sobre um Imp\u00e9rio arrogante. E provou que a defesa da liberdade n\u00e3o \u00e9 uma quest\u00e3o de n\u00fameros, mas de unidade nacional e esp\u00edrito solid\u00e1rio de um povo orgulhoso, que sabe honrar o seu dever perante os seus aliados e a Hist\u00f3ria.<\/p>\n<p class=\"MsoNormal\" style=\"text-align: justify;\">A Gr\u00e9cia contempor\u00e2nea continua a heran\u00e7a que recebeu dos guerreiros gloriosos. Extraindo autoconfian\u00e7a pelas realiza\u00e7\u00f5es significantes que seguiram, enfrentamos os v\u00e1rios desafios da cena internacional com o otimismo que a unidade do Helenismo no mundo inteiro inspira.<\/p>\n<p class=\"MsoNormal\" style=\"text-align: justify;\">A data 28 de outubro vai permanecer sempre uma for\u00e7a viva e um grande capitulo na hist\u00f3ria da na\u00e7\u00e3o grega. Vamos reverenciar com respeito perante todos aqueles que doaram a vida para que n\u00f3s possamos viver com liberdade e paz. Os atos deles sempre simbolizar\u00e3o a luta do justo contra o injusto, a luta para a virtude e os direitos humanos. \u00c9 nosso dever e nossa obriga\u00e7\u00e3o lembrar os sacrif\u00edcios dos nossos ancestrais. Vamos honrar essa sagrada data, realizando os sonhos deles.<\/p>\n","protected":false},"excerpt":{"rendered":"<p>28 de outubro 1940: Uma comemora\u00e7\u00e3o, uma lenda, uma mem\u00f3ria e um dever. Exatamente naquele momento hist\u00f3rico todos os Gregos juntos responderam \u00abN\u00c3O\u00bb e duvidaram do invenc\u00edvel, ate ent\u00e3o, inimigo, contrapondo o orgulhoso esp\u00edrito da Liberdade. O \u00abN\u00c3O\u00bb representa a&#8230;<\/p>\n","protected":false},"author":1,"featured_media":10519,"comment_status":"open","ping_status":"open","sticky":false,"template":"","format":"standard","meta":{"_acf_changed":false,"footnotes":""},"categories":[1],"tags":[],"class_list":["post-5096","post","type-post","status-publish","format-standard","has-post-thumbnail","hentry","category-news","entry","rows-excerpt"],"acf":[],"yoast_head":"<!-- This site is optimized with the Yoast SEO plugin v27.5 - https:\/\/yoast.com\/product\/yoast-seo-wordpress\/ -->\n<title>Sauda\u00e7\u00e3o do Vice Ministro das Rela\u00e7\u00f5es Exteriores, Sr. Dimitri Dollis, por ocasi\u00e3o da comemora\u00e7\u00e3o da data de 28 de Outubro de 1940 - \u00abDia do Oxi\u00bb | ECCLESIA NEWS<\/title>\n<meta name=\"robots\" content=\"index, follow, max-snippet:-1, max-image-preview:large, max-video-preview:-1\" \/>\n<link rel=\"canonical\" href=\"https:\/\/news.ecclesia.org.br\/?p=5096\" \/>\n<meta property=\"og:locale\" content=\"pt_BR\" \/>\n<meta property=\"og:type\" content=\"article\" \/>\n<meta property=\"og:title\" content=\"Sauda\u00e7\u00e3o do Vice Ministro das Rela\u00e7\u00f5es Exteriores, Sr. Dimitri Dollis, por ocasi\u00e3o da comemora\u00e7\u00e3o da data de 28 de Outubro de 1940 - \u00abDia do Oxi\u00bb | ECCLESIA NEWS\" \/>\n<meta property=\"og:description\" content=\"28 de outubro 1940: Uma comemora\u00e7\u00e3o, uma lenda, uma mem\u00f3ria e um dever. Exatamente naquele momento hist\u00f3rico todos os Gregos juntos responderam \u00abN\u00c3O\u00bb e duvidaram do invenc\u00edvel, ate ent\u00e3o, inimigo, contrapondo o orgulhoso esp\u00edrito da Liberdade. O \u00abN\u00c3O\u00bb representa a&#8230;\" \/>\n<meta property=\"og:url\" content=\"https:\/\/news.ecclesia.org.br\/?p=5096\" \/>\n<meta property=\"og:site_name\" content=\"ECCLESIA NEWS\" \/>\n<meta property=\"article:publisher\" content=\"https:\/\/www.facebook.com\/Ecclesia2025\" \/>\n<meta property=\"article:published_time\" content=\"2010-10-28T15:26:26+00:00\" \/>\n<meta property=\"article:modified_time\" content=\"2016-03-18T03:50:32+00:00\" \/>\n<meta property=\"og:image\" content=\"https:\/\/news.ecclesia.org.br\/wp-content\/uploads\/2012\/03\/dimitris-dollis-1.jpg\" \/>\n\t<meta property=\"og:image:width\" content=\"426\" \/>\n\t<meta property=\"og:image:height\" content=\"330\" \/>\n\t<meta property=\"og:image:type\" content=\"image\/jpeg\" \/>\n<meta name=\"author\" content=\"Pe. Andr\u00e9\" \/>\n<meta name=\"twitter:card\" content=\"summary_large_image\" \/>\n<meta name=\"twitter:creator\" content=\"@EcclesiaNews\" \/>\n<meta name=\"twitter:site\" content=\"@EcclesiaNews\" \/>\n<meta name=\"twitter:label1\" content=\"Escrito por\" \/>\n\t<meta name=\"twitter:data1\" content=\"Pe. Andr\u00e9\" \/>\n\t<meta name=\"twitter:label2\" content=\"Est. tempo de leitura\" \/>\n\t<meta name=\"twitter:data2\" content=\"2 minutos\" \/>\n<script type=\"application\/ld+json\" class=\"yoast-schema-graph\">{\"@context\":\"https:\\\/\\\/schema.org\",\"@graph\":[{\"@type\":\"Article\",\"@id\":\"https:\\\/\\\/news.ecclesia.org.br\\\/?p=5096#article\",\"isPartOf\":{\"@id\":\"https:\\\/\\\/news.ecclesia.org.br\\\/?p=5096\"},\"author\":{\"name\":\"Pe. Andr\u00e9\",\"@id\":\"https:\\\/\\\/news.ecclesia.org.br\\\/#\\\/schema\\\/person\\\/6f09597f025829745ba414a569f63758\"},\"headline\":\"Sauda\u00e7\u00e3o do Vice Ministro das Rela\u00e7\u00f5es Exteriores, Sr. Dimitri Dollis, por ocasi\u00e3o da comemora\u00e7\u00e3o da data de 28 de Outubro de 1940 &#8211; \u00abDia do Oxi\u00bb\",\"datePublished\":\"2010-10-28T15:26:26+00:00\",\"dateModified\":\"2016-03-18T03:50:32+00:00\",\"mainEntityOfPage\":{\"@id\":\"https:\\\/\\\/news.ecclesia.org.br\\\/?p=5096\"},\"wordCount\":383,\"commentCount\":0,\"publisher\":{\"@id\":\"https:\\\/\\\/news.ecclesia.org.br\\\/#organization\"},\"image\":{\"@id\":\"https:\\\/\\\/news.ecclesia.org.br\\\/?p=5096#primaryimage\"},\"thumbnailUrl\":\"https:\\\/\\\/news.ecclesia.org.br\\\/wp-content\\\/uploads\\\/2012\\\/03\\\/dimitris-dollis-1.jpg\",\"articleSection\":[\"NEWS\"],\"inLanguage\":\"pt-BR\",\"potentialAction\":[{\"@type\":\"CommentAction\",\"name\":\"Comment\",\"target\":[\"https:\\\/\\\/news.ecclesia.org.br\\\/?p=5096#respond\"]}]},{\"@type\":\"WebPage\",\"@id\":\"https:\\\/\\\/news.ecclesia.org.br\\\/?p=5096\",\"url\":\"https:\\\/\\\/news.ecclesia.org.br\\\/?p=5096\",\"name\":\"Sauda\u00e7\u00e3o do Vice Ministro das Rela\u00e7\u00f5es Exteriores, Sr. Dimitri Dollis, por ocasi\u00e3o da comemora\u00e7\u00e3o da data de 28 de Outubro de 1940 - \u00abDia do Oxi\u00bb | ECCLESIA NEWS\",\"isPartOf\":{\"@id\":\"https:\\\/\\\/news.ecclesia.org.br\\\/#website\"},\"primaryImageOfPage\":{\"@id\":\"https:\\\/\\\/news.ecclesia.org.br\\\/?p=5096#primaryimage\"},\"image\":{\"@id\":\"https:\\\/\\\/news.ecclesia.org.br\\\/?p=5096#primaryimage\"},\"thumbnailUrl\":\"https:\\\/\\\/news.ecclesia.org.br\\\/wp-content\\\/uploads\\\/2012\\\/03\\\/dimitris-dollis-1.jpg\",\"datePublished\":\"2010-10-28T15:26:26+00:00\",\"dateModified\":\"2016-03-18T03:50:32+00:00\",\"breadcrumb\":{\"@id\":\"https:\\\/\\\/news.ecclesia.org.br\\\/?p=5096#breadcrumb\"},\"inLanguage\":\"pt-BR\",\"potentialAction\":[{\"@type\":\"ReadAction\",\"target\":[\"https:\\\/\\\/news.ecclesia.org.br\\\/?p=5096\"]}]},{\"@type\":\"ImageObject\",\"inLanguage\":\"pt-BR\",\"@id\":\"https:\\\/\\\/news.ecclesia.org.br\\\/?p=5096#primaryimage\",\"url\":\"https:\\\/\\\/news.ecclesia.org.br\\\/wp-content\\\/uploads\\\/2012\\\/03\\\/dimitris-dollis-1.jpg\",\"contentUrl\":\"https:\\\/\\\/news.ecclesia.org.br\\\/wp-content\\\/uploads\\\/2012\\\/03\\\/dimitris-dollis-1.jpg\",\"width\":426,\"height\":330},{\"@type\":\"BreadcrumbList\",\"@id\":\"https:\\\/\\\/news.ecclesia.org.br\\\/?p=5096#breadcrumb\",\"itemListElement\":[{\"@type\":\"ListItem\",\"position\":1,\"name\":\"In\u00edcio\",\"item\":\"https:\\\/\\\/news.ecclesia.org.br\\\/\"},{\"@type\":\"ListItem\",\"position\":2,\"name\":\"Sauda\u00e7\u00e3o do Vice Ministro das Rela\u00e7\u00f5es Exteriores, Sr. Dimitri Dollis, por ocasi\u00e3o da comemora\u00e7\u00e3o da data de 28 de Outubro de 1940 &#8211; \u00abDia do Oxi\u00bb\"}]},{\"@type\":\"WebSite\",\"@id\":\"https:\\\/\\\/news.ecclesia.org.br\\\/#website\",\"url\":\"https:\\\/\\\/news.ecclesia.org.br\\\/\",\"name\":\"Ecclesia Brasil\",\"description\":\"Desde 2003 onectando o Brasil ao mundo ortodoxo!\",\"publisher\":{\"@id\":\"https:\\\/\\\/news.ecclesia.org.br\\\/#organization\"},\"alternateName\":\"Ecclesia\",\"potentialAction\":[{\"@type\":\"SearchAction\",\"target\":{\"@type\":\"EntryPoint\",\"urlTemplate\":\"https:\\\/\\\/news.ecclesia.org.br\\\/?s={search_term_string}\"},\"query-input\":{\"@type\":\"PropertyValueSpecification\",\"valueRequired\":true,\"valueName\":\"search_term_string\"}}],\"inLanguage\":\"pt-BR\"},{\"@type\":\"Organization\",\"@id\":\"https:\\\/\\\/news.ecclesia.org.br\\\/#organization\",\"name\":\"Sacra Arquidiocese de Buenos Aires e Am\u00e9rica do Sul | Patriarcado Ecum\u00eanico\",\"alternateName\":\"News Ecclesia Brasil\",\"url\":\"https:\\\/\\\/news.ecclesia.org.br\\\/\",\"logo\":{\"@type\":\"ImageObject\",\"inLanguage\":\"pt-BR\",\"@id\":\"https:\\\/\\\/news.ecclesia.org.br\\\/#\\\/schema\\\/logo\\\/image\\\/\",\"url\":\"https:\\\/\\\/news.ecclesia.org.br\\\/wp-content\\\/uploads\\\/2025\\\/05\\\/ecclesia2.png\",\"contentUrl\":\"https:\\\/\\\/news.ecclesia.org.br\\\/wp-content\\\/uploads\\\/2025\\\/05\\\/ecclesia2.png\",\"width\":480,\"height\":120,\"caption\":\"Sacra Arquidiocese de Buenos Aires e Am\u00e9rica do Sul | Patriarcado Ecum\u00eanico\"},\"image\":{\"@id\":\"https:\\\/\\\/news.ecclesia.org.br\\\/#\\\/schema\\\/logo\\\/image\\\/\"},\"sameAs\":[\"https:\\\/\\\/www.facebook.com\\\/Ecclesia2025\",\"https:\\\/\\\/x.com\\\/EcclesiaNews\",\"https:\\\/\\\/br.pinterest.com\\\/ekklisia\\\/\",\"https:\\\/\\\/www.youtube.com\\\/@EcclesiaBrasil\"]},{\"@type\":\"Person\",\"@id\":\"https:\\\/\\\/news.ecclesia.org.br\\\/#\\\/schema\\\/person\\\/6f09597f025829745ba414a569f63758\",\"name\":\"Pe. Andr\u00e9\",\"image\":{\"@type\":\"ImageObject\",\"inLanguage\":\"pt-BR\",\"@id\":\"https:\\\/\\\/secure.gravatar.com\\\/avatar\\\/b4327cfa27e9799da239a26adcd534fc29cdc0c4a4a148eecbcfeb9b42c617ac?s=96&d=mm&r=g\",\"url\":\"https:\\\/\\\/secure.gravatar.com\\\/avatar\\\/b4327cfa27e9799da239a26adcd534fc29cdc0c4a4a148eecbcfeb9b42c617ac?s=96&d=mm&r=g\",\"contentUrl\":\"https:\\\/\\\/secure.gravatar.com\\\/avatar\\\/b4327cfa27e9799da239a26adcd534fc29cdc0c4a4a148eecbcfeb9b42c617ac?s=96&d=mm&r=g\",\"caption\":\"Pe. Andr\u00e9\"},\"sameAs\":[\"https:\\\/\\\/www.ecclesia.org.br\"]}]}<\/script>\n<!-- \/ Yoast SEO plugin. -->","yoast_head_json":{"title":"Sauda\u00e7\u00e3o do Vice Ministro das Rela\u00e7\u00f5es Exteriores, Sr. Dimitri Dollis, por ocasi\u00e3o da comemora\u00e7\u00e3o da data de 28 de Outubro de 1940 - \u00abDia do Oxi\u00bb | ECCLESIA NEWS","robots":{"index":"index","follow":"follow","max-snippet":"max-snippet:-1","max-image-preview":"max-image-preview:large","max-video-preview":"max-video-preview:-1"},"canonical":"https:\/\/news.ecclesia.org.br\/?p=5096","og_locale":"pt_BR","og_type":"article","og_title":"Sauda\u00e7\u00e3o do Vice Ministro das Rela\u00e7\u00f5es Exteriores, Sr. Dimitri Dollis, por ocasi\u00e3o da comemora\u00e7\u00e3o da data de 28 de Outubro de 1940 - \u00abDia do Oxi\u00bb | ECCLESIA NEWS","og_description":"28 de outubro 1940: Uma comemora\u00e7\u00e3o, uma lenda, uma mem\u00f3ria e um dever. Exatamente naquele momento hist\u00f3rico todos os Gregos juntos responderam \u00abN\u00c3O\u00bb e duvidaram do invenc\u00edvel, ate ent\u00e3o, inimigo, contrapondo o orgulhoso esp\u00edrito da Liberdade. O \u00abN\u00c3O\u00bb representa a&#8230;","og_url":"https:\/\/news.ecclesia.org.br\/?p=5096","og_site_name":"ECCLESIA NEWS","article_publisher":"https:\/\/www.facebook.com\/Ecclesia2025","article_published_time":"2010-10-28T15:26:26+00:00","article_modified_time":"2016-03-18T03:50:32+00:00","og_image":[{"width":426,"height":330,"url":"https:\/\/news.ecclesia.org.br\/wp-content\/uploads\/2012\/03\/dimitris-dollis-1.jpg","type":"image\/jpeg"}],"author":"Pe. Andr\u00e9","twitter_card":"summary_large_image","twitter_creator":"@EcclesiaNews","twitter_site":"@EcclesiaNews","twitter_misc":{"Escrito por":"Pe. Andr\u00e9","Est. tempo de leitura":"2 minutos"},"schema":{"@context":"https:\/\/schema.org","@graph":[{"@type":"Article","@id":"https:\/\/news.ecclesia.org.br\/?p=5096#article","isPartOf":{"@id":"https:\/\/news.ecclesia.org.br\/?p=5096"},"author":{"name":"Pe. Andr\u00e9","@id":"https:\/\/news.ecclesia.org.br\/#\/schema\/person\/6f09597f025829745ba414a569f63758"},"headline":"Sauda\u00e7\u00e3o do Vice Ministro das Rela\u00e7\u00f5es Exteriores, Sr. Dimitri Dollis, por ocasi\u00e3o da comemora\u00e7\u00e3o da data de 28 de Outubro de 1940 &#8211; \u00abDia do Oxi\u00bb","datePublished":"2010-10-28T15:26:26+00:00","dateModified":"2016-03-18T03:50:32+00:00","mainEntityOfPage":{"@id":"https:\/\/news.ecclesia.org.br\/?p=5096"},"wordCount":383,"commentCount":0,"publisher":{"@id":"https:\/\/news.ecclesia.org.br\/#organization"},"image":{"@id":"https:\/\/news.ecclesia.org.br\/?p=5096#primaryimage"},"thumbnailUrl":"https:\/\/news.ecclesia.org.br\/wp-content\/uploads\/2012\/03\/dimitris-dollis-1.jpg","articleSection":["NEWS"],"inLanguage":"pt-BR","potentialAction":[{"@type":"CommentAction","name":"Comment","target":["https:\/\/news.ecclesia.org.br\/?p=5096#respond"]}]},{"@type":"WebPage","@id":"https:\/\/news.ecclesia.org.br\/?p=5096","url":"https:\/\/news.ecclesia.org.br\/?p=5096","name":"Sauda\u00e7\u00e3o do Vice Ministro das Rela\u00e7\u00f5es Exteriores, Sr. Dimitri Dollis, por ocasi\u00e3o da comemora\u00e7\u00e3o da data de 28 de Outubro de 1940 - \u00abDia do Oxi\u00bb | ECCLESIA NEWS","isPartOf":{"@id":"https:\/\/news.ecclesia.org.br\/#website"},"primaryImageOfPage":{"@id":"https:\/\/news.ecclesia.org.br\/?p=5096#primaryimage"},"image":{"@id":"https:\/\/news.ecclesia.org.br\/?p=5096#primaryimage"},"thumbnailUrl":"https:\/\/news.ecclesia.org.br\/wp-content\/uploads\/2012\/03\/dimitris-dollis-1.jpg","datePublished":"2010-10-28T15:26:26+00:00","dateModified":"2016-03-18T03:50:32+00:00","breadcrumb":{"@id":"https:\/\/news.ecclesia.org.br\/?p=5096#breadcrumb"},"inLanguage":"pt-BR","potentialAction":[{"@type":"ReadAction","target":["https:\/\/news.ecclesia.org.br\/?p=5096"]}]},{"@type":"ImageObject","inLanguage":"pt-BR","@id":"https:\/\/news.ecclesia.org.br\/?p=5096#primaryimage","url":"https:\/\/news.ecclesia.org.br\/wp-content\/uploads\/2012\/03\/dimitris-dollis-1.jpg","contentUrl":"https:\/\/news.ecclesia.org.br\/wp-content\/uploads\/2012\/03\/dimitris-dollis-1.jpg","width":426,"height":330},{"@type":"BreadcrumbList","@id":"https:\/\/news.ecclesia.org.br\/?p=5096#breadcrumb","itemListElement":[{"@type":"ListItem","position":1,"name":"In\u00edcio","item":"https:\/\/news.ecclesia.org.br\/"},{"@type":"ListItem","position":2,"name":"Sauda\u00e7\u00e3o do Vice Ministro das Rela\u00e7\u00f5es Exteriores, Sr. Dimitri Dollis, por ocasi\u00e3o da comemora\u00e7\u00e3o da data de 28 de Outubro de 1940 &#8211; \u00abDia do Oxi\u00bb"}]},{"@type":"WebSite","@id":"https:\/\/news.ecclesia.org.br\/#website","url":"https:\/\/news.ecclesia.org.br\/","name":"Ecclesia Brasil","description":"Desde 2003 onectando o Brasil ao mundo ortodoxo!","publisher":{"@id":"https:\/\/news.ecclesia.org.br\/#organization"},"alternateName":"Ecclesia","potentialAction":[{"@type":"SearchAction","target":{"@type":"EntryPoint","urlTemplate":"https:\/\/news.ecclesia.org.br\/?s={search_term_string}"},"query-input":{"@type":"PropertyValueSpecification","valueRequired":true,"valueName":"search_term_string"}}],"inLanguage":"pt-BR"},{"@type":"Organization","@id":"https:\/\/news.ecclesia.org.br\/#organization","name":"Sacra Arquidiocese de Buenos Aires e Am\u00e9rica do Sul | Patriarcado Ecum\u00eanico","alternateName":"News Ecclesia Brasil","url":"https:\/\/news.ecclesia.org.br\/","logo":{"@type":"ImageObject","inLanguage":"pt-BR","@id":"https:\/\/news.ecclesia.org.br\/#\/schema\/logo\/image\/","url":"https:\/\/news.ecclesia.org.br\/wp-content\/uploads\/2025\/05\/ecclesia2.png","contentUrl":"https:\/\/news.ecclesia.org.br\/wp-content\/uploads\/2025\/05\/ecclesia2.png","width":480,"height":120,"caption":"Sacra Arquidiocese de Buenos Aires e Am\u00e9rica do Sul | Patriarcado Ecum\u00eanico"},"image":{"@id":"https:\/\/news.ecclesia.org.br\/#\/schema\/logo\/image\/"},"sameAs":["https:\/\/www.facebook.com\/Ecclesia2025","https:\/\/x.com\/EcclesiaNews","https:\/\/br.pinterest.com\/ekklisia\/","https:\/\/www.youtube.com\/@EcclesiaBrasil"]},{"@type":"Person","@id":"https:\/\/news.ecclesia.org.br\/#\/schema\/person\/6f09597f025829745ba414a569f63758","name":"Pe. Andr\u00e9","image":{"@type":"ImageObject","inLanguage":"pt-BR","@id":"https:\/\/secure.gravatar.com\/avatar\/b4327cfa27e9799da239a26adcd534fc29cdc0c4a4a148eecbcfeb9b42c617ac?s=96&d=mm&r=g","url":"https:\/\/secure.gravatar.com\/avatar\/b4327cfa27e9799da239a26adcd534fc29cdc0c4a4a148eecbcfeb9b42c617ac?s=96&d=mm&r=g","contentUrl":"https:\/\/secure.gravatar.com\/avatar\/b4327cfa27e9799da239a26adcd534fc29cdc0c4a4a148eecbcfeb9b42c617ac?s=96&d=mm&r=g","caption":"Pe. Andr\u00e9"},"sameAs":["https:\/\/www.ecclesia.org.br"]}]}},"_links":{"self":[{"href":"https:\/\/news.ecclesia.org.br\/index.php?rest_route=\/wp\/v2\/posts\/5096","targetHints":{"allow":["GET"]}}],"collection":[{"href":"https:\/\/news.ecclesia.org.br\/index.php?rest_route=\/wp\/v2\/posts"}],"about":[{"href":"https:\/\/news.ecclesia.org.br\/index.php?rest_route=\/wp\/v2\/types\/post"}],"author":[{"embeddable":true,"href":"https:\/\/news.ecclesia.org.br\/index.php?rest_route=\/wp\/v2\/users\/1"}],"replies":[{"embeddable":true,"href":"https:\/\/news.ecclesia.org.br\/index.php?rest_route=%2Fwp%2Fv2%2Fcomments&post=5096"}],"version-history":[{"count":0,"href":"https:\/\/news.ecclesia.org.br\/index.php?rest_route=\/wp\/v2\/posts\/5096\/revisions"}],"wp:featuredmedia":[{"embeddable":true,"href":"https:\/\/news.ecclesia.org.br\/index.php?rest_route=\/wp\/v2\/media\/10519"}],"wp:attachment":[{"href":"https:\/\/news.ecclesia.org.br\/index.php?rest_route=%2Fwp%2Fv2%2Fmedia&parent=5096"}],"wp:term":[{"taxonomy":"category","embeddable":true,"href":"https:\/\/news.ecclesia.org.br\/index.php?rest_route=%2Fwp%2Fv2%2Fcategories&post=5096"},{"taxonomy":"post_tag","embeddable":true,"href":"https:\/\/news.ecclesia.org.br\/index.php?rest_route=%2Fwp%2Fv2%2Ftags&post=5096"}],"curies":[{"name":"wp","href":"https:\/\/api.w.org\/{rel}","templated":true}]}}