{"id":50939,"date":"2025-11-05T18:14:03","date_gmt":"2025-11-05T21:14:03","guid":{"rendered":"https:\/\/news.ecclesia.org.br\/?p=50939"},"modified":"2025-11-05T18:29:04","modified_gmt":"2025-11-05T21:29:04","slug":"em-lourdes-a-visita-historica-do-patriarca-bartolomeu","status":"publish","type":"post","link":"https:\/\/news.ecclesia.org.br\/?p=50939","title":{"rendered":"Em Lourdes, a visita hist\u00f3rica do Patriarca Bartolomeu"},"content":{"rendered":"\t\t<div data-elementor-type=\"wp-post\" data-elementor-id=\"50939\" class=\"elementor elementor-50939\">\n\t\t\t\t\t\t<section class=\"elementor-section elementor-top-section elementor-element elementor-element-ab6b36a elementor-section-boxed elementor-section-height-default elementor-section-height-default\" data-id=\"ab6b36a\" data-element_type=\"section\" data-e-type=\"section\">\n\t\t\t\t\t\t<div class=\"elementor-container elementor-column-gap-default\">\n\t\t\t\t\t<div class=\"elementor-column elementor-col-100 elementor-top-column elementor-element elementor-element-c6a4b56\" data-id=\"c6a4b56\" data-element_type=\"column\" data-e-type=\"column\">\n\t\t\t<div class=\"elementor-widget-wrap elementor-element-populated\">\n\t\t\t\t\t\t<div class=\"elementor-element elementor-element-1015fa86 elementor-widget elementor-widget-text-editor\" data-id=\"1015fa86\" data-element_type=\"widget\" data-e-type=\"widget\" data-widget_type=\"text-editor.default\">\n\t\t\t\t<div class=\"elementor-widget-container\">\n\t\t\t\t\t\t\t\t\t<p><\/p>\n<p data-start=\"182\" data-end=\"674\"><strong data-start=\"182\" data-end=\"226\">Lourdes, Fran\u00e7a \u2013 05 de novembro de 2025<\/strong><\/p>\n<p data-start=\"182\" data-end=\"674\">A convite da Confer\u00eancia Episcopal da Fran\u00e7a, o Patriarca Ecum\u00eanico Bartolomeu visitou o Santu\u00e1rio de Lourdes em 4 de novembro de 2025, numa jornada marcada pela ora\u00e7\u00e3o, pela paz e pelo di\u00e1logo fraterno entre cat\u00f3licos e ortodoxos. A peregrina\u00e7\u00e3o ocorre \u00e0s v\u00e9speras do aguardado encontro entre o Patriarca e o Papa Le\u00e3o XIV, programado para o final deste m\u00eas na Turquia, por ocasi\u00e3o dos 1700 anos do Conc\u00edlio de Niceia, sublinhando a import\u00e2ncia deste tempo de aproxima\u00e7\u00e3o hist\u00f3rica entre as Igrejas.<\/p>\n<p data-start=\"182\" data-end=\"674\">Durante sua visita a Lourdes, o Patriarca Ecum\u00eanico Bartolomeu dirigiu-se \u00e0 Assembleia Geral da Confer\u00eancia Episcopal da Fran\u00e7a, convocando os crist\u00e3os a enfrentarem, com humildade e coopera\u00e7\u00e3o, os desafios espirituais, sociais e ecol\u00f3gicos do nosso tempo.<\/p>\n<p data-start=\"182\" data-end=\"674\">Em sua mensagem, o Patriarca sublinhou o caminho de aproxima\u00e7\u00e3o entre cat\u00f3licos e ortodoxos, refor\u00e7ou o compromisso com a paz e a cria\u00e7\u00e3o, e falou de modo direto sobre a guerra na Ucr\u00e2nia.<\/p>\n<p data-start=\"676\" data-end=\"1016\">Recordando sua primeira visita ao santu\u00e1rio mariano em 1995, o Patriarca evocou a longa caminhada de reconcilia\u00e7\u00e3o entre Oriente e Ocidente e a constante prote\u00e7\u00e3o da Theotokos.<\/p>\n<p data-start=\"676\" data-end=\"1016\">Lourdes, destacou,<\/p>\n<blockquote>\n<p data-start=\"676\" data-end=\"1016\">\u00e9 sinal de que Deus realiza maravilhas na vida dos humildes e oferece cura e esperan\u00e7a em meio \u00e0s feridas do materialismo e do ate\u00edsmo modernos.<\/p>\n<\/blockquote>\n<h2 data-start=\"1018\" data-end=\"1079\">Cuidado com a cria\u00e7\u00e3o e colabora\u00e7\u00e3o entre f\u00e9 e ci\u00eancia<\/h2>\n<p data-start=\"1080\" data-end=\"1752\">Bartolomeu renovou seu apelo hist\u00f3rico \u00e0 \u201cconvers\u00e3o ecol\u00f3gica\u201d, unindo a Jornada de Ora\u00e7\u00e3o pelo Cuidado da Cria\u00e7\u00e3o, celebrada em 1\u00ba de setembro, ao chamado crist\u00e3o de cuidar de um mundo ferido. Alertou contra uma falsa oposi\u00e7\u00e3o entre ci\u00eancia e f\u00e9, afirmando que a gra\u00e7a divina \u201cpenetra toda a cria\u00e7\u00e3o\u201d e que crentes e cientistas, \u201ccada qual em sua linguagem\u201d, leem o mesmo livro da sabedoria de Deus.<\/p>\n<p data-start=\"1080\" data-end=\"1752\">O Patriarca criticou teorias conspirat\u00f3rias e nega\u00e7\u00f5es ideologizadas vistas durante a pandemia e nos debates clim\u00e1ticos, qualificando tais atitudes como \u201ccegueira espiritual\u201d, e convidou \u00e0 sobriedade, paci\u00eancia e ao \u201calegria do desapego\u201d, em lugar de excessos consumistas.<\/p>\n<h2 data-start=\"1754\" data-end=\"1817\">Caminho de amizade e unidade entre cat\u00f3licos e ortodoxos<\/h2>\n<p data-start=\"1818\" data-end=\"2252\">Mencionando o Conc\u00edlio Vaticano II e as suspens\u00f5es rec\u00edprocas das excomunh\u00f5es de 1054, Bartolomeu louvou o testemunho teol\u00f3gico franc\u00eas e figuras como Yves Congar e Henri de Lubac, que promoveram o di\u00e1logo entre as Igrejas. Ressaltou que a verdadeira tradi\u00e7\u00e3o n\u00e3o \u00e9 imobilismo, mas fidelidade criativa, tornando viva a f\u00e9 no presente hist\u00f3rico. O avan\u00e7o rumo \u00e0 plena comunh\u00e3o, acrescentou, exige perd\u00e3o, paci\u00eancia e caridade concreta.<\/p>\n<h2 data-start=\"2254\" data-end=\"2325\">Contra o etnofiletismo e um pronunciamento claro sobre a Ucr\u00e2nia<\/h2>\n<p data-start=\"2326\" data-end=\"2756\">Ao tratar da instrumentaliza\u00e7\u00e3o pol\u00edtica da religi\u00e3o, o Patriarca condenou o etnofiletismo como \u201cheresia moderna\u201d, rejeitada pelo S\u00ednodo de Constantinopla de 1872.<\/p>\n<p data-start=\"2326\" data-end=\"2756\">Referindo-se \u00e0 concess\u00e3o da autocefalia \u00e0 Igreja Ortodoxa da Ucr\u00e2nia, recordou que o Patriarcado Ecum\u00eanico exerceu \u201cos direitos can\u00f4nicos e hist\u00f3ricos que lhe s\u00e3o pr\u00f3prios\u201d, garantindo aos fi\u00e9is ucranianos vida eclesial em liberdade de consci\u00eancia e de testemunho.<\/p>\n<p data-start=\"2758\" data-end=\"3279\">Com palavras firmes, condenou a guerra desencadeada pela R\u00fassia, afirmando que, ao atacar Kyiv, Moscou selou \u201cuma nova alian\u00e7a entre trono e altar\u201d, incompat\u00edvel com o Evangelho e com a Ortodoxia, arrastando uma na\u00e7\u00e3o outrora profundamente piedosa \u201ca um abismo de impiedade\u201d.<\/p>\n<p data-start=\"2758\" data-end=\"3279\">Denunciou o sofrimento sobretudo de mulheres e crian\u00e7as e saudou o reconhecimento, por parte do Estado, da Igreja e da opini\u00e3o p\u00fablica na Fran\u00e7a, de que est\u00e1 em jogo n\u00e3o apenas a integridade territorial, mas tamb\u00e9m a integridade moral da Europa.<\/p>\n<h2 data-start=\"3281\" data-end=\"3347\">Di\u00e1logo inter-religioso e combate ao niilismo contempor\u00e2neo<\/h2>\n<p data-start=\"3348\" data-end=\"3737\">Citando o decreto <em data-start=\"3366\" data-end=\"3381\">Nostra aetate<\/em> e o Santo e Grande Conc\u00edlio da Igreja Ortodoxa (Creta, 2016), Bartolomeu reafirmou o valor do di\u00e1logo inter-religioso como caminho para a confian\u00e7a m\u00fatua e a paz \u201cque vem do alto\u201d. Denunciou o \u201cduplo niilismo\u201d de dissolver identidades e depois reconstru\u00ed-las artificialmente, e exortou os crist\u00e3os a evitar o isolamento e a redescobrir o ardor apost\u00f3lico.<\/p>\n<h2 data-start=\"3739\" data-end=\"3771\">Esperan\u00e7a na nova gera\u00e7\u00e3o<\/h2>\n<p data-start=\"3772\" data-end=\"4229\">Concluindo, dirigiu-se aos jovens, \u201cpresente vivo\u201d da Igreja, cuja f\u00e9 e servi\u00e7o mostram que o Evangelho continua a dar fruto. Pediu que os pastores os acompanhem com ora\u00e7\u00e3o, escuta e discernimento, para que sua esperan\u00e7a se torne for\u00e7a de renova\u00e7\u00e3o espiritual e unidade. Inspirado pela mensagem de Lourdes, convidou a uma vida de penit\u00eancia, ora\u00e7\u00e3o e humildade, a fim de testemunhar com autenticidade Cristo crucificado e ressuscitado, \u201cpela vida do mundo\u201d.<\/p>\n<p><\/p>\t\t\t\t\t\t\t\t<\/div>\n\t\t\t\t<\/div>\n\t\t\t\t\t<\/div>\n\t\t<\/div>\n\t\t\t\t\t<\/div>\n\t\t<\/section>\n\t\t\t\t<section class=\"elementor-section elementor-top-section elementor-element elementor-element-370261f elementor-section-boxed elementor-section-height-default elementor-section-height-default\" data-id=\"370261f\" data-element_type=\"section\" data-e-type=\"section\">\n\t\t\t\t\t\t<div class=\"elementor-container elementor-column-gap-default\">\n\t\t\t\t\t<div class=\"elementor-column elementor-col-100 elementor-top-column elementor-element elementor-element-47e93cc\" data-id=\"47e93cc\" data-element_type=\"column\" data-e-type=\"column\">\n\t\t\t<div class=\"elementor-widget-wrap elementor-element-populated\">\n\t\t\t\t\t\t<div class=\"elementor-element elementor-element-60bc50f elementor-widget elementor-widget-text-editor\" data-id=\"60bc50f\" data-element_type=\"widget\" data-e-type=\"widget\" data-widget_type=\"text-editor.default\">\n\t\t\t\t<div class=\"elementor-widget-container\">\n\t\t\t\t\t\t\t\t\t<p><em data-start=\"4236\" data-end=\"4243\">Fonte<\/em>: \u201c\u00c0 Lourdes, la visite historique du patriarche Bartholom\u00e9e Ier\u201d, \u03a6\u03a9\u03a3 \u03a6\u0391\u039d\u0391\u03a1\u0399\u039f\u03a5, 5 nov 2025. <span class=\"\" data-state=\"delayed-open\" aria-describedby=\"radix-_r_67_\"><span class=\"ms-1 inline-flex max-w-full items-center relative top-[-0.094rem] animate-[show_150ms_ease-in]\" data-testid=\"webpage-citation-pill\" aria-describedby=\"radix-_r_67_\"><a class=\"flex h-4.5 overflow-hidden rounded-xl px-2 text-[9px] font-medium transition-colors duration-150 ease-in-out bg-token-text-primary! text-token-main-surface-primary!\" href=\"https:\/\/fosfanariou.gr\/index.php\/2025\/11\/05\/a-lourdes-la-visite-historique-du-patriarche-bartholomee-ier\" target=\"_blank\" rel=\"noopener\"><span class=\"relative start-0 bottom-0 flex h-full w-full items-center\"><span class=\"flex h-4 w-full items-center justify-between overflow-hidden\"><span class=\"max-w-[15ch] grow truncate overflow-hidden text-center\">fosfanari<\/span><\/span><\/span><\/a><\/span><\/span><\/p>\t\t\t\t\t\t\t\t<\/div>\n\t\t\t\t<\/div>\n\t\t\t\t\t<\/div>\n\t\t<\/div>\n\t\t\t\t\t<\/div>\n\t\t<\/section>\n\t\t\t\t<\/div>\n\t\t","protected":false},"excerpt":{"rendered":"<p>Sob a luz orante de Lourdes, o Patriarca Ecum\u00eanico Bartolomeu reafirmou o compromisso das Igrejas com a paz, a unidade e o cuidado da cria\u00e7\u00e3o. Condenou com clareza a invas\u00e3o da Ucr\u00e2nia como contr\u00e1ria ao Evangelho e \u00e0 Ortodoxia, recordou a heresia do etnofiletismo e chamou cat\u00f3licos e ortodoxos a caminhar juntos com humildade, discernimento e fidelidade viva \u00e0 Tradi\u00e7\u00e3o.<\/p>\n","protected":false},"author":1,"featured_media":50943,"comment_status":"open","ping_status":"open","sticky":false,"template":"","format":"standard","meta":{"_acf_changed":false,"footnotes":""},"categories":[2711,1,3167,2754,72],"tags":[],"class_list":["post-50939","post","type-post","status-publish","format-standard","has-post-thumbnail","hentry","category-dialogo-e-fe","category-news","category-niceia-1700-anos","category-patriarcado-de-jerusalem","category-patriarcado-ecumenico","entry","rows-excerpt"],"acf":[],"yoast_head":"<!-- This site is optimized with the Yoast SEO plugin v27.4 - https:\/\/yoast.com\/product\/yoast-seo-wordpress\/ -->\n<title>Em Lourdes, a visita hist\u00f3rica do Patriarca Bartolomeu | ECCLESIA NEWS<\/title>\n<meta name=\"robots\" content=\"index, follow, max-snippet:-1, max-image-preview:large, max-video-preview:-1\" \/>\n<link rel=\"canonical\" href=\"https:\/\/news.ecclesia.org.br\/?p=50939\" \/>\n<meta property=\"og:locale\" content=\"pt_BR\" \/>\n<meta property=\"og:type\" content=\"article\" \/>\n<meta property=\"og:title\" content=\"Em Lourdes, a visita hist\u00f3rica do Patriarca Bartolomeu | ECCLESIA NEWS\" \/>\n<meta property=\"og:description\" content=\"Sob a luz orante de Lourdes, o Patriarca Ecum\u00eanico Bartolomeu reafirmou o compromisso das Igrejas com a paz, a unidade e o cuidado da cria\u00e7\u00e3o. Condenou com clareza a invas\u00e3o da Ucr\u00e2nia como contr\u00e1ria ao Evangelho e \u00e0 Ortodoxia, recordou a heresia do etnofiletismo e chamou cat\u00f3licos e ortodoxos a caminhar juntos com humildade, discernimento e fidelidade viva \u00e0 Tradi\u00e7\u00e3o.\" \/>\n<meta property=\"og:url\" content=\"https:\/\/news.ecclesia.org.br\/?p=50939\" \/>\n<meta property=\"og:site_name\" content=\"ECCLESIA NEWS\" \/>\n<meta property=\"article:publisher\" content=\"https:\/\/www.facebook.com\/Ecclesia2025\" \/>\n<meta property=\"article:published_time\" content=\"2025-11-05T21:14:03+00:00\" \/>\n<meta property=\"article:modified_time\" content=\"2025-11-05T21:29:04+00:00\" \/>\n<meta property=\"og:image\" content=\"https:\/\/news.ecclesia.org.br\/wp-content\/uploads\/2025\/11\/Bartholomee-Ier-lourdes-afp-.jpg\" \/>\n\t<meta property=\"og:image:width\" content=\"800\" \/>\n\t<meta property=\"og:image:height\" content=\"400\" \/>\n\t<meta property=\"og:image:type\" content=\"image\/jpeg\" \/>\n<meta name=\"author\" content=\"Pe. Andr\u00e9\" \/>\n<meta name=\"twitter:card\" content=\"summary_large_image\" \/>\n<meta name=\"twitter:creator\" content=\"@EcclesiaNews\" \/>\n<meta name=\"twitter:site\" content=\"@EcclesiaNews\" \/>\n<meta name=\"twitter:label1\" content=\"Escrito por\" \/>\n\t<meta name=\"twitter:data1\" content=\"Pe. Andr\u00e9\" \/>\n\t<meta name=\"twitter:label2\" content=\"Est. tempo de leitura\" \/>\n\t<meta name=\"twitter:data2\" content=\"4 minutos\" \/>\n<script type=\"application\/ld+json\" class=\"yoast-schema-graph\">{\"@context\":\"https:\\\/\\\/schema.org\",\"@graph\":[{\"@type\":\"Article\",\"@id\":\"https:\\\/\\\/news.ecclesia.org.br\\\/?p=50939#article\",\"isPartOf\":{\"@id\":\"https:\\\/\\\/news.ecclesia.org.br\\\/?p=50939\"},\"author\":{\"name\":\"Pe. Andr\u00e9\",\"@id\":\"https:\\\/\\\/news.ecclesia.org.br\\\/#\\\/schema\\\/person\\\/6f09597f025829745ba414a569f63758\"},\"headline\":\"Em Lourdes, a visita hist\u00f3rica do Patriarca Bartolomeu\",\"datePublished\":\"2025-11-05T21:14:03+00:00\",\"dateModified\":\"2025-11-05T21:29:04+00:00\",\"mainEntityOfPage\":{\"@id\":\"https:\\\/\\\/news.ecclesia.org.br\\\/?p=50939\"},\"wordCount\":807,\"commentCount\":0,\"publisher\":{\"@id\":\"https:\\\/\\\/news.ecclesia.org.br\\\/#organization\"},\"image\":{\"@id\":\"https:\\\/\\\/news.ecclesia.org.br\\\/?p=50939#primaryimage\"},\"thumbnailUrl\":\"https:\\\/\\\/news.ecclesia.org.br\\\/wp-content\\\/uploads\\\/2025\\\/11\\\/Bartholomee-Ier-lourdes-afp-.jpg\",\"articleSection\":[\"Di\u00e1logo e F\u00e9\",\"NEWS\",\"Niceia 1700 Anos\",\"Patriarcado de Jerusal\u00e9m\",\"Patriarcado Ecum\u00eanico\"],\"inLanguage\":\"pt-BR\",\"potentialAction\":[{\"@type\":\"CommentAction\",\"name\":\"Comment\",\"target\":[\"https:\\\/\\\/news.ecclesia.org.br\\\/?p=50939#respond\"]}]},{\"@type\":\"WebPage\",\"@id\":\"https:\\\/\\\/news.ecclesia.org.br\\\/?p=50939\",\"url\":\"https:\\\/\\\/news.ecclesia.org.br\\\/?p=50939\",\"name\":\"Em Lourdes, a visita hist\u00f3rica do Patriarca Bartolomeu | ECCLESIA NEWS\",\"isPartOf\":{\"@id\":\"https:\\\/\\\/news.ecclesia.org.br\\\/#website\"},\"primaryImageOfPage\":{\"@id\":\"https:\\\/\\\/news.ecclesia.org.br\\\/?p=50939#primaryimage\"},\"image\":{\"@id\":\"https:\\\/\\\/news.ecclesia.org.br\\\/?p=50939#primaryimage\"},\"thumbnailUrl\":\"https:\\\/\\\/news.ecclesia.org.br\\\/wp-content\\\/uploads\\\/2025\\\/11\\\/Bartholomee-Ier-lourdes-afp-.jpg\",\"datePublished\":\"2025-11-05T21:14:03+00:00\",\"dateModified\":\"2025-11-05T21:29:04+00:00\",\"breadcrumb\":{\"@id\":\"https:\\\/\\\/news.ecclesia.org.br\\\/?p=50939#breadcrumb\"},\"inLanguage\":\"pt-BR\",\"potentialAction\":[{\"@type\":\"ReadAction\",\"target\":[\"https:\\\/\\\/news.ecclesia.org.br\\\/?p=50939\"]}]},{\"@type\":\"ImageObject\",\"inLanguage\":\"pt-BR\",\"@id\":\"https:\\\/\\\/news.ecclesia.org.br\\\/?p=50939#primaryimage\",\"url\":\"https:\\\/\\\/news.ecclesia.org.br\\\/wp-content\\\/uploads\\\/2025\\\/11\\\/Bartholomee-Ier-lourdes-afp-.jpg\",\"contentUrl\":\"https:\\\/\\\/news.ecclesia.org.br\\\/wp-content\\\/uploads\\\/2025\\\/11\\\/Bartholomee-Ier-lourdes-afp-.jpg\",\"width\":800,\"height\":400},{\"@type\":\"BreadcrumbList\",\"@id\":\"https:\\\/\\\/news.ecclesia.org.br\\\/?p=50939#breadcrumb\",\"itemListElement\":[{\"@type\":\"ListItem\",\"position\":1,\"name\":\"In\u00edcio\",\"item\":\"https:\\\/\\\/news.ecclesia.org.br\\\/\"},{\"@type\":\"ListItem\",\"position\":2,\"name\":\"Em Lourdes, a visita hist\u00f3rica do Patriarca Bartolomeu\"}]},{\"@type\":\"WebSite\",\"@id\":\"https:\\\/\\\/news.ecclesia.org.br\\\/#website\",\"url\":\"https:\\\/\\\/news.ecclesia.org.br\\\/\",\"name\":\"Ecclesia Brasil\",\"description\":\"Desde 2003 onectando o Brasil ao mundo ortodoxo!\",\"publisher\":{\"@id\":\"https:\\\/\\\/news.ecclesia.org.br\\\/#organization\"},\"alternateName\":\"Ecclesia\",\"potentialAction\":[{\"@type\":\"SearchAction\",\"target\":{\"@type\":\"EntryPoint\",\"urlTemplate\":\"https:\\\/\\\/news.ecclesia.org.br\\\/?s={search_term_string}\"},\"query-input\":{\"@type\":\"PropertyValueSpecification\",\"valueRequired\":true,\"valueName\":\"search_term_string\"}}],\"inLanguage\":\"pt-BR\"},{\"@type\":\"Organization\",\"@id\":\"https:\\\/\\\/news.ecclesia.org.br\\\/#organization\",\"name\":\"Sacra Arquidiocese de Buenos Aires e Am\u00e9rica do Sul | Patriarcado Ecum\u00eanico\",\"alternateName\":\"News Ecclesia Brasil\",\"url\":\"https:\\\/\\\/news.ecclesia.org.br\\\/\",\"logo\":{\"@type\":\"ImageObject\",\"inLanguage\":\"pt-BR\",\"@id\":\"https:\\\/\\\/news.ecclesia.org.br\\\/#\\\/schema\\\/logo\\\/image\\\/\",\"url\":\"https:\\\/\\\/news.ecclesia.org.br\\\/wp-content\\\/uploads\\\/2025\\\/05\\\/ecclesia2.png\",\"contentUrl\":\"https:\\\/\\\/news.ecclesia.org.br\\\/wp-content\\\/uploads\\\/2025\\\/05\\\/ecclesia2.png\",\"width\":480,\"height\":120,\"caption\":\"Sacra Arquidiocese de Buenos Aires e Am\u00e9rica do Sul | Patriarcado Ecum\u00eanico\"},\"image\":{\"@id\":\"https:\\\/\\\/news.ecclesia.org.br\\\/#\\\/schema\\\/logo\\\/image\\\/\"},\"sameAs\":[\"https:\\\/\\\/www.facebook.com\\\/Ecclesia2025\",\"https:\\\/\\\/x.com\\\/EcclesiaNews\",\"https:\\\/\\\/br.pinterest.com\\\/ekklisia\\\/\",\"https:\\\/\\\/www.youtube.com\\\/@EcclesiaBrasil\"]},{\"@type\":\"Person\",\"@id\":\"https:\\\/\\\/news.ecclesia.org.br\\\/#\\\/schema\\\/person\\\/6f09597f025829745ba414a569f63758\",\"name\":\"Pe. Andr\u00e9\",\"image\":{\"@type\":\"ImageObject\",\"inLanguage\":\"pt-BR\",\"@id\":\"https:\\\/\\\/secure.gravatar.com\\\/avatar\\\/b4327cfa27e9799da239a26adcd534fc29cdc0c4a4a148eecbcfeb9b42c617ac?s=96&d=mm&r=g\",\"url\":\"https:\\\/\\\/secure.gravatar.com\\\/avatar\\\/b4327cfa27e9799da239a26adcd534fc29cdc0c4a4a148eecbcfeb9b42c617ac?s=96&d=mm&r=g\",\"contentUrl\":\"https:\\\/\\\/secure.gravatar.com\\\/avatar\\\/b4327cfa27e9799da239a26adcd534fc29cdc0c4a4a148eecbcfeb9b42c617ac?s=96&d=mm&r=g\",\"caption\":\"Pe. Andr\u00e9\"},\"sameAs\":[\"https:\\\/\\\/www.ecclesia.org.br\"]}]}<\/script>\n<!-- \/ Yoast SEO plugin. -->","yoast_head_json":{"title":"Em Lourdes, a visita hist\u00f3rica do Patriarca Bartolomeu | ECCLESIA NEWS","robots":{"index":"index","follow":"follow","max-snippet":"max-snippet:-1","max-image-preview":"max-image-preview:large","max-video-preview":"max-video-preview:-1"},"canonical":"https:\/\/news.ecclesia.org.br\/?p=50939","og_locale":"pt_BR","og_type":"article","og_title":"Em Lourdes, a visita hist\u00f3rica do Patriarca Bartolomeu | ECCLESIA NEWS","og_description":"Sob a luz orante de Lourdes, o Patriarca Ecum\u00eanico Bartolomeu reafirmou o compromisso das Igrejas com a paz, a unidade e o cuidado da cria\u00e7\u00e3o. Condenou com clareza a invas\u00e3o da Ucr\u00e2nia como contr\u00e1ria ao Evangelho e \u00e0 Ortodoxia, recordou a heresia do etnofiletismo e chamou cat\u00f3licos e ortodoxos a caminhar juntos com humildade, discernimento e fidelidade viva \u00e0 Tradi\u00e7\u00e3o.","og_url":"https:\/\/news.ecclesia.org.br\/?p=50939","og_site_name":"ECCLESIA NEWS","article_publisher":"https:\/\/www.facebook.com\/Ecclesia2025","article_published_time":"2025-11-05T21:14:03+00:00","article_modified_time":"2025-11-05T21:29:04+00:00","og_image":[{"width":800,"height":400,"url":"https:\/\/news.ecclesia.org.br\/wp-content\/uploads\/2025\/11\/Bartholomee-Ier-lourdes-afp-.jpg","type":"image\/jpeg"}],"author":"Pe. Andr\u00e9","twitter_card":"summary_large_image","twitter_creator":"@EcclesiaNews","twitter_site":"@EcclesiaNews","twitter_misc":{"Escrito por":"Pe. Andr\u00e9","Est. tempo de leitura":"4 minutos"},"schema":{"@context":"https:\/\/schema.org","@graph":[{"@type":"Article","@id":"https:\/\/news.ecclesia.org.br\/?p=50939#article","isPartOf":{"@id":"https:\/\/news.ecclesia.org.br\/?p=50939"},"author":{"name":"Pe. Andr\u00e9","@id":"https:\/\/news.ecclesia.org.br\/#\/schema\/person\/6f09597f025829745ba414a569f63758"},"headline":"Em Lourdes, a visita hist\u00f3rica do Patriarca Bartolomeu","datePublished":"2025-11-05T21:14:03+00:00","dateModified":"2025-11-05T21:29:04+00:00","mainEntityOfPage":{"@id":"https:\/\/news.ecclesia.org.br\/?p=50939"},"wordCount":807,"commentCount":0,"publisher":{"@id":"https:\/\/news.ecclesia.org.br\/#organization"},"image":{"@id":"https:\/\/news.ecclesia.org.br\/?p=50939#primaryimage"},"thumbnailUrl":"https:\/\/news.ecclesia.org.br\/wp-content\/uploads\/2025\/11\/Bartholomee-Ier-lourdes-afp-.jpg","articleSection":["Di\u00e1logo e F\u00e9","NEWS","Niceia 1700 Anos","Patriarcado de Jerusal\u00e9m","Patriarcado Ecum\u00eanico"],"inLanguage":"pt-BR","potentialAction":[{"@type":"CommentAction","name":"Comment","target":["https:\/\/news.ecclesia.org.br\/?p=50939#respond"]}]},{"@type":"WebPage","@id":"https:\/\/news.ecclesia.org.br\/?p=50939","url":"https:\/\/news.ecclesia.org.br\/?p=50939","name":"Em Lourdes, a visita hist\u00f3rica do Patriarca Bartolomeu | ECCLESIA NEWS","isPartOf":{"@id":"https:\/\/news.ecclesia.org.br\/#website"},"primaryImageOfPage":{"@id":"https:\/\/news.ecclesia.org.br\/?p=50939#primaryimage"},"image":{"@id":"https:\/\/news.ecclesia.org.br\/?p=50939#primaryimage"},"thumbnailUrl":"https:\/\/news.ecclesia.org.br\/wp-content\/uploads\/2025\/11\/Bartholomee-Ier-lourdes-afp-.jpg","datePublished":"2025-11-05T21:14:03+00:00","dateModified":"2025-11-05T21:29:04+00:00","breadcrumb":{"@id":"https:\/\/news.ecclesia.org.br\/?p=50939#breadcrumb"},"inLanguage":"pt-BR","potentialAction":[{"@type":"ReadAction","target":["https:\/\/news.ecclesia.org.br\/?p=50939"]}]},{"@type":"ImageObject","inLanguage":"pt-BR","@id":"https:\/\/news.ecclesia.org.br\/?p=50939#primaryimage","url":"https:\/\/news.ecclesia.org.br\/wp-content\/uploads\/2025\/11\/Bartholomee-Ier-lourdes-afp-.jpg","contentUrl":"https:\/\/news.ecclesia.org.br\/wp-content\/uploads\/2025\/11\/Bartholomee-Ier-lourdes-afp-.jpg","width":800,"height":400},{"@type":"BreadcrumbList","@id":"https:\/\/news.ecclesia.org.br\/?p=50939#breadcrumb","itemListElement":[{"@type":"ListItem","position":1,"name":"In\u00edcio","item":"https:\/\/news.ecclesia.org.br\/"},{"@type":"ListItem","position":2,"name":"Em Lourdes, a visita hist\u00f3rica do Patriarca Bartolomeu"}]},{"@type":"WebSite","@id":"https:\/\/news.ecclesia.org.br\/#website","url":"https:\/\/news.ecclesia.org.br\/","name":"Ecclesia Brasil","description":"Desde 2003 onectando o Brasil ao mundo ortodoxo!","publisher":{"@id":"https:\/\/news.ecclesia.org.br\/#organization"},"alternateName":"Ecclesia","potentialAction":[{"@type":"SearchAction","target":{"@type":"EntryPoint","urlTemplate":"https:\/\/news.ecclesia.org.br\/?s={search_term_string}"},"query-input":{"@type":"PropertyValueSpecification","valueRequired":true,"valueName":"search_term_string"}}],"inLanguage":"pt-BR"},{"@type":"Organization","@id":"https:\/\/news.ecclesia.org.br\/#organization","name":"Sacra Arquidiocese de Buenos Aires e Am\u00e9rica do Sul | Patriarcado Ecum\u00eanico","alternateName":"News Ecclesia Brasil","url":"https:\/\/news.ecclesia.org.br\/","logo":{"@type":"ImageObject","inLanguage":"pt-BR","@id":"https:\/\/news.ecclesia.org.br\/#\/schema\/logo\/image\/","url":"https:\/\/news.ecclesia.org.br\/wp-content\/uploads\/2025\/05\/ecclesia2.png","contentUrl":"https:\/\/news.ecclesia.org.br\/wp-content\/uploads\/2025\/05\/ecclesia2.png","width":480,"height":120,"caption":"Sacra Arquidiocese de Buenos Aires e Am\u00e9rica do Sul | Patriarcado Ecum\u00eanico"},"image":{"@id":"https:\/\/news.ecclesia.org.br\/#\/schema\/logo\/image\/"},"sameAs":["https:\/\/www.facebook.com\/Ecclesia2025","https:\/\/x.com\/EcclesiaNews","https:\/\/br.pinterest.com\/ekklisia\/","https:\/\/www.youtube.com\/@EcclesiaBrasil"]},{"@type":"Person","@id":"https:\/\/news.ecclesia.org.br\/#\/schema\/person\/6f09597f025829745ba414a569f63758","name":"Pe. Andr\u00e9","image":{"@type":"ImageObject","inLanguage":"pt-BR","@id":"https:\/\/secure.gravatar.com\/avatar\/b4327cfa27e9799da239a26adcd534fc29cdc0c4a4a148eecbcfeb9b42c617ac?s=96&d=mm&r=g","url":"https:\/\/secure.gravatar.com\/avatar\/b4327cfa27e9799da239a26adcd534fc29cdc0c4a4a148eecbcfeb9b42c617ac?s=96&d=mm&r=g","contentUrl":"https:\/\/secure.gravatar.com\/avatar\/b4327cfa27e9799da239a26adcd534fc29cdc0c4a4a148eecbcfeb9b42c617ac?s=96&d=mm&r=g","caption":"Pe. Andr\u00e9"},"sameAs":["https:\/\/www.ecclesia.org.br"]}]}},"_links":{"self":[{"href":"https:\/\/news.ecclesia.org.br\/index.php?rest_route=\/wp\/v2\/posts\/50939","targetHints":{"allow":["GET"]}}],"collection":[{"href":"https:\/\/news.ecclesia.org.br\/index.php?rest_route=\/wp\/v2\/posts"}],"about":[{"href":"https:\/\/news.ecclesia.org.br\/index.php?rest_route=\/wp\/v2\/types\/post"}],"author":[{"embeddable":true,"href":"https:\/\/news.ecclesia.org.br\/index.php?rest_route=\/wp\/v2\/users\/1"}],"replies":[{"embeddable":true,"href":"https:\/\/news.ecclesia.org.br\/index.php?rest_route=%2Fwp%2Fv2%2Fcomments&post=50939"}],"version-history":[{"count":9,"href":"https:\/\/news.ecclesia.org.br\/index.php?rest_route=\/wp\/v2\/posts\/50939\/revisions"}],"predecessor-version":[{"id":50950,"href":"https:\/\/news.ecclesia.org.br\/index.php?rest_route=\/wp\/v2\/posts\/50939\/revisions\/50950"}],"wp:featuredmedia":[{"embeddable":true,"href":"https:\/\/news.ecclesia.org.br\/index.php?rest_route=\/wp\/v2\/media\/50943"}],"wp:attachment":[{"href":"https:\/\/news.ecclesia.org.br\/index.php?rest_route=%2Fwp%2Fv2%2Fmedia&parent=50939"}],"wp:term":[{"taxonomy":"category","embeddable":true,"href":"https:\/\/news.ecclesia.org.br\/index.php?rest_route=%2Fwp%2Fv2%2Fcategories&post=50939"},{"taxonomy":"post_tag","embeddable":true,"href":"https:\/\/news.ecclesia.org.br\/index.php?rest_route=%2Fwp%2Fv2%2Ftags&post=50939"}],"curies":[{"name":"wp","href":"https:\/\/api.w.org\/{rel}","templated":true}]}}