{"id":50896,"date":"2025-10-24T17:31:27","date_gmt":"2025-10-24T20:31:27","guid":{"rendered":"https:\/\/news.ecclesia.org.br\/?p=50896"},"modified":"2025-10-24T17:48:54","modified_gmt":"2025-10-24T20:48:54","slug":"patriarca-ecumenico-sobre-o-historico-jubileu-de-niceia","status":"publish","type":"post","link":"https:\/\/news.ecclesia.org.br\/?p=50896","title":{"rendered":"Patriarca Ecum\u00eanico sobre o hist\u00f3rico jubileu de Niceia"},"content":{"rendered":"\t\t<div data-elementor-type=\"wp-post\" data-elementor-id=\"50896\" class=\"elementor elementor-50896\">\n\t\t\t\t\t\t<section class=\"elementor-section elementor-top-section elementor-element elementor-element-ab6b36a elementor-section-boxed elementor-section-height-default elementor-section-height-default\" data-id=\"ab6b36a\" data-element_type=\"section\" data-e-type=\"section\">\n\t\t\t\t\t\t<div class=\"elementor-container elementor-column-gap-default\">\n\t\t\t\t\t<div class=\"elementor-column elementor-col-100 elementor-top-column elementor-element elementor-element-c6a4b56\" data-id=\"c6a4b56\" data-element_type=\"column\" data-e-type=\"column\">\n\t\t\t<div class=\"elementor-widget-wrap elementor-element-populated\">\n\t\t\t\t\t\t<div class=\"elementor-element elementor-element-1015fa86 elementor-widget elementor-widget-text-editor\" data-id=\"1015fa86\" data-element_type=\"widget\" data-e-type=\"widget\" data-widget_type=\"text-editor.default\">\n\t\t\t\t<div class=\"elementor-widget-container\">\n\t\t\t\t\t\t\t\t\t\n<blockquote class=\"wp-block-quote is-layout-flow wp-block-quote-is-layout-flow\">\n<p><em>\u201cN\u00e3o podemos conceber ausente o sucessor de Tiago, o irm\u00e3o do Senhor\u201d<\/em><\/p>\n<\/blockquote>\n\n<p>Na tarde de quarta-feira, 22 de outubro de 2025, Sua Santidade o Patriarca Ecum\u00eanico Bartolomeu presidiu a ora\u00e7\u00e3o vespertina na Igreja de S\u00e3o Jorge, em Neoch\u00f3ri (B\u00f3sforo), Met\u00f3quio do Santo Sepulcro, por ocasi\u00e3o da festa patronal do Patriarcado de Jerusal\u00e9m, que celebra a mem\u00f3ria de S\u00e3o Tiago, o irm\u00e3o do Senhor, primeiro bispo de Jerusal\u00e9m.<\/p>\n\n<p>A homilia foi proferida pelo Revmo. <strong>Grande Pregador Panaretos<\/strong>.<\/p>\n\n<h2 class=\"wp-block-heading\">V\u00ednculos seculares entre Constantinopla e Jerusal\u00e9m<\/h2>\n\n<p>Em sua alocu\u00e7\u00e3o, dirigindo-se a Dom Nect\u00e1rio, Arcebispo de Anthidon, representante do Santo Sepulcro em Constantinopla, o Patriarca recordou os v\u00ednculos multisseculares entre o Patriarcado Ecum\u00eanico e a Igreja de Si\u00e3o, destacando o constante apoio oferecido pela <em>Primeira S\u00e9 da Ortodoxia<\/em> \u00e0 Fraternidade do Santo Sepulcro.<\/p>\n\n<blockquote class=\"wp-block-quote is-layout-flow wp-block-quote-is-layout-flow\">\n<p>\u201cA comunh\u00e3o orante e intercessora entre as nossas duas Igrejas \u00e9 mais um elo na cadeia de nossas rela\u00e7\u00f5es fraternas, tanto nos tempos de gl\u00f3ria como nas horas dif\u00edceis.<\/p>\n<ul>\n<li><span style=\"font-size: 1em;\">A aten\u00e7\u00e3o e a honra da Primeira S\u00e9 dos Ortodoxos para com a Fraternidade do Santo Sepulcro \u2014 vigilante guardi\u00e3 dos lugares santos da nossa f\u00e9 imaculada \u2014 permaneceram inalteradas ao longo dos s\u00e9culos.<\/span><\/li>\n<li>A media\u00e7\u00e3o da Santa Igreja de Cristo junto ao imperador bizantino, e mais tarde junto \u00e0 Sublime Porta e \u00e0s miss\u00f5es diplom\u00e1ticas em Constantinopla, em favor dos direitos do Patriarcado de Jerusal\u00e9m;<\/li>\n<li>a elei\u00e7\u00e3o, em certos per\u00edodos, de Patriarcas de Jerusal\u00e9m na pr\u00f3pria cidade de Constantino;<\/li>\n<li>a emiss\u00e3o de Sig\u00edlios Patriarcais que autorizavam a coleta de ofertas para o Santo Sepulcro;<\/li>\n<li>a funda\u00e7\u00e3o de Met\u00f3quios do Santo Sepulcro, como este de Neoch\u00f3ri;<\/li>\n<li>e o aux\u00edlio concreto ao Patriarcado de Jerusal\u00e9m diante de suas dificuldades econ\u00f4micas e mission\u00e1rias \u2014 tudo isso constitui express\u00e3o constante do amor e da solidariedade do venerando Trono Ecum\u00eanico para com a Igreja de Si\u00e3o.\u201d<\/li>\n<\/ul>\n<p>\u201cAsseguramos-vos, que tamb\u00e9m hoje e no futuro estaremos sempre prontos a testemunhar, de modo vivo, nossos sentimentos fraternos e a continuar esta honrosa tradi\u00e7\u00e3o de assist\u00eancia e colabora\u00e7\u00e3o com a Igreja-irm\u00e3 de Jerusal\u00e9m.<\/p>\n<p>Transmiti, pois, nosso fraternal \u00f3sculo ao Beat\u00edssimo Patriarca Te\u00f3filo, por ocasi\u00e3o da mem\u00f3ria do seu predecessor, Tiago, o irm\u00e3o do Senhor.\u201d<\/p>\n<\/blockquote>\n\n<h2 class=\"wp-block-heading\">Convite ao Patriarca de Jerusal\u00e9m para o jubileu de Niceia<\/h2>\n\n<p>Na mesma ocasi\u00e3o, o Patriarca Ecum\u00eanico renovou seu convite ao Patriarca Te\u00f3filo de Jerusal\u00e9m para participar das celebra\u00e7\u00f5es na cidade de Niceia, Bit\u00ednia, por ocasi\u00e3o dos 1700 anos da convoca\u00e7\u00e3o do Primeiro Conc\u00edlio Ecum\u00eanico (325\u20132025).<\/p>\n\n<blockquote class=\"wp-block-quote is-layout-flow wp-block-quote-is-layout-flow\">\n<p>\u201cAproveitamos esta ocasi\u00e3o para reiterar o convite fraterno, j\u00e1 enviado por escrito, ao Patriarca de Jerusal\u00e9m, a fim de celebrarmos juntos, no dia 28 de novembro pr\u00f3ximo, em Niceia, o 1700\u00ba anivers\u00e1rio da Primeira Conc\u00edlio Ecum\u00eanico, juntamente com Sua Santidade o Papa Le\u00e3o XIV de Roma e os Beat\u00edssimos Patriarcas Teodoro de Alexandria e Jo\u00e3o de Antioquia, e para honrarmos, no dia 30 de novembro, no Fanar, a mem\u00f3ria de S\u00e3o Andr\u00e9, o Primeiro-Chamado, fundador da Igreja de Constantinopla.<\/p>\n<\/blockquote>\n\n<blockquote class=\"wp-block-quote is-layout-flow wp-block-quote-is-layout-flow\">\n<p>Neste evento hist\u00f3rico \u2014 express\u00e3o tang\u00edvel da unidade entre o Oriente e o Ocidente crist\u00e3os, reunindo os quatro Patriarcas do Oriente e o Patriarca do Ocidente, a antiga <em>Pentarquia<\/em> \u2014 n\u00e3o podemos conceber ausente o sucessor de Tiago, o irm\u00e3o do Senhor.<br \/>Rezamos e aguardamos a resposta positiva do Beat\u00edssimo Irm\u00e3o Patriarca Te\u00f3filo, fiel \u00e0 sua responsabilidade hist\u00f3rica \u201cem favor da unidade de todos\u201d.\u201d<\/p>\n<\/blockquote>\n\n<h2 class=\"wp-block-heading\">Anivers\u00e1rio de sua elei\u00e7\u00e3o patriarcal<\/h2>\n\n<p>O Patriarca tamb\u00e9m recordou o 34\u00ba anivers\u00e1rio de sua elei\u00e7\u00e3o como Primaz da Igreja de Constantinopla, ocorrida em 22 de outubro de 1991.<\/p>\n\n<blockquote class=\"wp-block-quote is-layout-flow wp-block-quote-is-layout-flow\">\n<p>\u201cSe todo bispo, conforme a consci\u00eancia e a tradi\u00e7\u00e3o da Igreja, representa \u2018a figura e o lugar de Cristo\u2019, compreende-se que tal responsabilidade pesa ainda mais sobre os ombros dos Primazes das Igrejas locais.<br \/>Esta responsabilidade \u00e9 dif\u00edcil em qualquer tempo, por causa da fraqueza humana, mas especialmente exigente nas atuais circunst\u00e2ncias.<br \/>Contudo, n\u00e3o nos deixemos abater pela dura realidade que nos cerca, pois cremos tamb\u00e9m em outra realidade: <em>\u2018o Reino de Deus est\u00e1 dentro de v\u00f3s\u2019<\/em> (Lc 17,21).<br \/>Como realidade interior, ele permanece imut\u00e1vel, ainda que as condi\u00e7\u00f5es externas mudem e os fatores humanos passem.<br \/>Damos gl\u00f3ria a Deus por Suas inumer\u00e1veis b\u00ean\u00e7\u00e3os e agradecemos por nos ter concedido alcan\u00e7ar este marco em sa\u00fade e vigor.<br \/>Somos fortalecidos na nossa miss\u00e3o patriarcal pela sincera coopera\u00e7\u00e3o dos membros do Santo S\u00ednodo, pela dedica\u00e7\u00e3o dos bispos e cl\u00e9rigos, pela fidelidade dos fi\u00e9is e pela devo\u00e7\u00e3o de todos os filhos espirituais da M\u00e3e Igreja de Constantinopla.\u201d<\/p>\n<\/blockquote>\n\n<p>Concluindo, Sua Santidade felicitou o Arcebispo Nect\u00e1rio de Anthidon por seu zelo e abnega\u00e7\u00e3o no servi\u00e7o aos tr\u00eas Met\u00f3quios do Santo Sepulcro em Constantinopla.<\/p>\n\n<h2 class=\"wp-block-heading\">Participa\u00e7\u00f5es do dia<\/h2>\n\n<p>Pela manh\u00e3, o Patriarca Ecum\u00eanico havia participado da Divina Liturgia celebrada no Templo Patriarcal de S\u00e3o Jorge, por ocasi\u00e3o do anivers\u00e1rio de sua elei\u00e7\u00e3o, e, ao meio-dia, recebeu as felicita\u00e7\u00f5es da Hierarquia do Trono residente na Turquia, seguindo-se um banquete festivo no Pal\u00e1cio Patriarcal.<\/p>\n\n<p>Estiveram presentes no of\u00edcio vespertino o Metropolita Aten\u00e1goras de Cid\u00f4nia, cl\u00e9rigos e fi\u00e9is da comunidade constantinopolitana.<\/p>\n\n<h3 class=\"wp-block-heading\">Florian\u00f3polis, 24 de outubro de 2025 | Reda\u00e7\u00e3o do Portal Ecclesia Brasil<\/h3>\n\t\t\t\t\t\t\t\t<\/div>\n\t\t\t\t<\/div>\n\t\t\t\t<div class=\"elementor-element elementor-element-838c44b elementor-widget elementor-widget-image-gallery\" data-id=\"838c44b\" data-element_type=\"widget\" data-e-type=\"widget\" data-widget_type=\"image-gallery.default\">\n\t\t\t\t<div class=\"elementor-widget-container\">\n\t\t\t\t\t\t\t<div class=\"elementor-image-gallery\">\n\t\t\t<div id='gallery-1' class='gallery galleryid-50896 gallery-columns-3 gallery-size-thumbnail'><figure class='gallery-item'>\n\t\t\t<div class='gallery-icon landscape'>\n\t\t\t\t<a data-elementor-open-lightbox=\"yes\" data-elementor-lightbox-slideshow=\"838c44b\" data-elementor-lightbox-title=\"DSC09232-scaled\" data-e-action-hash=\"#elementor-action%3Aaction%3Dlightbox%26settings%3DeyJpZCI6NTA5MDIsInVybCI6Imh0dHBzOlwvXC9uZXdzLmVjY2xlc2lhLm9yZy5iclwvd3AtY29udGVudFwvdXBsb2Fkc1wvMjAyNVwvMTBcL0RTQzA5MjMyLXNjYWxlZC0xLmpwZyIsInNsaWRlc2hvdyI6IjgzOGM0NGIifQ%3D%3D\" href='https:\/\/news.ecclesia.org.br\/wp-content\/uploads\/2025\/10\/DSC09232-scaled-1.jpg'><img decoding=\"async\" width=\"150\" height=\"150\" src=\"https:\/\/news.ecclesia.org.br\/wp-content\/uploads\/2025\/10\/DSC09232-scaled-1-150x150.jpg\" class=\"attachment-thumbnail size-thumbnail\" alt=\"\" \/><\/a>\n\t\t\t<\/div><\/figure><figure class='gallery-item'>\n\t\t\t<div class='gallery-icon landscape'>\n\t\t\t\t<a data-elementor-open-lightbox=\"yes\" data-elementor-lightbox-slideshow=\"838c44b\" data-elementor-lightbox-title=\"DSC09199-scaled\" data-e-action-hash=\"#elementor-action%3Aaction%3Dlightbox%26settings%3DeyJpZCI6NTA5MDEsInVybCI6Imh0dHBzOlwvXC9uZXdzLmVjY2xlc2lhLm9yZy5iclwvd3AtY29udGVudFwvdXBsb2Fkc1wvMjAyNVwvMTBcL0RTQzA5MTk5LXNjYWxlZC0xLmpwZyIsInNsaWRlc2hvdyI6IjgzOGM0NGIifQ%3D%3D\" href='https:\/\/news.ecclesia.org.br\/wp-content\/uploads\/2025\/10\/DSC09199-scaled-1.jpg'><img decoding=\"async\" width=\"150\" height=\"150\" src=\"https:\/\/news.ecclesia.org.br\/wp-content\/uploads\/2025\/10\/DSC09199-scaled-1-150x150.jpg\" class=\"attachment-thumbnail size-thumbnail\" alt=\"\" \/><\/a>\n\t\t\t<\/div><\/figure><figure class='gallery-item'>\n\t\t\t<div class='gallery-icon landscape'>\n\t\t\t\t<a data-elementor-open-lightbox=\"yes\" data-elementor-lightbox-slideshow=\"838c44b\" data-elementor-lightbox-title=\"DSC09411-scaled\" data-e-action-hash=\"#elementor-action%3Aaction%3Dlightbox%26settings%3DeyJpZCI6NTA5MDMsInVybCI6Imh0dHBzOlwvXC9uZXdzLmVjY2xlc2lhLm9yZy5iclwvd3AtY29udGVudFwvdXBsb2Fkc1wvMjAyNVwvMTBcL0RTQzA5NDExLXNjYWxlZC0xLmpwZyIsInNsaWRlc2hvdyI6IjgzOGM0NGIifQ%3D%3D\" href='https:\/\/news.ecclesia.org.br\/wp-content\/uploads\/2025\/10\/DSC09411-scaled-1.jpg'><img decoding=\"async\" width=\"150\" height=\"150\" src=\"https:\/\/news.ecclesia.org.br\/wp-content\/uploads\/2025\/10\/DSC09411-scaled-1-150x150.jpg\" class=\"attachment-thumbnail size-thumbnail\" alt=\"\" \/><\/a>\n\t\t\t<\/div><\/figure><figure class='gallery-item'>\n\t\t\t<div class='gallery-icon portrait'>\n\t\t\t\t<a data-elementor-open-lightbox=\"yes\" data-elementor-lightbox-slideshow=\"838c44b\" data-elementor-lightbox-title=\"DSC00886-scaled\" data-e-action-hash=\"#elementor-action%3Aaction%3Dlightbox%26settings%3DeyJpZCI6NTA4OTksInVybCI6Imh0dHBzOlwvXC9uZXdzLmVjY2xlc2lhLm9yZy5iclwvd3AtY29udGVudFwvdXBsb2Fkc1wvMjAyNVwvMTBcL0RTQzAwODg2LXNjYWxlZC0xLmpwZyIsInNsaWRlc2hvdyI6IjgzOGM0NGIifQ%3D%3D\" href='https:\/\/news.ecclesia.org.br\/wp-content\/uploads\/2025\/10\/DSC00886-scaled-1.jpg'><img loading=\"lazy\" decoding=\"async\" width=\"150\" height=\"150\" src=\"https:\/\/news.ecclesia.org.br\/wp-content\/uploads\/2025\/10\/DSC00886-scaled-1-150x150.jpg\" class=\"attachment-thumbnail size-thumbnail\" alt=\"\" \/><\/a>\n\t\t\t<\/div><\/figure><figure class='gallery-item'>\n\t\t\t<div class='gallery-icon portrait'>\n\t\t\t\t<a data-elementor-open-lightbox=\"yes\" data-elementor-lightbox-slideshow=\"838c44b\" data-elementor-lightbox-title=\"DSC00939-scaled\" data-e-action-hash=\"#elementor-action%3Aaction%3Dlightbox%26settings%3DeyJpZCI6NTA5MDAsInVybCI6Imh0dHBzOlwvXC9uZXdzLmVjY2xlc2lhLm9yZy5iclwvd3AtY29udGVudFwvdXBsb2Fkc1wvMjAyNVwvMTBcL0RTQzAwOTM5LXNjYWxlZC0xLmpwZyIsInNsaWRlc2hvdyI6IjgzOGM0NGIifQ%3D%3D\" href='https:\/\/news.ecclesia.org.br\/wp-content\/uploads\/2025\/10\/DSC00939-scaled-1.jpg'><img loading=\"lazy\" decoding=\"async\" width=\"150\" height=\"150\" src=\"https:\/\/news.ecclesia.org.br\/wp-content\/uploads\/2025\/10\/DSC00939-scaled-1-150x150.jpg\" class=\"attachment-thumbnail size-thumbnail\" alt=\"\" \/><\/a>\n\t\t\t<\/div><\/figure><figure class='gallery-item'>\n\t\t\t<div class='gallery-icon portrait'>\n\t\t\t\t<a data-elementor-open-lightbox=\"yes\" data-elementor-lightbox-slideshow=\"838c44b\" data-elementor-lightbox-title=\"DSC09518-scaled\" data-e-action-hash=\"#elementor-action%3Aaction%3Dlightbox%26settings%3DeyJpZCI6NTA5MDQsInVybCI6Imh0dHBzOlwvXC9uZXdzLmVjY2xlc2lhLm9yZy5iclwvd3AtY29udGVudFwvdXBsb2Fkc1wvMjAyNVwvMTBcL0RTQzA5NTE4LXNjYWxlZC0xLmpwZyIsInNsaWRlc2hvdyI6IjgzOGM0NGIifQ%3D%3D\" href='https:\/\/news.ecclesia.org.br\/wp-content\/uploads\/2025\/10\/DSC09518-scaled-1.jpg'><img loading=\"lazy\" decoding=\"async\" width=\"150\" height=\"150\" src=\"https:\/\/news.ecclesia.org.br\/wp-content\/uploads\/2025\/10\/DSC09518-scaled-1-150x150.jpg\" class=\"attachment-thumbnail size-thumbnail\" alt=\"\" \/><\/a>\n\t\t\t<\/div><\/figure>\n\t\t<\/div>\n\t\t<\/div>\n\t\t\t\t\t\t<\/div>\n\t\t\t\t<\/div>\n\t\t\t\t\t<\/div>\n\t\t<\/div>\n\t\t\t\t\t<\/div>\n\t\t<\/section>\n\t\t\t\t<\/div>\n\t\t","protected":false},"excerpt":{"rendered":"<p>Durante a celebra\u00e7\u00e3o da festa de S\u00e3o Tiago, o irm\u00e3o do Senhor, no Met\u00f3quio do Santo Sepulcro em Neoch\u00f3ri (B\u00f3sforo), o Patriarca Ecum\u00eanico Bartolomeu recordou os v\u00ednculos seculares entre Constantinopla e Jerusal\u00e9m e renovou o convite ao Patriarca Te\u00f3filo para participar dos festejos pelos 1700 anos do Primeiro Conc\u00edlio Ecum\u00eanico, a realizarem-se em Niceia, no pr\u00f3ximo dia 28 de novembro.<\/p>\n","protected":false},"author":1,"featured_media":50914,"comment_status":"open","ping_status":"open","sticky":false,"template":"","format":"standard","meta":{"_acf_changed":false,"footnotes":""},"categories":[2711,1,3167,2754,72],"tags":[],"class_list":["post-50896","post","type-post","status-publish","format-standard","has-post-thumbnail","hentry","category-dialogo-e-fe","category-news","category-niceia-1700-anos","category-patriarcado-de-jerusalem","category-patriarcado-ecumenico","entry","rows-excerpt"],"acf":[],"yoast_head":"<!-- This site is optimized with the Yoast SEO plugin v27.5 - https:\/\/yoast.com\/product\/yoast-seo-wordpress\/ -->\n<title>Patriarca Ecum\u00eanico sobre o hist\u00f3rico jubileu de Niceia | ECCLESIA NEWS<\/title>\n<meta name=\"robots\" content=\"index, follow, max-snippet:-1, max-image-preview:large, max-video-preview:-1\" \/>\n<link rel=\"canonical\" href=\"https:\/\/news.ecclesia.org.br\/?p=50896\" \/>\n<meta property=\"og:locale\" content=\"pt_BR\" \/>\n<meta property=\"og:type\" content=\"article\" \/>\n<meta property=\"og:title\" content=\"Patriarca Ecum\u00eanico sobre o hist\u00f3rico jubileu de Niceia | ECCLESIA NEWS\" \/>\n<meta property=\"og:description\" content=\"Durante a celebra\u00e7\u00e3o da festa de S\u00e3o Tiago, o irm\u00e3o do Senhor, no Met\u00f3quio do Santo Sepulcro em Neoch\u00f3ri (B\u00f3sforo), o Patriarca Ecum\u00eanico Bartolomeu recordou os v\u00ednculos seculares entre Constantinopla e Jerusal\u00e9m e renovou o convite ao Patriarca Te\u00f3filo para participar dos festejos pelos 1700 anos do Primeiro Conc\u00edlio Ecum\u00eanico, a realizarem-se em Niceia, no pr\u00f3ximo dia 28 de novembro.\" \/>\n<meta property=\"og:url\" content=\"https:\/\/news.ecclesia.org.br\/?p=50896\" \/>\n<meta property=\"og:site_name\" content=\"ECCLESIA NEWS\" \/>\n<meta property=\"article:publisher\" content=\"https:\/\/www.facebook.com\/Ecclesia2025\" \/>\n<meta property=\"article:published_time\" content=\"2025-10-24T20:31:27+00:00\" \/>\n<meta property=\"article:modified_time\" content=\"2025-10-24T20:48:54+00:00\" \/>\n<meta property=\"og:image\" content=\"https:\/\/news.ecclesia.org.br\/wp-content\/uploads\/2025\/10\/2025-10-24_174548_ec-patr.jpg\" \/>\n\t<meta property=\"og:image:width\" content=\"1368\" \/>\n\t<meta property=\"og:image:height\" content=\"717\" \/>\n\t<meta property=\"og:image:type\" content=\"image\/jpeg\" \/>\n<meta name=\"author\" content=\"Pe. Andr\u00e9\" \/>\n<meta name=\"twitter:card\" content=\"summary_large_image\" \/>\n<meta name=\"twitter:creator\" content=\"@EcclesiaNews\" \/>\n<meta name=\"twitter:site\" content=\"@EcclesiaNews\" \/>\n<meta name=\"twitter:label1\" content=\"Escrito por\" \/>\n\t<meta name=\"twitter:data1\" content=\"Pe. Andr\u00e9\" \/>\n\t<meta name=\"twitter:label2\" content=\"Est. tempo de leitura\" \/>\n\t<meta name=\"twitter:data2\" content=\"3 minutos\" \/>\n<script type=\"application\/ld+json\" class=\"yoast-schema-graph\">{\"@context\":\"https:\\\/\\\/schema.org\",\"@graph\":[{\"@type\":\"Article\",\"@id\":\"https:\\\/\\\/news.ecclesia.org.br\\\/?p=50896#article\",\"isPartOf\":{\"@id\":\"https:\\\/\\\/news.ecclesia.org.br\\\/?p=50896\"},\"author\":{\"name\":\"Pe. Andr\u00e9\",\"@id\":\"https:\\\/\\\/news.ecclesia.org.br\\\/#\\\/schema\\\/person\\\/6f09597f025829745ba414a569f63758\"},\"headline\":\"Patriarca Ecum\u00eanico sobre o hist\u00f3rico jubileu de Niceia\",\"datePublished\":\"2025-10-24T20:31:27+00:00\",\"dateModified\":\"2025-10-24T20:48:54+00:00\",\"mainEntityOfPage\":{\"@id\":\"https:\\\/\\\/news.ecclesia.org.br\\\/?p=50896\"},\"wordCount\":945,\"commentCount\":0,\"publisher\":{\"@id\":\"https:\\\/\\\/news.ecclesia.org.br\\\/#organization\"},\"image\":{\"@id\":\"https:\\\/\\\/news.ecclesia.org.br\\\/?p=50896#primaryimage\"},\"thumbnailUrl\":\"https:\\\/\\\/news.ecclesia.org.br\\\/wp-content\\\/uploads\\\/2025\\\/10\\\/2025-10-24_174548_ec-patr.jpg\",\"articleSection\":[\"Di\u00e1logo e F\u00e9\",\"NEWS\",\"Niceia 1700 Anos\",\"Patriarcado de Jerusal\u00e9m\",\"Patriarcado Ecum\u00eanico\"],\"inLanguage\":\"pt-BR\",\"potentialAction\":[{\"@type\":\"CommentAction\",\"name\":\"Comment\",\"target\":[\"https:\\\/\\\/news.ecclesia.org.br\\\/?p=50896#respond\"]}]},{\"@type\":\"WebPage\",\"@id\":\"https:\\\/\\\/news.ecclesia.org.br\\\/?p=50896\",\"url\":\"https:\\\/\\\/news.ecclesia.org.br\\\/?p=50896\",\"name\":\"Patriarca Ecum\u00eanico sobre o hist\u00f3rico jubileu de Niceia | ECCLESIA NEWS\",\"isPartOf\":{\"@id\":\"https:\\\/\\\/news.ecclesia.org.br\\\/#website\"},\"primaryImageOfPage\":{\"@id\":\"https:\\\/\\\/news.ecclesia.org.br\\\/?p=50896#primaryimage\"},\"image\":{\"@id\":\"https:\\\/\\\/news.ecclesia.org.br\\\/?p=50896#primaryimage\"},\"thumbnailUrl\":\"https:\\\/\\\/news.ecclesia.org.br\\\/wp-content\\\/uploads\\\/2025\\\/10\\\/2025-10-24_174548_ec-patr.jpg\",\"datePublished\":\"2025-10-24T20:31:27+00:00\",\"dateModified\":\"2025-10-24T20:48:54+00:00\",\"breadcrumb\":{\"@id\":\"https:\\\/\\\/news.ecclesia.org.br\\\/?p=50896#breadcrumb\"},\"inLanguage\":\"pt-BR\",\"potentialAction\":[{\"@type\":\"ReadAction\",\"target\":[\"https:\\\/\\\/news.ecclesia.org.br\\\/?p=50896\"]}]},{\"@type\":\"ImageObject\",\"inLanguage\":\"pt-BR\",\"@id\":\"https:\\\/\\\/news.ecclesia.org.br\\\/?p=50896#primaryimage\",\"url\":\"https:\\\/\\\/news.ecclesia.org.br\\\/wp-content\\\/uploads\\\/2025\\\/10\\\/2025-10-24_174548_ec-patr.jpg\",\"contentUrl\":\"https:\\\/\\\/news.ecclesia.org.br\\\/wp-content\\\/uploads\\\/2025\\\/10\\\/2025-10-24_174548_ec-patr.jpg\",\"width\":1368,\"height\":717},{\"@type\":\"BreadcrumbList\",\"@id\":\"https:\\\/\\\/news.ecclesia.org.br\\\/?p=50896#breadcrumb\",\"itemListElement\":[{\"@type\":\"ListItem\",\"position\":1,\"name\":\"In\u00edcio\",\"item\":\"https:\\\/\\\/news.ecclesia.org.br\\\/\"},{\"@type\":\"ListItem\",\"position\":2,\"name\":\"Patriarca Ecum\u00eanico sobre o hist\u00f3rico jubileu de Niceia\"}]},{\"@type\":\"WebSite\",\"@id\":\"https:\\\/\\\/news.ecclesia.org.br\\\/#website\",\"url\":\"https:\\\/\\\/news.ecclesia.org.br\\\/\",\"name\":\"Ecclesia Brasil\",\"description\":\"Desde 2003 onectando o Brasil ao mundo ortodoxo!\",\"publisher\":{\"@id\":\"https:\\\/\\\/news.ecclesia.org.br\\\/#organization\"},\"alternateName\":\"Ecclesia\",\"potentialAction\":[{\"@type\":\"SearchAction\",\"target\":{\"@type\":\"EntryPoint\",\"urlTemplate\":\"https:\\\/\\\/news.ecclesia.org.br\\\/?s={search_term_string}\"},\"query-input\":{\"@type\":\"PropertyValueSpecification\",\"valueRequired\":true,\"valueName\":\"search_term_string\"}}],\"inLanguage\":\"pt-BR\"},{\"@type\":\"Organization\",\"@id\":\"https:\\\/\\\/news.ecclesia.org.br\\\/#organization\",\"name\":\"Sacra Arquidiocese de Buenos Aires e Am\u00e9rica do Sul | Patriarcado Ecum\u00eanico\",\"alternateName\":\"News Ecclesia Brasil\",\"url\":\"https:\\\/\\\/news.ecclesia.org.br\\\/\",\"logo\":{\"@type\":\"ImageObject\",\"inLanguage\":\"pt-BR\",\"@id\":\"https:\\\/\\\/news.ecclesia.org.br\\\/#\\\/schema\\\/logo\\\/image\\\/\",\"url\":\"https:\\\/\\\/news.ecclesia.org.br\\\/wp-content\\\/uploads\\\/2025\\\/05\\\/ecclesia2.png\",\"contentUrl\":\"https:\\\/\\\/news.ecclesia.org.br\\\/wp-content\\\/uploads\\\/2025\\\/05\\\/ecclesia2.png\",\"width\":480,\"height\":120,\"caption\":\"Sacra Arquidiocese de Buenos Aires e Am\u00e9rica do Sul | Patriarcado Ecum\u00eanico\"},\"image\":{\"@id\":\"https:\\\/\\\/news.ecclesia.org.br\\\/#\\\/schema\\\/logo\\\/image\\\/\"},\"sameAs\":[\"https:\\\/\\\/www.facebook.com\\\/Ecclesia2025\",\"https:\\\/\\\/x.com\\\/EcclesiaNews\",\"https:\\\/\\\/br.pinterest.com\\\/ekklisia\\\/\",\"https:\\\/\\\/www.youtube.com\\\/@EcclesiaBrasil\"]},{\"@type\":\"Person\",\"@id\":\"https:\\\/\\\/news.ecclesia.org.br\\\/#\\\/schema\\\/person\\\/6f09597f025829745ba414a569f63758\",\"name\":\"Pe. Andr\u00e9\",\"image\":{\"@type\":\"ImageObject\",\"inLanguage\":\"pt-BR\",\"@id\":\"https:\\\/\\\/secure.gravatar.com\\\/avatar\\\/b4327cfa27e9799da239a26adcd534fc29cdc0c4a4a148eecbcfeb9b42c617ac?s=96&d=mm&r=g\",\"url\":\"https:\\\/\\\/secure.gravatar.com\\\/avatar\\\/b4327cfa27e9799da239a26adcd534fc29cdc0c4a4a148eecbcfeb9b42c617ac?s=96&d=mm&r=g\",\"contentUrl\":\"https:\\\/\\\/secure.gravatar.com\\\/avatar\\\/b4327cfa27e9799da239a26adcd534fc29cdc0c4a4a148eecbcfeb9b42c617ac?s=96&d=mm&r=g\",\"caption\":\"Pe. Andr\u00e9\"},\"sameAs\":[\"https:\\\/\\\/www.ecclesia.org.br\"]}]}<\/script>\n<!-- \/ Yoast SEO plugin. -->","yoast_head_json":{"title":"Patriarca Ecum\u00eanico sobre o hist\u00f3rico jubileu de Niceia | ECCLESIA NEWS","robots":{"index":"index","follow":"follow","max-snippet":"max-snippet:-1","max-image-preview":"max-image-preview:large","max-video-preview":"max-video-preview:-1"},"canonical":"https:\/\/news.ecclesia.org.br\/?p=50896","og_locale":"pt_BR","og_type":"article","og_title":"Patriarca Ecum\u00eanico sobre o hist\u00f3rico jubileu de Niceia | ECCLESIA NEWS","og_description":"Durante a celebra\u00e7\u00e3o da festa de S\u00e3o Tiago, o irm\u00e3o do Senhor, no Met\u00f3quio do Santo Sepulcro em Neoch\u00f3ri (B\u00f3sforo), o Patriarca Ecum\u00eanico Bartolomeu recordou os v\u00ednculos seculares entre Constantinopla e Jerusal\u00e9m e renovou o convite ao Patriarca Te\u00f3filo para participar dos festejos pelos 1700 anos do Primeiro Conc\u00edlio Ecum\u00eanico, a realizarem-se em Niceia, no pr\u00f3ximo dia 28 de novembro.","og_url":"https:\/\/news.ecclesia.org.br\/?p=50896","og_site_name":"ECCLESIA NEWS","article_publisher":"https:\/\/www.facebook.com\/Ecclesia2025","article_published_time":"2025-10-24T20:31:27+00:00","article_modified_time":"2025-10-24T20:48:54+00:00","og_image":[{"width":1368,"height":717,"url":"https:\/\/news.ecclesia.org.br\/wp-content\/uploads\/2025\/10\/2025-10-24_174548_ec-patr.jpg","type":"image\/jpeg"}],"author":"Pe. Andr\u00e9","twitter_card":"summary_large_image","twitter_creator":"@EcclesiaNews","twitter_site":"@EcclesiaNews","twitter_misc":{"Escrito por":"Pe. Andr\u00e9","Est. tempo de leitura":"3 minutos"},"schema":{"@context":"https:\/\/schema.org","@graph":[{"@type":"Article","@id":"https:\/\/news.ecclesia.org.br\/?p=50896#article","isPartOf":{"@id":"https:\/\/news.ecclesia.org.br\/?p=50896"},"author":{"name":"Pe. Andr\u00e9","@id":"https:\/\/news.ecclesia.org.br\/#\/schema\/person\/6f09597f025829745ba414a569f63758"},"headline":"Patriarca Ecum\u00eanico sobre o hist\u00f3rico jubileu de Niceia","datePublished":"2025-10-24T20:31:27+00:00","dateModified":"2025-10-24T20:48:54+00:00","mainEntityOfPage":{"@id":"https:\/\/news.ecclesia.org.br\/?p=50896"},"wordCount":945,"commentCount":0,"publisher":{"@id":"https:\/\/news.ecclesia.org.br\/#organization"},"image":{"@id":"https:\/\/news.ecclesia.org.br\/?p=50896#primaryimage"},"thumbnailUrl":"https:\/\/news.ecclesia.org.br\/wp-content\/uploads\/2025\/10\/2025-10-24_174548_ec-patr.jpg","articleSection":["Di\u00e1logo e F\u00e9","NEWS","Niceia 1700 Anos","Patriarcado de Jerusal\u00e9m","Patriarcado Ecum\u00eanico"],"inLanguage":"pt-BR","potentialAction":[{"@type":"CommentAction","name":"Comment","target":["https:\/\/news.ecclesia.org.br\/?p=50896#respond"]}]},{"@type":"WebPage","@id":"https:\/\/news.ecclesia.org.br\/?p=50896","url":"https:\/\/news.ecclesia.org.br\/?p=50896","name":"Patriarca Ecum\u00eanico sobre o hist\u00f3rico jubileu de Niceia | ECCLESIA NEWS","isPartOf":{"@id":"https:\/\/news.ecclesia.org.br\/#website"},"primaryImageOfPage":{"@id":"https:\/\/news.ecclesia.org.br\/?p=50896#primaryimage"},"image":{"@id":"https:\/\/news.ecclesia.org.br\/?p=50896#primaryimage"},"thumbnailUrl":"https:\/\/news.ecclesia.org.br\/wp-content\/uploads\/2025\/10\/2025-10-24_174548_ec-patr.jpg","datePublished":"2025-10-24T20:31:27+00:00","dateModified":"2025-10-24T20:48:54+00:00","breadcrumb":{"@id":"https:\/\/news.ecclesia.org.br\/?p=50896#breadcrumb"},"inLanguage":"pt-BR","potentialAction":[{"@type":"ReadAction","target":["https:\/\/news.ecclesia.org.br\/?p=50896"]}]},{"@type":"ImageObject","inLanguage":"pt-BR","@id":"https:\/\/news.ecclesia.org.br\/?p=50896#primaryimage","url":"https:\/\/news.ecclesia.org.br\/wp-content\/uploads\/2025\/10\/2025-10-24_174548_ec-patr.jpg","contentUrl":"https:\/\/news.ecclesia.org.br\/wp-content\/uploads\/2025\/10\/2025-10-24_174548_ec-patr.jpg","width":1368,"height":717},{"@type":"BreadcrumbList","@id":"https:\/\/news.ecclesia.org.br\/?p=50896#breadcrumb","itemListElement":[{"@type":"ListItem","position":1,"name":"In\u00edcio","item":"https:\/\/news.ecclesia.org.br\/"},{"@type":"ListItem","position":2,"name":"Patriarca Ecum\u00eanico sobre o hist\u00f3rico jubileu de Niceia"}]},{"@type":"WebSite","@id":"https:\/\/news.ecclesia.org.br\/#website","url":"https:\/\/news.ecclesia.org.br\/","name":"Ecclesia Brasil","description":"Desde 2003 onectando o Brasil ao mundo ortodoxo!","publisher":{"@id":"https:\/\/news.ecclesia.org.br\/#organization"},"alternateName":"Ecclesia","potentialAction":[{"@type":"SearchAction","target":{"@type":"EntryPoint","urlTemplate":"https:\/\/news.ecclesia.org.br\/?s={search_term_string}"},"query-input":{"@type":"PropertyValueSpecification","valueRequired":true,"valueName":"search_term_string"}}],"inLanguage":"pt-BR"},{"@type":"Organization","@id":"https:\/\/news.ecclesia.org.br\/#organization","name":"Sacra Arquidiocese de Buenos Aires e Am\u00e9rica do Sul | Patriarcado Ecum\u00eanico","alternateName":"News Ecclesia Brasil","url":"https:\/\/news.ecclesia.org.br\/","logo":{"@type":"ImageObject","inLanguage":"pt-BR","@id":"https:\/\/news.ecclesia.org.br\/#\/schema\/logo\/image\/","url":"https:\/\/news.ecclesia.org.br\/wp-content\/uploads\/2025\/05\/ecclesia2.png","contentUrl":"https:\/\/news.ecclesia.org.br\/wp-content\/uploads\/2025\/05\/ecclesia2.png","width":480,"height":120,"caption":"Sacra Arquidiocese de Buenos Aires e Am\u00e9rica do Sul | Patriarcado Ecum\u00eanico"},"image":{"@id":"https:\/\/news.ecclesia.org.br\/#\/schema\/logo\/image\/"},"sameAs":["https:\/\/www.facebook.com\/Ecclesia2025","https:\/\/x.com\/EcclesiaNews","https:\/\/br.pinterest.com\/ekklisia\/","https:\/\/www.youtube.com\/@EcclesiaBrasil"]},{"@type":"Person","@id":"https:\/\/news.ecclesia.org.br\/#\/schema\/person\/6f09597f025829745ba414a569f63758","name":"Pe. Andr\u00e9","image":{"@type":"ImageObject","inLanguage":"pt-BR","@id":"https:\/\/secure.gravatar.com\/avatar\/b4327cfa27e9799da239a26adcd534fc29cdc0c4a4a148eecbcfeb9b42c617ac?s=96&d=mm&r=g","url":"https:\/\/secure.gravatar.com\/avatar\/b4327cfa27e9799da239a26adcd534fc29cdc0c4a4a148eecbcfeb9b42c617ac?s=96&d=mm&r=g","contentUrl":"https:\/\/secure.gravatar.com\/avatar\/b4327cfa27e9799da239a26adcd534fc29cdc0c4a4a148eecbcfeb9b42c617ac?s=96&d=mm&r=g","caption":"Pe. Andr\u00e9"},"sameAs":["https:\/\/www.ecclesia.org.br"]}]}},"_links":{"self":[{"href":"https:\/\/news.ecclesia.org.br\/index.php?rest_route=\/wp\/v2\/posts\/50896","targetHints":{"allow":["GET"]}}],"collection":[{"href":"https:\/\/news.ecclesia.org.br\/index.php?rest_route=\/wp\/v2\/posts"}],"about":[{"href":"https:\/\/news.ecclesia.org.br\/index.php?rest_route=\/wp\/v2\/types\/post"}],"author":[{"embeddable":true,"href":"https:\/\/news.ecclesia.org.br\/index.php?rest_route=\/wp\/v2\/users\/1"}],"replies":[{"embeddable":true,"href":"https:\/\/news.ecclesia.org.br\/index.php?rest_route=%2Fwp%2Fv2%2Fcomments&post=50896"}],"version-history":[{"count":11,"href":"https:\/\/news.ecclesia.org.br\/index.php?rest_route=\/wp\/v2\/posts\/50896\/revisions"}],"predecessor-version":[{"id":50917,"href":"https:\/\/news.ecclesia.org.br\/index.php?rest_route=\/wp\/v2\/posts\/50896\/revisions\/50917"}],"wp:featuredmedia":[{"embeddable":true,"href":"https:\/\/news.ecclesia.org.br\/index.php?rest_route=\/wp\/v2\/media\/50914"}],"wp:attachment":[{"href":"https:\/\/news.ecclesia.org.br\/index.php?rest_route=%2Fwp%2Fv2%2Fmedia&parent=50896"}],"wp:term":[{"taxonomy":"category","embeddable":true,"href":"https:\/\/news.ecclesia.org.br\/index.php?rest_route=%2Fwp%2Fv2%2Fcategories&post=50896"},{"taxonomy":"post_tag","embeddable":true,"href":"https:\/\/news.ecclesia.org.br\/index.php?rest_route=%2Fwp%2Fv2%2Ftags&post=50896"}],"curies":[{"name":"wp","href":"https:\/\/api.w.org\/{rel}","templated":true}]}}