{"id":5089,"date":"2010-10-27T23:57:19","date_gmt":"2010-10-28T01:57:19","guid":{"rendered":"http:\/\/www.ecclesia.com.br\/news\/?p=5089"},"modified":"2016-03-18T02:43:42","modified_gmt":"2016-03-18T02:43:42","slug":"secularizacao-desafia-tanto-catolicos-como-ortodoxos","status":"publish","type":"post","link":"https:\/\/news.ecclesia.org.br\/?p=5089","title":{"rendered":"Seculariza\u00e7\u00e3o desafia tanto cat\u00f3licos como ortodoxos"},"content":{"rendered":"<p><strong>Conclus\u00f5es do F\u00f3rum Cat\u00f3lico-Ortodoxo celebrado em Rodhes<\/strong><\/p>\n<p style=\"text-align: justify;\"><img fetchpriority=\"high\" decoding=\"async\" class=\"alignleft size-full wp-image-6167\" src=\"https:\/\/news.ecclesia.org.br\/2013\/wp-content\/uploads\/2010\/10\/secularizacao.jpg\" alt=\"secularizacao\" width=\"320\" height=\"239\" srcset=\"https:\/\/news.ecclesia.org.br\/wp-content\/uploads\/2010\/10\/secularizacao.jpg 320w, https:\/\/news.ecclesia.org.br\/wp-content\/uploads\/2010\/10\/secularizacao-300x224.jpg 300w, https:\/\/news.ecclesia.org.br\/wp-content\/uploads\/2010\/10\/secularizacao-74x55.jpg 74w\" sizes=\"(max-width: 320px) 100vw, 320px\" \/>RODHES, quarta-feira, 27 de outubro de 2010\u00a0(<a href=\"http:\/\/www.zenit.org\/www.zenit.org\" target=\"_blank\">ZENIT.org<\/a>) &#8211; Representantes ortodoxos e cat\u00f3licos europeus alertaram sobre os perigos que derivam de uma sociedade secularizada, \u00absem pontos de refer\u00eancia morais e sem um projeto digno da pessoa humana\u00bb. Essa \u00e9 a mensagem lan\u00e7ada no comunicado final do segundo F\u00f3rum Cat\u00f3lico-Ortodoxo, celebrado em Rodhes (Gr\u00e9cia), de 18 a 2 de outubro, sobre o tema \u00abRela\u00e7\u00f5es Igreja-Estado: perspectivas teol\u00f3gicas e hist\u00f3ricas\u00bb.<\/p>\n<p style=\"text-align: justify;\">O f\u00f3rum foi presidido pelo Metropolita Gennadios, do Patriarcado Ecum\u00eanico de Constantinopla, e pelo Cardeal Peter Erdo, presidente do Conselho das Confer\u00eancias Episcopais da Europa (CCEE), e congregou 17 delegados desse conselho, assim como outros representantes das Igrejas Ortodoxas na Europa.<\/p>\n<p style=\"text-align: justify;\">\u00abN\u00e3o \u00e9 poss\u00edvel fundamentar a conviv\u00eancia sem estabelecer uma rela\u00e7\u00e3o com a realidade objetiva do ser humano, com a necessidade de abrir-se a toda realidade na qual est\u00e1 integrado, que n\u00e3o apenas se reduz \u00e0 busca do bem-estar material, mas que inclui a busca do sentido da vida, por meio de uma busca espiritual que n\u00e3o termina nunca\u00bb, explicam os participantes no comunicado final. \u00abA imagem do ser humano que se projeta nos discursos p\u00fablicos e nos meios de comunica\u00e7\u00e3o com freq\u00fc\u00eancia \u00e9 alheia \u00e0 busca da verdade, enquanto \u00e9 valorizada exclusivamente a satisfa\u00e7\u00e3o de desejos subjetivos\u00bb, diz o texto final.<\/p>\n<p style=\"text-align: justify;\">O F\u00f3rum enfrentou alguns temas em particular: rela\u00e7\u00e3o Igreja-Estado desde o ponto de vista teol\u00f3gico e hist\u00f3rico, a forma como as Igrejas vivem suas rela\u00e7\u00f5es com o Estado; o bem comum e o servi\u00e7o\/diaconia da Igreja na sociedade.<\/p>\n<p style=\"text-align: justify;\">Na Europa, segue dizendo o texto,\u00abo sistema da separa\u00e7\u00e3o com a coopera\u00e7\u00e3o entre a Igreja e o Estado \u00e9 mais difundido\u00bb. Esta separa\u00e7\u00e3o deve ser entendida \u00abcom separa\u00e7\u00e3o dos campos pol\u00edtico e religioso, e n\u00e3o no sentido de uma ignor\u00e2ncia rec\u00edproca. Independ\u00eancia e autonomia rec\u00edproca devem permitir uma coopera\u00e7\u00e3o espec\u00edfica e harm\u00f4nica entre as duas institui\u00e7\u00f5es\u00bb. Nesse contexto, as Igrejas \u00abdesejam poder participar mais ativamente nos debates \u00e9ticos e morais que afetam o futuro da sociedade\u00bb.<\/p>\n<p style=\"text-align: justify;\">O terceiro F\u00f3rum Cat\u00f3lico-Ortodoxo ser\u00e1 celebrado em Lisboa, em 2012.<\/p>\n","protected":false},"excerpt":{"rendered":"<p>Conclus\u00f5es do F\u00f3rum Cat\u00f3lico-Ortodoxo celebrado em Rodhes RODHES, quarta-feira, 27 de outubro de 2010\u00a0(ZENIT.org) &#8211; Representantes ortodoxos e cat\u00f3licos europeus alertaram sobre os perigos que derivam de uma sociedade secularizada, \u00absem pontos de refer\u00eancia morais e sem um projeto digno&#8230;<\/p>\n","protected":false},"author":1,"featured_media":6167,"comment_status":"open","ping_status":"open","sticky":false,"template":"","format":"standard","meta":{"_acf_changed":false,"footnotes":""},"categories":[1],"tags":[],"class_list":["post-5089","post","type-post","status-publish","format-standard","has-post-thumbnail","hentry","category-news","entry","rows-excerpt"],"acf":[],"yoast_head":"<!-- This site is optimized with the Yoast SEO plugin v27.5 - https:\/\/yoast.com\/product\/yoast-seo-wordpress\/ -->\n<title>Seculariza\u00e7\u00e3o desafia tanto cat\u00f3licos como ortodoxos | ECCLESIA NEWS<\/title>\n<meta name=\"robots\" content=\"index, follow, max-snippet:-1, max-image-preview:large, max-video-preview:-1\" \/>\n<link rel=\"canonical\" href=\"https:\/\/news.ecclesia.org.br\/?p=5089\" \/>\n<meta property=\"og:locale\" content=\"pt_BR\" \/>\n<meta property=\"og:type\" content=\"article\" \/>\n<meta property=\"og:title\" content=\"Seculariza\u00e7\u00e3o desafia tanto cat\u00f3licos como ortodoxos | ECCLESIA NEWS\" \/>\n<meta property=\"og:description\" content=\"Conclus\u00f5es do F\u00f3rum Cat\u00f3lico-Ortodoxo celebrado em Rodhes RODHES, quarta-feira, 27 de outubro de 2010\u00a0(ZENIT.org) &#8211; Representantes ortodoxos e cat\u00f3licos europeus alertaram sobre os perigos que derivam de uma sociedade secularizada, \u00absem pontos de refer\u00eancia morais e sem um projeto digno&#8230;\" \/>\n<meta property=\"og:url\" content=\"https:\/\/news.ecclesia.org.br\/?p=5089\" \/>\n<meta property=\"og:site_name\" content=\"ECCLESIA NEWS\" \/>\n<meta property=\"article:publisher\" content=\"https:\/\/www.facebook.com\/Ecclesia2025\" \/>\n<meta property=\"article:published_time\" content=\"2010-10-28T01:57:19+00:00\" \/>\n<meta property=\"article:modified_time\" content=\"2016-03-18T02:43:42+00:00\" \/>\n<meta property=\"og:image\" content=\"https:\/\/news.ecclesia.org.br\/wp-content\/uploads\/2010\/10\/secularizacao.jpg\" \/>\n\t<meta property=\"og:image:width\" content=\"320\" \/>\n\t<meta property=\"og:image:height\" content=\"239\" \/>\n\t<meta property=\"og:image:type\" content=\"image\/jpeg\" \/>\n<meta name=\"author\" content=\"Pe. Andr\u00e9\" \/>\n<meta name=\"twitter:card\" content=\"summary_large_image\" \/>\n<meta name=\"twitter:creator\" content=\"@EcclesiaNews\" \/>\n<meta name=\"twitter:site\" content=\"@EcclesiaNews\" \/>\n<meta name=\"twitter:label1\" content=\"Escrito por\" \/>\n\t<meta name=\"twitter:data1\" content=\"Pe. Andr\u00e9\" \/>\n\t<meta name=\"twitter:label2\" content=\"Est. tempo de leitura\" \/>\n\t<meta name=\"twitter:data2\" content=\"2 minutos\" \/>\n<script type=\"application\/ld+json\" class=\"yoast-schema-graph\">{\"@context\":\"https:\\\/\\\/schema.org\",\"@graph\":[{\"@type\":\"Article\",\"@id\":\"https:\\\/\\\/news.ecclesia.org.br\\\/?p=5089#article\",\"isPartOf\":{\"@id\":\"https:\\\/\\\/news.ecclesia.org.br\\\/?p=5089\"},\"author\":{\"name\":\"Pe. Andr\u00e9\",\"@id\":\"https:\\\/\\\/news.ecclesia.org.br\\\/#\\\/schema\\\/person\\\/6f09597f025829745ba414a569f63758\"},\"headline\":\"Seculariza\u00e7\u00e3o desafia tanto cat\u00f3licos como ortodoxos\",\"datePublished\":\"2010-10-28T01:57:19+00:00\",\"dateModified\":\"2016-03-18T02:43:42+00:00\",\"mainEntityOfPage\":{\"@id\":\"https:\\\/\\\/news.ecclesia.org.br\\\/?p=5089\"},\"wordCount\":386,\"commentCount\":0,\"publisher\":{\"@id\":\"https:\\\/\\\/news.ecclesia.org.br\\\/#organization\"},\"image\":{\"@id\":\"https:\\\/\\\/news.ecclesia.org.br\\\/?p=5089#primaryimage\"},\"thumbnailUrl\":\"https:\\\/\\\/news.ecclesia.org.br\\\/wp-content\\\/uploads\\\/2010\\\/10\\\/secularizacao.jpg\",\"articleSection\":[\"NEWS\"],\"inLanguage\":\"pt-BR\",\"potentialAction\":[{\"@type\":\"CommentAction\",\"name\":\"Comment\",\"target\":[\"https:\\\/\\\/news.ecclesia.org.br\\\/?p=5089#respond\"]}]},{\"@type\":\"WebPage\",\"@id\":\"https:\\\/\\\/news.ecclesia.org.br\\\/?p=5089\",\"url\":\"https:\\\/\\\/news.ecclesia.org.br\\\/?p=5089\",\"name\":\"Seculariza\u00e7\u00e3o desafia tanto cat\u00f3licos como ortodoxos | ECCLESIA NEWS\",\"isPartOf\":{\"@id\":\"https:\\\/\\\/news.ecclesia.org.br\\\/#website\"},\"primaryImageOfPage\":{\"@id\":\"https:\\\/\\\/news.ecclesia.org.br\\\/?p=5089#primaryimage\"},\"image\":{\"@id\":\"https:\\\/\\\/news.ecclesia.org.br\\\/?p=5089#primaryimage\"},\"thumbnailUrl\":\"https:\\\/\\\/news.ecclesia.org.br\\\/wp-content\\\/uploads\\\/2010\\\/10\\\/secularizacao.jpg\",\"datePublished\":\"2010-10-28T01:57:19+00:00\",\"dateModified\":\"2016-03-18T02:43:42+00:00\",\"breadcrumb\":{\"@id\":\"https:\\\/\\\/news.ecclesia.org.br\\\/?p=5089#breadcrumb\"},\"inLanguage\":\"pt-BR\",\"potentialAction\":[{\"@type\":\"ReadAction\",\"target\":[\"https:\\\/\\\/news.ecclesia.org.br\\\/?p=5089\"]}]},{\"@type\":\"ImageObject\",\"inLanguage\":\"pt-BR\",\"@id\":\"https:\\\/\\\/news.ecclesia.org.br\\\/?p=5089#primaryimage\",\"url\":\"https:\\\/\\\/news.ecclesia.org.br\\\/wp-content\\\/uploads\\\/2010\\\/10\\\/secularizacao.jpg\",\"contentUrl\":\"https:\\\/\\\/news.ecclesia.org.br\\\/wp-content\\\/uploads\\\/2010\\\/10\\\/secularizacao.jpg\",\"width\":320,\"height\":239},{\"@type\":\"BreadcrumbList\",\"@id\":\"https:\\\/\\\/news.ecclesia.org.br\\\/?p=5089#breadcrumb\",\"itemListElement\":[{\"@type\":\"ListItem\",\"position\":1,\"name\":\"In\u00edcio\",\"item\":\"https:\\\/\\\/news.ecclesia.org.br\\\/\"},{\"@type\":\"ListItem\",\"position\":2,\"name\":\"Seculariza\u00e7\u00e3o desafia tanto cat\u00f3licos como ortodoxos\"}]},{\"@type\":\"WebSite\",\"@id\":\"https:\\\/\\\/news.ecclesia.org.br\\\/#website\",\"url\":\"https:\\\/\\\/news.ecclesia.org.br\\\/\",\"name\":\"Ecclesia Brasil\",\"description\":\"Desde 2003 onectando o Brasil ao mundo ortodoxo!\",\"publisher\":{\"@id\":\"https:\\\/\\\/news.ecclesia.org.br\\\/#organization\"},\"alternateName\":\"Ecclesia\",\"potentialAction\":[{\"@type\":\"SearchAction\",\"target\":{\"@type\":\"EntryPoint\",\"urlTemplate\":\"https:\\\/\\\/news.ecclesia.org.br\\\/?s={search_term_string}\"},\"query-input\":{\"@type\":\"PropertyValueSpecification\",\"valueRequired\":true,\"valueName\":\"search_term_string\"}}],\"inLanguage\":\"pt-BR\"},{\"@type\":\"Organization\",\"@id\":\"https:\\\/\\\/news.ecclesia.org.br\\\/#organization\",\"name\":\"Sacra Arquidiocese de Buenos Aires e Am\u00e9rica do Sul | Patriarcado Ecum\u00eanico\",\"alternateName\":\"News Ecclesia Brasil\",\"url\":\"https:\\\/\\\/news.ecclesia.org.br\\\/\",\"logo\":{\"@type\":\"ImageObject\",\"inLanguage\":\"pt-BR\",\"@id\":\"https:\\\/\\\/news.ecclesia.org.br\\\/#\\\/schema\\\/logo\\\/image\\\/\",\"url\":\"https:\\\/\\\/news.ecclesia.org.br\\\/wp-content\\\/uploads\\\/2025\\\/05\\\/ecclesia2.png\",\"contentUrl\":\"https:\\\/\\\/news.ecclesia.org.br\\\/wp-content\\\/uploads\\\/2025\\\/05\\\/ecclesia2.png\",\"width\":480,\"height\":120,\"caption\":\"Sacra Arquidiocese de Buenos Aires e Am\u00e9rica do Sul | Patriarcado Ecum\u00eanico\"},\"image\":{\"@id\":\"https:\\\/\\\/news.ecclesia.org.br\\\/#\\\/schema\\\/logo\\\/image\\\/\"},\"sameAs\":[\"https:\\\/\\\/www.facebook.com\\\/Ecclesia2025\",\"https:\\\/\\\/x.com\\\/EcclesiaNews\",\"https:\\\/\\\/br.pinterest.com\\\/ekklisia\\\/\",\"https:\\\/\\\/www.youtube.com\\\/@EcclesiaBrasil\"]},{\"@type\":\"Person\",\"@id\":\"https:\\\/\\\/news.ecclesia.org.br\\\/#\\\/schema\\\/person\\\/6f09597f025829745ba414a569f63758\",\"name\":\"Pe. Andr\u00e9\",\"image\":{\"@type\":\"ImageObject\",\"inLanguage\":\"pt-BR\",\"@id\":\"https:\\\/\\\/secure.gravatar.com\\\/avatar\\\/b4327cfa27e9799da239a26adcd534fc29cdc0c4a4a148eecbcfeb9b42c617ac?s=96&d=mm&r=g\",\"url\":\"https:\\\/\\\/secure.gravatar.com\\\/avatar\\\/b4327cfa27e9799da239a26adcd534fc29cdc0c4a4a148eecbcfeb9b42c617ac?s=96&d=mm&r=g\",\"contentUrl\":\"https:\\\/\\\/secure.gravatar.com\\\/avatar\\\/b4327cfa27e9799da239a26adcd534fc29cdc0c4a4a148eecbcfeb9b42c617ac?s=96&d=mm&r=g\",\"caption\":\"Pe. Andr\u00e9\"},\"sameAs\":[\"https:\\\/\\\/www.ecclesia.org.br\"]}]}<\/script>\n<!-- \/ Yoast SEO plugin. -->","yoast_head_json":{"title":"Seculariza\u00e7\u00e3o desafia tanto cat\u00f3licos como ortodoxos | ECCLESIA NEWS","robots":{"index":"index","follow":"follow","max-snippet":"max-snippet:-1","max-image-preview":"max-image-preview:large","max-video-preview":"max-video-preview:-1"},"canonical":"https:\/\/news.ecclesia.org.br\/?p=5089","og_locale":"pt_BR","og_type":"article","og_title":"Seculariza\u00e7\u00e3o desafia tanto cat\u00f3licos como ortodoxos | ECCLESIA NEWS","og_description":"Conclus\u00f5es do F\u00f3rum Cat\u00f3lico-Ortodoxo celebrado em Rodhes RODHES, quarta-feira, 27 de outubro de 2010\u00a0(ZENIT.org) &#8211; Representantes ortodoxos e cat\u00f3licos europeus alertaram sobre os perigos que derivam de uma sociedade secularizada, \u00absem pontos de refer\u00eancia morais e sem um projeto digno&#8230;","og_url":"https:\/\/news.ecclesia.org.br\/?p=5089","og_site_name":"ECCLESIA NEWS","article_publisher":"https:\/\/www.facebook.com\/Ecclesia2025","article_published_time":"2010-10-28T01:57:19+00:00","article_modified_time":"2016-03-18T02:43:42+00:00","og_image":[{"width":320,"height":239,"url":"https:\/\/news.ecclesia.org.br\/wp-content\/uploads\/2010\/10\/secularizacao.jpg","type":"image\/jpeg"}],"author":"Pe. Andr\u00e9","twitter_card":"summary_large_image","twitter_creator":"@EcclesiaNews","twitter_site":"@EcclesiaNews","twitter_misc":{"Escrito por":"Pe. Andr\u00e9","Est. tempo de leitura":"2 minutos"},"schema":{"@context":"https:\/\/schema.org","@graph":[{"@type":"Article","@id":"https:\/\/news.ecclesia.org.br\/?p=5089#article","isPartOf":{"@id":"https:\/\/news.ecclesia.org.br\/?p=5089"},"author":{"name":"Pe. Andr\u00e9","@id":"https:\/\/news.ecclesia.org.br\/#\/schema\/person\/6f09597f025829745ba414a569f63758"},"headline":"Seculariza\u00e7\u00e3o desafia tanto cat\u00f3licos como ortodoxos","datePublished":"2010-10-28T01:57:19+00:00","dateModified":"2016-03-18T02:43:42+00:00","mainEntityOfPage":{"@id":"https:\/\/news.ecclesia.org.br\/?p=5089"},"wordCount":386,"commentCount":0,"publisher":{"@id":"https:\/\/news.ecclesia.org.br\/#organization"},"image":{"@id":"https:\/\/news.ecclesia.org.br\/?p=5089#primaryimage"},"thumbnailUrl":"https:\/\/news.ecclesia.org.br\/wp-content\/uploads\/2010\/10\/secularizacao.jpg","articleSection":["NEWS"],"inLanguage":"pt-BR","potentialAction":[{"@type":"CommentAction","name":"Comment","target":["https:\/\/news.ecclesia.org.br\/?p=5089#respond"]}]},{"@type":"WebPage","@id":"https:\/\/news.ecclesia.org.br\/?p=5089","url":"https:\/\/news.ecclesia.org.br\/?p=5089","name":"Seculariza\u00e7\u00e3o desafia tanto cat\u00f3licos como ortodoxos | ECCLESIA NEWS","isPartOf":{"@id":"https:\/\/news.ecclesia.org.br\/#website"},"primaryImageOfPage":{"@id":"https:\/\/news.ecclesia.org.br\/?p=5089#primaryimage"},"image":{"@id":"https:\/\/news.ecclesia.org.br\/?p=5089#primaryimage"},"thumbnailUrl":"https:\/\/news.ecclesia.org.br\/wp-content\/uploads\/2010\/10\/secularizacao.jpg","datePublished":"2010-10-28T01:57:19+00:00","dateModified":"2016-03-18T02:43:42+00:00","breadcrumb":{"@id":"https:\/\/news.ecclesia.org.br\/?p=5089#breadcrumb"},"inLanguage":"pt-BR","potentialAction":[{"@type":"ReadAction","target":["https:\/\/news.ecclesia.org.br\/?p=5089"]}]},{"@type":"ImageObject","inLanguage":"pt-BR","@id":"https:\/\/news.ecclesia.org.br\/?p=5089#primaryimage","url":"https:\/\/news.ecclesia.org.br\/wp-content\/uploads\/2010\/10\/secularizacao.jpg","contentUrl":"https:\/\/news.ecclesia.org.br\/wp-content\/uploads\/2010\/10\/secularizacao.jpg","width":320,"height":239},{"@type":"BreadcrumbList","@id":"https:\/\/news.ecclesia.org.br\/?p=5089#breadcrumb","itemListElement":[{"@type":"ListItem","position":1,"name":"In\u00edcio","item":"https:\/\/news.ecclesia.org.br\/"},{"@type":"ListItem","position":2,"name":"Seculariza\u00e7\u00e3o desafia tanto cat\u00f3licos como ortodoxos"}]},{"@type":"WebSite","@id":"https:\/\/news.ecclesia.org.br\/#website","url":"https:\/\/news.ecclesia.org.br\/","name":"Ecclesia Brasil","description":"Desde 2003 onectando o Brasil ao mundo ortodoxo!","publisher":{"@id":"https:\/\/news.ecclesia.org.br\/#organization"},"alternateName":"Ecclesia","potentialAction":[{"@type":"SearchAction","target":{"@type":"EntryPoint","urlTemplate":"https:\/\/news.ecclesia.org.br\/?s={search_term_string}"},"query-input":{"@type":"PropertyValueSpecification","valueRequired":true,"valueName":"search_term_string"}}],"inLanguage":"pt-BR"},{"@type":"Organization","@id":"https:\/\/news.ecclesia.org.br\/#organization","name":"Sacra Arquidiocese de Buenos Aires e Am\u00e9rica do Sul | Patriarcado Ecum\u00eanico","alternateName":"News Ecclesia Brasil","url":"https:\/\/news.ecclesia.org.br\/","logo":{"@type":"ImageObject","inLanguage":"pt-BR","@id":"https:\/\/news.ecclesia.org.br\/#\/schema\/logo\/image\/","url":"https:\/\/news.ecclesia.org.br\/wp-content\/uploads\/2025\/05\/ecclesia2.png","contentUrl":"https:\/\/news.ecclesia.org.br\/wp-content\/uploads\/2025\/05\/ecclesia2.png","width":480,"height":120,"caption":"Sacra Arquidiocese de Buenos Aires e Am\u00e9rica do Sul | Patriarcado Ecum\u00eanico"},"image":{"@id":"https:\/\/news.ecclesia.org.br\/#\/schema\/logo\/image\/"},"sameAs":["https:\/\/www.facebook.com\/Ecclesia2025","https:\/\/x.com\/EcclesiaNews","https:\/\/br.pinterest.com\/ekklisia\/","https:\/\/www.youtube.com\/@EcclesiaBrasil"]},{"@type":"Person","@id":"https:\/\/news.ecclesia.org.br\/#\/schema\/person\/6f09597f025829745ba414a569f63758","name":"Pe. Andr\u00e9","image":{"@type":"ImageObject","inLanguage":"pt-BR","@id":"https:\/\/secure.gravatar.com\/avatar\/b4327cfa27e9799da239a26adcd534fc29cdc0c4a4a148eecbcfeb9b42c617ac?s=96&d=mm&r=g","url":"https:\/\/secure.gravatar.com\/avatar\/b4327cfa27e9799da239a26adcd534fc29cdc0c4a4a148eecbcfeb9b42c617ac?s=96&d=mm&r=g","contentUrl":"https:\/\/secure.gravatar.com\/avatar\/b4327cfa27e9799da239a26adcd534fc29cdc0c4a4a148eecbcfeb9b42c617ac?s=96&d=mm&r=g","caption":"Pe. Andr\u00e9"},"sameAs":["https:\/\/www.ecclesia.org.br"]}]}},"_links":{"self":[{"href":"https:\/\/news.ecclesia.org.br\/index.php?rest_route=\/wp\/v2\/posts\/5089","targetHints":{"allow":["GET"]}}],"collection":[{"href":"https:\/\/news.ecclesia.org.br\/index.php?rest_route=\/wp\/v2\/posts"}],"about":[{"href":"https:\/\/news.ecclesia.org.br\/index.php?rest_route=\/wp\/v2\/types\/post"}],"author":[{"embeddable":true,"href":"https:\/\/news.ecclesia.org.br\/index.php?rest_route=\/wp\/v2\/users\/1"}],"replies":[{"embeddable":true,"href":"https:\/\/news.ecclesia.org.br\/index.php?rest_route=%2Fwp%2Fv2%2Fcomments&post=5089"}],"version-history":[{"count":0,"href":"https:\/\/news.ecclesia.org.br\/index.php?rest_route=\/wp\/v2\/posts\/5089\/revisions"}],"wp:featuredmedia":[{"embeddable":true,"href":"https:\/\/news.ecclesia.org.br\/index.php?rest_route=\/wp\/v2\/media\/6167"}],"wp:attachment":[{"href":"https:\/\/news.ecclesia.org.br\/index.php?rest_route=%2Fwp%2Fv2%2Fmedia&parent=5089"}],"wp:term":[{"taxonomy":"category","embeddable":true,"href":"https:\/\/news.ecclesia.org.br\/index.php?rest_route=%2Fwp%2Fv2%2Fcategories&post=5089"},{"taxonomy":"post_tag","embeddable":true,"href":"https:\/\/news.ecclesia.org.br\/index.php?rest_route=%2Fwp%2Fv2%2Ftags&post=5089"}],"curies":[{"name":"wp","href":"https:\/\/api.w.org\/{rel}","templated":true}]}}