{"id":5082,"date":"2010-10-24T12:00:31","date_gmt":"2010-10-24T14:00:31","guid":{"rendered":"http:\/\/www.ecclesia.com.br\/news\/?p=5082"},"modified":"2021-07-21T16:50:08","modified_gmt":"2021-07-21T19:50:08","slug":"homilia-de-sua-eminencia-revma-dom-tarasios-arcebispo-metropolitano-de-buenos-aires-primaz-e-exarca-da-america-do-sul-na-divina-liturgia-celebrada-na-igreja-de-sao-joao-o-teologo-sao-jose-s","status":"publish","type":"post","link":"https:\/\/news.ecclesia.org.br\/?p=5082","title":{"rendered":"Homilia de Sua Emin\u00eancia Revma. Dom Tarasios,  Arcebispo Metropolitano de Buenos Aires, Primaz e Exarca da Am\u00e9rica do Sul, na  Divina Liturgia celebrada na Igreja de S\u00e3o Jo\u00e3o, o Te\u00f3logo,  S\u00e3o Jos\u00e9 &#8211; SC, Brasil, no Sexto Domingo de Lucas (24-10-10)"},"content":{"rendered":"<p style=\"text-align: justify;\"><a href=\"https:\/\/news.ecclesia.org.br\/wp-content\/uploads\/2011\/04\/arcebispo-tarasios.jpg\"><img fetchpriority=\"high\" decoding=\"async\" class=\"alignleft size-medium wp-image-5894\" src=\"https:\/\/news.ecclesia.org.br\/wp-content\/uploads\/2011\/04\/arcebispo-tarasios-300x225.jpg\" alt=\"\" width=\"300\" height=\"225\" srcset=\"https:\/\/news.ecclesia.org.br\/wp-content\/uploads\/2011\/04\/arcebispo-tarasios-300x225.jpg 300w, https:\/\/news.ecclesia.org.br\/wp-content\/uploads\/2011\/04\/arcebispo-tarasios-73x55.jpg 73w, https:\/\/news.ecclesia.org.br\/wp-content\/uploads\/2011\/04\/arcebispo-tarasios.jpg 320w\" sizes=\"(max-width: 300px) 100vw, 300px\" \/><\/a>Neste sexto domingo de Lucas, nosso Senhor Jesus Cristo nos recorda a expuls\u00e3o de dem\u00f4nios que Ele realizou na pessoa do geraseno.<\/p>\n<p style=\"text-align: justify;\">Atentamente escutamos o Evangelho que nos narra este fato acontecido naquele tempo.\u00a0 Quais as primeiras palavras que escutamos sa\u00eddas da boca do endemoniado? Disse: &#8220;Jesus, Filho do Deus Alt\u00edssimo&#8221;. Contudo, n\u00e3o era ele quem falava, sen\u00e3o os dem\u00f4nios que\u00a0 nele habitavam. Os esp\u00edritos imundos imediatamente reconheceram e testemunharam a divindade de Jesus Cristo.<\/p>\n<p style=\"text-align: justify;\">\u00c0 pergunta que lhes fez o Senhor &#8220;como se chamavam?&#8221;, responderam: &#8220;Legi\u00e3o&#8221;. Usaram a palavra &#8220;Legi\u00e3o&#8221; para que todos pudessem entender que eles eram muitos. Assim como era a legi\u00e3o romana composta por 6.000 soldados. Os esp\u00edritos malignos temiam que \u00a0Jesus, o Senhor os mandassem de volta \u00e0s profundezas onde anteriormente muitos deles estavam encarcerados. Por isso suplicavam para entrar na manada de porcos que ali estava. Jesus, nosso Deus, assim permitiu, e aquele homem sofredor, pertencente \u00e0 ra\u00e7a humana,\u00a0 ficou totalmente livre.<\/p>\n<p style=\"text-align: justify;\">Meus queridos filhos e filhas espirituais: que significa esta passagem? Claramente, nos mostra que Jesus, o Cristo, \u00e9 Deus, no C\u00e9u e na Terra, em todo lugar vis\u00edvel e invis\u00edvel.\u00a0 Nos mostra tamb\u00e9m que o Deus de amor, de ternura, de compaix\u00e3o, ao ver a sua criatura,\u00a0 feita por Suas m\u00e3os, sendo escravizada, sob o poder das trevas, rompe as pesadas correntes\u00a0 e lhe d\u00e1 a liberdade plena, consciente, como \u00a0disse o Evangelho, o geraseno estava em seu ju\u00edzo perfeito, sentado aos p\u00e9s do Senhor.<\/p>\n<p style=\"text-align: justify;\">O geraseno recuperado de sua mente e de seu cora\u00e7\u00e3o,\u00a0 pelo poder de Deus, pediu ao Senhor que o admitisse entre os seus disc\u00edpulos. Contudo Jesus lhe disse: &#8220;volta a tua casa e conta o que Deus fez por ti&#8221;.<\/p>\n<p style=\"text-align: justify;\">Com muita clareza, as Sagradas Escrituras nos ensinam e nos fazem recordar outras palavras do Senhor: &#8220;muitos s\u00e3o chamados, poucos os escolhidos!&#8221;<\/p>\n<p style=\"text-align: justify;\">Assim, nem toda pessoa que recebe, pelo poder de Deus, uma cura, uma liberta\u00e7\u00e3o e a salva\u00e7\u00e3o \u00e9 chamado a servi-Lo e a servir sua Igreja como Di\u00e1cono, Presb\u00edtero ou Bispo. A escolha para exercer o minist\u00e9rio sacerdotal deve estar de acordo com a Vontade de Deus.<\/p>\n<p style=\"text-align: justify;\">Sem d\u00favida, todos somos chamados de muitas maneiras \u00a0a servi-Lo e\u00a0 de nossa parte devemos estar presentes e <span style=\"text-decoration: underline;\">responder<\/span> a este chamado do Senhor. N\u00e3o podemos ficar sentados, im\u00f3veis, ignorando a voz do Mestre.<\/p>\n<p style=\"text-align: justify;\">Neste tempo em que vivemos, como acontecia com o geraseno, vemos no mundo muitos sofredores que vivem em plena obsuridade de mente e cora\u00e7\u00e3o; cegos pelos maus desejos, tomados pela paix\u00e3o. Seus\u00a0 &#8220;dem\u00f4nios interiores&#8221;os governam quais marionetes no palco da vida. Semelhante ao geraseno,\u00a0 vivem nas tumbas constru\u00eddas por eles mesmos, fechados em seus ego\u00edsmos, em suas &#8220;verdades&#8221; e em seu cinismo. Talvez, at\u00e9 muitos tenham escutado a Palavra de Deus, a \u00fanica e real Verdade, por\u00e9m como nos fez recordar as leituras do domingo passado na Par\u00e1bola do Semeador, ficam sem germinar, no meio do caminho, ou secam! E, evidentemente, aquele que nunca dorme e nem descansa, isto \u00e9 o maligno, aproveita estas oportunidades para sussurrar em seus ouvidos e\u00a0 lhes afastar cada vez mais de Deus.<\/p>\n<p style=\"text-align: justify;\">N\u00e3o obstante, ainda h\u00e1 tempo para resgat\u00e1-los; n\u00e3o est\u00e3o totalmente perdidos, como muitos supunham sobre o geraseno. N\u00e3o! Chegou o tempo de dar testemunho, como o fez o geraseno obedecendo ao pedido do Senhor. Todos, junto com o clero, trabalhemos, com a gra\u00e7a e ajuda de Deus, proclamando, anunciando, ensinando e testemunhando a Palavra salvadora do Senhor. Nossa M\u00e3e a Igreja que nos orienta, nos ensina e nos instrue, nos d\u00e1 as ferramentas necess\u00e1rias para sair ao mundo e combater o poder das trevas que qual fera raivosa \u00a0ainda golpeia e derruba a muitos.<\/p>\n<p style=\"text-align: justify;\">Por\u00e9m n\u00e3o basta, meus queridos filhos e filhas espirituais, escutem bem, n\u00e3o basta apenas ter boa disposi\u00e7\u00e3o, vontade, tempo e dedica\u00e7\u00e3o em querer fazer muito pelos outros. Se assim fosse, digam-me voc\u00eas: qual rei ou general que comanda um ex\u00e9rcito, lan\u00e7aria \u00e0 batalha soldados novos e inexperientes\u00a0 para a luta?<\/p>\n<p style=\"text-align: justify;\">Sobre isto, o grande general chin\u00eas Sun Tzu ensinou em seu livro a arte de guerrear e vencer o inimigo (texto que \u00e9 muito estudado nas grandes escolas militares). Da mesma forma, tamb\u00e9m em nossa Igreja, devemos nos preparar e ensinar aos outros para combater e derrotar exitosamente as trevas, portando a espada da Palavra de Deus, iluminando todos que andam cegos pelo mundo, trope\u00e7ando e inclusive perdendo suas vidas e almas, e o mais grave, a Salva\u00e7\u00e3o e o Reino dos C\u00e9us.<\/p>\n<p style=\"text-align: justify;\">Como disse anteriormente, que Nosso Senhor Jesus Cristo, nos sustente e nos ajude com sua Gra\u00e7a para poder cumprir fielmente a miss\u00e3o encomendada por Ele e que sejamos vitoriosos como nosso Deus o \u00e9: \u0399\u03b7\u03c3\u03bf\u03cd\u03c2 \u03a7\u03c1\u03b9\u03c3\u03c4\u03cc\u03c2 \u03bd\u03b9\u03ba\u03ac.\u00a0Am\u00e9m!<\/p>\n<p class=\"MsoNormal\">Veja <a href=\"http:\/\/www.ecclesia.com.br\/sinaxe\/lucas-6.html\">AQUI<\/a> todo Suplemento Lit\u00fargico desta Festa,<br \/>\nou clique <a href=\"http:\/\/www.ecclesia.com.br\/sinaxe\/arq_pdf\/lucas-6.pdf\" target=\"_blank\" rel=\"noopener noreferrer\">AQUI<\/a> para baixar o arquivo em pdf.<\/p>\n","protected":false},"excerpt":{"rendered":"<p>Neste sexto domingo de Lucas, nosso Senhor Jesus Cristo nos recorda a expuls\u00e3o de dem\u00f4nios que Ele realizou na pessoa do geraseno. Atentamente escutamos o Evangelho que nos narra este fato acontecido naquele tempo.\u00a0 Quais as primeiras palavras que escutamos&#8230;<\/p>\n","protected":false},"author":1,"featured_media":0,"comment_status":"open","ping_status":"open","sticky":false,"template":"","format":"standard","meta":{"_acf_changed":false,"footnotes":""},"categories":[1],"tags":[],"class_list":["post-5082","post","type-post","status-publish","format-standard","hentry","category-news","entry","rows-excerpt"],"acf":[],"yoast_head":"<!-- This site is optimized with the Yoast SEO plugin v27.5 - https:\/\/yoast.com\/product\/yoast-seo-wordpress\/ -->\n<title>Homilia de Sua Emin\u00eancia Revma. Dom Tarasios, Arcebispo Metropolitano de Buenos Aires, Primaz e Exarca da Am\u00e9rica do Sul, na Divina Liturgia celebrada na Igreja de S\u00e3o Jo\u00e3o, o Te\u00f3logo, S\u00e3o Jos\u00e9 - SC, Brasil, no Sexto Domingo de Lucas (24-10-10) | ECCLESIA NEWS<\/title>\n<meta name=\"robots\" content=\"index, follow, max-snippet:-1, max-image-preview:large, max-video-preview:-1\" \/>\n<link rel=\"canonical\" href=\"https:\/\/news.ecclesia.org.br\/?p=5082\" \/>\n<meta property=\"og:locale\" content=\"pt_BR\" \/>\n<meta property=\"og:type\" content=\"article\" \/>\n<meta property=\"og:title\" content=\"Homilia de Sua Emin\u00eancia Revma. Dom Tarasios, Arcebispo Metropolitano de Buenos Aires, Primaz e Exarca da Am\u00e9rica do Sul, na Divina Liturgia celebrada na Igreja de S\u00e3o Jo\u00e3o, o Te\u00f3logo, S\u00e3o Jos\u00e9 - SC, Brasil, no Sexto Domingo de Lucas (24-10-10) | ECCLESIA NEWS\" \/>\n<meta property=\"og:description\" content=\"Neste sexto domingo de Lucas, nosso Senhor Jesus Cristo nos recorda a expuls\u00e3o de dem\u00f4nios que Ele realizou na pessoa do geraseno. Atentamente escutamos o Evangelho que nos narra este fato acontecido naquele tempo.\u00a0 Quais as primeiras palavras que escutamos&#8230;\" \/>\n<meta property=\"og:url\" content=\"https:\/\/news.ecclesia.org.br\/?p=5082\" \/>\n<meta property=\"og:site_name\" content=\"ECCLESIA NEWS\" \/>\n<meta property=\"article:publisher\" content=\"https:\/\/www.facebook.com\/Ecclesia2025\" \/>\n<meta property=\"article:published_time\" content=\"2010-10-24T14:00:31+00:00\" \/>\n<meta property=\"article:modified_time\" content=\"2021-07-21T19:50:08+00:00\" \/>\n<meta property=\"og:image\" content=\"https:\/\/news.ecclesia.org.br\/wp-content\/uploads\/2011\/04\/arcebispo-tarasios-300x225.jpg\" \/>\n<meta name=\"author\" content=\"Pe. Andr\u00e9\" \/>\n<meta name=\"twitter:card\" content=\"summary_large_image\" \/>\n<meta name=\"twitter:creator\" content=\"@EcclesiaNews\" \/>\n<meta name=\"twitter:site\" content=\"@EcclesiaNews\" \/>\n<meta name=\"twitter:label1\" content=\"Escrito por\" \/>\n\t<meta name=\"twitter:data1\" content=\"Pe. Andr\u00e9\" \/>\n\t<meta name=\"twitter:label2\" content=\"Est. tempo de leitura\" \/>\n\t<meta name=\"twitter:data2\" content=\"4 minutos\" \/>\n<script type=\"application\/ld+json\" class=\"yoast-schema-graph\">{\"@context\":\"https:\\\/\\\/schema.org\",\"@graph\":[{\"@type\":\"Article\",\"@id\":\"https:\\\/\\\/news.ecclesia.org.br\\\/?p=5082#article\",\"isPartOf\":{\"@id\":\"https:\\\/\\\/news.ecclesia.org.br\\\/?p=5082\"},\"author\":{\"name\":\"Pe. Andr\u00e9\",\"@id\":\"https:\\\/\\\/news.ecclesia.org.br\\\/#\\\/schema\\\/person\\\/6f09597f025829745ba414a569f63758\"},\"headline\":\"Homilia de Sua Emin\u00eancia Revma. Dom Tarasios, Arcebispo Metropolitano de Buenos Aires, Primaz e Exarca da Am\u00e9rica do Sul, na Divina Liturgia celebrada na Igreja de S\u00e3o Jo\u00e3o, o Te\u00f3logo, S\u00e3o Jos\u00e9 &#8211; SC, Brasil, no Sexto Domingo de Lucas (24-10-10)\",\"datePublished\":\"2010-10-24T14:00:31+00:00\",\"dateModified\":\"2021-07-21T19:50:08+00:00\",\"mainEntityOfPage\":{\"@id\":\"https:\\\/\\\/news.ecclesia.org.br\\\/?p=5082\"},\"wordCount\":896,\"commentCount\":0,\"publisher\":{\"@id\":\"https:\\\/\\\/news.ecclesia.org.br\\\/#organization\"},\"image\":{\"@id\":\"https:\\\/\\\/news.ecclesia.org.br\\\/?p=5082#primaryimage\"},\"thumbnailUrl\":\"https:\\\/\\\/news.ecclesia.org.br\\\/wp-content\\\/uploads\\\/2011\\\/04\\\/arcebispo-tarasios-300x225.jpg\",\"articleSection\":[\"NEWS\"],\"inLanguage\":\"pt-BR\",\"potentialAction\":[{\"@type\":\"CommentAction\",\"name\":\"Comment\",\"target\":[\"https:\\\/\\\/news.ecclesia.org.br\\\/?p=5082#respond\"]}]},{\"@type\":\"WebPage\",\"@id\":\"https:\\\/\\\/news.ecclesia.org.br\\\/?p=5082\",\"url\":\"https:\\\/\\\/news.ecclesia.org.br\\\/?p=5082\",\"name\":\"Homilia de Sua Emin\u00eancia Revma. Dom Tarasios, Arcebispo Metropolitano de Buenos Aires, Primaz e Exarca da Am\u00e9rica do Sul, na Divina Liturgia celebrada na Igreja de S\u00e3o Jo\u00e3o, o Te\u00f3logo, S\u00e3o Jos\u00e9 - SC, Brasil, no Sexto Domingo de Lucas (24-10-10) | ECCLESIA NEWS\",\"isPartOf\":{\"@id\":\"https:\\\/\\\/news.ecclesia.org.br\\\/#website\"},\"primaryImageOfPage\":{\"@id\":\"https:\\\/\\\/news.ecclesia.org.br\\\/?p=5082#primaryimage\"},\"image\":{\"@id\":\"https:\\\/\\\/news.ecclesia.org.br\\\/?p=5082#primaryimage\"},\"thumbnailUrl\":\"https:\\\/\\\/news.ecclesia.org.br\\\/wp-content\\\/uploads\\\/2011\\\/04\\\/arcebispo-tarasios-300x225.jpg\",\"datePublished\":\"2010-10-24T14:00:31+00:00\",\"dateModified\":\"2021-07-21T19:50:08+00:00\",\"breadcrumb\":{\"@id\":\"https:\\\/\\\/news.ecclesia.org.br\\\/?p=5082#breadcrumb\"},\"inLanguage\":\"pt-BR\",\"potentialAction\":[{\"@type\":\"ReadAction\",\"target\":[\"https:\\\/\\\/news.ecclesia.org.br\\\/?p=5082\"]}]},{\"@type\":\"ImageObject\",\"inLanguage\":\"pt-BR\",\"@id\":\"https:\\\/\\\/news.ecclesia.org.br\\\/?p=5082#primaryimage\",\"url\":\"https:\\\/\\\/news.ecclesia.org.br\\\/wp-content\\\/uploads\\\/2011\\\/04\\\/arcebispo-tarasios-300x225.jpg\",\"contentUrl\":\"https:\\\/\\\/news.ecclesia.org.br\\\/wp-content\\\/uploads\\\/2011\\\/04\\\/arcebispo-tarasios-300x225.jpg\"},{\"@type\":\"BreadcrumbList\",\"@id\":\"https:\\\/\\\/news.ecclesia.org.br\\\/?p=5082#breadcrumb\",\"itemListElement\":[{\"@type\":\"ListItem\",\"position\":1,\"name\":\"In\u00edcio\",\"item\":\"https:\\\/\\\/news.ecclesia.org.br\\\/\"},{\"@type\":\"ListItem\",\"position\":2,\"name\":\"Homilia de Sua Emin\u00eancia Revma. Dom Tarasios, Arcebispo Metropolitano de Buenos Aires, Primaz e Exarca da Am\u00e9rica do Sul, na Divina Liturgia celebrada na Igreja de S\u00e3o Jo\u00e3o, o Te\u00f3logo, S\u00e3o Jos\u00e9 &#8211; SC, Brasil, no Sexto Domingo de Lucas (24-10-10)\"}]},{\"@type\":\"WebSite\",\"@id\":\"https:\\\/\\\/news.ecclesia.org.br\\\/#website\",\"url\":\"https:\\\/\\\/news.ecclesia.org.br\\\/\",\"name\":\"Ecclesia Brasil\",\"description\":\"Desde 2003 onectando o Brasil ao mundo ortodoxo!\",\"publisher\":{\"@id\":\"https:\\\/\\\/news.ecclesia.org.br\\\/#organization\"},\"alternateName\":\"Ecclesia\",\"potentialAction\":[{\"@type\":\"SearchAction\",\"target\":{\"@type\":\"EntryPoint\",\"urlTemplate\":\"https:\\\/\\\/news.ecclesia.org.br\\\/?s={search_term_string}\"},\"query-input\":{\"@type\":\"PropertyValueSpecification\",\"valueRequired\":true,\"valueName\":\"search_term_string\"}}],\"inLanguage\":\"pt-BR\"},{\"@type\":\"Organization\",\"@id\":\"https:\\\/\\\/news.ecclesia.org.br\\\/#organization\",\"name\":\"Sacra Arquidiocese de Buenos Aires e Am\u00e9rica do Sul | Patriarcado Ecum\u00eanico\",\"alternateName\":\"News Ecclesia Brasil\",\"url\":\"https:\\\/\\\/news.ecclesia.org.br\\\/\",\"logo\":{\"@type\":\"ImageObject\",\"inLanguage\":\"pt-BR\",\"@id\":\"https:\\\/\\\/news.ecclesia.org.br\\\/#\\\/schema\\\/logo\\\/image\\\/\",\"url\":\"https:\\\/\\\/news.ecclesia.org.br\\\/wp-content\\\/uploads\\\/2025\\\/05\\\/ecclesia2.png\",\"contentUrl\":\"https:\\\/\\\/news.ecclesia.org.br\\\/wp-content\\\/uploads\\\/2025\\\/05\\\/ecclesia2.png\",\"width\":480,\"height\":120,\"caption\":\"Sacra Arquidiocese de Buenos Aires e Am\u00e9rica do Sul | Patriarcado Ecum\u00eanico\"},\"image\":{\"@id\":\"https:\\\/\\\/news.ecclesia.org.br\\\/#\\\/schema\\\/logo\\\/image\\\/\"},\"sameAs\":[\"https:\\\/\\\/www.facebook.com\\\/Ecclesia2025\",\"https:\\\/\\\/x.com\\\/EcclesiaNews\",\"https:\\\/\\\/br.pinterest.com\\\/ekklisia\\\/\",\"https:\\\/\\\/www.youtube.com\\\/@EcclesiaBrasil\"]},{\"@type\":\"Person\",\"@id\":\"https:\\\/\\\/news.ecclesia.org.br\\\/#\\\/schema\\\/person\\\/6f09597f025829745ba414a569f63758\",\"name\":\"Pe. Andr\u00e9\",\"image\":{\"@type\":\"ImageObject\",\"inLanguage\":\"pt-BR\",\"@id\":\"https:\\\/\\\/secure.gravatar.com\\\/avatar\\\/b4327cfa27e9799da239a26adcd534fc29cdc0c4a4a148eecbcfeb9b42c617ac?s=96&d=mm&r=g\",\"url\":\"https:\\\/\\\/secure.gravatar.com\\\/avatar\\\/b4327cfa27e9799da239a26adcd534fc29cdc0c4a4a148eecbcfeb9b42c617ac?s=96&d=mm&r=g\",\"contentUrl\":\"https:\\\/\\\/secure.gravatar.com\\\/avatar\\\/b4327cfa27e9799da239a26adcd534fc29cdc0c4a4a148eecbcfeb9b42c617ac?s=96&d=mm&r=g\",\"caption\":\"Pe. Andr\u00e9\"},\"sameAs\":[\"https:\\\/\\\/www.ecclesia.org.br\"]}]}<\/script>\n<!-- \/ Yoast SEO plugin. -->","yoast_head_json":{"title":"Homilia de Sua Emin\u00eancia Revma. Dom Tarasios, Arcebispo Metropolitano de Buenos Aires, Primaz e Exarca da Am\u00e9rica do Sul, na Divina Liturgia celebrada na Igreja de S\u00e3o Jo\u00e3o, o Te\u00f3logo, S\u00e3o Jos\u00e9 - SC, Brasil, no Sexto Domingo de Lucas (24-10-10) | ECCLESIA NEWS","robots":{"index":"index","follow":"follow","max-snippet":"max-snippet:-1","max-image-preview":"max-image-preview:large","max-video-preview":"max-video-preview:-1"},"canonical":"https:\/\/news.ecclesia.org.br\/?p=5082","og_locale":"pt_BR","og_type":"article","og_title":"Homilia de Sua Emin\u00eancia Revma. Dom Tarasios, Arcebispo Metropolitano de Buenos Aires, Primaz e Exarca da Am\u00e9rica do Sul, na Divina Liturgia celebrada na Igreja de S\u00e3o Jo\u00e3o, o Te\u00f3logo, S\u00e3o Jos\u00e9 - SC, Brasil, no Sexto Domingo de Lucas (24-10-10) | ECCLESIA NEWS","og_description":"Neste sexto domingo de Lucas, nosso Senhor Jesus Cristo nos recorda a expuls\u00e3o de dem\u00f4nios que Ele realizou na pessoa do geraseno. Atentamente escutamos o Evangelho que nos narra este fato acontecido naquele tempo.\u00a0 Quais as primeiras palavras que escutamos&#8230;","og_url":"https:\/\/news.ecclesia.org.br\/?p=5082","og_site_name":"ECCLESIA NEWS","article_publisher":"https:\/\/www.facebook.com\/Ecclesia2025","article_published_time":"2010-10-24T14:00:31+00:00","article_modified_time":"2021-07-21T19:50:08+00:00","og_image":[{"url":"https:\/\/news.ecclesia.org.br\/wp-content\/uploads\/2011\/04\/arcebispo-tarasios-300x225.jpg","type":"","width":"","height":""}],"author":"Pe. Andr\u00e9","twitter_card":"summary_large_image","twitter_creator":"@EcclesiaNews","twitter_site":"@EcclesiaNews","twitter_misc":{"Escrito por":"Pe. Andr\u00e9","Est. tempo de leitura":"4 minutos"},"schema":{"@context":"https:\/\/schema.org","@graph":[{"@type":"Article","@id":"https:\/\/news.ecclesia.org.br\/?p=5082#article","isPartOf":{"@id":"https:\/\/news.ecclesia.org.br\/?p=5082"},"author":{"name":"Pe. Andr\u00e9","@id":"https:\/\/news.ecclesia.org.br\/#\/schema\/person\/6f09597f025829745ba414a569f63758"},"headline":"Homilia de Sua Emin\u00eancia Revma. Dom Tarasios, Arcebispo Metropolitano de Buenos Aires, Primaz e Exarca da Am\u00e9rica do Sul, na Divina Liturgia celebrada na Igreja de S\u00e3o Jo\u00e3o, o Te\u00f3logo, S\u00e3o Jos\u00e9 &#8211; SC, Brasil, no Sexto Domingo de Lucas (24-10-10)","datePublished":"2010-10-24T14:00:31+00:00","dateModified":"2021-07-21T19:50:08+00:00","mainEntityOfPage":{"@id":"https:\/\/news.ecclesia.org.br\/?p=5082"},"wordCount":896,"commentCount":0,"publisher":{"@id":"https:\/\/news.ecclesia.org.br\/#organization"},"image":{"@id":"https:\/\/news.ecclesia.org.br\/?p=5082#primaryimage"},"thumbnailUrl":"https:\/\/news.ecclesia.org.br\/wp-content\/uploads\/2011\/04\/arcebispo-tarasios-300x225.jpg","articleSection":["NEWS"],"inLanguage":"pt-BR","potentialAction":[{"@type":"CommentAction","name":"Comment","target":["https:\/\/news.ecclesia.org.br\/?p=5082#respond"]}]},{"@type":"WebPage","@id":"https:\/\/news.ecclesia.org.br\/?p=5082","url":"https:\/\/news.ecclesia.org.br\/?p=5082","name":"Homilia de Sua Emin\u00eancia Revma. Dom Tarasios, Arcebispo Metropolitano de Buenos Aires, Primaz e Exarca da Am\u00e9rica do Sul, na Divina Liturgia celebrada na Igreja de S\u00e3o Jo\u00e3o, o Te\u00f3logo, S\u00e3o Jos\u00e9 - SC, Brasil, no Sexto Domingo de Lucas (24-10-10) | ECCLESIA NEWS","isPartOf":{"@id":"https:\/\/news.ecclesia.org.br\/#website"},"primaryImageOfPage":{"@id":"https:\/\/news.ecclesia.org.br\/?p=5082#primaryimage"},"image":{"@id":"https:\/\/news.ecclesia.org.br\/?p=5082#primaryimage"},"thumbnailUrl":"https:\/\/news.ecclesia.org.br\/wp-content\/uploads\/2011\/04\/arcebispo-tarasios-300x225.jpg","datePublished":"2010-10-24T14:00:31+00:00","dateModified":"2021-07-21T19:50:08+00:00","breadcrumb":{"@id":"https:\/\/news.ecclesia.org.br\/?p=5082#breadcrumb"},"inLanguage":"pt-BR","potentialAction":[{"@type":"ReadAction","target":["https:\/\/news.ecclesia.org.br\/?p=5082"]}]},{"@type":"ImageObject","inLanguage":"pt-BR","@id":"https:\/\/news.ecclesia.org.br\/?p=5082#primaryimage","url":"https:\/\/news.ecclesia.org.br\/wp-content\/uploads\/2011\/04\/arcebispo-tarasios-300x225.jpg","contentUrl":"https:\/\/news.ecclesia.org.br\/wp-content\/uploads\/2011\/04\/arcebispo-tarasios-300x225.jpg"},{"@type":"BreadcrumbList","@id":"https:\/\/news.ecclesia.org.br\/?p=5082#breadcrumb","itemListElement":[{"@type":"ListItem","position":1,"name":"In\u00edcio","item":"https:\/\/news.ecclesia.org.br\/"},{"@type":"ListItem","position":2,"name":"Homilia de Sua Emin\u00eancia Revma. Dom Tarasios, Arcebispo Metropolitano de Buenos Aires, Primaz e Exarca da Am\u00e9rica do Sul, na Divina Liturgia celebrada na Igreja de S\u00e3o Jo\u00e3o, o Te\u00f3logo, S\u00e3o Jos\u00e9 &#8211; SC, Brasil, no Sexto Domingo de Lucas (24-10-10)"}]},{"@type":"WebSite","@id":"https:\/\/news.ecclesia.org.br\/#website","url":"https:\/\/news.ecclesia.org.br\/","name":"Ecclesia Brasil","description":"Desde 2003 onectando o Brasil ao mundo ortodoxo!","publisher":{"@id":"https:\/\/news.ecclesia.org.br\/#organization"},"alternateName":"Ecclesia","potentialAction":[{"@type":"SearchAction","target":{"@type":"EntryPoint","urlTemplate":"https:\/\/news.ecclesia.org.br\/?s={search_term_string}"},"query-input":{"@type":"PropertyValueSpecification","valueRequired":true,"valueName":"search_term_string"}}],"inLanguage":"pt-BR"},{"@type":"Organization","@id":"https:\/\/news.ecclesia.org.br\/#organization","name":"Sacra Arquidiocese de Buenos Aires e Am\u00e9rica do Sul | Patriarcado Ecum\u00eanico","alternateName":"News Ecclesia Brasil","url":"https:\/\/news.ecclesia.org.br\/","logo":{"@type":"ImageObject","inLanguage":"pt-BR","@id":"https:\/\/news.ecclesia.org.br\/#\/schema\/logo\/image\/","url":"https:\/\/news.ecclesia.org.br\/wp-content\/uploads\/2025\/05\/ecclesia2.png","contentUrl":"https:\/\/news.ecclesia.org.br\/wp-content\/uploads\/2025\/05\/ecclesia2.png","width":480,"height":120,"caption":"Sacra Arquidiocese de Buenos Aires e Am\u00e9rica do Sul | Patriarcado Ecum\u00eanico"},"image":{"@id":"https:\/\/news.ecclesia.org.br\/#\/schema\/logo\/image\/"},"sameAs":["https:\/\/www.facebook.com\/Ecclesia2025","https:\/\/x.com\/EcclesiaNews","https:\/\/br.pinterest.com\/ekklisia\/","https:\/\/www.youtube.com\/@EcclesiaBrasil"]},{"@type":"Person","@id":"https:\/\/news.ecclesia.org.br\/#\/schema\/person\/6f09597f025829745ba414a569f63758","name":"Pe. Andr\u00e9","image":{"@type":"ImageObject","inLanguage":"pt-BR","@id":"https:\/\/secure.gravatar.com\/avatar\/b4327cfa27e9799da239a26adcd534fc29cdc0c4a4a148eecbcfeb9b42c617ac?s=96&d=mm&r=g","url":"https:\/\/secure.gravatar.com\/avatar\/b4327cfa27e9799da239a26adcd534fc29cdc0c4a4a148eecbcfeb9b42c617ac?s=96&d=mm&r=g","contentUrl":"https:\/\/secure.gravatar.com\/avatar\/b4327cfa27e9799da239a26adcd534fc29cdc0c4a4a148eecbcfeb9b42c617ac?s=96&d=mm&r=g","caption":"Pe. Andr\u00e9"},"sameAs":["https:\/\/www.ecclesia.org.br"]}]}},"_links":{"self":[{"href":"https:\/\/news.ecclesia.org.br\/index.php?rest_route=\/wp\/v2\/posts\/5082","targetHints":{"allow":["GET"]}}],"collection":[{"href":"https:\/\/news.ecclesia.org.br\/index.php?rest_route=\/wp\/v2\/posts"}],"about":[{"href":"https:\/\/news.ecclesia.org.br\/index.php?rest_route=\/wp\/v2\/types\/post"}],"author":[{"embeddable":true,"href":"https:\/\/news.ecclesia.org.br\/index.php?rest_route=\/wp\/v2\/users\/1"}],"replies":[{"embeddable":true,"href":"https:\/\/news.ecclesia.org.br\/index.php?rest_route=%2Fwp%2Fv2%2Fcomments&post=5082"}],"version-history":[{"count":3,"href":"https:\/\/news.ecclesia.org.br\/index.php?rest_route=\/wp\/v2\/posts\/5082\/revisions"}],"predecessor-version":[{"id":37963,"href":"https:\/\/news.ecclesia.org.br\/index.php?rest_route=\/wp\/v2\/posts\/5082\/revisions\/37963"}],"wp:attachment":[{"href":"https:\/\/news.ecclesia.org.br\/index.php?rest_route=%2Fwp%2Fv2%2Fmedia&parent=5082"}],"wp:term":[{"taxonomy":"category","embeddable":true,"href":"https:\/\/news.ecclesia.org.br\/index.php?rest_route=%2Fwp%2Fv2%2Fcategories&post=5082"},{"taxonomy":"post_tag","embeddable":true,"href":"https:\/\/news.ecclesia.org.br\/index.php?rest_route=%2Fwp%2Fv2%2Ftags&post=5082"}],"curies":[{"name":"wp","href":"https:\/\/api.w.org\/{rel}","templated":true}]}}