{"id":5071,"date":"2010-10-19T21:13:55","date_gmt":"2010-10-19T23:13:55","guid":{"rendered":"http:\/\/www.ecclesia.com.br\/news\/?p=5071"},"modified":"2016-03-18T02:52:23","modified_gmt":"2016-03-18T02:52:23","slug":"franca-uma-igreja-ortodoxa-ao-lado-da-torre-eiffel","status":"publish","type":"post","link":"https:\/\/news.ecclesia.org.br\/?p=5071","title":{"rendered":"Fran\u00e7a: uma igreja ortodoxa ao lado da Torre Eiffel"},"content":{"rendered":"<p style=\"text-align: justify;\"><img fetchpriority=\"high\" decoding=\"async\" class=\"alignleft wp-image-16285\" src=\"https:\/\/news.ecclesia.org.br\/2013\/wp-content\/uploads\/2010\/10\/igreja-russa-paris.jpg\" alt=\"igreja-russa-paris\" width=\"440\" height=\"330\" srcset=\"https:\/\/news.ecclesia.org.br\/wp-content\/uploads\/2010\/10\/igreja-russa-paris.jpg 700w, https:\/\/news.ecclesia.org.br\/wp-content\/uploads\/2010\/10\/igreja-russa-paris-300x225.jpg 300w, https:\/\/news.ecclesia.org.br\/wp-content\/uploads\/2010\/10\/igreja-russa-paris-600x450.jpg 600w, https:\/\/news.ecclesia.org.br\/wp-content\/uploads\/2010\/10\/igreja-russa-paris-73x55.jpg 73w\" sizes=\"(max-width: 440px) 100vw, 440px\" \/>Paris, 16 out (RV)\u00a0&#8211; Uma igreja ortodoxa russa no &#8220;cora\u00e7\u00e3o&#8221; de Paris, a dois passos da Torre Eiffel: as autoridades de Moscou lan\u00e7aram um concurso de arquitetura, nesta sexta-feira, para projetar a constru\u00e7\u00e3o religiosa que ser\u00e1 erigida \u00e0s margens do rio Sena, e compreender\u00e1 tamb\u00e9m um centro cultural.<\/p>\n<p style=\"text-align: justify;\">A igreja ser\u00e1 constru\u00edda onde est\u00e1 &#8211; atualmente &#8211; a sede do\u00a0M\u00e9t\u00e9o France\u00a0(o servi\u00e7o franc\u00eas de meteorologia) constru\u00edda em 1948, e que ser\u00e1 parcialmente demolida.<\/p>\n<p style=\"text-align: justify;\">Uma \u00e1rea de 4.245 metros quadrados, que a Fran\u00e7a vendeu \u00e0 R\u00fassia, em mar\u00e7o passado, pela cifra de 50 milh\u00f5es de euros. O projeto j\u00e1 obtivera o aval do presidente franc\u00eas, Nicolas Sarkozy, no outono de 2007, quando o ent\u00e3o patriarca ortodoxo de Moscou e de todas as R\u00fassias, Aleksej II, em visita \u00e0 Fran\u00e7a, manifestara seu desejo de construir outra igreja ortodoxa em Paris, al\u00e9m da existente na\u00a0Rue Daru, erigida no s\u00e9culo XIX.<\/p>\n<p style=\"text-align: justify;\">A nova igreja n\u00e3o poder\u00e1 superar os 25-27m de altura, compreendidas as cruzes colocadas em suas c\u00fapulas, por disposi\u00e7\u00e3o das normas de urbaniza\u00e7\u00e3o da Cidade Luz. Ser\u00e1 circundada por um jardim, e ter\u00e1 capacidade para acolher de 500 a 600 fi\u00e9is, segundo informa\u00e7\u00f5es de Alexandre Orlov, embaixador russo na Fran\u00e7a, apresentando o projeto aos jornalistas, nesta sexta-feira.<\/p>\n<p style=\"text-align: justify;\">O centro cultural ser\u00e1 sediado numa constru\u00e7\u00e3o adjacente, em estilo moderno, constru\u00edda em a\u00e7o, pedra e vidro. O custo da nova igreja ortodoxa poder\u00e1 chegar a 20-30 milh\u00f5es de euros.<\/p>\n<p style=\"text-align: justify;\">O arquiteto que vencer o concurso ter\u00e1 seu nome anunciado no dia 6 de mar\u00e7o de 2011 e as obras de constru\u00e7\u00e3o n\u00e3o dever\u00e3o ter in\u00edcio antes de janeiro de 2012. (AF)<\/p>\n","protected":false},"excerpt":{"rendered":"<p>Paris, 16 out (RV)\u00a0&#8211; Uma igreja ortodoxa russa no &#8220;cora\u00e7\u00e3o&#8221; de Paris, a dois passos da Torre Eiffel: as autoridades de Moscou lan\u00e7aram um concurso de arquitetura, nesta sexta-feira, para projetar a constru\u00e7\u00e3o religiosa que ser\u00e1 erigida \u00e0s margens do&#8230;<\/p>\n","protected":false},"author":1,"featured_media":16285,"comment_status":"open","ping_status":"open","sticky":false,"template":"","format":"standard","meta":{"_acf_changed":false,"footnotes":""},"categories":[1],"tags":[],"class_list":["post-5071","post","type-post","status-publish","format-standard","has-post-thumbnail","hentry","category-news","entry","rows-excerpt"],"acf":[],"yoast_head":"<!-- This site is optimized with the Yoast SEO plugin v27.5 - https:\/\/yoast.com\/product\/yoast-seo-wordpress\/ -->\n<title>Fran\u00e7a: uma igreja ortodoxa ao lado da Torre Eiffel | ECCLESIA NEWS<\/title>\n<meta name=\"robots\" content=\"index, follow, max-snippet:-1, max-image-preview:large, max-video-preview:-1\" \/>\n<link rel=\"canonical\" href=\"https:\/\/news.ecclesia.org.br\/?p=5071\" \/>\n<meta property=\"og:locale\" content=\"pt_BR\" \/>\n<meta property=\"og:type\" content=\"article\" \/>\n<meta property=\"og:title\" content=\"Fran\u00e7a: uma igreja ortodoxa ao lado da Torre Eiffel | ECCLESIA NEWS\" \/>\n<meta property=\"og:description\" content=\"Paris, 16 out (RV)\u00a0&#8211; Uma igreja ortodoxa russa no &#8220;cora\u00e7\u00e3o&#8221; de Paris, a dois passos da Torre Eiffel: as autoridades de Moscou lan\u00e7aram um concurso de arquitetura, nesta sexta-feira, para projetar a constru\u00e7\u00e3o religiosa que ser\u00e1 erigida \u00e0s margens do&#8230;\" \/>\n<meta property=\"og:url\" content=\"https:\/\/news.ecclesia.org.br\/?p=5071\" \/>\n<meta property=\"og:site_name\" content=\"ECCLESIA NEWS\" \/>\n<meta property=\"article:publisher\" content=\"https:\/\/www.facebook.com\/Ecclesia2025\" \/>\n<meta property=\"article:published_time\" content=\"2010-10-19T23:13:55+00:00\" \/>\n<meta property=\"article:modified_time\" content=\"2016-03-18T02:52:23+00:00\" \/>\n<meta property=\"og:image\" content=\"https:\/\/news.ecclesia.org.br\/wp-content\/uploads\/2010\/10\/igreja-russa-paris.jpg\" \/>\n\t<meta property=\"og:image:width\" content=\"700\" \/>\n\t<meta property=\"og:image:height\" content=\"525\" \/>\n\t<meta property=\"og:image:type\" content=\"image\/jpeg\" \/>\n<meta name=\"author\" content=\"Pe. Andr\u00e9\" \/>\n<meta name=\"twitter:card\" content=\"summary_large_image\" \/>\n<meta name=\"twitter:creator\" content=\"@EcclesiaNews\" \/>\n<meta name=\"twitter:site\" content=\"@EcclesiaNews\" \/>\n<meta name=\"twitter:label1\" content=\"Escrito por\" \/>\n\t<meta name=\"twitter:data1\" content=\"Pe. Andr\u00e9\" \/>\n\t<meta name=\"twitter:label2\" content=\"Est. tempo de leitura\" \/>\n\t<meta name=\"twitter:data2\" content=\"1 minuto\" \/>\n<script type=\"application\/ld+json\" class=\"yoast-schema-graph\">{\"@context\":\"https:\\\/\\\/schema.org\",\"@graph\":[{\"@type\":\"Article\",\"@id\":\"https:\\\/\\\/news.ecclesia.org.br\\\/?p=5071#article\",\"isPartOf\":{\"@id\":\"https:\\\/\\\/news.ecclesia.org.br\\\/?p=5071\"},\"author\":{\"name\":\"Pe. Andr\u00e9\",\"@id\":\"https:\\\/\\\/news.ecclesia.org.br\\\/#\\\/schema\\\/person\\\/6f09597f025829745ba414a569f63758\"},\"headline\":\"Fran\u00e7a: uma igreja ortodoxa ao lado da Torre Eiffel\",\"datePublished\":\"2010-10-19T23:13:55+00:00\",\"dateModified\":\"2016-03-18T02:52:23+00:00\",\"mainEntityOfPage\":{\"@id\":\"https:\\\/\\\/news.ecclesia.org.br\\\/?p=5071\"},\"wordCount\":305,\"commentCount\":0,\"publisher\":{\"@id\":\"https:\\\/\\\/news.ecclesia.org.br\\\/#organization\"},\"image\":{\"@id\":\"https:\\\/\\\/news.ecclesia.org.br\\\/?p=5071#primaryimage\"},\"thumbnailUrl\":\"https:\\\/\\\/news.ecclesia.org.br\\\/wp-content\\\/uploads\\\/2010\\\/10\\\/igreja-russa-paris.jpg\",\"articleSection\":[\"NEWS\"],\"inLanguage\":\"pt-BR\",\"potentialAction\":[{\"@type\":\"CommentAction\",\"name\":\"Comment\",\"target\":[\"https:\\\/\\\/news.ecclesia.org.br\\\/?p=5071#respond\"]}]},{\"@type\":\"WebPage\",\"@id\":\"https:\\\/\\\/news.ecclesia.org.br\\\/?p=5071\",\"url\":\"https:\\\/\\\/news.ecclesia.org.br\\\/?p=5071\",\"name\":\"Fran\u00e7a: uma igreja ortodoxa ao lado da Torre Eiffel | ECCLESIA NEWS\",\"isPartOf\":{\"@id\":\"https:\\\/\\\/news.ecclesia.org.br\\\/#website\"},\"primaryImageOfPage\":{\"@id\":\"https:\\\/\\\/news.ecclesia.org.br\\\/?p=5071#primaryimage\"},\"image\":{\"@id\":\"https:\\\/\\\/news.ecclesia.org.br\\\/?p=5071#primaryimage\"},\"thumbnailUrl\":\"https:\\\/\\\/news.ecclesia.org.br\\\/wp-content\\\/uploads\\\/2010\\\/10\\\/igreja-russa-paris.jpg\",\"datePublished\":\"2010-10-19T23:13:55+00:00\",\"dateModified\":\"2016-03-18T02:52:23+00:00\",\"breadcrumb\":{\"@id\":\"https:\\\/\\\/news.ecclesia.org.br\\\/?p=5071#breadcrumb\"},\"inLanguage\":\"pt-BR\",\"potentialAction\":[{\"@type\":\"ReadAction\",\"target\":[\"https:\\\/\\\/news.ecclesia.org.br\\\/?p=5071\"]}]},{\"@type\":\"ImageObject\",\"inLanguage\":\"pt-BR\",\"@id\":\"https:\\\/\\\/news.ecclesia.org.br\\\/?p=5071#primaryimage\",\"url\":\"https:\\\/\\\/news.ecclesia.org.br\\\/wp-content\\\/uploads\\\/2010\\\/10\\\/igreja-russa-paris.jpg\",\"contentUrl\":\"https:\\\/\\\/news.ecclesia.org.br\\\/wp-content\\\/uploads\\\/2010\\\/10\\\/igreja-russa-paris.jpg\",\"width\":700,\"height\":525},{\"@type\":\"BreadcrumbList\",\"@id\":\"https:\\\/\\\/news.ecclesia.org.br\\\/?p=5071#breadcrumb\",\"itemListElement\":[{\"@type\":\"ListItem\",\"position\":1,\"name\":\"In\u00edcio\",\"item\":\"https:\\\/\\\/news.ecclesia.org.br\\\/\"},{\"@type\":\"ListItem\",\"position\":2,\"name\":\"Fran\u00e7a: uma igreja ortodoxa ao lado da Torre Eiffel\"}]},{\"@type\":\"WebSite\",\"@id\":\"https:\\\/\\\/news.ecclesia.org.br\\\/#website\",\"url\":\"https:\\\/\\\/news.ecclesia.org.br\\\/\",\"name\":\"Ecclesia Brasil\",\"description\":\"Desde 2003 onectando o Brasil ao mundo ortodoxo!\",\"publisher\":{\"@id\":\"https:\\\/\\\/news.ecclesia.org.br\\\/#organization\"},\"alternateName\":\"Ecclesia\",\"potentialAction\":[{\"@type\":\"SearchAction\",\"target\":{\"@type\":\"EntryPoint\",\"urlTemplate\":\"https:\\\/\\\/news.ecclesia.org.br\\\/?s={search_term_string}\"},\"query-input\":{\"@type\":\"PropertyValueSpecification\",\"valueRequired\":true,\"valueName\":\"search_term_string\"}}],\"inLanguage\":\"pt-BR\"},{\"@type\":\"Organization\",\"@id\":\"https:\\\/\\\/news.ecclesia.org.br\\\/#organization\",\"name\":\"Sacra Arquidiocese de Buenos Aires e Am\u00e9rica do Sul | Patriarcado Ecum\u00eanico\",\"alternateName\":\"News Ecclesia Brasil\",\"url\":\"https:\\\/\\\/news.ecclesia.org.br\\\/\",\"logo\":{\"@type\":\"ImageObject\",\"inLanguage\":\"pt-BR\",\"@id\":\"https:\\\/\\\/news.ecclesia.org.br\\\/#\\\/schema\\\/logo\\\/image\\\/\",\"url\":\"https:\\\/\\\/news.ecclesia.org.br\\\/wp-content\\\/uploads\\\/2025\\\/05\\\/ecclesia2.png\",\"contentUrl\":\"https:\\\/\\\/news.ecclesia.org.br\\\/wp-content\\\/uploads\\\/2025\\\/05\\\/ecclesia2.png\",\"width\":480,\"height\":120,\"caption\":\"Sacra Arquidiocese de Buenos Aires e Am\u00e9rica do Sul | Patriarcado Ecum\u00eanico\"},\"image\":{\"@id\":\"https:\\\/\\\/news.ecclesia.org.br\\\/#\\\/schema\\\/logo\\\/image\\\/\"},\"sameAs\":[\"https:\\\/\\\/www.facebook.com\\\/Ecclesia2025\",\"https:\\\/\\\/x.com\\\/EcclesiaNews\",\"https:\\\/\\\/br.pinterest.com\\\/ekklisia\\\/\",\"https:\\\/\\\/www.youtube.com\\\/@EcclesiaBrasil\"]},{\"@type\":\"Person\",\"@id\":\"https:\\\/\\\/news.ecclesia.org.br\\\/#\\\/schema\\\/person\\\/6f09597f025829745ba414a569f63758\",\"name\":\"Pe. Andr\u00e9\",\"image\":{\"@type\":\"ImageObject\",\"inLanguage\":\"pt-BR\",\"@id\":\"https:\\\/\\\/secure.gravatar.com\\\/avatar\\\/b4327cfa27e9799da239a26adcd534fc29cdc0c4a4a148eecbcfeb9b42c617ac?s=96&d=mm&r=g\",\"url\":\"https:\\\/\\\/secure.gravatar.com\\\/avatar\\\/b4327cfa27e9799da239a26adcd534fc29cdc0c4a4a148eecbcfeb9b42c617ac?s=96&d=mm&r=g\",\"contentUrl\":\"https:\\\/\\\/secure.gravatar.com\\\/avatar\\\/b4327cfa27e9799da239a26adcd534fc29cdc0c4a4a148eecbcfeb9b42c617ac?s=96&d=mm&r=g\",\"caption\":\"Pe. Andr\u00e9\"},\"sameAs\":[\"https:\\\/\\\/www.ecclesia.org.br\"]}]}<\/script>\n<!-- \/ Yoast SEO plugin. -->","yoast_head_json":{"title":"Fran\u00e7a: uma igreja ortodoxa ao lado da Torre Eiffel | ECCLESIA NEWS","robots":{"index":"index","follow":"follow","max-snippet":"max-snippet:-1","max-image-preview":"max-image-preview:large","max-video-preview":"max-video-preview:-1"},"canonical":"https:\/\/news.ecclesia.org.br\/?p=5071","og_locale":"pt_BR","og_type":"article","og_title":"Fran\u00e7a: uma igreja ortodoxa ao lado da Torre Eiffel | ECCLESIA NEWS","og_description":"Paris, 16 out (RV)\u00a0&#8211; Uma igreja ortodoxa russa no &#8220;cora\u00e7\u00e3o&#8221; de Paris, a dois passos da Torre Eiffel: as autoridades de Moscou lan\u00e7aram um concurso de arquitetura, nesta sexta-feira, para projetar a constru\u00e7\u00e3o religiosa que ser\u00e1 erigida \u00e0s margens do&#8230;","og_url":"https:\/\/news.ecclesia.org.br\/?p=5071","og_site_name":"ECCLESIA NEWS","article_publisher":"https:\/\/www.facebook.com\/Ecclesia2025","article_published_time":"2010-10-19T23:13:55+00:00","article_modified_time":"2016-03-18T02:52:23+00:00","og_image":[{"width":700,"height":525,"url":"https:\/\/news.ecclesia.org.br\/wp-content\/uploads\/2010\/10\/igreja-russa-paris.jpg","type":"image\/jpeg"}],"author":"Pe. Andr\u00e9","twitter_card":"summary_large_image","twitter_creator":"@EcclesiaNews","twitter_site":"@EcclesiaNews","twitter_misc":{"Escrito por":"Pe. Andr\u00e9","Est. tempo de leitura":"1 minuto"},"schema":{"@context":"https:\/\/schema.org","@graph":[{"@type":"Article","@id":"https:\/\/news.ecclesia.org.br\/?p=5071#article","isPartOf":{"@id":"https:\/\/news.ecclesia.org.br\/?p=5071"},"author":{"name":"Pe. Andr\u00e9","@id":"https:\/\/news.ecclesia.org.br\/#\/schema\/person\/6f09597f025829745ba414a569f63758"},"headline":"Fran\u00e7a: uma igreja ortodoxa ao lado da Torre Eiffel","datePublished":"2010-10-19T23:13:55+00:00","dateModified":"2016-03-18T02:52:23+00:00","mainEntityOfPage":{"@id":"https:\/\/news.ecclesia.org.br\/?p=5071"},"wordCount":305,"commentCount":0,"publisher":{"@id":"https:\/\/news.ecclesia.org.br\/#organization"},"image":{"@id":"https:\/\/news.ecclesia.org.br\/?p=5071#primaryimage"},"thumbnailUrl":"https:\/\/news.ecclesia.org.br\/wp-content\/uploads\/2010\/10\/igreja-russa-paris.jpg","articleSection":["NEWS"],"inLanguage":"pt-BR","potentialAction":[{"@type":"CommentAction","name":"Comment","target":["https:\/\/news.ecclesia.org.br\/?p=5071#respond"]}]},{"@type":"WebPage","@id":"https:\/\/news.ecclesia.org.br\/?p=5071","url":"https:\/\/news.ecclesia.org.br\/?p=5071","name":"Fran\u00e7a: uma igreja ortodoxa ao lado da Torre Eiffel | ECCLESIA NEWS","isPartOf":{"@id":"https:\/\/news.ecclesia.org.br\/#website"},"primaryImageOfPage":{"@id":"https:\/\/news.ecclesia.org.br\/?p=5071#primaryimage"},"image":{"@id":"https:\/\/news.ecclesia.org.br\/?p=5071#primaryimage"},"thumbnailUrl":"https:\/\/news.ecclesia.org.br\/wp-content\/uploads\/2010\/10\/igreja-russa-paris.jpg","datePublished":"2010-10-19T23:13:55+00:00","dateModified":"2016-03-18T02:52:23+00:00","breadcrumb":{"@id":"https:\/\/news.ecclesia.org.br\/?p=5071#breadcrumb"},"inLanguage":"pt-BR","potentialAction":[{"@type":"ReadAction","target":["https:\/\/news.ecclesia.org.br\/?p=5071"]}]},{"@type":"ImageObject","inLanguage":"pt-BR","@id":"https:\/\/news.ecclesia.org.br\/?p=5071#primaryimage","url":"https:\/\/news.ecclesia.org.br\/wp-content\/uploads\/2010\/10\/igreja-russa-paris.jpg","contentUrl":"https:\/\/news.ecclesia.org.br\/wp-content\/uploads\/2010\/10\/igreja-russa-paris.jpg","width":700,"height":525},{"@type":"BreadcrumbList","@id":"https:\/\/news.ecclesia.org.br\/?p=5071#breadcrumb","itemListElement":[{"@type":"ListItem","position":1,"name":"In\u00edcio","item":"https:\/\/news.ecclesia.org.br\/"},{"@type":"ListItem","position":2,"name":"Fran\u00e7a: uma igreja ortodoxa ao lado da Torre Eiffel"}]},{"@type":"WebSite","@id":"https:\/\/news.ecclesia.org.br\/#website","url":"https:\/\/news.ecclesia.org.br\/","name":"Ecclesia Brasil","description":"Desde 2003 onectando o Brasil ao mundo ortodoxo!","publisher":{"@id":"https:\/\/news.ecclesia.org.br\/#organization"},"alternateName":"Ecclesia","potentialAction":[{"@type":"SearchAction","target":{"@type":"EntryPoint","urlTemplate":"https:\/\/news.ecclesia.org.br\/?s={search_term_string}"},"query-input":{"@type":"PropertyValueSpecification","valueRequired":true,"valueName":"search_term_string"}}],"inLanguage":"pt-BR"},{"@type":"Organization","@id":"https:\/\/news.ecclesia.org.br\/#organization","name":"Sacra Arquidiocese de Buenos Aires e Am\u00e9rica do Sul | Patriarcado Ecum\u00eanico","alternateName":"News Ecclesia Brasil","url":"https:\/\/news.ecclesia.org.br\/","logo":{"@type":"ImageObject","inLanguage":"pt-BR","@id":"https:\/\/news.ecclesia.org.br\/#\/schema\/logo\/image\/","url":"https:\/\/news.ecclesia.org.br\/wp-content\/uploads\/2025\/05\/ecclesia2.png","contentUrl":"https:\/\/news.ecclesia.org.br\/wp-content\/uploads\/2025\/05\/ecclesia2.png","width":480,"height":120,"caption":"Sacra Arquidiocese de Buenos Aires e Am\u00e9rica do Sul | Patriarcado Ecum\u00eanico"},"image":{"@id":"https:\/\/news.ecclesia.org.br\/#\/schema\/logo\/image\/"},"sameAs":["https:\/\/www.facebook.com\/Ecclesia2025","https:\/\/x.com\/EcclesiaNews","https:\/\/br.pinterest.com\/ekklisia\/","https:\/\/www.youtube.com\/@EcclesiaBrasil"]},{"@type":"Person","@id":"https:\/\/news.ecclesia.org.br\/#\/schema\/person\/6f09597f025829745ba414a569f63758","name":"Pe. Andr\u00e9","image":{"@type":"ImageObject","inLanguage":"pt-BR","@id":"https:\/\/secure.gravatar.com\/avatar\/b4327cfa27e9799da239a26adcd534fc29cdc0c4a4a148eecbcfeb9b42c617ac?s=96&d=mm&r=g","url":"https:\/\/secure.gravatar.com\/avatar\/b4327cfa27e9799da239a26adcd534fc29cdc0c4a4a148eecbcfeb9b42c617ac?s=96&d=mm&r=g","contentUrl":"https:\/\/secure.gravatar.com\/avatar\/b4327cfa27e9799da239a26adcd534fc29cdc0c4a4a148eecbcfeb9b42c617ac?s=96&d=mm&r=g","caption":"Pe. Andr\u00e9"},"sameAs":["https:\/\/www.ecclesia.org.br"]}]}},"_links":{"self":[{"href":"https:\/\/news.ecclesia.org.br\/index.php?rest_route=\/wp\/v2\/posts\/5071","targetHints":{"allow":["GET"]}}],"collection":[{"href":"https:\/\/news.ecclesia.org.br\/index.php?rest_route=\/wp\/v2\/posts"}],"about":[{"href":"https:\/\/news.ecclesia.org.br\/index.php?rest_route=\/wp\/v2\/types\/post"}],"author":[{"embeddable":true,"href":"https:\/\/news.ecclesia.org.br\/index.php?rest_route=\/wp\/v2\/users\/1"}],"replies":[{"embeddable":true,"href":"https:\/\/news.ecclesia.org.br\/index.php?rest_route=%2Fwp%2Fv2%2Fcomments&post=5071"}],"version-history":[{"count":0,"href":"https:\/\/news.ecclesia.org.br\/index.php?rest_route=\/wp\/v2\/posts\/5071\/revisions"}],"wp:featuredmedia":[{"embeddable":true,"href":"https:\/\/news.ecclesia.org.br\/index.php?rest_route=\/wp\/v2\/media\/16285"}],"wp:attachment":[{"href":"https:\/\/news.ecclesia.org.br\/index.php?rest_route=%2Fwp%2Fv2%2Fmedia&parent=5071"}],"wp:term":[{"taxonomy":"category","embeddable":true,"href":"https:\/\/news.ecclesia.org.br\/index.php?rest_route=%2Fwp%2Fv2%2Fcategories&post=5071"},{"taxonomy":"post_tag","embeddable":true,"href":"https:\/\/news.ecclesia.org.br\/index.php?rest_route=%2Fwp%2Fv2%2Ftags&post=5071"}],"curies":[{"name":"wp","href":"https:\/\/api.w.org\/{rel}","templated":true}]}}