{"id":5066,"date":"2010-10-18T23:56:18","date_gmt":"2010-10-19T01:56:18","guid":{"rendered":"http:\/\/www.ecclesia.com.br\/news\/?p=5066"},"modified":"2021-07-21T16:44:16","modified_gmt":"2021-07-21T19:44:16","slug":"homilia-de-sua-eminencia-reverendissima-dom-tarasios-arcebispo-metropolitano-de-buenos-aires-e-america-do-sul-no-quarto-domingo-do-evangelho-de-sao-lucas","status":"publish","type":"post","link":"https:\/\/news.ecclesia.org.br\/?p=5066","title":{"rendered":"Homilia de Sua Emin\u00eancia Reverend\u00edssima, Dom Tarasios, Arcebispo Metropolitano de Buenos Aires e Am\u00e9rica do Sul, no Quarto Domingo do Evangelho de S\u00e3o Lucas"},"content":{"rendered":"<p style=\"text-align: justify;\"><img fetchpriority=\"high\" decoding=\"async\" class=\"alignleft wp-image-16289 size-full\" src=\"https:\/\/news.ecclesia.org.br\/wp-content\/uploads\/2010\/10\/semeador.jpg\" alt=\"semeador\" width=\"240\" height=\"395\" \/>Neste Quarto Domingo de Lucas, Nosso Senhor Jesus Cristo nos faz recordar a Par\u00e1bola do Semeador. Valendo-se, de maneira espl\u00eandida, de uma linguagem simples e de exemplos do cotidiano, em que as multid\u00f5es facilmente podiam identificar, falou e ensinou como faz ainda hoje tamb\u00e9m para n\u00f3s.<\/p>\n<p style=\"text-align: justify;\">O Evangelho narra que as multid\u00f5es, incluindo os disc\u00edpulos do Senhor, por n\u00e3o entenderem as palavras que sa\u00edram dos l\u00e1bios de nosso Deus, perguntaram o que queria dizer aquela compara\u00e7\u00e3o. O Senhor lhes respondeu: \u00abA voc\u00eas foi dado conhecer os mist\u00e9rios do Reino de Deus, mas aos outros, s\u00f3 em par\u00e1bolas, de maneira que olhando n\u00e3o enxerguem e ouvindo n\u00e3o compreendam\u00bb.<\/p>\n<p style=\"text-align: justify;\">O Senhor come\u00e7ou ent\u00e3o a explicar, passo a passo, aos seus disc\u00edpulos a compara\u00e7\u00e3o que Ele havia feito, de modo a tornar claro em suas mentes e em seus cora\u00e7\u00f5es este vivo ensinamento.<\/p>\n<p style=\"text-align: justify;\">O que quis dar a entender o Senhor Jesus aos seus disc\u00edpulos quando lhes disse que a eles era dado conhecer os mist\u00e9rios do Reino de Deus? Evidentemente que Ele os escolheu para que recebessem diretamente os seus ensinamentos e, fossem assim preparados para levar adiante a grande miss\u00e3o que lhes daria depois: guiar, pastorear, curar e ensinar o rebanho que s\u00f3 a Ele pertence. Assim como os ap\u00f3stolos, seus sucessores, os bispos de nossa Igreja, cumprem fielmente esta miss\u00e3o, dada por Nosso Senhor Jesus Cristo, at\u00e9 que Ele venha pela segunda vez <a href=\"http:\/\/www.ecclesia.com.br\/arquidiocese\/homilias_mensagens\/lucas-4.html\">[Ler mais&#8230;]<\/a><\/p>\n","protected":false},"excerpt":{"rendered":"<p>Neste Quarto Domingo de Lucas, Nosso Senhor Jesus Cristo nos faz recordar a Par\u00e1bola do Semeador. Valendo-se, de maneira espl\u00eandida, de uma linguagem simples e de exemplos do cotidiano, em que as multid\u00f5es facilmente podiam identificar, falou e ensinou como&#8230;<\/p>\n","protected":false},"author":1,"featured_media":0,"comment_status":"open","ping_status":"open","sticky":false,"template":"","format":"standard","meta":{"_acf_changed":false,"footnotes":""},"categories":[1],"tags":[],"class_list":["post-5066","post","type-post","status-publish","format-standard","hentry","category-news","entry","rows-excerpt"],"acf":[],"yoast_head":"<!-- This site is optimized with the Yoast SEO plugin v27.5 - https:\/\/yoast.com\/product\/yoast-seo-wordpress\/ -->\n<title>Homilia de Sua Emin\u00eancia Reverend\u00edssima, Dom Tarasios, Arcebispo Metropolitano de Buenos Aires e Am\u00e9rica do Sul, no Quarto Domingo do Evangelho de S\u00e3o Lucas | ECCLESIA NEWS<\/title>\n<meta name=\"robots\" content=\"index, follow, max-snippet:-1, max-image-preview:large, max-video-preview:-1\" \/>\n<link rel=\"canonical\" href=\"https:\/\/news.ecclesia.org.br\/?p=5066\" \/>\n<meta property=\"og:locale\" content=\"pt_BR\" \/>\n<meta property=\"og:type\" content=\"article\" \/>\n<meta property=\"og:title\" content=\"Homilia de Sua Emin\u00eancia Reverend\u00edssima, Dom Tarasios, Arcebispo Metropolitano de Buenos Aires e Am\u00e9rica do Sul, no Quarto Domingo do Evangelho de S\u00e3o Lucas | ECCLESIA NEWS\" \/>\n<meta property=\"og:description\" content=\"Neste Quarto Domingo de Lucas, Nosso Senhor Jesus Cristo nos faz recordar a Par\u00e1bola do Semeador. Valendo-se, de maneira espl\u00eandida, de uma linguagem simples e de exemplos do cotidiano, em que as multid\u00f5es facilmente podiam identificar, falou e ensinou como&#8230;\" \/>\n<meta property=\"og:url\" content=\"https:\/\/news.ecclesia.org.br\/?p=5066\" \/>\n<meta property=\"og:site_name\" content=\"ECCLESIA NEWS\" \/>\n<meta property=\"article:publisher\" content=\"https:\/\/www.facebook.com\/Ecclesia2025\" \/>\n<meta property=\"article:published_time\" content=\"2010-10-19T01:56:18+00:00\" \/>\n<meta property=\"article:modified_time\" content=\"2021-07-21T19:44:16+00:00\" \/>\n<meta property=\"og:image\" content=\"https:\/\/news.ecclesia.org.br\/wp-content\/uploads\/2010\/10\/semeador.jpg\" \/>\n<meta name=\"author\" content=\"Pe. Andr\u00e9\" \/>\n<meta name=\"twitter:card\" content=\"summary_large_image\" \/>\n<meta name=\"twitter:creator\" content=\"@EcclesiaNews\" \/>\n<meta name=\"twitter:site\" content=\"@EcclesiaNews\" \/>\n<meta name=\"twitter:label1\" content=\"Escrito por\" \/>\n\t<meta name=\"twitter:data1\" content=\"Pe. Andr\u00e9\" \/>\n\t<meta name=\"twitter:label2\" content=\"Est. tempo de leitura\" \/>\n\t<meta name=\"twitter:data2\" content=\"1 minuto\" \/>\n<script type=\"application\/ld+json\" class=\"yoast-schema-graph\">{\"@context\":\"https:\\\/\\\/schema.org\",\"@graph\":[{\"@type\":\"Article\",\"@id\":\"https:\\\/\\\/news.ecclesia.org.br\\\/?p=5066#article\",\"isPartOf\":{\"@id\":\"https:\\\/\\\/news.ecclesia.org.br\\\/?p=5066\"},\"author\":{\"name\":\"Pe. Andr\u00e9\",\"@id\":\"https:\\\/\\\/news.ecclesia.org.br\\\/#\\\/schema\\\/person\\\/6f09597f025829745ba414a569f63758\"},\"headline\":\"Homilia de Sua Emin\u00eancia Reverend\u00edssima, Dom Tarasios, Arcebispo Metropolitano de Buenos Aires e Am\u00e9rica do Sul, no Quarto Domingo do Evangelho de S\u00e3o Lucas\",\"datePublished\":\"2010-10-19T01:56:18+00:00\",\"dateModified\":\"2021-07-21T19:44:16+00:00\",\"mainEntityOfPage\":{\"@id\":\"https:\\\/\\\/news.ecclesia.org.br\\\/?p=5066\"},\"wordCount\":289,\"commentCount\":0,\"publisher\":{\"@id\":\"https:\\\/\\\/news.ecclesia.org.br\\\/#organization\"},\"image\":{\"@id\":\"https:\\\/\\\/news.ecclesia.org.br\\\/?p=5066#primaryimage\"},\"thumbnailUrl\":\"https:\\\/\\\/news.ecclesia.org.br\\\/wp-content\\\/uploads\\\/2010\\\/10\\\/semeador.jpg\",\"articleSection\":[\"NEWS\"],\"inLanguage\":\"pt-BR\",\"potentialAction\":[{\"@type\":\"CommentAction\",\"name\":\"Comment\",\"target\":[\"https:\\\/\\\/news.ecclesia.org.br\\\/?p=5066#respond\"]}]},{\"@type\":\"WebPage\",\"@id\":\"https:\\\/\\\/news.ecclesia.org.br\\\/?p=5066\",\"url\":\"https:\\\/\\\/news.ecclesia.org.br\\\/?p=5066\",\"name\":\"Homilia de Sua Emin\u00eancia Reverend\u00edssima, Dom Tarasios, Arcebispo Metropolitano de Buenos Aires e Am\u00e9rica do Sul, no Quarto Domingo do Evangelho de S\u00e3o Lucas | ECCLESIA NEWS\",\"isPartOf\":{\"@id\":\"https:\\\/\\\/news.ecclesia.org.br\\\/#website\"},\"primaryImageOfPage\":{\"@id\":\"https:\\\/\\\/news.ecclesia.org.br\\\/?p=5066#primaryimage\"},\"image\":{\"@id\":\"https:\\\/\\\/news.ecclesia.org.br\\\/?p=5066#primaryimage\"},\"thumbnailUrl\":\"https:\\\/\\\/news.ecclesia.org.br\\\/wp-content\\\/uploads\\\/2010\\\/10\\\/semeador.jpg\",\"datePublished\":\"2010-10-19T01:56:18+00:00\",\"dateModified\":\"2021-07-21T19:44:16+00:00\",\"breadcrumb\":{\"@id\":\"https:\\\/\\\/news.ecclesia.org.br\\\/?p=5066#breadcrumb\"},\"inLanguage\":\"pt-BR\",\"potentialAction\":[{\"@type\":\"ReadAction\",\"target\":[\"https:\\\/\\\/news.ecclesia.org.br\\\/?p=5066\"]}]},{\"@type\":\"ImageObject\",\"inLanguage\":\"pt-BR\",\"@id\":\"https:\\\/\\\/news.ecclesia.org.br\\\/?p=5066#primaryimage\",\"url\":\"https:\\\/\\\/news.ecclesia.org.br\\\/wp-content\\\/uploads\\\/2010\\\/10\\\/semeador.jpg\",\"contentUrl\":\"https:\\\/\\\/news.ecclesia.org.br\\\/wp-content\\\/uploads\\\/2010\\\/10\\\/semeador.jpg\"},{\"@type\":\"BreadcrumbList\",\"@id\":\"https:\\\/\\\/news.ecclesia.org.br\\\/?p=5066#breadcrumb\",\"itemListElement\":[{\"@type\":\"ListItem\",\"position\":1,\"name\":\"In\u00edcio\",\"item\":\"https:\\\/\\\/news.ecclesia.org.br\\\/\"},{\"@type\":\"ListItem\",\"position\":2,\"name\":\"Homilia de Sua Emin\u00eancia Reverend\u00edssima, Dom Tarasios, Arcebispo Metropolitano de Buenos Aires e Am\u00e9rica do Sul, no Quarto Domingo do Evangelho de S\u00e3o Lucas\"}]},{\"@type\":\"WebSite\",\"@id\":\"https:\\\/\\\/news.ecclesia.org.br\\\/#website\",\"url\":\"https:\\\/\\\/news.ecclesia.org.br\\\/\",\"name\":\"Ecclesia Brasil\",\"description\":\"Desde 2003 onectando o Brasil ao mundo ortodoxo!\",\"publisher\":{\"@id\":\"https:\\\/\\\/news.ecclesia.org.br\\\/#organization\"},\"alternateName\":\"Ecclesia\",\"potentialAction\":[{\"@type\":\"SearchAction\",\"target\":{\"@type\":\"EntryPoint\",\"urlTemplate\":\"https:\\\/\\\/news.ecclesia.org.br\\\/?s={search_term_string}\"},\"query-input\":{\"@type\":\"PropertyValueSpecification\",\"valueRequired\":true,\"valueName\":\"search_term_string\"}}],\"inLanguage\":\"pt-BR\"},{\"@type\":\"Organization\",\"@id\":\"https:\\\/\\\/news.ecclesia.org.br\\\/#organization\",\"name\":\"Sacra Arquidiocese de Buenos Aires e Am\u00e9rica do Sul | Patriarcado Ecum\u00eanico\",\"alternateName\":\"News Ecclesia Brasil\",\"url\":\"https:\\\/\\\/news.ecclesia.org.br\\\/\",\"logo\":{\"@type\":\"ImageObject\",\"inLanguage\":\"pt-BR\",\"@id\":\"https:\\\/\\\/news.ecclesia.org.br\\\/#\\\/schema\\\/logo\\\/image\\\/\",\"url\":\"https:\\\/\\\/news.ecclesia.org.br\\\/wp-content\\\/uploads\\\/2025\\\/05\\\/ecclesia2.png\",\"contentUrl\":\"https:\\\/\\\/news.ecclesia.org.br\\\/wp-content\\\/uploads\\\/2025\\\/05\\\/ecclesia2.png\",\"width\":480,\"height\":120,\"caption\":\"Sacra Arquidiocese de Buenos Aires e Am\u00e9rica do Sul | Patriarcado Ecum\u00eanico\"},\"image\":{\"@id\":\"https:\\\/\\\/news.ecclesia.org.br\\\/#\\\/schema\\\/logo\\\/image\\\/\"},\"sameAs\":[\"https:\\\/\\\/www.facebook.com\\\/Ecclesia2025\",\"https:\\\/\\\/x.com\\\/EcclesiaNews\",\"https:\\\/\\\/br.pinterest.com\\\/ekklisia\\\/\",\"https:\\\/\\\/www.youtube.com\\\/@EcclesiaBrasil\"]},{\"@type\":\"Person\",\"@id\":\"https:\\\/\\\/news.ecclesia.org.br\\\/#\\\/schema\\\/person\\\/6f09597f025829745ba414a569f63758\",\"name\":\"Pe. Andr\u00e9\",\"image\":{\"@type\":\"ImageObject\",\"inLanguage\":\"pt-BR\",\"@id\":\"https:\\\/\\\/secure.gravatar.com\\\/avatar\\\/b4327cfa27e9799da239a26adcd534fc29cdc0c4a4a148eecbcfeb9b42c617ac?s=96&d=mm&r=g\",\"url\":\"https:\\\/\\\/secure.gravatar.com\\\/avatar\\\/b4327cfa27e9799da239a26adcd534fc29cdc0c4a4a148eecbcfeb9b42c617ac?s=96&d=mm&r=g\",\"contentUrl\":\"https:\\\/\\\/secure.gravatar.com\\\/avatar\\\/b4327cfa27e9799da239a26adcd534fc29cdc0c4a4a148eecbcfeb9b42c617ac?s=96&d=mm&r=g\",\"caption\":\"Pe. Andr\u00e9\"},\"sameAs\":[\"https:\\\/\\\/www.ecclesia.org.br\"]}]}<\/script>\n<!-- \/ Yoast SEO plugin. -->","yoast_head_json":{"title":"Homilia de Sua Emin\u00eancia Reverend\u00edssima, Dom Tarasios, Arcebispo Metropolitano de Buenos Aires e Am\u00e9rica do Sul, no Quarto Domingo do Evangelho de S\u00e3o Lucas | ECCLESIA NEWS","robots":{"index":"index","follow":"follow","max-snippet":"max-snippet:-1","max-image-preview":"max-image-preview:large","max-video-preview":"max-video-preview:-1"},"canonical":"https:\/\/news.ecclesia.org.br\/?p=5066","og_locale":"pt_BR","og_type":"article","og_title":"Homilia de Sua Emin\u00eancia Reverend\u00edssima, Dom Tarasios, Arcebispo Metropolitano de Buenos Aires e Am\u00e9rica do Sul, no Quarto Domingo do Evangelho de S\u00e3o Lucas | ECCLESIA NEWS","og_description":"Neste Quarto Domingo de Lucas, Nosso Senhor Jesus Cristo nos faz recordar a Par\u00e1bola do Semeador. Valendo-se, de maneira espl\u00eandida, de uma linguagem simples e de exemplos do cotidiano, em que as multid\u00f5es facilmente podiam identificar, falou e ensinou como&#8230;","og_url":"https:\/\/news.ecclesia.org.br\/?p=5066","og_site_name":"ECCLESIA NEWS","article_publisher":"https:\/\/www.facebook.com\/Ecclesia2025","article_published_time":"2010-10-19T01:56:18+00:00","article_modified_time":"2021-07-21T19:44:16+00:00","og_image":[{"url":"https:\/\/news.ecclesia.org.br\/wp-content\/uploads\/2010\/10\/semeador.jpg","type":"","width":"","height":""}],"author":"Pe. Andr\u00e9","twitter_card":"summary_large_image","twitter_creator":"@EcclesiaNews","twitter_site":"@EcclesiaNews","twitter_misc":{"Escrito por":"Pe. Andr\u00e9","Est. tempo de leitura":"1 minuto"},"schema":{"@context":"https:\/\/schema.org","@graph":[{"@type":"Article","@id":"https:\/\/news.ecclesia.org.br\/?p=5066#article","isPartOf":{"@id":"https:\/\/news.ecclesia.org.br\/?p=5066"},"author":{"name":"Pe. Andr\u00e9","@id":"https:\/\/news.ecclesia.org.br\/#\/schema\/person\/6f09597f025829745ba414a569f63758"},"headline":"Homilia de Sua Emin\u00eancia Reverend\u00edssima, Dom Tarasios, Arcebispo Metropolitano de Buenos Aires e Am\u00e9rica do Sul, no Quarto Domingo do Evangelho de S\u00e3o Lucas","datePublished":"2010-10-19T01:56:18+00:00","dateModified":"2021-07-21T19:44:16+00:00","mainEntityOfPage":{"@id":"https:\/\/news.ecclesia.org.br\/?p=5066"},"wordCount":289,"commentCount":0,"publisher":{"@id":"https:\/\/news.ecclesia.org.br\/#organization"},"image":{"@id":"https:\/\/news.ecclesia.org.br\/?p=5066#primaryimage"},"thumbnailUrl":"https:\/\/news.ecclesia.org.br\/wp-content\/uploads\/2010\/10\/semeador.jpg","articleSection":["NEWS"],"inLanguage":"pt-BR","potentialAction":[{"@type":"CommentAction","name":"Comment","target":["https:\/\/news.ecclesia.org.br\/?p=5066#respond"]}]},{"@type":"WebPage","@id":"https:\/\/news.ecclesia.org.br\/?p=5066","url":"https:\/\/news.ecclesia.org.br\/?p=5066","name":"Homilia de Sua Emin\u00eancia Reverend\u00edssima, Dom Tarasios, Arcebispo Metropolitano de Buenos Aires e Am\u00e9rica do Sul, no Quarto Domingo do Evangelho de S\u00e3o Lucas | ECCLESIA NEWS","isPartOf":{"@id":"https:\/\/news.ecclesia.org.br\/#website"},"primaryImageOfPage":{"@id":"https:\/\/news.ecclesia.org.br\/?p=5066#primaryimage"},"image":{"@id":"https:\/\/news.ecclesia.org.br\/?p=5066#primaryimage"},"thumbnailUrl":"https:\/\/news.ecclesia.org.br\/wp-content\/uploads\/2010\/10\/semeador.jpg","datePublished":"2010-10-19T01:56:18+00:00","dateModified":"2021-07-21T19:44:16+00:00","breadcrumb":{"@id":"https:\/\/news.ecclesia.org.br\/?p=5066#breadcrumb"},"inLanguage":"pt-BR","potentialAction":[{"@type":"ReadAction","target":["https:\/\/news.ecclesia.org.br\/?p=5066"]}]},{"@type":"ImageObject","inLanguage":"pt-BR","@id":"https:\/\/news.ecclesia.org.br\/?p=5066#primaryimage","url":"https:\/\/news.ecclesia.org.br\/wp-content\/uploads\/2010\/10\/semeador.jpg","contentUrl":"https:\/\/news.ecclesia.org.br\/wp-content\/uploads\/2010\/10\/semeador.jpg"},{"@type":"BreadcrumbList","@id":"https:\/\/news.ecclesia.org.br\/?p=5066#breadcrumb","itemListElement":[{"@type":"ListItem","position":1,"name":"In\u00edcio","item":"https:\/\/news.ecclesia.org.br\/"},{"@type":"ListItem","position":2,"name":"Homilia de Sua Emin\u00eancia Reverend\u00edssima, Dom Tarasios, Arcebispo Metropolitano de Buenos Aires e Am\u00e9rica do Sul, no Quarto Domingo do Evangelho de S\u00e3o Lucas"}]},{"@type":"WebSite","@id":"https:\/\/news.ecclesia.org.br\/#website","url":"https:\/\/news.ecclesia.org.br\/","name":"Ecclesia Brasil","description":"Desde 2003 onectando o Brasil ao mundo ortodoxo!","publisher":{"@id":"https:\/\/news.ecclesia.org.br\/#organization"},"alternateName":"Ecclesia","potentialAction":[{"@type":"SearchAction","target":{"@type":"EntryPoint","urlTemplate":"https:\/\/news.ecclesia.org.br\/?s={search_term_string}"},"query-input":{"@type":"PropertyValueSpecification","valueRequired":true,"valueName":"search_term_string"}}],"inLanguage":"pt-BR"},{"@type":"Organization","@id":"https:\/\/news.ecclesia.org.br\/#organization","name":"Sacra Arquidiocese de Buenos Aires e Am\u00e9rica do Sul | Patriarcado Ecum\u00eanico","alternateName":"News Ecclesia Brasil","url":"https:\/\/news.ecclesia.org.br\/","logo":{"@type":"ImageObject","inLanguage":"pt-BR","@id":"https:\/\/news.ecclesia.org.br\/#\/schema\/logo\/image\/","url":"https:\/\/news.ecclesia.org.br\/wp-content\/uploads\/2025\/05\/ecclesia2.png","contentUrl":"https:\/\/news.ecclesia.org.br\/wp-content\/uploads\/2025\/05\/ecclesia2.png","width":480,"height":120,"caption":"Sacra Arquidiocese de Buenos Aires e Am\u00e9rica do Sul | Patriarcado Ecum\u00eanico"},"image":{"@id":"https:\/\/news.ecclesia.org.br\/#\/schema\/logo\/image\/"},"sameAs":["https:\/\/www.facebook.com\/Ecclesia2025","https:\/\/x.com\/EcclesiaNews","https:\/\/br.pinterest.com\/ekklisia\/","https:\/\/www.youtube.com\/@EcclesiaBrasil"]},{"@type":"Person","@id":"https:\/\/news.ecclesia.org.br\/#\/schema\/person\/6f09597f025829745ba414a569f63758","name":"Pe. Andr\u00e9","image":{"@type":"ImageObject","inLanguage":"pt-BR","@id":"https:\/\/secure.gravatar.com\/avatar\/b4327cfa27e9799da239a26adcd534fc29cdc0c4a4a148eecbcfeb9b42c617ac?s=96&d=mm&r=g","url":"https:\/\/secure.gravatar.com\/avatar\/b4327cfa27e9799da239a26adcd534fc29cdc0c4a4a148eecbcfeb9b42c617ac?s=96&d=mm&r=g","contentUrl":"https:\/\/secure.gravatar.com\/avatar\/b4327cfa27e9799da239a26adcd534fc29cdc0c4a4a148eecbcfeb9b42c617ac?s=96&d=mm&r=g","caption":"Pe. Andr\u00e9"},"sameAs":["https:\/\/www.ecclesia.org.br"]}]}},"_links":{"self":[{"href":"https:\/\/news.ecclesia.org.br\/index.php?rest_route=\/wp\/v2\/posts\/5066","targetHints":{"allow":["GET"]}}],"collection":[{"href":"https:\/\/news.ecclesia.org.br\/index.php?rest_route=\/wp\/v2\/posts"}],"about":[{"href":"https:\/\/news.ecclesia.org.br\/index.php?rest_route=\/wp\/v2\/types\/post"}],"author":[{"embeddable":true,"href":"https:\/\/news.ecclesia.org.br\/index.php?rest_route=\/wp\/v2\/users\/1"}],"replies":[{"embeddable":true,"href":"https:\/\/news.ecclesia.org.br\/index.php?rest_route=%2Fwp%2Fv2%2Fcomments&post=5066"}],"version-history":[{"count":2,"href":"https:\/\/news.ecclesia.org.br\/index.php?rest_route=\/wp\/v2\/posts\/5066\/revisions"}],"predecessor-version":[{"id":37958,"href":"https:\/\/news.ecclesia.org.br\/index.php?rest_route=\/wp\/v2\/posts\/5066\/revisions\/37958"}],"wp:attachment":[{"href":"https:\/\/news.ecclesia.org.br\/index.php?rest_route=%2Fwp%2Fv2%2Fmedia&parent=5066"}],"wp:term":[{"taxonomy":"category","embeddable":true,"href":"https:\/\/news.ecclesia.org.br\/index.php?rest_route=%2Fwp%2Fv2%2Fcategories&post=5066"},{"taxonomy":"post_tag","embeddable":true,"href":"https:\/\/news.ecclesia.org.br\/index.php?rest_route=%2Fwp%2Fv2%2Ftags&post=5066"}],"curies":[{"name":"wp","href":"https:\/\/api.w.org\/{rel}","templated":true}]}}