{"id":50593,"date":"2025-08-28T11:56:42","date_gmt":"2025-08-28T14:56:42","guid":{"rendered":"https:\/\/news.ecclesia.org.br\/?p=50593"},"modified":"2025-08-28T12:24:01","modified_gmt":"2025-08-28T15:24:01","slug":"mensagem-patriarcal-pela-indiccao-1o-de-setembro-de-2025","status":"publish","type":"post","link":"https:\/\/news.ecclesia.org.br\/?p=50593","title":{"rendered":"Mensagem Patriarcal pela Indic\u00e7\u00e3o \u2013 1\u00ba de setembro de 2025"},"content":{"rendered":"\t\t<div data-elementor-type=\"wp-post\" data-elementor-id=\"50593\" class=\"elementor elementor-50593\">\n\t\t\t\t\t\t<section class=\"elementor-section elementor-top-section elementor-element elementor-element-2a6c6009 elementor-section-boxed elementor-section-height-default elementor-section-height-default\" data-id=\"2a6c6009\" data-element_type=\"section\" data-e-type=\"section\">\n\t\t\t\t\t\t<div class=\"elementor-container elementor-column-gap-default\">\n\t\t\t\t\t<div class=\"elementor-column elementor-col-100 elementor-top-column elementor-element elementor-element-1b262206\" data-id=\"1b262206\" data-element_type=\"column\" data-e-type=\"column\">\n\t\t\t<div class=\"elementor-widget-wrap elementor-element-populated\">\n\t\t\t\t\t\t<div class=\"elementor-element elementor-element-70fba04f elementor-widget elementor-widget-text-editor\" data-id=\"70fba04f\" data-element_type=\"widget\" data-e-type=\"widget\" data-widget_type=\"text-editor.default\">\n\t\t\t\t<div class=\"elementor-widget-container\">\n\t\t\t\t\t\t\t\t\t<p><strong><\/strong><\/p>\n<h3 class=\"wp-block-heading\">No in\u00edcio do novo ano eclesi\u00e1stico, o Patriarca Ecum\u00eanico Bartolomeu dirigiu-se a todos os fi\u00e9is lembrando que a cria\u00e7\u00e3o \u00e9 dom de Deus e cuidado que Ele confiou \u00e0s nossas m\u00e3os.<\/h3>\n\n<p>O Patriarca recorda que a vida da Igreja \u00e9, por natureza, uma verdadeira \u201cecologia aplicada\u201d: cuidar da cria\u00e7\u00e3o \u00e9 insepar\u00e1vel de amar o pr\u00f3ximo. Por isso, este 1\u00ba de setembro, celebrado como dia de ora\u00e7\u00e3o pela prote\u00e7\u00e3o do meio ambiente, \u00e9 tamb\u00e9m um chamado ao cora\u00e7\u00e3o de cada crist\u00e3o.<\/p>\n\n<p>Com palavras fortes, Bartolomeu alerta que o futuro da vida no planeta ser\u00e1 ecol\u00f3gico e pac\u00edfico \u2014 ou n\u00e3o ser\u00e1. Ele nos convida a um arrependimento ecol\u00f3gico, ou seja, a mudar a mentalidade e o estilo de vida para vivermos de forma mais simples, respons\u00e1vel e solid\u00e1ria.<\/p>\n\n<p>O Patriarcado reafirma seu compromisso em manter viva essa causa no di\u00e1logo com outras Igrejas, religi\u00f5es e institui\u00e7\u00f5es, e pede que cada comunidade ortodoxa \u2014 par\u00f3quias, mosteiros, fam\u00edlias \u2014 fa\u00e7a a sua parte, especialmente formando as novas gera\u00e7\u00f5es na responsabilidade de cuidar da casa comum.<\/p>\n\n<p>Concluindo sua mensagem, o Patriarca invoca a prote\u00e7\u00e3o da Sant\u00edssima Theotokos Pammakaristos e deseja a todos um ano eclesi\u00e1stico fecundo, vivido no amor, na paz e no cuidado pela cria\u00e7\u00e3o.<\/p>\n<p style=\"text-align: right;\">Veja abaixo a \u00edntegra desta mensagem&#8230;<\/p>\n\t\t\t\t\t\t\t\t<\/div>\n\t\t\t\t<\/div>\n\t\t\t\t\t<\/div>\n\t\t<\/div>\n\t\t\t\t\t<\/div>\n\t\t<\/section>\n\t\t\t\t<section class=\"elementor-section elementor-top-section elementor-element elementor-element-a1a3406 elementor-section-boxed elementor-section-height-default elementor-section-height-default\" data-id=\"a1a3406\" data-element_type=\"section\" data-e-type=\"section\">\n\t\t\t\t\t\t<div class=\"elementor-container elementor-column-gap-default\">\n\t\t\t\t\t<div class=\"elementor-column elementor-col-100 elementor-top-column elementor-element elementor-element-d7404bc\" data-id=\"d7404bc\" data-element_type=\"column\" data-e-type=\"column\">\n\t\t\t<div class=\"elementor-widget-wrap elementor-element-populated\">\n\t\t\t\t\t\t<div class=\"elementor-element elementor-element-3f62d22 elementor-widget elementor-widget-text-editor\" data-id=\"3f62d22\" data-element_type=\"widget\" data-e-type=\"widget\" data-widget_type=\"text-editor.default\">\n\t\t\t\t<div class=\"elementor-widget-container\">\n\t\t\t\t\t\t\t\t\t\n\t\t<div class=\"wppdfemb-frame-container-1\" style=\"-webkit-overflow-scrolling:auto;\">\n\t\t\t<iframe class=\"pdfembed-iframe nonfullscreen wppdf-emb-iframe-1\"\n\t\t\t\tsrc=\"https:\/\/news.ecclesia.org.br\/?pdfemb-data=eyJ1cmwiOiJodHRwczpcL1wvbmV3cy5lY2NsZXNpYS5vcmcuYnJcL3dwLWNvbnRlbnRcL3VwbG9hZHNcLzIwMjVcLzA4XC8yMDI1LWluaWNpby1hbm8tZWNsZXNpYXN0aWNvLnBkZiIsImluZGV4IjoxLCJwZGZJRCI6NTA2MTB9\"\n\t\t\t\t\t\t\t\tdata-pdf-id=\"50610\"\n\t\t\t\tdata-pdf-index=\"1\"\n\t\t\t\tstyle=\"border:none;width:100%;max-width:100%;height:100vh;\"\n\t\t\t\tscrolling=\"yes\">\n\t\t\t<\/iframe>\n\t\t<\/div>\n\n\t\t\t\t\t\t\t\t\t\t<\/div>\n\t\t\t\t<\/div>\n\t\t\t\t\t<\/div>\n\t\t<\/div>\n\t\t\t\t\t<\/div>\n\t\t<\/section>\n\t\t\t\t<\/div>\n\t\t","protected":false},"excerpt":{"rendered":"<p>\u201cO futuro da vida no planeta ser\u00e1 ecol\u00f3gico e pac\u00edfico \u2014 ou n\u00e3o ser\u00e1\u201d, recorda o Patriarca Ecum\u00eanico Bartolomeu. No in\u00edcio do novo ano eclesi\u00e1stico, ele nos chama ao arrependimento ecol\u00f3gico, para cuidarmos da cria\u00e7\u00e3o com amor, ora\u00e7\u00e3o e solidariedade. Sob a prote\u00e7\u00e3o da Sant\u00edssima Theotokos Pammakaristos, recebamos este tempo novo como dom de Deus.<\/p>\n","protected":false},"author":1,"featured_media":38746,"comment_status":"open","ping_status":"open","sticky":false,"template":"","format":"standard","meta":{"_acf_changed":false,"footnotes":""},"categories":[3095,72],"tags":[3180,2837,2781,2831],"class_list":["post-50593","post","type-post","status-publish","format-standard","has-post-thumbnail","hentry","category-homilias-e-mensagens","category-patriarcado-ecumenico","tag-indiccao","tag-patriarca-bartolomeu","tag-patriarca-ecumenico","tag-patriarcado-ecumenico","entry","rows-excerpt"],"acf":[],"yoast_head":"<!-- This site is optimized with the Yoast SEO plugin v27.5 - https:\/\/yoast.com\/product\/yoast-seo-wordpress\/ -->\n<title>Mensagem Patriarcal pela Indic\u00e7\u00e3o \u2013 1\u00ba de setembro de 2025 | ECCLESIA NEWS<\/title>\n<meta name=\"robots\" content=\"index, follow, max-snippet:-1, max-image-preview:large, max-video-preview:-1\" \/>\n<link rel=\"canonical\" href=\"https:\/\/news.ecclesia.org.br\/?p=50593\" \/>\n<meta property=\"og:locale\" content=\"pt_BR\" \/>\n<meta property=\"og:type\" content=\"article\" \/>\n<meta property=\"og:title\" content=\"Mensagem Patriarcal pela Indic\u00e7\u00e3o \u2013 1\u00ba de setembro de 2025 | ECCLESIA NEWS\" \/>\n<meta property=\"og:description\" content=\"\u201cO futuro da vida no planeta ser\u00e1 ecol\u00f3gico e pac\u00edfico \u2014 ou n\u00e3o ser\u00e1\u201d, recorda o Patriarca Ecum\u00eanico Bartolomeu. No in\u00edcio do novo ano eclesi\u00e1stico, ele nos chama ao arrependimento ecol\u00f3gico, para cuidarmos da cria\u00e7\u00e3o com amor, ora\u00e7\u00e3o e solidariedade. Sob a prote\u00e7\u00e3o da Sant\u00edssima Theotokos Pammakaristos, recebamos este tempo novo como dom de Deus.\" \/>\n<meta property=\"og:url\" content=\"https:\/\/news.ecclesia.org.br\/?p=50593\" \/>\n<meta property=\"og:site_name\" content=\"ECCLESIA NEWS\" \/>\n<meta property=\"article:publisher\" content=\"https:\/\/www.facebook.com\/Ecclesia2025\" \/>\n<meta property=\"article:published_time\" content=\"2025-08-28T14:56:42+00:00\" \/>\n<meta property=\"article:modified_time\" content=\"2025-08-28T15:24:01+00:00\" \/>\n<meta property=\"og:image\" content=\"https:\/\/news.ecclesia.org.br\/wp-content\/uploads\/2021\/08\/patriarca-bartolomeu.jpg\" \/>\n\t<meta property=\"og:image:width\" content=\"1760\" \/>\n\t<meta property=\"og:image:height\" content=\"990\" \/>\n\t<meta property=\"og:image:type\" content=\"image\/jpeg\" \/>\n<meta name=\"author\" content=\"Pe. Andr\u00e9\" \/>\n<meta name=\"twitter:card\" content=\"summary_large_image\" \/>\n<meta name=\"twitter:creator\" content=\"@EcclesiaNews\" \/>\n<meta name=\"twitter:site\" content=\"@EcclesiaNews\" \/>\n<meta name=\"twitter:label1\" content=\"Escrito por\" \/>\n\t<meta name=\"twitter:data1\" content=\"Pe. Andr\u00e9\" \/>\n\t<meta name=\"twitter:label2\" content=\"Est. tempo de leitura\" \/>\n\t<meta name=\"twitter:data2\" content=\"1 minuto\" \/>\n<script type=\"application\/ld+json\" class=\"yoast-schema-graph\">{\"@context\":\"https:\\\/\\\/schema.org\",\"@graph\":[{\"@type\":\"Article\",\"@id\":\"https:\\\/\\\/news.ecclesia.org.br\\\/?p=50593#article\",\"isPartOf\":{\"@id\":\"https:\\\/\\\/news.ecclesia.org.br\\\/?p=50593\"},\"author\":{\"name\":\"Pe. Andr\u00e9\",\"@id\":\"https:\\\/\\\/news.ecclesia.org.br\\\/#\\\/schema\\\/person\\\/6f09597f025829745ba414a569f63758\"},\"headline\":\"Mensagem Patriarcal pela Indic\u00e7\u00e3o \u2013 1\u00ba de setembro de 2025\",\"datePublished\":\"2025-08-28T14:56:42+00:00\",\"dateModified\":\"2025-08-28T15:24:01+00:00\",\"mainEntityOfPage\":{\"@id\":\"https:\\\/\\\/news.ecclesia.org.br\\\/?p=50593\"},\"wordCount\":250,\"commentCount\":0,\"publisher\":{\"@id\":\"https:\\\/\\\/news.ecclesia.org.br\\\/#organization\"},\"image\":{\"@id\":\"https:\\\/\\\/news.ecclesia.org.br\\\/?p=50593#primaryimage\"},\"thumbnailUrl\":\"https:\\\/\\\/news.ecclesia.org.br\\\/wp-content\\\/uploads\\\/2021\\\/08\\\/patriarca-bartolomeu.jpg\",\"keywords\":[\"Indic\u00e7\u00e3o\",\"Patriarca Bartolomeu\",\"Patriarca Ecum\u00eanico\",\"Patriarcado Ecum\u00eanico\"],\"articleSection\":[\"Homilias e Mensagens\",\"Patriarcado Ecum\u00eanico\"],\"inLanguage\":\"pt-BR\",\"potentialAction\":[{\"@type\":\"CommentAction\",\"name\":\"Comment\",\"target\":[\"https:\\\/\\\/news.ecclesia.org.br\\\/?p=50593#respond\"]}]},{\"@type\":\"WebPage\",\"@id\":\"https:\\\/\\\/news.ecclesia.org.br\\\/?p=50593\",\"url\":\"https:\\\/\\\/news.ecclesia.org.br\\\/?p=50593\",\"name\":\"Mensagem Patriarcal pela Indic\u00e7\u00e3o \u2013 1\u00ba de setembro de 2025 | ECCLESIA NEWS\",\"isPartOf\":{\"@id\":\"https:\\\/\\\/news.ecclesia.org.br\\\/#website\"},\"primaryImageOfPage\":{\"@id\":\"https:\\\/\\\/news.ecclesia.org.br\\\/?p=50593#primaryimage\"},\"image\":{\"@id\":\"https:\\\/\\\/news.ecclesia.org.br\\\/?p=50593#primaryimage\"},\"thumbnailUrl\":\"https:\\\/\\\/news.ecclesia.org.br\\\/wp-content\\\/uploads\\\/2021\\\/08\\\/patriarca-bartolomeu.jpg\",\"datePublished\":\"2025-08-28T14:56:42+00:00\",\"dateModified\":\"2025-08-28T15:24:01+00:00\",\"breadcrumb\":{\"@id\":\"https:\\\/\\\/news.ecclesia.org.br\\\/?p=50593#breadcrumb\"},\"inLanguage\":\"pt-BR\",\"potentialAction\":[{\"@type\":\"ReadAction\",\"target\":[\"https:\\\/\\\/news.ecclesia.org.br\\\/?p=50593\"]}]},{\"@type\":\"ImageObject\",\"inLanguage\":\"pt-BR\",\"@id\":\"https:\\\/\\\/news.ecclesia.org.br\\\/?p=50593#primaryimage\",\"url\":\"https:\\\/\\\/news.ecclesia.org.br\\\/wp-content\\\/uploads\\\/2021\\\/08\\\/patriarca-bartolomeu.jpg\",\"contentUrl\":\"https:\\\/\\\/news.ecclesia.org.br\\\/wp-content\\\/uploads\\\/2021\\\/08\\\/patriarca-bartolomeu.jpg\",\"width\":1760,\"height\":990},{\"@type\":\"BreadcrumbList\",\"@id\":\"https:\\\/\\\/news.ecclesia.org.br\\\/?p=50593#breadcrumb\",\"itemListElement\":[{\"@type\":\"ListItem\",\"position\":1,\"name\":\"In\u00edcio\",\"item\":\"https:\\\/\\\/news.ecclesia.org.br\\\/\"},{\"@type\":\"ListItem\",\"position\":2,\"name\":\"Mensagem Patriarcal pela Indic\u00e7\u00e3o \u2013 1\u00ba de setembro de 2025\"}]},{\"@type\":\"WebSite\",\"@id\":\"https:\\\/\\\/news.ecclesia.org.br\\\/#website\",\"url\":\"https:\\\/\\\/news.ecclesia.org.br\\\/\",\"name\":\"Ecclesia Brasil\",\"description\":\"Desde 2003 onectando o Brasil ao mundo ortodoxo!\",\"publisher\":{\"@id\":\"https:\\\/\\\/news.ecclesia.org.br\\\/#organization\"},\"alternateName\":\"Ecclesia\",\"potentialAction\":[{\"@type\":\"SearchAction\",\"target\":{\"@type\":\"EntryPoint\",\"urlTemplate\":\"https:\\\/\\\/news.ecclesia.org.br\\\/?s={search_term_string}\"},\"query-input\":{\"@type\":\"PropertyValueSpecification\",\"valueRequired\":true,\"valueName\":\"search_term_string\"}}],\"inLanguage\":\"pt-BR\"},{\"@type\":\"Organization\",\"@id\":\"https:\\\/\\\/news.ecclesia.org.br\\\/#organization\",\"name\":\"Sacra Arquidiocese de Buenos Aires e Am\u00e9rica do Sul | Patriarcado Ecum\u00eanico\",\"alternateName\":\"News Ecclesia Brasil\",\"url\":\"https:\\\/\\\/news.ecclesia.org.br\\\/\",\"logo\":{\"@type\":\"ImageObject\",\"inLanguage\":\"pt-BR\",\"@id\":\"https:\\\/\\\/news.ecclesia.org.br\\\/#\\\/schema\\\/logo\\\/image\\\/\",\"url\":\"https:\\\/\\\/news.ecclesia.org.br\\\/wp-content\\\/uploads\\\/2025\\\/05\\\/ecclesia2.png\",\"contentUrl\":\"https:\\\/\\\/news.ecclesia.org.br\\\/wp-content\\\/uploads\\\/2025\\\/05\\\/ecclesia2.png\",\"width\":480,\"height\":120,\"caption\":\"Sacra Arquidiocese de Buenos Aires e Am\u00e9rica do Sul | Patriarcado Ecum\u00eanico\"},\"image\":{\"@id\":\"https:\\\/\\\/news.ecclesia.org.br\\\/#\\\/schema\\\/logo\\\/image\\\/\"},\"sameAs\":[\"https:\\\/\\\/www.facebook.com\\\/Ecclesia2025\",\"https:\\\/\\\/x.com\\\/EcclesiaNews\",\"https:\\\/\\\/br.pinterest.com\\\/ekklisia\\\/\",\"https:\\\/\\\/www.youtube.com\\\/@EcclesiaBrasil\"]},{\"@type\":\"Person\",\"@id\":\"https:\\\/\\\/news.ecclesia.org.br\\\/#\\\/schema\\\/person\\\/6f09597f025829745ba414a569f63758\",\"name\":\"Pe. Andr\u00e9\",\"image\":{\"@type\":\"ImageObject\",\"inLanguage\":\"pt-BR\",\"@id\":\"https:\\\/\\\/secure.gravatar.com\\\/avatar\\\/b4327cfa27e9799da239a26adcd534fc29cdc0c4a4a148eecbcfeb9b42c617ac?s=96&d=mm&r=g\",\"url\":\"https:\\\/\\\/secure.gravatar.com\\\/avatar\\\/b4327cfa27e9799da239a26adcd534fc29cdc0c4a4a148eecbcfeb9b42c617ac?s=96&d=mm&r=g\",\"contentUrl\":\"https:\\\/\\\/secure.gravatar.com\\\/avatar\\\/b4327cfa27e9799da239a26adcd534fc29cdc0c4a4a148eecbcfeb9b42c617ac?s=96&d=mm&r=g\",\"caption\":\"Pe. Andr\u00e9\"},\"sameAs\":[\"https:\\\/\\\/www.ecclesia.org.br\"]}]}<\/script>\n<!-- \/ Yoast SEO plugin. -->","yoast_head_json":{"title":"Mensagem Patriarcal pela Indic\u00e7\u00e3o \u2013 1\u00ba de setembro de 2025 | ECCLESIA NEWS","robots":{"index":"index","follow":"follow","max-snippet":"max-snippet:-1","max-image-preview":"max-image-preview:large","max-video-preview":"max-video-preview:-1"},"canonical":"https:\/\/news.ecclesia.org.br\/?p=50593","og_locale":"pt_BR","og_type":"article","og_title":"Mensagem Patriarcal pela Indic\u00e7\u00e3o \u2013 1\u00ba de setembro de 2025 | ECCLESIA NEWS","og_description":"\u201cO futuro da vida no planeta ser\u00e1 ecol\u00f3gico e pac\u00edfico \u2014 ou n\u00e3o ser\u00e1\u201d, recorda o Patriarca Ecum\u00eanico Bartolomeu. No in\u00edcio do novo ano eclesi\u00e1stico, ele nos chama ao arrependimento ecol\u00f3gico, para cuidarmos da cria\u00e7\u00e3o com amor, ora\u00e7\u00e3o e solidariedade. Sob a prote\u00e7\u00e3o da Sant\u00edssima Theotokos Pammakaristos, recebamos este tempo novo como dom de Deus.","og_url":"https:\/\/news.ecclesia.org.br\/?p=50593","og_site_name":"ECCLESIA NEWS","article_publisher":"https:\/\/www.facebook.com\/Ecclesia2025","article_published_time":"2025-08-28T14:56:42+00:00","article_modified_time":"2025-08-28T15:24:01+00:00","og_image":[{"width":1760,"height":990,"url":"https:\/\/news.ecclesia.org.br\/wp-content\/uploads\/2021\/08\/patriarca-bartolomeu.jpg","type":"image\/jpeg"}],"author":"Pe. Andr\u00e9","twitter_card":"summary_large_image","twitter_creator":"@EcclesiaNews","twitter_site":"@EcclesiaNews","twitter_misc":{"Escrito por":"Pe. Andr\u00e9","Est. tempo de leitura":"1 minuto"},"schema":{"@context":"https:\/\/schema.org","@graph":[{"@type":"Article","@id":"https:\/\/news.ecclesia.org.br\/?p=50593#article","isPartOf":{"@id":"https:\/\/news.ecclesia.org.br\/?p=50593"},"author":{"name":"Pe. Andr\u00e9","@id":"https:\/\/news.ecclesia.org.br\/#\/schema\/person\/6f09597f025829745ba414a569f63758"},"headline":"Mensagem Patriarcal pela Indic\u00e7\u00e3o \u2013 1\u00ba de setembro de 2025","datePublished":"2025-08-28T14:56:42+00:00","dateModified":"2025-08-28T15:24:01+00:00","mainEntityOfPage":{"@id":"https:\/\/news.ecclesia.org.br\/?p=50593"},"wordCount":250,"commentCount":0,"publisher":{"@id":"https:\/\/news.ecclesia.org.br\/#organization"},"image":{"@id":"https:\/\/news.ecclesia.org.br\/?p=50593#primaryimage"},"thumbnailUrl":"https:\/\/news.ecclesia.org.br\/wp-content\/uploads\/2021\/08\/patriarca-bartolomeu.jpg","keywords":["Indic\u00e7\u00e3o","Patriarca Bartolomeu","Patriarca Ecum\u00eanico","Patriarcado Ecum\u00eanico"],"articleSection":["Homilias e Mensagens","Patriarcado Ecum\u00eanico"],"inLanguage":"pt-BR","potentialAction":[{"@type":"CommentAction","name":"Comment","target":["https:\/\/news.ecclesia.org.br\/?p=50593#respond"]}]},{"@type":"WebPage","@id":"https:\/\/news.ecclesia.org.br\/?p=50593","url":"https:\/\/news.ecclesia.org.br\/?p=50593","name":"Mensagem Patriarcal pela Indic\u00e7\u00e3o \u2013 1\u00ba de setembro de 2025 | ECCLESIA NEWS","isPartOf":{"@id":"https:\/\/news.ecclesia.org.br\/#website"},"primaryImageOfPage":{"@id":"https:\/\/news.ecclesia.org.br\/?p=50593#primaryimage"},"image":{"@id":"https:\/\/news.ecclesia.org.br\/?p=50593#primaryimage"},"thumbnailUrl":"https:\/\/news.ecclesia.org.br\/wp-content\/uploads\/2021\/08\/patriarca-bartolomeu.jpg","datePublished":"2025-08-28T14:56:42+00:00","dateModified":"2025-08-28T15:24:01+00:00","breadcrumb":{"@id":"https:\/\/news.ecclesia.org.br\/?p=50593#breadcrumb"},"inLanguage":"pt-BR","potentialAction":[{"@type":"ReadAction","target":["https:\/\/news.ecclesia.org.br\/?p=50593"]}]},{"@type":"ImageObject","inLanguage":"pt-BR","@id":"https:\/\/news.ecclesia.org.br\/?p=50593#primaryimage","url":"https:\/\/news.ecclesia.org.br\/wp-content\/uploads\/2021\/08\/patriarca-bartolomeu.jpg","contentUrl":"https:\/\/news.ecclesia.org.br\/wp-content\/uploads\/2021\/08\/patriarca-bartolomeu.jpg","width":1760,"height":990},{"@type":"BreadcrumbList","@id":"https:\/\/news.ecclesia.org.br\/?p=50593#breadcrumb","itemListElement":[{"@type":"ListItem","position":1,"name":"In\u00edcio","item":"https:\/\/news.ecclesia.org.br\/"},{"@type":"ListItem","position":2,"name":"Mensagem Patriarcal pela Indic\u00e7\u00e3o \u2013 1\u00ba de setembro de 2025"}]},{"@type":"WebSite","@id":"https:\/\/news.ecclesia.org.br\/#website","url":"https:\/\/news.ecclesia.org.br\/","name":"Ecclesia Brasil","description":"Desde 2003 onectando o Brasil ao mundo ortodoxo!","publisher":{"@id":"https:\/\/news.ecclesia.org.br\/#organization"},"alternateName":"Ecclesia","potentialAction":[{"@type":"SearchAction","target":{"@type":"EntryPoint","urlTemplate":"https:\/\/news.ecclesia.org.br\/?s={search_term_string}"},"query-input":{"@type":"PropertyValueSpecification","valueRequired":true,"valueName":"search_term_string"}}],"inLanguage":"pt-BR"},{"@type":"Organization","@id":"https:\/\/news.ecclesia.org.br\/#organization","name":"Sacra Arquidiocese de Buenos Aires e Am\u00e9rica do Sul | Patriarcado Ecum\u00eanico","alternateName":"News Ecclesia Brasil","url":"https:\/\/news.ecclesia.org.br\/","logo":{"@type":"ImageObject","inLanguage":"pt-BR","@id":"https:\/\/news.ecclesia.org.br\/#\/schema\/logo\/image\/","url":"https:\/\/news.ecclesia.org.br\/wp-content\/uploads\/2025\/05\/ecclesia2.png","contentUrl":"https:\/\/news.ecclesia.org.br\/wp-content\/uploads\/2025\/05\/ecclesia2.png","width":480,"height":120,"caption":"Sacra Arquidiocese de Buenos Aires e Am\u00e9rica do Sul | Patriarcado Ecum\u00eanico"},"image":{"@id":"https:\/\/news.ecclesia.org.br\/#\/schema\/logo\/image\/"},"sameAs":["https:\/\/www.facebook.com\/Ecclesia2025","https:\/\/x.com\/EcclesiaNews","https:\/\/br.pinterest.com\/ekklisia\/","https:\/\/www.youtube.com\/@EcclesiaBrasil"]},{"@type":"Person","@id":"https:\/\/news.ecclesia.org.br\/#\/schema\/person\/6f09597f025829745ba414a569f63758","name":"Pe. Andr\u00e9","image":{"@type":"ImageObject","inLanguage":"pt-BR","@id":"https:\/\/secure.gravatar.com\/avatar\/b4327cfa27e9799da239a26adcd534fc29cdc0c4a4a148eecbcfeb9b42c617ac?s=96&d=mm&r=g","url":"https:\/\/secure.gravatar.com\/avatar\/b4327cfa27e9799da239a26adcd534fc29cdc0c4a4a148eecbcfeb9b42c617ac?s=96&d=mm&r=g","contentUrl":"https:\/\/secure.gravatar.com\/avatar\/b4327cfa27e9799da239a26adcd534fc29cdc0c4a4a148eecbcfeb9b42c617ac?s=96&d=mm&r=g","caption":"Pe. Andr\u00e9"},"sameAs":["https:\/\/www.ecclesia.org.br"]}]}},"_links":{"self":[{"href":"https:\/\/news.ecclesia.org.br\/index.php?rest_route=\/wp\/v2\/posts\/50593","targetHints":{"allow":["GET"]}}],"collection":[{"href":"https:\/\/news.ecclesia.org.br\/index.php?rest_route=\/wp\/v2\/posts"}],"about":[{"href":"https:\/\/news.ecclesia.org.br\/index.php?rest_route=\/wp\/v2\/types\/post"}],"author":[{"embeddable":true,"href":"https:\/\/news.ecclesia.org.br\/index.php?rest_route=\/wp\/v2\/users\/1"}],"replies":[{"embeddable":true,"href":"https:\/\/news.ecclesia.org.br\/index.php?rest_route=%2Fwp%2Fv2%2Fcomments&post=50593"}],"version-history":[{"count":16,"href":"https:\/\/news.ecclesia.org.br\/index.php?rest_route=\/wp\/v2\/posts\/50593\/revisions"}],"predecessor-version":[{"id":50613,"href":"https:\/\/news.ecclesia.org.br\/index.php?rest_route=\/wp\/v2\/posts\/50593\/revisions\/50613"}],"wp:featuredmedia":[{"embeddable":true,"href":"https:\/\/news.ecclesia.org.br\/index.php?rest_route=\/wp\/v2\/media\/38746"}],"wp:attachment":[{"href":"https:\/\/news.ecclesia.org.br\/index.php?rest_route=%2Fwp%2Fv2%2Fmedia&parent=50593"}],"wp:term":[{"taxonomy":"category","embeddable":true,"href":"https:\/\/news.ecclesia.org.br\/index.php?rest_route=%2Fwp%2Fv2%2Fcategories&post=50593"},{"taxonomy":"post_tag","embeddable":true,"href":"https:\/\/news.ecclesia.org.br\/index.php?rest_route=%2Fwp%2Fv2%2Ftags&post=50593"}],"curies":[{"name":"wp","href":"https:\/\/api.w.org\/{rel}","templated":true}]}}