{"id":5035,"date":"2010-10-12T19:49:37","date_gmt":"2010-10-12T21:49:37","guid":{"rendered":"http:\/\/www.ecclesia.com.br\/news\/?p=5035"},"modified":"2016-03-18T02:34:32","modified_gmt":"2016-03-18T02:34:32","slug":"dados-recentes-sobre-o-numero-de-cristaos-no-oriente-medio","status":"publish","type":"post","link":"https:\/\/news.ecclesia.org.br\/?p=5035","title":{"rendered":"Dados recentes sobre o n\u00famero de crist\u00e3os no Oriente M\u00e9dio"},"content":{"rendered":"<p style=\"text-align: justify;\"><img fetchpriority=\"high\" decoding=\"async\" class=\"alignleft wp-image-16268\" src=\"https:\/\/news.ecclesia.org.br\/2013\/wp-content\/uploads\/2010\/10\/ortodoxos-no-mundo.jpg\" alt=\"ortodoxos-no-mundo\" width=\"440\" height=\"499\" srcset=\"https:\/\/news.ecclesia.org.br\/wp-content\/uploads\/2010\/10\/ortodoxos-no-mundo.jpg 640w, https:\/\/news.ecclesia.org.br\/wp-content\/uploads\/2010\/10\/ortodoxos-no-mundo-264x300.jpg 264w, https:\/\/news.ecclesia.org.br\/wp-content\/uploads\/2010\/10\/ortodoxos-no-mundo-600x681.jpg 600w, https:\/\/news.ecclesia.org.br\/wp-content\/uploads\/2010\/10\/ortodoxos-no-mundo-48x55.jpg 48w\" sizes=\"(max-width: 440px) 100vw, 440px\" \/>11 de outubro de 2010 &#8212; Entre os principais temas discutidos no Vaticano, na abertura do S\u00ednodo dos Bispos da Igreja Cat\u00f3lica no Oriente M\u00e9dio, destaca-se a normaliza\u00e7\u00e3o do processo de paz e a posi\u00e7\u00e3o contra o extremismo.<\/p>\n<p style=\"text-align: justify;\">A ag\u00eancia de not\u00edcias Reuters, a prop\u00f3sito do in\u00edcio dos trabalhos sinodais, publicou dados sobre o n\u00famero de crist\u00e3os que vivem no Oriente M\u00e9dio:<\/p>\n<ul>\n<li>TURQUIA: 85 mil crist\u00e3os (cerca de 0,2% da popula\u00e7\u00e3o), dos quais 20 mil s\u00e3o cat\u00f3licos das tradi\u00e7\u00f5es \u00a0arm\u00eania, s\u00edria e caldeia<\/li>\n<li>L\u00cdBANO: 1,5 milh\u00f5es de crist\u00e3os (cerca de 35% da popula\u00e7\u00e3o), dos quais cerca de dois ter\u00e7os s\u00e3o cat\u00f3licos maronitas, melquitas, arm\u00eanios e s\u00edrios e arm\u00eanios;<\/li>\n<li>ISRAEL: 150 mil crist\u00e3os (cerca de 2% da popula\u00e7\u00e3o), dos quais 85 mil s\u00e3o cat\u00f3licos romanos;<\/li>\n<li>TERRIT\u00d3RIOS PALESTINOS: 50 mil crist\u00e3os (cerca de 0,8% da popula\u00e7\u00e3o), dos quais 17 mil s\u00e3o cat\u00f3licos;<\/li>\n<li>EGITO: 8 milh\u00f5es de crist\u00e3os (cerca de 10% da popula\u00e7\u00e3o), dos quais 250 mil s\u00e3o cat\u00f3licos;<\/li>\n<li>JORD\u00c2NIA: 150 mil crist\u00e3os (2,4% da popula\u00e7\u00e3o), a maioria ortodoxa, mas h\u00e1 pequenos grupos de cat\u00f3licos, crist\u00e3os da tradi\u00e7\u00e3o arm\u00eania e os protestantes<\/li>\n<li>S\u00cdRIA: 850 mil crist\u00e3os (cerca de 4,5% da popula\u00e7\u00e3o), a maioria dos quais s\u00e3o ortodoxos, mas h\u00e1 400 mil cat\u00f3licos das tradi\u00e7\u00f5es s\u00edria, melquitas, maronitas, arm\u00eanios e caldeus;<\/li>\n<li>IRAQUE: 850 mil crist\u00e3os (cerca de 3% da popula\u00e7\u00e3o), dos quais 400 mil s\u00e3o cat\u00f3licos, a maioria das tradi\u00e7\u00f5es s\u00edria e caldeia.\u00a0 Muitos crist\u00e3os fugiram do pa\u00eds ou foram deslocados ap\u00f3s a invas\u00e3o dos EUA em 2003;<\/li>\n<li>IR\u00c3: 135 mil crist\u00e3os (cerca de 0,3% da popula\u00e7\u00e3o), dos quais 20 mil s\u00e3o cat\u00f3licos, principalmente caldeus.<\/li>\n<\/ul>\n<p style=\"text-align: justify;\">A fonte desta informa\u00e7\u00e3o para Reuters foram dados de <em>L&#8217;Oeuvre d&#8217;Orient<\/em>, CIA World Fact Book, Departamento de Estado dos EUA.<\/p>\n<p style=\"text-align: right;\">[Fonte: <a href=\"http:\/\/www.bogoslov.ru\" target=\"_blank\">Bogoslov.ru<\/a>]<\/p>\n","protected":false},"excerpt":{"rendered":"<p>11 de outubro de 2010 &#8212; Entre os principais temas discutidos no Vaticano, na abertura do S\u00ednodo dos Bispos da Igreja Cat\u00f3lica no Oriente M\u00e9dio, destaca-se a normaliza\u00e7\u00e3o do processo de paz e a posi\u00e7\u00e3o contra o extremismo. A ag\u00eancia&#8230;<\/p>\n","protected":false},"author":1,"featured_media":16268,"comment_status":"open","ping_status":"open","sticky":false,"template":"","format":"standard","meta":{"_acf_changed":false,"footnotes":""},"categories":[1],"tags":[],"class_list":["post-5035","post","type-post","status-publish","format-standard","has-post-thumbnail","hentry","category-news","entry","rows-excerpt"],"acf":[],"yoast_head":"<!-- This site is optimized with the Yoast SEO plugin v27.5 - https:\/\/yoast.com\/product\/yoast-seo-wordpress\/ -->\n<title>Dados recentes sobre o n\u00famero de crist\u00e3os no Oriente M\u00e9dio | ECCLESIA NEWS<\/title>\n<meta name=\"robots\" content=\"index, follow, max-snippet:-1, max-image-preview:large, max-video-preview:-1\" \/>\n<link rel=\"canonical\" href=\"https:\/\/news.ecclesia.org.br\/?p=5035\" \/>\n<meta property=\"og:locale\" content=\"pt_BR\" \/>\n<meta property=\"og:type\" content=\"article\" \/>\n<meta property=\"og:title\" content=\"Dados recentes sobre o n\u00famero de crist\u00e3os no Oriente M\u00e9dio | ECCLESIA NEWS\" \/>\n<meta property=\"og:description\" content=\"11 de outubro de 2010 &#8212; Entre os principais temas discutidos no Vaticano, na abertura do S\u00ednodo dos Bispos da Igreja Cat\u00f3lica no Oriente M\u00e9dio, destaca-se a normaliza\u00e7\u00e3o do processo de paz e a posi\u00e7\u00e3o contra o extremismo. A ag\u00eancia&#8230;\" \/>\n<meta property=\"og:url\" content=\"https:\/\/news.ecclesia.org.br\/?p=5035\" \/>\n<meta property=\"og:site_name\" content=\"ECCLESIA NEWS\" \/>\n<meta property=\"article:publisher\" content=\"https:\/\/www.facebook.com\/Ecclesia2025\" \/>\n<meta property=\"article:published_time\" content=\"2010-10-12T21:49:37+00:00\" \/>\n<meta property=\"article:modified_time\" content=\"2016-03-18T02:34:32+00:00\" \/>\n<meta property=\"og:image\" content=\"https:\/\/news.ecclesia.org.br\/wp-content\/uploads\/2010\/10\/ortodoxos-no-mundo.jpg\" \/>\n\t<meta property=\"og:image:width\" content=\"640\" \/>\n\t<meta property=\"og:image:height\" content=\"726\" \/>\n\t<meta property=\"og:image:type\" content=\"image\/jpeg\" \/>\n<meta name=\"author\" content=\"Pe. Andr\u00e9\" \/>\n<meta name=\"twitter:card\" content=\"summary_large_image\" \/>\n<meta name=\"twitter:creator\" content=\"@EcclesiaNews\" \/>\n<meta name=\"twitter:site\" content=\"@EcclesiaNews\" \/>\n<meta name=\"twitter:label1\" content=\"Escrito por\" \/>\n\t<meta name=\"twitter:data1\" content=\"Pe. Andr\u00e9\" \/>\n\t<meta name=\"twitter:label2\" content=\"Est. tempo de leitura\" \/>\n\t<meta name=\"twitter:data2\" content=\"2 minutos\" \/>\n<script type=\"application\/ld+json\" class=\"yoast-schema-graph\">{\"@context\":\"https:\\\/\\\/schema.org\",\"@graph\":[{\"@type\":\"Article\",\"@id\":\"https:\\\/\\\/news.ecclesia.org.br\\\/?p=5035#article\",\"isPartOf\":{\"@id\":\"https:\\\/\\\/news.ecclesia.org.br\\\/?p=5035\"},\"author\":{\"name\":\"Pe. Andr\u00e9\",\"@id\":\"https:\\\/\\\/news.ecclesia.org.br\\\/#\\\/schema\\\/person\\\/6f09597f025829745ba414a569f63758\"},\"headline\":\"Dados recentes sobre o n\u00famero de crist\u00e3os no Oriente M\u00e9dio\",\"datePublished\":\"2010-10-12T21:49:37+00:00\",\"dateModified\":\"2016-03-18T02:34:32+00:00\",\"mainEntityOfPage\":{\"@id\":\"https:\\\/\\\/news.ecclesia.org.br\\\/?p=5035\"},\"wordCount\":344,\"commentCount\":0,\"publisher\":{\"@id\":\"https:\\\/\\\/news.ecclesia.org.br\\\/#organization\"},\"image\":{\"@id\":\"https:\\\/\\\/news.ecclesia.org.br\\\/?p=5035#primaryimage\"},\"thumbnailUrl\":\"https:\\\/\\\/news.ecclesia.org.br\\\/wp-content\\\/uploads\\\/2010\\\/10\\\/ortodoxos-no-mundo.jpg\",\"articleSection\":[\"NEWS\"],\"inLanguage\":\"pt-BR\",\"potentialAction\":[{\"@type\":\"CommentAction\",\"name\":\"Comment\",\"target\":[\"https:\\\/\\\/news.ecclesia.org.br\\\/?p=5035#respond\"]}]},{\"@type\":\"WebPage\",\"@id\":\"https:\\\/\\\/news.ecclesia.org.br\\\/?p=5035\",\"url\":\"https:\\\/\\\/news.ecclesia.org.br\\\/?p=5035\",\"name\":\"Dados recentes sobre o n\u00famero de crist\u00e3os no Oriente M\u00e9dio | ECCLESIA NEWS\",\"isPartOf\":{\"@id\":\"https:\\\/\\\/news.ecclesia.org.br\\\/#website\"},\"primaryImageOfPage\":{\"@id\":\"https:\\\/\\\/news.ecclesia.org.br\\\/?p=5035#primaryimage\"},\"image\":{\"@id\":\"https:\\\/\\\/news.ecclesia.org.br\\\/?p=5035#primaryimage\"},\"thumbnailUrl\":\"https:\\\/\\\/news.ecclesia.org.br\\\/wp-content\\\/uploads\\\/2010\\\/10\\\/ortodoxos-no-mundo.jpg\",\"datePublished\":\"2010-10-12T21:49:37+00:00\",\"dateModified\":\"2016-03-18T02:34:32+00:00\",\"breadcrumb\":{\"@id\":\"https:\\\/\\\/news.ecclesia.org.br\\\/?p=5035#breadcrumb\"},\"inLanguage\":\"pt-BR\",\"potentialAction\":[{\"@type\":\"ReadAction\",\"target\":[\"https:\\\/\\\/news.ecclesia.org.br\\\/?p=5035\"]}]},{\"@type\":\"ImageObject\",\"inLanguage\":\"pt-BR\",\"@id\":\"https:\\\/\\\/news.ecclesia.org.br\\\/?p=5035#primaryimage\",\"url\":\"https:\\\/\\\/news.ecclesia.org.br\\\/wp-content\\\/uploads\\\/2010\\\/10\\\/ortodoxos-no-mundo.jpg\",\"contentUrl\":\"https:\\\/\\\/news.ecclesia.org.br\\\/wp-content\\\/uploads\\\/2010\\\/10\\\/ortodoxos-no-mundo.jpg\",\"width\":640,\"height\":726},{\"@type\":\"BreadcrumbList\",\"@id\":\"https:\\\/\\\/news.ecclesia.org.br\\\/?p=5035#breadcrumb\",\"itemListElement\":[{\"@type\":\"ListItem\",\"position\":1,\"name\":\"In\u00edcio\",\"item\":\"https:\\\/\\\/news.ecclesia.org.br\\\/\"},{\"@type\":\"ListItem\",\"position\":2,\"name\":\"Dados recentes sobre o n\u00famero de crist\u00e3os no Oriente M\u00e9dio\"}]},{\"@type\":\"WebSite\",\"@id\":\"https:\\\/\\\/news.ecclesia.org.br\\\/#website\",\"url\":\"https:\\\/\\\/news.ecclesia.org.br\\\/\",\"name\":\"Ecclesia Brasil\",\"description\":\"Desde 2003 onectando o Brasil ao mundo ortodoxo!\",\"publisher\":{\"@id\":\"https:\\\/\\\/news.ecclesia.org.br\\\/#organization\"},\"alternateName\":\"Ecclesia\",\"potentialAction\":[{\"@type\":\"SearchAction\",\"target\":{\"@type\":\"EntryPoint\",\"urlTemplate\":\"https:\\\/\\\/news.ecclesia.org.br\\\/?s={search_term_string}\"},\"query-input\":{\"@type\":\"PropertyValueSpecification\",\"valueRequired\":true,\"valueName\":\"search_term_string\"}}],\"inLanguage\":\"pt-BR\"},{\"@type\":\"Organization\",\"@id\":\"https:\\\/\\\/news.ecclesia.org.br\\\/#organization\",\"name\":\"Sacra Arquidiocese de Buenos Aires e Am\u00e9rica do Sul | Patriarcado Ecum\u00eanico\",\"alternateName\":\"News Ecclesia Brasil\",\"url\":\"https:\\\/\\\/news.ecclesia.org.br\\\/\",\"logo\":{\"@type\":\"ImageObject\",\"inLanguage\":\"pt-BR\",\"@id\":\"https:\\\/\\\/news.ecclesia.org.br\\\/#\\\/schema\\\/logo\\\/image\\\/\",\"url\":\"https:\\\/\\\/news.ecclesia.org.br\\\/wp-content\\\/uploads\\\/2025\\\/05\\\/ecclesia2.png\",\"contentUrl\":\"https:\\\/\\\/news.ecclesia.org.br\\\/wp-content\\\/uploads\\\/2025\\\/05\\\/ecclesia2.png\",\"width\":480,\"height\":120,\"caption\":\"Sacra Arquidiocese de Buenos Aires e Am\u00e9rica do Sul | Patriarcado Ecum\u00eanico\"},\"image\":{\"@id\":\"https:\\\/\\\/news.ecclesia.org.br\\\/#\\\/schema\\\/logo\\\/image\\\/\"},\"sameAs\":[\"https:\\\/\\\/www.facebook.com\\\/Ecclesia2025\",\"https:\\\/\\\/x.com\\\/EcclesiaNews\",\"https:\\\/\\\/br.pinterest.com\\\/ekklisia\\\/\",\"https:\\\/\\\/www.youtube.com\\\/@EcclesiaBrasil\"]},{\"@type\":\"Person\",\"@id\":\"https:\\\/\\\/news.ecclesia.org.br\\\/#\\\/schema\\\/person\\\/6f09597f025829745ba414a569f63758\",\"name\":\"Pe. Andr\u00e9\",\"image\":{\"@type\":\"ImageObject\",\"inLanguage\":\"pt-BR\",\"@id\":\"https:\\\/\\\/secure.gravatar.com\\\/avatar\\\/b4327cfa27e9799da239a26adcd534fc29cdc0c4a4a148eecbcfeb9b42c617ac?s=96&d=mm&r=g\",\"url\":\"https:\\\/\\\/secure.gravatar.com\\\/avatar\\\/b4327cfa27e9799da239a26adcd534fc29cdc0c4a4a148eecbcfeb9b42c617ac?s=96&d=mm&r=g\",\"contentUrl\":\"https:\\\/\\\/secure.gravatar.com\\\/avatar\\\/b4327cfa27e9799da239a26adcd534fc29cdc0c4a4a148eecbcfeb9b42c617ac?s=96&d=mm&r=g\",\"caption\":\"Pe. Andr\u00e9\"},\"sameAs\":[\"https:\\\/\\\/www.ecclesia.org.br\"]}]}<\/script>\n<!-- \/ Yoast SEO plugin. -->","yoast_head_json":{"title":"Dados recentes sobre o n\u00famero de crist\u00e3os no Oriente M\u00e9dio | ECCLESIA NEWS","robots":{"index":"index","follow":"follow","max-snippet":"max-snippet:-1","max-image-preview":"max-image-preview:large","max-video-preview":"max-video-preview:-1"},"canonical":"https:\/\/news.ecclesia.org.br\/?p=5035","og_locale":"pt_BR","og_type":"article","og_title":"Dados recentes sobre o n\u00famero de crist\u00e3os no Oriente M\u00e9dio | ECCLESIA NEWS","og_description":"11 de outubro de 2010 &#8212; Entre os principais temas discutidos no Vaticano, na abertura do S\u00ednodo dos Bispos da Igreja Cat\u00f3lica no Oriente M\u00e9dio, destaca-se a normaliza\u00e7\u00e3o do processo de paz e a posi\u00e7\u00e3o contra o extremismo. A ag\u00eancia&#8230;","og_url":"https:\/\/news.ecclesia.org.br\/?p=5035","og_site_name":"ECCLESIA NEWS","article_publisher":"https:\/\/www.facebook.com\/Ecclesia2025","article_published_time":"2010-10-12T21:49:37+00:00","article_modified_time":"2016-03-18T02:34:32+00:00","og_image":[{"width":640,"height":726,"url":"https:\/\/news.ecclesia.org.br\/wp-content\/uploads\/2010\/10\/ortodoxos-no-mundo.jpg","type":"image\/jpeg"}],"author":"Pe. Andr\u00e9","twitter_card":"summary_large_image","twitter_creator":"@EcclesiaNews","twitter_site":"@EcclesiaNews","twitter_misc":{"Escrito por":"Pe. Andr\u00e9","Est. tempo de leitura":"2 minutos"},"schema":{"@context":"https:\/\/schema.org","@graph":[{"@type":"Article","@id":"https:\/\/news.ecclesia.org.br\/?p=5035#article","isPartOf":{"@id":"https:\/\/news.ecclesia.org.br\/?p=5035"},"author":{"name":"Pe. Andr\u00e9","@id":"https:\/\/news.ecclesia.org.br\/#\/schema\/person\/6f09597f025829745ba414a569f63758"},"headline":"Dados recentes sobre o n\u00famero de crist\u00e3os no Oriente M\u00e9dio","datePublished":"2010-10-12T21:49:37+00:00","dateModified":"2016-03-18T02:34:32+00:00","mainEntityOfPage":{"@id":"https:\/\/news.ecclesia.org.br\/?p=5035"},"wordCount":344,"commentCount":0,"publisher":{"@id":"https:\/\/news.ecclesia.org.br\/#organization"},"image":{"@id":"https:\/\/news.ecclesia.org.br\/?p=5035#primaryimage"},"thumbnailUrl":"https:\/\/news.ecclesia.org.br\/wp-content\/uploads\/2010\/10\/ortodoxos-no-mundo.jpg","articleSection":["NEWS"],"inLanguage":"pt-BR","potentialAction":[{"@type":"CommentAction","name":"Comment","target":["https:\/\/news.ecclesia.org.br\/?p=5035#respond"]}]},{"@type":"WebPage","@id":"https:\/\/news.ecclesia.org.br\/?p=5035","url":"https:\/\/news.ecclesia.org.br\/?p=5035","name":"Dados recentes sobre o n\u00famero de crist\u00e3os no Oriente M\u00e9dio | ECCLESIA NEWS","isPartOf":{"@id":"https:\/\/news.ecclesia.org.br\/#website"},"primaryImageOfPage":{"@id":"https:\/\/news.ecclesia.org.br\/?p=5035#primaryimage"},"image":{"@id":"https:\/\/news.ecclesia.org.br\/?p=5035#primaryimage"},"thumbnailUrl":"https:\/\/news.ecclesia.org.br\/wp-content\/uploads\/2010\/10\/ortodoxos-no-mundo.jpg","datePublished":"2010-10-12T21:49:37+00:00","dateModified":"2016-03-18T02:34:32+00:00","breadcrumb":{"@id":"https:\/\/news.ecclesia.org.br\/?p=5035#breadcrumb"},"inLanguage":"pt-BR","potentialAction":[{"@type":"ReadAction","target":["https:\/\/news.ecclesia.org.br\/?p=5035"]}]},{"@type":"ImageObject","inLanguage":"pt-BR","@id":"https:\/\/news.ecclesia.org.br\/?p=5035#primaryimage","url":"https:\/\/news.ecclesia.org.br\/wp-content\/uploads\/2010\/10\/ortodoxos-no-mundo.jpg","contentUrl":"https:\/\/news.ecclesia.org.br\/wp-content\/uploads\/2010\/10\/ortodoxos-no-mundo.jpg","width":640,"height":726},{"@type":"BreadcrumbList","@id":"https:\/\/news.ecclesia.org.br\/?p=5035#breadcrumb","itemListElement":[{"@type":"ListItem","position":1,"name":"In\u00edcio","item":"https:\/\/news.ecclesia.org.br\/"},{"@type":"ListItem","position":2,"name":"Dados recentes sobre o n\u00famero de crist\u00e3os no Oriente M\u00e9dio"}]},{"@type":"WebSite","@id":"https:\/\/news.ecclesia.org.br\/#website","url":"https:\/\/news.ecclesia.org.br\/","name":"Ecclesia Brasil","description":"Desde 2003 onectando o Brasil ao mundo ortodoxo!","publisher":{"@id":"https:\/\/news.ecclesia.org.br\/#organization"},"alternateName":"Ecclesia","potentialAction":[{"@type":"SearchAction","target":{"@type":"EntryPoint","urlTemplate":"https:\/\/news.ecclesia.org.br\/?s={search_term_string}"},"query-input":{"@type":"PropertyValueSpecification","valueRequired":true,"valueName":"search_term_string"}}],"inLanguage":"pt-BR"},{"@type":"Organization","@id":"https:\/\/news.ecclesia.org.br\/#organization","name":"Sacra Arquidiocese de Buenos Aires e Am\u00e9rica do Sul | Patriarcado Ecum\u00eanico","alternateName":"News Ecclesia Brasil","url":"https:\/\/news.ecclesia.org.br\/","logo":{"@type":"ImageObject","inLanguage":"pt-BR","@id":"https:\/\/news.ecclesia.org.br\/#\/schema\/logo\/image\/","url":"https:\/\/news.ecclesia.org.br\/wp-content\/uploads\/2025\/05\/ecclesia2.png","contentUrl":"https:\/\/news.ecclesia.org.br\/wp-content\/uploads\/2025\/05\/ecclesia2.png","width":480,"height":120,"caption":"Sacra Arquidiocese de Buenos Aires e Am\u00e9rica do Sul | Patriarcado Ecum\u00eanico"},"image":{"@id":"https:\/\/news.ecclesia.org.br\/#\/schema\/logo\/image\/"},"sameAs":["https:\/\/www.facebook.com\/Ecclesia2025","https:\/\/x.com\/EcclesiaNews","https:\/\/br.pinterest.com\/ekklisia\/","https:\/\/www.youtube.com\/@EcclesiaBrasil"]},{"@type":"Person","@id":"https:\/\/news.ecclesia.org.br\/#\/schema\/person\/6f09597f025829745ba414a569f63758","name":"Pe. Andr\u00e9","image":{"@type":"ImageObject","inLanguage":"pt-BR","@id":"https:\/\/secure.gravatar.com\/avatar\/b4327cfa27e9799da239a26adcd534fc29cdc0c4a4a148eecbcfeb9b42c617ac?s=96&d=mm&r=g","url":"https:\/\/secure.gravatar.com\/avatar\/b4327cfa27e9799da239a26adcd534fc29cdc0c4a4a148eecbcfeb9b42c617ac?s=96&d=mm&r=g","contentUrl":"https:\/\/secure.gravatar.com\/avatar\/b4327cfa27e9799da239a26adcd534fc29cdc0c4a4a148eecbcfeb9b42c617ac?s=96&d=mm&r=g","caption":"Pe. Andr\u00e9"},"sameAs":["https:\/\/www.ecclesia.org.br"]}]}},"_links":{"self":[{"href":"https:\/\/news.ecclesia.org.br\/index.php?rest_route=\/wp\/v2\/posts\/5035","targetHints":{"allow":["GET"]}}],"collection":[{"href":"https:\/\/news.ecclesia.org.br\/index.php?rest_route=\/wp\/v2\/posts"}],"about":[{"href":"https:\/\/news.ecclesia.org.br\/index.php?rest_route=\/wp\/v2\/types\/post"}],"author":[{"embeddable":true,"href":"https:\/\/news.ecclesia.org.br\/index.php?rest_route=\/wp\/v2\/users\/1"}],"replies":[{"embeddable":true,"href":"https:\/\/news.ecclesia.org.br\/index.php?rest_route=%2Fwp%2Fv2%2Fcomments&post=5035"}],"version-history":[{"count":0,"href":"https:\/\/news.ecclesia.org.br\/index.php?rest_route=\/wp\/v2\/posts\/5035\/revisions"}],"wp:featuredmedia":[{"embeddable":true,"href":"https:\/\/news.ecclesia.org.br\/index.php?rest_route=\/wp\/v2\/media\/16268"}],"wp:attachment":[{"href":"https:\/\/news.ecclesia.org.br\/index.php?rest_route=%2Fwp%2Fv2%2Fmedia&parent=5035"}],"wp:term":[{"taxonomy":"category","embeddable":true,"href":"https:\/\/news.ecclesia.org.br\/index.php?rest_route=%2Fwp%2Fv2%2Fcategories&post=5035"},{"taxonomy":"post_tag","embeddable":true,"href":"https:\/\/news.ecclesia.org.br\/index.php?rest_route=%2Fwp%2Fv2%2Ftags&post=5035"}],"curies":[{"name":"wp","href":"https:\/\/api.w.org\/{rel}","templated":true}]}}