{"id":5026,"date":"2010-10-12T16:20:17","date_gmt":"2010-10-12T18:20:17","guid":{"rendered":"http:\/\/www.ecclesia.com.br\/news\/?p=5026"},"modified":"2016-03-18T02:36:24","modified_gmt":"2016-03-18T02:36:24","slug":"grego-cipriota-ganha-premio-nobel-de-economia-em-2010","status":"publish","type":"post","link":"https:\/\/news.ecclesia.org.br\/?p=5026","title":{"rendered":"Grego Cipriota ganha Pr\u00eamio Nobel de Economia em 2010"},"content":{"rendered":"<p style=\"text-align: justify;\"><img fetchpriority=\"high\" decoding=\"async\" class=\"alignleft size-full wp-image-6199\" src=\"https:\/\/news.ecclesia.org.br\/2013\/wp-content\/uploads\/2010\/10\/christopher-pissarides.jpg\" alt=\"christopher-pissarides\" width=\"320\" height=\"240\" srcset=\"https:\/\/news.ecclesia.org.br\/wp-content\/uploads\/2010\/10\/christopher-pissarides.jpg 320w, https:\/\/news.ecclesia.org.br\/wp-content\/uploads\/2010\/10\/christopher-pissarides-300x225.jpg 300w, https:\/\/news.ecclesia.org.br\/wp-content\/uploads\/2010\/10\/christopher-pissarides-73x55.jpg 73w\" sizes=\"(max-width: 320px) 100vw, 320px\" \/>Christopher Pissarides, Professor de Macro-Economia da London School of \u00a0Economics and Political Science (Escola de Economia e Ci\u00eancia Pol\u00edtica de Londres), uma das mais conceituadas universidades do mundo, recebe este laurel\u00a0como o\u00a0terceiro Pr\u00eamio Nobel\u00a0destinado para gregos. Os outros dois s\u00e3o de Literatura, os poetas Zeferis (1965) e\u00a0Elytis (1979).<\/p>\n<p style=\"text-align: justify;\">(Nota n\u00b0\u00a005-2010, enviada por Constantino Comninos\u00a0(professor),\u00a0C\u00f4nsul Honor\u00e1rio da Gr\u00e9cia em Curitiba (PR &#8211; SC &#8211; RS).<\/p>\n<h3>BIOGRAFIA:<\/h3>\n<p style=\"text-align: justify;\">Christopher Antoniou Pissarides (em grego: \u03a7\u03c1\u03b9\u03c3\u03c4\u03cc\u03c6\u03bf\u03c1\u03bf\u03c2 \u0391\u03bd\u03c4\u03c9\u03bd\u03af\u03bf\u03c5 \u03a0\u03b9\u03c3\u03c3\u03b1\u03c1\u03af\u03b4\u03b7\u03c2, nascido em 20 de fevereiro de 1948) \u00e9 um economista cipriota de nacionalidade brit\u00e2nica. Seu maior interesse de pesquisa \u00e9 na \u00e1rea da macroeconomia, especialmente a economia do trabalho, o estudo do crescimento econ\u00f4mico e da pol\u00edtica econ\u00f4mica. Pissarides recebeu o Pr\u00eamio Nobel de Economia em 2010, junto a Dale Mortensen e Peter Diamond, por &#8220;sua an\u00e1lise dos mercados com fric\u00e7\u00f5es de procura&#8221;.\u00a0Pissarides \u00e9 conhecido, principalmente, por sua contribui\u00e7\u00e3o \u00e0 teoria do ajuste, e por estudar as rela\u00e7\u00f5es entre o mercado de trabalho e a macroeconomia. Ele ajudou a desenvolver a fun\u00e7\u00e3o de ajuste (explicando as deriva\u00e7\u00f5es do desemprego para o emprego numa determinada \u00e9poca) [&#8230;].\u00a0Mais recentemente, Pissarides trabalhou no estudo das mudan\u00e7as estruturais e do crescimento econ\u00f4mico.\u00a0O artigo cient\u00edfico mais influente de Pissarides \u00e9 &#8220;Job Creation and Job Destruction in the Theory of Unemployment&#8221; (com Dale Mortensen), publicado na revista Review of Economic Studies em 1994. Esse trabalho desenvolveu as contribui\u00e7\u00f5es individuais que Mortensen e Pissarides haviam feito nas duas d\u00e9cadas anteriores.\u00a0O modelo Mortensen-Pissarides, resultante desse artigo, tornou-se excepcionalmente influente na macroeconomia moderna, e \u00e9, na atualidade, parte do curr\u00edculo da maioria dos cursos de p\u00f3s-gradua\u00e7\u00e3o em Economia.\u00a0O livro &#8220;Equilibrium Unemployment Theory&#8221;, de Pissarides, \u00e9 uma refer\u00eancia na literatura macroecon\u00f4mica do desemprego, est\u00e1 na sua segunda edi\u00e7\u00e3o, e foi revisado ap\u00f3s a colabora\u00e7\u00e3o de Pissarides e Mortensen, resultando na an\u00e1lise da gera\u00e7\u00e3o e da destrui\u00e7\u00e3o end\u00f3genas do emprego. (Fonte: <a href=\"http:\/\/pt.wikipedia.org\/wiki\/P%C3%A1gina_principal\" target=\"_blank\">Wiki<\/a>)<\/p>\n","protected":false},"excerpt":{"rendered":"<p>Christopher Pissarides, Professor de Macro-Economia da London School of \u00a0Economics and Political Science (Escola de Economia e Ci\u00eancia Pol\u00edtica de Londres), uma das mais conceituadas universidades do mundo, recebe este laurel\u00a0como o\u00a0terceiro Pr\u00eamio Nobel\u00a0destinado para gregos. Os outros dois s\u00e3o&#8230;<\/p>\n","protected":false},"author":1,"featured_media":6199,"comment_status":"open","ping_status":"open","sticky":false,"template":"","format":"standard","meta":{"_acf_changed":false,"footnotes":""},"categories":[1],"tags":[],"class_list":["post-5026","post","type-post","status-publish","format-standard","has-post-thumbnail","hentry","category-news","entry","rows-excerpt"],"acf":[],"yoast_head":"<!-- This site is optimized with the Yoast SEO plugin v27.5 - https:\/\/yoast.com\/product\/yoast-seo-wordpress\/ -->\n<title>Grego Cipriota ganha Pr\u00eamio Nobel de Economia em 2010 | ECCLESIA NEWS<\/title>\n<meta name=\"robots\" content=\"index, follow, max-snippet:-1, max-image-preview:large, max-video-preview:-1\" \/>\n<link rel=\"canonical\" href=\"https:\/\/news.ecclesia.org.br\/?p=5026\" \/>\n<meta property=\"og:locale\" content=\"pt_BR\" \/>\n<meta property=\"og:type\" content=\"article\" \/>\n<meta property=\"og:title\" content=\"Grego Cipriota ganha Pr\u00eamio Nobel de Economia em 2010 | ECCLESIA NEWS\" \/>\n<meta property=\"og:description\" content=\"Christopher Pissarides, Professor de Macro-Economia da London School of \u00a0Economics and Political Science (Escola de Economia e Ci\u00eancia Pol\u00edtica de Londres), uma das mais conceituadas universidades do mundo, recebe este laurel\u00a0como o\u00a0terceiro Pr\u00eamio Nobel\u00a0destinado para gregos. Os outros dois s\u00e3o&#8230;\" \/>\n<meta property=\"og:url\" content=\"https:\/\/news.ecclesia.org.br\/?p=5026\" \/>\n<meta property=\"og:site_name\" content=\"ECCLESIA NEWS\" \/>\n<meta property=\"article:publisher\" content=\"https:\/\/www.facebook.com\/Ecclesia2025\" \/>\n<meta property=\"article:published_time\" content=\"2010-10-12T18:20:17+00:00\" \/>\n<meta property=\"article:modified_time\" content=\"2016-03-18T02:36:24+00:00\" \/>\n<meta property=\"og:image\" content=\"https:\/\/news.ecclesia.org.br\/wp-content\/uploads\/2010\/10\/christopher-pissarides.jpg\" \/>\n\t<meta property=\"og:image:width\" content=\"320\" \/>\n\t<meta property=\"og:image:height\" content=\"240\" \/>\n\t<meta property=\"og:image:type\" content=\"image\/jpeg\" \/>\n<meta name=\"author\" content=\"Pe. Andr\u00e9\" \/>\n<meta name=\"twitter:card\" content=\"summary_large_image\" \/>\n<meta name=\"twitter:creator\" content=\"@EcclesiaNews\" \/>\n<meta name=\"twitter:site\" content=\"@EcclesiaNews\" \/>\n<meta name=\"twitter:label1\" content=\"Escrito por\" \/>\n\t<meta name=\"twitter:data1\" content=\"Pe. Andr\u00e9\" \/>\n\t<meta name=\"twitter:label2\" content=\"Est. tempo de leitura\" \/>\n\t<meta name=\"twitter:data2\" content=\"2 minutos\" \/>\n<script type=\"application\/ld+json\" class=\"yoast-schema-graph\">{\"@context\":\"https:\\\/\\\/schema.org\",\"@graph\":[{\"@type\":\"Article\",\"@id\":\"https:\\\/\\\/news.ecclesia.org.br\\\/?p=5026#article\",\"isPartOf\":{\"@id\":\"https:\\\/\\\/news.ecclesia.org.br\\\/?p=5026\"},\"author\":{\"name\":\"Pe. Andr\u00e9\",\"@id\":\"https:\\\/\\\/news.ecclesia.org.br\\\/#\\\/schema\\\/person\\\/6f09597f025829745ba414a569f63758\"},\"headline\":\"Grego Cipriota ganha Pr\u00eamio Nobel de Economia em 2010\",\"datePublished\":\"2010-10-12T18:20:17+00:00\",\"dateModified\":\"2016-03-18T02:36:24+00:00\",\"mainEntityOfPage\":{\"@id\":\"https:\\\/\\\/news.ecclesia.org.br\\\/?p=5026\"},\"wordCount\":343,\"commentCount\":0,\"publisher\":{\"@id\":\"https:\\\/\\\/news.ecclesia.org.br\\\/#organization\"},\"image\":{\"@id\":\"https:\\\/\\\/news.ecclesia.org.br\\\/?p=5026#primaryimage\"},\"thumbnailUrl\":\"https:\\\/\\\/news.ecclesia.org.br\\\/wp-content\\\/uploads\\\/2010\\\/10\\\/christopher-pissarides.jpg\",\"articleSection\":[\"NEWS\"],\"inLanguage\":\"pt-BR\",\"potentialAction\":[{\"@type\":\"CommentAction\",\"name\":\"Comment\",\"target\":[\"https:\\\/\\\/news.ecclesia.org.br\\\/?p=5026#respond\"]}]},{\"@type\":\"WebPage\",\"@id\":\"https:\\\/\\\/news.ecclesia.org.br\\\/?p=5026\",\"url\":\"https:\\\/\\\/news.ecclesia.org.br\\\/?p=5026\",\"name\":\"Grego Cipriota ganha Pr\u00eamio Nobel de Economia em 2010 | ECCLESIA NEWS\",\"isPartOf\":{\"@id\":\"https:\\\/\\\/news.ecclesia.org.br\\\/#website\"},\"primaryImageOfPage\":{\"@id\":\"https:\\\/\\\/news.ecclesia.org.br\\\/?p=5026#primaryimage\"},\"image\":{\"@id\":\"https:\\\/\\\/news.ecclesia.org.br\\\/?p=5026#primaryimage\"},\"thumbnailUrl\":\"https:\\\/\\\/news.ecclesia.org.br\\\/wp-content\\\/uploads\\\/2010\\\/10\\\/christopher-pissarides.jpg\",\"datePublished\":\"2010-10-12T18:20:17+00:00\",\"dateModified\":\"2016-03-18T02:36:24+00:00\",\"breadcrumb\":{\"@id\":\"https:\\\/\\\/news.ecclesia.org.br\\\/?p=5026#breadcrumb\"},\"inLanguage\":\"pt-BR\",\"potentialAction\":[{\"@type\":\"ReadAction\",\"target\":[\"https:\\\/\\\/news.ecclesia.org.br\\\/?p=5026\"]}]},{\"@type\":\"ImageObject\",\"inLanguage\":\"pt-BR\",\"@id\":\"https:\\\/\\\/news.ecclesia.org.br\\\/?p=5026#primaryimage\",\"url\":\"https:\\\/\\\/news.ecclesia.org.br\\\/wp-content\\\/uploads\\\/2010\\\/10\\\/christopher-pissarides.jpg\",\"contentUrl\":\"https:\\\/\\\/news.ecclesia.org.br\\\/wp-content\\\/uploads\\\/2010\\\/10\\\/christopher-pissarides.jpg\",\"width\":320,\"height\":240},{\"@type\":\"BreadcrumbList\",\"@id\":\"https:\\\/\\\/news.ecclesia.org.br\\\/?p=5026#breadcrumb\",\"itemListElement\":[{\"@type\":\"ListItem\",\"position\":1,\"name\":\"In\u00edcio\",\"item\":\"https:\\\/\\\/news.ecclesia.org.br\\\/\"},{\"@type\":\"ListItem\",\"position\":2,\"name\":\"Grego Cipriota ganha Pr\u00eamio Nobel de Economia em 2010\"}]},{\"@type\":\"WebSite\",\"@id\":\"https:\\\/\\\/news.ecclesia.org.br\\\/#website\",\"url\":\"https:\\\/\\\/news.ecclesia.org.br\\\/\",\"name\":\"Ecclesia Brasil\",\"description\":\"Desde 2003 onectando o Brasil ao mundo ortodoxo!\",\"publisher\":{\"@id\":\"https:\\\/\\\/news.ecclesia.org.br\\\/#organization\"},\"alternateName\":\"Ecclesia\",\"potentialAction\":[{\"@type\":\"SearchAction\",\"target\":{\"@type\":\"EntryPoint\",\"urlTemplate\":\"https:\\\/\\\/news.ecclesia.org.br\\\/?s={search_term_string}\"},\"query-input\":{\"@type\":\"PropertyValueSpecification\",\"valueRequired\":true,\"valueName\":\"search_term_string\"}}],\"inLanguage\":\"pt-BR\"},{\"@type\":\"Organization\",\"@id\":\"https:\\\/\\\/news.ecclesia.org.br\\\/#organization\",\"name\":\"Sacra Arquidiocese de Buenos Aires e Am\u00e9rica do Sul | Patriarcado Ecum\u00eanico\",\"alternateName\":\"News Ecclesia Brasil\",\"url\":\"https:\\\/\\\/news.ecclesia.org.br\\\/\",\"logo\":{\"@type\":\"ImageObject\",\"inLanguage\":\"pt-BR\",\"@id\":\"https:\\\/\\\/news.ecclesia.org.br\\\/#\\\/schema\\\/logo\\\/image\\\/\",\"url\":\"https:\\\/\\\/news.ecclesia.org.br\\\/wp-content\\\/uploads\\\/2025\\\/05\\\/ecclesia2.png\",\"contentUrl\":\"https:\\\/\\\/news.ecclesia.org.br\\\/wp-content\\\/uploads\\\/2025\\\/05\\\/ecclesia2.png\",\"width\":480,\"height\":120,\"caption\":\"Sacra Arquidiocese de Buenos Aires e Am\u00e9rica do Sul | Patriarcado Ecum\u00eanico\"},\"image\":{\"@id\":\"https:\\\/\\\/news.ecclesia.org.br\\\/#\\\/schema\\\/logo\\\/image\\\/\"},\"sameAs\":[\"https:\\\/\\\/www.facebook.com\\\/Ecclesia2025\",\"https:\\\/\\\/x.com\\\/EcclesiaNews\",\"https:\\\/\\\/br.pinterest.com\\\/ekklisia\\\/\",\"https:\\\/\\\/www.youtube.com\\\/@EcclesiaBrasil\"]},{\"@type\":\"Person\",\"@id\":\"https:\\\/\\\/news.ecclesia.org.br\\\/#\\\/schema\\\/person\\\/6f09597f025829745ba414a569f63758\",\"name\":\"Pe. Andr\u00e9\",\"image\":{\"@type\":\"ImageObject\",\"inLanguage\":\"pt-BR\",\"@id\":\"https:\\\/\\\/secure.gravatar.com\\\/avatar\\\/b4327cfa27e9799da239a26adcd534fc29cdc0c4a4a148eecbcfeb9b42c617ac?s=96&d=mm&r=g\",\"url\":\"https:\\\/\\\/secure.gravatar.com\\\/avatar\\\/b4327cfa27e9799da239a26adcd534fc29cdc0c4a4a148eecbcfeb9b42c617ac?s=96&d=mm&r=g\",\"contentUrl\":\"https:\\\/\\\/secure.gravatar.com\\\/avatar\\\/b4327cfa27e9799da239a26adcd534fc29cdc0c4a4a148eecbcfeb9b42c617ac?s=96&d=mm&r=g\",\"caption\":\"Pe. Andr\u00e9\"},\"sameAs\":[\"https:\\\/\\\/www.ecclesia.org.br\"]}]}<\/script>\n<!-- \/ Yoast SEO plugin. -->","yoast_head_json":{"title":"Grego Cipriota ganha Pr\u00eamio Nobel de Economia em 2010 | ECCLESIA NEWS","robots":{"index":"index","follow":"follow","max-snippet":"max-snippet:-1","max-image-preview":"max-image-preview:large","max-video-preview":"max-video-preview:-1"},"canonical":"https:\/\/news.ecclesia.org.br\/?p=5026","og_locale":"pt_BR","og_type":"article","og_title":"Grego Cipriota ganha Pr\u00eamio Nobel de Economia em 2010 | ECCLESIA NEWS","og_description":"Christopher Pissarides, Professor de Macro-Economia da London School of \u00a0Economics and Political Science (Escola de Economia e Ci\u00eancia Pol\u00edtica de Londres), uma das mais conceituadas universidades do mundo, recebe este laurel\u00a0como o\u00a0terceiro Pr\u00eamio Nobel\u00a0destinado para gregos. Os outros dois s\u00e3o&#8230;","og_url":"https:\/\/news.ecclesia.org.br\/?p=5026","og_site_name":"ECCLESIA NEWS","article_publisher":"https:\/\/www.facebook.com\/Ecclesia2025","article_published_time":"2010-10-12T18:20:17+00:00","article_modified_time":"2016-03-18T02:36:24+00:00","og_image":[{"width":320,"height":240,"url":"https:\/\/news.ecclesia.org.br\/wp-content\/uploads\/2010\/10\/christopher-pissarides.jpg","type":"image\/jpeg"}],"author":"Pe. Andr\u00e9","twitter_card":"summary_large_image","twitter_creator":"@EcclesiaNews","twitter_site":"@EcclesiaNews","twitter_misc":{"Escrito por":"Pe. Andr\u00e9","Est. tempo de leitura":"2 minutos"},"schema":{"@context":"https:\/\/schema.org","@graph":[{"@type":"Article","@id":"https:\/\/news.ecclesia.org.br\/?p=5026#article","isPartOf":{"@id":"https:\/\/news.ecclesia.org.br\/?p=5026"},"author":{"name":"Pe. Andr\u00e9","@id":"https:\/\/news.ecclesia.org.br\/#\/schema\/person\/6f09597f025829745ba414a569f63758"},"headline":"Grego Cipriota ganha Pr\u00eamio Nobel de Economia em 2010","datePublished":"2010-10-12T18:20:17+00:00","dateModified":"2016-03-18T02:36:24+00:00","mainEntityOfPage":{"@id":"https:\/\/news.ecclesia.org.br\/?p=5026"},"wordCount":343,"commentCount":0,"publisher":{"@id":"https:\/\/news.ecclesia.org.br\/#organization"},"image":{"@id":"https:\/\/news.ecclesia.org.br\/?p=5026#primaryimage"},"thumbnailUrl":"https:\/\/news.ecclesia.org.br\/wp-content\/uploads\/2010\/10\/christopher-pissarides.jpg","articleSection":["NEWS"],"inLanguage":"pt-BR","potentialAction":[{"@type":"CommentAction","name":"Comment","target":["https:\/\/news.ecclesia.org.br\/?p=5026#respond"]}]},{"@type":"WebPage","@id":"https:\/\/news.ecclesia.org.br\/?p=5026","url":"https:\/\/news.ecclesia.org.br\/?p=5026","name":"Grego Cipriota ganha Pr\u00eamio Nobel de Economia em 2010 | ECCLESIA NEWS","isPartOf":{"@id":"https:\/\/news.ecclesia.org.br\/#website"},"primaryImageOfPage":{"@id":"https:\/\/news.ecclesia.org.br\/?p=5026#primaryimage"},"image":{"@id":"https:\/\/news.ecclesia.org.br\/?p=5026#primaryimage"},"thumbnailUrl":"https:\/\/news.ecclesia.org.br\/wp-content\/uploads\/2010\/10\/christopher-pissarides.jpg","datePublished":"2010-10-12T18:20:17+00:00","dateModified":"2016-03-18T02:36:24+00:00","breadcrumb":{"@id":"https:\/\/news.ecclesia.org.br\/?p=5026#breadcrumb"},"inLanguage":"pt-BR","potentialAction":[{"@type":"ReadAction","target":["https:\/\/news.ecclesia.org.br\/?p=5026"]}]},{"@type":"ImageObject","inLanguage":"pt-BR","@id":"https:\/\/news.ecclesia.org.br\/?p=5026#primaryimage","url":"https:\/\/news.ecclesia.org.br\/wp-content\/uploads\/2010\/10\/christopher-pissarides.jpg","contentUrl":"https:\/\/news.ecclesia.org.br\/wp-content\/uploads\/2010\/10\/christopher-pissarides.jpg","width":320,"height":240},{"@type":"BreadcrumbList","@id":"https:\/\/news.ecclesia.org.br\/?p=5026#breadcrumb","itemListElement":[{"@type":"ListItem","position":1,"name":"In\u00edcio","item":"https:\/\/news.ecclesia.org.br\/"},{"@type":"ListItem","position":2,"name":"Grego Cipriota ganha Pr\u00eamio Nobel de Economia em 2010"}]},{"@type":"WebSite","@id":"https:\/\/news.ecclesia.org.br\/#website","url":"https:\/\/news.ecclesia.org.br\/","name":"Ecclesia Brasil","description":"Desde 2003 onectando o Brasil ao mundo ortodoxo!","publisher":{"@id":"https:\/\/news.ecclesia.org.br\/#organization"},"alternateName":"Ecclesia","potentialAction":[{"@type":"SearchAction","target":{"@type":"EntryPoint","urlTemplate":"https:\/\/news.ecclesia.org.br\/?s={search_term_string}"},"query-input":{"@type":"PropertyValueSpecification","valueRequired":true,"valueName":"search_term_string"}}],"inLanguage":"pt-BR"},{"@type":"Organization","@id":"https:\/\/news.ecclesia.org.br\/#organization","name":"Sacra Arquidiocese de Buenos Aires e Am\u00e9rica do Sul | Patriarcado Ecum\u00eanico","alternateName":"News Ecclesia Brasil","url":"https:\/\/news.ecclesia.org.br\/","logo":{"@type":"ImageObject","inLanguage":"pt-BR","@id":"https:\/\/news.ecclesia.org.br\/#\/schema\/logo\/image\/","url":"https:\/\/news.ecclesia.org.br\/wp-content\/uploads\/2025\/05\/ecclesia2.png","contentUrl":"https:\/\/news.ecclesia.org.br\/wp-content\/uploads\/2025\/05\/ecclesia2.png","width":480,"height":120,"caption":"Sacra Arquidiocese de Buenos Aires e Am\u00e9rica do Sul | Patriarcado Ecum\u00eanico"},"image":{"@id":"https:\/\/news.ecclesia.org.br\/#\/schema\/logo\/image\/"},"sameAs":["https:\/\/www.facebook.com\/Ecclesia2025","https:\/\/x.com\/EcclesiaNews","https:\/\/br.pinterest.com\/ekklisia\/","https:\/\/www.youtube.com\/@EcclesiaBrasil"]},{"@type":"Person","@id":"https:\/\/news.ecclesia.org.br\/#\/schema\/person\/6f09597f025829745ba414a569f63758","name":"Pe. Andr\u00e9","image":{"@type":"ImageObject","inLanguage":"pt-BR","@id":"https:\/\/secure.gravatar.com\/avatar\/b4327cfa27e9799da239a26adcd534fc29cdc0c4a4a148eecbcfeb9b42c617ac?s=96&d=mm&r=g","url":"https:\/\/secure.gravatar.com\/avatar\/b4327cfa27e9799da239a26adcd534fc29cdc0c4a4a148eecbcfeb9b42c617ac?s=96&d=mm&r=g","contentUrl":"https:\/\/secure.gravatar.com\/avatar\/b4327cfa27e9799da239a26adcd534fc29cdc0c4a4a148eecbcfeb9b42c617ac?s=96&d=mm&r=g","caption":"Pe. Andr\u00e9"},"sameAs":["https:\/\/www.ecclesia.org.br"]}]}},"_links":{"self":[{"href":"https:\/\/news.ecclesia.org.br\/index.php?rest_route=\/wp\/v2\/posts\/5026","targetHints":{"allow":["GET"]}}],"collection":[{"href":"https:\/\/news.ecclesia.org.br\/index.php?rest_route=\/wp\/v2\/posts"}],"about":[{"href":"https:\/\/news.ecclesia.org.br\/index.php?rest_route=\/wp\/v2\/types\/post"}],"author":[{"embeddable":true,"href":"https:\/\/news.ecclesia.org.br\/index.php?rest_route=\/wp\/v2\/users\/1"}],"replies":[{"embeddable":true,"href":"https:\/\/news.ecclesia.org.br\/index.php?rest_route=%2Fwp%2Fv2%2Fcomments&post=5026"}],"version-history":[{"count":0,"href":"https:\/\/news.ecclesia.org.br\/index.php?rest_route=\/wp\/v2\/posts\/5026\/revisions"}],"wp:featuredmedia":[{"embeddable":true,"href":"https:\/\/news.ecclesia.org.br\/index.php?rest_route=\/wp\/v2\/media\/6199"}],"wp:attachment":[{"href":"https:\/\/news.ecclesia.org.br\/index.php?rest_route=%2Fwp%2Fv2%2Fmedia&parent=5026"}],"wp:term":[{"taxonomy":"category","embeddable":true,"href":"https:\/\/news.ecclesia.org.br\/index.php?rest_route=%2Fwp%2Fv2%2Fcategories&post=5026"},{"taxonomy":"post_tag","embeddable":true,"href":"https:\/\/news.ecclesia.org.br\/index.php?rest_route=%2Fwp%2Fv2%2Ftags&post=5026"}],"curies":[{"name":"wp","href":"https:\/\/api.w.org\/{rel}","templated":true}]}}