{"id":5008,"date":"2010-10-06T00:05:57","date_gmt":"2010-10-06T02:05:57","guid":{"rendered":"http:\/\/www.ecclesia.com.br\/news\/?p=5008"},"modified":"2016-03-18T02:38:45","modified_gmt":"2016-03-18T02:38:45","slug":"metropolita-hilarion-preve-uma-primavera-crista-sem-divisoes-ao-ser-homenageado-com-o-honoris-causa-pela-faculdade-de-teologia-da-catalunha","status":"publish","type":"post","link":"https:\/\/news.ecclesia.org.br\/?p=5008","title":{"rendered":"Metropolita Hilarion prev\u00ea uma \u00abprimavera crist\u00e3 sem divis\u00f5es\u00bb ao ser homenageado com o \u00abhonoris causa\u00bb pela faculdade de Teologia da Catalunha"},"content":{"rendered":"<figure id=\"attachment_9993\" aria-describedby=\"caption-attachment-9993\" style=\"width: 300px\" class=\"wp-caption alignleft\"><img fetchpriority=\"high\" decoding=\"async\" class=\"wp-image-9993 size-medium\" src=\"https:\/\/news.ecclesia.org.br\/2013\/wp-content\/uploads\/2015\/11\/metropolita-hilarion-1-300x188.jpg\" alt=\"Metropolita Hilarion de Volokolamsk\" width=\"300\" height=\"188\" srcset=\"https:\/\/news.ecclesia.org.br\/wp-content\/uploads\/2015\/11\/metropolita-hilarion-1-300x188.jpg 300w, https:\/\/news.ecclesia.org.br\/wp-content\/uploads\/2015\/11\/metropolita-hilarion-1-88x55.jpg 88w, https:\/\/news.ecclesia.org.br\/wp-content\/uploads\/2015\/11\/metropolita-hilarion-1.jpg 640w\" sizes=\"(max-width: 300px) 100vw, 300px\" \/><figcaption id=\"caption-attachment-9993\" class=\"wp-caption-text\">Metropolita Hilarion de Volokolamsk<\/figcaption><\/figure>\n<p style=\"text-align: justify;\">BARCELONA &#8211; Espanha, ter\u00e7a-feira, 05 de outubro de 2010 (ZENIT.org) &#8211; O metropolita ortodoxo Hilarion Alfeyev de Volokolamsk, presidente do Departamento de Rela\u00e7\u00f5es Exteriores do patriarcado de Moscou, mostrou sua convic\u00e7\u00e3o em que o s\u00e9culo XXI ver\u00e1 um aumento do cristianismo, sem divis\u00f5es entre os seguidores de Jesus.\u00a0Pronunciou-se nesta ter\u00e7a-feira, no Semin\u00e1rio Conciliar de Barcelona, ao ser homenageado como <em>doutor honoris causa<\/em> pela Faculdade de Teologia da Catalunha.\u00a0\u00abUma primavera crist\u00e3 est\u00e1 a ponto de chegar &#8211; afirmou. O s\u00e9culo XXI ver\u00e1 curadas as divis\u00f5es entre crist\u00e3os e um renascimento da f\u00e9, dom de Deus, tal como foi pregada pelos ap\u00f3stolos e perseverada pelos Padres\u00bb.\u00a0O metropolita qualificou como \u00aberr\u00f4nea\u00bb a considera\u00e7\u00e3o do tempo atual como uma era \u00abp\u00f3s-crist\u00e3\u00bb, e as predi\u00e7\u00f5es segundo as quais o cristianismo desapareceria do mapa religioso no terceiro mil\u00eanio e seria absorvida pelo Isl\u00e3. \u00abEstou certo de que os crist\u00e3os resistir\u00e3o juntos e preservar\u00e3o seus ensinamentos, sua Igreja e sua Tradi\u00e7\u00e3o\u00bb, declarou.<\/p>\n<p style=\"text-align: justify;\">Na <em>Lectio<\/em>, o metropolita Hilarion agradeceu a honra que representa esta distin\u00e7\u00e3o da Faculdade de Teologia da Catalunha, que se encontra sob o patroc\u00ednio da Universidade Gregoriana de Roma. \u00abN\u00e3o recebo o t\u00edtulo de doutor como uma homenagem para minhas realiza\u00e7\u00f5es pessoais, mas como um reconhecimento da import\u00e2ncia da teologia ortodoxa e como um sinal de respeito com a Igreja Ortodoxa Russa\u00bb disse.<\/p>\n<h3>Os Padres da Igreja hoje<\/h3>\n<p style=\"text-align: justify;\">Sua apresenta\u00e7\u00e3o foi focada na import\u00e2ncia da heran\u00e7a dos Padres no mundo atual, um tema que o metropolitano trata freq\u00fcentemente em seus livros e em suas palestras p\u00fablicas. \u00abContrariamente \u00e0s receitas modernas, as da psican\u00e1lise, os conselhos dos Padres &#8211; afirmou &#8211; exalam um esp\u00edrito saud\u00e1vel, fundamentados na s\u00f3lida compreens\u00e3o do esp\u00edrito humano e na necessidade de combater as pr\u00f3prias tend\u00eancias pecadoras para colocar em pr\u00e1tica o bem\u00bb. \u00abOs conselhos dos Padres &#8211; considerou &#8211; s\u00e3o mais universais que os postulados b\u00e1sicos do freudianismo e podem ser aplicados \u00e0s pessoas que vivem nos mais diversos contextos culturais e temporais\u00bb.<\/p>\n<p style=\"text-align: justify;\">O ato da homenagem foi presidido pelo arcebispo de Barcelona, cardeal Lu\u00eds Mart\u00ednez Sistach, e contou com a interven\u00e7\u00e3o do decano na faculdade, Armand Puig, como padrinho do doutorando. Durante a <em>Laudatio<\/em>, Puig explicou que este foi \u00abum ato de reconhecimento da teologia ortodoxa em seu conjunto, mas, sobretudo, um ato de homenagem a um de seus representantes mais qualificados\u00bb. Al\u00e9m disso, acrescentou, constitui \u00abum momento favor\u00e1vel para que nossa faculdade e as demais institui\u00e7\u00f5es acad\u00eamicas eclesiais da Igreja Cat\u00f3lica reafirmem seu compromisso de estudo e de valoriza\u00e7\u00e3o dos Padres da Igreja do Oriente na hora de fazer teologia, no momento presente e no contexto concreto da Europa do s\u00e9culo XXI\u00bb.<\/p>\n<p style=\"text-align: justify;\">O metropolita Hilarion \u00e9 autor de monografias destacadas sobre os Padres da Igreja e tem\u00e1ticas da teologia ortodoxa atual, e mant\u00e9m um compromisso e presen\u00e7a firmes e constantes no campo ecum\u00eanico.<\/p>\n","protected":false},"excerpt":{"rendered":"<p>BARCELONA &#8211; Espanha, ter\u00e7a-feira, 05 de outubro de 2010 (ZENIT.org) &#8211; O metropolita ortodoxo Hilarion Alfeyev de Volokolamsk, presidente do Departamento de Rela\u00e7\u00f5es Exteriores do patriarcado de Moscou, mostrou sua convic\u00e7\u00e3o em que o s\u00e9culo XXI ver\u00e1 um aumento do&#8230;<\/p>\n","protected":false},"author":1,"featured_media":9993,"comment_status":"open","ping_status":"open","sticky":false,"template":"","format":"standard","meta":{"_acf_changed":false,"footnotes":""},"categories":[1],"tags":[],"class_list":["post-5008","post","type-post","status-publish","format-standard","has-post-thumbnail","hentry","category-news","entry","rows-excerpt"],"acf":[],"yoast_head":"<!-- This site is optimized with the Yoast SEO plugin v27.5 - https:\/\/yoast.com\/product\/yoast-seo-wordpress\/ -->\n<title>Metropolita Hilarion prev\u00ea uma \u00abprimavera crist\u00e3 sem divis\u00f5es\u00bb ao ser homenageado com o \u00abhonoris causa\u00bb pela faculdade de Teologia da Catalunha | ECCLESIA NEWS<\/title>\n<meta name=\"robots\" content=\"index, follow, max-snippet:-1, max-image-preview:large, max-video-preview:-1\" \/>\n<link rel=\"canonical\" href=\"https:\/\/news.ecclesia.org.br\/?p=5008\" \/>\n<meta property=\"og:locale\" content=\"pt_BR\" \/>\n<meta property=\"og:type\" content=\"article\" \/>\n<meta property=\"og:title\" content=\"Metropolita Hilarion prev\u00ea uma \u00abprimavera crist\u00e3 sem divis\u00f5es\u00bb ao ser homenageado com o \u00abhonoris causa\u00bb pela faculdade de Teologia da Catalunha | ECCLESIA NEWS\" \/>\n<meta property=\"og:description\" content=\"BARCELONA &#8211; Espanha, ter\u00e7a-feira, 05 de outubro de 2010 (ZENIT.org) &#8211; O metropolita ortodoxo Hilarion Alfeyev de Volokolamsk, presidente do Departamento de Rela\u00e7\u00f5es Exteriores do patriarcado de Moscou, mostrou sua convic\u00e7\u00e3o em que o s\u00e9culo XXI ver\u00e1 um aumento do&#8230;\" \/>\n<meta property=\"og:url\" content=\"https:\/\/news.ecclesia.org.br\/?p=5008\" \/>\n<meta property=\"og:site_name\" content=\"ECCLESIA NEWS\" \/>\n<meta property=\"article:publisher\" content=\"https:\/\/www.facebook.com\/Ecclesia2025\" \/>\n<meta property=\"article:published_time\" content=\"2010-10-06T02:05:57+00:00\" \/>\n<meta property=\"article:modified_time\" content=\"2016-03-18T02:38:45+00:00\" \/>\n<meta property=\"og:image\" content=\"https:\/\/news.ecclesia.org.br\/wp-content\/uploads\/2015\/11\/metropolita-hilarion-1.jpg\" \/>\n\t<meta property=\"og:image:width\" content=\"640\" \/>\n\t<meta property=\"og:image:height\" content=\"400\" \/>\n\t<meta property=\"og:image:type\" content=\"image\/jpeg\" \/>\n<meta name=\"author\" content=\"Pe. Andr\u00e9\" \/>\n<meta name=\"twitter:card\" content=\"summary_large_image\" \/>\n<meta name=\"twitter:creator\" content=\"@EcclesiaNews\" \/>\n<meta name=\"twitter:site\" content=\"@EcclesiaNews\" \/>\n<meta name=\"twitter:label1\" content=\"Escrito por\" \/>\n\t<meta name=\"twitter:data1\" content=\"Pe. Andr\u00e9\" \/>\n\t<meta name=\"twitter:label2\" content=\"Est. tempo de leitura\" \/>\n\t<meta name=\"twitter:data2\" content=\"3 minutos\" \/>\n<script type=\"application\/ld+json\" class=\"yoast-schema-graph\">{\"@context\":\"https:\\\/\\\/schema.org\",\"@graph\":[{\"@type\":\"Article\",\"@id\":\"https:\\\/\\\/news.ecclesia.org.br\\\/?p=5008#article\",\"isPartOf\":{\"@id\":\"https:\\\/\\\/news.ecclesia.org.br\\\/?p=5008\"},\"author\":{\"name\":\"Pe. Andr\u00e9\",\"@id\":\"https:\\\/\\\/news.ecclesia.org.br\\\/#\\\/schema\\\/person\\\/6f09597f025829745ba414a569f63758\"},\"headline\":\"Metropolita Hilarion prev\u00ea uma \u00abprimavera crist\u00e3 sem divis\u00f5es\u00bb ao ser homenageado com o \u00abhonoris causa\u00bb pela faculdade de Teologia da Catalunha\",\"datePublished\":\"2010-10-06T02:05:57+00:00\",\"dateModified\":\"2016-03-18T02:38:45+00:00\",\"mainEntityOfPage\":{\"@id\":\"https:\\\/\\\/news.ecclesia.org.br\\\/?p=5008\"},\"wordCount\":554,\"commentCount\":0,\"publisher\":{\"@id\":\"https:\\\/\\\/news.ecclesia.org.br\\\/#organization\"},\"image\":{\"@id\":\"https:\\\/\\\/news.ecclesia.org.br\\\/?p=5008#primaryimage\"},\"thumbnailUrl\":\"https:\\\/\\\/news.ecclesia.org.br\\\/wp-content\\\/uploads\\\/2015\\\/11\\\/metropolita-hilarion-1.jpg\",\"articleSection\":[\"NEWS\"],\"inLanguage\":\"pt-BR\",\"potentialAction\":[{\"@type\":\"CommentAction\",\"name\":\"Comment\",\"target\":[\"https:\\\/\\\/news.ecclesia.org.br\\\/?p=5008#respond\"]}]},{\"@type\":\"WebPage\",\"@id\":\"https:\\\/\\\/news.ecclesia.org.br\\\/?p=5008\",\"url\":\"https:\\\/\\\/news.ecclesia.org.br\\\/?p=5008\",\"name\":\"Metropolita Hilarion prev\u00ea uma \u00abprimavera crist\u00e3 sem divis\u00f5es\u00bb ao ser homenageado com o \u00abhonoris causa\u00bb pela faculdade de Teologia da Catalunha | ECCLESIA NEWS\",\"isPartOf\":{\"@id\":\"https:\\\/\\\/news.ecclesia.org.br\\\/#website\"},\"primaryImageOfPage\":{\"@id\":\"https:\\\/\\\/news.ecclesia.org.br\\\/?p=5008#primaryimage\"},\"image\":{\"@id\":\"https:\\\/\\\/news.ecclesia.org.br\\\/?p=5008#primaryimage\"},\"thumbnailUrl\":\"https:\\\/\\\/news.ecclesia.org.br\\\/wp-content\\\/uploads\\\/2015\\\/11\\\/metropolita-hilarion-1.jpg\",\"datePublished\":\"2010-10-06T02:05:57+00:00\",\"dateModified\":\"2016-03-18T02:38:45+00:00\",\"breadcrumb\":{\"@id\":\"https:\\\/\\\/news.ecclesia.org.br\\\/?p=5008#breadcrumb\"},\"inLanguage\":\"pt-BR\",\"potentialAction\":[{\"@type\":\"ReadAction\",\"target\":[\"https:\\\/\\\/news.ecclesia.org.br\\\/?p=5008\"]}]},{\"@type\":\"ImageObject\",\"inLanguage\":\"pt-BR\",\"@id\":\"https:\\\/\\\/news.ecclesia.org.br\\\/?p=5008#primaryimage\",\"url\":\"https:\\\/\\\/news.ecclesia.org.br\\\/wp-content\\\/uploads\\\/2015\\\/11\\\/metropolita-hilarion-1.jpg\",\"contentUrl\":\"https:\\\/\\\/news.ecclesia.org.br\\\/wp-content\\\/uploads\\\/2015\\\/11\\\/metropolita-hilarion-1.jpg\",\"width\":640,\"height\":400,\"caption\":\"Metropolita Hilarion de Volokolamsk\"},{\"@type\":\"BreadcrumbList\",\"@id\":\"https:\\\/\\\/news.ecclesia.org.br\\\/?p=5008#breadcrumb\",\"itemListElement\":[{\"@type\":\"ListItem\",\"position\":1,\"name\":\"In\u00edcio\",\"item\":\"https:\\\/\\\/news.ecclesia.org.br\\\/\"},{\"@type\":\"ListItem\",\"position\":2,\"name\":\"Metropolita Hilarion prev\u00ea uma \u00abprimavera crist\u00e3 sem divis\u00f5es\u00bb ao ser homenageado com o \u00abhonoris causa\u00bb pela faculdade de Teologia da Catalunha\"}]},{\"@type\":\"WebSite\",\"@id\":\"https:\\\/\\\/news.ecclesia.org.br\\\/#website\",\"url\":\"https:\\\/\\\/news.ecclesia.org.br\\\/\",\"name\":\"Ecclesia Brasil\",\"description\":\"Desde 2003 onectando o Brasil ao mundo ortodoxo!\",\"publisher\":{\"@id\":\"https:\\\/\\\/news.ecclesia.org.br\\\/#organization\"},\"alternateName\":\"Ecclesia\",\"potentialAction\":[{\"@type\":\"SearchAction\",\"target\":{\"@type\":\"EntryPoint\",\"urlTemplate\":\"https:\\\/\\\/news.ecclesia.org.br\\\/?s={search_term_string}\"},\"query-input\":{\"@type\":\"PropertyValueSpecification\",\"valueRequired\":true,\"valueName\":\"search_term_string\"}}],\"inLanguage\":\"pt-BR\"},{\"@type\":\"Organization\",\"@id\":\"https:\\\/\\\/news.ecclesia.org.br\\\/#organization\",\"name\":\"Sacra Arquidiocese de Buenos Aires e Am\u00e9rica do Sul | Patriarcado Ecum\u00eanico\",\"alternateName\":\"News Ecclesia Brasil\",\"url\":\"https:\\\/\\\/news.ecclesia.org.br\\\/\",\"logo\":{\"@type\":\"ImageObject\",\"inLanguage\":\"pt-BR\",\"@id\":\"https:\\\/\\\/news.ecclesia.org.br\\\/#\\\/schema\\\/logo\\\/image\\\/\",\"url\":\"https:\\\/\\\/news.ecclesia.org.br\\\/wp-content\\\/uploads\\\/2025\\\/05\\\/ecclesia2.png\",\"contentUrl\":\"https:\\\/\\\/news.ecclesia.org.br\\\/wp-content\\\/uploads\\\/2025\\\/05\\\/ecclesia2.png\",\"width\":480,\"height\":120,\"caption\":\"Sacra Arquidiocese de Buenos Aires e Am\u00e9rica do Sul | Patriarcado Ecum\u00eanico\"},\"image\":{\"@id\":\"https:\\\/\\\/news.ecclesia.org.br\\\/#\\\/schema\\\/logo\\\/image\\\/\"},\"sameAs\":[\"https:\\\/\\\/www.facebook.com\\\/Ecclesia2025\",\"https:\\\/\\\/x.com\\\/EcclesiaNews\",\"https:\\\/\\\/br.pinterest.com\\\/ekklisia\\\/\",\"https:\\\/\\\/www.youtube.com\\\/@EcclesiaBrasil\"]},{\"@type\":\"Person\",\"@id\":\"https:\\\/\\\/news.ecclesia.org.br\\\/#\\\/schema\\\/person\\\/6f09597f025829745ba414a569f63758\",\"name\":\"Pe. Andr\u00e9\",\"image\":{\"@type\":\"ImageObject\",\"inLanguage\":\"pt-BR\",\"@id\":\"https:\\\/\\\/secure.gravatar.com\\\/avatar\\\/b4327cfa27e9799da239a26adcd534fc29cdc0c4a4a148eecbcfeb9b42c617ac?s=96&d=mm&r=g\",\"url\":\"https:\\\/\\\/secure.gravatar.com\\\/avatar\\\/b4327cfa27e9799da239a26adcd534fc29cdc0c4a4a148eecbcfeb9b42c617ac?s=96&d=mm&r=g\",\"contentUrl\":\"https:\\\/\\\/secure.gravatar.com\\\/avatar\\\/b4327cfa27e9799da239a26adcd534fc29cdc0c4a4a148eecbcfeb9b42c617ac?s=96&d=mm&r=g\",\"caption\":\"Pe. Andr\u00e9\"},\"sameAs\":[\"https:\\\/\\\/www.ecclesia.org.br\"]}]}<\/script>\n<!-- \/ Yoast SEO plugin. -->","yoast_head_json":{"title":"Metropolita Hilarion prev\u00ea uma \u00abprimavera crist\u00e3 sem divis\u00f5es\u00bb ao ser homenageado com o \u00abhonoris causa\u00bb pela faculdade de Teologia da Catalunha | ECCLESIA NEWS","robots":{"index":"index","follow":"follow","max-snippet":"max-snippet:-1","max-image-preview":"max-image-preview:large","max-video-preview":"max-video-preview:-1"},"canonical":"https:\/\/news.ecclesia.org.br\/?p=5008","og_locale":"pt_BR","og_type":"article","og_title":"Metropolita Hilarion prev\u00ea uma \u00abprimavera crist\u00e3 sem divis\u00f5es\u00bb ao ser homenageado com o \u00abhonoris causa\u00bb pela faculdade de Teologia da Catalunha | ECCLESIA NEWS","og_description":"BARCELONA &#8211; Espanha, ter\u00e7a-feira, 05 de outubro de 2010 (ZENIT.org) &#8211; O metropolita ortodoxo Hilarion Alfeyev de Volokolamsk, presidente do Departamento de Rela\u00e7\u00f5es Exteriores do patriarcado de Moscou, mostrou sua convic\u00e7\u00e3o em que o s\u00e9culo XXI ver\u00e1 um aumento do&#8230;","og_url":"https:\/\/news.ecclesia.org.br\/?p=5008","og_site_name":"ECCLESIA NEWS","article_publisher":"https:\/\/www.facebook.com\/Ecclesia2025","article_published_time":"2010-10-06T02:05:57+00:00","article_modified_time":"2016-03-18T02:38:45+00:00","og_image":[{"width":640,"height":400,"url":"https:\/\/news.ecclesia.org.br\/wp-content\/uploads\/2015\/11\/metropolita-hilarion-1.jpg","type":"image\/jpeg"}],"author":"Pe. Andr\u00e9","twitter_card":"summary_large_image","twitter_creator":"@EcclesiaNews","twitter_site":"@EcclesiaNews","twitter_misc":{"Escrito por":"Pe. Andr\u00e9","Est. tempo de leitura":"3 minutos"},"schema":{"@context":"https:\/\/schema.org","@graph":[{"@type":"Article","@id":"https:\/\/news.ecclesia.org.br\/?p=5008#article","isPartOf":{"@id":"https:\/\/news.ecclesia.org.br\/?p=5008"},"author":{"name":"Pe. Andr\u00e9","@id":"https:\/\/news.ecclesia.org.br\/#\/schema\/person\/6f09597f025829745ba414a569f63758"},"headline":"Metropolita Hilarion prev\u00ea uma \u00abprimavera crist\u00e3 sem divis\u00f5es\u00bb ao ser homenageado com o \u00abhonoris causa\u00bb pela faculdade de Teologia da Catalunha","datePublished":"2010-10-06T02:05:57+00:00","dateModified":"2016-03-18T02:38:45+00:00","mainEntityOfPage":{"@id":"https:\/\/news.ecclesia.org.br\/?p=5008"},"wordCount":554,"commentCount":0,"publisher":{"@id":"https:\/\/news.ecclesia.org.br\/#organization"},"image":{"@id":"https:\/\/news.ecclesia.org.br\/?p=5008#primaryimage"},"thumbnailUrl":"https:\/\/news.ecclesia.org.br\/wp-content\/uploads\/2015\/11\/metropolita-hilarion-1.jpg","articleSection":["NEWS"],"inLanguage":"pt-BR","potentialAction":[{"@type":"CommentAction","name":"Comment","target":["https:\/\/news.ecclesia.org.br\/?p=5008#respond"]}]},{"@type":"WebPage","@id":"https:\/\/news.ecclesia.org.br\/?p=5008","url":"https:\/\/news.ecclesia.org.br\/?p=5008","name":"Metropolita Hilarion prev\u00ea uma \u00abprimavera crist\u00e3 sem divis\u00f5es\u00bb ao ser homenageado com o \u00abhonoris causa\u00bb pela faculdade de Teologia da Catalunha | ECCLESIA NEWS","isPartOf":{"@id":"https:\/\/news.ecclesia.org.br\/#website"},"primaryImageOfPage":{"@id":"https:\/\/news.ecclesia.org.br\/?p=5008#primaryimage"},"image":{"@id":"https:\/\/news.ecclesia.org.br\/?p=5008#primaryimage"},"thumbnailUrl":"https:\/\/news.ecclesia.org.br\/wp-content\/uploads\/2015\/11\/metropolita-hilarion-1.jpg","datePublished":"2010-10-06T02:05:57+00:00","dateModified":"2016-03-18T02:38:45+00:00","breadcrumb":{"@id":"https:\/\/news.ecclesia.org.br\/?p=5008#breadcrumb"},"inLanguage":"pt-BR","potentialAction":[{"@type":"ReadAction","target":["https:\/\/news.ecclesia.org.br\/?p=5008"]}]},{"@type":"ImageObject","inLanguage":"pt-BR","@id":"https:\/\/news.ecclesia.org.br\/?p=5008#primaryimage","url":"https:\/\/news.ecclesia.org.br\/wp-content\/uploads\/2015\/11\/metropolita-hilarion-1.jpg","contentUrl":"https:\/\/news.ecclesia.org.br\/wp-content\/uploads\/2015\/11\/metropolita-hilarion-1.jpg","width":640,"height":400,"caption":"Metropolita Hilarion de Volokolamsk"},{"@type":"BreadcrumbList","@id":"https:\/\/news.ecclesia.org.br\/?p=5008#breadcrumb","itemListElement":[{"@type":"ListItem","position":1,"name":"In\u00edcio","item":"https:\/\/news.ecclesia.org.br\/"},{"@type":"ListItem","position":2,"name":"Metropolita Hilarion prev\u00ea uma \u00abprimavera crist\u00e3 sem divis\u00f5es\u00bb ao ser homenageado com o \u00abhonoris causa\u00bb pela faculdade de Teologia da Catalunha"}]},{"@type":"WebSite","@id":"https:\/\/news.ecclesia.org.br\/#website","url":"https:\/\/news.ecclesia.org.br\/","name":"Ecclesia Brasil","description":"Desde 2003 onectando o Brasil ao mundo ortodoxo!","publisher":{"@id":"https:\/\/news.ecclesia.org.br\/#organization"},"alternateName":"Ecclesia","potentialAction":[{"@type":"SearchAction","target":{"@type":"EntryPoint","urlTemplate":"https:\/\/news.ecclesia.org.br\/?s={search_term_string}"},"query-input":{"@type":"PropertyValueSpecification","valueRequired":true,"valueName":"search_term_string"}}],"inLanguage":"pt-BR"},{"@type":"Organization","@id":"https:\/\/news.ecclesia.org.br\/#organization","name":"Sacra Arquidiocese de Buenos Aires e Am\u00e9rica do Sul | Patriarcado Ecum\u00eanico","alternateName":"News Ecclesia Brasil","url":"https:\/\/news.ecclesia.org.br\/","logo":{"@type":"ImageObject","inLanguage":"pt-BR","@id":"https:\/\/news.ecclesia.org.br\/#\/schema\/logo\/image\/","url":"https:\/\/news.ecclesia.org.br\/wp-content\/uploads\/2025\/05\/ecclesia2.png","contentUrl":"https:\/\/news.ecclesia.org.br\/wp-content\/uploads\/2025\/05\/ecclesia2.png","width":480,"height":120,"caption":"Sacra Arquidiocese de Buenos Aires e Am\u00e9rica do Sul | Patriarcado Ecum\u00eanico"},"image":{"@id":"https:\/\/news.ecclesia.org.br\/#\/schema\/logo\/image\/"},"sameAs":["https:\/\/www.facebook.com\/Ecclesia2025","https:\/\/x.com\/EcclesiaNews","https:\/\/br.pinterest.com\/ekklisia\/","https:\/\/www.youtube.com\/@EcclesiaBrasil"]},{"@type":"Person","@id":"https:\/\/news.ecclesia.org.br\/#\/schema\/person\/6f09597f025829745ba414a569f63758","name":"Pe. Andr\u00e9","image":{"@type":"ImageObject","inLanguage":"pt-BR","@id":"https:\/\/secure.gravatar.com\/avatar\/b4327cfa27e9799da239a26adcd534fc29cdc0c4a4a148eecbcfeb9b42c617ac?s=96&d=mm&r=g","url":"https:\/\/secure.gravatar.com\/avatar\/b4327cfa27e9799da239a26adcd534fc29cdc0c4a4a148eecbcfeb9b42c617ac?s=96&d=mm&r=g","contentUrl":"https:\/\/secure.gravatar.com\/avatar\/b4327cfa27e9799da239a26adcd534fc29cdc0c4a4a148eecbcfeb9b42c617ac?s=96&d=mm&r=g","caption":"Pe. Andr\u00e9"},"sameAs":["https:\/\/www.ecclesia.org.br"]}]}},"_links":{"self":[{"href":"https:\/\/news.ecclesia.org.br\/index.php?rest_route=\/wp\/v2\/posts\/5008","targetHints":{"allow":["GET"]}}],"collection":[{"href":"https:\/\/news.ecclesia.org.br\/index.php?rest_route=\/wp\/v2\/posts"}],"about":[{"href":"https:\/\/news.ecclesia.org.br\/index.php?rest_route=\/wp\/v2\/types\/post"}],"author":[{"embeddable":true,"href":"https:\/\/news.ecclesia.org.br\/index.php?rest_route=\/wp\/v2\/users\/1"}],"replies":[{"embeddable":true,"href":"https:\/\/news.ecclesia.org.br\/index.php?rest_route=%2Fwp%2Fv2%2Fcomments&post=5008"}],"version-history":[{"count":0,"href":"https:\/\/news.ecclesia.org.br\/index.php?rest_route=\/wp\/v2\/posts\/5008\/revisions"}],"wp:featuredmedia":[{"embeddable":true,"href":"https:\/\/news.ecclesia.org.br\/index.php?rest_route=\/wp\/v2\/media\/9993"}],"wp:attachment":[{"href":"https:\/\/news.ecclesia.org.br\/index.php?rest_route=%2Fwp%2Fv2%2Fmedia&parent=5008"}],"wp:term":[{"taxonomy":"category","embeddable":true,"href":"https:\/\/news.ecclesia.org.br\/index.php?rest_route=%2Fwp%2Fv2%2Fcategories&post=5008"},{"taxonomy":"post_tag","embeddable":true,"href":"https:\/\/news.ecclesia.org.br\/index.php?rest_route=%2Fwp%2Fv2%2Ftags&post=5008"}],"curies":[{"name":"wp","href":"https:\/\/api.w.org\/{rel}","templated":true}]}}