{"id":4998,"date":"2010-10-03T15:32:57","date_gmt":"2010-10-03T17:32:57","guid":{"rendered":"http:\/\/www.ecclesia.com.br\/news\/?p=4998"},"modified":"2016-03-18T02:39:38","modified_gmt":"2016-03-18T02:39:38","slug":"patriarca-irineu-da-servia-e-entronizado-oficialmente","status":"publish","type":"post","link":"https:\/\/news.ecclesia.org.br\/?p=4998","title":{"rendered":"Patriarca Irineu da S\u00e9rvia \u00e9 entronizado oficialmente"},"content":{"rendered":"<figure id=\"attachment_9876\" aria-describedby=\"caption-attachment-9876\" style=\"width: 350px\" class=\"wp-caption alignleft\"><img fetchpriority=\"high\" decoding=\"async\" class=\"size-full wp-image-9876\" src=\"https:\/\/news.ecclesia.org.br\/2013\/wp-content\/uploads\/2015\/11\/patriarca-irinej-da-servia-1.jpg\" alt=\"Patriarca Irinej, da S\u00e9rvia\" width=\"350\" height=\"500\" srcset=\"https:\/\/news.ecclesia.org.br\/wp-content\/uploads\/2015\/11\/patriarca-irinej-da-servia-1.jpg 350w, https:\/\/news.ecclesia.org.br\/wp-content\/uploads\/2015\/11\/patriarca-irinej-da-servia-1-210x300.jpg 210w, https:\/\/news.ecclesia.org.br\/wp-content\/uploads\/2015\/11\/patriarca-irinej-da-servia-1-39x55.jpg 39w\" sizes=\"(max-width: 350px) 100vw, 350px\" \/><figcaption id=\"caption-attachment-9876\" class=\"wp-caption-text\">Patriarca Irinej, da S\u00e9rvia<\/figcaption><\/figure>\n<p style=\"text-align: justify;\">O 45\u00ba Patriarca da S\u00e9rvia, Irineu (eleito em 22 de janeiro) foi entronizado oficialmente na manh\u00e3 de hoje, domingo, 03 de outubro \u00a0de 2010, em Kosovo, durante a Divina Liturgia celebrada na presen\u00e7a de milhares de fi\u00e9is, autoridades civis, militares e eclesi\u00e1sticas, incluindo o Presidente da Rep\u00fablica da S\u00e9rvia, Sr. Boris Tadic. \u00a0A primeira entroniza\u00e7\u00e3o, feita de maneira mais simples, deu-se imediatamente ap\u00f3s sua elei\u00e7\u00e3o em 23 de janeiro ultimo na Catedral de Belgrado. Durante a liturgia, o Patriarca Irineu relembrou a longa hist\u00f3ria do Patriarcado, sublinhando a necessidade de prosseguir a hist\u00f3ria que parou uma vez de maneira violenta. Referindo-se aos \u00a0monast\u00e9rios de Kosovo, que foram saqueados e destru\u00eddos, disse: \u00abAssumo o trono patriarcal num momento dif\u00edcil, com v\u00e1rias igrejas e monast\u00e9rios danificados, bem como, in\u00fameras casas destru\u00eddas, o que impede a milhares de s\u00e9rvios retornarem para os seus lares. Apelo por ajuda \u00e0s for\u00e7as internacionais envolvidas, para n\u00e3o penalizar ainda mais o povo s\u00e9rvio no processo de separa\u00e7\u00e3o de Kosovo, preservando assim a paz na regi\u00e3o\u00bb. Al\u00e9m disso, o Patriarca Irineu agradeceu a presen\u00e7a dos representantes das igrejas ortodoxas e de outras denomina\u00e7\u00f5es crist\u00e3s que assistiram \u00e0 coroa\u00e7\u00e3o, expressando seu desejo de que chegue o dia em que todos possamos professar a f\u00e9 em um mesmo Deus e em plena unidade, cumprindo o desejo de Jesus Cristo: \u00abque todos sejam um, para que o mundo creia que Tu me enviaste\u00bb. A coroa\u00e7\u00e3o contou com a presen\u00e7a dos bispos da Igreja Ortodoxa da S\u00e9rvia, representantes dos Patriarcados Ecum\u00eanico, de Alexandria, de Antioquia, de Jerusal\u00e9m, de Moscou, da Ge\u00f3rgia, da Rom\u00eania e da Bulg\u00e1ria, das Igrejas da Gr\u00e9cia, de Chipre e da Alb\u00e2nia. Tamb\u00e9m estavam presentes representantes da Igreja de Roma, o \u00a0presidente do Pontif\u00edcio Conselho para a Promo\u00e7\u00e3o da Unidade dos Crist\u00e3os, Dom Kurt Koch; da Igreja Anglicana, da Igreja Arm\u00eania, da Comunidade Isl\u00e2mica da S\u00e9rvia, da Igreja Evang\u00e9lica Eslovaca e comunidades judaicas. A seguran\u00e7a da cerim\u00f4nia de entroniza\u00e7\u00e3o foi garantida gra\u00e7as ao refor\u00e7o militar e policial da Uni\u00e3o Europ\u00e9ia. [nggallery id=65]<\/p>\n<p style=\"text-align: right;\"><em>Fonte: <\/em><em><a href=\"http:\/\/www.romfea.gr\" target=\"_blank\">Romfea.gr<\/a><\/em><em><br \/>\n<\/em><em> Fotos: Igreja da S\u00e9rvia<\/em><\/p>\n","protected":false},"excerpt":{"rendered":"<p>O 45\u00ba Patriarca da S\u00e9rvia, Irineu (eleito em 22 de janeiro) foi entronizado oficialmente na manh\u00e3 de hoje, domingo, 03 de outubro \u00a0de 2010, em Kosovo, durante a Divina Liturgia celebrada na presen\u00e7a de milhares de fi\u00e9is, autoridades civis, militares&#8230;<\/p>\n","protected":false},"author":1,"featured_media":11700,"comment_status":"open","ping_status":"open","sticky":false,"template":"","format":"standard","meta":{"_acf_changed":false,"footnotes":""},"categories":[1],"tags":[],"class_list":["post-4998","post","type-post","status-publish","format-standard","has-post-thumbnail","hentry","category-news","entry","rows-excerpt"],"acf":[],"yoast_head":"<!-- This site is optimized with the Yoast SEO plugin v27.5 - https:\/\/yoast.com\/product\/yoast-seo-wordpress\/ -->\n<title>Patriarca Irineu da S\u00e9rvia \u00e9 entronizado oficialmente | ECCLESIA NEWS<\/title>\n<meta name=\"robots\" content=\"index, follow, max-snippet:-1, max-image-preview:large, max-video-preview:-1\" \/>\n<link rel=\"canonical\" href=\"https:\/\/news.ecclesia.org.br\/?p=4998\" \/>\n<meta property=\"og:locale\" content=\"pt_BR\" \/>\n<meta property=\"og:type\" content=\"article\" \/>\n<meta property=\"og:title\" content=\"Patriarca Irineu da S\u00e9rvia \u00e9 entronizado oficialmente | ECCLESIA NEWS\" \/>\n<meta property=\"og:description\" content=\"O 45\u00ba Patriarca da S\u00e9rvia, Irineu (eleito em 22 de janeiro) foi entronizado oficialmente na manh\u00e3 de hoje, domingo, 03 de outubro \u00a0de 2010, em Kosovo, durante a Divina Liturgia celebrada na presen\u00e7a de milhares de fi\u00e9is, autoridades civis, militares&#8230;\" \/>\n<meta property=\"og:url\" content=\"https:\/\/news.ecclesia.org.br\/?p=4998\" \/>\n<meta property=\"og:site_name\" content=\"ECCLESIA NEWS\" \/>\n<meta property=\"article:publisher\" content=\"https:\/\/www.facebook.com\/Ecclesia2025\" \/>\n<meta property=\"article:published_time\" content=\"2010-10-03T17:32:57+00:00\" \/>\n<meta property=\"article:modified_time\" content=\"2016-03-18T02:39:38+00:00\" \/>\n<meta property=\"og:image\" content=\"https:\/\/news.ecclesia.org.br\/wp-content\/uploads\/2010\/10\/patriarca-irineu.jpg\" \/>\n\t<meta property=\"og:image:width\" content=\"320\" \/>\n\t<meta property=\"og:image:height\" content=\"240\" \/>\n\t<meta property=\"og:image:type\" content=\"image\/jpeg\" \/>\n<meta name=\"author\" content=\"Pe. Andr\u00e9\" \/>\n<meta name=\"twitter:card\" content=\"summary_large_image\" \/>\n<meta name=\"twitter:creator\" content=\"@EcclesiaNews\" \/>\n<meta name=\"twitter:site\" content=\"@EcclesiaNews\" \/>\n<meta name=\"twitter:label1\" content=\"Escrito por\" \/>\n\t<meta name=\"twitter:data1\" content=\"Pe. Andr\u00e9\" \/>\n\t<meta name=\"twitter:label2\" content=\"Est. tempo de leitura\" \/>\n\t<meta name=\"twitter:data2\" content=\"2 minutos\" \/>\n<script type=\"application\/ld+json\" class=\"yoast-schema-graph\">{\"@context\":\"https:\\\/\\\/schema.org\",\"@graph\":[{\"@type\":\"Article\",\"@id\":\"https:\\\/\\\/news.ecclesia.org.br\\\/?p=4998#article\",\"isPartOf\":{\"@id\":\"https:\\\/\\\/news.ecclesia.org.br\\\/?p=4998\"},\"author\":{\"name\":\"Pe. Andr\u00e9\",\"@id\":\"https:\\\/\\\/news.ecclesia.org.br\\\/#\\\/schema\\\/person\\\/6f09597f025829745ba414a569f63758\"},\"headline\":\"Patriarca Irineu da S\u00e9rvia \u00e9 entronizado oficialmente\",\"datePublished\":\"2010-10-03T17:32:57+00:00\",\"dateModified\":\"2016-03-18T02:39:38+00:00\",\"mainEntityOfPage\":{\"@id\":\"https:\\\/\\\/news.ecclesia.org.br\\\/?p=4998\"},\"wordCount\":408,\"commentCount\":0,\"publisher\":{\"@id\":\"https:\\\/\\\/news.ecclesia.org.br\\\/#organization\"},\"image\":{\"@id\":\"https:\\\/\\\/news.ecclesia.org.br\\\/?p=4998#primaryimage\"},\"thumbnailUrl\":\"https:\\\/\\\/news.ecclesia.org.br\\\/wp-content\\\/uploads\\\/2010\\\/10\\\/patriarca-irineu.jpg\",\"articleSection\":[\"NEWS\"],\"inLanguage\":\"pt-BR\",\"potentialAction\":[{\"@type\":\"CommentAction\",\"name\":\"Comment\",\"target\":[\"https:\\\/\\\/news.ecclesia.org.br\\\/?p=4998#respond\"]}]},{\"@type\":\"WebPage\",\"@id\":\"https:\\\/\\\/news.ecclesia.org.br\\\/?p=4998\",\"url\":\"https:\\\/\\\/news.ecclesia.org.br\\\/?p=4998\",\"name\":\"Patriarca Irineu da S\u00e9rvia \u00e9 entronizado oficialmente | ECCLESIA NEWS\",\"isPartOf\":{\"@id\":\"https:\\\/\\\/news.ecclesia.org.br\\\/#website\"},\"primaryImageOfPage\":{\"@id\":\"https:\\\/\\\/news.ecclesia.org.br\\\/?p=4998#primaryimage\"},\"image\":{\"@id\":\"https:\\\/\\\/news.ecclesia.org.br\\\/?p=4998#primaryimage\"},\"thumbnailUrl\":\"https:\\\/\\\/news.ecclesia.org.br\\\/wp-content\\\/uploads\\\/2010\\\/10\\\/patriarca-irineu.jpg\",\"datePublished\":\"2010-10-03T17:32:57+00:00\",\"dateModified\":\"2016-03-18T02:39:38+00:00\",\"breadcrumb\":{\"@id\":\"https:\\\/\\\/news.ecclesia.org.br\\\/?p=4998#breadcrumb\"},\"inLanguage\":\"pt-BR\",\"potentialAction\":[{\"@type\":\"ReadAction\",\"target\":[\"https:\\\/\\\/news.ecclesia.org.br\\\/?p=4998\"]}]},{\"@type\":\"ImageObject\",\"inLanguage\":\"pt-BR\",\"@id\":\"https:\\\/\\\/news.ecclesia.org.br\\\/?p=4998#primaryimage\",\"url\":\"https:\\\/\\\/news.ecclesia.org.br\\\/wp-content\\\/uploads\\\/2010\\\/10\\\/patriarca-irineu.jpg\",\"contentUrl\":\"https:\\\/\\\/news.ecclesia.org.br\\\/wp-content\\\/uploads\\\/2010\\\/10\\\/patriarca-irineu.jpg\",\"width\":320,\"height\":240},{\"@type\":\"BreadcrumbList\",\"@id\":\"https:\\\/\\\/news.ecclesia.org.br\\\/?p=4998#breadcrumb\",\"itemListElement\":[{\"@type\":\"ListItem\",\"position\":1,\"name\":\"In\u00edcio\",\"item\":\"https:\\\/\\\/news.ecclesia.org.br\\\/\"},{\"@type\":\"ListItem\",\"position\":2,\"name\":\"Patriarca Irineu da S\u00e9rvia \u00e9 entronizado oficialmente\"}]},{\"@type\":\"WebSite\",\"@id\":\"https:\\\/\\\/news.ecclesia.org.br\\\/#website\",\"url\":\"https:\\\/\\\/news.ecclesia.org.br\\\/\",\"name\":\"Ecclesia Brasil\",\"description\":\"Desde 2003 onectando o Brasil ao mundo ortodoxo!\",\"publisher\":{\"@id\":\"https:\\\/\\\/news.ecclesia.org.br\\\/#organization\"},\"alternateName\":\"Ecclesia\",\"potentialAction\":[{\"@type\":\"SearchAction\",\"target\":{\"@type\":\"EntryPoint\",\"urlTemplate\":\"https:\\\/\\\/news.ecclesia.org.br\\\/?s={search_term_string}\"},\"query-input\":{\"@type\":\"PropertyValueSpecification\",\"valueRequired\":true,\"valueName\":\"search_term_string\"}}],\"inLanguage\":\"pt-BR\"},{\"@type\":\"Organization\",\"@id\":\"https:\\\/\\\/news.ecclesia.org.br\\\/#organization\",\"name\":\"Sacra Arquidiocese de Buenos Aires e Am\u00e9rica do Sul | Patriarcado Ecum\u00eanico\",\"alternateName\":\"News Ecclesia Brasil\",\"url\":\"https:\\\/\\\/news.ecclesia.org.br\\\/\",\"logo\":{\"@type\":\"ImageObject\",\"inLanguage\":\"pt-BR\",\"@id\":\"https:\\\/\\\/news.ecclesia.org.br\\\/#\\\/schema\\\/logo\\\/image\\\/\",\"url\":\"https:\\\/\\\/news.ecclesia.org.br\\\/wp-content\\\/uploads\\\/2025\\\/05\\\/ecclesia2.png\",\"contentUrl\":\"https:\\\/\\\/news.ecclesia.org.br\\\/wp-content\\\/uploads\\\/2025\\\/05\\\/ecclesia2.png\",\"width\":480,\"height\":120,\"caption\":\"Sacra Arquidiocese de Buenos Aires e Am\u00e9rica do Sul | Patriarcado Ecum\u00eanico\"},\"image\":{\"@id\":\"https:\\\/\\\/news.ecclesia.org.br\\\/#\\\/schema\\\/logo\\\/image\\\/\"},\"sameAs\":[\"https:\\\/\\\/www.facebook.com\\\/Ecclesia2025\",\"https:\\\/\\\/x.com\\\/EcclesiaNews\",\"https:\\\/\\\/br.pinterest.com\\\/ekklisia\\\/\",\"https:\\\/\\\/www.youtube.com\\\/@EcclesiaBrasil\"]},{\"@type\":\"Person\",\"@id\":\"https:\\\/\\\/news.ecclesia.org.br\\\/#\\\/schema\\\/person\\\/6f09597f025829745ba414a569f63758\",\"name\":\"Pe. Andr\u00e9\",\"image\":{\"@type\":\"ImageObject\",\"inLanguage\":\"pt-BR\",\"@id\":\"https:\\\/\\\/secure.gravatar.com\\\/avatar\\\/b4327cfa27e9799da239a26adcd534fc29cdc0c4a4a148eecbcfeb9b42c617ac?s=96&d=mm&r=g\",\"url\":\"https:\\\/\\\/secure.gravatar.com\\\/avatar\\\/b4327cfa27e9799da239a26adcd534fc29cdc0c4a4a148eecbcfeb9b42c617ac?s=96&d=mm&r=g\",\"contentUrl\":\"https:\\\/\\\/secure.gravatar.com\\\/avatar\\\/b4327cfa27e9799da239a26adcd534fc29cdc0c4a4a148eecbcfeb9b42c617ac?s=96&d=mm&r=g\",\"caption\":\"Pe. Andr\u00e9\"},\"sameAs\":[\"https:\\\/\\\/www.ecclesia.org.br\"]}]}<\/script>\n<!-- \/ Yoast SEO plugin. -->","yoast_head_json":{"title":"Patriarca Irineu da S\u00e9rvia \u00e9 entronizado oficialmente | ECCLESIA NEWS","robots":{"index":"index","follow":"follow","max-snippet":"max-snippet:-1","max-image-preview":"max-image-preview:large","max-video-preview":"max-video-preview:-1"},"canonical":"https:\/\/news.ecclesia.org.br\/?p=4998","og_locale":"pt_BR","og_type":"article","og_title":"Patriarca Irineu da S\u00e9rvia \u00e9 entronizado oficialmente | ECCLESIA NEWS","og_description":"O 45\u00ba Patriarca da S\u00e9rvia, Irineu (eleito em 22 de janeiro) foi entronizado oficialmente na manh\u00e3 de hoje, domingo, 03 de outubro \u00a0de 2010, em Kosovo, durante a Divina Liturgia celebrada na presen\u00e7a de milhares de fi\u00e9is, autoridades civis, militares&#8230;","og_url":"https:\/\/news.ecclesia.org.br\/?p=4998","og_site_name":"ECCLESIA NEWS","article_publisher":"https:\/\/www.facebook.com\/Ecclesia2025","article_published_time":"2010-10-03T17:32:57+00:00","article_modified_time":"2016-03-18T02:39:38+00:00","og_image":[{"width":320,"height":240,"url":"https:\/\/news.ecclesia.org.br\/wp-content\/uploads\/2010\/10\/patriarca-irineu.jpg","type":"image\/jpeg"}],"author":"Pe. Andr\u00e9","twitter_card":"summary_large_image","twitter_creator":"@EcclesiaNews","twitter_site":"@EcclesiaNews","twitter_misc":{"Escrito por":"Pe. Andr\u00e9","Est. tempo de leitura":"2 minutos"},"schema":{"@context":"https:\/\/schema.org","@graph":[{"@type":"Article","@id":"https:\/\/news.ecclesia.org.br\/?p=4998#article","isPartOf":{"@id":"https:\/\/news.ecclesia.org.br\/?p=4998"},"author":{"name":"Pe. Andr\u00e9","@id":"https:\/\/news.ecclesia.org.br\/#\/schema\/person\/6f09597f025829745ba414a569f63758"},"headline":"Patriarca Irineu da S\u00e9rvia \u00e9 entronizado oficialmente","datePublished":"2010-10-03T17:32:57+00:00","dateModified":"2016-03-18T02:39:38+00:00","mainEntityOfPage":{"@id":"https:\/\/news.ecclesia.org.br\/?p=4998"},"wordCount":408,"commentCount":0,"publisher":{"@id":"https:\/\/news.ecclesia.org.br\/#organization"},"image":{"@id":"https:\/\/news.ecclesia.org.br\/?p=4998#primaryimage"},"thumbnailUrl":"https:\/\/news.ecclesia.org.br\/wp-content\/uploads\/2010\/10\/patriarca-irineu.jpg","articleSection":["NEWS"],"inLanguage":"pt-BR","potentialAction":[{"@type":"CommentAction","name":"Comment","target":["https:\/\/news.ecclesia.org.br\/?p=4998#respond"]}]},{"@type":"WebPage","@id":"https:\/\/news.ecclesia.org.br\/?p=4998","url":"https:\/\/news.ecclesia.org.br\/?p=4998","name":"Patriarca Irineu da S\u00e9rvia \u00e9 entronizado oficialmente | ECCLESIA NEWS","isPartOf":{"@id":"https:\/\/news.ecclesia.org.br\/#website"},"primaryImageOfPage":{"@id":"https:\/\/news.ecclesia.org.br\/?p=4998#primaryimage"},"image":{"@id":"https:\/\/news.ecclesia.org.br\/?p=4998#primaryimage"},"thumbnailUrl":"https:\/\/news.ecclesia.org.br\/wp-content\/uploads\/2010\/10\/patriarca-irineu.jpg","datePublished":"2010-10-03T17:32:57+00:00","dateModified":"2016-03-18T02:39:38+00:00","breadcrumb":{"@id":"https:\/\/news.ecclesia.org.br\/?p=4998#breadcrumb"},"inLanguage":"pt-BR","potentialAction":[{"@type":"ReadAction","target":["https:\/\/news.ecclesia.org.br\/?p=4998"]}]},{"@type":"ImageObject","inLanguage":"pt-BR","@id":"https:\/\/news.ecclesia.org.br\/?p=4998#primaryimage","url":"https:\/\/news.ecclesia.org.br\/wp-content\/uploads\/2010\/10\/patriarca-irineu.jpg","contentUrl":"https:\/\/news.ecclesia.org.br\/wp-content\/uploads\/2010\/10\/patriarca-irineu.jpg","width":320,"height":240},{"@type":"BreadcrumbList","@id":"https:\/\/news.ecclesia.org.br\/?p=4998#breadcrumb","itemListElement":[{"@type":"ListItem","position":1,"name":"In\u00edcio","item":"https:\/\/news.ecclesia.org.br\/"},{"@type":"ListItem","position":2,"name":"Patriarca Irineu da S\u00e9rvia \u00e9 entronizado oficialmente"}]},{"@type":"WebSite","@id":"https:\/\/news.ecclesia.org.br\/#website","url":"https:\/\/news.ecclesia.org.br\/","name":"Ecclesia Brasil","description":"Desde 2003 onectando o Brasil ao mundo ortodoxo!","publisher":{"@id":"https:\/\/news.ecclesia.org.br\/#organization"},"alternateName":"Ecclesia","potentialAction":[{"@type":"SearchAction","target":{"@type":"EntryPoint","urlTemplate":"https:\/\/news.ecclesia.org.br\/?s={search_term_string}"},"query-input":{"@type":"PropertyValueSpecification","valueRequired":true,"valueName":"search_term_string"}}],"inLanguage":"pt-BR"},{"@type":"Organization","@id":"https:\/\/news.ecclesia.org.br\/#organization","name":"Sacra Arquidiocese de Buenos Aires e Am\u00e9rica do Sul | Patriarcado Ecum\u00eanico","alternateName":"News Ecclesia Brasil","url":"https:\/\/news.ecclesia.org.br\/","logo":{"@type":"ImageObject","inLanguage":"pt-BR","@id":"https:\/\/news.ecclesia.org.br\/#\/schema\/logo\/image\/","url":"https:\/\/news.ecclesia.org.br\/wp-content\/uploads\/2025\/05\/ecclesia2.png","contentUrl":"https:\/\/news.ecclesia.org.br\/wp-content\/uploads\/2025\/05\/ecclesia2.png","width":480,"height":120,"caption":"Sacra Arquidiocese de Buenos Aires e Am\u00e9rica do Sul | Patriarcado Ecum\u00eanico"},"image":{"@id":"https:\/\/news.ecclesia.org.br\/#\/schema\/logo\/image\/"},"sameAs":["https:\/\/www.facebook.com\/Ecclesia2025","https:\/\/x.com\/EcclesiaNews","https:\/\/br.pinterest.com\/ekklisia\/","https:\/\/www.youtube.com\/@EcclesiaBrasil"]},{"@type":"Person","@id":"https:\/\/news.ecclesia.org.br\/#\/schema\/person\/6f09597f025829745ba414a569f63758","name":"Pe. Andr\u00e9","image":{"@type":"ImageObject","inLanguage":"pt-BR","@id":"https:\/\/secure.gravatar.com\/avatar\/b4327cfa27e9799da239a26adcd534fc29cdc0c4a4a148eecbcfeb9b42c617ac?s=96&d=mm&r=g","url":"https:\/\/secure.gravatar.com\/avatar\/b4327cfa27e9799da239a26adcd534fc29cdc0c4a4a148eecbcfeb9b42c617ac?s=96&d=mm&r=g","contentUrl":"https:\/\/secure.gravatar.com\/avatar\/b4327cfa27e9799da239a26adcd534fc29cdc0c4a4a148eecbcfeb9b42c617ac?s=96&d=mm&r=g","caption":"Pe. Andr\u00e9"},"sameAs":["https:\/\/www.ecclesia.org.br"]}]}},"_links":{"self":[{"href":"https:\/\/news.ecclesia.org.br\/index.php?rest_route=\/wp\/v2\/posts\/4998","targetHints":{"allow":["GET"]}}],"collection":[{"href":"https:\/\/news.ecclesia.org.br\/index.php?rest_route=\/wp\/v2\/posts"}],"about":[{"href":"https:\/\/news.ecclesia.org.br\/index.php?rest_route=\/wp\/v2\/types\/post"}],"author":[{"embeddable":true,"href":"https:\/\/news.ecclesia.org.br\/index.php?rest_route=\/wp\/v2\/users\/1"}],"replies":[{"embeddable":true,"href":"https:\/\/news.ecclesia.org.br\/index.php?rest_route=%2Fwp%2Fv2%2Fcomments&post=4998"}],"version-history":[{"count":0,"href":"https:\/\/news.ecclesia.org.br\/index.php?rest_route=\/wp\/v2\/posts\/4998\/revisions"}],"wp:featuredmedia":[{"embeddable":true,"href":"https:\/\/news.ecclesia.org.br\/index.php?rest_route=\/wp\/v2\/media\/11700"}],"wp:attachment":[{"href":"https:\/\/news.ecclesia.org.br\/index.php?rest_route=%2Fwp%2Fv2%2Fmedia&parent=4998"}],"wp:term":[{"taxonomy":"category","embeddable":true,"href":"https:\/\/news.ecclesia.org.br\/index.php?rest_route=%2Fwp%2Fv2%2Fcategories&post=4998"},{"taxonomy":"post_tag","embeddable":true,"href":"https:\/\/news.ecclesia.org.br\/index.php?rest_route=%2Fwp%2Fv2%2Ftags&post=4998"}],"curies":[{"name":"wp","href":"https:\/\/api.w.org\/{rel}","templated":true}]}}