{"id":4973,"date":"2010-09-26T21:29:48","date_gmt":"2010-09-26T23:29:48","guid":{"rendered":"http:\/\/www.ecclesia.com.br\/news\/?p=4973"},"modified":"2016-03-18T02:30:40","modified_gmt":"2016-03-18T02:30:40","slug":"metropolita-zizoulas-e-arcebispo-koch-falam-do-encontro-em-viena","status":"publish","type":"post","link":"https:\/\/news.ecclesia.org.br\/?p=4973","title":{"rendered":"Metropolita Zizoulas e Arcebispo Koch falam do Encontro em Viena"},"content":{"rendered":"<p style=\"text-align: justify;\"><img fetchpriority=\"high\" decoding=\"async\" class=\"alignleft size-full wp-image-6223\" src=\"https:\/\/news.ecclesia.org.br\/2013\/wp-content\/uploads\/2010\/09\/arcebispo-ioannis-zizioulas.jpg\" alt=\"arcebispo-ioannis-zizioulas\" width=\"319\" height=\"230\" srcset=\"https:\/\/news.ecclesia.org.br\/wp-content\/uploads\/2010\/09\/arcebispo-ioannis-zizioulas.jpg 319w, https:\/\/news.ecclesia.org.br\/wp-content\/uploads\/2010\/09\/arcebispo-ioannis-zizioulas-300x216.jpg 300w, https:\/\/news.ecclesia.org.br\/wp-content\/uploads\/2010\/09\/arcebispo-ioannis-zizioulas-76x55.jpg 76w\" sizes=\"(max-width: 319px) 100vw, 319px\" \/>A Comiss\u00e3o Mista Internacional do Di\u00e1logo cat\u00f3lico-ortodoxo reunida em Viena &#8211; \u00c1ustria, de 20 a 27 de setembro, decidiu por um novo encontro num per\u00edodo de dois anos. Numa declara\u00e7\u00e3o concedida \u00e0 Imprensa na v\u00e9spera do encerramento do encontro, o metropolita Ioannes Zizoulas (Patriarcado Ecum\u00eanico) e o arcebispo\u00a0Kurt Koch (Igreja de Roma) afirmaram que \u00abn\u00e3o existe nuvens de desconfian\u00e7a entre as duas Igrejas, quando se fala em comunh\u00e3o. Assim, no in\u00edcio\u00a0 das reuni\u00f5es os representantes de cada Igreja se comprometeram a realizar os debates em clima de amizade e fraternidade, o que de fato se deu\u00a0 durante todo o encontro. E, a prosseguir assim, Deus permitir\u00e1 certamente que encontremos o modo certo para superar as dificuldades que ainda persistem, concedendo-nos, por sua vez, a comunh\u00e3o plena entre\u00a0 nossas Igrejas\u00bb.<\/p>\n<p style=\"text-align: justify;\">O recente nomeado arcebispo\u00a0Kurt\u00a0Koch respons\u00e1vel pelo Pontif\u00edcio Conselho da Unidade dos Crist\u00e3os, relembrou em seu depoimento a frase\u00a0 do falecido Papa Jo\u00e3o Paulo II: \u00aba Igreja deve voltar a respirar com os dois pulm\u00f5es\u00bb.\u00a0 o Arcebispo disse ainda que \u00abesta \u00e9 uma realidade j\u00e1\u00a0 experimentada no primeiro mil\u00eanio, quando se vivia a unidade na diversidade\u00bb, lembrando que o papa Bento XVI, quando ainda era cardeal, disse em sua famosa confer\u00eancia em Graz em 1976, que \u00abn\u00e3o se pode exigir da Igreja Ortodoxa mais do que se vivia durante o primeiro mil\u00eanio. \u00a0Assim, o principal foco dos debates se deu em torno de como nossas igrejas viveram\u00a0a unidade\u00a0no primeiro mil\u00eanio e como poderemos voltar a experiment\u00e1-la em nosso tempo. O estudo deste tema demanda paci\u00eancia. Eu sei que algumas pessoas podem ficar impacientes, mas a paci\u00eancia \u00e9 uma express\u00e3o de amor. As pessoas sabem, por experi\u00eancia pr\u00f3pria, o que significa quando duas pessoas, em um casamento, se desentendem. N\u00f3s j\u00e1 vivemos isso h\u00e1 quase mil anos; \u00e9 preciso paci\u00eancia para encontrar a solu\u00e7\u00e3o\u00bb. E prosseguiu afirmando que: \u00abEvidenciou-se que no primeiro mil\u00eanio foi reconhecido o papel especial que o bispo de Roma tinha em toda a Igreja, mas que ele decidia\u00a0 e agia s\u00f3 ap\u00f3s consulta aos outros bispos. E estes pontos foram discutidos, estudados e aprovados em Ravena, na It\u00e1lia (2007)\u00ab. Em Ravena, relembra Dom Koch, \u00aba Igreja russa\u00a0 estava ausente por raz\u00f5es que nada tinham a ver com o nosso di\u00e1logo. \u00a0No entanto, estes pontos decididos em Ravenna, na It\u00e1lia, foram retomados em outras ocasi\u00f5es com a presen\u00e7a e participa\u00e7\u00e3o de representantes da Igreja da R\u00fassia. Assim, quanto\u00a0 a isso, praticamente n\u00e3o h\u00e1 problema&#8230; Em geral, as id\u00e9ias b\u00e1sicas de Ravena s\u00e3o aceitas por todas as Igrejas Ortodoxas\u00bb, disse o metropolita Zizoulas.<\/p>\n<p style=\"text-align: justify;\">Perguntados sobre um poss\u00edvel modelo de comunh\u00e3o plena,\u00a0 ambos\u00a0 os\u00a0 arcebispos est\u00e3o de acordo com o fato de que na Igreja Cat\u00f3lica\u00a0a primazia do papa tem um forte peso, enquanto nas Igrejas Ortodoxas, o peso forte est\u00e1 na conciliaridade ou sinodalidade. Estas diferentes formas de organiza\u00e7\u00e3o devem enriquecer a Igreja e n\u00e3o ser motivo de separa\u00e7\u00f5es,\u00a0 acordaram os arcebispos Zizoulas e Koch. \u00a0\u00abO grande bem do ecumenismo \u00e9 a troca de experi\u00eancias. Agora, seguindo este pensamento, temos que\u00a0 achar o melhor modo de explicar\u00a0 ao outro como concebemos a unidade. Para a Igreja Cat\u00f3lica, \u00e9 claro, o m\u00f3dulo sem o bispo de Roma \u00e9 impens\u00e1vel. Isto porque a quest\u00e3o do bispo de Roma n\u00e3o \u00e9 apenas uma quest\u00e3o de organiza\u00e7\u00e3o, mas um conceito teol\u00f3gico. O debate sobre a forma como esta unidade deve ser formulada deve ser acordada com determina\u00e7\u00e3o. Unidade significa que n\u00f3s vemos uns aos outros como Igreja-irm\u00e3&#8230; Acho que o Papa tem o mesmo pensamento neste sentido, revela Dom Koch.<\/p>\n<p style=\"text-align: justify;\">Em seguida, o metropolita de P\u00e9rgamo, Dom Zizoulas, disse estar \u00abplenamente de acordo com o que o arcebispo Koch afirmara sobre o modelo de unidade que ocorrer\u00e1 no futuro. N\u00f3s n\u00e3o podemos\u00a0 pensar em um modelo padr\u00e3o predeterminado. Conv\u00e9m, no entanto, fortalecer nas Igrejas Ortodoxas o desejo de comunh\u00e3o universal\u00a0entre nossas Igrejas. E fortalecer ainda mais na Igreja Cat\u00f3lica a dimens\u00e3o da sinodalidade. Se essas duas coisas acontecerem, a unidade plena\u00a0 chegar\u00e1 a passos largos\u00bb. Observou ainda que: \u00ab\u00e9 claro que para chegarmos \u00e0 comunh\u00e3o plena \u00e9 preciso que estejamos \u00a0unidos na mesma f\u00e9; e isso n\u00e3o \u00e9 um problema, pois\u00a0 nossas Igrejas partilham em quase tudo a mesma f\u00e9, mesmo que inseridas em culturas diferentes\u00bb.<\/p>\n<p style=\"text-align: justify;\">Questionado por um rep\u00f3rter sobre um documento oficial deste encontro, como ocorreu em Ravena em 2007, Dom Koch respondeu: \u00abPenso que sim, mas o tempo dir\u00e1\u00bb.<\/p>\n<p style=\"text-align: right;\">Fonte: Romfea.gr<\/p>\n<p style=\"text-align: justify;\">\n","protected":false},"excerpt":{"rendered":"<p>A Comiss\u00e3o Mista Internacional do Di\u00e1logo cat\u00f3lico-ortodoxo reunida em Viena &#8211; \u00c1ustria, de 20 a 27 de setembro, decidiu por um novo encontro num per\u00edodo de dois anos. Numa declara\u00e7\u00e3o concedida \u00e0 Imprensa na v\u00e9spera do encerramento do encontro, o&#8230;<\/p>\n","protected":false},"author":1,"featured_media":6223,"comment_status":"open","ping_status":"open","sticky":false,"template":"","format":"standard","meta":{"_acf_changed":false,"footnotes":""},"categories":[1],"tags":[],"class_list":["post-4973","post","type-post","status-publish","format-standard","has-post-thumbnail","hentry","category-news","entry","rows-excerpt"],"acf":[],"yoast_head":"<!-- This site is optimized with the Yoast SEO plugin v27.5 - https:\/\/yoast.com\/product\/yoast-seo-wordpress\/ -->\n<title>Metropolita Zizoulas e Arcebispo Koch falam do Encontro em Viena | ECCLESIA NEWS<\/title>\n<meta name=\"robots\" content=\"index, follow, max-snippet:-1, max-image-preview:large, max-video-preview:-1\" \/>\n<link rel=\"canonical\" href=\"https:\/\/news.ecclesia.org.br\/?p=4973\" \/>\n<meta property=\"og:locale\" content=\"pt_BR\" \/>\n<meta property=\"og:type\" content=\"article\" \/>\n<meta property=\"og:title\" content=\"Metropolita Zizoulas e Arcebispo Koch falam do Encontro em Viena | ECCLESIA NEWS\" \/>\n<meta property=\"og:description\" content=\"A Comiss\u00e3o Mista Internacional do Di\u00e1logo cat\u00f3lico-ortodoxo reunida em Viena &#8211; \u00c1ustria, de 20 a 27 de setembro, decidiu por um novo encontro num per\u00edodo de dois anos. Numa declara\u00e7\u00e3o concedida \u00e0 Imprensa na v\u00e9spera do encerramento do encontro, o&#8230;\" \/>\n<meta property=\"og:url\" content=\"https:\/\/news.ecclesia.org.br\/?p=4973\" \/>\n<meta property=\"og:site_name\" content=\"ECCLESIA NEWS\" \/>\n<meta property=\"article:publisher\" content=\"https:\/\/www.facebook.com\/Ecclesia2025\" \/>\n<meta property=\"article:published_time\" content=\"2010-09-26T23:29:48+00:00\" \/>\n<meta property=\"article:modified_time\" content=\"2016-03-18T02:30:40+00:00\" \/>\n<meta property=\"og:image\" content=\"https:\/\/news.ecclesia.org.br\/wp-content\/uploads\/2010\/09\/arcebispo-ioannis-zizioulas.jpg\" \/>\n\t<meta property=\"og:image:width\" content=\"319\" \/>\n\t<meta property=\"og:image:height\" content=\"230\" \/>\n\t<meta property=\"og:image:type\" content=\"image\/jpeg\" \/>\n<meta name=\"author\" content=\"Pe. Andr\u00e9\" \/>\n<meta name=\"twitter:card\" content=\"summary_large_image\" \/>\n<meta name=\"twitter:creator\" content=\"@EcclesiaNews\" \/>\n<meta name=\"twitter:site\" content=\"@EcclesiaNews\" \/>\n<meta name=\"twitter:label1\" content=\"Escrito por\" \/>\n\t<meta name=\"twitter:data1\" content=\"Pe. Andr\u00e9\" \/>\n\t<meta name=\"twitter:label2\" content=\"Est. tempo de leitura\" \/>\n\t<meta name=\"twitter:data2\" content=\"4 minutos\" \/>\n<script type=\"application\/ld+json\" class=\"yoast-schema-graph\">{\"@context\":\"https:\\\/\\\/schema.org\",\"@graph\":[{\"@type\":\"Article\",\"@id\":\"https:\\\/\\\/news.ecclesia.org.br\\\/?p=4973#article\",\"isPartOf\":{\"@id\":\"https:\\\/\\\/news.ecclesia.org.br\\\/?p=4973\"},\"author\":{\"name\":\"Pe. Andr\u00e9\",\"@id\":\"https:\\\/\\\/news.ecclesia.org.br\\\/#\\\/schema\\\/person\\\/6f09597f025829745ba414a569f63758\"},\"headline\":\"Metropolita Zizoulas e Arcebispo Koch falam do Encontro em Viena\",\"datePublished\":\"2010-09-26T23:29:48+00:00\",\"dateModified\":\"2016-03-18T02:30:40+00:00\",\"mainEntityOfPage\":{\"@id\":\"https:\\\/\\\/news.ecclesia.org.br\\\/?p=4973\"},\"wordCount\":805,\"commentCount\":0,\"publisher\":{\"@id\":\"https:\\\/\\\/news.ecclesia.org.br\\\/#organization\"},\"image\":{\"@id\":\"https:\\\/\\\/news.ecclesia.org.br\\\/?p=4973#primaryimage\"},\"thumbnailUrl\":\"https:\\\/\\\/news.ecclesia.org.br\\\/wp-content\\\/uploads\\\/2010\\\/09\\\/arcebispo-ioannis-zizioulas.jpg\",\"articleSection\":[\"NEWS\"],\"inLanguage\":\"pt-BR\",\"potentialAction\":[{\"@type\":\"CommentAction\",\"name\":\"Comment\",\"target\":[\"https:\\\/\\\/news.ecclesia.org.br\\\/?p=4973#respond\"]}]},{\"@type\":\"WebPage\",\"@id\":\"https:\\\/\\\/news.ecclesia.org.br\\\/?p=4973\",\"url\":\"https:\\\/\\\/news.ecclesia.org.br\\\/?p=4973\",\"name\":\"Metropolita Zizoulas e Arcebispo Koch falam do Encontro em Viena | ECCLESIA NEWS\",\"isPartOf\":{\"@id\":\"https:\\\/\\\/news.ecclesia.org.br\\\/#website\"},\"primaryImageOfPage\":{\"@id\":\"https:\\\/\\\/news.ecclesia.org.br\\\/?p=4973#primaryimage\"},\"image\":{\"@id\":\"https:\\\/\\\/news.ecclesia.org.br\\\/?p=4973#primaryimage\"},\"thumbnailUrl\":\"https:\\\/\\\/news.ecclesia.org.br\\\/wp-content\\\/uploads\\\/2010\\\/09\\\/arcebispo-ioannis-zizioulas.jpg\",\"datePublished\":\"2010-09-26T23:29:48+00:00\",\"dateModified\":\"2016-03-18T02:30:40+00:00\",\"breadcrumb\":{\"@id\":\"https:\\\/\\\/news.ecclesia.org.br\\\/?p=4973#breadcrumb\"},\"inLanguage\":\"pt-BR\",\"potentialAction\":[{\"@type\":\"ReadAction\",\"target\":[\"https:\\\/\\\/news.ecclesia.org.br\\\/?p=4973\"]}]},{\"@type\":\"ImageObject\",\"inLanguage\":\"pt-BR\",\"@id\":\"https:\\\/\\\/news.ecclesia.org.br\\\/?p=4973#primaryimage\",\"url\":\"https:\\\/\\\/news.ecclesia.org.br\\\/wp-content\\\/uploads\\\/2010\\\/09\\\/arcebispo-ioannis-zizioulas.jpg\",\"contentUrl\":\"https:\\\/\\\/news.ecclesia.org.br\\\/wp-content\\\/uploads\\\/2010\\\/09\\\/arcebispo-ioannis-zizioulas.jpg\",\"width\":319,\"height\":230},{\"@type\":\"BreadcrumbList\",\"@id\":\"https:\\\/\\\/news.ecclesia.org.br\\\/?p=4973#breadcrumb\",\"itemListElement\":[{\"@type\":\"ListItem\",\"position\":1,\"name\":\"In\u00edcio\",\"item\":\"https:\\\/\\\/news.ecclesia.org.br\\\/\"},{\"@type\":\"ListItem\",\"position\":2,\"name\":\"Metropolita Zizoulas e Arcebispo Koch falam do Encontro em Viena\"}]},{\"@type\":\"WebSite\",\"@id\":\"https:\\\/\\\/news.ecclesia.org.br\\\/#website\",\"url\":\"https:\\\/\\\/news.ecclesia.org.br\\\/\",\"name\":\"Ecclesia Brasil\",\"description\":\"Desde 2003 onectando o Brasil ao mundo ortodoxo!\",\"publisher\":{\"@id\":\"https:\\\/\\\/news.ecclesia.org.br\\\/#organization\"},\"alternateName\":\"Ecclesia\",\"potentialAction\":[{\"@type\":\"SearchAction\",\"target\":{\"@type\":\"EntryPoint\",\"urlTemplate\":\"https:\\\/\\\/news.ecclesia.org.br\\\/?s={search_term_string}\"},\"query-input\":{\"@type\":\"PropertyValueSpecification\",\"valueRequired\":true,\"valueName\":\"search_term_string\"}}],\"inLanguage\":\"pt-BR\"},{\"@type\":\"Organization\",\"@id\":\"https:\\\/\\\/news.ecclesia.org.br\\\/#organization\",\"name\":\"Sacra Arquidiocese de Buenos Aires e Am\u00e9rica do Sul | Patriarcado Ecum\u00eanico\",\"alternateName\":\"News Ecclesia Brasil\",\"url\":\"https:\\\/\\\/news.ecclesia.org.br\\\/\",\"logo\":{\"@type\":\"ImageObject\",\"inLanguage\":\"pt-BR\",\"@id\":\"https:\\\/\\\/news.ecclesia.org.br\\\/#\\\/schema\\\/logo\\\/image\\\/\",\"url\":\"https:\\\/\\\/news.ecclesia.org.br\\\/wp-content\\\/uploads\\\/2025\\\/05\\\/ecclesia2.png\",\"contentUrl\":\"https:\\\/\\\/news.ecclesia.org.br\\\/wp-content\\\/uploads\\\/2025\\\/05\\\/ecclesia2.png\",\"width\":480,\"height\":120,\"caption\":\"Sacra Arquidiocese de Buenos Aires e Am\u00e9rica do Sul | Patriarcado Ecum\u00eanico\"},\"image\":{\"@id\":\"https:\\\/\\\/news.ecclesia.org.br\\\/#\\\/schema\\\/logo\\\/image\\\/\"},\"sameAs\":[\"https:\\\/\\\/www.facebook.com\\\/Ecclesia2025\",\"https:\\\/\\\/x.com\\\/EcclesiaNews\",\"https:\\\/\\\/br.pinterest.com\\\/ekklisia\\\/\",\"https:\\\/\\\/www.youtube.com\\\/@EcclesiaBrasil\"]},{\"@type\":\"Person\",\"@id\":\"https:\\\/\\\/news.ecclesia.org.br\\\/#\\\/schema\\\/person\\\/6f09597f025829745ba414a569f63758\",\"name\":\"Pe. Andr\u00e9\",\"image\":{\"@type\":\"ImageObject\",\"inLanguage\":\"pt-BR\",\"@id\":\"https:\\\/\\\/secure.gravatar.com\\\/avatar\\\/b4327cfa27e9799da239a26adcd534fc29cdc0c4a4a148eecbcfeb9b42c617ac?s=96&d=mm&r=g\",\"url\":\"https:\\\/\\\/secure.gravatar.com\\\/avatar\\\/b4327cfa27e9799da239a26adcd534fc29cdc0c4a4a148eecbcfeb9b42c617ac?s=96&d=mm&r=g\",\"contentUrl\":\"https:\\\/\\\/secure.gravatar.com\\\/avatar\\\/b4327cfa27e9799da239a26adcd534fc29cdc0c4a4a148eecbcfeb9b42c617ac?s=96&d=mm&r=g\",\"caption\":\"Pe. Andr\u00e9\"},\"sameAs\":[\"https:\\\/\\\/www.ecclesia.org.br\"]}]}<\/script>\n<!-- \/ Yoast SEO plugin. -->","yoast_head_json":{"title":"Metropolita Zizoulas e Arcebispo Koch falam do Encontro em Viena | ECCLESIA NEWS","robots":{"index":"index","follow":"follow","max-snippet":"max-snippet:-1","max-image-preview":"max-image-preview:large","max-video-preview":"max-video-preview:-1"},"canonical":"https:\/\/news.ecclesia.org.br\/?p=4973","og_locale":"pt_BR","og_type":"article","og_title":"Metropolita Zizoulas e Arcebispo Koch falam do Encontro em Viena | ECCLESIA NEWS","og_description":"A Comiss\u00e3o Mista Internacional do Di\u00e1logo cat\u00f3lico-ortodoxo reunida em Viena &#8211; \u00c1ustria, de 20 a 27 de setembro, decidiu por um novo encontro num per\u00edodo de dois anos. Numa declara\u00e7\u00e3o concedida \u00e0 Imprensa na v\u00e9spera do encerramento do encontro, o&#8230;","og_url":"https:\/\/news.ecclesia.org.br\/?p=4973","og_site_name":"ECCLESIA NEWS","article_publisher":"https:\/\/www.facebook.com\/Ecclesia2025","article_published_time":"2010-09-26T23:29:48+00:00","article_modified_time":"2016-03-18T02:30:40+00:00","og_image":[{"width":319,"height":230,"url":"https:\/\/news.ecclesia.org.br\/wp-content\/uploads\/2010\/09\/arcebispo-ioannis-zizioulas.jpg","type":"image\/jpeg"}],"author":"Pe. Andr\u00e9","twitter_card":"summary_large_image","twitter_creator":"@EcclesiaNews","twitter_site":"@EcclesiaNews","twitter_misc":{"Escrito por":"Pe. Andr\u00e9","Est. tempo de leitura":"4 minutos"},"schema":{"@context":"https:\/\/schema.org","@graph":[{"@type":"Article","@id":"https:\/\/news.ecclesia.org.br\/?p=4973#article","isPartOf":{"@id":"https:\/\/news.ecclesia.org.br\/?p=4973"},"author":{"name":"Pe. Andr\u00e9","@id":"https:\/\/news.ecclesia.org.br\/#\/schema\/person\/6f09597f025829745ba414a569f63758"},"headline":"Metropolita Zizoulas e Arcebispo Koch falam do Encontro em Viena","datePublished":"2010-09-26T23:29:48+00:00","dateModified":"2016-03-18T02:30:40+00:00","mainEntityOfPage":{"@id":"https:\/\/news.ecclesia.org.br\/?p=4973"},"wordCount":805,"commentCount":0,"publisher":{"@id":"https:\/\/news.ecclesia.org.br\/#organization"},"image":{"@id":"https:\/\/news.ecclesia.org.br\/?p=4973#primaryimage"},"thumbnailUrl":"https:\/\/news.ecclesia.org.br\/wp-content\/uploads\/2010\/09\/arcebispo-ioannis-zizioulas.jpg","articleSection":["NEWS"],"inLanguage":"pt-BR","potentialAction":[{"@type":"CommentAction","name":"Comment","target":["https:\/\/news.ecclesia.org.br\/?p=4973#respond"]}]},{"@type":"WebPage","@id":"https:\/\/news.ecclesia.org.br\/?p=4973","url":"https:\/\/news.ecclesia.org.br\/?p=4973","name":"Metropolita Zizoulas e Arcebispo Koch falam do Encontro em Viena | ECCLESIA NEWS","isPartOf":{"@id":"https:\/\/news.ecclesia.org.br\/#website"},"primaryImageOfPage":{"@id":"https:\/\/news.ecclesia.org.br\/?p=4973#primaryimage"},"image":{"@id":"https:\/\/news.ecclesia.org.br\/?p=4973#primaryimage"},"thumbnailUrl":"https:\/\/news.ecclesia.org.br\/wp-content\/uploads\/2010\/09\/arcebispo-ioannis-zizioulas.jpg","datePublished":"2010-09-26T23:29:48+00:00","dateModified":"2016-03-18T02:30:40+00:00","breadcrumb":{"@id":"https:\/\/news.ecclesia.org.br\/?p=4973#breadcrumb"},"inLanguage":"pt-BR","potentialAction":[{"@type":"ReadAction","target":["https:\/\/news.ecclesia.org.br\/?p=4973"]}]},{"@type":"ImageObject","inLanguage":"pt-BR","@id":"https:\/\/news.ecclesia.org.br\/?p=4973#primaryimage","url":"https:\/\/news.ecclesia.org.br\/wp-content\/uploads\/2010\/09\/arcebispo-ioannis-zizioulas.jpg","contentUrl":"https:\/\/news.ecclesia.org.br\/wp-content\/uploads\/2010\/09\/arcebispo-ioannis-zizioulas.jpg","width":319,"height":230},{"@type":"BreadcrumbList","@id":"https:\/\/news.ecclesia.org.br\/?p=4973#breadcrumb","itemListElement":[{"@type":"ListItem","position":1,"name":"In\u00edcio","item":"https:\/\/news.ecclesia.org.br\/"},{"@type":"ListItem","position":2,"name":"Metropolita Zizoulas e Arcebispo Koch falam do Encontro em Viena"}]},{"@type":"WebSite","@id":"https:\/\/news.ecclesia.org.br\/#website","url":"https:\/\/news.ecclesia.org.br\/","name":"Ecclesia Brasil","description":"Desde 2003 onectando o Brasil ao mundo ortodoxo!","publisher":{"@id":"https:\/\/news.ecclesia.org.br\/#organization"},"alternateName":"Ecclesia","potentialAction":[{"@type":"SearchAction","target":{"@type":"EntryPoint","urlTemplate":"https:\/\/news.ecclesia.org.br\/?s={search_term_string}"},"query-input":{"@type":"PropertyValueSpecification","valueRequired":true,"valueName":"search_term_string"}}],"inLanguage":"pt-BR"},{"@type":"Organization","@id":"https:\/\/news.ecclesia.org.br\/#organization","name":"Sacra Arquidiocese de Buenos Aires e Am\u00e9rica do Sul | Patriarcado Ecum\u00eanico","alternateName":"News Ecclesia Brasil","url":"https:\/\/news.ecclesia.org.br\/","logo":{"@type":"ImageObject","inLanguage":"pt-BR","@id":"https:\/\/news.ecclesia.org.br\/#\/schema\/logo\/image\/","url":"https:\/\/news.ecclesia.org.br\/wp-content\/uploads\/2025\/05\/ecclesia2.png","contentUrl":"https:\/\/news.ecclesia.org.br\/wp-content\/uploads\/2025\/05\/ecclesia2.png","width":480,"height":120,"caption":"Sacra Arquidiocese de Buenos Aires e Am\u00e9rica do Sul | Patriarcado Ecum\u00eanico"},"image":{"@id":"https:\/\/news.ecclesia.org.br\/#\/schema\/logo\/image\/"},"sameAs":["https:\/\/www.facebook.com\/Ecclesia2025","https:\/\/x.com\/EcclesiaNews","https:\/\/br.pinterest.com\/ekklisia\/","https:\/\/www.youtube.com\/@EcclesiaBrasil"]},{"@type":"Person","@id":"https:\/\/news.ecclesia.org.br\/#\/schema\/person\/6f09597f025829745ba414a569f63758","name":"Pe. Andr\u00e9","image":{"@type":"ImageObject","inLanguage":"pt-BR","@id":"https:\/\/secure.gravatar.com\/avatar\/b4327cfa27e9799da239a26adcd534fc29cdc0c4a4a148eecbcfeb9b42c617ac?s=96&d=mm&r=g","url":"https:\/\/secure.gravatar.com\/avatar\/b4327cfa27e9799da239a26adcd534fc29cdc0c4a4a148eecbcfeb9b42c617ac?s=96&d=mm&r=g","contentUrl":"https:\/\/secure.gravatar.com\/avatar\/b4327cfa27e9799da239a26adcd534fc29cdc0c4a4a148eecbcfeb9b42c617ac?s=96&d=mm&r=g","caption":"Pe. Andr\u00e9"},"sameAs":["https:\/\/www.ecclesia.org.br"]}]}},"_links":{"self":[{"href":"https:\/\/news.ecclesia.org.br\/index.php?rest_route=\/wp\/v2\/posts\/4973","targetHints":{"allow":["GET"]}}],"collection":[{"href":"https:\/\/news.ecclesia.org.br\/index.php?rest_route=\/wp\/v2\/posts"}],"about":[{"href":"https:\/\/news.ecclesia.org.br\/index.php?rest_route=\/wp\/v2\/types\/post"}],"author":[{"embeddable":true,"href":"https:\/\/news.ecclesia.org.br\/index.php?rest_route=\/wp\/v2\/users\/1"}],"replies":[{"embeddable":true,"href":"https:\/\/news.ecclesia.org.br\/index.php?rest_route=%2Fwp%2Fv2%2Fcomments&post=4973"}],"version-history":[{"count":0,"href":"https:\/\/news.ecclesia.org.br\/index.php?rest_route=\/wp\/v2\/posts\/4973\/revisions"}],"wp:featuredmedia":[{"embeddable":true,"href":"https:\/\/news.ecclesia.org.br\/index.php?rest_route=\/wp\/v2\/media\/6223"}],"wp:attachment":[{"href":"https:\/\/news.ecclesia.org.br\/index.php?rest_route=%2Fwp%2Fv2%2Fmedia&parent=4973"}],"wp:term":[{"taxonomy":"category","embeddable":true,"href":"https:\/\/news.ecclesia.org.br\/index.php?rest_route=%2Fwp%2Fv2%2Fcategories&post=4973"},{"taxonomy":"post_tag","embeddable":true,"href":"https:\/\/news.ecclesia.org.br\/index.php?rest_route=%2Fwp%2Fv2%2Ftags&post=4973"}],"curies":[{"name":"wp","href":"https:\/\/api.w.org\/{rel}","templated":true}]}}