{"id":49714,"date":"2025-01-28T19:12:59","date_gmt":"2025-01-28T22:12:59","guid":{"rendered":"https:\/\/news.ecclesia.org.br\/?p=49714"},"modified":"2025-01-28T19:27:51","modified_gmt":"2025-01-28T22:27:51","slug":"a-festa-da-apresentacao-do-senhor-no-templo","status":"publish","type":"post","link":"https:\/\/news.ecclesia.org.br\/?p=49714","title":{"rendered":"2 de Fevereiro: A Festa da \u00abApresenta\u00e7\u00e3o do Senhor no Templo\u00bb"},"content":{"rendered":"\n<p>A Festa da Apresenta\u00e7\u00e3o no Templo de Nosso Senhor Deus e Salvador, Jesus Cristo, celebra um momento profundamente significativo na vida de Jesus e na hist\u00f3ria da salva\u00e7\u00e3o. Quarenta dias ap\u00f3s o Seu nascimento, conforme prescrito na Lei de Israel, o Menino Jesus foi levado ao Templo para ser consagrado ao Senhor. Este ato simboliza a obedi\u00eancia \u00e0 vontade de Deus e a integra\u00e7\u00e3o na cultura do Seu povo. A apresenta\u00e7\u00e3o do Primog\u00eanito era acompanhada pela oferta sacrificial de um par de rolas ou pombinhos, uma oferenda acess\u00edvel aos pobres, destacando a humildade da Sagrada Fam\u00edlia.<\/p>\n\n\n\n<p>Maria, a Virgem M\u00e3e, embora isenta da necessidade de purifica\u00e7\u00e3o por sua pureza e santidade, cumpriu o ritual com humildade, levando o Primog\u00eanito de Deus ao Templo. Como observa S\u00e3o Bas\u00edlio, Maria \u00e9 o verdadeiro Templo Sant\u00edssimo de Deus vivo, e sua obedi\u00eancia ao ritual reflete sua total entrega \u00e0 vontade divina.<\/p>\n\n\n\n<h2 class=\"wp-block-heading\">A Festa da Candel\u00e1ria e o Encontro com Sime\u00e3o<\/h2>\n\n\n\n<p>Esta festa tamb\u00e9m \u00e9 conhecida como a <strong>Festa da Candel\u00e1ria<\/strong>, devido \u00e0 tradicional prociss\u00e3o de velas, especialmente nas Igrejas de Jerusal\u00e9m e nas de tradi\u00e7\u00e3o eslava. O rito das velas remete \u00e0s palavras de Sime\u00e3o, que reconheceu no Menino Jesus a <strong>Luz que ilumina as na\u00e7\u00f5es e a gl\u00f3ria de Israel<\/strong>. S\u00e3o Cirilo de Alexandria exortava os fi\u00e9is a celebrar este mist\u00e9rio com l\u00e2mpadas flamejantes, pois Jesus \u00e9 a Luz do mundo, que dissipa as trevas e ilumina os cora\u00e7\u00f5es com a Sua gra\u00e7a eterna.<\/p>\n\n\n\n<p>A Festa da Apresenta\u00e7\u00e3o tamb\u00e9m \u00e9 chamada de <strong>Festa do Encontro<\/strong> ou <strong>Hypap\u00e1nt\u00ea<\/strong>, destacando o encontro entre o velho Sime\u00e3o e o Menino Jesus. Este momento representa a reconcilia\u00e7\u00e3o da humanidade com a Divindade, as bodas entre Deus e o Seu povo. Movido pelo Esp\u00edrito Santo, Sime\u00e3o veio ao Templo e, ao tomar o Menino em seus bra\u00e7os, proclamou:<\/p>\n\n\n\n<blockquote class=\"wp-block-quote is-layout-flow wp-block-quote-is-layout-flow\">\n<p><em>\u00abAgora, Senhor,<br>deixa teu servo ir em paz, segundo a tua palavra,\u00a0<br>porque meus olhos viram a salva\u00e7\u00e3o\u00a0<br>que preparaste diante de todos os povos,\u00a0<br>luz para iluminar as na\u00e7\u00f5es\u00a0<br>e gl\u00f3ria do teu povo, Israel.\u00bb\u00a0 *(Lc 2, 29-33)<\/em><\/p>\n\n\n\n<p><\/p>\n<\/blockquote>\n\n\n\n<p>Neste encontro, Sime\u00e3o apresenta Cristo ao mundo como o <strong>Sacramento do encontro e da reconcilia\u00e7\u00e3o com Deus<\/strong>. A media\u00e7\u00e3o da humanidade de Jesus \u00e9 essencial para este mist\u00e9rio, que d\u00e1 nova dimens\u00e3o \u00e0 f\u00e9 e nos convida a encontrar Deus na pessoa divino-humana de Cristo.<\/p>\n\n\n\n<h2 class=\"wp-block-heading\">O Encontro entre o Antigo e o Novo Testamento<\/h2>\n\n\n\n<p>O encontro entre Sime\u00e3o e Jesus simboliza a converg\u00eancia entre o Antigo e o Novo Testamento. Como afirma S\u00e3o Clemente de Alexandria, o Menino Jesus \u00e9 o ponto de chegada para aqueles que esperavam o Messias e o ponto de partida para os que vivem a plenitude dos tempos, onde o Reino de Deus se faz presente entre os homens. A idade avan\u00e7ada de Sime\u00e3o reflete a longa espera do povo hebreu, enquanto o Menino representa a novidade da promessa cumprida. Durante a festa, canta-se: <strong>\u00abO velho Sime\u00e3o leva o Menino, mas o Menino \u00e9 quem o conduz.\u00bb<\/strong><\/p>\n\n\n\n<figure class=\"wp-block-image size-large\"><img decoding=\"async\" src=\"https:\/\/ecclesia.org.br\/byblos\/wp-content\/uploads\/2024\/01\/apresentacao2-1200x500.jpg\" alt=\"\"\/><\/figure>\n\n\n\n<h2 class=\"wp-block-heading\">O \u00cdcone da Festa e seu Significado Profundo<\/h2>\n\n\n\n<p>Ao contemplar o \u00edcone da festa, observamos a centralidade do Menino Jesus, apresentado como Senhor e Redentor. Seu rosto est\u00e1 voltado para Sime\u00e3o, que O recebe com rever\u00eancia, formando um recept\u00e1culo que acolhe o Rei de Israel. Sime\u00e3o, de p\u00e9 sobre um estrado, simboliza sua dignidade sacerdotal, enquanto suas m\u00e3os cobertas formam um pequeno trono para o Menino. A profetisa Ana, ao fundo, aponta para Jesus, reconhecendo-O como o Salvador esperado.<\/p>\n\n\n\n<p>Maria, ligeiramente inclinada, eleva as m\u00e3os em gesto de oferenda. Nota-se que o Menino n\u00e3o est\u00e1 em seus bra\u00e7os, uma dist\u00e2ncia iconogr\u00e1fica que tamb\u00e9m aparece na cena de Bel\u00e9m. S\u00e3o Jo\u00e3o Cris\u00f3logo explica que os bra\u00e7os da M\u00e3e, outrora Trono do Salvador, agora oferecem o mais precioso dos dons ao Alt\u00edssimo, enquanto o Cordeiro se entrega \u00e0 Antiga Lei como obediente servo de Deus.<\/p>\n\n\n\n<h2 class=\"wp-block-heading\">As Bodas entre Deus e a Humanidade<\/h2>\n\n\n\n<p>A disposi\u00e7\u00e3o das figuras no \u00edcone acentua a relev\u00e2ncia do encontro. O Templo central indica o local do evento, enquanto os edif\u00edcios laterais, unidos por um v\u00e9u vermelho, simbolizam as bodas entre Deus e a humanidade, realizadas com a vinda do Salvador. Como proclama o Canto de Prociss\u00e3o da Candel\u00e1ria:<\/p>\n\n\n\n<blockquote class=\"wp-block-quote is-layout-flow wp-block-quote-is-layout-flow\">\n<p><em>\u00abSi\u00e3o, adorna tua c\u00e2mara nupcial e recebe o Cristo Rei.\u00a0<br>Acolhe com amor a Maria, Porta do C\u00e9u,\u00a0<br>pois ela tem em seus bra\u00e7os o Rei da gl\u00f3ria,\u00a0<br>luz nova que resplandece.\u00a0<br>A Virgem avan\u00e7a, apresentando a seu Filho,\u00a0<br>engendrado antes da Aurora.\u00a0<br>Sime\u00e3o O recebe em seus bra\u00e7os\u00a0<br>e anuncia ao povo que \u00e9 o Senhor da vida e da morte,\u00a0<br>o Salvador do Mundo.\u00bb<\/em><\/p>\n<\/blockquote>\n\n\n\n<h2 class=\"wp-block-heading\">A Filia\u00e7\u00e3o Divina e a Alegria da Salva\u00e7\u00e3o<\/h2>\n\n\n\n<p>Ao receber o Filho de Deus em seus bra\u00e7os, Sime\u00e3o certificou-se de que a humanidade receberia a filia\u00e7\u00e3o divina e a salva\u00e7\u00e3o. Como afirma S\u00e3o Paulo, somos agraciados com o t\u00edtulo de filhos no Filho, podendo chamar a Deus de Pai (Gl 4,4-7; Ef 1,5; 2,18). Nesta festa, somos convidados a nos apresentar ao Senhor, renovados pela luz do Esp\u00edrito Santo, para que Ele realize em n\u00f3s a obra da Sua miseric\u00f3rdia, assim como fez com Sime\u00e3o. Que possamos, como ele, ter n\u00e3o apenas nos bra\u00e7os, mas em nossos cora\u00e7\u00f5es, o pr\u00f3prio Cristo, o P\u00e3o Vivo que desceu do C\u00e9u.<\/p>\n\n\n\n<h2 class=\"wp-block-heading\">Refer\u00eancias Bibliogr\u00e1ficas:&nbsp;<\/h2>\n\n\n\n<ol class=\"wp-block-list\">\n<li>WEITZMANN, Kurt. *Revista Fuentes: &#8220;Las Doce Fiestas&#8221;*, Anu\u00e1rio 1994.&nbsp;<\/li>\n\n\n\n<li>GOMES, C. Folch. *Antologia dos Santos Padres*. S\u00e3o Paulo: Ed. Paulinas, 3\u00aa Ed.<\/li>\n<\/ol>\n","protected":false},"excerpt":{"rendered":"<p>A Festa da Apresenta\u00e7\u00e3o no Templo de Nosso Senhor Deus e Salvador, Jesus Cristo, celebra um momento profundamente significativo na vida de Jesus e na hist\u00f3ria da salva\u00e7\u00e3o. Quarenta dias ap\u00f3s o Seu nascimento, conforme prescrito na Lei de Israel,&#8230;<\/p>\n","protected":false},"author":1,"featured_media":49722,"comment_status":"open","ping_status":"open","sticky":false,"template":"","format":"standard","meta":{"_acf_changed":false,"footnotes":""},"categories":[1,2739,2751],"tags":[3118,3119],"class_list":["post-49714","post","type-post","status-publish","format-standard","has-post-thumbnail","hentry","category-news","category-sinaxe","category-temas-pastorais","tag-apresentacao","tag-encontro","entry","rows-excerpt"],"acf":[],"yoast_head":"<!-- This site is optimized with the Yoast SEO plugin v27.5 - https:\/\/yoast.com\/product\/yoast-seo-wordpress\/ -->\n<title>2 de Fevereiro: A Festa da \u00abApresenta\u00e7\u00e3o do Senhor no Templo\u00bb | ECCLESIA NEWS<\/title>\n<meta name=\"robots\" content=\"index, follow, max-snippet:-1, max-image-preview:large, max-video-preview:-1\" \/>\n<link rel=\"canonical\" href=\"https:\/\/news.ecclesia.org.br\/?p=49714\" \/>\n<meta property=\"og:locale\" content=\"pt_BR\" \/>\n<meta property=\"og:type\" content=\"article\" \/>\n<meta property=\"og:title\" content=\"2 de Fevereiro: A Festa da \u00abApresenta\u00e7\u00e3o do Senhor no Templo\u00bb | ECCLESIA NEWS\" \/>\n<meta property=\"og:description\" content=\"A Festa da Apresenta\u00e7\u00e3o no Templo de Nosso Senhor Deus e Salvador, Jesus Cristo, celebra um momento profundamente significativo na vida de Jesus e na hist\u00f3ria da salva\u00e7\u00e3o. Quarenta dias ap\u00f3s o Seu nascimento, conforme prescrito na Lei de Israel,&#8230;\" \/>\n<meta property=\"og:url\" content=\"https:\/\/news.ecclesia.org.br\/?p=49714\" \/>\n<meta property=\"og:site_name\" content=\"ECCLESIA NEWS\" \/>\n<meta property=\"article:publisher\" content=\"https:\/\/www.facebook.com\/Ecclesia2025\" \/>\n<meta property=\"article:published_time\" content=\"2025-01-28T22:12:59+00:00\" \/>\n<meta property=\"article:modified_time\" content=\"2025-01-28T22:27:51+00:00\" \/>\n<meta property=\"og:image\" content=\"https:\/\/news.ecclesia.org.br\/wp-content\/uploads\/2025\/01\/apresentacao-3-scaled.jpg\" \/>\n\t<meta property=\"og:image:width\" content=\"2560\" \/>\n\t<meta property=\"og:image:height\" content=\"1849\" \/>\n\t<meta property=\"og:image:type\" content=\"image\/jpeg\" \/>\n<meta name=\"author\" content=\"Pe. Andr\u00e9\" \/>\n<meta name=\"twitter:card\" content=\"summary_large_image\" \/>\n<meta name=\"twitter:creator\" content=\"@EcclesiaNews\" \/>\n<meta name=\"twitter:site\" content=\"@EcclesiaNews\" \/>\n<meta name=\"twitter:label1\" content=\"Escrito por\" \/>\n\t<meta name=\"twitter:data1\" content=\"Pe. Andr\u00e9\" \/>\n\t<meta name=\"twitter:label2\" content=\"Est. tempo de leitura\" \/>\n\t<meta name=\"twitter:data2\" content=\"5 minutos\" \/>\n<script type=\"application\/ld+json\" class=\"yoast-schema-graph\">{\"@context\":\"https:\\\/\\\/schema.org\",\"@graph\":[{\"@type\":\"Article\",\"@id\":\"https:\\\/\\\/news.ecclesia.org.br\\\/?p=49714#article\",\"isPartOf\":{\"@id\":\"https:\\\/\\\/news.ecclesia.org.br\\\/?p=49714\"},\"author\":{\"name\":\"Pe. Andr\u00e9\",\"@id\":\"https:\\\/\\\/news.ecclesia.org.br\\\/#\\\/schema\\\/person\\\/6f09597f025829745ba414a569f63758\"},\"headline\":\"2 de Fevereiro: A Festa da \u00abApresenta\u00e7\u00e3o do Senhor no Templo\u00bb\",\"datePublished\":\"2025-01-28T22:12:59+00:00\",\"dateModified\":\"2025-01-28T22:27:51+00:00\",\"mainEntityOfPage\":{\"@id\":\"https:\\\/\\\/news.ecclesia.org.br\\\/?p=49714\"},\"wordCount\":994,\"commentCount\":0,\"publisher\":{\"@id\":\"https:\\\/\\\/news.ecclesia.org.br\\\/#organization\"},\"image\":{\"@id\":\"https:\\\/\\\/news.ecclesia.org.br\\\/?p=49714#primaryimage\"},\"thumbnailUrl\":\"https:\\\/\\\/news.ecclesia.org.br\\\/wp-content\\\/uploads\\\/2025\\\/01\\\/apresentacao-3-scaled.jpg\",\"keywords\":[\"Apresenta\u00e7\u00e3o\",\"Encontro\"],\"articleSection\":[\"NEWS\",\"SINAXE\",\"Temas Pastorais\"],\"inLanguage\":\"pt-BR\",\"potentialAction\":[{\"@type\":\"CommentAction\",\"name\":\"Comment\",\"target\":[\"https:\\\/\\\/news.ecclesia.org.br\\\/?p=49714#respond\"]}]},{\"@type\":\"WebPage\",\"@id\":\"https:\\\/\\\/news.ecclesia.org.br\\\/?p=49714\",\"url\":\"https:\\\/\\\/news.ecclesia.org.br\\\/?p=49714\",\"name\":\"2 de Fevereiro: A Festa da \u00abApresenta\u00e7\u00e3o do Senhor no Templo\u00bb | ECCLESIA NEWS\",\"isPartOf\":{\"@id\":\"https:\\\/\\\/news.ecclesia.org.br\\\/#website\"},\"primaryImageOfPage\":{\"@id\":\"https:\\\/\\\/news.ecclesia.org.br\\\/?p=49714#primaryimage\"},\"image\":{\"@id\":\"https:\\\/\\\/news.ecclesia.org.br\\\/?p=49714#primaryimage\"},\"thumbnailUrl\":\"https:\\\/\\\/news.ecclesia.org.br\\\/wp-content\\\/uploads\\\/2025\\\/01\\\/apresentacao-3-scaled.jpg\",\"datePublished\":\"2025-01-28T22:12:59+00:00\",\"dateModified\":\"2025-01-28T22:27:51+00:00\",\"breadcrumb\":{\"@id\":\"https:\\\/\\\/news.ecclesia.org.br\\\/?p=49714#breadcrumb\"},\"inLanguage\":\"pt-BR\",\"potentialAction\":[{\"@type\":\"ReadAction\",\"target\":[\"https:\\\/\\\/news.ecclesia.org.br\\\/?p=49714\"]}]},{\"@type\":\"ImageObject\",\"inLanguage\":\"pt-BR\",\"@id\":\"https:\\\/\\\/news.ecclesia.org.br\\\/?p=49714#primaryimage\",\"url\":\"https:\\\/\\\/news.ecclesia.org.br\\\/wp-content\\\/uploads\\\/2025\\\/01\\\/apresentacao-3-scaled.jpg\",\"contentUrl\":\"https:\\\/\\\/news.ecclesia.org.br\\\/wp-content\\\/uploads\\\/2025\\\/01\\\/apresentacao-3-scaled.jpg\",\"width\":2560,\"height\":1849,\"caption\":\"Presentazione di Ges\u00f9\"},{\"@type\":\"BreadcrumbList\",\"@id\":\"https:\\\/\\\/news.ecclesia.org.br\\\/?p=49714#breadcrumb\",\"itemListElement\":[{\"@type\":\"ListItem\",\"position\":1,\"name\":\"In\u00edcio\",\"item\":\"https:\\\/\\\/news.ecclesia.org.br\\\/\"},{\"@type\":\"ListItem\",\"position\":2,\"name\":\"2 de Fevereiro: A Festa da \u00abApresenta\u00e7\u00e3o do Senhor no Templo\u00bb\"}]},{\"@type\":\"WebSite\",\"@id\":\"https:\\\/\\\/news.ecclesia.org.br\\\/#website\",\"url\":\"https:\\\/\\\/news.ecclesia.org.br\\\/\",\"name\":\"Ecclesia Brasil\",\"description\":\"Desde 2003 onectando o Brasil ao mundo ortodoxo!\",\"publisher\":{\"@id\":\"https:\\\/\\\/news.ecclesia.org.br\\\/#organization\"},\"alternateName\":\"Ecclesia\",\"potentialAction\":[{\"@type\":\"SearchAction\",\"target\":{\"@type\":\"EntryPoint\",\"urlTemplate\":\"https:\\\/\\\/news.ecclesia.org.br\\\/?s={search_term_string}\"},\"query-input\":{\"@type\":\"PropertyValueSpecification\",\"valueRequired\":true,\"valueName\":\"search_term_string\"}}],\"inLanguage\":\"pt-BR\"},{\"@type\":\"Organization\",\"@id\":\"https:\\\/\\\/news.ecclesia.org.br\\\/#organization\",\"name\":\"Sacra Arquidiocese de Buenos Aires e Am\u00e9rica do Sul | Patriarcado Ecum\u00eanico\",\"alternateName\":\"News Ecclesia Brasil\",\"url\":\"https:\\\/\\\/news.ecclesia.org.br\\\/\",\"logo\":{\"@type\":\"ImageObject\",\"inLanguage\":\"pt-BR\",\"@id\":\"https:\\\/\\\/news.ecclesia.org.br\\\/#\\\/schema\\\/logo\\\/image\\\/\",\"url\":\"https:\\\/\\\/news.ecclesia.org.br\\\/wp-content\\\/uploads\\\/2025\\\/05\\\/ecclesia2.png\",\"contentUrl\":\"https:\\\/\\\/news.ecclesia.org.br\\\/wp-content\\\/uploads\\\/2025\\\/05\\\/ecclesia2.png\",\"width\":480,\"height\":120,\"caption\":\"Sacra Arquidiocese de Buenos Aires e Am\u00e9rica do Sul | Patriarcado Ecum\u00eanico\"},\"image\":{\"@id\":\"https:\\\/\\\/news.ecclesia.org.br\\\/#\\\/schema\\\/logo\\\/image\\\/\"},\"sameAs\":[\"https:\\\/\\\/www.facebook.com\\\/Ecclesia2025\",\"https:\\\/\\\/x.com\\\/EcclesiaNews\",\"https:\\\/\\\/br.pinterest.com\\\/ekklisia\\\/\",\"https:\\\/\\\/www.youtube.com\\\/@EcclesiaBrasil\"]},{\"@type\":\"Person\",\"@id\":\"https:\\\/\\\/news.ecclesia.org.br\\\/#\\\/schema\\\/person\\\/6f09597f025829745ba414a569f63758\",\"name\":\"Pe. Andr\u00e9\",\"image\":{\"@type\":\"ImageObject\",\"inLanguage\":\"pt-BR\",\"@id\":\"https:\\\/\\\/secure.gravatar.com\\\/avatar\\\/b4327cfa27e9799da239a26adcd534fc29cdc0c4a4a148eecbcfeb9b42c617ac?s=96&d=mm&r=g\",\"url\":\"https:\\\/\\\/secure.gravatar.com\\\/avatar\\\/b4327cfa27e9799da239a26adcd534fc29cdc0c4a4a148eecbcfeb9b42c617ac?s=96&d=mm&r=g\",\"contentUrl\":\"https:\\\/\\\/secure.gravatar.com\\\/avatar\\\/b4327cfa27e9799da239a26adcd534fc29cdc0c4a4a148eecbcfeb9b42c617ac?s=96&d=mm&r=g\",\"caption\":\"Pe. Andr\u00e9\"},\"sameAs\":[\"https:\\\/\\\/www.ecclesia.org.br\"]}]}<\/script>\n<!-- \/ Yoast SEO plugin. -->","yoast_head_json":{"title":"2 de Fevereiro: A Festa da \u00abApresenta\u00e7\u00e3o do Senhor no Templo\u00bb | ECCLESIA NEWS","robots":{"index":"index","follow":"follow","max-snippet":"max-snippet:-1","max-image-preview":"max-image-preview:large","max-video-preview":"max-video-preview:-1"},"canonical":"https:\/\/news.ecclesia.org.br\/?p=49714","og_locale":"pt_BR","og_type":"article","og_title":"2 de Fevereiro: A Festa da \u00abApresenta\u00e7\u00e3o do Senhor no Templo\u00bb | ECCLESIA NEWS","og_description":"A Festa da Apresenta\u00e7\u00e3o no Templo de Nosso Senhor Deus e Salvador, Jesus Cristo, celebra um momento profundamente significativo na vida de Jesus e na hist\u00f3ria da salva\u00e7\u00e3o. Quarenta dias ap\u00f3s o Seu nascimento, conforme prescrito na Lei de Israel,&#8230;","og_url":"https:\/\/news.ecclesia.org.br\/?p=49714","og_site_name":"ECCLESIA NEWS","article_publisher":"https:\/\/www.facebook.com\/Ecclesia2025","article_published_time":"2025-01-28T22:12:59+00:00","article_modified_time":"2025-01-28T22:27:51+00:00","og_image":[{"width":2560,"height":1849,"url":"https:\/\/news.ecclesia.org.br\/wp-content\/uploads\/2025\/01\/apresentacao-3-scaled.jpg","type":"image\/jpeg"}],"author":"Pe. Andr\u00e9","twitter_card":"summary_large_image","twitter_creator":"@EcclesiaNews","twitter_site":"@EcclesiaNews","twitter_misc":{"Escrito por":"Pe. Andr\u00e9","Est. tempo de leitura":"5 minutos"},"schema":{"@context":"https:\/\/schema.org","@graph":[{"@type":"Article","@id":"https:\/\/news.ecclesia.org.br\/?p=49714#article","isPartOf":{"@id":"https:\/\/news.ecclesia.org.br\/?p=49714"},"author":{"name":"Pe. Andr\u00e9","@id":"https:\/\/news.ecclesia.org.br\/#\/schema\/person\/6f09597f025829745ba414a569f63758"},"headline":"2 de Fevereiro: A Festa da \u00abApresenta\u00e7\u00e3o do Senhor no Templo\u00bb","datePublished":"2025-01-28T22:12:59+00:00","dateModified":"2025-01-28T22:27:51+00:00","mainEntityOfPage":{"@id":"https:\/\/news.ecclesia.org.br\/?p=49714"},"wordCount":994,"commentCount":0,"publisher":{"@id":"https:\/\/news.ecclesia.org.br\/#organization"},"image":{"@id":"https:\/\/news.ecclesia.org.br\/?p=49714#primaryimage"},"thumbnailUrl":"https:\/\/news.ecclesia.org.br\/wp-content\/uploads\/2025\/01\/apresentacao-3-scaled.jpg","keywords":["Apresenta\u00e7\u00e3o","Encontro"],"articleSection":["NEWS","SINAXE","Temas Pastorais"],"inLanguage":"pt-BR","potentialAction":[{"@type":"CommentAction","name":"Comment","target":["https:\/\/news.ecclesia.org.br\/?p=49714#respond"]}]},{"@type":"WebPage","@id":"https:\/\/news.ecclesia.org.br\/?p=49714","url":"https:\/\/news.ecclesia.org.br\/?p=49714","name":"2 de Fevereiro: A Festa da \u00abApresenta\u00e7\u00e3o do Senhor no Templo\u00bb | ECCLESIA NEWS","isPartOf":{"@id":"https:\/\/news.ecclesia.org.br\/#website"},"primaryImageOfPage":{"@id":"https:\/\/news.ecclesia.org.br\/?p=49714#primaryimage"},"image":{"@id":"https:\/\/news.ecclesia.org.br\/?p=49714#primaryimage"},"thumbnailUrl":"https:\/\/news.ecclesia.org.br\/wp-content\/uploads\/2025\/01\/apresentacao-3-scaled.jpg","datePublished":"2025-01-28T22:12:59+00:00","dateModified":"2025-01-28T22:27:51+00:00","breadcrumb":{"@id":"https:\/\/news.ecclesia.org.br\/?p=49714#breadcrumb"},"inLanguage":"pt-BR","potentialAction":[{"@type":"ReadAction","target":["https:\/\/news.ecclesia.org.br\/?p=49714"]}]},{"@type":"ImageObject","inLanguage":"pt-BR","@id":"https:\/\/news.ecclesia.org.br\/?p=49714#primaryimage","url":"https:\/\/news.ecclesia.org.br\/wp-content\/uploads\/2025\/01\/apresentacao-3-scaled.jpg","contentUrl":"https:\/\/news.ecclesia.org.br\/wp-content\/uploads\/2025\/01\/apresentacao-3-scaled.jpg","width":2560,"height":1849,"caption":"Presentazione di Ges\u00f9"},{"@type":"BreadcrumbList","@id":"https:\/\/news.ecclesia.org.br\/?p=49714#breadcrumb","itemListElement":[{"@type":"ListItem","position":1,"name":"In\u00edcio","item":"https:\/\/news.ecclesia.org.br\/"},{"@type":"ListItem","position":2,"name":"2 de Fevereiro: A Festa da \u00abApresenta\u00e7\u00e3o do Senhor no Templo\u00bb"}]},{"@type":"WebSite","@id":"https:\/\/news.ecclesia.org.br\/#website","url":"https:\/\/news.ecclesia.org.br\/","name":"Ecclesia Brasil","description":"Desde 2003 onectando o Brasil ao mundo ortodoxo!","publisher":{"@id":"https:\/\/news.ecclesia.org.br\/#organization"},"alternateName":"Ecclesia","potentialAction":[{"@type":"SearchAction","target":{"@type":"EntryPoint","urlTemplate":"https:\/\/news.ecclesia.org.br\/?s={search_term_string}"},"query-input":{"@type":"PropertyValueSpecification","valueRequired":true,"valueName":"search_term_string"}}],"inLanguage":"pt-BR"},{"@type":"Organization","@id":"https:\/\/news.ecclesia.org.br\/#organization","name":"Sacra Arquidiocese de Buenos Aires e Am\u00e9rica do Sul | Patriarcado Ecum\u00eanico","alternateName":"News Ecclesia Brasil","url":"https:\/\/news.ecclesia.org.br\/","logo":{"@type":"ImageObject","inLanguage":"pt-BR","@id":"https:\/\/news.ecclesia.org.br\/#\/schema\/logo\/image\/","url":"https:\/\/news.ecclesia.org.br\/wp-content\/uploads\/2025\/05\/ecclesia2.png","contentUrl":"https:\/\/news.ecclesia.org.br\/wp-content\/uploads\/2025\/05\/ecclesia2.png","width":480,"height":120,"caption":"Sacra Arquidiocese de Buenos Aires e Am\u00e9rica do Sul | Patriarcado Ecum\u00eanico"},"image":{"@id":"https:\/\/news.ecclesia.org.br\/#\/schema\/logo\/image\/"},"sameAs":["https:\/\/www.facebook.com\/Ecclesia2025","https:\/\/x.com\/EcclesiaNews","https:\/\/br.pinterest.com\/ekklisia\/","https:\/\/www.youtube.com\/@EcclesiaBrasil"]},{"@type":"Person","@id":"https:\/\/news.ecclesia.org.br\/#\/schema\/person\/6f09597f025829745ba414a569f63758","name":"Pe. Andr\u00e9","image":{"@type":"ImageObject","inLanguage":"pt-BR","@id":"https:\/\/secure.gravatar.com\/avatar\/b4327cfa27e9799da239a26adcd534fc29cdc0c4a4a148eecbcfeb9b42c617ac?s=96&d=mm&r=g","url":"https:\/\/secure.gravatar.com\/avatar\/b4327cfa27e9799da239a26adcd534fc29cdc0c4a4a148eecbcfeb9b42c617ac?s=96&d=mm&r=g","contentUrl":"https:\/\/secure.gravatar.com\/avatar\/b4327cfa27e9799da239a26adcd534fc29cdc0c4a4a148eecbcfeb9b42c617ac?s=96&d=mm&r=g","caption":"Pe. Andr\u00e9"},"sameAs":["https:\/\/www.ecclesia.org.br"]}]}},"_links":{"self":[{"href":"https:\/\/news.ecclesia.org.br\/index.php?rest_route=\/wp\/v2\/posts\/49714","targetHints":{"allow":["GET"]}}],"collection":[{"href":"https:\/\/news.ecclesia.org.br\/index.php?rest_route=\/wp\/v2\/posts"}],"about":[{"href":"https:\/\/news.ecclesia.org.br\/index.php?rest_route=\/wp\/v2\/types\/post"}],"author":[{"embeddable":true,"href":"https:\/\/news.ecclesia.org.br\/index.php?rest_route=\/wp\/v2\/users\/1"}],"replies":[{"embeddable":true,"href":"https:\/\/news.ecclesia.org.br\/index.php?rest_route=%2Fwp%2Fv2%2Fcomments&post=49714"}],"version-history":[{"count":7,"href":"https:\/\/news.ecclesia.org.br\/index.php?rest_route=\/wp\/v2\/posts\/49714\/revisions"}],"predecessor-version":[{"id":49729,"href":"https:\/\/news.ecclesia.org.br\/index.php?rest_route=\/wp\/v2\/posts\/49714\/revisions\/49729"}],"wp:featuredmedia":[{"embeddable":true,"href":"https:\/\/news.ecclesia.org.br\/index.php?rest_route=\/wp\/v2\/media\/49722"}],"wp:attachment":[{"href":"https:\/\/news.ecclesia.org.br\/index.php?rest_route=%2Fwp%2Fv2%2Fmedia&parent=49714"}],"wp:term":[{"taxonomy":"category","embeddable":true,"href":"https:\/\/news.ecclesia.org.br\/index.php?rest_route=%2Fwp%2Fv2%2Fcategories&post=49714"},{"taxonomy":"post_tag","embeddable":true,"href":"https:\/\/news.ecclesia.org.br\/index.php?rest_route=%2Fwp%2Fv2%2Ftags&post=49714"}],"curies":[{"name":"wp","href":"https:\/\/api.w.org\/{rel}","templated":true}]}}