{"id":4963,"date":"2010-09-25T09:01:19","date_gmt":"2010-09-25T11:01:19","guid":{"rendered":"http:\/\/www.ecclesia.com.br\/news\/?p=4963"},"modified":"2016-03-18T02:23:26","modified_gmt":"2016-03-18T02:23:26","slug":"patriarca-cirillo-i-encontra-se-com-os-coriaques-do-extremo-oriente","status":"publish","type":"post","link":"https:\/\/news.ecclesia.org.br\/?p=4963","title":{"rendered":"Patriarca Cirillo I encontra-se com os Coriaques do Extremo Oriente"},"content":{"rendered":"<p style=\"text-align: justify;\"><img fetchpriority=\"high\" decoding=\"async\" class=\"alignleft size-full wp-image-6231\" src=\"https:\/\/news.ecclesia.org.br\/2013\/wp-content\/uploads\/2010\/09\/coriaques.jpg\" alt=\"coriaques\" width=\"320\" height=\"240\" srcset=\"https:\/\/news.ecclesia.org.br\/wp-content\/uploads\/2010\/09\/coriaques.jpg 320w, https:\/\/news.ecclesia.org.br\/wp-content\/uploads\/2010\/09\/coriaques-300x225.jpg 300w, https:\/\/news.ecclesia.org.br\/wp-content\/uploads\/2010\/09\/coriaques-73x55.jpg 73w\" sizes=\"(max-width: 320px) 100vw, 320px\" \/>O Patriarca\u00a0Cirillo da da Igreja Ortodoxa Russa, que realiza agora uma viagem pelo Extremo Oriente da R\u00fassia, teve encontro com os coriaques, &#8211; pequeno grupo \u00e9tnico, um dos povos setentrionais da R\u00fassia, que vive no povoado de Palana, na parte ocidental da pen\u00ednsula de Kamchatka.<\/p>\n<p style=\"text-align: justify;\">Hoje o \u00fanico meio de chegar de Petropavlosk-Kamtchatski a Palana \u00e9 o avi\u00e3o. A popula\u00e7\u00e3o local est\u00e1 isolada quase totalmente do continente e vive a custa da pesca.<\/p>\n<p style=\"text-align: justify;\">A hist\u00f3ria do povoado come\u00e7ou em 1697, quando uma tropa de cossacos chegou a estas paragens severas. Em princ\u00edpios do s\u00e9culo vinte ai viviam cerca de duzentas pessoas, na sua maioria, itelmens e coriaques, &#8211; representantes de povos pequenos da R\u00fassia. Agora no povoado vivem tr\u00eas mil e quinhentas pessoas. Algumas delas professam at\u00e9 hoje uma religi\u00e3o pag\u00e3, o xamanismo,\u00a0 &#8211; apesar das tentativas de sacerdotes ortodoxos de ministrar-lhes Escrituras Sagradas.<\/p>\n<p style=\"text-align: justify;\">Centenas de coriaques vieram para encontrar-se com o Sumo Dignit\u00e1rio da Igreja Ortodoxa Russa. Olhavam com curiosidade para o patriarca. Para muitos deles, o chefe da Igreja Russa \u00e9 como que o esp\u00edrito mais importante, que possui tamb\u00e9m um aspecto material.<\/p>\n<p style=\"text-align: justify;\">Para o patriarca Cirillo o encontro com o coriaques \u00e9 igualmente interessante &#8211; \u00e9 pela primeira vez que ele se encontra com este povo aut\u00f3ctone da pen\u00ednsula de Kamtchatka.<\/p>\n<p style=\"text-align: justify;\"><em>A Coriaquia n\u00e3o \u00e9 absolutamente um lugar dif\u00edcil da R\u00fassia. Uma natureza maravilhosa, um pa\u00eds riqu\u00edssimo. Mas existem, certamente, circunst\u00e2ncias que distinguem a Coriaquia dos outros locais &#8211; \u00e9 o clima severo. \u00c9 preciso, provavelmente, nascer aqui ou viver a\u00ed muito tempo para que este clima severo venha a ser o seu.<\/em><\/p>\n<p style=\"text-align: justify;\"><em>Seja qual for o local que uma pessoa humana habita, &#8211; a Coriaquia ou Moscou, &#8211; tudo depende, afinal de contas, daquilo que est\u00e1 dentro do pr\u00f3prio homem, o quanto ele \u00e9 forte, o quanto ele pode governar a si pr\u00f3prio,<\/em> &#8211; diz o patriarca<em>. Neste plano a felicidade depende em grande parte de n\u00f3s. Todavia quero dizer mais uma vez que a sociedade e o Estado devem exercer solidariedade com os que desta solidariedade necessitam. E a R\u00fassia deve ajudar povos pequenos, deve ajudar um local como a Coriaquia, onde se preserva uma cultura original,\u00a0 preserva-se o povo e a l\u00edngua, &#8211; o que representa um valor inapreci\u00e1vel.<\/em><\/p>\n<p style=\"text-align: right;\"><em>Fonte: <a href=\"http:\/\/portuguese.ruvr.ru\/\" target=\"_blank\">Voz da R\u00fassia<\/a><\/em><\/p>\n","protected":false},"excerpt":{"rendered":"<p>O Patriarca\u00a0Cirillo da da Igreja Ortodoxa Russa, que realiza agora uma viagem pelo Extremo Oriente da R\u00fassia, teve encontro com os coriaques, &#8211; pequeno grupo \u00e9tnico, um dos povos setentrionais da R\u00fassia, que vive no povoado de Palana, na parte&#8230;<\/p>\n","protected":false},"author":1,"featured_media":6231,"comment_status":"open","ping_status":"open","sticky":false,"template":"","format":"standard","meta":{"_acf_changed":false,"footnotes":""},"categories":[1],"tags":[],"class_list":["post-4963","post","type-post","status-publish","format-standard","has-post-thumbnail","hentry","category-news","entry","rows-excerpt"],"acf":[],"yoast_head":"<!-- This site is optimized with the Yoast SEO plugin v27.5 - https:\/\/yoast.com\/product\/yoast-seo-wordpress\/ -->\n<title>Patriarca Cirillo I encontra-se com os Coriaques do Extremo Oriente | ECCLESIA NEWS<\/title>\n<meta name=\"robots\" content=\"index, follow, max-snippet:-1, max-image-preview:large, max-video-preview:-1\" \/>\n<link rel=\"canonical\" href=\"https:\/\/news.ecclesia.org.br\/?p=4963\" \/>\n<meta property=\"og:locale\" content=\"pt_BR\" \/>\n<meta property=\"og:type\" content=\"article\" \/>\n<meta property=\"og:title\" content=\"Patriarca Cirillo I encontra-se com os Coriaques do Extremo Oriente | ECCLESIA NEWS\" \/>\n<meta property=\"og:description\" content=\"O Patriarca\u00a0Cirillo da da Igreja Ortodoxa Russa, que realiza agora uma viagem pelo Extremo Oriente da R\u00fassia, teve encontro com os coriaques, &#8211; pequeno grupo \u00e9tnico, um dos povos setentrionais da R\u00fassia, que vive no povoado de Palana, na parte&#8230;\" \/>\n<meta property=\"og:url\" content=\"https:\/\/news.ecclesia.org.br\/?p=4963\" \/>\n<meta property=\"og:site_name\" content=\"ECCLESIA NEWS\" \/>\n<meta property=\"article:publisher\" content=\"https:\/\/www.facebook.com\/Ecclesia2025\" \/>\n<meta property=\"article:published_time\" content=\"2010-09-25T11:01:19+00:00\" \/>\n<meta property=\"article:modified_time\" content=\"2016-03-18T02:23:26+00:00\" \/>\n<meta property=\"og:image\" content=\"https:\/\/news.ecclesia.org.br\/wp-content\/uploads\/2010\/09\/coriaques.jpg\" \/>\n\t<meta property=\"og:image:width\" content=\"320\" \/>\n\t<meta property=\"og:image:height\" content=\"240\" \/>\n\t<meta property=\"og:image:type\" content=\"image\/jpeg\" \/>\n<meta name=\"author\" content=\"Pe. Andr\u00e9\" \/>\n<meta name=\"twitter:card\" content=\"summary_large_image\" \/>\n<meta name=\"twitter:creator\" content=\"@EcclesiaNews\" \/>\n<meta name=\"twitter:site\" content=\"@EcclesiaNews\" \/>\n<meta name=\"twitter:label1\" content=\"Escrito por\" \/>\n\t<meta name=\"twitter:data1\" content=\"Pe. Andr\u00e9\" \/>\n\t<meta name=\"twitter:label2\" content=\"Est. tempo de leitura\" \/>\n\t<meta name=\"twitter:data2\" content=\"2 minutos\" \/>\n<script type=\"application\/ld+json\" class=\"yoast-schema-graph\">{\"@context\":\"https:\\\/\\\/schema.org\",\"@graph\":[{\"@type\":\"Article\",\"@id\":\"https:\\\/\\\/news.ecclesia.org.br\\\/?p=4963#article\",\"isPartOf\":{\"@id\":\"https:\\\/\\\/news.ecclesia.org.br\\\/?p=4963\"},\"author\":{\"name\":\"Pe. Andr\u00e9\",\"@id\":\"https:\\\/\\\/news.ecclesia.org.br\\\/#\\\/schema\\\/person\\\/6f09597f025829745ba414a569f63758\"},\"headline\":\"Patriarca Cirillo I encontra-se com os Coriaques do Extremo Oriente\",\"datePublished\":\"2010-09-25T11:01:19+00:00\",\"dateModified\":\"2016-03-18T02:23:26+00:00\",\"mainEntityOfPage\":{\"@id\":\"https:\\\/\\\/news.ecclesia.org.br\\\/?p=4963\"},\"wordCount\":411,\"commentCount\":0,\"publisher\":{\"@id\":\"https:\\\/\\\/news.ecclesia.org.br\\\/#organization\"},\"image\":{\"@id\":\"https:\\\/\\\/news.ecclesia.org.br\\\/?p=4963#primaryimage\"},\"thumbnailUrl\":\"https:\\\/\\\/news.ecclesia.org.br\\\/wp-content\\\/uploads\\\/2010\\\/09\\\/coriaques.jpg\",\"articleSection\":[\"NEWS\"],\"inLanguage\":\"pt-BR\",\"potentialAction\":[{\"@type\":\"CommentAction\",\"name\":\"Comment\",\"target\":[\"https:\\\/\\\/news.ecclesia.org.br\\\/?p=4963#respond\"]}]},{\"@type\":\"WebPage\",\"@id\":\"https:\\\/\\\/news.ecclesia.org.br\\\/?p=4963\",\"url\":\"https:\\\/\\\/news.ecclesia.org.br\\\/?p=4963\",\"name\":\"Patriarca Cirillo I encontra-se com os Coriaques do Extremo Oriente | ECCLESIA NEWS\",\"isPartOf\":{\"@id\":\"https:\\\/\\\/news.ecclesia.org.br\\\/#website\"},\"primaryImageOfPage\":{\"@id\":\"https:\\\/\\\/news.ecclesia.org.br\\\/?p=4963#primaryimage\"},\"image\":{\"@id\":\"https:\\\/\\\/news.ecclesia.org.br\\\/?p=4963#primaryimage\"},\"thumbnailUrl\":\"https:\\\/\\\/news.ecclesia.org.br\\\/wp-content\\\/uploads\\\/2010\\\/09\\\/coriaques.jpg\",\"datePublished\":\"2010-09-25T11:01:19+00:00\",\"dateModified\":\"2016-03-18T02:23:26+00:00\",\"breadcrumb\":{\"@id\":\"https:\\\/\\\/news.ecclesia.org.br\\\/?p=4963#breadcrumb\"},\"inLanguage\":\"pt-BR\",\"potentialAction\":[{\"@type\":\"ReadAction\",\"target\":[\"https:\\\/\\\/news.ecclesia.org.br\\\/?p=4963\"]}]},{\"@type\":\"ImageObject\",\"inLanguage\":\"pt-BR\",\"@id\":\"https:\\\/\\\/news.ecclesia.org.br\\\/?p=4963#primaryimage\",\"url\":\"https:\\\/\\\/news.ecclesia.org.br\\\/wp-content\\\/uploads\\\/2010\\\/09\\\/coriaques.jpg\",\"contentUrl\":\"https:\\\/\\\/news.ecclesia.org.br\\\/wp-content\\\/uploads\\\/2010\\\/09\\\/coriaques.jpg\",\"width\":320,\"height\":240},{\"@type\":\"BreadcrumbList\",\"@id\":\"https:\\\/\\\/news.ecclesia.org.br\\\/?p=4963#breadcrumb\",\"itemListElement\":[{\"@type\":\"ListItem\",\"position\":1,\"name\":\"In\u00edcio\",\"item\":\"https:\\\/\\\/news.ecclesia.org.br\\\/\"},{\"@type\":\"ListItem\",\"position\":2,\"name\":\"Patriarca Cirillo I encontra-se com os Coriaques do Extremo Oriente\"}]},{\"@type\":\"WebSite\",\"@id\":\"https:\\\/\\\/news.ecclesia.org.br\\\/#website\",\"url\":\"https:\\\/\\\/news.ecclesia.org.br\\\/\",\"name\":\"Ecclesia Brasil\",\"description\":\"Desde 2003 onectando o Brasil ao mundo ortodoxo!\",\"publisher\":{\"@id\":\"https:\\\/\\\/news.ecclesia.org.br\\\/#organization\"},\"alternateName\":\"Ecclesia\",\"potentialAction\":[{\"@type\":\"SearchAction\",\"target\":{\"@type\":\"EntryPoint\",\"urlTemplate\":\"https:\\\/\\\/news.ecclesia.org.br\\\/?s={search_term_string}\"},\"query-input\":{\"@type\":\"PropertyValueSpecification\",\"valueRequired\":true,\"valueName\":\"search_term_string\"}}],\"inLanguage\":\"pt-BR\"},{\"@type\":\"Organization\",\"@id\":\"https:\\\/\\\/news.ecclesia.org.br\\\/#organization\",\"name\":\"Sacra Arquidiocese de Buenos Aires e Am\u00e9rica do Sul | Patriarcado Ecum\u00eanico\",\"alternateName\":\"News Ecclesia Brasil\",\"url\":\"https:\\\/\\\/news.ecclesia.org.br\\\/\",\"logo\":{\"@type\":\"ImageObject\",\"inLanguage\":\"pt-BR\",\"@id\":\"https:\\\/\\\/news.ecclesia.org.br\\\/#\\\/schema\\\/logo\\\/image\\\/\",\"url\":\"https:\\\/\\\/news.ecclesia.org.br\\\/wp-content\\\/uploads\\\/2025\\\/05\\\/ecclesia2.png\",\"contentUrl\":\"https:\\\/\\\/news.ecclesia.org.br\\\/wp-content\\\/uploads\\\/2025\\\/05\\\/ecclesia2.png\",\"width\":480,\"height\":120,\"caption\":\"Sacra Arquidiocese de Buenos Aires e Am\u00e9rica do Sul | Patriarcado Ecum\u00eanico\"},\"image\":{\"@id\":\"https:\\\/\\\/news.ecclesia.org.br\\\/#\\\/schema\\\/logo\\\/image\\\/\"},\"sameAs\":[\"https:\\\/\\\/www.facebook.com\\\/Ecclesia2025\",\"https:\\\/\\\/x.com\\\/EcclesiaNews\",\"https:\\\/\\\/br.pinterest.com\\\/ekklisia\\\/\",\"https:\\\/\\\/www.youtube.com\\\/@EcclesiaBrasil\"]},{\"@type\":\"Person\",\"@id\":\"https:\\\/\\\/news.ecclesia.org.br\\\/#\\\/schema\\\/person\\\/6f09597f025829745ba414a569f63758\",\"name\":\"Pe. Andr\u00e9\",\"image\":{\"@type\":\"ImageObject\",\"inLanguage\":\"pt-BR\",\"@id\":\"https:\\\/\\\/secure.gravatar.com\\\/avatar\\\/b4327cfa27e9799da239a26adcd534fc29cdc0c4a4a148eecbcfeb9b42c617ac?s=96&d=mm&r=g\",\"url\":\"https:\\\/\\\/secure.gravatar.com\\\/avatar\\\/b4327cfa27e9799da239a26adcd534fc29cdc0c4a4a148eecbcfeb9b42c617ac?s=96&d=mm&r=g\",\"contentUrl\":\"https:\\\/\\\/secure.gravatar.com\\\/avatar\\\/b4327cfa27e9799da239a26adcd534fc29cdc0c4a4a148eecbcfeb9b42c617ac?s=96&d=mm&r=g\",\"caption\":\"Pe. Andr\u00e9\"},\"sameAs\":[\"https:\\\/\\\/www.ecclesia.org.br\"]}]}<\/script>\n<!-- \/ Yoast SEO plugin. -->","yoast_head_json":{"title":"Patriarca Cirillo I encontra-se com os Coriaques do Extremo Oriente | ECCLESIA NEWS","robots":{"index":"index","follow":"follow","max-snippet":"max-snippet:-1","max-image-preview":"max-image-preview:large","max-video-preview":"max-video-preview:-1"},"canonical":"https:\/\/news.ecclesia.org.br\/?p=4963","og_locale":"pt_BR","og_type":"article","og_title":"Patriarca Cirillo I encontra-se com os Coriaques do Extremo Oriente | ECCLESIA NEWS","og_description":"O Patriarca\u00a0Cirillo da da Igreja Ortodoxa Russa, que realiza agora uma viagem pelo Extremo Oriente da R\u00fassia, teve encontro com os coriaques, &#8211; pequeno grupo \u00e9tnico, um dos povos setentrionais da R\u00fassia, que vive no povoado de Palana, na parte&#8230;","og_url":"https:\/\/news.ecclesia.org.br\/?p=4963","og_site_name":"ECCLESIA NEWS","article_publisher":"https:\/\/www.facebook.com\/Ecclesia2025","article_published_time":"2010-09-25T11:01:19+00:00","article_modified_time":"2016-03-18T02:23:26+00:00","og_image":[{"width":320,"height":240,"url":"https:\/\/news.ecclesia.org.br\/wp-content\/uploads\/2010\/09\/coriaques.jpg","type":"image\/jpeg"}],"author":"Pe. Andr\u00e9","twitter_card":"summary_large_image","twitter_creator":"@EcclesiaNews","twitter_site":"@EcclesiaNews","twitter_misc":{"Escrito por":"Pe. Andr\u00e9","Est. tempo de leitura":"2 minutos"},"schema":{"@context":"https:\/\/schema.org","@graph":[{"@type":"Article","@id":"https:\/\/news.ecclesia.org.br\/?p=4963#article","isPartOf":{"@id":"https:\/\/news.ecclesia.org.br\/?p=4963"},"author":{"name":"Pe. Andr\u00e9","@id":"https:\/\/news.ecclesia.org.br\/#\/schema\/person\/6f09597f025829745ba414a569f63758"},"headline":"Patriarca Cirillo I encontra-se com os Coriaques do Extremo Oriente","datePublished":"2010-09-25T11:01:19+00:00","dateModified":"2016-03-18T02:23:26+00:00","mainEntityOfPage":{"@id":"https:\/\/news.ecclesia.org.br\/?p=4963"},"wordCount":411,"commentCount":0,"publisher":{"@id":"https:\/\/news.ecclesia.org.br\/#organization"},"image":{"@id":"https:\/\/news.ecclesia.org.br\/?p=4963#primaryimage"},"thumbnailUrl":"https:\/\/news.ecclesia.org.br\/wp-content\/uploads\/2010\/09\/coriaques.jpg","articleSection":["NEWS"],"inLanguage":"pt-BR","potentialAction":[{"@type":"CommentAction","name":"Comment","target":["https:\/\/news.ecclesia.org.br\/?p=4963#respond"]}]},{"@type":"WebPage","@id":"https:\/\/news.ecclesia.org.br\/?p=4963","url":"https:\/\/news.ecclesia.org.br\/?p=4963","name":"Patriarca Cirillo I encontra-se com os Coriaques do Extremo Oriente | ECCLESIA NEWS","isPartOf":{"@id":"https:\/\/news.ecclesia.org.br\/#website"},"primaryImageOfPage":{"@id":"https:\/\/news.ecclesia.org.br\/?p=4963#primaryimage"},"image":{"@id":"https:\/\/news.ecclesia.org.br\/?p=4963#primaryimage"},"thumbnailUrl":"https:\/\/news.ecclesia.org.br\/wp-content\/uploads\/2010\/09\/coriaques.jpg","datePublished":"2010-09-25T11:01:19+00:00","dateModified":"2016-03-18T02:23:26+00:00","breadcrumb":{"@id":"https:\/\/news.ecclesia.org.br\/?p=4963#breadcrumb"},"inLanguage":"pt-BR","potentialAction":[{"@type":"ReadAction","target":["https:\/\/news.ecclesia.org.br\/?p=4963"]}]},{"@type":"ImageObject","inLanguage":"pt-BR","@id":"https:\/\/news.ecclesia.org.br\/?p=4963#primaryimage","url":"https:\/\/news.ecclesia.org.br\/wp-content\/uploads\/2010\/09\/coriaques.jpg","contentUrl":"https:\/\/news.ecclesia.org.br\/wp-content\/uploads\/2010\/09\/coriaques.jpg","width":320,"height":240},{"@type":"BreadcrumbList","@id":"https:\/\/news.ecclesia.org.br\/?p=4963#breadcrumb","itemListElement":[{"@type":"ListItem","position":1,"name":"In\u00edcio","item":"https:\/\/news.ecclesia.org.br\/"},{"@type":"ListItem","position":2,"name":"Patriarca Cirillo I encontra-se com os Coriaques do Extremo Oriente"}]},{"@type":"WebSite","@id":"https:\/\/news.ecclesia.org.br\/#website","url":"https:\/\/news.ecclesia.org.br\/","name":"Ecclesia Brasil","description":"Desde 2003 onectando o Brasil ao mundo ortodoxo!","publisher":{"@id":"https:\/\/news.ecclesia.org.br\/#organization"},"alternateName":"Ecclesia","potentialAction":[{"@type":"SearchAction","target":{"@type":"EntryPoint","urlTemplate":"https:\/\/news.ecclesia.org.br\/?s={search_term_string}"},"query-input":{"@type":"PropertyValueSpecification","valueRequired":true,"valueName":"search_term_string"}}],"inLanguage":"pt-BR"},{"@type":"Organization","@id":"https:\/\/news.ecclesia.org.br\/#organization","name":"Sacra Arquidiocese de Buenos Aires e Am\u00e9rica do Sul | Patriarcado Ecum\u00eanico","alternateName":"News Ecclesia Brasil","url":"https:\/\/news.ecclesia.org.br\/","logo":{"@type":"ImageObject","inLanguage":"pt-BR","@id":"https:\/\/news.ecclesia.org.br\/#\/schema\/logo\/image\/","url":"https:\/\/news.ecclesia.org.br\/wp-content\/uploads\/2025\/05\/ecclesia2.png","contentUrl":"https:\/\/news.ecclesia.org.br\/wp-content\/uploads\/2025\/05\/ecclesia2.png","width":480,"height":120,"caption":"Sacra Arquidiocese de Buenos Aires e Am\u00e9rica do Sul | Patriarcado Ecum\u00eanico"},"image":{"@id":"https:\/\/news.ecclesia.org.br\/#\/schema\/logo\/image\/"},"sameAs":["https:\/\/www.facebook.com\/Ecclesia2025","https:\/\/x.com\/EcclesiaNews","https:\/\/br.pinterest.com\/ekklisia\/","https:\/\/www.youtube.com\/@EcclesiaBrasil"]},{"@type":"Person","@id":"https:\/\/news.ecclesia.org.br\/#\/schema\/person\/6f09597f025829745ba414a569f63758","name":"Pe. Andr\u00e9","image":{"@type":"ImageObject","inLanguage":"pt-BR","@id":"https:\/\/secure.gravatar.com\/avatar\/b4327cfa27e9799da239a26adcd534fc29cdc0c4a4a148eecbcfeb9b42c617ac?s=96&d=mm&r=g","url":"https:\/\/secure.gravatar.com\/avatar\/b4327cfa27e9799da239a26adcd534fc29cdc0c4a4a148eecbcfeb9b42c617ac?s=96&d=mm&r=g","contentUrl":"https:\/\/secure.gravatar.com\/avatar\/b4327cfa27e9799da239a26adcd534fc29cdc0c4a4a148eecbcfeb9b42c617ac?s=96&d=mm&r=g","caption":"Pe. Andr\u00e9"},"sameAs":["https:\/\/www.ecclesia.org.br"]}]}},"_links":{"self":[{"href":"https:\/\/news.ecclesia.org.br\/index.php?rest_route=\/wp\/v2\/posts\/4963","targetHints":{"allow":["GET"]}}],"collection":[{"href":"https:\/\/news.ecclesia.org.br\/index.php?rest_route=\/wp\/v2\/posts"}],"about":[{"href":"https:\/\/news.ecclesia.org.br\/index.php?rest_route=\/wp\/v2\/types\/post"}],"author":[{"embeddable":true,"href":"https:\/\/news.ecclesia.org.br\/index.php?rest_route=\/wp\/v2\/users\/1"}],"replies":[{"embeddable":true,"href":"https:\/\/news.ecclesia.org.br\/index.php?rest_route=%2Fwp%2Fv2%2Fcomments&post=4963"}],"version-history":[{"count":0,"href":"https:\/\/news.ecclesia.org.br\/index.php?rest_route=\/wp\/v2\/posts\/4963\/revisions"}],"wp:featuredmedia":[{"embeddable":true,"href":"https:\/\/news.ecclesia.org.br\/index.php?rest_route=\/wp\/v2\/media\/6231"}],"wp:attachment":[{"href":"https:\/\/news.ecclesia.org.br\/index.php?rest_route=%2Fwp%2Fv2%2Fmedia&parent=4963"}],"wp:term":[{"taxonomy":"category","embeddable":true,"href":"https:\/\/news.ecclesia.org.br\/index.php?rest_route=%2Fwp%2Fv2%2Fcategories&post=4963"},{"taxonomy":"post_tag","embeddable":true,"href":"https:\/\/news.ecclesia.org.br\/index.php?rest_route=%2Fwp%2Fv2%2Ftags&post=4963"}],"curies":[{"name":"wp","href":"https:\/\/api.w.org\/{rel}","templated":true}]}}