{"id":49455,"date":"2024-11-24T23:00:00","date_gmt":"2024-11-25T02:00:00","guid":{"rendered":"https:\/\/news.ecclesia.org.br\/?p=49455"},"modified":"2024-12-03T20:24:56","modified_gmt":"2024-12-03T23:24:56","slug":"25-de-novembro-festa-de-santa-catarina-de-alexandria","status":"publish","type":"post","link":"https:\/\/news.ecclesia.org.br\/?p=49455","title":{"rendered":"25 de Novembro: Festa de Santa Catarina De Alexandria"},"content":{"rendered":"\t\t<div data-elementor-type=\"wp-post\" data-elementor-id=\"49455\" class=\"elementor elementor-49455\">\n\t\t\t\t\t\t<section class=\"elementor-section elementor-top-section elementor-element elementor-element-64e1d29 elementor-section-boxed elementor-section-height-default elementor-section-height-default\" data-id=\"64e1d29\" data-element_type=\"section\" data-e-type=\"section\">\n\t\t\t\t\t\t<div class=\"elementor-container elementor-column-gap-default\">\n\t\t\t\t\t<div class=\"elementor-column elementor-col-100 elementor-top-column elementor-element elementor-element-0afc9ed\" data-id=\"0afc9ed\" data-element_type=\"column\" data-e-type=\"column\">\n\t\t\t<div class=\"elementor-widget-wrap elementor-element-populated\">\n\t\t\t\t\t\t<div class=\"elementor-element elementor-element-223e170 elementor-widget elementor-widget-image\" data-id=\"223e170\" data-element_type=\"widget\" data-e-type=\"widget\" data-widget_type=\"image.default\">\n\t\t\t\t<div class=\"elementor-widget-container\">\n\t\t\t\t\t\t\t\t\t\t\t\t\t\t\t<img fetchpriority=\"high\" decoding=\"async\" width=\"960\" height=\"798\" src=\"https:\/\/news.ecclesia.org.br\/wp-content\/uploads\/2024\/11\/25-catarina-de-alexandria-17.jpg\" class=\"attachment-large size-large wp-image-49457\" alt=\"\" srcset=\"https:\/\/news.ecclesia.org.br\/wp-content\/uploads\/2024\/11\/25-catarina-de-alexandria-17.jpg 960w, https:\/\/news.ecclesia.org.br\/wp-content\/uploads\/2024\/11\/25-catarina-de-alexandria-17-300x249.jpg 300w, https:\/\/news.ecclesia.org.br\/wp-content\/uploads\/2024\/11\/25-catarina-de-alexandria-17-768x638.jpg 768w, https:\/\/news.ecclesia.org.br\/wp-content\/uploads\/2024\/11\/25-catarina-de-alexandria-17-66x55.jpg 66w\" sizes=\"(max-width: 960px) 100vw, 960px\" \/>\t\t\t\t\t\t\t\t\t\t\t\t\t\t\t<\/div>\n\t\t\t\t<\/div>\n\t\t\t\t\t<\/div>\n\t\t<\/div>\n\t\t\t\t\t<\/div>\n\t\t<\/section>\n\t\t\t\t<section class=\"elementor-section elementor-top-section elementor-element elementor-element-0e88293 elementor-section-boxed elementor-section-height-default elementor-section-height-default\" data-id=\"0e88293\" data-element_type=\"section\" data-e-type=\"section\">\n\t\t\t\t\t\t<div class=\"elementor-container elementor-column-gap-default\">\n\t\t\t\t\t<div class=\"elementor-column elementor-col-100 elementor-top-column elementor-element elementor-element-3dc32a3\" data-id=\"3dc32a3\" data-element_type=\"column\" data-e-type=\"column\">\n\t\t\t<div class=\"elementor-widget-wrap elementor-element-populated\">\n\t\t\t\t\t\t<div class=\"elementor-element elementor-element-7d19f26 elementor-widget elementor-widget-heading\" data-id=\"7d19f26\" data-element_type=\"widget\" data-e-type=\"widget\" data-widget_type=\"heading.default\">\n\t\t\t\t<div class=\"elementor-widget-container\">\n\t\t\t\t\t<h2 class=\"elementor-heading-title elementor-size-default\">Santa Catarina de Alexandria: Hagiografia e Rel\u00edquias<\/h2>\t\t\t\t<\/div>\n\t\t\t\t<\/div>\n\t\t\t\t<div class=\"elementor-element elementor-element-e00025b elementor-widget elementor-widget-heading\" data-id=\"e00025b\" data-element_type=\"widget\" data-e-type=\"widget\" data-widget_type=\"heading.default\">\n\t\t\t\t<div class=\"elementor-widget-container\">\n\t\t\t\t\t<h3 class=\"elementor-heading-title elementor-size-default\">Breve Hagiografia de Santa Catarina<\/h3>\t\t\t\t<\/div>\n\t\t\t\t<\/div>\n\t\t\t\t<div class=\"elementor-element elementor-element-c084cb7 elementor-widget elementor-widget-text-editor\" data-id=\"c084cb7\" data-element_type=\"widget\" data-e-type=\"widget\" data-widget_type=\"text-editor.default\">\n\t\t\t\t<div class=\"elementor-widget-container\">\n\t\t\t\t\t\t\t\t\t<p>Santa Catarina de Alexandria nasceu em 287, em Alexandria, no Egito. Filha do imperador Costes e da imperatriz Sabinela, foi educada em um ambiente nobre e culturalmente refinado. Ap\u00f3s a morte de seu pai, sua m\u00e3e se mudou para a Cil\u00edcia, onde se converteu ao cristianismo, influenciada por Ananias, um ermit\u00e3o local. Catarina, com apenas 8 anos, tornou-se conhecida por sua intelig\u00eancia e beleza, destacando-se como defensora da f\u00e9 crist\u00e3.<\/p>\t\t\t\t\t\t\t\t<\/div>\n\t\t\t\t<\/div>\n\t\t\t\t\t<\/div>\n\t\t<\/div>\n\t\t\t\t\t<\/div>\n\t\t<\/section>\n\t\t\t\t<section class=\"elementor-section elementor-top-section elementor-element elementor-element-b143b09 elementor-section-boxed elementor-section-height-default elementor-section-height-default\" data-id=\"b143b09\" data-element_type=\"section\" data-e-type=\"section\">\n\t\t\t\t\t\t<div class=\"elementor-container elementor-column-gap-default\">\n\t\t\t\t\t<div class=\"elementor-column elementor-col-100 elementor-top-column elementor-element elementor-element-2610a2a\" data-id=\"2610a2a\" data-element_type=\"column\" data-e-type=\"column\">\n\t\t\t<div class=\"elementor-widget-wrap elementor-element-populated\">\n\t\t\t\t\t\t<div class=\"elementor-element elementor-element-3d4ff8d elementor-widget elementor-widget-heading\" data-id=\"3d4ff8d\" data-element_type=\"widget\" data-e-type=\"widget\" data-widget_type=\"heading.default\">\n\t\t\t\t<div class=\"elementor-widget-container\">\n\t\t\t\t\t<h3 class=\"elementor-heading-title elementor-size-default\">O Sonho e a Voca\u00e7\u00e3o<\/h3>\t\t\t\t<\/div>\n\t\t\t\t<\/div>\n\t\t\t\t<div class=\"elementor-element elementor-element-880a338 elementor-widget elementor-widget-text-editor\" data-id=\"880a338\" data-element_type=\"widget\" data-e-type=\"widget\" data-widget_type=\"text-editor.default\">\n\t\t\t\t<div class=\"elementor-widget-container\">\n\t\t\t\t\t\t\t\t\t<p>Aos 12 anos, Catarina teve um sonho no qual Jesus a declarou sua noiva, entregando-lhe um anel como s\u00edmbolo. A partir desse momento, passou a ser chamada de \u00abNoiva de Cristo\u00bb, dedicando-se completamente \u00e0 f\u00e9 e ao servi\u00e7o divino.<\/p>\t\t\t\t\t\t\t\t<\/div>\n\t\t\t\t<\/div>\n\t\t\t\t\t<\/div>\n\t\t<\/div>\n\t\t\t\t\t<\/div>\n\t\t<\/section>\n\t\t\t\t<section class=\"elementor-section elementor-top-section elementor-element elementor-element-b636236 elementor-section-boxed elementor-section-height-default elementor-section-height-default\" data-id=\"b636236\" data-element_type=\"section\" data-e-type=\"section\">\n\t\t\t\t\t\t<div class=\"elementor-container elementor-column-gap-default\">\n\t\t\t\t\t<div class=\"elementor-column elementor-col-100 elementor-top-column elementor-element elementor-element-5a7b198\" data-id=\"5a7b198\" data-element_type=\"column\" data-e-type=\"column\">\n\t\t\t<div class=\"elementor-widget-wrap elementor-element-populated\">\n\t\t\t\t\t\t<div class=\"elementor-element elementor-element-c428ea5 elementor-widget elementor-widget-heading\" data-id=\"c428ea5\" data-element_type=\"widget\" data-e-type=\"widget\" data-widget_type=\"heading.default\">\n\t\t\t\t<div class=\"elementor-widget-container\">\n\t\t\t\t\t<h3 class=\"elementor-heading-title elementor-size-default\">O Debate com os S\u00e1bios<\/h3>\t\t\t\t<\/div>\n\t\t\t\t<\/div>\n\t\t\t\t<div class=\"elementor-element elementor-element-c37342b elementor-widget elementor-widget-text-editor\" data-id=\"c37342b\" data-element_type=\"widget\" data-e-type=\"widget\" data-widget_type=\"text-editor.default\">\n\t\t\t\t<div class=\"elementor-widget-container\">\n\t\t\t\t\t\t\t\t\t<p>Com apenas 17 anos, Catarina foi desafiada pelo imperador Maximino Daia a debater com seus maiores s\u00e1bios. Ela n\u00e3o apenas venceu o debate como converteu seus oponentes ao cristianismo. Enfurecido, Maximino ordenou a pris\u00e3o e mart\u00edrio da jovem.<\/p>\t\t\t\t\t\t\t\t<\/div>\n\t\t\t\t<\/div>\n\t\t\t\t\t<\/div>\n\t\t<\/div>\n\t\t\t\t\t<\/div>\n\t\t<\/section>\n\t\t\t\t<section class=\"elementor-section elementor-top-section elementor-element elementor-element-f714158 elementor-section-boxed elementor-section-height-default elementor-section-height-default\" data-id=\"f714158\" data-element_type=\"section\" data-e-type=\"section\">\n\t\t\t\t\t\t<div class=\"elementor-container elementor-column-gap-default\">\n\t\t\t\t\t<div class=\"elementor-column elementor-col-100 elementor-top-column elementor-element elementor-element-3b03e41\" data-id=\"3b03e41\" data-element_type=\"column\" data-e-type=\"column\">\n\t\t\t<div class=\"elementor-widget-wrap elementor-element-populated\">\n\t\t\t\t\t\t<div class=\"elementor-element elementor-element-4879170 elementor-widget elementor-widget-heading\" data-id=\"4879170\" data-element_type=\"widget\" data-e-type=\"widget\" data-widget_type=\"heading.default\">\n\t\t\t\t<div class=\"elementor-widget-container\">\n\t\t\t\t\t<h3 class=\"elementor-heading-title elementor-size-default\">O Mart\u00edrio<\/h3>\t\t\t\t<\/div>\n\t\t\t\t<\/div>\n\t\t\t\t<div class=\"elementor-element elementor-element-f242450 elementor-widget elementor-widget-text-editor\" data-id=\"f242450\" data-element_type=\"widget\" data-e-type=\"widget\" data-widget_type=\"text-editor.default\">\n\t\t\t\t<div class=\"elementor-widget-container\">\n\t\t\t\t\t\t\t\t\t<p>Catarina foi submetida ao supl\u00edcio da roda, um instrumento cruel que deveria dilacerar seu corpo. No entanto, segundo a tradi\u00e7\u00e3o, um raio divino destruiu as rodas, poupando-a temporariamente. Mesmo assim, Maximino ordenou sua decapita\u00e7\u00e3o em 25 de novembro de 305.<\/p>\t\t\t\t\t\t\t\t<\/div>\n\t\t\t\t<\/div>\n\t\t\t\t\t<\/div>\n\t\t<\/div>\n\t\t\t\t\t<\/div>\n\t\t<\/section>\n\t\t\t\t<section class=\"elementor-section elementor-top-section elementor-element elementor-element-de0a160 elementor-section-boxed elementor-section-height-default elementor-section-height-default\" data-id=\"de0a160\" data-element_type=\"section\" data-e-type=\"section\">\n\t\t\t\t\t\t<div class=\"elementor-container elementor-column-gap-default\">\n\t\t\t\t\t<div class=\"elementor-column elementor-col-100 elementor-top-column elementor-element elementor-element-88b248d\" data-id=\"88b248d\" data-element_type=\"column\" data-e-type=\"column\">\n\t\t\t<div class=\"elementor-widget-wrap elementor-element-populated\">\n\t\t\t\t\t\t<div class=\"elementor-element elementor-element-8173b1a elementor-widget elementor-widget-heading\" data-id=\"8173b1a\" data-element_type=\"widget\" data-e-type=\"widget\" data-widget_type=\"heading.default\">\n\t\t\t\t<div class=\"elementor-widget-container\">\n\t\t\t\t\t<h2 class=\"elementor-heading-title elementor-size-default\">As Rel\u00edquias de Santa Catarina em Florian\u00f3polis<\/h2>\t\t\t\t<\/div>\n\t\t\t\t<\/div>\n\t\t\t\t<div class=\"elementor-element elementor-element-239d345 elementor-widget elementor-widget-heading\" data-id=\"239d345\" data-element_type=\"widget\" data-e-type=\"widget\" data-widget_type=\"heading.default\">\n\t\t\t\t<div class=\"elementor-widget-container\">\n\t\t\t\t\t<h3 class=\"elementor-heading-title elementor-size-default\">O Processo de Transfer\u00eancia<\/h3>\t\t\t\t<\/div>\n\t\t\t\t<\/div>\n\t\t\t\t<div class=\"elementor-element elementor-element-c2b1dec elementor-widget elementor-widget-text-editor\" data-id=\"c2b1dec\" data-element_type=\"widget\" data-e-type=\"widget\" data-widget_type=\"text-editor.default\">\n\t\t\t\t<div class=\"elementor-widget-container\">\n\t\t\t\t\t\t\t\t\t<p>\u00a0A transfer\u00eancia das rel\u00edquias de Santa Catarina para Florian\u00f3polis iniciou-se em 2000, liderada pela Igreja Ortodoxa Grega e com apoio do ent\u00e3o governador Esperidi\u00e3o Amin. Ap\u00f3s tratativas complexas com o Mosteiro de Santa Catarina, no Monte Sinai, uma pequena por\u00e7\u00e3o da quinta costela direita da santa foi cedida.<\/p>\t\t\t\t\t\t\t\t<\/div>\n\t\t\t\t<\/div>\n\t\t\t\t\t<\/div>\n\t\t<\/div>\n\t\t\t\t\t<\/div>\n\t\t<\/section>\n\t\t\t\t<section class=\"elementor-section elementor-top-section elementor-element elementor-element-d4b32a2 elementor-section-boxed elementor-section-height-default elementor-section-height-default\" data-id=\"d4b32a2\" data-element_type=\"section\" data-e-type=\"section\">\n\t\t\t\t\t\t<div class=\"elementor-container elementor-column-gap-default\">\n\t\t\t\t\t<div class=\"elementor-column elementor-col-100 elementor-top-column elementor-element elementor-element-32fc213\" data-id=\"32fc213\" data-element_type=\"column\" data-e-type=\"column\">\n\t\t\t<div class=\"elementor-widget-wrap elementor-element-populated\">\n\t\t\t\t\t\t<div class=\"elementor-element elementor-element-6836f71 elementor-widget elementor-widget-heading\" data-id=\"6836f71\" data-element_type=\"widget\" data-e-type=\"widget\" data-widget_type=\"heading.default\">\n\t\t\t\t<div class=\"elementor-widget-container\">\n\t\t\t\t\t<h3 class=\"elementor-heading-title elementor-size-default\">Exig\u00eancias do Mosteiro<\/h3>\t\t\t\t<\/div>\n\t\t\t\t<\/div>\n\t\t\t\t<div class=\"elementor-element elementor-element-81eb59b elementor-widget elementor-widget-text-editor\" data-id=\"81eb59b\" data-element_type=\"widget\" data-e-type=\"widget\" data-widget_type=\"text-editor.default\">\n\t\t\t\t<div class=\"elementor-widget-container\">\n\t\t\t\t\t\t\t\t\t<p>Para a libera\u00e7\u00e3o da rel\u00edquia, os monges do Monte Sinai exigiram:<\/p><ul><li>Constru\u00e7\u00e3o de uma capela ecum\u00eanica;<\/li><li>Garantia de seguran\u00e7a e acesso p\u00fablico \u00e0 rel\u00edquia;<\/li><li>Compromisso formal de preserva\u00e7\u00e3o.<\/li><\/ul><p>Essas condi\u00e7\u00f5es foram atendidas, resultando na constru\u00e7\u00e3o da Capela Ecum\u00eanica Santa Catarina de Alexandria, localizada em frente ao Tribunal de Justi\u00e7a de Santa Catarina.<\/p>\t\t\t\t\t\t\t\t<\/div>\n\t\t\t\t<\/div>\n\t\t\t\t\t<\/div>\n\t\t<\/div>\n\t\t\t\t\t<\/div>\n\t\t<\/section>\n\t\t\t\t<section class=\"elementor-section elementor-top-section elementor-element elementor-element-5e9f986 elementor-section-boxed elementor-section-height-default elementor-section-height-default\" data-id=\"5e9f986\" data-element_type=\"section\" data-e-type=\"section\">\n\t\t\t\t\t\t<div class=\"elementor-container elementor-column-gap-default\">\n\t\t\t\t\t<div class=\"elementor-column elementor-col-100 elementor-top-column elementor-element elementor-element-64be0b7\" data-id=\"64be0b7\" data-element_type=\"column\" data-e-type=\"column\">\n\t\t\t<div class=\"elementor-widget-wrap elementor-element-populated\">\n\t\t\t\t\t\t<div class=\"elementor-element elementor-element-025a007 elementor-widget elementor-widget-heading\" data-id=\"025a007\" data-element_type=\"widget\" data-e-type=\"widget\" data-widget_type=\"heading.default\">\n\t\t\t\t<div class=\"elementor-widget-container\">\n\t\t\t\t\t<h3 class=\"elementor-heading-title elementor-size-default\">O Papel de Monsenhor Angelos<\/h3>\t\t\t\t<\/div>\n\t\t\t\t<\/div>\n\t\t\t\t<div class=\"elementor-element elementor-element-936475e elementor-widget elementor-widget-text-editor\" data-id=\"936475e\" data-element_type=\"widget\" data-e-type=\"widget\" data-widget_type=\"text-editor.default\">\n\t\t\t\t<div class=\"elementor-widget-container\">\n\t\t\t\t\t\t\t\t\t<p>Monsenhor Angelos Kontaxis desempenhou um papel crucial nesse processo, negociando diretamente com os monges do Monte Sinai. Aos 76 anos, subiu ao Monte Sinai, trazendo consigo uma pedra simb\u00f3lica e a t\u00e3o desejada rel\u00edquia.<\/p>\t\t\t\t\t\t\t\t<\/div>\n\t\t\t\t<\/div>\n\t\t\t\t\t<\/div>\n\t\t<\/div>\n\t\t\t\t\t<\/div>\n\t\t<\/section>\n\t\t\t\t<section class=\"elementor-section elementor-top-section elementor-element elementor-element-e108c27 elementor-section-boxed elementor-section-height-default elementor-section-height-default\" data-id=\"e108c27\" data-element_type=\"section\" data-e-type=\"section\">\n\t\t\t\t\t\t<div class=\"elementor-container elementor-column-gap-default\">\n\t\t\t\t\t<div class=\"elementor-column elementor-col-100 elementor-top-column elementor-element elementor-element-4e1e1fd\" data-id=\"4e1e1fd\" data-element_type=\"column\" data-e-type=\"column\">\n\t\t\t<div class=\"elementor-widget-wrap elementor-element-populated\">\n\t\t\t\t\t\t<div class=\"elementor-element elementor-element-065ddb5 elementor-widget elementor-widget-heading\" data-id=\"065ddb5\" data-element_type=\"widget\" data-e-type=\"widget\" data-widget_type=\"heading.default\">\n\t\t\t\t<div class=\"elementor-widget-container\">\n\t\t\t\t\t<h3 class=\"elementor-heading-title elementor-size-default\">A Capela Ecum\u00eanica e as Rel\u00edquias<\/h3>\t\t\t\t<\/div>\n\t\t\t\t<\/div>\n\t\t\t\t<div class=\"elementor-element elementor-element-887a318 elementor-widget elementor-widget-text-editor\" data-id=\"887a318\" data-element_type=\"widget\" data-e-type=\"widget\" data-widget_type=\"text-editor.default\">\n\t\t\t\t<div class=\"elementor-widget-container\">\n\t\t\t\t\t\t\t\t\t<h3>\u00a0<strong>Caracter\u00edsticas da Capela<\/strong><\/h3><p><strong>Localiza\u00e7\u00e3o<\/strong>: Pr\u00f3xima ao Tribunal de Justi\u00e7a de Santa Catarina.<\/p><ul><li>Projeto Arquitet\u00f4nico: Desenvolvido por Aldo Luiz Eickhoff, utilizando argamassa armada.<\/li><li>Simbolismo: Representa uni\u00e3o e harmonia entre os continentes, al\u00e9m de m\u00e3os em ora\u00e7\u00e3o.<\/li><li>Capacidade: 37 pessoas sentadas.<\/li><\/ul><h3><strong>Rel\u00edquias Presentes<\/strong><\/h3><ul><li>Um fragmento da quinta costela direita de Santa Catarina.<\/li><li>Uma pedra do Monte Sinai, trazida por Monsenhor Angelos.<\/li><\/ul>\t\t\t\t\t\t\t\t<\/div>\n\t\t\t\t<\/div>\n\t\t\t\t\t<\/div>\n\t\t<\/div>\n\t\t\t\t\t<\/div>\n\t\t<\/section>\n\t\t\t\t<section class=\"elementor-section elementor-top-section elementor-element elementor-element-a3bc142 elementor-section-boxed elementor-section-height-default elementor-section-height-default\" data-id=\"a3bc142\" data-element_type=\"section\" data-e-type=\"section\">\n\t\t\t\t\t\t<div class=\"elementor-container elementor-column-gap-default\">\n\t\t\t\t\t<div class=\"elementor-column elementor-col-100 elementor-top-column elementor-element elementor-element-4e44d96\" data-id=\"4e44d96\" data-element_type=\"column\" data-e-type=\"column\">\n\t\t\t<div class=\"elementor-widget-wrap\">\n\t\t\t\t\t\t\t<\/div>\n\t\t<\/div>\n\t\t\t\t\t<\/div>\n\t\t<\/section>\n\t\t\t\t<section class=\"elementor-section elementor-top-section elementor-element elementor-element-eb34e1c elementor-section-boxed elementor-section-height-default elementor-section-height-default\" data-id=\"eb34e1c\" data-element_type=\"section\" data-e-type=\"section\">\n\t\t\t\t\t\t<div class=\"elementor-container elementor-column-gap-default\">\n\t\t\t\t\t<div class=\"elementor-column elementor-col-100 elementor-top-column elementor-element elementor-element-0798655\" data-id=\"0798655\" data-element_type=\"column\" data-e-type=\"column\">\n\t\t\t<div class=\"elementor-widget-wrap elementor-element-populated\">\n\t\t\t\t\t\t<div class=\"elementor-element elementor-element-f815902 elementor-widget elementor-widget-heading\" data-id=\"f815902\" data-element_type=\"widget\" data-e-type=\"widget\" data-widget_type=\"heading.default\">\n\t\t\t\t<div class=\"elementor-widget-container\">\n\t\t\t\t\t<h3 class=\"elementor-heading-title elementor-size-default\">Curiosidades Hist\u00f3ricas<\/h3>\t\t\t\t<\/div>\n\t\t\t\t<\/div>\n\t\t\t\t<div class=\"elementor-element elementor-element-b9a3028 elementor-widget elementor-widget-text-editor\" data-id=\"b9a3028\" data-element_type=\"widget\" data-e-type=\"widget\" data-widget_type=\"text-editor.default\">\n\t\t\t\t<div class=\"elementor-widget-container\">\n\t\t\t\t\t\t\t\t\t<ul><li>O nome Santa Catarina foi dado ao estado em 1526 pelo navegador Sebasti\u00e3o Caboto, como homenagem \u00e0 sua esposa e \u00e0 santa padroeira.<\/li><li>A rel\u00edquia de Santa Catarina que est\u00e1 em Florian\u00f3polis foi preservada pelo Monast\u00e9rio de Monte Sinai por mais de 1.700 anos.<\/li><\/ul>\t\t\t\t\t\t\t\t<\/div>\n\t\t\t\t<\/div>\n\t\t\t\t\t<\/div>\n\t\t<\/div>\n\t\t\t\t\t<\/div>\n\t\t<\/section>\n\t\t\t\t<section class=\"elementor-section elementor-top-section elementor-element elementor-element-12ab9b6 elementor-section-boxed elementor-section-height-default elementor-section-height-default\" data-id=\"12ab9b6\" data-element_type=\"section\" data-e-type=\"section\">\n\t\t\t\t\t\t<div class=\"elementor-container elementor-column-gap-default\">\n\t\t\t\t\t<div class=\"elementor-column elementor-col-100 elementor-top-column elementor-element elementor-element-074e70f\" data-id=\"074e70f\" data-element_type=\"column\" data-e-type=\"column\">\n\t\t\t<div class=\"elementor-widget-wrap elementor-element-populated\">\n\t\t\t\t\t\t<div class=\"elementor-element elementor-element-d0d15d8 elementor-widget elementor-widget-heading\" data-id=\"d0d15d8\" data-element_type=\"widget\" data-e-type=\"widget\" data-widget_type=\"heading.default\">\n\t\t\t\t<div class=\"elementor-widget-container\">\n\t\t\t\t\t<h3 class=\"elementor-heading-title elementor-size-default\">Visite as Rel\u00edquias de Santa Catarina<\/h3>\t\t\t\t<\/div>\n\t\t\t\t<\/div>\n\t\t\t\t<div class=\"elementor-element elementor-element-30779fc elementor-widget elementor-widget-text-editor\" data-id=\"30779fc\" data-element_type=\"widget\" data-e-type=\"widget\" data-widget_type=\"text-editor.default\">\n\t\t\t\t<div class=\"elementor-widget-container\">\n\t\t\t\t\t\t\t\t\t<p>Atualmente, as rel\u00edquias podem ser visitadas:<\/p><ol><li>Na Capela Ecum\u00eanica Santa Catarina de Alexandria. pr\u00f3xima ao Tribunal de Justi\u00e7a.<\/li><li>Na Igreja Ortodoxa Grega S\u00e3o Nicolau, no centro de Florian\u00f3polis.<\/li><\/ol><p>Para mais informa\u00e7\u00f5es, acesse o [site do Tribunal de Justi\u00e7a de Santa Catarina](<a href=\"https:\/\/www.tjsc.jus.br\" target=\"_blank\" rel=\"noopener\">https:\/\/www.tjsc.jus.br<\/a>) ou visite a [Igreja Ortodoxa Grega de Florian\u00f3polis](<a href=\"https:\/\/igrejasaonicolau.org\" target=\"_blank\" rel=\"noopener\">https:\/\/igrejas\u00e3onicolau.org<\/a>).<\/p>\t\t\t\t\t\t\t\t<\/div>\n\t\t\t\t<\/div>\n\t\t\t\t\t<\/div>\n\t\t<\/div>\n\t\t\t\t\t<\/div>\n\t\t<\/section>\n\t\t\t\t<section class=\"elementor-section elementor-top-section elementor-element elementor-element-807e6e9 elementor-section-boxed elementor-section-height-default elementor-section-height-default\" data-id=\"807e6e9\" data-element_type=\"section\" data-e-type=\"section\">\n\t\t\t\t\t\t<div class=\"elementor-container elementor-column-gap-default\">\n\t\t\t\t\t<div class=\"elementor-column elementor-col-100 elementor-top-column elementor-element elementor-element-66ac20f\" data-id=\"66ac20f\" data-element_type=\"column\" data-e-type=\"column\">\n\t\t\t<div class=\"elementor-widget-wrap elementor-element-populated\">\n\t\t\t\t\t\t<div class=\"elementor-element elementor-element-f83bd82 elementor-widget elementor-widget-heading\" data-id=\"f83bd82\" data-element_type=\"widget\" data-e-type=\"widget\" data-widget_type=\"heading.default\">\n\t\t\t\t<div class=\"elementor-widget-container\">\n\t\t\t\t\t<h2 class=\"elementor-heading-title elementor-size-default\">Santa Catarina de Alexandria: A Santa que desafiou o Imperador e inspirou f\u00e9 e coragem<\/h2>\t\t\t\t<\/div>\n\t\t\t\t<\/div>\n\t\t\t\t<div class=\"elementor-element elementor-element-3b9930b elementor-widget elementor-widget-text-editor\" data-id=\"3b9930b\" data-element_type=\"widget\" data-e-type=\"widget\" data-widget_type=\"text-editor.default\">\n\t\t\t\t<div class=\"elementor-widget-container\">\n\t\t\t\t\t\t\t\t\t<p>Santa Catarina de Alexandria, figura venerada tanto no Oriente quanto no Ocidente, \u00e9 um s\u00edmbolo de sabedoria e f\u00e9 inabal\u00e1vel. Nascida em 287, na cidade de Alexandria, no Egito, Catarina era filha de pais nobres: o imperador Costes e a imperatriz Sabinela. Com a morte de seu pai, sua m\u00e3e a levou para a Cil\u00edcia, onde ambas se converteram ao cristianismo, influenciadas por um ermit\u00e3o chamado Ananias. Catarina, mesmo muito jovem, destacava-se por sua beleza e intelig\u00eancia, atraindo a aten\u00e7\u00e3o e admira\u00e7\u00e3o da regi\u00e3o.<\/p><p>Aos 12 anos, Catarina teve um sonho em que Jesus lhe apareceu e a proclamou sua noiva, entregando-lhe um anel. No dia seguinte, sua m\u00e3e interpretou o sonho como um sinal divino e mandou confeccionar um anel f\u00edsico, marcando Catarina como &#8220;Noiva de Cristo&#8221;. Crescendo em f\u00e9 e caridade, ela se tornou uma grande defensora do cristianismo.<\/p><p>Aos 17 anos, sua fama como mulher de sabedoria e eloqu\u00eancia chegou aos ouvidos do imperador Maximino Daia, que perseguia crist\u00e3os em Alexandria. Maximino a desafiou para um debate com os mais renomados s\u00e1bios de seu reino, prometendo-lhe liberdade para professar sua f\u00e9 se vencesse. Catarina aceitou e, ao final do debate, converteu todos os s\u00e1bios ao cristianismo. Furioso com o resultado, Maximino ordenou a execu\u00e7\u00e3o dos s\u00e1bios e a prendeu.<\/p><p>Durante dois anos, Catarina enfrentou torturas e humilha\u00e7\u00f5es em uma masmorra, recusando as propostas do imperador de renunciar \u00e0 sua f\u00e9 e despos\u00e1-lo. Foi condenada ao supl\u00edcio da roda, um instrumento cruel que dilaceraria seu corpo. Contudo, ao ser levada para a execu\u00e7\u00e3o, Catarina orou e um raio destruiu a roda, matando os soldados que a conduziam. Diante desse milagre, Maximino, enfurecido, ordenou sua decapita\u00e7\u00e3o, que ocorreu em 25 de novembro de 305.<\/p><p>A devo\u00e7\u00e3o a Santa Catarina se espalhou e suas rel\u00edquias passaram a ser veneradas. Elas se encontram no Monast\u00e9rio de Santa Catarina, ao p\u00e9 do Monte Sinai, no Egito. Em Florian\u00f3polis, duas rel\u00edquias da santa est\u00e3o guardadas: uma na Igreja Ortodoxa Grega S\u00e3o Nicolau e outra na Capela Ecum\u00eanica do Tribunal de Justi\u00e7a de Santa Catarina, constru\u00edda especificamente para abrigar sua rel\u00edquia.<\/p><p>Catarina de Alexandria \u00e9 um exemplo de f\u00e9, coragem e resili\u00eancia, uma santa que enfrentou o poder imperial e inspirou gera\u00e7\u00f5es. Seu legado est\u00e1 presente tanto na Igreja Crist\u00e3 quanto na devo\u00e7\u00e3o popular, como padroeira dos estudantes e dos fil\u00f3sofos.<\/p>\t\t\t\t\t\t\t\t<\/div>\n\t\t\t\t<\/div>\n\t\t\t\t\t<\/div>\n\t\t<\/div>\n\t\t\t\t\t<\/div>\n\t\t<\/section>\n\t\t\t\t<\/div>\n\t\t","protected":false},"excerpt":{"rendered":"<p>Santa Catarina de Alexandria: Hagiografia e Rel\u00edquias Breve Hagiografia de Santa Catarina Santa Catarina de Alexandria nasceu em 287, em Alexandria, no Egito. Filha do imperador Costes e da imperatriz Sabinela, foi educada em um ambiente nobre e culturalmente refinado.&#8230;<\/p>\n","protected":false},"author":1,"featured_media":10255,"comment_status":"open","ping_status":"open","sticky":false,"template":"","format":"standard","meta":{"_acf_changed":false,"footnotes":""},"categories":[1,2739,2751],"tags":[3106,2984,2821],"class_list":["post-49455","post","type-post","status-publish","format-standard","has-post-thumbnail","hentry","category-news","category-sinaxe","category-temas-pastorais","tag-reliquias","tag-santa-catarina-de-alexandria","tag-sinaxe","entry","rows-excerpt"],"acf":[],"yoast_head":"<!-- This site is optimized with the Yoast SEO plugin v27.5 - https:\/\/yoast.com\/product\/yoast-seo-wordpress\/ -->\n<title>25 de Novembro: Festa de Santa Catarina De Alexandria | ECCLESIA NEWS<\/title>\n<meta name=\"robots\" content=\"index, follow, max-snippet:-1, max-image-preview:large, max-video-preview:-1\" \/>\n<link rel=\"canonical\" href=\"https:\/\/news.ecclesia.org.br\/?p=49455\" \/>\n<meta property=\"og:locale\" content=\"pt_BR\" \/>\n<meta property=\"og:type\" content=\"article\" \/>\n<meta property=\"og:title\" content=\"25 de Novembro: Festa de Santa Catarina De Alexandria | ECCLESIA NEWS\" \/>\n<meta property=\"og:description\" content=\"Santa Catarina de Alexandria: Hagiografia e Rel\u00edquias Breve Hagiografia de Santa Catarina Santa Catarina de Alexandria nasceu em 287, em Alexandria, no Egito. Filha do imperador Costes e da imperatriz Sabinela, foi educada em um ambiente nobre e culturalmente refinado.&#8230;\" \/>\n<meta property=\"og:url\" content=\"https:\/\/news.ecclesia.org.br\/?p=49455\" \/>\n<meta property=\"og:site_name\" content=\"ECCLESIA NEWS\" \/>\n<meta property=\"article:publisher\" content=\"https:\/\/www.facebook.com\/Ecclesia2025\" \/>\n<meta property=\"article:published_time\" content=\"2024-11-25T02:00:00+00:00\" \/>\n<meta property=\"article:modified_time\" content=\"2024-12-03T23:24:56+00:00\" \/>\n<meta property=\"og:image\" content=\"https:\/\/news.ecclesia.org.br\/wp-content\/uploads\/2015\/12\/monasterio-santa-catarina-de-alexandria-sinai-egito-1-1024x685.jpg\" \/>\n\t<meta property=\"og:image:width\" content=\"1024\" \/>\n\t<meta property=\"og:image:height\" content=\"685\" \/>\n\t<meta property=\"og:image:type\" content=\"image\/jpeg\" \/>\n<meta name=\"author\" content=\"Pe. Andr\u00e9\" \/>\n<meta name=\"twitter:card\" content=\"summary_large_image\" \/>\n<meta name=\"twitter:creator\" content=\"@EcclesiaNews\" \/>\n<meta name=\"twitter:site\" content=\"@EcclesiaNews\" \/>\n<meta name=\"twitter:label1\" content=\"Escrito por\" \/>\n\t<meta name=\"twitter:data1\" content=\"Pe. Andr\u00e9\" \/>\n\t<meta name=\"twitter:label2\" content=\"Est. tempo de leitura\" \/>\n\t<meta name=\"twitter:data2\" content=\"5 minutos\" \/>\n<script type=\"application\/ld+json\" class=\"yoast-schema-graph\">{\"@context\":\"https:\\\/\\\/schema.org\",\"@graph\":[{\"@type\":\"Article\",\"@id\":\"https:\\\/\\\/news.ecclesia.org.br\\\/?p=49455#article\",\"isPartOf\":{\"@id\":\"https:\\\/\\\/news.ecclesia.org.br\\\/?p=49455\"},\"author\":{\"name\":\"Pe. Andr\u00e9\",\"@id\":\"https:\\\/\\\/news.ecclesia.org.br\\\/#\\\/schema\\\/person\\\/6f09597f025829745ba414a569f63758\"},\"headline\":\"25 de Novembro: Festa de Santa Catarina De Alexandria\",\"datePublished\":\"2024-11-25T02:00:00+00:00\",\"dateModified\":\"2024-12-03T23:24:56+00:00\",\"mainEntityOfPage\":{\"@id\":\"https:\\\/\\\/news.ecclesia.org.br\\\/?p=49455\"},\"wordCount\":1034,\"commentCount\":0,\"publisher\":{\"@id\":\"https:\\\/\\\/news.ecclesia.org.br\\\/#organization\"},\"image\":{\"@id\":\"https:\\\/\\\/news.ecclesia.org.br\\\/?p=49455#primaryimage\"},\"thumbnailUrl\":\"https:\\\/\\\/news.ecclesia.org.br\\\/wp-content\\\/uploads\\\/2015\\\/12\\\/monasterio-santa-catarina-de-alexandria-sinai-egito-1.jpg\",\"keywords\":[\"Rel\u00edquias\",\"Santa Catarina de Alexandria\",\"Sinaxe\"],\"articleSection\":[\"NEWS\",\"SINAXE\",\"Temas Pastorais\"],\"inLanguage\":\"pt-BR\",\"potentialAction\":[{\"@type\":\"CommentAction\",\"name\":\"Comment\",\"target\":[\"https:\\\/\\\/news.ecclesia.org.br\\\/?p=49455#respond\"]}]},{\"@type\":\"WebPage\",\"@id\":\"https:\\\/\\\/news.ecclesia.org.br\\\/?p=49455\",\"url\":\"https:\\\/\\\/news.ecclesia.org.br\\\/?p=49455\",\"name\":\"25 de Novembro: Festa de Santa Catarina De Alexandria | ECCLESIA NEWS\",\"isPartOf\":{\"@id\":\"https:\\\/\\\/news.ecclesia.org.br\\\/#website\"},\"primaryImageOfPage\":{\"@id\":\"https:\\\/\\\/news.ecclesia.org.br\\\/?p=49455#primaryimage\"},\"image\":{\"@id\":\"https:\\\/\\\/news.ecclesia.org.br\\\/?p=49455#primaryimage\"},\"thumbnailUrl\":\"https:\\\/\\\/news.ecclesia.org.br\\\/wp-content\\\/uploads\\\/2015\\\/12\\\/monasterio-santa-catarina-de-alexandria-sinai-egito-1.jpg\",\"datePublished\":\"2024-11-25T02:00:00+00:00\",\"dateModified\":\"2024-12-03T23:24:56+00:00\",\"breadcrumb\":{\"@id\":\"https:\\\/\\\/news.ecclesia.org.br\\\/?p=49455#breadcrumb\"},\"inLanguage\":\"pt-BR\",\"potentialAction\":[{\"@type\":\"ReadAction\",\"target\":[\"https:\\\/\\\/news.ecclesia.org.br\\\/?p=49455\"]}]},{\"@type\":\"ImageObject\",\"inLanguage\":\"pt-BR\",\"@id\":\"https:\\\/\\\/news.ecclesia.org.br\\\/?p=49455#primaryimage\",\"url\":\"https:\\\/\\\/news.ecclesia.org.br\\\/wp-content\\\/uploads\\\/2015\\\/12\\\/monasterio-santa-catarina-de-alexandria-sinai-egito-1.jpg\",\"contentUrl\":\"https:\\\/\\\/news.ecclesia.org.br\\\/wp-content\\\/uploads\\\/2015\\\/12\\\/monasterio-santa-catarina-de-alexandria-sinai-egito-1.jpg\",\"width\":3872,\"height\":2592,\"caption\":\"Monast\u00e9rio de Santa Catarina, constru\u00edda em 565 d. C, ainda hoje. (Foto: Wikimedia Commons)\"},{\"@type\":\"BreadcrumbList\",\"@id\":\"https:\\\/\\\/news.ecclesia.org.br\\\/?p=49455#breadcrumb\",\"itemListElement\":[{\"@type\":\"ListItem\",\"position\":1,\"name\":\"In\u00edcio\",\"item\":\"https:\\\/\\\/news.ecclesia.org.br\\\/\"},{\"@type\":\"ListItem\",\"position\":2,\"name\":\"25 de Novembro: Festa de Santa Catarina De Alexandria\"}]},{\"@type\":\"WebSite\",\"@id\":\"https:\\\/\\\/news.ecclesia.org.br\\\/#website\",\"url\":\"https:\\\/\\\/news.ecclesia.org.br\\\/\",\"name\":\"Ecclesia Brasil\",\"description\":\"Desde 2003 onectando o Brasil ao mundo ortodoxo!\",\"publisher\":{\"@id\":\"https:\\\/\\\/news.ecclesia.org.br\\\/#organization\"},\"alternateName\":\"Ecclesia\",\"potentialAction\":[{\"@type\":\"SearchAction\",\"target\":{\"@type\":\"EntryPoint\",\"urlTemplate\":\"https:\\\/\\\/news.ecclesia.org.br\\\/?s={search_term_string}\"},\"query-input\":{\"@type\":\"PropertyValueSpecification\",\"valueRequired\":true,\"valueName\":\"search_term_string\"}}],\"inLanguage\":\"pt-BR\"},{\"@type\":\"Organization\",\"@id\":\"https:\\\/\\\/news.ecclesia.org.br\\\/#organization\",\"name\":\"Sacra Arquidiocese de Buenos Aires e Am\u00e9rica do Sul | Patriarcado Ecum\u00eanico\",\"alternateName\":\"News Ecclesia Brasil\",\"url\":\"https:\\\/\\\/news.ecclesia.org.br\\\/\",\"logo\":{\"@type\":\"ImageObject\",\"inLanguage\":\"pt-BR\",\"@id\":\"https:\\\/\\\/news.ecclesia.org.br\\\/#\\\/schema\\\/logo\\\/image\\\/\",\"url\":\"https:\\\/\\\/news.ecclesia.org.br\\\/wp-content\\\/uploads\\\/2025\\\/05\\\/ecclesia2.png\",\"contentUrl\":\"https:\\\/\\\/news.ecclesia.org.br\\\/wp-content\\\/uploads\\\/2025\\\/05\\\/ecclesia2.png\",\"width\":480,\"height\":120,\"caption\":\"Sacra Arquidiocese de Buenos Aires e Am\u00e9rica do Sul | Patriarcado Ecum\u00eanico\"},\"image\":{\"@id\":\"https:\\\/\\\/news.ecclesia.org.br\\\/#\\\/schema\\\/logo\\\/image\\\/\"},\"sameAs\":[\"https:\\\/\\\/www.facebook.com\\\/Ecclesia2025\",\"https:\\\/\\\/x.com\\\/EcclesiaNews\",\"https:\\\/\\\/br.pinterest.com\\\/ekklisia\\\/\",\"https:\\\/\\\/www.youtube.com\\\/@EcclesiaBrasil\"]},{\"@type\":\"Person\",\"@id\":\"https:\\\/\\\/news.ecclesia.org.br\\\/#\\\/schema\\\/person\\\/6f09597f025829745ba414a569f63758\",\"name\":\"Pe. Andr\u00e9\",\"image\":{\"@type\":\"ImageObject\",\"inLanguage\":\"pt-BR\",\"@id\":\"https:\\\/\\\/secure.gravatar.com\\\/avatar\\\/b4327cfa27e9799da239a26adcd534fc29cdc0c4a4a148eecbcfeb9b42c617ac?s=96&d=mm&r=g\",\"url\":\"https:\\\/\\\/secure.gravatar.com\\\/avatar\\\/b4327cfa27e9799da239a26adcd534fc29cdc0c4a4a148eecbcfeb9b42c617ac?s=96&d=mm&r=g\",\"contentUrl\":\"https:\\\/\\\/secure.gravatar.com\\\/avatar\\\/b4327cfa27e9799da239a26adcd534fc29cdc0c4a4a148eecbcfeb9b42c617ac?s=96&d=mm&r=g\",\"caption\":\"Pe. Andr\u00e9\"},\"sameAs\":[\"https:\\\/\\\/www.ecclesia.org.br\"]}]}<\/script>\n<!-- \/ Yoast SEO plugin. -->","yoast_head_json":{"title":"25 de Novembro: Festa de Santa Catarina De Alexandria | ECCLESIA NEWS","robots":{"index":"index","follow":"follow","max-snippet":"max-snippet:-1","max-image-preview":"max-image-preview:large","max-video-preview":"max-video-preview:-1"},"canonical":"https:\/\/news.ecclesia.org.br\/?p=49455","og_locale":"pt_BR","og_type":"article","og_title":"25 de Novembro: Festa de Santa Catarina De Alexandria | ECCLESIA NEWS","og_description":"Santa Catarina de Alexandria: Hagiografia e Rel\u00edquias Breve Hagiografia de Santa Catarina Santa Catarina de Alexandria nasceu em 287, em Alexandria, no Egito. Filha do imperador Costes e da imperatriz Sabinela, foi educada em um ambiente nobre e culturalmente refinado.&#8230;","og_url":"https:\/\/news.ecclesia.org.br\/?p=49455","og_site_name":"ECCLESIA NEWS","article_publisher":"https:\/\/www.facebook.com\/Ecclesia2025","article_published_time":"2024-11-25T02:00:00+00:00","article_modified_time":"2024-12-03T23:24:56+00:00","og_image":[{"width":1024,"height":685,"url":"https:\/\/news.ecclesia.org.br\/wp-content\/uploads\/2015\/12\/monasterio-santa-catarina-de-alexandria-sinai-egito-1-1024x685.jpg","type":"image\/jpeg"}],"author":"Pe. Andr\u00e9","twitter_card":"summary_large_image","twitter_creator":"@EcclesiaNews","twitter_site":"@EcclesiaNews","twitter_misc":{"Escrito por":"Pe. Andr\u00e9","Est. tempo de leitura":"5 minutos"},"schema":{"@context":"https:\/\/schema.org","@graph":[{"@type":"Article","@id":"https:\/\/news.ecclesia.org.br\/?p=49455#article","isPartOf":{"@id":"https:\/\/news.ecclesia.org.br\/?p=49455"},"author":{"name":"Pe. Andr\u00e9","@id":"https:\/\/news.ecclesia.org.br\/#\/schema\/person\/6f09597f025829745ba414a569f63758"},"headline":"25 de Novembro: Festa de Santa Catarina De Alexandria","datePublished":"2024-11-25T02:00:00+00:00","dateModified":"2024-12-03T23:24:56+00:00","mainEntityOfPage":{"@id":"https:\/\/news.ecclesia.org.br\/?p=49455"},"wordCount":1034,"commentCount":0,"publisher":{"@id":"https:\/\/news.ecclesia.org.br\/#organization"},"image":{"@id":"https:\/\/news.ecclesia.org.br\/?p=49455#primaryimage"},"thumbnailUrl":"https:\/\/news.ecclesia.org.br\/wp-content\/uploads\/2015\/12\/monasterio-santa-catarina-de-alexandria-sinai-egito-1.jpg","keywords":["Rel\u00edquias","Santa Catarina de Alexandria","Sinaxe"],"articleSection":["NEWS","SINAXE","Temas Pastorais"],"inLanguage":"pt-BR","potentialAction":[{"@type":"CommentAction","name":"Comment","target":["https:\/\/news.ecclesia.org.br\/?p=49455#respond"]}]},{"@type":"WebPage","@id":"https:\/\/news.ecclesia.org.br\/?p=49455","url":"https:\/\/news.ecclesia.org.br\/?p=49455","name":"25 de Novembro: Festa de Santa Catarina De Alexandria | ECCLESIA NEWS","isPartOf":{"@id":"https:\/\/news.ecclesia.org.br\/#website"},"primaryImageOfPage":{"@id":"https:\/\/news.ecclesia.org.br\/?p=49455#primaryimage"},"image":{"@id":"https:\/\/news.ecclesia.org.br\/?p=49455#primaryimage"},"thumbnailUrl":"https:\/\/news.ecclesia.org.br\/wp-content\/uploads\/2015\/12\/monasterio-santa-catarina-de-alexandria-sinai-egito-1.jpg","datePublished":"2024-11-25T02:00:00+00:00","dateModified":"2024-12-03T23:24:56+00:00","breadcrumb":{"@id":"https:\/\/news.ecclesia.org.br\/?p=49455#breadcrumb"},"inLanguage":"pt-BR","potentialAction":[{"@type":"ReadAction","target":["https:\/\/news.ecclesia.org.br\/?p=49455"]}]},{"@type":"ImageObject","inLanguage":"pt-BR","@id":"https:\/\/news.ecclesia.org.br\/?p=49455#primaryimage","url":"https:\/\/news.ecclesia.org.br\/wp-content\/uploads\/2015\/12\/monasterio-santa-catarina-de-alexandria-sinai-egito-1.jpg","contentUrl":"https:\/\/news.ecclesia.org.br\/wp-content\/uploads\/2015\/12\/monasterio-santa-catarina-de-alexandria-sinai-egito-1.jpg","width":3872,"height":2592,"caption":"Monast\u00e9rio de Santa Catarina, constru\u00edda em 565 d. C, ainda hoje. (Foto: Wikimedia Commons)"},{"@type":"BreadcrumbList","@id":"https:\/\/news.ecclesia.org.br\/?p=49455#breadcrumb","itemListElement":[{"@type":"ListItem","position":1,"name":"In\u00edcio","item":"https:\/\/news.ecclesia.org.br\/"},{"@type":"ListItem","position":2,"name":"25 de Novembro: Festa de Santa Catarina De Alexandria"}]},{"@type":"WebSite","@id":"https:\/\/news.ecclesia.org.br\/#website","url":"https:\/\/news.ecclesia.org.br\/","name":"Ecclesia Brasil","description":"Desde 2003 onectando o Brasil ao mundo ortodoxo!","publisher":{"@id":"https:\/\/news.ecclesia.org.br\/#organization"},"alternateName":"Ecclesia","potentialAction":[{"@type":"SearchAction","target":{"@type":"EntryPoint","urlTemplate":"https:\/\/news.ecclesia.org.br\/?s={search_term_string}"},"query-input":{"@type":"PropertyValueSpecification","valueRequired":true,"valueName":"search_term_string"}}],"inLanguage":"pt-BR"},{"@type":"Organization","@id":"https:\/\/news.ecclesia.org.br\/#organization","name":"Sacra Arquidiocese de Buenos Aires e Am\u00e9rica do Sul | Patriarcado Ecum\u00eanico","alternateName":"News Ecclesia Brasil","url":"https:\/\/news.ecclesia.org.br\/","logo":{"@type":"ImageObject","inLanguage":"pt-BR","@id":"https:\/\/news.ecclesia.org.br\/#\/schema\/logo\/image\/","url":"https:\/\/news.ecclesia.org.br\/wp-content\/uploads\/2025\/05\/ecclesia2.png","contentUrl":"https:\/\/news.ecclesia.org.br\/wp-content\/uploads\/2025\/05\/ecclesia2.png","width":480,"height":120,"caption":"Sacra Arquidiocese de Buenos Aires e Am\u00e9rica do Sul | Patriarcado Ecum\u00eanico"},"image":{"@id":"https:\/\/news.ecclesia.org.br\/#\/schema\/logo\/image\/"},"sameAs":["https:\/\/www.facebook.com\/Ecclesia2025","https:\/\/x.com\/EcclesiaNews","https:\/\/br.pinterest.com\/ekklisia\/","https:\/\/www.youtube.com\/@EcclesiaBrasil"]},{"@type":"Person","@id":"https:\/\/news.ecclesia.org.br\/#\/schema\/person\/6f09597f025829745ba414a569f63758","name":"Pe. Andr\u00e9","image":{"@type":"ImageObject","inLanguage":"pt-BR","@id":"https:\/\/secure.gravatar.com\/avatar\/b4327cfa27e9799da239a26adcd534fc29cdc0c4a4a148eecbcfeb9b42c617ac?s=96&d=mm&r=g","url":"https:\/\/secure.gravatar.com\/avatar\/b4327cfa27e9799da239a26adcd534fc29cdc0c4a4a148eecbcfeb9b42c617ac?s=96&d=mm&r=g","contentUrl":"https:\/\/secure.gravatar.com\/avatar\/b4327cfa27e9799da239a26adcd534fc29cdc0c4a4a148eecbcfeb9b42c617ac?s=96&d=mm&r=g","caption":"Pe. Andr\u00e9"},"sameAs":["https:\/\/www.ecclesia.org.br"]}]}},"_links":{"self":[{"href":"https:\/\/news.ecclesia.org.br\/index.php?rest_route=\/wp\/v2\/posts\/49455","targetHints":{"allow":["GET"]}}],"collection":[{"href":"https:\/\/news.ecclesia.org.br\/index.php?rest_route=\/wp\/v2\/posts"}],"about":[{"href":"https:\/\/news.ecclesia.org.br\/index.php?rest_route=\/wp\/v2\/types\/post"}],"author":[{"embeddable":true,"href":"https:\/\/news.ecclesia.org.br\/index.php?rest_route=\/wp\/v2\/users\/1"}],"replies":[{"embeddable":true,"href":"https:\/\/news.ecclesia.org.br\/index.php?rest_route=%2Fwp%2Fv2%2Fcomments&post=49455"}],"version-history":[{"count":7,"href":"https:\/\/news.ecclesia.org.br\/index.php?rest_route=\/wp\/v2\/posts\/49455\/revisions"}],"predecessor-version":[{"id":49463,"href":"https:\/\/news.ecclesia.org.br\/index.php?rest_route=\/wp\/v2\/posts\/49455\/revisions\/49463"}],"wp:featuredmedia":[{"embeddable":true,"href":"https:\/\/news.ecclesia.org.br\/index.php?rest_route=\/wp\/v2\/media\/10255"}],"wp:attachment":[{"href":"https:\/\/news.ecclesia.org.br\/index.php?rest_route=%2Fwp%2Fv2%2Fmedia&parent=49455"}],"wp:term":[{"taxonomy":"category","embeddable":true,"href":"https:\/\/news.ecclesia.org.br\/index.php?rest_route=%2Fwp%2Fv2%2Fcategories&post=49455"},{"taxonomy":"post_tag","embeddable":true,"href":"https:\/\/news.ecclesia.org.br\/index.php?rest_route=%2Fwp%2Fv2%2Ftags&post=49455"}],"curies":[{"name":"wp","href":"https:\/\/api.w.org\/{rel}","templated":true}]}}