{"id":48903,"date":"2024-04-08T15:44:37","date_gmt":"2024-04-08T18:44:37","guid":{"rendered":"https:\/\/news.ecclesia.org.br\/?p=48903"},"modified":"2024-04-08T15:49:56","modified_gmt":"2024-04-08T18:49:56","slug":"o-sacerdote-nos-dias-atuais","status":"publish","type":"post","link":"https:\/\/news.ecclesia.org.br\/?p=48903","title":{"rendered":"O Sacerdote nos dias atuais"},"content":{"rendered":"\t\t<div data-elementor-type=\"wp-post\" data-elementor-id=\"48903\" class=\"elementor elementor-48903\">\n\t\t\t\t\t\t<section class=\"elementor-section elementor-top-section elementor-element elementor-element-445f9948 elementor-section-boxed elementor-section-height-default elementor-section-height-default\" data-id=\"445f9948\" data-element_type=\"section\" data-e-type=\"section\">\n\t\t\t\t\t\t<div class=\"elementor-container elementor-column-gap-default\">\n\t\t\t\t\t<div class=\"elementor-column elementor-col-100 elementor-top-column elementor-element elementor-element-4cc79d6d\" data-id=\"4cc79d6d\" data-element_type=\"column\" data-e-type=\"column\">\n\t\t\t<div class=\"elementor-widget-wrap elementor-element-populated\">\n\t\t\t\t\t\t<div class=\"elementor-element elementor-element-8fa4d34 elementor-widget elementor-widget-testimonial\" data-id=\"8fa4d34\" data-element_type=\"widget\" data-e-type=\"widget\" data-widget_type=\"testimonial.default\">\n\t\t\t\t<div class=\"elementor-widget-container\">\n\t\t\t\t\t\t\t<div class=\"elementor-testimonial-wrapper\">\n\t\t\t\t\t\t\t<div class=\"elementor-testimonial-content\">O sacerdote da atualidade vive em uma \u00e9poca de contradi\u00e7\u00f5es e de vis\u00e3o monofisista da pessoa humana, em que o \u00e9 chamado, mais que nunca, a evidenciar a verdade das coisas.<\/div>\n\t\t\t\n\t\t\t\t\t\t<div class=\"elementor-testimonial-meta elementor-has-image elementor-testimonial-image-position-aside\">\n\t\t\t\t<div class=\"elementor-testimonial-meta-inner\">\n\t\t\t\t\t\t\t\t\t\t\t<div class=\"elementor-testimonial-image\">\n\t\t\t\t\t\t\t<img fetchpriority=\"high\" decoding=\"async\" width=\"850\" height=\"460\" src=\"https:\/\/news.ecclesia.org.br\/wp-content\/uploads\/2024\/04\/Pe.-Heracles-Filios.jpg\" class=\"attachment-full size-full wp-image-48905\" alt=\"\" srcset=\"https:\/\/news.ecclesia.org.br\/wp-content\/uploads\/2024\/04\/Pe.-Heracles-Filios.jpg 850w, https:\/\/news.ecclesia.org.br\/wp-content\/uploads\/2024\/04\/Pe.-Heracles-Filios-300x162.jpg 300w, https:\/\/news.ecclesia.org.br\/wp-content\/uploads\/2024\/04\/Pe.-Heracles-Filios-768x416.jpg 768w, https:\/\/news.ecclesia.org.br\/wp-content\/uploads\/2024\/04\/Pe.-Heracles-Filios-102x55.jpg 102w\" sizes=\"(max-width: 850px) 100vw, 850px\" \/>\t\t\t\t\t\t<\/div>\n\t\t\t\t\t\n\t\t\t\t\t\t\t\t\t\t<div class=\"elementor-testimonial-details\">\n\t\t\t\t\t\t\t\t\t\t\t\t\t\t<div class=\"elementor-testimonial-name\">Pe. H\u00e9racles Filios<\/div>\n\t\t\t\t\t\t\t\t\t\t\t\t\t\t\t\t\t\t\t\t\t\t<div class=\"elementor-testimonial-job\">Te\u00f3logo<\/div>\n\t\t\t\t\t\t\t\t\t\t\t\t\t<\/div>\n\t\t\t\t\t\t\t\t\t<\/div>\n\t\t\t<\/div>\n\t\t\t\t\t<\/div>\n\t\t\t\t\t\t<\/div>\n\t\t\t\t<\/div>\n\t\t\t\t<div class=\"elementor-element elementor-element-2c08fc20 elementor-widget elementor-widget-text-editor\" data-id=\"2c08fc20\" data-element_type=\"widget\" data-e-type=\"widget\" data-widget_type=\"text-editor.default\">\n\t\t\t\t<div class=\"elementor-widget-container\">\n\t\t\t\t\t\t\t\t\t<p><\/p>\n<p>O Santo S\u00ednodo da Igreja da Gr\u00e9cia estabeleceu que a semana do <em>Terceiro Domingo da Quaresma<\/em> seja dedicado \u00e0s voca\u00e7\u00f5es sacerdotais. As voca\u00e7\u00f5es, especialmente nos tempos modernos, parecem \u201cabsurdas\u201d. O sacerdote da atualidade vive em uma \u00e9poca de contradi\u00e7\u00f5es e de vis\u00e3o monofisita da pessoa humana, em que \u00e9 chamado, mais que nunca, a evidenciar a verdade das coisas.<\/p>\n<p>Nosso s\u00e9culo foi caracterizado como o s\u00e9culo da antropologia pelo Bispo Kallistos Ware. Isto n\u00e3o \u00e9 de forma alguma interpretado como um tempo em que a atitude e a tend\u00eancia antropoc\u00eantricas estejam presentes. Pode haver uma necessidade mais urgente de explorar a pessoa humana, os seus dons e perspectivas, mas isto n\u00e3o pode ser feito independentemente da Pessoa de Deus. E \u00e9 a\u00ed que o clero deve definitivamente agir. Uma considera\u00e7\u00e3o da pessoa humana \u00e0 luz da antropologia crist\u00e3 contribuir\u00e1 para a busca e descoberta de todo o espectro que determina o homem existir e agir como imagem de Deus.<\/p>\n<p>Torna-se, portanto, claro que o cl\u00e9rigo precisa ter como ponto de partida e busca a sua origem divina e a origem divina de todos os seus semelhantes. O sacerdote n\u00e3o deve perder a perspectiva do mist\u00e9rio. Mesmo que o mundo n\u00e3o consiga compreend\u00ea-lo, o mist\u00e9rio n\u00e3o deve ser esquecido. Atrav\u00e9s da oferta e da obra dos Santos Padres, a Igreja conseguiu preservar a singularidade do sacramento. Ao mist\u00e9rio o cl\u00e9rigo deve se voltar sempre, em cada in\u00edcio e em cada fim das a\u00e7\u00f5es, o que significa sempre um recome\u00e7o.<\/p>\n<p>A Sagrada Eucaristia \u00e9 o ponto de partida do sacerdote e a entrega final de sua humanidade. A Eucaristia torna m\u00edstica a experi\u00eancia afirmada atrav\u00e9s do abandono da raz\u00e3o. \u00c9 o momento em que o mist\u00e9rio dita a <em>l\u00f3gica<\/em> para servir ao seu prop\u00f3sito.<\/p>\n<p>A era moderna tem estruturas complexas, comportamentos diferentes do hermitismo temente a Deus. Nossa \u00e9poca n\u00e3o \u00e9 interpretada de forma compreens\u00edvel. O cl\u00e9rigo n\u00e3o pode se dar ao luxo da complac\u00eancia e da vis\u00e3o tendenciosa das coisas. E mais, n\u00e3o tem o conforto de uma apura\u00e7\u00e3o f\u00e1cil. Isso n\u00e3o \u00e9 o bastante. \u00c9 um grande desafio para o homem moderno encontrar todos os tipos de manifesta\u00e7\u00f5es organizadas da vida na era p\u00f3s-moderna.<\/p>\n<p>O primeiro e necess\u00e1rio elemento do sacerdote moderno \u00e9 entregar-se ao mist\u00e9rio de Deus, mesmo que o mundo convide o contr\u00e1rio!<\/p>\n<p>S\u00e3o Greg\u00f3rio Palam\u00e1s alerta:<\/p>\n<blockquote>\n<p><em> \u201cQuando te afastas de Deus, te tornas bestial ou demon\u00edaco\u201d.<\/em><\/p>\n<\/blockquote>\n<p>Sim, nossa era \u00e9 uma era de apostasia. Por isso, o cl\u00e9rigo \u00e9 chamado a transmitir a mensagem do evangelho, mesmo que o mundo resista a aceit\u00e1-lo. A maioria das pessoas nem acredita mais na Ressurrei\u00e7\u00e3o! Ainda assim, o mist\u00e9rio de Deus deve ser preservado a todo custo. A verdade da Igreja, como fruto do Esp\u00edrito Santo, n\u00e3o deve ser alterada e esta \u00e9 a miss\u00e3o dos padres dos nossos dias: mostrar ao homem e anunciar, proclamar o Deus que se oferece e se doa desde a Cria\u00e7\u00e3o.<\/p>\n<p>O cl\u00e9rigo experimenta uma forte ambival\u00eancia. Vive numa era de contradi\u00e7\u00f5es, mas na qual deve compor. Obcecado por uma atitude monofisista, n\u00e3o conseguir\u00e1 interpretar corretamente o seu tempo, mas tamb\u00e9m perceber a condi\u00e7\u00e3o humana. N\u00e3o podemos exorcizar as coisas. Tudo o que gera virtude \u00e9 bom. Os Padres da Igreja recordam-nos que devemos enxergar o rosto de Deus no rosto humano. Por isso Merleau-Ponty, atrav\u00e9s da fenomenologia, dir\u00e1 o que \u00e9 muito importante para a antropologia crist\u00e3: <em>\u201co homem n\u00e3o tem apenas um corpo, mas \u00e9 um corpo\u201d.<\/em> Tudo que \u00e9 material tamb\u00e9m \u00e9 espiritual. O cl\u00e9rigo de nossos tempos deve saber disso. Caso contr\u00e1rio, exorcizar\u00e1 tudo. E isso nos \u00e9 mostrado de forma afirmativa por S\u00e3o Jo\u00e3o Damasceno quando se refere \u00e0 mat\u00e9ria e \u00e0 santifica\u00e7\u00e3o da mat\u00e9ria em sua obra sobre a Iconografia.<\/p>\n<p>A era do contraste ser\u00e1 tratada atrav\u00e9s da t\u00e1tica da composi\u00e7\u00e3o. S\u00edntese e conex\u00e3o da teologia com a filosofia, a psicologia, a fenomenologia. Mas de uma teologia viva que tem uma raz\u00e3o, que tem uma presen\u00e7a, com as suas sensibilidades espirituais profundas em rela\u00e7\u00e3o ao homem e \u00e0 sociedade. Teologia no mundo, n\u00e3o fora do mundo, mas sem se tornar mundo. E o mal, a queda, a Morte, o pecado? Como ser\u00e3o tratados? Para responder, tomo emprestado algo de Paul Ricoeur: atrav\u00e9s da espiritualiza\u00e7\u00e3o do luto. Portanto, a eternidade, a vida futura, n\u00e3o \u00e9 apenas uma esperan\u00e7a, mas uma certeza. Al\u00e9m disso, come\u00e7ar\u00e1 a ficar cada vez mais \u00f3bvio que somente com a presen\u00e7a de Deus no mundo, o mundo se transformar\u00e1.<\/p>\n<p>Feliz P\u00e1scoa!<\/p>\n<p><\/p>\t\t\t\t\t\t\t\t<\/div>\n\t\t\t\t<\/div>\n\t\t\t\t\t<\/div>\n\t\t<\/div>\n\t\t\t\t\t<\/div>\n\t\t<\/section>\n\t\t\t\t<\/div>\n\t\t","protected":false},"excerpt":{"rendered":"<p>O sacerdote da atualidade vive em uma \u00e9poca de contradi\u00e7\u00f5es e de vis\u00e3o monofisista da pessoa humana, em que o \u00e9 chamado, mais que nunca, a evidenciar a verdade das coisas. Pe. H\u00e9racles Filios Te\u00f3logo O Santo S\u00ednodo da Igreja&#8230;<\/p>\n","protected":false},"author":6,"featured_media":48906,"comment_status":"open","ping_status":"open","sticky":false,"template":"","format":"standard","meta":{"_acf_changed":false,"footnotes":""},"categories":[2743],"tags":[],"class_list":["post-48903","post","type-post","status-publish","format-standard","has-post-thumbnail","hentry","category-grecia","entry","rows-excerpt"],"acf":[],"yoast_head":"<!-- This site is optimized with the Yoast SEO plugin v27.5 - https:\/\/yoast.com\/product\/yoast-seo-wordpress\/ -->\n<title>O Sacerdote nos dias atuais | ECCLESIA NEWS<\/title>\n<meta name=\"robots\" content=\"index, follow, max-snippet:-1, max-image-preview:large, max-video-preview:-1\" \/>\n<link rel=\"canonical\" href=\"https:\/\/news.ecclesia.org.br\/?p=48903\" \/>\n<meta property=\"og:locale\" content=\"pt_BR\" \/>\n<meta property=\"og:type\" content=\"article\" \/>\n<meta property=\"og:title\" content=\"O Sacerdote nos dias atuais | ECCLESIA NEWS\" \/>\n<meta property=\"og:description\" content=\"O sacerdote da atualidade vive em uma \u00e9poca de contradi\u00e7\u00f5es e de vis\u00e3o monofisista da pessoa humana, em que o \u00e9 chamado, mais que nunca, a evidenciar a verdade das coisas. Pe. H\u00e9racles Filios Te\u00f3logo O Santo S\u00ednodo da Igreja&#8230;\" \/>\n<meta property=\"og:url\" content=\"https:\/\/news.ecclesia.org.br\/?p=48903\" \/>\n<meta property=\"og:site_name\" content=\"ECCLESIA NEWS\" \/>\n<meta property=\"article:publisher\" content=\"https:\/\/www.facebook.com\/Ecclesia2025\" \/>\n<meta property=\"article:published_time\" content=\"2024-04-08T18:44:37+00:00\" \/>\n<meta property=\"article:modified_time\" content=\"2024-04-08T18:49:56+00:00\" \/>\n<meta property=\"og:image\" content=\"https:\/\/news.ecclesia.org.br\/wp-content\/uploads\/2024\/04\/sacerdote-ortodoxo.webp\" \/>\n\t<meta property=\"og:image:width\" content=\"600\" \/>\n\t<meta property=\"og:image:height\" content=\"399\" \/>\n\t<meta property=\"og:image:type\" content=\"image\/webp\" \/>\n<meta name=\"author\" content=\"Mons. Irineo Tamanini\" \/>\n<meta name=\"twitter:card\" content=\"summary_large_image\" \/>\n<meta name=\"twitter:creator\" content=\"@EcclesiaNews\" \/>\n<meta name=\"twitter:site\" content=\"@EcclesiaNews\" \/>\n<meta name=\"twitter:label1\" content=\"Escrito por\" \/>\n\t<meta name=\"twitter:data1\" content=\"Mons. Irineo Tamanini\" \/>\n\t<meta name=\"twitter:label2\" content=\"Est. tempo de leitura\" \/>\n\t<meta name=\"twitter:data2\" content=\"4 minutos\" \/>\n<script type=\"application\/ld+json\" class=\"yoast-schema-graph\">{\"@context\":\"https:\\\/\\\/schema.org\",\"@graph\":[{\"@type\":\"Article\",\"@id\":\"https:\\\/\\\/news.ecclesia.org.br\\\/?p=48903#article\",\"isPartOf\":{\"@id\":\"https:\\\/\\\/news.ecclesia.org.br\\\/?p=48903\"},\"author\":{\"name\":\"Mons. Irineo Tamanini\",\"@id\":\"https:\\\/\\\/news.ecclesia.org.br\\\/#\\\/schema\\\/person\\\/c6733c4589cfaa57b39844f2e985b7f5\"},\"headline\":\"O Sacerdote nos dias atuais\",\"datePublished\":\"2024-04-08T18:44:37+00:00\",\"dateModified\":\"2024-04-08T18:49:56+00:00\",\"mainEntityOfPage\":{\"@id\":\"https:\\\/\\\/news.ecclesia.org.br\\\/?p=48903\"},\"wordCount\":861,\"commentCount\":0,\"publisher\":{\"@id\":\"https:\\\/\\\/news.ecclesia.org.br\\\/#organization\"},\"image\":{\"@id\":\"https:\\\/\\\/news.ecclesia.org.br\\\/?p=48903#primaryimage\"},\"thumbnailUrl\":\"https:\\\/\\\/news.ecclesia.org.br\\\/wp-content\\\/uploads\\\/2024\\\/04\\\/sacerdote-ortodoxo.webp\",\"articleSection\":[\"Igreja da Gr\u00e9cia\"],\"inLanguage\":\"pt-BR\",\"potentialAction\":[{\"@type\":\"CommentAction\",\"name\":\"Comment\",\"target\":[\"https:\\\/\\\/news.ecclesia.org.br\\\/?p=48903#respond\"]}]},{\"@type\":\"WebPage\",\"@id\":\"https:\\\/\\\/news.ecclesia.org.br\\\/?p=48903\",\"url\":\"https:\\\/\\\/news.ecclesia.org.br\\\/?p=48903\",\"name\":\"O Sacerdote nos dias atuais | ECCLESIA NEWS\",\"isPartOf\":{\"@id\":\"https:\\\/\\\/news.ecclesia.org.br\\\/#website\"},\"primaryImageOfPage\":{\"@id\":\"https:\\\/\\\/news.ecclesia.org.br\\\/?p=48903#primaryimage\"},\"image\":{\"@id\":\"https:\\\/\\\/news.ecclesia.org.br\\\/?p=48903#primaryimage\"},\"thumbnailUrl\":\"https:\\\/\\\/news.ecclesia.org.br\\\/wp-content\\\/uploads\\\/2024\\\/04\\\/sacerdote-ortodoxo.webp\",\"datePublished\":\"2024-04-08T18:44:37+00:00\",\"dateModified\":\"2024-04-08T18:49:56+00:00\",\"breadcrumb\":{\"@id\":\"https:\\\/\\\/news.ecclesia.org.br\\\/?p=48903#breadcrumb\"},\"inLanguage\":\"pt-BR\",\"potentialAction\":[{\"@type\":\"ReadAction\",\"target\":[\"https:\\\/\\\/news.ecclesia.org.br\\\/?p=48903\"]}]},{\"@type\":\"ImageObject\",\"inLanguage\":\"pt-BR\",\"@id\":\"https:\\\/\\\/news.ecclesia.org.br\\\/?p=48903#primaryimage\",\"url\":\"https:\\\/\\\/news.ecclesia.org.br\\\/wp-content\\\/uploads\\\/2024\\\/04\\\/sacerdote-ortodoxo.webp\",\"contentUrl\":\"https:\\\/\\\/news.ecclesia.org.br\\\/wp-content\\\/uploads\\\/2024\\\/04\\\/sacerdote-ortodoxo.webp\",\"width\":600,\"height\":399},{\"@type\":\"BreadcrumbList\",\"@id\":\"https:\\\/\\\/news.ecclesia.org.br\\\/?p=48903#breadcrumb\",\"itemListElement\":[{\"@type\":\"ListItem\",\"position\":1,\"name\":\"In\u00edcio\",\"item\":\"https:\\\/\\\/news.ecclesia.org.br\\\/\"},{\"@type\":\"ListItem\",\"position\":2,\"name\":\"O Sacerdote nos dias atuais\"}]},{\"@type\":\"WebSite\",\"@id\":\"https:\\\/\\\/news.ecclesia.org.br\\\/#website\",\"url\":\"https:\\\/\\\/news.ecclesia.org.br\\\/\",\"name\":\"Ecclesia Brasil\",\"description\":\"Desde 2003 onectando o Brasil ao mundo ortodoxo!\",\"publisher\":{\"@id\":\"https:\\\/\\\/news.ecclesia.org.br\\\/#organization\"},\"alternateName\":\"Ecclesia\",\"potentialAction\":[{\"@type\":\"SearchAction\",\"target\":{\"@type\":\"EntryPoint\",\"urlTemplate\":\"https:\\\/\\\/news.ecclesia.org.br\\\/?s={search_term_string}\"},\"query-input\":{\"@type\":\"PropertyValueSpecification\",\"valueRequired\":true,\"valueName\":\"search_term_string\"}}],\"inLanguage\":\"pt-BR\"},{\"@type\":\"Organization\",\"@id\":\"https:\\\/\\\/news.ecclesia.org.br\\\/#organization\",\"name\":\"Sacra Arquidiocese de Buenos Aires e Am\u00e9rica do Sul | Patriarcado Ecum\u00eanico\",\"alternateName\":\"News Ecclesia Brasil\",\"url\":\"https:\\\/\\\/news.ecclesia.org.br\\\/\",\"logo\":{\"@type\":\"ImageObject\",\"inLanguage\":\"pt-BR\",\"@id\":\"https:\\\/\\\/news.ecclesia.org.br\\\/#\\\/schema\\\/logo\\\/image\\\/\",\"url\":\"https:\\\/\\\/news.ecclesia.org.br\\\/wp-content\\\/uploads\\\/2025\\\/05\\\/ecclesia2.png\",\"contentUrl\":\"https:\\\/\\\/news.ecclesia.org.br\\\/wp-content\\\/uploads\\\/2025\\\/05\\\/ecclesia2.png\",\"width\":480,\"height\":120,\"caption\":\"Sacra Arquidiocese de Buenos Aires e Am\u00e9rica do Sul | Patriarcado Ecum\u00eanico\"},\"image\":{\"@id\":\"https:\\\/\\\/news.ecclesia.org.br\\\/#\\\/schema\\\/logo\\\/image\\\/\"},\"sameAs\":[\"https:\\\/\\\/www.facebook.com\\\/Ecclesia2025\",\"https:\\\/\\\/x.com\\\/EcclesiaNews\",\"https:\\\/\\\/br.pinterest.com\\\/ekklisia\\\/\",\"https:\\\/\\\/www.youtube.com\\\/@EcclesiaBrasil\"]},{\"@type\":\"Person\",\"@id\":\"https:\\\/\\\/news.ecclesia.org.br\\\/#\\\/schema\\\/person\\\/c6733c4589cfaa57b39844f2e985b7f5\",\"name\":\"Mons. Irineo Tamanini\",\"image\":{\"@type\":\"ImageObject\",\"inLanguage\":\"pt-BR\",\"@id\":\"https:\\\/\\\/secure.gravatar.com\\\/avatar\\\/39567d17a9814c9a8a324573c2a25640dfaba5ebfab204819a71ab81cb1df78b?s=96&d=mm&r=g\",\"url\":\"https:\\\/\\\/secure.gravatar.com\\\/avatar\\\/39567d17a9814c9a8a324573c2a25640dfaba5ebfab204819a71ab81cb1df78b?s=96&d=mm&r=g\",\"contentUrl\":\"https:\\\/\\\/secure.gravatar.com\\\/avatar\\\/39567d17a9814c9a8a324573c2a25640dfaba5ebfab204819a71ab81cb1df78b?s=96&d=mm&r=g\",\"caption\":\"Mons. Irineo Tamanini\"},\"sameAs\":[\"https:\\\/\\\/news.ecclesia.org.br\\\/\"]}]}<\/script>\n<!-- \/ Yoast SEO plugin. -->","yoast_head_json":{"title":"O Sacerdote nos dias atuais | ECCLESIA NEWS","robots":{"index":"index","follow":"follow","max-snippet":"max-snippet:-1","max-image-preview":"max-image-preview:large","max-video-preview":"max-video-preview:-1"},"canonical":"https:\/\/news.ecclesia.org.br\/?p=48903","og_locale":"pt_BR","og_type":"article","og_title":"O Sacerdote nos dias atuais | ECCLESIA NEWS","og_description":"O sacerdote da atualidade vive em uma \u00e9poca de contradi\u00e7\u00f5es e de vis\u00e3o monofisista da pessoa humana, em que o \u00e9 chamado, mais que nunca, a evidenciar a verdade das coisas. Pe. H\u00e9racles Filios Te\u00f3logo O Santo S\u00ednodo da Igreja&#8230;","og_url":"https:\/\/news.ecclesia.org.br\/?p=48903","og_site_name":"ECCLESIA NEWS","article_publisher":"https:\/\/www.facebook.com\/Ecclesia2025","article_published_time":"2024-04-08T18:44:37+00:00","article_modified_time":"2024-04-08T18:49:56+00:00","og_image":[{"width":600,"height":399,"url":"https:\/\/news.ecclesia.org.br\/wp-content\/uploads\/2024\/04\/sacerdote-ortodoxo.webp","type":"image\/webp"}],"author":"Mons. Irineo Tamanini","twitter_card":"summary_large_image","twitter_creator":"@EcclesiaNews","twitter_site":"@EcclesiaNews","twitter_misc":{"Escrito por":"Mons. Irineo Tamanini","Est. tempo de leitura":"4 minutos"},"schema":{"@context":"https:\/\/schema.org","@graph":[{"@type":"Article","@id":"https:\/\/news.ecclesia.org.br\/?p=48903#article","isPartOf":{"@id":"https:\/\/news.ecclesia.org.br\/?p=48903"},"author":{"name":"Mons. Irineo Tamanini","@id":"https:\/\/news.ecclesia.org.br\/#\/schema\/person\/c6733c4589cfaa57b39844f2e985b7f5"},"headline":"O Sacerdote nos dias atuais","datePublished":"2024-04-08T18:44:37+00:00","dateModified":"2024-04-08T18:49:56+00:00","mainEntityOfPage":{"@id":"https:\/\/news.ecclesia.org.br\/?p=48903"},"wordCount":861,"commentCount":0,"publisher":{"@id":"https:\/\/news.ecclesia.org.br\/#organization"},"image":{"@id":"https:\/\/news.ecclesia.org.br\/?p=48903#primaryimage"},"thumbnailUrl":"https:\/\/news.ecclesia.org.br\/wp-content\/uploads\/2024\/04\/sacerdote-ortodoxo.webp","articleSection":["Igreja da Gr\u00e9cia"],"inLanguage":"pt-BR","potentialAction":[{"@type":"CommentAction","name":"Comment","target":["https:\/\/news.ecclesia.org.br\/?p=48903#respond"]}]},{"@type":"WebPage","@id":"https:\/\/news.ecclesia.org.br\/?p=48903","url":"https:\/\/news.ecclesia.org.br\/?p=48903","name":"O Sacerdote nos dias atuais | ECCLESIA NEWS","isPartOf":{"@id":"https:\/\/news.ecclesia.org.br\/#website"},"primaryImageOfPage":{"@id":"https:\/\/news.ecclesia.org.br\/?p=48903#primaryimage"},"image":{"@id":"https:\/\/news.ecclesia.org.br\/?p=48903#primaryimage"},"thumbnailUrl":"https:\/\/news.ecclesia.org.br\/wp-content\/uploads\/2024\/04\/sacerdote-ortodoxo.webp","datePublished":"2024-04-08T18:44:37+00:00","dateModified":"2024-04-08T18:49:56+00:00","breadcrumb":{"@id":"https:\/\/news.ecclesia.org.br\/?p=48903#breadcrumb"},"inLanguage":"pt-BR","potentialAction":[{"@type":"ReadAction","target":["https:\/\/news.ecclesia.org.br\/?p=48903"]}]},{"@type":"ImageObject","inLanguage":"pt-BR","@id":"https:\/\/news.ecclesia.org.br\/?p=48903#primaryimage","url":"https:\/\/news.ecclesia.org.br\/wp-content\/uploads\/2024\/04\/sacerdote-ortodoxo.webp","contentUrl":"https:\/\/news.ecclesia.org.br\/wp-content\/uploads\/2024\/04\/sacerdote-ortodoxo.webp","width":600,"height":399},{"@type":"BreadcrumbList","@id":"https:\/\/news.ecclesia.org.br\/?p=48903#breadcrumb","itemListElement":[{"@type":"ListItem","position":1,"name":"In\u00edcio","item":"https:\/\/news.ecclesia.org.br\/"},{"@type":"ListItem","position":2,"name":"O Sacerdote nos dias atuais"}]},{"@type":"WebSite","@id":"https:\/\/news.ecclesia.org.br\/#website","url":"https:\/\/news.ecclesia.org.br\/","name":"Ecclesia Brasil","description":"Desde 2003 onectando o Brasil ao mundo ortodoxo!","publisher":{"@id":"https:\/\/news.ecclesia.org.br\/#organization"},"alternateName":"Ecclesia","potentialAction":[{"@type":"SearchAction","target":{"@type":"EntryPoint","urlTemplate":"https:\/\/news.ecclesia.org.br\/?s={search_term_string}"},"query-input":{"@type":"PropertyValueSpecification","valueRequired":true,"valueName":"search_term_string"}}],"inLanguage":"pt-BR"},{"@type":"Organization","@id":"https:\/\/news.ecclesia.org.br\/#organization","name":"Sacra Arquidiocese de Buenos Aires e Am\u00e9rica do Sul | Patriarcado Ecum\u00eanico","alternateName":"News Ecclesia Brasil","url":"https:\/\/news.ecclesia.org.br\/","logo":{"@type":"ImageObject","inLanguage":"pt-BR","@id":"https:\/\/news.ecclesia.org.br\/#\/schema\/logo\/image\/","url":"https:\/\/news.ecclesia.org.br\/wp-content\/uploads\/2025\/05\/ecclesia2.png","contentUrl":"https:\/\/news.ecclesia.org.br\/wp-content\/uploads\/2025\/05\/ecclesia2.png","width":480,"height":120,"caption":"Sacra Arquidiocese de Buenos Aires e Am\u00e9rica do Sul | Patriarcado Ecum\u00eanico"},"image":{"@id":"https:\/\/news.ecclesia.org.br\/#\/schema\/logo\/image\/"},"sameAs":["https:\/\/www.facebook.com\/Ecclesia2025","https:\/\/x.com\/EcclesiaNews","https:\/\/br.pinterest.com\/ekklisia\/","https:\/\/www.youtube.com\/@EcclesiaBrasil"]},{"@type":"Person","@id":"https:\/\/news.ecclesia.org.br\/#\/schema\/person\/c6733c4589cfaa57b39844f2e985b7f5","name":"Mons. Irineo Tamanini","image":{"@type":"ImageObject","inLanguage":"pt-BR","@id":"https:\/\/secure.gravatar.com\/avatar\/39567d17a9814c9a8a324573c2a25640dfaba5ebfab204819a71ab81cb1df78b?s=96&d=mm&r=g","url":"https:\/\/secure.gravatar.com\/avatar\/39567d17a9814c9a8a324573c2a25640dfaba5ebfab204819a71ab81cb1df78b?s=96&d=mm&r=g","contentUrl":"https:\/\/secure.gravatar.com\/avatar\/39567d17a9814c9a8a324573c2a25640dfaba5ebfab204819a71ab81cb1df78b?s=96&d=mm&r=g","caption":"Mons. Irineo Tamanini"},"sameAs":["https:\/\/news.ecclesia.org.br\/"]}]}},"_links":{"self":[{"href":"https:\/\/news.ecclesia.org.br\/index.php?rest_route=\/wp\/v2\/posts\/48903","targetHints":{"allow":["GET"]}}],"collection":[{"href":"https:\/\/news.ecclesia.org.br\/index.php?rest_route=\/wp\/v2\/posts"}],"about":[{"href":"https:\/\/news.ecclesia.org.br\/index.php?rest_route=\/wp\/v2\/types\/post"}],"author":[{"embeddable":true,"href":"https:\/\/news.ecclesia.org.br\/index.php?rest_route=\/wp\/v2\/users\/6"}],"replies":[{"embeddable":true,"href":"https:\/\/news.ecclesia.org.br\/index.php?rest_route=%2Fwp%2Fv2%2Fcomments&post=48903"}],"version-history":[{"count":7,"href":"https:\/\/news.ecclesia.org.br\/index.php?rest_route=\/wp\/v2\/posts\/48903\/revisions"}],"predecessor-version":[{"id":48912,"href":"https:\/\/news.ecclesia.org.br\/index.php?rest_route=\/wp\/v2\/posts\/48903\/revisions\/48912"}],"wp:featuredmedia":[{"embeddable":true,"href":"https:\/\/news.ecclesia.org.br\/index.php?rest_route=\/wp\/v2\/media\/48906"}],"wp:attachment":[{"href":"https:\/\/news.ecclesia.org.br\/index.php?rest_route=%2Fwp%2Fv2%2Fmedia&parent=48903"}],"wp:term":[{"taxonomy":"category","embeddable":true,"href":"https:\/\/news.ecclesia.org.br\/index.php?rest_route=%2Fwp%2Fv2%2Fcategories&post=48903"},{"taxonomy":"post_tag","embeddable":true,"href":"https:\/\/news.ecclesia.org.br\/index.php?rest_route=%2Fwp%2Fv2%2Ftags&post=48903"}],"curies":[{"name":"wp","href":"https:\/\/api.w.org\/{rel}","templated":true}]}}