{"id":48859,"date":"2024-04-02T21:25:41","date_gmt":"2024-04-03T00:25:41","guid":{"rendered":"https:\/\/news.ecclesia.org.br\/?p=48859"},"modified":"2024-04-02T21:36:17","modified_gmt":"2024-04-03T00:36:17","slug":"a-ortodoxia-e-assunto-da-igreja-nao-de-individuos","status":"publish","type":"post","link":"https:\/\/news.ecclesia.org.br\/?p=48859","title":{"rendered":"A ortodoxia \u00e9 assunto da Igreja, n\u00e3o de indiv\u00edduos"},"content":{"rendered":"\t\t<div data-elementor-type=\"wp-post\" data-elementor-id=\"48859\" class=\"elementor elementor-48859\">\n\t\t\t\t\t\t<section class=\"elementor-section elementor-top-section elementor-element elementor-element-f3f6d8c elementor-section-boxed elementor-section-height-default elementor-section-height-default\" data-id=\"f3f6d8c\" data-element_type=\"section\" data-e-type=\"section\">\n\t\t\t\t\t\t<div class=\"elementor-container elementor-column-gap-default\">\n\t\t\t\t\t<div class=\"elementor-column elementor-col-100 elementor-top-column elementor-element elementor-element-020009c\" data-id=\"020009c\" data-element_type=\"column\" data-e-type=\"column\">\n\t\t\t<div class=\"elementor-widget-wrap elementor-element-populated\">\n\t\t\t\t\t\t<div class=\"elementor-element elementor-element-66605fe elementor-widget elementor-widget-testimonial\" data-id=\"66605fe\" data-element_type=\"widget\" data-e-type=\"widget\" data-widget_type=\"testimonial.default\">\n\t\t\t\t<div class=\"elementor-widget-container\">\n\t\t\t\t\t\t\t<div class=\"elementor-testimonial-wrapper\">\n\t\t\t\t\t\t\t<div class=\"elementor-testimonial-content\">A Igreja n\u00e3o \u00e9 uma organiza\u00e7\u00e3o ou associa\u00e7\u00e3o humana, mas o Corpo de Deus encarnado, o Cristo.\u00a0<\/div>\n\t\t\t\n\t\t\t\t\t\t<div class=\"elementor-testimonial-meta elementor-has-image elementor-testimonial-image-position-aside\">\n\t\t\t\t<div class=\"elementor-testimonial-meta-inner\">\n\t\t\t\t\t\t\t\t\t\t\t<div class=\"elementor-testimonial-image\">\n\t\t\t\t\t\t\t<img fetchpriority=\"high\" decoding=\"async\" width=\"329\" height=\"370\" src=\"https:\/\/news.ecclesia.org.br\/wp-content\/uploads\/2024\/04\/Imagem-do-WhatsApp-de-2024-04-02-as-21.19.04_4033143a.jpg\" class=\"attachment-full size-full wp-image-48861\" alt=\"\" srcset=\"https:\/\/news.ecclesia.org.br\/wp-content\/uploads\/2024\/04\/Imagem-do-WhatsApp-de-2024-04-02-as-21.19.04_4033143a.jpg 329w, https:\/\/news.ecclesia.org.br\/wp-content\/uploads\/2024\/04\/Imagem-do-WhatsApp-de-2024-04-02-as-21.19.04_4033143a-267x300.jpg 267w, https:\/\/news.ecclesia.org.br\/wp-content\/uploads\/2024\/04\/Imagem-do-WhatsApp-de-2024-04-02-as-21.19.04_4033143a-49x55.jpg 49w\" sizes=\"(max-width: 329px) 100vw, 329px\" \/>\t\t\t\t\t\t<\/div>\n\t\t\t\t\t\n\t\t\t\t\t\t\t\t\t\t<div class=\"elementor-testimonial-details\">\n\t\t\t\t\t\t\t\t\t\t\t\t\t\t<div class=\"elementor-testimonial-name\">Hieromonge Nikitas<\/div>\n\t\t\t\t\t\t\t\t\t\t\t\t\t\t\t\t\t\t\t\t\t\t<div class=\"elementor-testimonial-job\">Monast\u00e9rio Pantocrator - Monte Athos<\/div>\n\t\t\t\t\t\t\t\t\t\t\t\t\t<\/div>\n\t\t\t\t\t\t\t\t\t<\/div>\n\t\t\t<\/div>\n\t\t\t\t\t<\/div>\n\t\t\t\t\t\t<\/div>\n\t\t\t\t<\/div>\n\t\t\t\t\t<\/div>\n\t\t<\/div>\n\t\t\t\t\t<\/div>\n\t\t<\/section>\n\t\t\t\t<section class=\"elementor-section elementor-top-section elementor-element elementor-element-5da1bf7d elementor-section-boxed elementor-section-height-default elementor-section-height-default\" data-id=\"5da1bf7d\" data-element_type=\"section\" data-e-type=\"section\">\n\t\t\t\t\t\t<div class=\"elementor-container elementor-column-gap-default\">\n\t\t\t\t\t<div class=\"elementor-column elementor-col-100 elementor-top-column elementor-element elementor-element-1ed0930\" data-id=\"1ed0930\" data-element_type=\"column\" data-e-type=\"column\">\n\t\t\t<div class=\"elementor-widget-wrap elementor-element-populated\">\n\t\t\t\t\t\t<div class=\"elementor-element elementor-element-3a0fdbae elementor-widget elementor-widget-text-editor\" data-id=\"3a0fdbae\" data-element_type=\"widget\" data-e-type=\"widget\" data-widget_type=\"text-editor.default\">\n\t\t\t\t<div class=\"elementor-widget-container\">\n\t\t\t\t\t\t\t\t\t\n<p>S\u00e3o Greg\u00f3rio Palam\u00e1s \u00e9, para n\u00f3s monges e para todos os crist\u00e3os leigos piedosos, modelo de ora\u00e7\u00e3o, mas tamb\u00e9m de obedi\u00eancia \u00e0 Igreja. Gostaria, por\u00e9m, de me deter \u00e0 atitude eclesi\u00e1stica de S\u00e3o Greg\u00f3rio Palam\u00e1s. Esta atitude eclesi\u00e1stica genu\u00edna, encontrada em todos os santos, exprime-se atrav\u00e9s da obedi\u00eancia, da confian\u00e7a, da devo\u00e7\u00e3o e do amor \u00e0 Igreja.\u00a0<\/p>\n<p>Mas, a que Igreja devemos ser obedientes?<\/p>\n<p>\u00a0A palavra \u201cIgreja\u201d etimologicamente significa uma reuni\u00e3o de pessoas, uma comunidade. No Novo Testamento, a palavra \u201cIgreja\u201d ganhou um significado mais profundo, porque com a encarna\u00e7\u00e3o de Cristo a Igreja n\u00e3o \u00e9 mais somente uma comunidade de pessoas, mas o Corpo de Cristo. Al\u00e9m disso, a Igreja \u00e9 caracterizada pelo povo de Deus, os crist\u00e3os, que s\u00e3o membros de uma comunidade eucar\u00edstica. O povo de Deus n\u00e3o \u00e9 apenas o clero ou os leigos, mas a unidade de todos eles em Cristo. E isto significa que os membros da Igreja s\u00e3o aqueles que est\u00e3o unidos a Cristo, aqueles que com a vida sacramental s\u00e3o membros do Corpo de Cristo e, claro, batizados em nome da Sant\u00edssima Trindade.\u00a0\u00a0<\/p>\n\n<p><strong><em>A Igreja n\u00e3o \u00e9 uma organiza\u00e7\u00e3o ou associa\u00e7\u00e3o humana, mas o Corpo de Deus encarnado, o Cristo<\/em><\/strong><em>.<\/em>\u00a0\u00a0Cristo \u00e9 insepar\u00e1vel da Igreja, porque Ele \u00e9 a sua Cabe\u00e7a. Por sua vez, a Igreja \u00e9 insepar\u00e1vel de Cristo, porque \u00e9 o Seu Corpo. A Igreja \u00e9 o lugar em que a salva\u00e7\u00e3o do homem se d\u00e1, porque s\u00f3 em unidade com o Cristo h\u00e1 salva\u00e7\u00e3o. A Igreja \u00e9 um Corpo em unidade. Esta unidade \u00e9 claramente vis\u00edvel na patena Sagrada, onde o celebrante coloca no meio o peda\u00e7o de p\u00e3o, o <em>Cordeiro de Deus<\/em>, o pr\u00f3prio Cristo, \u00e0 sua direita a por\u00e7\u00e3o que representa a Virgem, \u00e0 esquerda as por\u00e7\u00f5es dos Santos; e \u00e0 frente a part\u00edcula que representa o \u00a0Bispo da Igreja local, e somado a esta part\u00edcula juntos, as pequenas por\u00e7\u00f5es que representam \u00a0os vivos e os mortos. Esta parte da Liturgia, que \u00e9 celebrada, \u00e0 parte e\u00a0 chamamos de Prokom\u00eddia .<\/p>\n\n<p>A comemora\u00e7\u00e3o do Bispo local \u00e9, portanto, necess\u00e1ria para a celebra\u00e7\u00e3o da Sagrada Eucaristia. O Bispo \u00e9 imagem de Deus, est\u00e1 no \u201clugar\u201d de Cristo. A miss\u00e3o da Igreja s\u00f3 pode ser realizada atrav\u00e9s do Bispo. O Bispo \u00e9 quem garante a unidade da Igreja e a profiss\u00e3o da correta f\u00e9. Sem o Bispo e sem Eucaristia n\u00e3o h\u00e1 Igreja\u201d.<\/p>\n\n<p>Infelizmente, nos dias atuais, \u00e9 expressiva a falta de confian\u00e7a na Igreja e nas suas decis\u00f5es sinodais. Chegou-se ao ponto e o povo fiel questionar at\u00e9 mesmo o amor dos pastores pelo seu rebanho porque consideram que algumas decis\u00f5es s\u00e3o erradas ou precipitadas.<\/p>\n\n<p>Lamentavelmente, ignoram que a doutrina da Igreja \u00e9 um ensinamento sinodal, e n\u00e3o de pessoas ou de indiv\u00edduos. As regras sagradas (os c\u00e2nones) foram estabelecidas <strong>pela Igreja<\/strong> para resolver problemas <strong>da Igreja<\/strong>.<\/p>\n\n<p>Hoje,\u00a0 <em><strong>alguns chegam ao ponto de aplicar os pr\u00f3prios c\u00e2nones para criar problemas, e n\u00e3o para resolver problemas.<\/strong><\/em><strong>\u00a0<\/strong>\u00a0Desta forma, o prop\u00f3sito dos c\u00e2nones perde o sentido. Essa \u00e9 uma nova abordagem da Teologia atual, mas isso n\u00e3o \u00e9 Teologia ortodoxa. A teologia ortodoxa tem precis\u00e3o, mas tamb\u00e9m tem economia. Tem grandeza. Salva, descansa, pacifica o homem, une. \u00c9 portanto claro que o S\u00ednodo sempre teve a primeira e a \u00faltima palavra na Igreja Ortodoxa e, claro, continuar\u00e1 a t\u00ea-la at\u00e9 ao fim dos tempos.\u00a0<\/p>\n\n<p>Ultimamente, tem surgido alguns cl\u00e9rigos (e leigos que os seguem) que<em> c<strong>arecem completamente da compreens\u00e3o e significado do que seja \u201cser Igreja\u201d <\/strong>e por isso, criam cismas, divis\u00f5es, confus\u00e3o, na Igreja<strong>.<\/strong><\/em>\u00a0\u00a0Eles t\u00eam uma ideia orgulhosa de si mesmos, acreditando que est\u00e3o ajudando a Igreja e esperando ser elogiados por isso. O que eles fazem \u00e9 identificar e condenar as heresias a seu crit\u00e9rio, substituindo assim os S\u00ednodos da Igreja, os \u00fanicos respons\u00e1veis \u200b\u200bpor resolver tais quest\u00f5es. Eles consideram todas as pessoas ao seu redor her\u00e9ticas, inferiores, iludidas e se consideram os \u00fanicos possuidores da verdade e se creem salvadores da Igreja .\u00a0<em><strong>\u00a0<\/strong><\/em><\/p>\n\n<p><em>E mais grave \u00e9 que, para tais pessoas, essas atitudes s\u00e3o justificadas porque<\/em><em><strong> dizem defender uma f\u00e9, a ortodoxia e porque s\u00e3o contra os hereges. Temos a impress\u00e3o de que quem age desta forma \u00e9 porque de fato se v\u00ea como o correto, o justo, o espiritual, quem tem a experi\u00eancia da ora\u00e7\u00e3o mental, quem tem atitude asc\u00e9tica e paternal, enquanto que todo o resto, inclusive \u00a0o Patriarca Ecum\u00eanico, os seus prelados, os seus in\u00fameros sacerdotes, bispos e leigos, s\u00e3o taxados de \u2018secularizados\u2019 e \u2018de n\u00e3o se preocuparem com a doutrina e a ortodoxia<\/strong><\/em>\u2019.<\/p>\n\n<p>A<em><strong> Ortodoxia, no entanto, \u00e9 um assunto da Igreja, n\u00e3o de indiv\u00edduos.<\/strong><\/em> Muitos que agem individualmente, interromperam inclusive, a comemora\u00e7\u00e3o de seus irm\u00e3os Bispos,\u00a0\u00a0porque os acusam \u2018<em><strong>de \u00a0traidores da Ortodoxia\u2019 porque assinaram os textos do S\u00ednodo de Creta. <\/strong><\/em><em>E chamam este S\u00ednodo de pseudo-s\u00ednodo<\/em>\u00a0.<\/p>\n\n<p>Contudo, somente pode definir se um S\u00ednodo \u00e9 um pseudo-S\u00ednodo ou n\u00e3o, \u00e9 outro S\u00ednodo. N\u00e3o pessoas individuais. Nem cl\u00e9rigos ou leigos individualmente s\u00e3o pessoas certas para decidir se um S\u00ednodo \u00e9 v\u00e1lido ou n\u00e3o.<\/p>\n\n<p>O mais importante \u00e9 que o Esp\u00edrito Santo que mant\u00e9m a Igreja, <strong>em comunidade e comunh\u00e3o<\/strong>\u00a0corrigir\u00e1 o que se precisa corrigir ou ratificar\u00e1 o decidido.<\/p>\n\t\t\t\t\t\t\t\t<\/div>\n\t\t\t\t<\/div>\n\t\t\t\t<div class=\"elementor-element elementor-element-2cd0557 elementor-widget elementor-widget-text-editor\" data-id=\"2cd0557\" data-element_type=\"widget\" data-e-type=\"widget\" data-widget_type=\"text-editor.default\">\n\t\t\t\t<div class=\"elementor-widget-container\">\n\t\t\t\t\t\t\t\t\t<p style=\"text-align: right;\">No segundo Domingo da Quaresma do ano de 2024.<\/p>\t\t\t\t\t\t\t\t<\/div>\n\t\t\t\t<\/div>\n\t\t\t\t<div class=\"elementor-element elementor-element-bba3460 elementor-widget elementor-widget-text-editor\" data-id=\"bba3460\" data-element_type=\"widget\" data-e-type=\"widget\" data-widget_type=\"text-editor.default\">\n\t\t\t\t<div class=\"elementor-widget-container\">\n\t\t\t\t\t\t\t\t\t<p style=\"text-align: right;\">Fonte:\u00a0<a href=\"https:\/\/fosfanariou.gr\/index.php\/2024\/04\/02\/nikitas-pantokratorinos-omilia-stin-kypro-gia-agio-grigorio-palama\/\">Fos Fanariou<\/a><\/p>\t\t\t\t\t\t\t\t<\/div>\n\t\t\t\t<\/div>\n\t\t\t\t\t<\/div>\n\t\t<\/div>\n\t\t\t\t\t<\/div>\n\t\t<\/section>\n\t\t\t\t<\/div>\n\t\t","protected":false},"excerpt":{"rendered":"<p>A Igreja n\u00e3o \u00e9 uma organiza\u00e7\u00e3o ou associa\u00e7\u00e3o humana, mas o Corpo de Deus encarnado, o Cristo.\u00a0 Hieromonge Nikitas Monast\u00e9rio Pantocrator &#8211; Monte Athos S\u00e3o Greg\u00f3rio Palam\u00e1s \u00e9, para n\u00f3s monges e para todos os crist\u00e3os leigos piedosos, modelo de&#8230;<\/p>\n","protected":false},"author":6,"featured_media":48865,"comment_status":"open","ping_status":"open","sticky":false,"template":"","format":"standard","meta":{"_acf_changed":false,"footnotes":""},"categories":[2746,3,1,2725],"tags":[3079,3080,3081],"class_list":["post-48859","post","type-post","status-publish","format-standard","has-post-thumbnail","hentry","category-monte-athos","category-mundo","category-news","category-teologia-ortodoxa","tag-igreja","tag-sinonalidade","tag-unidade","entry","rows-excerpt"],"acf":[],"yoast_head":"<!-- This site is optimized with the Yoast SEO plugin v27.5 - https:\/\/yoast.com\/product\/yoast-seo-wordpress\/ -->\n<title>A ortodoxia \u00e9 assunto da Igreja, n\u00e3o de indiv\u00edduos | ECCLESIA NEWS<\/title>\n<meta name=\"robots\" content=\"index, follow, max-snippet:-1, max-image-preview:large, max-video-preview:-1\" \/>\n<link rel=\"canonical\" href=\"https:\/\/news.ecclesia.org.br\/?p=48859\" \/>\n<meta property=\"og:locale\" content=\"pt_BR\" \/>\n<meta property=\"og:type\" content=\"article\" \/>\n<meta property=\"og:title\" content=\"A ortodoxia \u00e9 assunto da Igreja, n\u00e3o de indiv\u00edduos | ECCLESIA NEWS\" \/>\n<meta property=\"og:description\" content=\"A Igreja n\u00e3o \u00e9 uma organiza\u00e7\u00e3o ou associa\u00e7\u00e3o humana, mas o Corpo de Deus encarnado, o Cristo.\u00a0 Hieromonge Nikitas Monast\u00e9rio Pantocrator &#8211; Monte Athos S\u00e3o Greg\u00f3rio Palam\u00e1s \u00e9, para n\u00f3s monges e para todos os crist\u00e3os leigos piedosos, modelo de&#8230;\" \/>\n<meta property=\"og:url\" content=\"https:\/\/news.ecclesia.org.br\/?p=48859\" \/>\n<meta property=\"og:site_name\" content=\"ECCLESIA NEWS\" \/>\n<meta property=\"article:publisher\" content=\"https:\/\/www.facebook.com\/Ecclesia2025\" \/>\n<meta property=\"article:published_time\" content=\"2024-04-03T00:25:41+00:00\" \/>\n<meta property=\"article:modified_time\" content=\"2024-04-03T00:36:17+00:00\" \/>\n<meta property=\"og:image\" content=\"https:\/\/news.ecclesia.org.br\/wp-content\/uploads\/2024\/04\/Pentecostes.jpg\" \/>\n\t<meta property=\"og:image:width\" content=\"1024\" \/>\n\t<meta property=\"og:image:height\" content=\"643\" \/>\n\t<meta property=\"og:image:type\" content=\"image\/jpeg\" \/>\n<meta name=\"author\" content=\"Mons. Irineo Tamanini\" \/>\n<meta name=\"twitter:card\" content=\"summary_large_image\" \/>\n<meta name=\"twitter:creator\" content=\"@EcclesiaNews\" \/>\n<meta name=\"twitter:site\" content=\"@EcclesiaNews\" \/>\n<meta name=\"twitter:label1\" content=\"Escrito por\" \/>\n\t<meta name=\"twitter:data1\" content=\"Mons. Irineo Tamanini\" \/>\n\t<meta name=\"twitter:label2\" content=\"Est. tempo de leitura\" \/>\n\t<meta name=\"twitter:data2\" content=\"5 minutos\" \/>\n<script type=\"application\/ld+json\" class=\"yoast-schema-graph\">{\"@context\":\"https:\\\/\\\/schema.org\",\"@graph\":[{\"@type\":\"Article\",\"@id\":\"https:\\\/\\\/news.ecclesia.org.br\\\/?p=48859#article\",\"isPartOf\":{\"@id\":\"https:\\\/\\\/news.ecclesia.org.br\\\/?p=48859\"},\"author\":{\"name\":\"Mons. Irineo Tamanini\",\"@id\":\"https:\\\/\\\/news.ecclesia.org.br\\\/#\\\/schema\\\/person\\\/c6733c4589cfaa57b39844f2e985b7f5\"},\"headline\":\"A ortodoxia \u00e9 assunto da Igreja, n\u00e3o de indiv\u00edduos\",\"datePublished\":\"2024-04-03T00:25:41+00:00\",\"dateModified\":\"2024-04-03T00:36:17+00:00\",\"mainEntityOfPage\":{\"@id\":\"https:\\\/\\\/news.ecclesia.org.br\\\/?p=48859\"},\"wordCount\":981,\"commentCount\":0,\"publisher\":{\"@id\":\"https:\\\/\\\/news.ecclesia.org.br\\\/#organization\"},\"image\":{\"@id\":\"https:\\\/\\\/news.ecclesia.org.br\\\/?p=48859#primaryimage\"},\"thumbnailUrl\":\"https:\\\/\\\/news.ecclesia.org.br\\\/wp-content\\\/uploads\\\/2024\\\/04\\\/Pentecostes.jpg\",\"keywords\":[\"Igreja\",\"Sinonalidade\",\"Unidade\"],\"articleSection\":[\"Monte Athos\",\"Mundo Ortodoxo\",\"NEWS\",\"Teologia Ortodoxa\"],\"inLanguage\":\"pt-BR\",\"potentialAction\":[{\"@type\":\"CommentAction\",\"name\":\"Comment\",\"target\":[\"https:\\\/\\\/news.ecclesia.org.br\\\/?p=48859#respond\"]}]},{\"@type\":\"WebPage\",\"@id\":\"https:\\\/\\\/news.ecclesia.org.br\\\/?p=48859\",\"url\":\"https:\\\/\\\/news.ecclesia.org.br\\\/?p=48859\",\"name\":\"A ortodoxia \u00e9 assunto da Igreja, n\u00e3o de indiv\u00edduos | ECCLESIA NEWS\",\"isPartOf\":{\"@id\":\"https:\\\/\\\/news.ecclesia.org.br\\\/#website\"},\"primaryImageOfPage\":{\"@id\":\"https:\\\/\\\/news.ecclesia.org.br\\\/?p=48859#primaryimage\"},\"image\":{\"@id\":\"https:\\\/\\\/news.ecclesia.org.br\\\/?p=48859#primaryimage\"},\"thumbnailUrl\":\"https:\\\/\\\/news.ecclesia.org.br\\\/wp-content\\\/uploads\\\/2024\\\/04\\\/Pentecostes.jpg\",\"datePublished\":\"2024-04-03T00:25:41+00:00\",\"dateModified\":\"2024-04-03T00:36:17+00:00\",\"breadcrumb\":{\"@id\":\"https:\\\/\\\/news.ecclesia.org.br\\\/?p=48859#breadcrumb\"},\"inLanguage\":\"pt-BR\",\"potentialAction\":[{\"@type\":\"ReadAction\",\"target\":[\"https:\\\/\\\/news.ecclesia.org.br\\\/?p=48859\"]}]},{\"@type\":\"ImageObject\",\"inLanguage\":\"pt-BR\",\"@id\":\"https:\\\/\\\/news.ecclesia.org.br\\\/?p=48859#primaryimage\",\"url\":\"https:\\\/\\\/news.ecclesia.org.br\\\/wp-content\\\/uploads\\\/2024\\\/04\\\/Pentecostes.jpg\",\"contentUrl\":\"https:\\\/\\\/news.ecclesia.org.br\\\/wp-content\\\/uploads\\\/2024\\\/04\\\/Pentecostes.jpg\",\"width\":1024,\"height\":643},{\"@type\":\"BreadcrumbList\",\"@id\":\"https:\\\/\\\/news.ecclesia.org.br\\\/?p=48859#breadcrumb\",\"itemListElement\":[{\"@type\":\"ListItem\",\"position\":1,\"name\":\"In\u00edcio\",\"item\":\"https:\\\/\\\/news.ecclesia.org.br\\\/\"},{\"@type\":\"ListItem\",\"position\":2,\"name\":\"A ortodoxia \u00e9 assunto da Igreja, n\u00e3o de indiv\u00edduos\"}]},{\"@type\":\"WebSite\",\"@id\":\"https:\\\/\\\/news.ecclesia.org.br\\\/#website\",\"url\":\"https:\\\/\\\/news.ecclesia.org.br\\\/\",\"name\":\"Ecclesia Brasil\",\"description\":\"Desde 2003 onectando o Brasil ao mundo ortodoxo!\",\"publisher\":{\"@id\":\"https:\\\/\\\/news.ecclesia.org.br\\\/#organization\"},\"alternateName\":\"Ecclesia\",\"potentialAction\":[{\"@type\":\"SearchAction\",\"target\":{\"@type\":\"EntryPoint\",\"urlTemplate\":\"https:\\\/\\\/news.ecclesia.org.br\\\/?s={search_term_string}\"},\"query-input\":{\"@type\":\"PropertyValueSpecification\",\"valueRequired\":true,\"valueName\":\"search_term_string\"}}],\"inLanguage\":\"pt-BR\"},{\"@type\":\"Organization\",\"@id\":\"https:\\\/\\\/news.ecclesia.org.br\\\/#organization\",\"name\":\"Sacra Arquidiocese de Buenos Aires e Am\u00e9rica do Sul | Patriarcado Ecum\u00eanico\",\"alternateName\":\"News Ecclesia Brasil\",\"url\":\"https:\\\/\\\/news.ecclesia.org.br\\\/\",\"logo\":{\"@type\":\"ImageObject\",\"inLanguage\":\"pt-BR\",\"@id\":\"https:\\\/\\\/news.ecclesia.org.br\\\/#\\\/schema\\\/logo\\\/image\\\/\",\"url\":\"https:\\\/\\\/news.ecclesia.org.br\\\/wp-content\\\/uploads\\\/2025\\\/05\\\/ecclesia2.png\",\"contentUrl\":\"https:\\\/\\\/news.ecclesia.org.br\\\/wp-content\\\/uploads\\\/2025\\\/05\\\/ecclesia2.png\",\"width\":480,\"height\":120,\"caption\":\"Sacra Arquidiocese de Buenos Aires e Am\u00e9rica do Sul | Patriarcado Ecum\u00eanico\"},\"image\":{\"@id\":\"https:\\\/\\\/news.ecclesia.org.br\\\/#\\\/schema\\\/logo\\\/image\\\/\"},\"sameAs\":[\"https:\\\/\\\/www.facebook.com\\\/Ecclesia2025\",\"https:\\\/\\\/x.com\\\/EcclesiaNews\",\"https:\\\/\\\/br.pinterest.com\\\/ekklisia\\\/\",\"https:\\\/\\\/www.youtube.com\\\/@EcclesiaBrasil\"]},{\"@type\":\"Person\",\"@id\":\"https:\\\/\\\/news.ecclesia.org.br\\\/#\\\/schema\\\/person\\\/c6733c4589cfaa57b39844f2e985b7f5\",\"name\":\"Mons. Irineo Tamanini\",\"image\":{\"@type\":\"ImageObject\",\"inLanguage\":\"pt-BR\",\"@id\":\"https:\\\/\\\/secure.gravatar.com\\\/avatar\\\/39567d17a9814c9a8a324573c2a25640dfaba5ebfab204819a71ab81cb1df78b?s=96&d=mm&r=g\",\"url\":\"https:\\\/\\\/secure.gravatar.com\\\/avatar\\\/39567d17a9814c9a8a324573c2a25640dfaba5ebfab204819a71ab81cb1df78b?s=96&d=mm&r=g\",\"contentUrl\":\"https:\\\/\\\/secure.gravatar.com\\\/avatar\\\/39567d17a9814c9a8a324573c2a25640dfaba5ebfab204819a71ab81cb1df78b?s=96&d=mm&r=g\",\"caption\":\"Mons. Irineo Tamanini\"},\"sameAs\":[\"https:\\\/\\\/news.ecclesia.org.br\\\/\"]}]}<\/script>\n<!-- \/ Yoast SEO plugin. -->","yoast_head_json":{"title":"A ortodoxia \u00e9 assunto da Igreja, n\u00e3o de indiv\u00edduos | ECCLESIA NEWS","robots":{"index":"index","follow":"follow","max-snippet":"max-snippet:-1","max-image-preview":"max-image-preview:large","max-video-preview":"max-video-preview:-1"},"canonical":"https:\/\/news.ecclesia.org.br\/?p=48859","og_locale":"pt_BR","og_type":"article","og_title":"A ortodoxia \u00e9 assunto da Igreja, n\u00e3o de indiv\u00edduos | ECCLESIA NEWS","og_description":"A Igreja n\u00e3o \u00e9 uma organiza\u00e7\u00e3o ou associa\u00e7\u00e3o humana, mas o Corpo de Deus encarnado, o Cristo.\u00a0 Hieromonge Nikitas Monast\u00e9rio Pantocrator &#8211; Monte Athos S\u00e3o Greg\u00f3rio Palam\u00e1s \u00e9, para n\u00f3s monges e para todos os crist\u00e3os leigos piedosos, modelo de&#8230;","og_url":"https:\/\/news.ecclesia.org.br\/?p=48859","og_site_name":"ECCLESIA NEWS","article_publisher":"https:\/\/www.facebook.com\/Ecclesia2025","article_published_time":"2024-04-03T00:25:41+00:00","article_modified_time":"2024-04-03T00:36:17+00:00","og_image":[{"width":1024,"height":643,"url":"https:\/\/news.ecclesia.org.br\/wp-content\/uploads\/2024\/04\/Pentecostes.jpg","type":"image\/jpeg"}],"author":"Mons. Irineo Tamanini","twitter_card":"summary_large_image","twitter_creator":"@EcclesiaNews","twitter_site":"@EcclesiaNews","twitter_misc":{"Escrito por":"Mons. Irineo Tamanini","Est. tempo de leitura":"5 minutos"},"schema":{"@context":"https:\/\/schema.org","@graph":[{"@type":"Article","@id":"https:\/\/news.ecclesia.org.br\/?p=48859#article","isPartOf":{"@id":"https:\/\/news.ecclesia.org.br\/?p=48859"},"author":{"name":"Mons. Irineo Tamanini","@id":"https:\/\/news.ecclesia.org.br\/#\/schema\/person\/c6733c4589cfaa57b39844f2e985b7f5"},"headline":"A ortodoxia \u00e9 assunto da Igreja, n\u00e3o de indiv\u00edduos","datePublished":"2024-04-03T00:25:41+00:00","dateModified":"2024-04-03T00:36:17+00:00","mainEntityOfPage":{"@id":"https:\/\/news.ecclesia.org.br\/?p=48859"},"wordCount":981,"commentCount":0,"publisher":{"@id":"https:\/\/news.ecclesia.org.br\/#organization"},"image":{"@id":"https:\/\/news.ecclesia.org.br\/?p=48859#primaryimage"},"thumbnailUrl":"https:\/\/news.ecclesia.org.br\/wp-content\/uploads\/2024\/04\/Pentecostes.jpg","keywords":["Igreja","Sinonalidade","Unidade"],"articleSection":["Monte Athos","Mundo Ortodoxo","NEWS","Teologia Ortodoxa"],"inLanguage":"pt-BR","potentialAction":[{"@type":"CommentAction","name":"Comment","target":["https:\/\/news.ecclesia.org.br\/?p=48859#respond"]}]},{"@type":"WebPage","@id":"https:\/\/news.ecclesia.org.br\/?p=48859","url":"https:\/\/news.ecclesia.org.br\/?p=48859","name":"A ortodoxia \u00e9 assunto da Igreja, n\u00e3o de indiv\u00edduos | ECCLESIA NEWS","isPartOf":{"@id":"https:\/\/news.ecclesia.org.br\/#website"},"primaryImageOfPage":{"@id":"https:\/\/news.ecclesia.org.br\/?p=48859#primaryimage"},"image":{"@id":"https:\/\/news.ecclesia.org.br\/?p=48859#primaryimage"},"thumbnailUrl":"https:\/\/news.ecclesia.org.br\/wp-content\/uploads\/2024\/04\/Pentecostes.jpg","datePublished":"2024-04-03T00:25:41+00:00","dateModified":"2024-04-03T00:36:17+00:00","breadcrumb":{"@id":"https:\/\/news.ecclesia.org.br\/?p=48859#breadcrumb"},"inLanguage":"pt-BR","potentialAction":[{"@type":"ReadAction","target":["https:\/\/news.ecclesia.org.br\/?p=48859"]}]},{"@type":"ImageObject","inLanguage":"pt-BR","@id":"https:\/\/news.ecclesia.org.br\/?p=48859#primaryimage","url":"https:\/\/news.ecclesia.org.br\/wp-content\/uploads\/2024\/04\/Pentecostes.jpg","contentUrl":"https:\/\/news.ecclesia.org.br\/wp-content\/uploads\/2024\/04\/Pentecostes.jpg","width":1024,"height":643},{"@type":"BreadcrumbList","@id":"https:\/\/news.ecclesia.org.br\/?p=48859#breadcrumb","itemListElement":[{"@type":"ListItem","position":1,"name":"In\u00edcio","item":"https:\/\/news.ecclesia.org.br\/"},{"@type":"ListItem","position":2,"name":"A ortodoxia \u00e9 assunto da Igreja, n\u00e3o de indiv\u00edduos"}]},{"@type":"WebSite","@id":"https:\/\/news.ecclesia.org.br\/#website","url":"https:\/\/news.ecclesia.org.br\/","name":"Ecclesia Brasil","description":"Desde 2003 onectando o Brasil ao mundo ortodoxo!","publisher":{"@id":"https:\/\/news.ecclesia.org.br\/#organization"},"alternateName":"Ecclesia","potentialAction":[{"@type":"SearchAction","target":{"@type":"EntryPoint","urlTemplate":"https:\/\/news.ecclesia.org.br\/?s={search_term_string}"},"query-input":{"@type":"PropertyValueSpecification","valueRequired":true,"valueName":"search_term_string"}}],"inLanguage":"pt-BR"},{"@type":"Organization","@id":"https:\/\/news.ecclesia.org.br\/#organization","name":"Sacra Arquidiocese de Buenos Aires e Am\u00e9rica do Sul | Patriarcado Ecum\u00eanico","alternateName":"News Ecclesia Brasil","url":"https:\/\/news.ecclesia.org.br\/","logo":{"@type":"ImageObject","inLanguage":"pt-BR","@id":"https:\/\/news.ecclesia.org.br\/#\/schema\/logo\/image\/","url":"https:\/\/news.ecclesia.org.br\/wp-content\/uploads\/2025\/05\/ecclesia2.png","contentUrl":"https:\/\/news.ecclesia.org.br\/wp-content\/uploads\/2025\/05\/ecclesia2.png","width":480,"height":120,"caption":"Sacra Arquidiocese de Buenos Aires e Am\u00e9rica do Sul | Patriarcado Ecum\u00eanico"},"image":{"@id":"https:\/\/news.ecclesia.org.br\/#\/schema\/logo\/image\/"},"sameAs":["https:\/\/www.facebook.com\/Ecclesia2025","https:\/\/x.com\/EcclesiaNews","https:\/\/br.pinterest.com\/ekklisia\/","https:\/\/www.youtube.com\/@EcclesiaBrasil"]},{"@type":"Person","@id":"https:\/\/news.ecclesia.org.br\/#\/schema\/person\/c6733c4589cfaa57b39844f2e985b7f5","name":"Mons. Irineo Tamanini","image":{"@type":"ImageObject","inLanguage":"pt-BR","@id":"https:\/\/secure.gravatar.com\/avatar\/39567d17a9814c9a8a324573c2a25640dfaba5ebfab204819a71ab81cb1df78b?s=96&d=mm&r=g","url":"https:\/\/secure.gravatar.com\/avatar\/39567d17a9814c9a8a324573c2a25640dfaba5ebfab204819a71ab81cb1df78b?s=96&d=mm&r=g","contentUrl":"https:\/\/secure.gravatar.com\/avatar\/39567d17a9814c9a8a324573c2a25640dfaba5ebfab204819a71ab81cb1df78b?s=96&d=mm&r=g","caption":"Mons. Irineo Tamanini"},"sameAs":["https:\/\/news.ecclesia.org.br\/"]}]}},"_links":{"self":[{"href":"https:\/\/news.ecclesia.org.br\/index.php?rest_route=\/wp\/v2\/posts\/48859","targetHints":{"allow":["GET"]}}],"collection":[{"href":"https:\/\/news.ecclesia.org.br\/index.php?rest_route=\/wp\/v2\/posts"}],"about":[{"href":"https:\/\/news.ecclesia.org.br\/index.php?rest_route=\/wp\/v2\/types\/post"}],"author":[{"embeddable":true,"href":"https:\/\/news.ecclesia.org.br\/index.php?rest_route=\/wp\/v2\/users\/6"}],"replies":[{"embeddable":true,"href":"https:\/\/news.ecclesia.org.br\/index.php?rest_route=%2Fwp%2Fv2%2Fcomments&post=48859"}],"version-history":[{"count":7,"href":"https:\/\/news.ecclesia.org.br\/index.php?rest_route=\/wp\/v2\/posts\/48859\/revisions"}],"predecessor-version":[{"id":48868,"href":"https:\/\/news.ecclesia.org.br\/index.php?rest_route=\/wp\/v2\/posts\/48859\/revisions\/48868"}],"wp:featuredmedia":[{"embeddable":true,"href":"https:\/\/news.ecclesia.org.br\/index.php?rest_route=\/wp\/v2\/media\/48865"}],"wp:attachment":[{"href":"https:\/\/news.ecclesia.org.br\/index.php?rest_route=%2Fwp%2Fv2%2Fmedia&parent=48859"}],"wp:term":[{"taxonomy":"category","embeddable":true,"href":"https:\/\/news.ecclesia.org.br\/index.php?rest_route=%2Fwp%2Fv2%2Fcategories&post=48859"},{"taxonomy":"post_tag","embeddable":true,"href":"https:\/\/news.ecclesia.org.br\/index.php?rest_route=%2Fwp%2Fv2%2Ftags&post=48859"}],"curies":[{"name":"wp","href":"https:\/\/api.w.org\/{rel}","templated":true}]}}