{"id":48090,"date":"2023-11-02T17:00:25","date_gmt":"2023-11-02T20:00:25","guid":{"rendered":"https:\/\/news.ecclesia.org.br\/?p=48090"},"modified":"2023-11-02T18:29:50","modified_gmt":"2023-11-02T21:29:50","slug":"patriarca-de-jerusalem-encontra-se-com-o-ministro-de-estado-do-reino-unido-para-o-medio-oriente-profunda-preocupacao-com-as-atrocidades-em-gaza","status":"publish","type":"post","link":"https:\/\/news.ecclesia.org.br\/?p=48090","title":{"rendered":"Patriarca de Jerusal\u00e9m encontra-se com o Ministro de Estado do Reino Unido para o M\u00e9dio Oriente \u2013 Profunda preocupa\u00e7\u00e3o com as atrocidades em Gaza"},"content":{"rendered":"\t\t<div data-elementor-type=\"wp-post\" data-elementor-id=\"48090\" class=\"elementor elementor-48090\">\n\t\t\t\t\t\t<section class=\"elementor-section elementor-top-section elementor-element elementor-element-31b5aaee elementor-section-boxed elementor-section-height-default elementor-section-height-default\" data-id=\"31b5aaee\" data-element_type=\"section\" data-e-type=\"section\">\n\t\t\t\t\t\t<div class=\"elementor-container elementor-column-gap-default\">\n\t\t\t\t\t<div class=\"elementor-column elementor-col-100 elementor-top-column elementor-element elementor-element-3c2220c5\" data-id=\"3c2220c5\" data-element_type=\"column\" data-e-type=\"column\">\n\t\t\t<div class=\"elementor-widget-wrap elementor-element-populated\">\n\t\t\t\t\t\t<div class=\"elementor-element elementor-element-7a8f0829 elementor-widget elementor-widget-text-editor\" data-id=\"7a8f0829\" data-element_type=\"widget\" data-e-type=\"widget\" data-widget_type=\"text-editor.default\">\n\t\t\t\t<div class=\"elementor-widget-container\">\n\t\t\t\t\t\t\t\t\t\n<p>Patriarca Te\u00f3filo III, de Jerusal\u00e9m, reuniu-se na manh\u00e3 de hoje com Lord Tariq Ahmad, Bar\u00e3o Ahmad de Wimbledon, Ministro de Estado do Reino Unido para o Oriente M\u00e9dio, Norte da \u00c1frica, Sul da \u00c1sia, na sede do Patriarcado em Jerusal\u00e9m, A reuni\u00e3o contou com a presen\u00e7a de Husam Naoum, Arcebispo Anglicano em Jerusal\u00e9m e Secret\u00e1rio Geral do Conselho de Patriarcas e Chefes de Igrejas em Jerusal\u00e9m.<\/p>\n\n<p>A reuni\u00e3o teve lugar no contexto sombrio do conflito em curso na regi\u00e3o. Lord Ahmad reconheceu as circunst\u00e2ncias desafiadoras, expressando felicidade pela visita e tristeza pela guerra em curso. Ele transmitiu a sua profunda preocupa\u00e7\u00e3o com as atrocidades e discutiu formas de contribuir para a causa da estabilidade e da calma. Lord Ahmad reconheceu o papel fundamental que a Igreja, em colabora\u00e7\u00e3o com outras institui\u00e7\u00f5es religiosas, desempenha na Terra Santa. Ele manifestou disponibilidade para ouvir as opini\u00f5es do Patriarca e ofereceu simpatia pelas v\u00edtimas dos atentados \u00e0s igrejas em Gaza.<\/p>\n\n<p>O Patriarca Te\u00f3filo III, em resposta, relatou a infeliz destrui\u00e7\u00e3o de locais de culto, hospitais, centros de servi\u00e7os comunit\u00e1rios, escolas e bairros residenciais em Gaza. Destacou o esfor\u00e7o coletivo de v\u00e1rias igrejas para preservar o car\u00e1cter multicultural e multi-religioso dos Lugares Santos. O seu objetivo \u00e9 garantir que estes locais continuem a ser locais de culto, ora\u00e7\u00e3o e reconcilia\u00e7\u00e3o.<\/p>\n\n<p>O Patriarca falou das lutas que os crist\u00e3os enfrentam na Terra Santa, enfrentando a opress\u00e3o de grupos radicais israelitas que procuram expuls\u00e1-los de l\u00e1. Sublinhou ainda a import\u00e2ncia de manter os lugares santos n\u00e3o apenas como estruturas, mas como comunidades vivas, abertas aos membros das diversas religi\u00f5es, contribuindo para a coexist\u00eancia e a paz. Os Crist\u00e3os Ortodoxos trabalham ativamente para manter a harmonia na Terra Santa, referindo-se ao acordo feito no s\u00e9culo VII entre o Patriarca Sophronios e o Califa Omar bin Khattab como um precedente hist\u00f3rico para a coexist\u00eancia. Destacou tamb\u00e9m o papel hist\u00f3rico das igrejas como zona segura durante tempos de conflito, expressando profunda preocupa\u00e7\u00e3o por todas as v\u00edtimas da guerra, incluindo civis, especialmente mulheres e crian\u00e7as que sofrem em Gaza.<\/p>\n\n<p>Lord Ahmad apelou para uma abordagem racional e l\u00f3gica, transcendendo as emo\u00e7\u00f5es, reconhecendo a santidade de cada vida humana. Os l\u00edderes presentes na reuni\u00e3o oraram coletivamente para evitar uma nova escalada com o objetivo de salvaguardar a terra, incluindo a Jord\u00e2nia, onde o Rei Hachemita det\u00e9m a cust\u00f3dia de locais mu\u00e7ulmanos e crist\u00e3os em Jerusal\u00e9m.<\/p>\n\n<p>O Arcebispo Husam Naoum, da Igreja Anglicana, tamb\u00e9m expressou gratid\u00e3o pela visita, acreditando que contribuir\u00e1 para acalmar as tens\u00f5es e promover a paz. Ele lamentou os recentes acontecimentos no sul de Israel e em Gaza, enfatizando o papel da heran\u00e7a religiosa na busca de uma solu\u00e7\u00e3o pol\u00edtica. O Arcebispo destacou a import\u00e2ncia de preservar <em>o Status Quo<\/em> dos Lugares Santos e levantou a quest\u00e3o de <em>Al Aqsa<\/em>, como lugar sagrado para os mu\u00e7ulmanos.<\/p>\n\t\t\t\t\t\t\t\t<\/div>\n\t\t\t\t<\/div>\n\t\t\t\t<div class=\"elementor-element elementor-element-7ca75db elementor-widget elementor-widget-text-editor\" data-id=\"7ca75db\" data-element_type=\"widget\" data-e-type=\"widget\" data-widget_type=\"text-editor.default\">\n\t\t\t\t<div class=\"elementor-widget-container\">\n\t\t\t\t\t\t\t\t\t<p>Com informa\u00e7\u00f5es e fotos de: <a href=\"https:\/\/orthodoxtimes.com\/\">https:\/\/orthodoxtimes.com\/<\/a><\/p>\t\t\t\t\t\t\t\t<\/div>\n\t\t\t\t<\/div>\n\t\t\t\t\t<\/div>\n\t\t<\/div>\n\t\t\t\t\t<\/div>\n\t\t<\/section>\n\t\t\t\t<\/div>\n\t\t","protected":false},"excerpt":{"rendered":"<p>Patriarca Te\u00f3filo III, de Jerusal\u00e9m, reuniu-se na manh\u00e3 de hoje com Lord Tariq Ahmad, Bar\u00e3o Ahmad de Wimbledon, Ministro de Estado do Reino Unido para o Oriente M\u00e9dio, Norte da \u00c1frica, Sul da \u00c1sia, na sede do Patriarcado em Jerusal\u00e9m,&#8230;<\/p>\n","protected":false},"author":1,"featured_media":48095,"comment_status":"open","ping_status":"open","sticky":false,"template":"","format":"standard","meta":{"_acf_changed":false,"footnotes":""},"categories":[2754],"tags":[2896,2983,2866,2868,2982],"class_list":["post-48090","post","type-post","status-publish","format-standard","has-post-thumbnail","hentry","category-patriarcado-de-jerusalem","tag-guerra-em-israel","tag-husam-naoum","tag-patriarca-teofilo-iii","tag-patriarcado-de-jerusalem","tag-tariq-ahmad","entry","rows-excerpt"],"acf":[],"yoast_head":"<!-- This site is optimized with the Yoast SEO plugin v27.5 - https:\/\/yoast.com\/product\/yoast-seo-wordpress\/ -->\n<title>Patriarca de Jerusal\u00e9m encontra-se com o Ministro de Estado do Reino Unido para o M\u00e9dio Oriente \u2013 Profunda preocupa\u00e7\u00e3o com as atrocidades em Gaza | ECCLESIA NEWS<\/title>\n<meta name=\"robots\" content=\"index, follow, max-snippet:-1, max-image-preview:large, max-video-preview:-1\" \/>\n<link rel=\"canonical\" href=\"https:\/\/news.ecclesia.org.br\/?p=48090\" \/>\n<meta property=\"og:locale\" content=\"pt_BR\" \/>\n<meta property=\"og:type\" content=\"article\" \/>\n<meta property=\"og:title\" content=\"Patriarca de Jerusal\u00e9m encontra-se com o Ministro de Estado do Reino Unido para o M\u00e9dio Oriente \u2013 Profunda preocupa\u00e7\u00e3o com as atrocidades em Gaza | ECCLESIA NEWS\" \/>\n<meta property=\"og:description\" content=\"Patriarca Te\u00f3filo III, de Jerusal\u00e9m, reuniu-se na manh\u00e3 de hoje com Lord Tariq Ahmad, Bar\u00e3o Ahmad de Wimbledon, Ministro de Estado do Reino Unido para o Oriente M\u00e9dio, Norte da \u00c1frica, Sul da \u00c1sia, na sede do Patriarcado em Jerusal\u00e9m,&#8230;\" \/>\n<meta property=\"og:url\" content=\"https:\/\/news.ecclesia.org.br\/?p=48090\" \/>\n<meta property=\"og:site_name\" content=\"ECCLESIA NEWS\" \/>\n<meta property=\"article:publisher\" content=\"https:\/\/www.facebook.com\/Ecclesia2025\" \/>\n<meta property=\"article:published_time\" content=\"2023-11-02T20:00:25+00:00\" \/>\n<meta property=\"article:modified_time\" content=\"2023-11-02T21:29:50+00:00\" \/>\n<meta property=\"og:image\" content=\"https:\/\/news.ecclesia.org.br\/wp-content\/uploads\/2023\/11\/Patriarca-de-Jerusalem.jpg\" \/>\n\t<meta property=\"og:image:width\" content=\"1024\" \/>\n\t<meta property=\"og:image:height\" content=\"552\" \/>\n\t<meta property=\"og:image:type\" content=\"image\/jpeg\" \/>\n<meta name=\"author\" content=\"Pe. Andr\u00e9\" \/>\n<meta name=\"twitter:card\" content=\"summary_large_image\" \/>\n<meta name=\"twitter:creator\" content=\"@EcclesiaNews\" \/>\n<meta name=\"twitter:site\" content=\"@EcclesiaNews\" \/>\n<meta name=\"twitter:label1\" content=\"Escrito por\" \/>\n\t<meta name=\"twitter:data1\" content=\"Pe. Andr\u00e9\" \/>\n\t<meta name=\"twitter:label2\" content=\"Est. tempo de leitura\" \/>\n\t<meta name=\"twitter:data2\" content=\"3 minutos\" \/>\n<script type=\"application\/ld+json\" class=\"yoast-schema-graph\">{\"@context\":\"https:\\\/\\\/schema.org\",\"@graph\":[{\"@type\":\"Article\",\"@id\":\"https:\\\/\\\/news.ecclesia.org.br\\\/?p=48090#article\",\"isPartOf\":{\"@id\":\"https:\\\/\\\/news.ecclesia.org.br\\\/?p=48090\"},\"author\":{\"name\":\"Pe. Andr\u00e9\",\"@id\":\"https:\\\/\\\/news.ecclesia.org.br\\\/#\\\/schema\\\/person\\\/6f09597f025829745ba414a569f63758\"},\"headline\":\"Patriarca de Jerusal\u00e9m encontra-se com o Ministro de Estado do Reino Unido para o M\u00e9dio Oriente \u2013 Profunda preocupa\u00e7\u00e3o com as atrocidades em Gaza\",\"datePublished\":\"2023-11-02T20:00:25+00:00\",\"dateModified\":\"2023-11-02T21:29:50+00:00\",\"mainEntityOfPage\":{\"@id\":\"https:\\\/\\\/news.ecclesia.org.br\\\/?p=48090\"},\"wordCount\":562,\"commentCount\":1,\"publisher\":{\"@id\":\"https:\\\/\\\/news.ecclesia.org.br\\\/#organization\"},\"image\":{\"@id\":\"https:\\\/\\\/news.ecclesia.org.br\\\/?p=48090#primaryimage\"},\"thumbnailUrl\":\"https:\\\/\\\/news.ecclesia.org.br\\\/wp-content\\\/uploads\\\/2023\\\/11\\\/Patriarca-de-Jerusalem.jpg\",\"keywords\":[\"Guerra em Israel e Faixa de Gaza\",\"Husam Naoum\",\"Patriarca Te\u00f3filo III\",\"Patriarcado de Jerusal\u00e9m\",\"Tariq Ahmad\"],\"articleSection\":[\"Patriarcado de Jerusal\u00e9m\"],\"inLanguage\":\"pt-BR\",\"potentialAction\":[{\"@type\":\"CommentAction\",\"name\":\"Comment\",\"target\":[\"https:\\\/\\\/news.ecclesia.org.br\\\/?p=48090#respond\"]}]},{\"@type\":\"WebPage\",\"@id\":\"https:\\\/\\\/news.ecclesia.org.br\\\/?p=48090\",\"url\":\"https:\\\/\\\/news.ecclesia.org.br\\\/?p=48090\",\"name\":\"Patriarca de Jerusal\u00e9m encontra-se com o Ministro de Estado do Reino Unido para o M\u00e9dio Oriente \u2013 Profunda preocupa\u00e7\u00e3o com as atrocidades em Gaza | ECCLESIA NEWS\",\"isPartOf\":{\"@id\":\"https:\\\/\\\/news.ecclesia.org.br\\\/#website\"},\"primaryImageOfPage\":{\"@id\":\"https:\\\/\\\/news.ecclesia.org.br\\\/?p=48090#primaryimage\"},\"image\":{\"@id\":\"https:\\\/\\\/news.ecclesia.org.br\\\/?p=48090#primaryimage\"},\"thumbnailUrl\":\"https:\\\/\\\/news.ecclesia.org.br\\\/wp-content\\\/uploads\\\/2023\\\/11\\\/Patriarca-de-Jerusalem.jpg\",\"datePublished\":\"2023-11-02T20:00:25+00:00\",\"dateModified\":\"2023-11-02T21:29:50+00:00\",\"breadcrumb\":{\"@id\":\"https:\\\/\\\/news.ecclesia.org.br\\\/?p=48090#breadcrumb\"},\"inLanguage\":\"pt-BR\",\"potentialAction\":[{\"@type\":\"ReadAction\",\"target\":[\"https:\\\/\\\/news.ecclesia.org.br\\\/?p=48090\"]}]},{\"@type\":\"ImageObject\",\"inLanguage\":\"pt-BR\",\"@id\":\"https:\\\/\\\/news.ecclesia.org.br\\\/?p=48090#primaryimage\",\"url\":\"https:\\\/\\\/news.ecclesia.org.br\\\/wp-content\\\/uploads\\\/2023\\\/11\\\/Patriarca-de-Jerusalem.jpg\",\"contentUrl\":\"https:\\\/\\\/news.ecclesia.org.br\\\/wp-content\\\/uploads\\\/2023\\\/11\\\/Patriarca-de-Jerusalem.jpg\",\"width\":1024,\"height\":552},{\"@type\":\"BreadcrumbList\",\"@id\":\"https:\\\/\\\/news.ecclesia.org.br\\\/?p=48090#breadcrumb\",\"itemListElement\":[{\"@type\":\"ListItem\",\"position\":1,\"name\":\"In\u00edcio\",\"item\":\"https:\\\/\\\/news.ecclesia.org.br\\\/\"},{\"@type\":\"ListItem\",\"position\":2,\"name\":\"Patriarca de Jerusal\u00e9m encontra-se com o Ministro de Estado do Reino Unido para o M\u00e9dio Oriente \u2013 Profunda preocupa\u00e7\u00e3o com as atrocidades em Gaza\"}]},{\"@type\":\"WebSite\",\"@id\":\"https:\\\/\\\/news.ecclesia.org.br\\\/#website\",\"url\":\"https:\\\/\\\/news.ecclesia.org.br\\\/\",\"name\":\"Ecclesia Brasil\",\"description\":\"Desde 2003 onectando o Brasil ao mundo ortodoxo!\",\"publisher\":{\"@id\":\"https:\\\/\\\/news.ecclesia.org.br\\\/#organization\"},\"alternateName\":\"Ecclesia\",\"potentialAction\":[{\"@type\":\"SearchAction\",\"target\":{\"@type\":\"EntryPoint\",\"urlTemplate\":\"https:\\\/\\\/news.ecclesia.org.br\\\/?s={search_term_string}\"},\"query-input\":{\"@type\":\"PropertyValueSpecification\",\"valueRequired\":true,\"valueName\":\"search_term_string\"}}],\"inLanguage\":\"pt-BR\"},{\"@type\":\"Organization\",\"@id\":\"https:\\\/\\\/news.ecclesia.org.br\\\/#organization\",\"name\":\"Sacra Arquidiocese de Buenos Aires e Am\u00e9rica do Sul | Patriarcado Ecum\u00eanico\",\"alternateName\":\"News Ecclesia Brasil\",\"url\":\"https:\\\/\\\/news.ecclesia.org.br\\\/\",\"logo\":{\"@type\":\"ImageObject\",\"inLanguage\":\"pt-BR\",\"@id\":\"https:\\\/\\\/news.ecclesia.org.br\\\/#\\\/schema\\\/logo\\\/image\\\/\",\"url\":\"https:\\\/\\\/news.ecclesia.org.br\\\/wp-content\\\/uploads\\\/2025\\\/05\\\/ecclesia2.png\",\"contentUrl\":\"https:\\\/\\\/news.ecclesia.org.br\\\/wp-content\\\/uploads\\\/2025\\\/05\\\/ecclesia2.png\",\"width\":480,\"height\":120,\"caption\":\"Sacra Arquidiocese de Buenos Aires e Am\u00e9rica do Sul | Patriarcado Ecum\u00eanico\"},\"image\":{\"@id\":\"https:\\\/\\\/news.ecclesia.org.br\\\/#\\\/schema\\\/logo\\\/image\\\/\"},\"sameAs\":[\"https:\\\/\\\/www.facebook.com\\\/Ecclesia2025\",\"https:\\\/\\\/x.com\\\/EcclesiaNews\",\"https:\\\/\\\/br.pinterest.com\\\/ekklisia\\\/\",\"https:\\\/\\\/www.youtube.com\\\/@EcclesiaBrasil\"]},{\"@type\":\"Person\",\"@id\":\"https:\\\/\\\/news.ecclesia.org.br\\\/#\\\/schema\\\/person\\\/6f09597f025829745ba414a569f63758\",\"name\":\"Pe. Andr\u00e9\",\"image\":{\"@type\":\"ImageObject\",\"inLanguage\":\"pt-BR\",\"@id\":\"https:\\\/\\\/secure.gravatar.com\\\/avatar\\\/b4327cfa27e9799da239a26adcd534fc29cdc0c4a4a148eecbcfeb9b42c617ac?s=96&d=mm&r=g\",\"url\":\"https:\\\/\\\/secure.gravatar.com\\\/avatar\\\/b4327cfa27e9799da239a26adcd534fc29cdc0c4a4a148eecbcfeb9b42c617ac?s=96&d=mm&r=g\",\"contentUrl\":\"https:\\\/\\\/secure.gravatar.com\\\/avatar\\\/b4327cfa27e9799da239a26adcd534fc29cdc0c4a4a148eecbcfeb9b42c617ac?s=96&d=mm&r=g\",\"caption\":\"Pe. Andr\u00e9\"},\"sameAs\":[\"https:\\\/\\\/www.ecclesia.org.br\"]}]}<\/script>\n<!-- \/ Yoast SEO plugin. -->","yoast_head_json":{"title":"Patriarca de Jerusal\u00e9m encontra-se com o Ministro de Estado do Reino Unido para o M\u00e9dio Oriente \u2013 Profunda preocupa\u00e7\u00e3o com as atrocidades em Gaza | ECCLESIA NEWS","robots":{"index":"index","follow":"follow","max-snippet":"max-snippet:-1","max-image-preview":"max-image-preview:large","max-video-preview":"max-video-preview:-1"},"canonical":"https:\/\/news.ecclesia.org.br\/?p=48090","og_locale":"pt_BR","og_type":"article","og_title":"Patriarca de Jerusal\u00e9m encontra-se com o Ministro de Estado do Reino Unido para o M\u00e9dio Oriente \u2013 Profunda preocupa\u00e7\u00e3o com as atrocidades em Gaza | ECCLESIA NEWS","og_description":"Patriarca Te\u00f3filo III, de Jerusal\u00e9m, reuniu-se na manh\u00e3 de hoje com Lord Tariq Ahmad, Bar\u00e3o Ahmad de Wimbledon, Ministro de Estado do Reino Unido para o Oriente M\u00e9dio, Norte da \u00c1frica, Sul da \u00c1sia, na sede do Patriarcado em Jerusal\u00e9m,&#8230;","og_url":"https:\/\/news.ecclesia.org.br\/?p=48090","og_site_name":"ECCLESIA NEWS","article_publisher":"https:\/\/www.facebook.com\/Ecclesia2025","article_published_time":"2023-11-02T20:00:25+00:00","article_modified_time":"2023-11-02T21:29:50+00:00","og_image":[{"width":1024,"height":552,"url":"https:\/\/news.ecclesia.org.br\/wp-content\/uploads\/2023\/11\/Patriarca-de-Jerusalem.jpg","type":"image\/jpeg"}],"author":"Pe. Andr\u00e9","twitter_card":"summary_large_image","twitter_creator":"@EcclesiaNews","twitter_site":"@EcclesiaNews","twitter_misc":{"Escrito por":"Pe. Andr\u00e9","Est. tempo de leitura":"3 minutos"},"schema":{"@context":"https:\/\/schema.org","@graph":[{"@type":"Article","@id":"https:\/\/news.ecclesia.org.br\/?p=48090#article","isPartOf":{"@id":"https:\/\/news.ecclesia.org.br\/?p=48090"},"author":{"name":"Pe. Andr\u00e9","@id":"https:\/\/news.ecclesia.org.br\/#\/schema\/person\/6f09597f025829745ba414a569f63758"},"headline":"Patriarca de Jerusal\u00e9m encontra-se com o Ministro de Estado do Reino Unido para o M\u00e9dio Oriente \u2013 Profunda preocupa\u00e7\u00e3o com as atrocidades em Gaza","datePublished":"2023-11-02T20:00:25+00:00","dateModified":"2023-11-02T21:29:50+00:00","mainEntityOfPage":{"@id":"https:\/\/news.ecclesia.org.br\/?p=48090"},"wordCount":562,"commentCount":1,"publisher":{"@id":"https:\/\/news.ecclesia.org.br\/#organization"},"image":{"@id":"https:\/\/news.ecclesia.org.br\/?p=48090#primaryimage"},"thumbnailUrl":"https:\/\/news.ecclesia.org.br\/wp-content\/uploads\/2023\/11\/Patriarca-de-Jerusalem.jpg","keywords":["Guerra em Israel e Faixa de Gaza","Husam Naoum","Patriarca Te\u00f3filo III","Patriarcado de Jerusal\u00e9m","Tariq Ahmad"],"articleSection":["Patriarcado de Jerusal\u00e9m"],"inLanguage":"pt-BR","potentialAction":[{"@type":"CommentAction","name":"Comment","target":["https:\/\/news.ecclesia.org.br\/?p=48090#respond"]}]},{"@type":"WebPage","@id":"https:\/\/news.ecclesia.org.br\/?p=48090","url":"https:\/\/news.ecclesia.org.br\/?p=48090","name":"Patriarca de Jerusal\u00e9m encontra-se com o Ministro de Estado do Reino Unido para o M\u00e9dio Oriente \u2013 Profunda preocupa\u00e7\u00e3o com as atrocidades em Gaza | ECCLESIA NEWS","isPartOf":{"@id":"https:\/\/news.ecclesia.org.br\/#website"},"primaryImageOfPage":{"@id":"https:\/\/news.ecclesia.org.br\/?p=48090#primaryimage"},"image":{"@id":"https:\/\/news.ecclesia.org.br\/?p=48090#primaryimage"},"thumbnailUrl":"https:\/\/news.ecclesia.org.br\/wp-content\/uploads\/2023\/11\/Patriarca-de-Jerusalem.jpg","datePublished":"2023-11-02T20:00:25+00:00","dateModified":"2023-11-02T21:29:50+00:00","breadcrumb":{"@id":"https:\/\/news.ecclesia.org.br\/?p=48090#breadcrumb"},"inLanguage":"pt-BR","potentialAction":[{"@type":"ReadAction","target":["https:\/\/news.ecclesia.org.br\/?p=48090"]}]},{"@type":"ImageObject","inLanguage":"pt-BR","@id":"https:\/\/news.ecclesia.org.br\/?p=48090#primaryimage","url":"https:\/\/news.ecclesia.org.br\/wp-content\/uploads\/2023\/11\/Patriarca-de-Jerusalem.jpg","contentUrl":"https:\/\/news.ecclesia.org.br\/wp-content\/uploads\/2023\/11\/Patriarca-de-Jerusalem.jpg","width":1024,"height":552},{"@type":"BreadcrumbList","@id":"https:\/\/news.ecclesia.org.br\/?p=48090#breadcrumb","itemListElement":[{"@type":"ListItem","position":1,"name":"In\u00edcio","item":"https:\/\/news.ecclesia.org.br\/"},{"@type":"ListItem","position":2,"name":"Patriarca de Jerusal\u00e9m encontra-se com o Ministro de Estado do Reino Unido para o M\u00e9dio Oriente \u2013 Profunda preocupa\u00e7\u00e3o com as atrocidades em Gaza"}]},{"@type":"WebSite","@id":"https:\/\/news.ecclesia.org.br\/#website","url":"https:\/\/news.ecclesia.org.br\/","name":"Ecclesia Brasil","description":"Desde 2003 onectando o Brasil ao mundo ortodoxo!","publisher":{"@id":"https:\/\/news.ecclesia.org.br\/#organization"},"alternateName":"Ecclesia","potentialAction":[{"@type":"SearchAction","target":{"@type":"EntryPoint","urlTemplate":"https:\/\/news.ecclesia.org.br\/?s={search_term_string}"},"query-input":{"@type":"PropertyValueSpecification","valueRequired":true,"valueName":"search_term_string"}}],"inLanguage":"pt-BR"},{"@type":"Organization","@id":"https:\/\/news.ecclesia.org.br\/#organization","name":"Sacra Arquidiocese de Buenos Aires e Am\u00e9rica do Sul | Patriarcado Ecum\u00eanico","alternateName":"News Ecclesia Brasil","url":"https:\/\/news.ecclesia.org.br\/","logo":{"@type":"ImageObject","inLanguage":"pt-BR","@id":"https:\/\/news.ecclesia.org.br\/#\/schema\/logo\/image\/","url":"https:\/\/news.ecclesia.org.br\/wp-content\/uploads\/2025\/05\/ecclesia2.png","contentUrl":"https:\/\/news.ecclesia.org.br\/wp-content\/uploads\/2025\/05\/ecclesia2.png","width":480,"height":120,"caption":"Sacra Arquidiocese de Buenos Aires e Am\u00e9rica do Sul | Patriarcado Ecum\u00eanico"},"image":{"@id":"https:\/\/news.ecclesia.org.br\/#\/schema\/logo\/image\/"},"sameAs":["https:\/\/www.facebook.com\/Ecclesia2025","https:\/\/x.com\/EcclesiaNews","https:\/\/br.pinterest.com\/ekklisia\/","https:\/\/www.youtube.com\/@EcclesiaBrasil"]},{"@type":"Person","@id":"https:\/\/news.ecclesia.org.br\/#\/schema\/person\/6f09597f025829745ba414a569f63758","name":"Pe. Andr\u00e9","image":{"@type":"ImageObject","inLanguage":"pt-BR","@id":"https:\/\/secure.gravatar.com\/avatar\/b4327cfa27e9799da239a26adcd534fc29cdc0c4a4a148eecbcfeb9b42c617ac?s=96&d=mm&r=g","url":"https:\/\/secure.gravatar.com\/avatar\/b4327cfa27e9799da239a26adcd534fc29cdc0c4a4a148eecbcfeb9b42c617ac?s=96&d=mm&r=g","contentUrl":"https:\/\/secure.gravatar.com\/avatar\/b4327cfa27e9799da239a26adcd534fc29cdc0c4a4a148eecbcfeb9b42c617ac?s=96&d=mm&r=g","caption":"Pe. Andr\u00e9"},"sameAs":["https:\/\/www.ecclesia.org.br"]}]}},"_links":{"self":[{"href":"https:\/\/news.ecclesia.org.br\/index.php?rest_route=\/wp\/v2\/posts\/48090","targetHints":{"allow":["GET"]}}],"collection":[{"href":"https:\/\/news.ecclesia.org.br\/index.php?rest_route=\/wp\/v2\/posts"}],"about":[{"href":"https:\/\/news.ecclesia.org.br\/index.php?rest_route=\/wp\/v2\/types\/post"}],"author":[{"embeddable":true,"href":"https:\/\/news.ecclesia.org.br\/index.php?rest_route=\/wp\/v2\/users\/1"}],"replies":[{"embeddable":true,"href":"https:\/\/news.ecclesia.org.br\/index.php?rest_route=%2Fwp%2Fv2%2Fcomments&post=48090"}],"version-history":[{"count":9,"href":"https:\/\/news.ecclesia.org.br\/index.php?rest_route=\/wp\/v2\/posts\/48090\/revisions"}],"predecessor-version":[{"id":48138,"href":"https:\/\/news.ecclesia.org.br\/index.php?rest_route=\/wp\/v2\/posts\/48090\/revisions\/48138"}],"wp:featuredmedia":[{"embeddable":true,"href":"https:\/\/news.ecclesia.org.br\/index.php?rest_route=\/wp\/v2\/media\/48095"}],"wp:attachment":[{"href":"https:\/\/news.ecclesia.org.br\/index.php?rest_route=%2Fwp%2Fv2%2Fmedia&parent=48090"}],"wp:term":[{"taxonomy":"category","embeddable":true,"href":"https:\/\/news.ecclesia.org.br\/index.php?rest_route=%2Fwp%2Fv2%2Fcategories&post=48090"},{"taxonomy":"post_tag","embeddable":true,"href":"https:\/\/news.ecclesia.org.br\/index.php?rest_route=%2Fwp%2Fv2%2Ftags&post=48090"}],"curies":[{"name":"wp","href":"https:\/\/api.w.org\/{rel}","templated":true}]}}