{"id":4770,"date":"2010-08-14T21:21:44","date_gmt":"2010-08-14T23:21:44","guid":{"rendered":"http:\/\/www.ecclesia.com.br\/news\/?p=4770"},"modified":"2016-03-17T22:53:17","modified_gmt":"2016-03-17T22:53:17","slug":"taize-mensagens-valorizam-testemunho-e-heranca-deixada-pelo-irmao-roger","status":"publish","type":"post","link":"https:\/\/news.ecclesia.org.br\/?p=4770","title":{"rendered":"Taiz\u00e9: Mensagens valorizam testemunho e heran\u00e7a deixada pelo irm\u00e3o Roger"},"content":{"rendered":"<p style=\"text-align: justify;\"><strong>Neste duplo anivers\u00e1rio, 70 anos de Taiz\u00e9 e os cinco anos da morte do irm\u00e3o Roger, s\u00e3o muitas as mensagens que chegam \u00e0 Comunidade.<\/strong><\/p>\n<p style=\"text-align: justify;\">O Patriarca Ecum\u00eanico de Constantinopla, Bartolomeu I, afirma que \u00abTaiz\u00e9 tornou-se um verdadeiro centro, um ponto de converg\u00eancia e de encontro. Um lugar de aprofundamento na ora\u00e7\u00e3o, na escuta e na humildade. Um lugar de respeito pela tradi\u00e7\u00e3o do outro. O reconhecimento do outro, do seu rosto e, portanto, do seu ser &#8211; pr\u00e9-requisito necess\u00e1rio a um amor \u00e0 imagem daquele que nos amou &#8216;sem limites&#8217;\u00bb.<\/p>\n<p style=\"text-align: justify;\">O Patriarca Cirilo, de Moscou recorda os v\u00e1rios encontros que teve com o irm\u00e3o Roger. \u00abConjugar a fidelidade aos ensinamentos dos Padres da Igreja com uma atualiza\u00e7\u00e3o criativa no minist\u00e9rio mission\u00e1rio entre os jovens de hoje caracterizava o caminho do irm\u00e3o Roger, tal como o da Comunidade por ele fundada\u00bb.<\/p>\n<p style=\"text-align: justify;\">O Papa Bento XVI espera que \u00abo seu testemunho de um ecumenismo de santidade nos inspire no nosso caminho para a unidade e que a vossa Comunidade continue a viver e a fazer brilhar o seu carisma, especialmente junto das gera\u00e7\u00f5es mais jovens!\u00bb.<\/p>\n<p style=\"text-align: justify;\">Por seu lado, o arcebispo de Cantu\u00e1ria, Rowan Williams assinala que \u00abcontinuamos a celebrar o irm\u00e3o Roger como algu\u00e9m que nos d\u00e1 confian\u00e7a na ressurrei\u00e7\u00e3o e que nos desafia a viver pela ressurrei\u00e7\u00e3o. \u00c0 luz do seu testemunho, tornamo-nos livres para olhar as crises e traumas do nosso\u00bb.<\/p>\n<p style=\"text-align: justify;\">O secret\u00e1rio Geral da Federa\u00e7\u00e3o Luterana Mundial, Ishmael Noko considera que a morte do irm\u00e3o Roger deve trazer a consci\u00eancia de que \u00abele foi testemunha de uma outra vis\u00e3o para a vida\u00bb. O empenho de Taiz\u00e9 \u00abpela reconcilia\u00e7\u00e3o, a paz e a unidade da humanidade \u00e9 mais atual que nunca\u00bb, acrescenta. O secret\u00e1rio Geral da Comunh\u00e3o Mundial das Igrejas Reformadas (CMIR), Setri Nyomi aponta o impacto que Taiz\u00e9 tem na vida de milhares. \u00abTaiz\u00e9 sabe o que est\u00e1 no cora\u00e7\u00e3o de Nosso Senhor Jesus Cristo: que os jovens s\u00e3o importantes\u00bb, defende. A Comunidade \u00ab\u00e9 um modelo para estas atenderem \u00e0s necessidades espirituais e materiais do povo de Deus e, mais particularmente, dos jovens\u00bb, diz o secret\u00e1rio Geral do Conselho Ecum\u00eanico das Igrejas, Olav Fykse-Tveit.<\/p>\n<p style=\"text-align: justify;\">Neste duplo anivers\u00e1rio vai ser publicado um pequeno livro para os jovens, com textos essenciais do irm\u00e3o Roger, \u00abViver para amar\u00bb. O irm\u00e3o Alois escreve, no pref\u00e1cio, que estas p\u00e1ginas permitem descobrir a vida e o pensamento do irm\u00e3o Roger. \u00abA heran\u00e7a que deixou est\u00e1 viva. Ele tinha uma certeza: Deus est\u00e1 unido a todo o ser humano, mesmo \u00e0queles que n\u00e3o t\u00eam consci\u00eancia disso. Nesta confian\u00e7a na presen\u00e7a de Deus, ele encontrava uma paz que procurava comunicar aos outros\u00bb, lembra.<\/p>\n<p style=\"text-align: justify;\">\n","protected":false},"excerpt":{"rendered":"<p>Neste duplo anivers\u00e1rio, 70 anos de Taiz\u00e9 e os cinco anos da morte do irm\u00e3o Roger, s\u00e3o muitas as mensagens que chegam \u00e0 Comunidade. O Patriarca Ecum\u00eanico de Constantinopla, Bartolomeu I, afirma que \u00abTaiz\u00e9 tornou-se um verdadeiro centro, um ponto&#8230;<\/p>\n","protected":false},"author":1,"featured_media":16126,"comment_status":"open","ping_status":"open","sticky":false,"template":"","format":"standard","meta":{"_acf_changed":false,"footnotes":""},"categories":[1],"tags":[],"class_list":["post-4770","post","type-post","status-publish","format-standard","has-post-thumbnail","hentry","category-news","entry","rows-excerpt"],"acf":[],"yoast_head":"<!-- This site is optimized with the Yoast SEO plugin v27.5 - https:\/\/yoast.com\/product\/yoast-seo-wordpress\/ -->\n<title>Taiz\u00e9: Mensagens valorizam testemunho e heran\u00e7a deixada pelo irm\u00e3o Roger | ECCLESIA NEWS<\/title>\n<meta name=\"robots\" content=\"index, follow, max-snippet:-1, max-image-preview:large, max-video-preview:-1\" \/>\n<link rel=\"canonical\" href=\"https:\/\/news.ecclesia.org.br\/?p=4770\" \/>\n<meta property=\"og:locale\" content=\"pt_BR\" \/>\n<meta property=\"og:type\" content=\"article\" \/>\n<meta property=\"og:title\" content=\"Taiz\u00e9: Mensagens valorizam testemunho e heran\u00e7a deixada pelo irm\u00e3o Roger | ECCLESIA NEWS\" \/>\n<meta property=\"og:description\" content=\"Neste duplo anivers\u00e1rio, 70 anos de Taiz\u00e9 e os cinco anos da morte do irm\u00e3o Roger, s\u00e3o muitas as mensagens que chegam \u00e0 Comunidade. O Patriarca Ecum\u00eanico de Constantinopla, Bartolomeu I, afirma que \u00abTaiz\u00e9 tornou-se um verdadeiro centro, um ponto&#8230;\" \/>\n<meta property=\"og:url\" content=\"https:\/\/news.ecclesia.org.br\/?p=4770\" \/>\n<meta property=\"og:site_name\" content=\"ECCLESIA NEWS\" \/>\n<meta property=\"article:publisher\" content=\"https:\/\/www.facebook.com\/Ecclesia2025\" \/>\n<meta property=\"article:published_time\" content=\"2010-08-14T23:21:44+00:00\" \/>\n<meta property=\"article:modified_time\" content=\"2016-03-17T22:53:17+00:00\" \/>\n<meta property=\"og:image\" content=\"https:\/\/news.ecclesia.org.br\/wp-content\/uploads\/2010\/08\/irmao-roger-taize.jpg\" \/>\n\t<meta property=\"og:image:width\" content=\"387\" \/>\n\t<meta property=\"og:image:height\" content=\"226\" \/>\n\t<meta property=\"og:image:type\" content=\"image\/jpeg\" \/>\n<meta name=\"author\" content=\"Pe. Andr\u00e9\" \/>\n<meta name=\"twitter:card\" content=\"summary_large_image\" \/>\n<meta name=\"twitter:creator\" content=\"@EcclesiaNews\" \/>\n<meta name=\"twitter:site\" content=\"@EcclesiaNews\" \/>\n<meta name=\"twitter:label1\" content=\"Escrito por\" \/>\n\t<meta name=\"twitter:data1\" content=\"Pe. Andr\u00e9\" \/>\n\t<meta name=\"twitter:label2\" content=\"Est. tempo de leitura\" \/>\n\t<meta name=\"twitter:data2\" content=\"2 minutos\" \/>\n<script type=\"application\/ld+json\" class=\"yoast-schema-graph\">{\"@context\":\"https:\\\/\\\/schema.org\",\"@graph\":[{\"@type\":\"Article\",\"@id\":\"https:\\\/\\\/news.ecclesia.org.br\\\/?p=4770#article\",\"isPartOf\":{\"@id\":\"https:\\\/\\\/news.ecclesia.org.br\\\/?p=4770\"},\"author\":{\"name\":\"Pe. Andr\u00e9\",\"@id\":\"https:\\\/\\\/news.ecclesia.org.br\\\/#\\\/schema\\\/person\\\/6f09597f025829745ba414a569f63758\"},\"headline\":\"Taiz\u00e9: Mensagens valorizam testemunho e heran\u00e7a deixada pelo irm\u00e3o Roger\",\"datePublished\":\"2010-08-14T23:21:44+00:00\",\"dateModified\":\"2016-03-17T22:53:17+00:00\",\"mainEntityOfPage\":{\"@id\":\"https:\\\/\\\/news.ecclesia.org.br\\\/?p=4770\"},\"wordCount\":488,\"commentCount\":0,\"publisher\":{\"@id\":\"https:\\\/\\\/news.ecclesia.org.br\\\/#organization\"},\"image\":{\"@id\":\"https:\\\/\\\/news.ecclesia.org.br\\\/?p=4770#primaryimage\"},\"thumbnailUrl\":\"https:\\\/\\\/news.ecclesia.org.br\\\/wp-content\\\/uploads\\\/2010\\\/08\\\/irmao-roger-taize.jpg\",\"articleSection\":[\"NEWS\"],\"inLanguage\":\"pt-BR\",\"potentialAction\":[{\"@type\":\"CommentAction\",\"name\":\"Comment\",\"target\":[\"https:\\\/\\\/news.ecclesia.org.br\\\/?p=4770#respond\"]}]},{\"@type\":\"WebPage\",\"@id\":\"https:\\\/\\\/news.ecclesia.org.br\\\/?p=4770\",\"url\":\"https:\\\/\\\/news.ecclesia.org.br\\\/?p=4770\",\"name\":\"Taiz\u00e9: Mensagens valorizam testemunho e heran\u00e7a deixada pelo irm\u00e3o Roger | ECCLESIA NEWS\",\"isPartOf\":{\"@id\":\"https:\\\/\\\/news.ecclesia.org.br\\\/#website\"},\"primaryImageOfPage\":{\"@id\":\"https:\\\/\\\/news.ecclesia.org.br\\\/?p=4770#primaryimage\"},\"image\":{\"@id\":\"https:\\\/\\\/news.ecclesia.org.br\\\/?p=4770#primaryimage\"},\"thumbnailUrl\":\"https:\\\/\\\/news.ecclesia.org.br\\\/wp-content\\\/uploads\\\/2010\\\/08\\\/irmao-roger-taize.jpg\",\"datePublished\":\"2010-08-14T23:21:44+00:00\",\"dateModified\":\"2016-03-17T22:53:17+00:00\",\"breadcrumb\":{\"@id\":\"https:\\\/\\\/news.ecclesia.org.br\\\/?p=4770#breadcrumb\"},\"inLanguage\":\"pt-BR\",\"potentialAction\":[{\"@type\":\"ReadAction\",\"target\":[\"https:\\\/\\\/news.ecclesia.org.br\\\/?p=4770\"]}]},{\"@type\":\"ImageObject\",\"inLanguage\":\"pt-BR\",\"@id\":\"https:\\\/\\\/news.ecclesia.org.br\\\/?p=4770#primaryimage\",\"url\":\"https:\\\/\\\/news.ecclesia.org.br\\\/wp-content\\\/uploads\\\/2010\\\/08\\\/irmao-roger-taize.jpg\",\"contentUrl\":\"https:\\\/\\\/news.ecclesia.org.br\\\/wp-content\\\/uploads\\\/2010\\\/08\\\/irmao-roger-taize.jpg\",\"width\":387,\"height\":226},{\"@type\":\"BreadcrumbList\",\"@id\":\"https:\\\/\\\/news.ecclesia.org.br\\\/?p=4770#breadcrumb\",\"itemListElement\":[{\"@type\":\"ListItem\",\"position\":1,\"name\":\"In\u00edcio\",\"item\":\"https:\\\/\\\/news.ecclesia.org.br\\\/\"},{\"@type\":\"ListItem\",\"position\":2,\"name\":\"Taiz\u00e9: Mensagens valorizam testemunho e heran\u00e7a deixada pelo irm\u00e3o Roger\"}]},{\"@type\":\"WebSite\",\"@id\":\"https:\\\/\\\/news.ecclesia.org.br\\\/#website\",\"url\":\"https:\\\/\\\/news.ecclesia.org.br\\\/\",\"name\":\"Ecclesia Brasil\",\"description\":\"Desde 2003 onectando o Brasil ao mundo ortodoxo!\",\"publisher\":{\"@id\":\"https:\\\/\\\/news.ecclesia.org.br\\\/#organization\"},\"alternateName\":\"Ecclesia\",\"potentialAction\":[{\"@type\":\"SearchAction\",\"target\":{\"@type\":\"EntryPoint\",\"urlTemplate\":\"https:\\\/\\\/news.ecclesia.org.br\\\/?s={search_term_string}\"},\"query-input\":{\"@type\":\"PropertyValueSpecification\",\"valueRequired\":true,\"valueName\":\"search_term_string\"}}],\"inLanguage\":\"pt-BR\"},{\"@type\":\"Organization\",\"@id\":\"https:\\\/\\\/news.ecclesia.org.br\\\/#organization\",\"name\":\"Sacra Arquidiocese de Buenos Aires e Am\u00e9rica do Sul | Patriarcado Ecum\u00eanico\",\"alternateName\":\"News Ecclesia Brasil\",\"url\":\"https:\\\/\\\/news.ecclesia.org.br\\\/\",\"logo\":{\"@type\":\"ImageObject\",\"inLanguage\":\"pt-BR\",\"@id\":\"https:\\\/\\\/news.ecclesia.org.br\\\/#\\\/schema\\\/logo\\\/image\\\/\",\"url\":\"https:\\\/\\\/news.ecclesia.org.br\\\/wp-content\\\/uploads\\\/2025\\\/05\\\/ecclesia2.png\",\"contentUrl\":\"https:\\\/\\\/news.ecclesia.org.br\\\/wp-content\\\/uploads\\\/2025\\\/05\\\/ecclesia2.png\",\"width\":480,\"height\":120,\"caption\":\"Sacra Arquidiocese de Buenos Aires e Am\u00e9rica do Sul | Patriarcado Ecum\u00eanico\"},\"image\":{\"@id\":\"https:\\\/\\\/news.ecclesia.org.br\\\/#\\\/schema\\\/logo\\\/image\\\/\"},\"sameAs\":[\"https:\\\/\\\/www.facebook.com\\\/Ecclesia2025\",\"https:\\\/\\\/x.com\\\/EcclesiaNews\",\"https:\\\/\\\/br.pinterest.com\\\/ekklisia\\\/\",\"https:\\\/\\\/www.youtube.com\\\/@EcclesiaBrasil\"]},{\"@type\":\"Person\",\"@id\":\"https:\\\/\\\/news.ecclesia.org.br\\\/#\\\/schema\\\/person\\\/6f09597f025829745ba414a569f63758\",\"name\":\"Pe. Andr\u00e9\",\"image\":{\"@type\":\"ImageObject\",\"inLanguage\":\"pt-BR\",\"@id\":\"https:\\\/\\\/secure.gravatar.com\\\/avatar\\\/b4327cfa27e9799da239a26adcd534fc29cdc0c4a4a148eecbcfeb9b42c617ac?s=96&d=mm&r=g\",\"url\":\"https:\\\/\\\/secure.gravatar.com\\\/avatar\\\/b4327cfa27e9799da239a26adcd534fc29cdc0c4a4a148eecbcfeb9b42c617ac?s=96&d=mm&r=g\",\"contentUrl\":\"https:\\\/\\\/secure.gravatar.com\\\/avatar\\\/b4327cfa27e9799da239a26adcd534fc29cdc0c4a4a148eecbcfeb9b42c617ac?s=96&d=mm&r=g\",\"caption\":\"Pe. Andr\u00e9\"},\"sameAs\":[\"https:\\\/\\\/www.ecclesia.org.br\"]}]}<\/script>\n<!-- \/ Yoast SEO plugin. -->","yoast_head_json":{"title":"Taiz\u00e9: Mensagens valorizam testemunho e heran\u00e7a deixada pelo irm\u00e3o Roger | ECCLESIA NEWS","robots":{"index":"index","follow":"follow","max-snippet":"max-snippet:-1","max-image-preview":"max-image-preview:large","max-video-preview":"max-video-preview:-1"},"canonical":"https:\/\/news.ecclesia.org.br\/?p=4770","og_locale":"pt_BR","og_type":"article","og_title":"Taiz\u00e9: Mensagens valorizam testemunho e heran\u00e7a deixada pelo irm\u00e3o Roger | ECCLESIA NEWS","og_description":"Neste duplo anivers\u00e1rio, 70 anos de Taiz\u00e9 e os cinco anos da morte do irm\u00e3o Roger, s\u00e3o muitas as mensagens que chegam \u00e0 Comunidade. O Patriarca Ecum\u00eanico de Constantinopla, Bartolomeu I, afirma que \u00abTaiz\u00e9 tornou-se um verdadeiro centro, um ponto&#8230;","og_url":"https:\/\/news.ecclesia.org.br\/?p=4770","og_site_name":"ECCLESIA NEWS","article_publisher":"https:\/\/www.facebook.com\/Ecclesia2025","article_published_time":"2010-08-14T23:21:44+00:00","article_modified_time":"2016-03-17T22:53:17+00:00","og_image":[{"width":387,"height":226,"url":"https:\/\/news.ecclesia.org.br\/wp-content\/uploads\/2010\/08\/irmao-roger-taize.jpg","type":"image\/jpeg"}],"author":"Pe. Andr\u00e9","twitter_card":"summary_large_image","twitter_creator":"@EcclesiaNews","twitter_site":"@EcclesiaNews","twitter_misc":{"Escrito por":"Pe. Andr\u00e9","Est. tempo de leitura":"2 minutos"},"schema":{"@context":"https:\/\/schema.org","@graph":[{"@type":"Article","@id":"https:\/\/news.ecclesia.org.br\/?p=4770#article","isPartOf":{"@id":"https:\/\/news.ecclesia.org.br\/?p=4770"},"author":{"name":"Pe. Andr\u00e9","@id":"https:\/\/news.ecclesia.org.br\/#\/schema\/person\/6f09597f025829745ba414a569f63758"},"headline":"Taiz\u00e9: Mensagens valorizam testemunho e heran\u00e7a deixada pelo irm\u00e3o Roger","datePublished":"2010-08-14T23:21:44+00:00","dateModified":"2016-03-17T22:53:17+00:00","mainEntityOfPage":{"@id":"https:\/\/news.ecclesia.org.br\/?p=4770"},"wordCount":488,"commentCount":0,"publisher":{"@id":"https:\/\/news.ecclesia.org.br\/#organization"},"image":{"@id":"https:\/\/news.ecclesia.org.br\/?p=4770#primaryimage"},"thumbnailUrl":"https:\/\/news.ecclesia.org.br\/wp-content\/uploads\/2010\/08\/irmao-roger-taize.jpg","articleSection":["NEWS"],"inLanguage":"pt-BR","potentialAction":[{"@type":"CommentAction","name":"Comment","target":["https:\/\/news.ecclesia.org.br\/?p=4770#respond"]}]},{"@type":"WebPage","@id":"https:\/\/news.ecclesia.org.br\/?p=4770","url":"https:\/\/news.ecclesia.org.br\/?p=4770","name":"Taiz\u00e9: Mensagens valorizam testemunho e heran\u00e7a deixada pelo irm\u00e3o Roger | ECCLESIA NEWS","isPartOf":{"@id":"https:\/\/news.ecclesia.org.br\/#website"},"primaryImageOfPage":{"@id":"https:\/\/news.ecclesia.org.br\/?p=4770#primaryimage"},"image":{"@id":"https:\/\/news.ecclesia.org.br\/?p=4770#primaryimage"},"thumbnailUrl":"https:\/\/news.ecclesia.org.br\/wp-content\/uploads\/2010\/08\/irmao-roger-taize.jpg","datePublished":"2010-08-14T23:21:44+00:00","dateModified":"2016-03-17T22:53:17+00:00","breadcrumb":{"@id":"https:\/\/news.ecclesia.org.br\/?p=4770#breadcrumb"},"inLanguage":"pt-BR","potentialAction":[{"@type":"ReadAction","target":["https:\/\/news.ecclesia.org.br\/?p=4770"]}]},{"@type":"ImageObject","inLanguage":"pt-BR","@id":"https:\/\/news.ecclesia.org.br\/?p=4770#primaryimage","url":"https:\/\/news.ecclesia.org.br\/wp-content\/uploads\/2010\/08\/irmao-roger-taize.jpg","contentUrl":"https:\/\/news.ecclesia.org.br\/wp-content\/uploads\/2010\/08\/irmao-roger-taize.jpg","width":387,"height":226},{"@type":"BreadcrumbList","@id":"https:\/\/news.ecclesia.org.br\/?p=4770#breadcrumb","itemListElement":[{"@type":"ListItem","position":1,"name":"In\u00edcio","item":"https:\/\/news.ecclesia.org.br\/"},{"@type":"ListItem","position":2,"name":"Taiz\u00e9: Mensagens valorizam testemunho e heran\u00e7a deixada pelo irm\u00e3o Roger"}]},{"@type":"WebSite","@id":"https:\/\/news.ecclesia.org.br\/#website","url":"https:\/\/news.ecclesia.org.br\/","name":"Ecclesia Brasil","description":"Desde 2003 onectando o Brasil ao mundo ortodoxo!","publisher":{"@id":"https:\/\/news.ecclesia.org.br\/#organization"},"alternateName":"Ecclesia","potentialAction":[{"@type":"SearchAction","target":{"@type":"EntryPoint","urlTemplate":"https:\/\/news.ecclesia.org.br\/?s={search_term_string}"},"query-input":{"@type":"PropertyValueSpecification","valueRequired":true,"valueName":"search_term_string"}}],"inLanguage":"pt-BR"},{"@type":"Organization","@id":"https:\/\/news.ecclesia.org.br\/#organization","name":"Sacra Arquidiocese de Buenos Aires e Am\u00e9rica do Sul | Patriarcado Ecum\u00eanico","alternateName":"News Ecclesia Brasil","url":"https:\/\/news.ecclesia.org.br\/","logo":{"@type":"ImageObject","inLanguage":"pt-BR","@id":"https:\/\/news.ecclesia.org.br\/#\/schema\/logo\/image\/","url":"https:\/\/news.ecclesia.org.br\/wp-content\/uploads\/2025\/05\/ecclesia2.png","contentUrl":"https:\/\/news.ecclesia.org.br\/wp-content\/uploads\/2025\/05\/ecclesia2.png","width":480,"height":120,"caption":"Sacra Arquidiocese de Buenos Aires e Am\u00e9rica do Sul | Patriarcado Ecum\u00eanico"},"image":{"@id":"https:\/\/news.ecclesia.org.br\/#\/schema\/logo\/image\/"},"sameAs":["https:\/\/www.facebook.com\/Ecclesia2025","https:\/\/x.com\/EcclesiaNews","https:\/\/br.pinterest.com\/ekklisia\/","https:\/\/www.youtube.com\/@EcclesiaBrasil"]},{"@type":"Person","@id":"https:\/\/news.ecclesia.org.br\/#\/schema\/person\/6f09597f025829745ba414a569f63758","name":"Pe. Andr\u00e9","image":{"@type":"ImageObject","inLanguage":"pt-BR","@id":"https:\/\/secure.gravatar.com\/avatar\/b4327cfa27e9799da239a26adcd534fc29cdc0c4a4a148eecbcfeb9b42c617ac?s=96&d=mm&r=g","url":"https:\/\/secure.gravatar.com\/avatar\/b4327cfa27e9799da239a26adcd534fc29cdc0c4a4a148eecbcfeb9b42c617ac?s=96&d=mm&r=g","contentUrl":"https:\/\/secure.gravatar.com\/avatar\/b4327cfa27e9799da239a26adcd534fc29cdc0c4a4a148eecbcfeb9b42c617ac?s=96&d=mm&r=g","caption":"Pe. Andr\u00e9"},"sameAs":["https:\/\/www.ecclesia.org.br"]}]}},"_links":{"self":[{"href":"https:\/\/news.ecclesia.org.br\/index.php?rest_route=\/wp\/v2\/posts\/4770","targetHints":{"allow":["GET"]}}],"collection":[{"href":"https:\/\/news.ecclesia.org.br\/index.php?rest_route=\/wp\/v2\/posts"}],"about":[{"href":"https:\/\/news.ecclesia.org.br\/index.php?rest_route=\/wp\/v2\/types\/post"}],"author":[{"embeddable":true,"href":"https:\/\/news.ecclesia.org.br\/index.php?rest_route=\/wp\/v2\/users\/1"}],"replies":[{"embeddable":true,"href":"https:\/\/news.ecclesia.org.br\/index.php?rest_route=%2Fwp%2Fv2%2Fcomments&post=4770"}],"version-history":[{"count":0,"href":"https:\/\/news.ecclesia.org.br\/index.php?rest_route=\/wp\/v2\/posts\/4770\/revisions"}],"wp:featuredmedia":[{"embeddable":true,"href":"https:\/\/news.ecclesia.org.br\/index.php?rest_route=\/wp\/v2\/media\/16126"}],"wp:attachment":[{"href":"https:\/\/news.ecclesia.org.br\/index.php?rest_route=%2Fwp%2Fv2%2Fmedia&parent=4770"}],"wp:term":[{"taxonomy":"category","embeddable":true,"href":"https:\/\/news.ecclesia.org.br\/index.php?rest_route=%2Fwp%2Fv2%2Fcategories&post=4770"},{"taxonomy":"post_tag","embeddable":true,"href":"https:\/\/news.ecclesia.org.br\/index.php?rest_route=%2Fwp%2Fv2%2Ftags&post=4770"}],"curies":[{"name":"wp","href":"https:\/\/api.w.org\/{rel}","templated":true}]}}