{"id":47553,"date":"2023-10-16T12:31:07","date_gmt":"2023-10-16T15:31:07","guid":{"rendered":"https:\/\/news.ecclesia.org.br\/?p=47553"},"modified":"2023-10-16T14:02:57","modified_gmt":"2023-10-16T17:02:57","slug":"divina-liturgia-e-celebrada-com-grande-esplendor-na-catedral-de-atenas","status":"publish","type":"post","link":"https:\/\/news.ecclesia.org.br\/?p=47553","title":{"rendered":"Divina Liturgia \u00e9 celebrada com grande esplendor na Catedral de Atenas"},"content":{"rendered":"\t\t<div data-elementor-type=\"wp-post\" data-elementor-id=\"47553\" class=\"elementor elementor-47553\">\n\t\t\t\t\t\t<section class=\"elementor-section elementor-top-section elementor-element elementor-element-10a83645 elementor-section-boxed elementor-section-height-default elementor-section-height-default\" data-id=\"10a83645\" data-element_type=\"section\" data-e-type=\"section\">\n\t\t\t\t\t\t<div class=\"elementor-container elementor-column-gap-default\">\n\t\t\t\t\t<div class=\"elementor-column elementor-col-100 elementor-top-column elementor-element elementor-element-37cf1d70\" data-id=\"37cf1d70\" data-element_type=\"column\" data-e-type=\"column\">\n\t\t\t<div class=\"elementor-widget-wrap elementor-element-populated\">\n\t\t\t\t\t\t<div class=\"elementor-element elementor-element-568c79a2 elementor-widget elementor-widget-text-editor\" data-id=\"568c79a2\" data-element_type=\"widget\" data-e-type=\"widget\" data-widget_type=\"text-editor.default\">\n\t\t\t\t<div class=\"elementor-widget-container\">\n\t\t\t\t\t\t\t\t\t<p>Foi celebrado com todo o esplendor no \u00faltimo domingo, 15 de outubro de 2023, o IV Domingo do Evangelho de S\u00e3o Lucas &#8211; da Par\u00e1bola do Semeador &#8211; na Catedral da Santa Anuncia\u00e7\u00e3o, em Atenas. A Divina Liturgia foi presidida por Sua Beatitude o Patriarca Theodoro de Alexandria, tendo como concelebrantes os Arcebispos Georgiou de Chipre, Ieronymos de Atenas, bem como representantes de v\u00e1rias outras Igrejas Ortodoxas no mundo que participaram da Confer\u00eancia Cient\u00edfica Internacional organizada pela Igreja da Gr\u00e9cia para o centen\u00e1rio (1923-2023) da funda\u00e7\u00e3o e primeira publica\u00e7\u00e3o da revista cient\u00edfica \u00abTheologia\u00bb<\/p>\t\t\t\t\t\t\t\t<\/div>\n\t\t\t\t<\/div>\n\t\t\t\t<div class=\"elementor-element elementor-element-35d2a2b elementor-widget elementor-widget-image-gallery\" data-id=\"35d2a2b\" data-element_type=\"widget\" data-e-type=\"widget\" data-widget_type=\"image-gallery.default\">\n\t\t\t\t<div class=\"elementor-widget-container\">\n\t\t\t\t\t\t\t<div class=\"elementor-image-gallery\">\n\t\t\t<div id='gallery-1' class='gallery galleryid-47553 gallery-columns-6 gallery-size-thumbnail'><figure class='gallery-item'>\n\t\t\t<div class='gallery-icon landscape'>\n\t\t\t\t<a data-elementor-open-lightbox=\"yes\" data-elementor-lightbox-slideshow=\"35d2a2b\" data-elementor-lightbox-title=\"2023-10-15-001\" data-e-action-hash=\"#elementor-action%3Aaction%3Dlightbox%26settings%3DeyJpZCI6NDc1NjYsInVybCI6Imh0dHBzOlwvXC9uZXdzLmVjY2xlc2lhLm9yZy5iclwvd3AtY29udGVudFwvdXBsb2Fkc1wvMjAyM1wvMTBcLzIwMjMtMTAtMTUtMDAxLmpwZyIsInNsaWRlc2hvdyI6IjM1ZDJhMmIifQ%3D%3D\" href='https:\/\/news.ecclesia.org.br\/wp-content\/uploads\/2023\/10\/2023-10-15-001.jpg'><img decoding=\"async\" width=\"150\" height=\"150\" src=\"https:\/\/news.ecclesia.org.br\/wp-content\/uploads\/2023\/10\/2023-10-15-001-150x150.jpg\" class=\"attachment-thumbnail size-thumbnail\" alt=\"\" \/><\/a>\n\t\t\t<\/div><\/figure><figure class='gallery-item'>\n\t\t\t<div class='gallery-icon landscape'>\n\t\t\t\t<a data-elementor-open-lightbox=\"yes\" data-elementor-lightbox-slideshow=\"35d2a2b\" data-elementor-lightbox-title=\"2023-10-15-002\" data-e-action-hash=\"#elementor-action%3Aaction%3Dlightbox%26settings%3DeyJpZCI6NDc1NjUsInVybCI6Imh0dHBzOlwvXC9uZXdzLmVjY2xlc2lhLm9yZy5iclwvd3AtY29udGVudFwvdXBsb2Fkc1wvMjAyM1wvMTBcLzIwMjMtMTAtMTUtMDAyLmpwZyIsInNsaWRlc2hvdyI6IjM1ZDJhMmIifQ%3D%3D\" href='https:\/\/news.ecclesia.org.br\/wp-content\/uploads\/2023\/10\/2023-10-15-002.jpg'><img decoding=\"async\" width=\"150\" height=\"150\" src=\"https:\/\/news.ecclesia.org.br\/wp-content\/uploads\/2023\/10\/2023-10-15-002-150x150.jpg\" class=\"attachment-thumbnail size-thumbnail\" alt=\"\" \/><\/a>\n\t\t\t<\/div><\/figure><figure class='gallery-item'>\n\t\t\t<div class='gallery-icon landscape'>\n\t\t\t\t<a data-elementor-open-lightbox=\"yes\" data-elementor-lightbox-slideshow=\"35d2a2b\" data-elementor-lightbox-title=\"2023-10-15-003\" data-e-action-hash=\"#elementor-action%3Aaction%3Dlightbox%26settings%3DeyJpZCI6NDc1NjQsInVybCI6Imh0dHBzOlwvXC9uZXdzLmVjY2xlc2lhLm9yZy5iclwvd3AtY29udGVudFwvdXBsb2Fkc1wvMjAyM1wvMTBcLzIwMjMtMTAtMTUtMDAzLmpwZyIsInNsaWRlc2hvdyI6IjM1ZDJhMmIifQ%3D%3D\" href='https:\/\/news.ecclesia.org.br\/wp-content\/uploads\/2023\/10\/2023-10-15-003.jpg'><img decoding=\"async\" width=\"150\" height=\"150\" src=\"https:\/\/news.ecclesia.org.br\/wp-content\/uploads\/2023\/10\/2023-10-15-003-150x150.jpg\" class=\"attachment-thumbnail size-thumbnail\" alt=\"\" \/><\/a>\n\t\t\t<\/div><\/figure><figure class='gallery-item'>\n\t\t\t<div class='gallery-icon landscape'>\n\t\t\t\t<a data-elementor-open-lightbox=\"yes\" data-elementor-lightbox-slideshow=\"35d2a2b\" data-elementor-lightbox-title=\"2023-10-15-005\" data-e-action-hash=\"#elementor-action%3Aaction%3Dlightbox%26settings%3DeyJpZCI6NDc1NjMsInVybCI6Imh0dHBzOlwvXC9uZXdzLmVjY2xlc2lhLm9yZy5iclwvd3AtY29udGVudFwvdXBsb2Fkc1wvMjAyM1wvMTBcLzIwMjMtMTAtMTUtMDA1LmpwZyIsInNsaWRlc2hvdyI6IjM1ZDJhMmIifQ%3D%3D\" href='https:\/\/news.ecclesia.org.br\/wp-content\/uploads\/2023\/10\/2023-10-15-005.jpg'><img loading=\"lazy\" decoding=\"async\" width=\"150\" height=\"150\" src=\"https:\/\/news.ecclesia.org.br\/wp-content\/uploads\/2023\/10\/2023-10-15-005-150x150.jpg\" class=\"attachment-thumbnail size-thumbnail\" alt=\"\" \/><\/a>\n\t\t\t<\/div><\/figure><figure class='gallery-item'>\n\t\t\t<div class='gallery-icon landscape'>\n\t\t\t\t<a data-elementor-open-lightbox=\"yes\" data-elementor-lightbox-slideshow=\"35d2a2b\" data-elementor-lightbox-title=\"2023-10-15-006\" data-e-action-hash=\"#elementor-action%3Aaction%3Dlightbox%26settings%3DeyJpZCI6NDc1NjIsInVybCI6Imh0dHBzOlwvXC9uZXdzLmVjY2xlc2lhLm9yZy5iclwvd3AtY29udGVudFwvdXBsb2Fkc1wvMjAyM1wvMTBcLzIwMjMtMTAtMTUtMDA2LmpwZyIsInNsaWRlc2hvdyI6IjM1ZDJhMmIifQ%3D%3D\" href='https:\/\/news.ecclesia.org.br\/wp-content\/uploads\/2023\/10\/2023-10-15-006.jpg'><img loading=\"lazy\" decoding=\"async\" width=\"150\" height=\"150\" src=\"https:\/\/news.ecclesia.org.br\/wp-content\/uploads\/2023\/10\/2023-10-15-006-150x150.jpg\" class=\"attachment-thumbnail size-thumbnail\" alt=\"\" \/><\/a>\n\t\t\t<\/div><\/figure><figure class='gallery-item'>\n\t\t\t<div class='gallery-icon landscape'>\n\t\t\t\t<a data-elementor-open-lightbox=\"yes\" data-elementor-lightbox-slideshow=\"35d2a2b\" data-elementor-lightbox-title=\"2023-10-15-004\" data-e-action-hash=\"#elementor-action%3Aaction%3Dlightbox%26settings%3DeyJpZCI6NDc1NjEsInVybCI6Imh0dHBzOlwvXC9uZXdzLmVjY2xlc2lhLm9yZy5iclwvd3AtY29udGVudFwvdXBsb2Fkc1wvMjAyM1wvMTBcLzIwMjMtMTAtMTUtMDA0LmpwZyIsInNsaWRlc2hvdyI6IjM1ZDJhMmIifQ%3D%3D\" href='https:\/\/news.ecclesia.org.br\/wp-content\/uploads\/2023\/10\/2023-10-15-004.jpg'><img loading=\"lazy\" decoding=\"async\" width=\"150\" height=\"150\" src=\"https:\/\/news.ecclesia.org.br\/wp-content\/uploads\/2023\/10\/2023-10-15-004-150x150.jpg\" class=\"attachment-thumbnail size-thumbnail\" alt=\"\" \/><\/a>\n\t\t\t<\/div><\/figure><figure class='gallery-item'>\n\t\t\t<div class='gallery-icon landscape'>\n\t\t\t\t<a data-elementor-open-lightbox=\"yes\" data-elementor-lightbox-slideshow=\"35d2a2b\" data-elementor-lightbox-title=\"2023-10-15-007\" data-e-action-hash=\"#elementor-action%3Aaction%3Dlightbox%26settings%3DeyJpZCI6NDc1NjAsInVybCI6Imh0dHBzOlwvXC9uZXdzLmVjY2xlc2lhLm9yZy5iclwvd3AtY29udGVudFwvdXBsb2Fkc1wvMjAyM1wvMTBcLzIwMjMtMTAtMTUtMDA3LmpwZyIsInNsaWRlc2hvdyI6IjM1ZDJhMmIifQ%3D%3D\" href='https:\/\/news.ecclesia.org.br\/wp-content\/uploads\/2023\/10\/2023-10-15-007.jpg'><img loading=\"lazy\" decoding=\"async\" width=\"150\" height=\"150\" src=\"https:\/\/news.ecclesia.org.br\/wp-content\/uploads\/2023\/10\/2023-10-15-007-150x150.jpg\" class=\"attachment-thumbnail size-thumbnail\" alt=\"\" \/><\/a>\n\t\t\t<\/div><\/figure><figure class='gallery-item'>\n\t\t\t<div class='gallery-icon landscape'>\n\t\t\t\t<a data-elementor-open-lightbox=\"yes\" data-elementor-lightbox-slideshow=\"35d2a2b\" data-elementor-lightbox-title=\"2023-10-15-008\" data-e-action-hash=\"#elementor-action%3Aaction%3Dlightbox%26settings%3DeyJpZCI6NDc1NTksInVybCI6Imh0dHBzOlwvXC9uZXdzLmVjY2xlc2lhLm9yZy5iclwvd3AtY29udGVudFwvdXBsb2Fkc1wvMjAyM1wvMTBcLzIwMjMtMTAtMTUtMDA4LmpwZyIsInNsaWRlc2hvdyI6IjM1ZDJhMmIifQ%3D%3D\" href='https:\/\/news.ecclesia.org.br\/wp-content\/uploads\/2023\/10\/2023-10-15-008.jpg'><img loading=\"lazy\" decoding=\"async\" width=\"150\" height=\"150\" src=\"https:\/\/news.ecclesia.org.br\/wp-content\/uploads\/2023\/10\/2023-10-15-008-150x150.jpg\" class=\"attachment-thumbnail size-thumbnail\" alt=\"\" \/><\/a>\n\t\t\t<\/div><\/figure><figure class='gallery-item'>\n\t\t\t<div class='gallery-icon landscape'>\n\t\t\t\t<a data-elementor-open-lightbox=\"yes\" data-elementor-lightbox-slideshow=\"35d2a2b\" data-elementor-lightbox-title=\"2023-10-15-009\" data-e-action-hash=\"#elementor-action%3Aaction%3Dlightbox%26settings%3DeyJpZCI6NDc1NTgsInVybCI6Imh0dHBzOlwvXC9uZXdzLmVjY2xlc2lhLm9yZy5iclwvd3AtY29udGVudFwvdXBsb2Fkc1wvMjAyM1wvMTBcLzIwMjMtMTAtMTUtMDA5LmpwZyIsInNsaWRlc2hvdyI6IjM1ZDJhMmIifQ%3D%3D\" href='https:\/\/news.ecclesia.org.br\/wp-content\/uploads\/2023\/10\/2023-10-15-009.jpg'><img loading=\"lazy\" decoding=\"async\" width=\"150\" height=\"150\" src=\"https:\/\/news.ecclesia.org.br\/wp-content\/uploads\/2023\/10\/2023-10-15-009-150x150.jpg\" class=\"attachment-thumbnail size-thumbnail\" alt=\"\" \/><\/a>\n\t\t\t<\/div><\/figure><figure class='gallery-item'>\n\t\t\t<div class='gallery-icon landscape'>\n\t\t\t\t<a data-elementor-open-lightbox=\"yes\" data-elementor-lightbox-slideshow=\"35d2a2b\" data-elementor-lightbox-title=\"2023-10-15-010\" data-e-action-hash=\"#elementor-action%3Aaction%3Dlightbox%26settings%3DeyJpZCI6NDc1NTcsInVybCI6Imh0dHBzOlwvXC9uZXdzLmVjY2xlc2lhLm9yZy5iclwvd3AtY29udGVudFwvdXBsb2Fkc1wvMjAyM1wvMTBcLzIwMjMtMTAtMTUtMDEwLmpwZyIsInNsaWRlc2hvdyI6IjM1ZDJhMmIifQ%3D%3D\" href='https:\/\/news.ecclesia.org.br\/wp-content\/uploads\/2023\/10\/2023-10-15-010.jpg'><img loading=\"lazy\" decoding=\"async\" width=\"150\" height=\"150\" src=\"https:\/\/news.ecclesia.org.br\/wp-content\/uploads\/2023\/10\/2023-10-15-010-150x150.jpg\" class=\"attachment-thumbnail size-thumbnail\" alt=\"\" \/><\/a>\n\t\t\t<\/div><\/figure><figure class='gallery-item'>\n\t\t\t<div class='gallery-icon landscape'>\n\t\t\t\t<a data-elementor-open-lightbox=\"yes\" data-elementor-lightbox-slideshow=\"35d2a2b\" data-elementor-lightbox-title=\"2023-10-15-011\" data-e-action-hash=\"#elementor-action%3Aaction%3Dlightbox%26settings%3DeyJpZCI6NDc1NTYsInVybCI6Imh0dHBzOlwvXC9uZXdzLmVjY2xlc2lhLm9yZy5iclwvd3AtY29udGVudFwvdXBsb2Fkc1wvMjAyM1wvMTBcLzIwMjMtMTAtMTUtMDExLmpwZyIsInNsaWRlc2hvdyI6IjM1ZDJhMmIifQ%3D%3D\" href='https:\/\/news.ecclesia.org.br\/wp-content\/uploads\/2023\/10\/2023-10-15-011.jpg'><img loading=\"lazy\" decoding=\"async\" width=\"150\" height=\"150\" src=\"https:\/\/news.ecclesia.org.br\/wp-content\/uploads\/2023\/10\/2023-10-15-011-150x150.jpg\" class=\"attachment-thumbnail size-thumbnail\" alt=\"\" \/><\/a>\n\t\t\t<\/div><\/figure><figure class='gallery-item'>\n\t\t\t<div class='gallery-icon landscape'>\n\t\t\t\t<a data-elementor-open-lightbox=\"yes\" data-elementor-lightbox-slideshow=\"35d2a2b\" data-elementor-lightbox-title=\"2023-10-15-012\" data-e-action-hash=\"#elementor-action%3Aaction%3Dlightbox%26settings%3DeyJpZCI6NDc1NTUsInVybCI6Imh0dHBzOlwvXC9uZXdzLmVjY2xlc2lhLm9yZy5iclwvd3AtY29udGVudFwvdXBsb2Fkc1wvMjAyM1wvMTBcLzIwMjMtMTAtMTUtMDEyLmpwZyIsInNsaWRlc2hvdyI6IjM1ZDJhMmIifQ%3D%3D\" href='https:\/\/news.ecclesia.org.br\/wp-content\/uploads\/2023\/10\/2023-10-15-012.jpg'><img loading=\"lazy\" decoding=\"async\" width=\"150\" height=\"150\" src=\"https:\/\/news.ecclesia.org.br\/wp-content\/uploads\/2023\/10\/2023-10-15-012-150x150.jpg\" class=\"attachment-thumbnail size-thumbnail\" alt=\"\" \/><\/a>\n\t\t\t<\/div><\/figure>\n\t\t<\/div>\n\t\t<\/div>\n\t\t\t\t\t\t<\/div>\n\t\t\t\t<\/div>\n\t\t\t\t<div class=\"elementor-element elementor-element-450c0ad elementor-widget elementor-widget-text-editor\" data-id=\"450c0ad\" data-element_type=\"widget\" data-e-type=\"widget\" data-widget_type=\"text-editor.default\">\n\t\t\t\t<div class=\"elementor-widget-container\">\n\t\t\t\t\t\t\t\t\t<p>Com informa\u00e7\u00f5es e fotos (Christos Bonis) de <a href=\"https:\/\/arxon.gr\/2023\/10\/sylleitoyrgo-prokathimenon-ston-kathedriko-nao-athinon\/\" target=\"_blank\" rel=\"noopener\">Arxon.gr<\/a><\/p>\t\t\t\t\t\t\t\t<\/div>\n\t\t\t\t<\/div>\n\t\t\t\t\t<\/div>\n\t\t<\/div>\n\t\t\t\t\t<\/div>\n\t\t<\/section>\n\t\t\t\t<\/div>\n\t\t","protected":false},"excerpt":{"rendered":"<p>Foi celebrado com todo o esplendor no \u00faltimo domingo, 15 de outubro de 2023, o IV Domingo do Evangelho de S\u00e3o Lucas &#8211; da Par\u00e1bola do Semeador &#8211; na Catedral da Santa Anuncia\u00e7\u00e3o, em Atenas. A Divina Liturgia foi presidida&#8230;<\/p>\n","protected":false},"author":1,"featured_media":47563,"comment_status":"open","ping_status":"open","sticky":false,"template":"","format":"standard","meta":{"_acf_changed":false,"footnotes":""},"categories":[2743,1,72,2725],"tags":[2897,2923,2898],"class_list":["post-47553","post","type-post","status-publish","format-standard","has-post-thumbnail","hentry","category-grecia","category-news","category-patriarcado-ecumenico","category-teologia-ortodoxa","tag-arcebispo-ieronomio-de-atenas","tag-patriarca-theodoro-de-alexandria","tag-revista-theologia","entry","rows-excerpt"],"acf":[],"yoast_head":"<!-- This site is optimized with the Yoast SEO plugin v27.5 - https:\/\/yoast.com\/product\/yoast-seo-wordpress\/ -->\n<title>Divina Liturgia \u00e9 celebrada com grande esplendor na Catedral de Atenas | ECCLESIA NEWS<\/title>\n<meta name=\"robots\" content=\"index, follow, max-snippet:-1, max-image-preview:large, max-video-preview:-1\" \/>\n<link rel=\"canonical\" href=\"https:\/\/news.ecclesia.org.br\/?p=47553\" \/>\n<meta property=\"og:locale\" content=\"pt_BR\" \/>\n<meta property=\"og:type\" content=\"article\" \/>\n<meta property=\"og:title\" content=\"Divina Liturgia \u00e9 celebrada com grande esplendor na Catedral de Atenas | ECCLESIA NEWS\" \/>\n<meta property=\"og:description\" content=\"Foi celebrado com todo o esplendor no \u00faltimo domingo, 15 de outubro de 2023, o IV Domingo do Evangelho de S\u00e3o Lucas &#8211; da Par\u00e1bola do Semeador &#8211; na Catedral da Santa Anuncia\u00e7\u00e3o, em Atenas. A Divina Liturgia foi presidida&#8230;\" \/>\n<meta property=\"og:url\" content=\"https:\/\/news.ecclesia.org.br\/?p=47553\" \/>\n<meta property=\"og:site_name\" content=\"ECCLESIA NEWS\" \/>\n<meta property=\"article:publisher\" content=\"https:\/\/www.facebook.com\/Ecclesia2025\" \/>\n<meta property=\"article:published_time\" content=\"2023-10-16T15:31:07+00:00\" \/>\n<meta property=\"article:modified_time\" content=\"2023-10-16T17:02:57+00:00\" \/>\n<meta property=\"og:image\" content=\"https:\/\/news.ecclesia.org.br\/wp-content\/uploads\/2023\/10\/2023-10-15-005.jpg\" \/>\n\t<meta property=\"og:image:width\" content=\"900\" \/>\n\t<meta property=\"og:image:height\" content=\"600\" \/>\n\t<meta property=\"og:image:type\" content=\"image\/jpeg\" \/>\n<meta name=\"author\" content=\"Pe. Andr\u00e9\" \/>\n<meta name=\"twitter:card\" content=\"summary_large_image\" \/>\n<meta name=\"twitter:creator\" content=\"@EcclesiaNews\" \/>\n<meta name=\"twitter:site\" content=\"@EcclesiaNews\" \/>\n<meta name=\"twitter:label1\" content=\"Escrito por\" \/>\n\t<meta name=\"twitter:data1\" content=\"Pe. Andr\u00e9\" \/>\n\t<meta name=\"twitter:label2\" content=\"Est. tempo de leitura\" \/>\n\t<meta name=\"twitter:data2\" content=\"1 minuto\" \/>\n<script type=\"application\/ld+json\" class=\"yoast-schema-graph\">{\"@context\":\"https:\\\/\\\/schema.org\",\"@graph\":[{\"@type\":\"Article\",\"@id\":\"https:\\\/\\\/news.ecclesia.org.br\\\/?p=47553#article\",\"isPartOf\":{\"@id\":\"https:\\\/\\\/news.ecclesia.org.br\\\/?p=47553\"},\"author\":{\"name\":\"Pe. Andr\u00e9\",\"@id\":\"https:\\\/\\\/news.ecclesia.org.br\\\/#\\\/schema\\\/person\\\/6f09597f025829745ba414a569f63758\"},\"headline\":\"Divina Liturgia \u00e9 celebrada com grande esplendor na Catedral de Atenas\",\"datePublished\":\"2023-10-16T15:31:07+00:00\",\"dateModified\":\"2023-10-16T17:02:57+00:00\",\"mainEntityOfPage\":{\"@id\":\"https:\\\/\\\/news.ecclesia.org.br\\\/?p=47553\"},\"wordCount\":122,\"commentCount\":0,\"publisher\":{\"@id\":\"https:\\\/\\\/news.ecclesia.org.br\\\/#organization\"},\"image\":{\"@id\":\"https:\\\/\\\/news.ecclesia.org.br\\\/?p=47553#primaryimage\"},\"thumbnailUrl\":\"https:\\\/\\\/news.ecclesia.org.br\\\/wp-content\\\/uploads\\\/2023\\\/10\\\/2023-10-15-005.jpg\",\"keywords\":[\"Arcebispo Ieron\u00f4mio de Atenas\",\"Patriarca Theodoro de Alexandria\",\"Revista Theologia\"],\"articleSection\":[\"Igreja da Gr\u00e9cia\",\"NEWS\",\"Patriarcado Ecum\u00eanico\",\"Teologia Ortodoxa\"],\"inLanguage\":\"pt-BR\",\"potentialAction\":[{\"@type\":\"CommentAction\",\"name\":\"Comment\",\"target\":[\"https:\\\/\\\/news.ecclesia.org.br\\\/?p=47553#respond\"]}]},{\"@type\":\"WebPage\",\"@id\":\"https:\\\/\\\/news.ecclesia.org.br\\\/?p=47553\",\"url\":\"https:\\\/\\\/news.ecclesia.org.br\\\/?p=47553\",\"name\":\"Divina Liturgia \u00e9 celebrada com grande esplendor na Catedral de Atenas | ECCLESIA NEWS\",\"isPartOf\":{\"@id\":\"https:\\\/\\\/news.ecclesia.org.br\\\/#website\"},\"primaryImageOfPage\":{\"@id\":\"https:\\\/\\\/news.ecclesia.org.br\\\/?p=47553#primaryimage\"},\"image\":{\"@id\":\"https:\\\/\\\/news.ecclesia.org.br\\\/?p=47553#primaryimage\"},\"thumbnailUrl\":\"https:\\\/\\\/news.ecclesia.org.br\\\/wp-content\\\/uploads\\\/2023\\\/10\\\/2023-10-15-005.jpg\",\"datePublished\":\"2023-10-16T15:31:07+00:00\",\"dateModified\":\"2023-10-16T17:02:57+00:00\",\"breadcrumb\":{\"@id\":\"https:\\\/\\\/news.ecclesia.org.br\\\/?p=47553#breadcrumb\"},\"inLanguage\":\"pt-BR\",\"potentialAction\":[{\"@type\":\"ReadAction\",\"target\":[\"https:\\\/\\\/news.ecclesia.org.br\\\/?p=47553\"]}]},{\"@type\":\"ImageObject\",\"inLanguage\":\"pt-BR\",\"@id\":\"https:\\\/\\\/news.ecclesia.org.br\\\/?p=47553#primaryimage\",\"url\":\"https:\\\/\\\/news.ecclesia.org.br\\\/wp-content\\\/uploads\\\/2023\\\/10\\\/2023-10-15-005.jpg\",\"contentUrl\":\"https:\\\/\\\/news.ecclesia.org.br\\\/wp-content\\\/uploads\\\/2023\\\/10\\\/2023-10-15-005.jpg\",\"width\":900,\"height\":600},{\"@type\":\"BreadcrumbList\",\"@id\":\"https:\\\/\\\/news.ecclesia.org.br\\\/?p=47553#breadcrumb\",\"itemListElement\":[{\"@type\":\"ListItem\",\"position\":1,\"name\":\"In\u00edcio\",\"item\":\"https:\\\/\\\/news.ecclesia.org.br\\\/\"},{\"@type\":\"ListItem\",\"position\":2,\"name\":\"Divina Liturgia \u00e9 celebrada com grande esplendor na Catedral de Atenas\"}]},{\"@type\":\"WebSite\",\"@id\":\"https:\\\/\\\/news.ecclesia.org.br\\\/#website\",\"url\":\"https:\\\/\\\/news.ecclesia.org.br\\\/\",\"name\":\"Ecclesia Brasil\",\"description\":\"Desde 2003 onectando o Brasil ao mundo ortodoxo!\",\"publisher\":{\"@id\":\"https:\\\/\\\/news.ecclesia.org.br\\\/#organization\"},\"alternateName\":\"Ecclesia\",\"potentialAction\":[{\"@type\":\"SearchAction\",\"target\":{\"@type\":\"EntryPoint\",\"urlTemplate\":\"https:\\\/\\\/news.ecclesia.org.br\\\/?s={search_term_string}\"},\"query-input\":{\"@type\":\"PropertyValueSpecification\",\"valueRequired\":true,\"valueName\":\"search_term_string\"}}],\"inLanguage\":\"pt-BR\"},{\"@type\":\"Organization\",\"@id\":\"https:\\\/\\\/news.ecclesia.org.br\\\/#organization\",\"name\":\"Sacra Arquidiocese de Buenos Aires e Am\u00e9rica do Sul | Patriarcado Ecum\u00eanico\",\"alternateName\":\"News Ecclesia Brasil\",\"url\":\"https:\\\/\\\/news.ecclesia.org.br\\\/\",\"logo\":{\"@type\":\"ImageObject\",\"inLanguage\":\"pt-BR\",\"@id\":\"https:\\\/\\\/news.ecclesia.org.br\\\/#\\\/schema\\\/logo\\\/image\\\/\",\"url\":\"https:\\\/\\\/news.ecclesia.org.br\\\/wp-content\\\/uploads\\\/2025\\\/05\\\/ecclesia2.png\",\"contentUrl\":\"https:\\\/\\\/news.ecclesia.org.br\\\/wp-content\\\/uploads\\\/2025\\\/05\\\/ecclesia2.png\",\"width\":480,\"height\":120,\"caption\":\"Sacra Arquidiocese de Buenos Aires e Am\u00e9rica do Sul | Patriarcado Ecum\u00eanico\"},\"image\":{\"@id\":\"https:\\\/\\\/news.ecclesia.org.br\\\/#\\\/schema\\\/logo\\\/image\\\/\"},\"sameAs\":[\"https:\\\/\\\/www.facebook.com\\\/Ecclesia2025\",\"https:\\\/\\\/x.com\\\/EcclesiaNews\",\"https:\\\/\\\/br.pinterest.com\\\/ekklisia\\\/\",\"https:\\\/\\\/www.youtube.com\\\/@EcclesiaBrasil\"]},{\"@type\":\"Person\",\"@id\":\"https:\\\/\\\/news.ecclesia.org.br\\\/#\\\/schema\\\/person\\\/6f09597f025829745ba414a569f63758\",\"name\":\"Pe. Andr\u00e9\",\"image\":{\"@type\":\"ImageObject\",\"inLanguage\":\"pt-BR\",\"@id\":\"https:\\\/\\\/secure.gravatar.com\\\/avatar\\\/b4327cfa27e9799da239a26adcd534fc29cdc0c4a4a148eecbcfeb9b42c617ac?s=96&d=mm&r=g\",\"url\":\"https:\\\/\\\/secure.gravatar.com\\\/avatar\\\/b4327cfa27e9799da239a26adcd534fc29cdc0c4a4a148eecbcfeb9b42c617ac?s=96&d=mm&r=g\",\"contentUrl\":\"https:\\\/\\\/secure.gravatar.com\\\/avatar\\\/b4327cfa27e9799da239a26adcd534fc29cdc0c4a4a148eecbcfeb9b42c617ac?s=96&d=mm&r=g\",\"caption\":\"Pe. Andr\u00e9\"},\"sameAs\":[\"https:\\\/\\\/www.ecclesia.org.br\"]}]}<\/script>\n<!-- \/ Yoast SEO plugin. -->","yoast_head_json":{"title":"Divina Liturgia \u00e9 celebrada com grande esplendor na Catedral de Atenas | ECCLESIA NEWS","robots":{"index":"index","follow":"follow","max-snippet":"max-snippet:-1","max-image-preview":"max-image-preview:large","max-video-preview":"max-video-preview:-1"},"canonical":"https:\/\/news.ecclesia.org.br\/?p=47553","og_locale":"pt_BR","og_type":"article","og_title":"Divina Liturgia \u00e9 celebrada com grande esplendor na Catedral de Atenas | ECCLESIA NEWS","og_description":"Foi celebrado com todo o esplendor no \u00faltimo domingo, 15 de outubro de 2023, o IV Domingo do Evangelho de S\u00e3o Lucas &#8211; da Par\u00e1bola do Semeador &#8211; na Catedral da Santa Anuncia\u00e7\u00e3o, em Atenas. A Divina Liturgia foi presidida&#8230;","og_url":"https:\/\/news.ecclesia.org.br\/?p=47553","og_site_name":"ECCLESIA NEWS","article_publisher":"https:\/\/www.facebook.com\/Ecclesia2025","article_published_time":"2023-10-16T15:31:07+00:00","article_modified_time":"2023-10-16T17:02:57+00:00","og_image":[{"width":900,"height":600,"url":"https:\/\/news.ecclesia.org.br\/wp-content\/uploads\/2023\/10\/2023-10-15-005.jpg","type":"image\/jpeg"}],"author":"Pe. Andr\u00e9","twitter_card":"summary_large_image","twitter_creator":"@EcclesiaNews","twitter_site":"@EcclesiaNews","twitter_misc":{"Escrito por":"Pe. Andr\u00e9","Est. tempo de leitura":"1 minuto"},"schema":{"@context":"https:\/\/schema.org","@graph":[{"@type":"Article","@id":"https:\/\/news.ecclesia.org.br\/?p=47553#article","isPartOf":{"@id":"https:\/\/news.ecclesia.org.br\/?p=47553"},"author":{"name":"Pe. Andr\u00e9","@id":"https:\/\/news.ecclesia.org.br\/#\/schema\/person\/6f09597f025829745ba414a569f63758"},"headline":"Divina Liturgia \u00e9 celebrada com grande esplendor na Catedral de Atenas","datePublished":"2023-10-16T15:31:07+00:00","dateModified":"2023-10-16T17:02:57+00:00","mainEntityOfPage":{"@id":"https:\/\/news.ecclesia.org.br\/?p=47553"},"wordCount":122,"commentCount":0,"publisher":{"@id":"https:\/\/news.ecclesia.org.br\/#organization"},"image":{"@id":"https:\/\/news.ecclesia.org.br\/?p=47553#primaryimage"},"thumbnailUrl":"https:\/\/news.ecclesia.org.br\/wp-content\/uploads\/2023\/10\/2023-10-15-005.jpg","keywords":["Arcebispo Ieron\u00f4mio de Atenas","Patriarca Theodoro de Alexandria","Revista Theologia"],"articleSection":["Igreja da Gr\u00e9cia","NEWS","Patriarcado Ecum\u00eanico","Teologia Ortodoxa"],"inLanguage":"pt-BR","potentialAction":[{"@type":"CommentAction","name":"Comment","target":["https:\/\/news.ecclesia.org.br\/?p=47553#respond"]}]},{"@type":"WebPage","@id":"https:\/\/news.ecclesia.org.br\/?p=47553","url":"https:\/\/news.ecclesia.org.br\/?p=47553","name":"Divina Liturgia \u00e9 celebrada com grande esplendor na Catedral de Atenas | ECCLESIA NEWS","isPartOf":{"@id":"https:\/\/news.ecclesia.org.br\/#website"},"primaryImageOfPage":{"@id":"https:\/\/news.ecclesia.org.br\/?p=47553#primaryimage"},"image":{"@id":"https:\/\/news.ecclesia.org.br\/?p=47553#primaryimage"},"thumbnailUrl":"https:\/\/news.ecclesia.org.br\/wp-content\/uploads\/2023\/10\/2023-10-15-005.jpg","datePublished":"2023-10-16T15:31:07+00:00","dateModified":"2023-10-16T17:02:57+00:00","breadcrumb":{"@id":"https:\/\/news.ecclesia.org.br\/?p=47553#breadcrumb"},"inLanguage":"pt-BR","potentialAction":[{"@type":"ReadAction","target":["https:\/\/news.ecclesia.org.br\/?p=47553"]}]},{"@type":"ImageObject","inLanguage":"pt-BR","@id":"https:\/\/news.ecclesia.org.br\/?p=47553#primaryimage","url":"https:\/\/news.ecclesia.org.br\/wp-content\/uploads\/2023\/10\/2023-10-15-005.jpg","contentUrl":"https:\/\/news.ecclesia.org.br\/wp-content\/uploads\/2023\/10\/2023-10-15-005.jpg","width":900,"height":600},{"@type":"BreadcrumbList","@id":"https:\/\/news.ecclesia.org.br\/?p=47553#breadcrumb","itemListElement":[{"@type":"ListItem","position":1,"name":"In\u00edcio","item":"https:\/\/news.ecclesia.org.br\/"},{"@type":"ListItem","position":2,"name":"Divina Liturgia \u00e9 celebrada com grande esplendor na Catedral de Atenas"}]},{"@type":"WebSite","@id":"https:\/\/news.ecclesia.org.br\/#website","url":"https:\/\/news.ecclesia.org.br\/","name":"Ecclesia Brasil","description":"Desde 2003 onectando o Brasil ao mundo ortodoxo!","publisher":{"@id":"https:\/\/news.ecclesia.org.br\/#organization"},"alternateName":"Ecclesia","potentialAction":[{"@type":"SearchAction","target":{"@type":"EntryPoint","urlTemplate":"https:\/\/news.ecclesia.org.br\/?s={search_term_string}"},"query-input":{"@type":"PropertyValueSpecification","valueRequired":true,"valueName":"search_term_string"}}],"inLanguage":"pt-BR"},{"@type":"Organization","@id":"https:\/\/news.ecclesia.org.br\/#organization","name":"Sacra Arquidiocese de Buenos Aires e Am\u00e9rica do Sul | Patriarcado Ecum\u00eanico","alternateName":"News Ecclesia Brasil","url":"https:\/\/news.ecclesia.org.br\/","logo":{"@type":"ImageObject","inLanguage":"pt-BR","@id":"https:\/\/news.ecclesia.org.br\/#\/schema\/logo\/image\/","url":"https:\/\/news.ecclesia.org.br\/wp-content\/uploads\/2025\/05\/ecclesia2.png","contentUrl":"https:\/\/news.ecclesia.org.br\/wp-content\/uploads\/2025\/05\/ecclesia2.png","width":480,"height":120,"caption":"Sacra Arquidiocese de Buenos Aires e Am\u00e9rica do Sul | Patriarcado Ecum\u00eanico"},"image":{"@id":"https:\/\/news.ecclesia.org.br\/#\/schema\/logo\/image\/"},"sameAs":["https:\/\/www.facebook.com\/Ecclesia2025","https:\/\/x.com\/EcclesiaNews","https:\/\/br.pinterest.com\/ekklisia\/","https:\/\/www.youtube.com\/@EcclesiaBrasil"]},{"@type":"Person","@id":"https:\/\/news.ecclesia.org.br\/#\/schema\/person\/6f09597f025829745ba414a569f63758","name":"Pe. Andr\u00e9","image":{"@type":"ImageObject","inLanguage":"pt-BR","@id":"https:\/\/secure.gravatar.com\/avatar\/b4327cfa27e9799da239a26adcd534fc29cdc0c4a4a148eecbcfeb9b42c617ac?s=96&d=mm&r=g","url":"https:\/\/secure.gravatar.com\/avatar\/b4327cfa27e9799da239a26adcd534fc29cdc0c4a4a148eecbcfeb9b42c617ac?s=96&d=mm&r=g","contentUrl":"https:\/\/secure.gravatar.com\/avatar\/b4327cfa27e9799da239a26adcd534fc29cdc0c4a4a148eecbcfeb9b42c617ac?s=96&d=mm&r=g","caption":"Pe. Andr\u00e9"},"sameAs":["https:\/\/www.ecclesia.org.br"]}]}},"_links":{"self":[{"href":"https:\/\/news.ecclesia.org.br\/index.php?rest_route=\/wp\/v2\/posts\/47553","targetHints":{"allow":["GET"]}}],"collection":[{"href":"https:\/\/news.ecclesia.org.br\/index.php?rest_route=\/wp\/v2\/posts"}],"about":[{"href":"https:\/\/news.ecclesia.org.br\/index.php?rest_route=\/wp\/v2\/types\/post"}],"author":[{"embeddable":true,"href":"https:\/\/news.ecclesia.org.br\/index.php?rest_route=\/wp\/v2\/users\/1"}],"replies":[{"embeddable":true,"href":"https:\/\/news.ecclesia.org.br\/index.php?rest_route=%2Fwp%2Fv2%2Fcomments&post=47553"}],"version-history":[{"count":4,"href":"https:\/\/news.ecclesia.org.br\/index.php?rest_route=\/wp\/v2\/posts\/47553\/revisions"}],"predecessor-version":[{"id":47571,"href":"https:\/\/news.ecclesia.org.br\/index.php?rest_route=\/wp\/v2\/posts\/47553\/revisions\/47571"}],"wp:featuredmedia":[{"embeddable":true,"href":"https:\/\/news.ecclesia.org.br\/index.php?rest_route=\/wp\/v2\/media\/47563"}],"wp:attachment":[{"href":"https:\/\/news.ecclesia.org.br\/index.php?rest_route=%2Fwp%2Fv2%2Fmedia&parent=47553"}],"wp:term":[{"taxonomy":"category","embeddable":true,"href":"https:\/\/news.ecclesia.org.br\/index.php?rest_route=%2Fwp%2Fv2%2Fcategories&post=47553"},{"taxonomy":"post_tag","embeddable":true,"href":"https:\/\/news.ecclesia.org.br\/index.php?rest_route=%2Fwp%2Fv2%2Ftags&post=47553"}],"curies":[{"name":"wp","href":"https:\/\/api.w.org\/{rel}","templated":true}]}}