{"id":47350,"date":"2023-10-11T22:13:56","date_gmt":"2023-10-12T01:13:56","guid":{"rendered":"https:\/\/news.ecclesia.org.br\/?p=47350"},"modified":"2023-10-11T22:31:12","modified_gmt":"2023-10-12T01:31:12","slug":"abertura-oficial-da-conferencia-cientifica-internacional-para-o-centenario-da-revista-theologia","status":"publish","type":"post","link":"https:\/\/news.ecclesia.org.br\/?p=47350","title":{"rendered":"Abertura oficial da Confer\u00eancia Cient\u00edfica Internacional para o centen\u00e1rio da revista \u00abTheologia\u00bb"},"content":{"rendered":"\t\t<div data-elementor-type=\"wp-post\" data-elementor-id=\"47350\" class=\"elementor elementor-47350\">\n\t\t\t\t\t\t<section class=\"elementor-section elementor-top-section elementor-element elementor-element-10a83645 elementor-section-boxed elementor-section-height-default elementor-section-height-default\" data-id=\"10a83645\" data-element_type=\"section\" data-e-type=\"section\">\n\t\t\t\t\t\t<div class=\"elementor-container elementor-column-gap-default\">\n\t\t\t\t\t<div class=\"elementor-column elementor-col-100 elementor-top-column elementor-element elementor-element-37cf1d70\" data-id=\"37cf1d70\" data-element_type=\"column\" data-e-type=\"column\">\n\t\t\t<div class=\"elementor-widget-wrap elementor-element-populated\">\n\t\t\t\t\t\t<div class=\"elementor-element elementor-element-568c79a2 elementor-widget elementor-widget-text-editor\" data-id=\"568c79a2\" data-element_type=\"widget\" data-e-type=\"widget\" data-widget_type=\"text-editor.default\">\n\t\t\t\t<div class=\"elementor-widget-container\">\n\t\t\t\t\t\t\t\t\t<p>A abertura oficial da <em>Confer\u00eancia Cient\u00edfica Internacional<\/em> organizada pela Igreja da Gr\u00e9cia para o centen\u00e1rio (1923-2023) da funda\u00e7\u00e3o e primeira publica\u00e7\u00e3o da revista cient\u00edfica \u00ab<em>Theologia<\/em>\u00bb foi realizada na Igreja Metropolitana de Atenas, na presen\u00e7a de autoridades da Gr\u00e9cia e do exterior. As outras sess\u00f5es (12 a 14 de outubro de 2023) acontecer\u00e3o no <em>Megaron Athens Concert Hall<\/em>.<\/p>\n<p>A Presidente da Rep\u00fablica Hel\u00eanica, Katerina Sakellaropoulou, em seu discurso de abertura da Confer\u00eancia, sublinhou que:<\/p>\n<blockquote>\n<p>\u00abOs desafios sem precedentes do nosso tempo, assim como sofrimento que se multiplica em muitas partes do mundo por guerras, viol\u00eancia, barb\u00e1rie, desigualdades, exigem vigil\u00e2ncia e a\u00e7\u00e3o\u00bb.<\/p>\n<\/blockquote>\n<p>Disse ainda Katerina Sakellaropoulou que<\/p>\n<blockquote>\n<p>\u00abEstamos, literalmente, em um ponto particularmente cr\u00edtico e de transi\u00e7\u00e3o na evolu\u00e7\u00e3o da humanidade. A percep\u00e7\u00e3o ortodoxa, que v\u00ea os seres humanos em rela\u00e7\u00e3o a Deus e vice-versa, promove o di\u00e1logo social sobre nossa rela\u00e7\u00e3o com as novas tecnologias e suas consequ\u00eancias em nossas vidas di\u00e1rias. A digitaliza\u00e7\u00e3o da vida humana, a cria\u00e7\u00e3o de uma realidade virtual, est\u00e1 substituindo maci\u00e7amente o ambiente natural e social e, portanto, corremos o risco de nos alienar disso. Ao mesmo tempo, em todo o planeta, as sucessivas crises, guerras, quest\u00f5es geopol\u00edticas, econ\u00f4micas, pol\u00edticas, sa\u00fade, bem como as mudan\u00e7as clim\u00e1ticas e seus efeitos devastadores, intensificam a incerteza na vida e agravam nossa ansiedade existencial\u00bb.<\/p>\n<\/blockquote>\n<p>E concluiu saudando, a iniciativa da Igreja da Gr\u00e9cia e desejando todo o sucesso na condu\u00e7\u00e3o dos trabalhos da Confer\u00eancia.<\/p>\n<p>Vale lembrar que a confer\u00eancia se realiza de 11 a 14 de outubro de 2023 em Atenas, com o tema principal: <em>\u00abA teologia ortodoxa a caminho da \u2018realidade intang\u00edvel\u2019 da modernidade tardia\u00bb.<\/em><\/p>\t\t\t\t\t\t\t\t<\/div>\n\t\t\t\t<\/div>\n\t\t\t\t<div class=\"elementor-element elementor-element-35d2a2b elementor-widget elementor-widget-image-gallery\" data-id=\"35d2a2b\" data-element_type=\"widget\" data-e-type=\"widget\" data-widget_type=\"image-gallery.default\">\n\t\t\t\t<div class=\"elementor-widget-container\">\n\t\t\t\t\t\t\t<div class=\"elementor-image-gallery\">\n\t\t\t<div id='gallery-1' class='gallery galleryid-47350 gallery-columns-3 gallery-size-thumbnail'><figure class='gallery-item'>\n\t\t\t<div class='gallery-icon landscape'>\n\t\t\t\t<a data-elementor-open-lightbox=\"yes\" data-elementor-lightbox-slideshow=\"35d2a2b\" data-elementor-lightbox-title=\"2023-10-11-Conferencia-Theologia2\" data-e-action-hash=\"#elementor-action%3Aaction%3Dlightbox%26settings%3DeyJpZCI6NDczNTIsInVybCI6Imh0dHBzOlwvXC9uZXdzLmVjY2xlc2lhLm9yZy5iclwvd3AtY29udGVudFwvdXBsb2Fkc1wvMjAyM1wvMTBcLzIwMjMtMTAtMTEtQ29uZmVyZW5jaWEtVGhlb2xvZ2lhMi5qcGciLCJzbGlkZXNob3ciOiIzNWQyYTJiIn0%3D\" href='https:\/\/news.ecclesia.org.br\/wp-content\/uploads\/2023\/10\/2023-10-11-Conferencia-Theologia2.jpg'><img decoding=\"async\" width=\"150\" height=\"150\" src=\"https:\/\/news.ecclesia.org.br\/wp-content\/uploads\/2023\/10\/2023-10-11-Conferencia-Theologia2-150x150.jpg\" class=\"attachment-thumbnail size-thumbnail\" alt=\"\" \/><\/a>\n\t\t\t<\/div><\/figure><figure class='gallery-item'>\n\t\t\t<div class='gallery-icon landscape'>\n\t\t\t\t<a data-elementor-open-lightbox=\"yes\" data-elementor-lightbox-slideshow=\"35d2a2b\" data-elementor-lightbox-title=\"2023-10-11-Conferencia-Theologia1\" data-e-action-hash=\"#elementor-action%3Aaction%3Dlightbox%26settings%3DeyJpZCI6NDczNTMsInVybCI6Imh0dHBzOlwvXC9uZXdzLmVjY2xlc2lhLm9yZy5iclwvd3AtY29udGVudFwvdXBsb2Fkc1wvMjAyM1wvMTBcLzIwMjMtMTAtMTEtQ29uZmVyZW5jaWEtVGhlb2xvZ2lhMS5qcGciLCJzbGlkZXNob3ciOiIzNWQyYTJiIn0%3D\" href='https:\/\/news.ecclesia.org.br\/wp-content\/uploads\/2023\/10\/2023-10-11-Conferencia-Theologia1.jpg'><img decoding=\"async\" width=\"150\" height=\"150\" src=\"https:\/\/news.ecclesia.org.br\/wp-content\/uploads\/2023\/10\/2023-10-11-Conferencia-Theologia1-150x150.jpg\" class=\"attachment-thumbnail size-thumbnail\" alt=\"\" \/><\/a>\n\t\t\t<\/div><\/figure><figure class='gallery-item'>\n\t\t\t<div class='gallery-icon landscape'>\n\t\t\t\t<a data-elementor-open-lightbox=\"yes\" data-elementor-lightbox-slideshow=\"35d2a2b\" data-elementor-lightbox-title=\"2023-10-11-Conferencia-Theologia\" data-e-action-hash=\"#elementor-action%3Aaction%3Dlightbox%26settings%3DeyJpZCI6NDczNTQsInVybCI6Imh0dHBzOlwvXC9uZXdzLmVjY2xlc2lhLm9yZy5iclwvd3AtY29udGVudFwvdXBsb2Fkc1wvMjAyM1wvMTBcLzIwMjMtMTAtMTEtQ29uZmVyZW5jaWEtVGhlb2xvZ2lhLmpwZyIsInNsaWRlc2hvdyI6IjM1ZDJhMmIifQ%3D%3D\" href='https:\/\/news.ecclesia.org.br\/wp-content\/uploads\/2023\/10\/2023-10-11-Conferencia-Theologia.jpg'><img decoding=\"async\" width=\"150\" height=\"150\" src=\"https:\/\/news.ecclesia.org.br\/wp-content\/uploads\/2023\/10\/2023-10-11-Conferencia-Theologia-150x150.jpg\" class=\"attachment-thumbnail size-thumbnail\" alt=\"\" \/><\/a>\n\t\t\t<\/div><\/figure>\n\t\t<\/div>\n\t\t<\/div>\n\t\t\t\t\t\t<\/div>\n\t\t\t\t<\/div>\n\t\t\t\t<div class=\"elementor-element elementor-element-dedaeac elementor-widget elementor-widget-text-editor\" data-id=\"dedaeac\" data-element_type=\"widget\" data-e-type=\"widget\" data-widget_type=\"text-editor.default\">\n\t\t\t\t<div class=\"elementor-widget-container\">\n\t\t\t\t\t\t\t\t\t<p>O Santo S\u00ednodo e o seu Presidente, o Arcebispo Ieronymos de Atenas e toda a Gr\u00e9cia, convidaram tamb\u00e9m o Patriarca Ecum\u00eanico Bartolomeu, o Primeiro-Ministro grego Kyriakos Mitsotakis, Primazes e representantes das Igrejas Autoc\u00e9falas, e o Presidente do Parlamento grego para a Confer\u00eancia.<\/p>\t\t\t\t\t\t\t\t<\/div>\n\t\t\t\t<\/div>\n\t\t\t\t<div class=\"elementor-element elementor-element-450c0ad elementor-widget elementor-widget-text-editor\" data-id=\"450c0ad\" data-element_type=\"widget\" data-e-type=\"widget\" data-widget_type=\"text-editor.default\">\n\t\t\t\t<div class=\"elementor-widget-container\">\n\t\t\t\t\t\t\t\t\t<p>Com informa\u00e7\u00f5es e fotos (Kostas Tzoymas\/Eurokinisse) de <a href=\"https:\/\/orthodoxtimes.com\/official-opening-of-international-scientific-conference-for-100th-anniversary-of-journal-theologia\/\" target=\"_blank\" rel=\"noopener\">OrthodoxTimes<\/a><\/p>\t\t\t\t\t\t\t\t<\/div>\n\t\t\t\t<\/div>\n\t\t\t\t\t<\/div>\n\t\t<\/div>\n\t\t\t\t\t<\/div>\n\t\t<\/section>\n\t\t\t\t<\/div>\n\t\t","protected":false},"excerpt":{"rendered":"<p>A abertura oficial da Confer\u00eancia Cient\u00edfica Internacional organizada pela Igreja da Gr\u00e9cia para o centen\u00e1rio (1923-2023) da funda\u00e7\u00e3o e primeira publica\u00e7\u00e3o da revista cient\u00edfica \u00abTheologia\u00bb foi realizada na Igreja Metropolitana de Atenas, na presen\u00e7a de autoridades da Gr\u00e9cia e do&#8230;<\/p>\n","protected":false},"author":1,"featured_media":47354,"comment_status":"open","ping_status":"open","sticky":false,"template":"","format":"standard","meta":{"_acf_changed":false,"footnotes":""},"categories":[2743,1,72,2725],"tags":[2897,2899,2781,2898],"class_list":["post-47350","post","type-post","status-publish","format-standard","has-post-thumbnail","hentry","category-grecia","category-news","category-patriarcado-ecumenico","category-teologia-ortodoxa","tag-arcebispo-ieronomio-de-atenas","tag-katerina-sakellaropoulou","tag-patriarca-ecumenico","tag-revista-theologia","entry","rows-excerpt"],"acf":[],"yoast_head":"<!-- This site is optimized with the Yoast SEO plugin v27.5 - https:\/\/yoast.com\/product\/yoast-seo-wordpress\/ -->\n<title>Abertura oficial da Confer\u00eancia Cient\u00edfica Internacional para o centen\u00e1rio da revista \u00abTheologia\u00bb | ECCLESIA NEWS<\/title>\n<meta name=\"robots\" content=\"index, follow, max-snippet:-1, max-image-preview:large, max-video-preview:-1\" \/>\n<link rel=\"canonical\" href=\"https:\/\/news.ecclesia.org.br\/?p=47350\" \/>\n<meta property=\"og:locale\" content=\"pt_BR\" \/>\n<meta property=\"og:type\" content=\"article\" \/>\n<meta property=\"og:title\" content=\"Abertura oficial da Confer\u00eancia Cient\u00edfica Internacional para o centen\u00e1rio da revista \u00abTheologia\u00bb | ECCLESIA NEWS\" \/>\n<meta property=\"og:description\" content=\"A abertura oficial da Confer\u00eancia Cient\u00edfica Internacional organizada pela Igreja da Gr\u00e9cia para o centen\u00e1rio (1923-2023) da funda\u00e7\u00e3o e primeira publica\u00e7\u00e3o da revista cient\u00edfica \u00abTheologia\u00bb foi realizada na Igreja Metropolitana de Atenas, na presen\u00e7a de autoridades da Gr\u00e9cia e do&#8230;\" \/>\n<meta property=\"og:url\" content=\"https:\/\/news.ecclesia.org.br\/?p=47350\" \/>\n<meta property=\"og:site_name\" content=\"ECCLESIA NEWS\" \/>\n<meta property=\"article:publisher\" content=\"https:\/\/www.facebook.com\/Ecclesia2025\" \/>\n<meta property=\"article:published_time\" content=\"2023-10-12T01:13:56+00:00\" \/>\n<meta property=\"article:modified_time\" content=\"2023-10-12T01:31:12+00:00\" \/>\n<meta property=\"og:image\" content=\"https:\/\/news.ecclesia.org.br\/wp-content\/uploads\/2023\/10\/2023-10-11-Conferencia-Theologia.jpg\" \/>\n\t<meta property=\"og:image:width\" content=\"1024\" \/>\n\t<meta property=\"og:image:height\" content=\"449\" \/>\n\t<meta property=\"og:image:type\" content=\"image\/jpeg\" \/>\n<meta name=\"author\" content=\"Pe. Andr\u00e9\" \/>\n<meta name=\"twitter:card\" content=\"summary_large_image\" \/>\n<meta name=\"twitter:creator\" content=\"@EcclesiaNews\" \/>\n<meta name=\"twitter:site\" content=\"@EcclesiaNews\" \/>\n<meta name=\"twitter:label1\" content=\"Escrito por\" \/>\n\t<meta name=\"twitter:data1\" content=\"Pe. Andr\u00e9\" \/>\n\t<meta name=\"twitter:label2\" content=\"Est. tempo de leitura\" \/>\n\t<meta name=\"twitter:data2\" content=\"2 minutos\" \/>\n<script type=\"application\/ld+json\" class=\"yoast-schema-graph\">{\"@context\":\"https:\\\/\\\/schema.org\",\"@graph\":[{\"@type\":\"Article\",\"@id\":\"https:\\\/\\\/news.ecclesia.org.br\\\/?p=47350#article\",\"isPartOf\":{\"@id\":\"https:\\\/\\\/news.ecclesia.org.br\\\/?p=47350\"},\"author\":{\"name\":\"Pe. Andr\u00e9\",\"@id\":\"https:\\\/\\\/news.ecclesia.org.br\\\/#\\\/schema\\\/person\\\/6f09597f025829745ba414a569f63758\"},\"headline\":\"Abertura oficial da Confer\u00eancia Cient\u00edfica Internacional para o centen\u00e1rio da revista \u00abTheologia\u00bb\",\"datePublished\":\"2023-10-12T01:13:56+00:00\",\"dateModified\":\"2023-10-12T01:31:12+00:00\",\"mainEntityOfPage\":{\"@id\":\"https:\\\/\\\/news.ecclesia.org.br\\\/?p=47350\"},\"wordCount\":375,\"commentCount\":0,\"publisher\":{\"@id\":\"https:\\\/\\\/news.ecclesia.org.br\\\/#organization\"},\"image\":{\"@id\":\"https:\\\/\\\/news.ecclesia.org.br\\\/?p=47350#primaryimage\"},\"thumbnailUrl\":\"https:\\\/\\\/news.ecclesia.org.br\\\/wp-content\\\/uploads\\\/2023\\\/10\\\/2023-10-11-Conferencia-Theologia.jpg\",\"keywords\":[\"Arcebispo Ieron\u00f4mio de Atenas\",\"Katerina Sakellaropoulou\",\"Patriarca Ecum\u00eanico\",\"Revista Theologia\"],\"articleSection\":[\"Igreja da Gr\u00e9cia\",\"NEWS\",\"Patriarcado Ecum\u00eanico\",\"Teologia Ortodoxa\"],\"inLanguage\":\"pt-BR\",\"potentialAction\":[{\"@type\":\"CommentAction\",\"name\":\"Comment\",\"target\":[\"https:\\\/\\\/news.ecclesia.org.br\\\/?p=47350#respond\"]}]},{\"@type\":\"WebPage\",\"@id\":\"https:\\\/\\\/news.ecclesia.org.br\\\/?p=47350\",\"url\":\"https:\\\/\\\/news.ecclesia.org.br\\\/?p=47350\",\"name\":\"Abertura oficial da Confer\u00eancia Cient\u00edfica Internacional para o centen\u00e1rio da revista \u00abTheologia\u00bb | ECCLESIA NEWS\",\"isPartOf\":{\"@id\":\"https:\\\/\\\/news.ecclesia.org.br\\\/#website\"},\"primaryImageOfPage\":{\"@id\":\"https:\\\/\\\/news.ecclesia.org.br\\\/?p=47350#primaryimage\"},\"image\":{\"@id\":\"https:\\\/\\\/news.ecclesia.org.br\\\/?p=47350#primaryimage\"},\"thumbnailUrl\":\"https:\\\/\\\/news.ecclesia.org.br\\\/wp-content\\\/uploads\\\/2023\\\/10\\\/2023-10-11-Conferencia-Theologia.jpg\",\"datePublished\":\"2023-10-12T01:13:56+00:00\",\"dateModified\":\"2023-10-12T01:31:12+00:00\",\"breadcrumb\":{\"@id\":\"https:\\\/\\\/news.ecclesia.org.br\\\/?p=47350#breadcrumb\"},\"inLanguage\":\"pt-BR\",\"potentialAction\":[{\"@type\":\"ReadAction\",\"target\":[\"https:\\\/\\\/news.ecclesia.org.br\\\/?p=47350\"]}]},{\"@type\":\"ImageObject\",\"inLanguage\":\"pt-BR\",\"@id\":\"https:\\\/\\\/news.ecclesia.org.br\\\/?p=47350#primaryimage\",\"url\":\"https:\\\/\\\/news.ecclesia.org.br\\\/wp-content\\\/uploads\\\/2023\\\/10\\\/2023-10-11-Conferencia-Theologia.jpg\",\"contentUrl\":\"https:\\\/\\\/news.ecclesia.org.br\\\/wp-content\\\/uploads\\\/2023\\\/10\\\/2023-10-11-Conferencia-Theologia.jpg\",\"width\":1024,\"height\":449},{\"@type\":\"BreadcrumbList\",\"@id\":\"https:\\\/\\\/news.ecclesia.org.br\\\/?p=47350#breadcrumb\",\"itemListElement\":[{\"@type\":\"ListItem\",\"position\":1,\"name\":\"In\u00edcio\",\"item\":\"https:\\\/\\\/news.ecclesia.org.br\\\/\"},{\"@type\":\"ListItem\",\"position\":2,\"name\":\"Abertura oficial da Confer\u00eancia Cient\u00edfica Internacional para o centen\u00e1rio da revista \u00abTheologia\u00bb\"}]},{\"@type\":\"WebSite\",\"@id\":\"https:\\\/\\\/news.ecclesia.org.br\\\/#website\",\"url\":\"https:\\\/\\\/news.ecclesia.org.br\\\/\",\"name\":\"Ecclesia Brasil\",\"description\":\"Desde 2003 onectando o Brasil ao mundo ortodoxo!\",\"publisher\":{\"@id\":\"https:\\\/\\\/news.ecclesia.org.br\\\/#organization\"},\"alternateName\":\"Ecclesia\",\"potentialAction\":[{\"@type\":\"SearchAction\",\"target\":{\"@type\":\"EntryPoint\",\"urlTemplate\":\"https:\\\/\\\/news.ecclesia.org.br\\\/?s={search_term_string}\"},\"query-input\":{\"@type\":\"PropertyValueSpecification\",\"valueRequired\":true,\"valueName\":\"search_term_string\"}}],\"inLanguage\":\"pt-BR\"},{\"@type\":\"Organization\",\"@id\":\"https:\\\/\\\/news.ecclesia.org.br\\\/#organization\",\"name\":\"Sacra Arquidiocese de Buenos Aires e Am\u00e9rica do Sul | Patriarcado Ecum\u00eanico\",\"alternateName\":\"News Ecclesia Brasil\",\"url\":\"https:\\\/\\\/news.ecclesia.org.br\\\/\",\"logo\":{\"@type\":\"ImageObject\",\"inLanguage\":\"pt-BR\",\"@id\":\"https:\\\/\\\/news.ecclesia.org.br\\\/#\\\/schema\\\/logo\\\/image\\\/\",\"url\":\"https:\\\/\\\/news.ecclesia.org.br\\\/wp-content\\\/uploads\\\/2025\\\/05\\\/ecclesia2.png\",\"contentUrl\":\"https:\\\/\\\/news.ecclesia.org.br\\\/wp-content\\\/uploads\\\/2025\\\/05\\\/ecclesia2.png\",\"width\":480,\"height\":120,\"caption\":\"Sacra Arquidiocese de Buenos Aires e Am\u00e9rica do Sul | Patriarcado Ecum\u00eanico\"},\"image\":{\"@id\":\"https:\\\/\\\/news.ecclesia.org.br\\\/#\\\/schema\\\/logo\\\/image\\\/\"},\"sameAs\":[\"https:\\\/\\\/www.facebook.com\\\/Ecclesia2025\",\"https:\\\/\\\/x.com\\\/EcclesiaNews\",\"https:\\\/\\\/br.pinterest.com\\\/ekklisia\\\/\",\"https:\\\/\\\/www.youtube.com\\\/@EcclesiaBrasil\"]},{\"@type\":\"Person\",\"@id\":\"https:\\\/\\\/news.ecclesia.org.br\\\/#\\\/schema\\\/person\\\/6f09597f025829745ba414a569f63758\",\"name\":\"Pe. Andr\u00e9\",\"image\":{\"@type\":\"ImageObject\",\"inLanguage\":\"pt-BR\",\"@id\":\"https:\\\/\\\/secure.gravatar.com\\\/avatar\\\/b4327cfa27e9799da239a26adcd534fc29cdc0c4a4a148eecbcfeb9b42c617ac?s=96&d=mm&r=g\",\"url\":\"https:\\\/\\\/secure.gravatar.com\\\/avatar\\\/b4327cfa27e9799da239a26adcd534fc29cdc0c4a4a148eecbcfeb9b42c617ac?s=96&d=mm&r=g\",\"contentUrl\":\"https:\\\/\\\/secure.gravatar.com\\\/avatar\\\/b4327cfa27e9799da239a26adcd534fc29cdc0c4a4a148eecbcfeb9b42c617ac?s=96&d=mm&r=g\",\"caption\":\"Pe. Andr\u00e9\"},\"sameAs\":[\"https:\\\/\\\/www.ecclesia.org.br\"]}]}<\/script>\n<!-- \/ Yoast SEO plugin. -->","yoast_head_json":{"title":"Abertura oficial da Confer\u00eancia Cient\u00edfica Internacional para o centen\u00e1rio da revista \u00abTheologia\u00bb | ECCLESIA NEWS","robots":{"index":"index","follow":"follow","max-snippet":"max-snippet:-1","max-image-preview":"max-image-preview:large","max-video-preview":"max-video-preview:-1"},"canonical":"https:\/\/news.ecclesia.org.br\/?p=47350","og_locale":"pt_BR","og_type":"article","og_title":"Abertura oficial da Confer\u00eancia Cient\u00edfica Internacional para o centen\u00e1rio da revista \u00abTheologia\u00bb | ECCLESIA NEWS","og_description":"A abertura oficial da Confer\u00eancia Cient\u00edfica Internacional organizada pela Igreja da Gr\u00e9cia para o centen\u00e1rio (1923-2023) da funda\u00e7\u00e3o e primeira publica\u00e7\u00e3o da revista cient\u00edfica \u00abTheologia\u00bb foi realizada na Igreja Metropolitana de Atenas, na presen\u00e7a de autoridades da Gr\u00e9cia e do&#8230;","og_url":"https:\/\/news.ecclesia.org.br\/?p=47350","og_site_name":"ECCLESIA NEWS","article_publisher":"https:\/\/www.facebook.com\/Ecclesia2025","article_published_time":"2023-10-12T01:13:56+00:00","article_modified_time":"2023-10-12T01:31:12+00:00","og_image":[{"width":1024,"height":449,"url":"https:\/\/news.ecclesia.org.br\/wp-content\/uploads\/2023\/10\/2023-10-11-Conferencia-Theologia.jpg","type":"image\/jpeg"}],"author":"Pe. Andr\u00e9","twitter_card":"summary_large_image","twitter_creator":"@EcclesiaNews","twitter_site":"@EcclesiaNews","twitter_misc":{"Escrito por":"Pe. Andr\u00e9","Est. tempo de leitura":"2 minutos"},"schema":{"@context":"https:\/\/schema.org","@graph":[{"@type":"Article","@id":"https:\/\/news.ecclesia.org.br\/?p=47350#article","isPartOf":{"@id":"https:\/\/news.ecclesia.org.br\/?p=47350"},"author":{"name":"Pe. Andr\u00e9","@id":"https:\/\/news.ecclesia.org.br\/#\/schema\/person\/6f09597f025829745ba414a569f63758"},"headline":"Abertura oficial da Confer\u00eancia Cient\u00edfica Internacional para o centen\u00e1rio da revista \u00abTheologia\u00bb","datePublished":"2023-10-12T01:13:56+00:00","dateModified":"2023-10-12T01:31:12+00:00","mainEntityOfPage":{"@id":"https:\/\/news.ecclesia.org.br\/?p=47350"},"wordCount":375,"commentCount":0,"publisher":{"@id":"https:\/\/news.ecclesia.org.br\/#organization"},"image":{"@id":"https:\/\/news.ecclesia.org.br\/?p=47350#primaryimage"},"thumbnailUrl":"https:\/\/news.ecclesia.org.br\/wp-content\/uploads\/2023\/10\/2023-10-11-Conferencia-Theologia.jpg","keywords":["Arcebispo Ieron\u00f4mio de Atenas","Katerina Sakellaropoulou","Patriarca Ecum\u00eanico","Revista Theologia"],"articleSection":["Igreja da Gr\u00e9cia","NEWS","Patriarcado Ecum\u00eanico","Teologia Ortodoxa"],"inLanguage":"pt-BR","potentialAction":[{"@type":"CommentAction","name":"Comment","target":["https:\/\/news.ecclesia.org.br\/?p=47350#respond"]}]},{"@type":"WebPage","@id":"https:\/\/news.ecclesia.org.br\/?p=47350","url":"https:\/\/news.ecclesia.org.br\/?p=47350","name":"Abertura oficial da Confer\u00eancia Cient\u00edfica Internacional para o centen\u00e1rio da revista \u00abTheologia\u00bb | ECCLESIA NEWS","isPartOf":{"@id":"https:\/\/news.ecclesia.org.br\/#website"},"primaryImageOfPage":{"@id":"https:\/\/news.ecclesia.org.br\/?p=47350#primaryimage"},"image":{"@id":"https:\/\/news.ecclesia.org.br\/?p=47350#primaryimage"},"thumbnailUrl":"https:\/\/news.ecclesia.org.br\/wp-content\/uploads\/2023\/10\/2023-10-11-Conferencia-Theologia.jpg","datePublished":"2023-10-12T01:13:56+00:00","dateModified":"2023-10-12T01:31:12+00:00","breadcrumb":{"@id":"https:\/\/news.ecclesia.org.br\/?p=47350#breadcrumb"},"inLanguage":"pt-BR","potentialAction":[{"@type":"ReadAction","target":["https:\/\/news.ecclesia.org.br\/?p=47350"]}]},{"@type":"ImageObject","inLanguage":"pt-BR","@id":"https:\/\/news.ecclesia.org.br\/?p=47350#primaryimage","url":"https:\/\/news.ecclesia.org.br\/wp-content\/uploads\/2023\/10\/2023-10-11-Conferencia-Theologia.jpg","contentUrl":"https:\/\/news.ecclesia.org.br\/wp-content\/uploads\/2023\/10\/2023-10-11-Conferencia-Theologia.jpg","width":1024,"height":449},{"@type":"BreadcrumbList","@id":"https:\/\/news.ecclesia.org.br\/?p=47350#breadcrumb","itemListElement":[{"@type":"ListItem","position":1,"name":"In\u00edcio","item":"https:\/\/news.ecclesia.org.br\/"},{"@type":"ListItem","position":2,"name":"Abertura oficial da Confer\u00eancia Cient\u00edfica Internacional para o centen\u00e1rio da revista \u00abTheologia\u00bb"}]},{"@type":"WebSite","@id":"https:\/\/news.ecclesia.org.br\/#website","url":"https:\/\/news.ecclesia.org.br\/","name":"Ecclesia Brasil","description":"Desde 2003 onectando o Brasil ao mundo ortodoxo!","publisher":{"@id":"https:\/\/news.ecclesia.org.br\/#organization"},"alternateName":"Ecclesia","potentialAction":[{"@type":"SearchAction","target":{"@type":"EntryPoint","urlTemplate":"https:\/\/news.ecclesia.org.br\/?s={search_term_string}"},"query-input":{"@type":"PropertyValueSpecification","valueRequired":true,"valueName":"search_term_string"}}],"inLanguage":"pt-BR"},{"@type":"Organization","@id":"https:\/\/news.ecclesia.org.br\/#organization","name":"Sacra Arquidiocese de Buenos Aires e Am\u00e9rica do Sul | Patriarcado Ecum\u00eanico","alternateName":"News Ecclesia Brasil","url":"https:\/\/news.ecclesia.org.br\/","logo":{"@type":"ImageObject","inLanguage":"pt-BR","@id":"https:\/\/news.ecclesia.org.br\/#\/schema\/logo\/image\/","url":"https:\/\/news.ecclesia.org.br\/wp-content\/uploads\/2025\/05\/ecclesia2.png","contentUrl":"https:\/\/news.ecclesia.org.br\/wp-content\/uploads\/2025\/05\/ecclesia2.png","width":480,"height":120,"caption":"Sacra Arquidiocese de Buenos Aires e Am\u00e9rica do Sul | Patriarcado Ecum\u00eanico"},"image":{"@id":"https:\/\/news.ecclesia.org.br\/#\/schema\/logo\/image\/"},"sameAs":["https:\/\/www.facebook.com\/Ecclesia2025","https:\/\/x.com\/EcclesiaNews","https:\/\/br.pinterest.com\/ekklisia\/","https:\/\/www.youtube.com\/@EcclesiaBrasil"]},{"@type":"Person","@id":"https:\/\/news.ecclesia.org.br\/#\/schema\/person\/6f09597f025829745ba414a569f63758","name":"Pe. Andr\u00e9","image":{"@type":"ImageObject","inLanguage":"pt-BR","@id":"https:\/\/secure.gravatar.com\/avatar\/b4327cfa27e9799da239a26adcd534fc29cdc0c4a4a148eecbcfeb9b42c617ac?s=96&d=mm&r=g","url":"https:\/\/secure.gravatar.com\/avatar\/b4327cfa27e9799da239a26adcd534fc29cdc0c4a4a148eecbcfeb9b42c617ac?s=96&d=mm&r=g","contentUrl":"https:\/\/secure.gravatar.com\/avatar\/b4327cfa27e9799da239a26adcd534fc29cdc0c4a4a148eecbcfeb9b42c617ac?s=96&d=mm&r=g","caption":"Pe. Andr\u00e9"},"sameAs":["https:\/\/www.ecclesia.org.br"]}]}},"_links":{"self":[{"href":"https:\/\/news.ecclesia.org.br\/index.php?rest_route=\/wp\/v2\/posts\/47350","targetHints":{"allow":["GET"]}}],"collection":[{"href":"https:\/\/news.ecclesia.org.br\/index.php?rest_route=\/wp\/v2\/posts"}],"about":[{"href":"https:\/\/news.ecclesia.org.br\/index.php?rest_route=\/wp\/v2\/types\/post"}],"author":[{"embeddable":true,"href":"https:\/\/news.ecclesia.org.br\/index.php?rest_route=\/wp\/v2\/users\/1"}],"replies":[{"embeddable":true,"href":"https:\/\/news.ecclesia.org.br\/index.php?rest_route=%2Fwp%2Fv2%2Fcomments&post=47350"}],"version-history":[{"count":4,"href":"https:\/\/news.ecclesia.org.br\/index.php?rest_route=\/wp\/v2\/posts\/47350\/revisions"}],"predecessor-version":[{"id":47359,"href":"https:\/\/news.ecclesia.org.br\/index.php?rest_route=\/wp\/v2\/posts\/47350\/revisions\/47359"}],"wp:featuredmedia":[{"embeddable":true,"href":"https:\/\/news.ecclesia.org.br\/index.php?rest_route=\/wp\/v2\/media\/47354"}],"wp:attachment":[{"href":"https:\/\/news.ecclesia.org.br\/index.php?rest_route=%2Fwp%2Fv2%2Fmedia&parent=47350"}],"wp:term":[{"taxonomy":"category","embeddable":true,"href":"https:\/\/news.ecclesia.org.br\/index.php?rest_route=%2Fwp%2Fv2%2Fcategories&post=47350"},{"taxonomy":"post_tag","embeddable":true,"href":"https:\/\/news.ecclesia.org.br\/index.php?rest_route=%2Fwp%2Fv2%2Ftags&post=47350"}],"curies":[{"name":"wp","href":"https:\/\/api.w.org\/{rel}","templated":true}]}}