{"id":4715,"date":"2010-08-03T22:52:25","date_gmt":"2010-08-04T00:52:25","guid":{"rendered":"http:\/\/www.ecclesia.com.br\/news\/?p=4715"},"modified":"2016-03-17T23:16:29","modified_gmt":"2016-03-17T23:16:29","slug":"a-russia-nao-esta-pronta-para-enfrentar-onda-inedita-de-calor","status":"publish","type":"post","link":"https:\/\/news.ecclesia.org.br\/?p=4715","title":{"rendered":"A R\u00fassia n\u00e3o est\u00e1 pronta para enfrentar onda in\u00e9dita de calor"},"content":{"rendered":"<p style=\"text-align: justify;\">Os russos j\u00e1 deixaram de contar os recordes batidos pela atual onda de calor que se instalou h\u00e1 mais de duas semanas e continuar\u00e1 nos pr\u00f3ximos quinze dias nas regi\u00f5es centrais da parte europ\u00e9ia da R\u00fassia. Em 130 anos de observa\u00e7\u00f5es metereol\u00f3gicas que estas regi\u00f5es n\u00e3o viam o merc\u00fario subir nos term\u00f4metros at\u00e9 al\u00e9m dos 30 e 40 graus cent\u00edgrados.\u00a0Em algumas regi\u00f5es, nomeadamente em Moscou, o calor \u00e9 acompanhado pela fuma\u00e7a expelida para a atmosfera pelos muitos inc\u00eandios florestais, que faz subir os \u00edndices de polui\u00e7\u00e3o atmosf\u00e9rica (na capital russa, o ind\u00edce \u00e9 duas vezes superior ao permitido) e o n\u00famero de chamadas para os servi\u00e7os m\u00e9dicos de emerg\u00eancia da parte de pessoas que sofrem de males respirat\u00f3rios e card\u00edacos.\u00a0Segundo o \u00faltimo balan\u00e7o oficial, os inc\u00eandios florestais nas regi\u00f5es centrais da R\u00fassia provocaram 40 mortos e 323 feridos, tendo sido hospitalizadas 62 pessoas. As chamas devoraram 1 875 casas, deixando sem teto mais de 2200 pessoas.\u00a0As autoridades reconhecem que, este ano, j\u00e1 arderam mais de 500 mil hectares, mas os ec\u00f3logos da organiza\u00e7\u00e3o Greenpeace da R\u00fassia falam em mais de tr\u00eas milh\u00f5es. Um quarto das colheitas j\u00e1 foi destru\u00eddo pela longa seca. Os preju\u00edzos materiais rondam os 4.500 mil euros [&#8230;].<\/p>\n<p style=\"text-align: justify;\">Hoje, Serguei Choigu, ministro para Situa\u00e7\u00f5es de Emerg\u00eancia da R\u00fassia, reconheceu a falta de meios nos or\u00e7amentos regionais e explicou-a assim: \u00abOs inc\u00eandios de grandes dimens\u00f5es conduziram a que tenham acabado os meios e exigem mais dinheiro. Mas nem todas as autoridades preencheram corretamente os documentos, em conformidade com os quais se concedem mais meios. Isto atrasou o apoio ao financiamento das autoridades locais\u00bb.\u00a0Choigu afirmou que decuplicou o n\u00famero de bombeiros no terreno, para 130 mil, aos quais se juntaram mais de dois mil militares e um n\u00famero desconhecido de volunt\u00e1rios.\u00a0Os especialistas em provocar chuvas artificiais, em que na R\u00fassia existe grande experi\u00eancia, reconhecem a sua impot\u00eancia no combate \u00e0s chamas. \u00abPara provocar precipita\u00e7\u00f5es artificiais \u00e9 necess\u00e1rio que a humidade do ar seja superior a 95 por cento. Ou seja, a chuva est\u00e1 para cair e n\u00f3s apenas apressamos esses processo\u00bb, declarou Alexei Liakhov, director do Servi\u00e7o de Meteorologia de Moscou.\u00a0Quando os meios t\u00e9cnicos e humanos s\u00e3o insuficientes, nada mais resta do que olhar para os C\u00e9us. \u00abPe\u00e7o a todos os filhos e filhas fi\u00e9is da Igreja Ortodoxa Russa que se unam numa ora\u00e7\u00e3o a Deus, que Ele mande chuva \u00e0 nossa terra queimada\u00bb, disse o Patriarca Cirillo.\u00a0O Patriarca sugeriu que as ora\u00e7\u00f5es fossem feitas com particular zelo no dia 2 de Agosto, dia do Profeta Elias no calend\u00e1rio lit\u00fargico ortodoxo, a quem j\u00e1 \u00e9 h\u00e1bito rezar por chuva.\u00a0Mas, por enquanto, a chuva n\u00e3o chega e os meteorologistas prometam ainda mais calor. Fonte: Blog <a href=\"http:\/\/darussia.blogspot.com\/2010\/08\/russia-nao-esta-pronta-para-enfrentar.html\" target=\"_blank\">Da R\u00fassia<\/a><\/p>\n<p style=\"text-align: justify;\">\n","protected":false},"excerpt":{"rendered":"<p>Os russos j\u00e1 deixaram de contar os recordes batidos pela atual onda de calor que se instalou h\u00e1 mais de duas semanas e continuar\u00e1 nos pr\u00f3ximos quinze dias nas regi\u00f5es centrais da parte europ\u00e9ia da R\u00fassia. Em 130 anos de&#8230;<\/p>\n","protected":false},"author":1,"featured_media":16166,"comment_status":"open","ping_status":"open","sticky":false,"template":"","format":"standard","meta":{"_acf_changed":false,"footnotes":""},"categories":[1],"tags":[],"class_list":["post-4715","post","type-post","status-publish","format-standard","has-post-thumbnail","hentry","category-news","entry","rows-excerpt"],"acf":[],"yoast_head":"<!-- This site is optimized with the Yoast SEO plugin v27.5 - https:\/\/yoast.com\/product\/yoast-seo-wordpress\/ -->\n<title>A R\u00fassia n\u00e3o est\u00e1 pronta para enfrentar onda in\u00e9dita de calor | ECCLESIA NEWS<\/title>\n<meta name=\"robots\" content=\"index, follow, max-snippet:-1, max-image-preview:large, max-video-preview:-1\" \/>\n<link rel=\"canonical\" href=\"https:\/\/news.ecclesia.org.br\/?p=4715\" \/>\n<meta property=\"og:locale\" content=\"pt_BR\" \/>\n<meta property=\"og:type\" content=\"article\" \/>\n<meta property=\"og:title\" content=\"A R\u00fassia n\u00e3o est\u00e1 pronta para enfrentar onda in\u00e9dita de calor | ECCLESIA NEWS\" \/>\n<meta property=\"og:description\" content=\"Os russos j\u00e1 deixaram de contar os recordes batidos pela atual onda de calor que se instalou h\u00e1 mais de duas semanas e continuar\u00e1 nos pr\u00f3ximos quinze dias nas regi\u00f5es centrais da parte europ\u00e9ia da R\u00fassia. Em 130 anos de&#8230;\" \/>\n<meta property=\"og:url\" content=\"https:\/\/news.ecclesia.org.br\/?p=4715\" \/>\n<meta property=\"og:site_name\" content=\"ECCLESIA NEWS\" \/>\n<meta property=\"article:publisher\" content=\"https:\/\/www.facebook.com\/Ecclesia2025\" \/>\n<meta property=\"article:published_time\" content=\"2010-08-04T00:52:25+00:00\" \/>\n<meta property=\"article:modified_time\" content=\"2016-03-17T23:16:29+00:00\" \/>\n<meta property=\"og:image\" content=\"https:\/\/news.ecclesia.org.br\/wp-content\/uploads\/2010\/08\/calor-russia.jpg\" \/>\n\t<meta property=\"og:image:width\" content=\"480\" \/>\n\t<meta property=\"og:image:height\" content=\"717\" \/>\n\t<meta property=\"og:image:type\" content=\"image\/jpeg\" \/>\n<meta name=\"author\" content=\"Pe. Andr\u00e9\" \/>\n<meta name=\"twitter:card\" content=\"summary_large_image\" \/>\n<meta name=\"twitter:creator\" content=\"@EcclesiaNews\" \/>\n<meta name=\"twitter:site\" content=\"@EcclesiaNews\" \/>\n<meta name=\"twitter:label1\" content=\"Escrito por\" \/>\n\t<meta name=\"twitter:data1\" content=\"Pe. Andr\u00e9\" \/>\n\t<meta name=\"twitter:label2\" content=\"Est. tempo de leitura\" \/>\n\t<meta name=\"twitter:data2\" content=\"2 minutos\" \/>\n<script type=\"application\/ld+json\" class=\"yoast-schema-graph\">{\"@context\":\"https:\\\/\\\/schema.org\",\"@graph\":[{\"@type\":\"Article\",\"@id\":\"https:\\\/\\\/news.ecclesia.org.br\\\/?p=4715#article\",\"isPartOf\":{\"@id\":\"https:\\\/\\\/news.ecclesia.org.br\\\/?p=4715\"},\"author\":{\"name\":\"Pe. Andr\u00e9\",\"@id\":\"https:\\\/\\\/news.ecclesia.org.br\\\/#\\\/schema\\\/person\\\/6f09597f025829745ba414a569f63758\"},\"headline\":\"A R\u00fassia n\u00e3o est\u00e1 pronta para enfrentar onda in\u00e9dita de calor\",\"datePublished\":\"2010-08-04T00:52:25+00:00\",\"dateModified\":\"2016-03-17T23:16:29+00:00\",\"mainEntityOfPage\":{\"@id\":\"https:\\\/\\\/news.ecclesia.org.br\\\/?p=4715\"},\"wordCount\":512,\"commentCount\":0,\"publisher\":{\"@id\":\"https:\\\/\\\/news.ecclesia.org.br\\\/#organization\"},\"image\":{\"@id\":\"https:\\\/\\\/news.ecclesia.org.br\\\/?p=4715#primaryimage\"},\"thumbnailUrl\":\"https:\\\/\\\/news.ecclesia.org.br\\\/wp-content\\\/uploads\\\/2010\\\/08\\\/calor-russia.jpg\",\"articleSection\":[\"NEWS\"],\"inLanguage\":\"pt-BR\",\"potentialAction\":[{\"@type\":\"CommentAction\",\"name\":\"Comment\",\"target\":[\"https:\\\/\\\/news.ecclesia.org.br\\\/?p=4715#respond\"]}]},{\"@type\":\"WebPage\",\"@id\":\"https:\\\/\\\/news.ecclesia.org.br\\\/?p=4715\",\"url\":\"https:\\\/\\\/news.ecclesia.org.br\\\/?p=4715\",\"name\":\"A R\u00fassia n\u00e3o est\u00e1 pronta para enfrentar onda in\u00e9dita de calor | ECCLESIA NEWS\",\"isPartOf\":{\"@id\":\"https:\\\/\\\/news.ecclesia.org.br\\\/#website\"},\"primaryImageOfPage\":{\"@id\":\"https:\\\/\\\/news.ecclesia.org.br\\\/?p=4715#primaryimage\"},\"image\":{\"@id\":\"https:\\\/\\\/news.ecclesia.org.br\\\/?p=4715#primaryimage\"},\"thumbnailUrl\":\"https:\\\/\\\/news.ecclesia.org.br\\\/wp-content\\\/uploads\\\/2010\\\/08\\\/calor-russia.jpg\",\"datePublished\":\"2010-08-04T00:52:25+00:00\",\"dateModified\":\"2016-03-17T23:16:29+00:00\",\"breadcrumb\":{\"@id\":\"https:\\\/\\\/news.ecclesia.org.br\\\/?p=4715#breadcrumb\"},\"inLanguage\":\"pt-BR\",\"potentialAction\":[{\"@type\":\"ReadAction\",\"target\":[\"https:\\\/\\\/news.ecclesia.org.br\\\/?p=4715\"]}]},{\"@type\":\"ImageObject\",\"inLanguage\":\"pt-BR\",\"@id\":\"https:\\\/\\\/news.ecclesia.org.br\\\/?p=4715#primaryimage\",\"url\":\"https:\\\/\\\/news.ecclesia.org.br\\\/wp-content\\\/uploads\\\/2010\\\/08\\\/calor-russia.jpg\",\"contentUrl\":\"https:\\\/\\\/news.ecclesia.org.br\\\/wp-content\\\/uploads\\\/2010\\\/08\\\/calor-russia.jpg\",\"width\":480,\"height\":717},{\"@type\":\"BreadcrumbList\",\"@id\":\"https:\\\/\\\/news.ecclesia.org.br\\\/?p=4715#breadcrumb\",\"itemListElement\":[{\"@type\":\"ListItem\",\"position\":1,\"name\":\"In\u00edcio\",\"item\":\"https:\\\/\\\/news.ecclesia.org.br\\\/\"},{\"@type\":\"ListItem\",\"position\":2,\"name\":\"A R\u00fassia n\u00e3o est\u00e1 pronta para enfrentar onda in\u00e9dita de calor\"}]},{\"@type\":\"WebSite\",\"@id\":\"https:\\\/\\\/news.ecclesia.org.br\\\/#website\",\"url\":\"https:\\\/\\\/news.ecclesia.org.br\\\/\",\"name\":\"Ecclesia Brasil\",\"description\":\"Desde 2003 onectando o Brasil ao mundo ortodoxo!\",\"publisher\":{\"@id\":\"https:\\\/\\\/news.ecclesia.org.br\\\/#organization\"},\"alternateName\":\"Ecclesia\",\"potentialAction\":[{\"@type\":\"SearchAction\",\"target\":{\"@type\":\"EntryPoint\",\"urlTemplate\":\"https:\\\/\\\/news.ecclesia.org.br\\\/?s={search_term_string}\"},\"query-input\":{\"@type\":\"PropertyValueSpecification\",\"valueRequired\":true,\"valueName\":\"search_term_string\"}}],\"inLanguage\":\"pt-BR\"},{\"@type\":\"Organization\",\"@id\":\"https:\\\/\\\/news.ecclesia.org.br\\\/#organization\",\"name\":\"Sacra Arquidiocese de Buenos Aires e Am\u00e9rica do Sul | Patriarcado Ecum\u00eanico\",\"alternateName\":\"News Ecclesia Brasil\",\"url\":\"https:\\\/\\\/news.ecclesia.org.br\\\/\",\"logo\":{\"@type\":\"ImageObject\",\"inLanguage\":\"pt-BR\",\"@id\":\"https:\\\/\\\/news.ecclesia.org.br\\\/#\\\/schema\\\/logo\\\/image\\\/\",\"url\":\"https:\\\/\\\/news.ecclesia.org.br\\\/wp-content\\\/uploads\\\/2025\\\/05\\\/ecclesia2.png\",\"contentUrl\":\"https:\\\/\\\/news.ecclesia.org.br\\\/wp-content\\\/uploads\\\/2025\\\/05\\\/ecclesia2.png\",\"width\":480,\"height\":120,\"caption\":\"Sacra Arquidiocese de Buenos Aires e Am\u00e9rica do Sul | Patriarcado Ecum\u00eanico\"},\"image\":{\"@id\":\"https:\\\/\\\/news.ecclesia.org.br\\\/#\\\/schema\\\/logo\\\/image\\\/\"},\"sameAs\":[\"https:\\\/\\\/www.facebook.com\\\/Ecclesia2025\",\"https:\\\/\\\/x.com\\\/EcclesiaNews\",\"https:\\\/\\\/br.pinterest.com\\\/ekklisia\\\/\",\"https:\\\/\\\/www.youtube.com\\\/@EcclesiaBrasil\"]},{\"@type\":\"Person\",\"@id\":\"https:\\\/\\\/news.ecclesia.org.br\\\/#\\\/schema\\\/person\\\/6f09597f025829745ba414a569f63758\",\"name\":\"Pe. Andr\u00e9\",\"image\":{\"@type\":\"ImageObject\",\"inLanguage\":\"pt-BR\",\"@id\":\"https:\\\/\\\/secure.gravatar.com\\\/avatar\\\/b4327cfa27e9799da239a26adcd534fc29cdc0c4a4a148eecbcfeb9b42c617ac?s=96&d=mm&r=g\",\"url\":\"https:\\\/\\\/secure.gravatar.com\\\/avatar\\\/b4327cfa27e9799da239a26adcd534fc29cdc0c4a4a148eecbcfeb9b42c617ac?s=96&d=mm&r=g\",\"contentUrl\":\"https:\\\/\\\/secure.gravatar.com\\\/avatar\\\/b4327cfa27e9799da239a26adcd534fc29cdc0c4a4a148eecbcfeb9b42c617ac?s=96&d=mm&r=g\",\"caption\":\"Pe. Andr\u00e9\"},\"sameAs\":[\"https:\\\/\\\/www.ecclesia.org.br\"]}]}<\/script>\n<!-- \/ Yoast SEO plugin. -->","yoast_head_json":{"title":"A R\u00fassia n\u00e3o est\u00e1 pronta para enfrentar onda in\u00e9dita de calor | ECCLESIA NEWS","robots":{"index":"index","follow":"follow","max-snippet":"max-snippet:-1","max-image-preview":"max-image-preview:large","max-video-preview":"max-video-preview:-1"},"canonical":"https:\/\/news.ecclesia.org.br\/?p=4715","og_locale":"pt_BR","og_type":"article","og_title":"A R\u00fassia n\u00e3o est\u00e1 pronta para enfrentar onda in\u00e9dita de calor | ECCLESIA NEWS","og_description":"Os russos j\u00e1 deixaram de contar os recordes batidos pela atual onda de calor que se instalou h\u00e1 mais de duas semanas e continuar\u00e1 nos pr\u00f3ximos quinze dias nas regi\u00f5es centrais da parte europ\u00e9ia da R\u00fassia. Em 130 anos de&#8230;","og_url":"https:\/\/news.ecclesia.org.br\/?p=4715","og_site_name":"ECCLESIA NEWS","article_publisher":"https:\/\/www.facebook.com\/Ecclesia2025","article_published_time":"2010-08-04T00:52:25+00:00","article_modified_time":"2016-03-17T23:16:29+00:00","og_image":[{"width":480,"height":717,"url":"https:\/\/news.ecclesia.org.br\/wp-content\/uploads\/2010\/08\/calor-russia.jpg","type":"image\/jpeg"}],"author":"Pe. Andr\u00e9","twitter_card":"summary_large_image","twitter_creator":"@EcclesiaNews","twitter_site":"@EcclesiaNews","twitter_misc":{"Escrito por":"Pe. Andr\u00e9","Est. tempo de leitura":"2 minutos"},"schema":{"@context":"https:\/\/schema.org","@graph":[{"@type":"Article","@id":"https:\/\/news.ecclesia.org.br\/?p=4715#article","isPartOf":{"@id":"https:\/\/news.ecclesia.org.br\/?p=4715"},"author":{"name":"Pe. Andr\u00e9","@id":"https:\/\/news.ecclesia.org.br\/#\/schema\/person\/6f09597f025829745ba414a569f63758"},"headline":"A R\u00fassia n\u00e3o est\u00e1 pronta para enfrentar onda in\u00e9dita de calor","datePublished":"2010-08-04T00:52:25+00:00","dateModified":"2016-03-17T23:16:29+00:00","mainEntityOfPage":{"@id":"https:\/\/news.ecclesia.org.br\/?p=4715"},"wordCount":512,"commentCount":0,"publisher":{"@id":"https:\/\/news.ecclesia.org.br\/#organization"},"image":{"@id":"https:\/\/news.ecclesia.org.br\/?p=4715#primaryimage"},"thumbnailUrl":"https:\/\/news.ecclesia.org.br\/wp-content\/uploads\/2010\/08\/calor-russia.jpg","articleSection":["NEWS"],"inLanguage":"pt-BR","potentialAction":[{"@type":"CommentAction","name":"Comment","target":["https:\/\/news.ecclesia.org.br\/?p=4715#respond"]}]},{"@type":"WebPage","@id":"https:\/\/news.ecclesia.org.br\/?p=4715","url":"https:\/\/news.ecclesia.org.br\/?p=4715","name":"A R\u00fassia n\u00e3o est\u00e1 pronta para enfrentar onda in\u00e9dita de calor | ECCLESIA NEWS","isPartOf":{"@id":"https:\/\/news.ecclesia.org.br\/#website"},"primaryImageOfPage":{"@id":"https:\/\/news.ecclesia.org.br\/?p=4715#primaryimage"},"image":{"@id":"https:\/\/news.ecclesia.org.br\/?p=4715#primaryimage"},"thumbnailUrl":"https:\/\/news.ecclesia.org.br\/wp-content\/uploads\/2010\/08\/calor-russia.jpg","datePublished":"2010-08-04T00:52:25+00:00","dateModified":"2016-03-17T23:16:29+00:00","breadcrumb":{"@id":"https:\/\/news.ecclesia.org.br\/?p=4715#breadcrumb"},"inLanguage":"pt-BR","potentialAction":[{"@type":"ReadAction","target":["https:\/\/news.ecclesia.org.br\/?p=4715"]}]},{"@type":"ImageObject","inLanguage":"pt-BR","@id":"https:\/\/news.ecclesia.org.br\/?p=4715#primaryimage","url":"https:\/\/news.ecclesia.org.br\/wp-content\/uploads\/2010\/08\/calor-russia.jpg","contentUrl":"https:\/\/news.ecclesia.org.br\/wp-content\/uploads\/2010\/08\/calor-russia.jpg","width":480,"height":717},{"@type":"BreadcrumbList","@id":"https:\/\/news.ecclesia.org.br\/?p=4715#breadcrumb","itemListElement":[{"@type":"ListItem","position":1,"name":"In\u00edcio","item":"https:\/\/news.ecclesia.org.br\/"},{"@type":"ListItem","position":2,"name":"A R\u00fassia n\u00e3o est\u00e1 pronta para enfrentar onda in\u00e9dita de calor"}]},{"@type":"WebSite","@id":"https:\/\/news.ecclesia.org.br\/#website","url":"https:\/\/news.ecclesia.org.br\/","name":"Ecclesia Brasil","description":"Desde 2003 onectando o Brasil ao mundo ortodoxo!","publisher":{"@id":"https:\/\/news.ecclesia.org.br\/#organization"},"alternateName":"Ecclesia","potentialAction":[{"@type":"SearchAction","target":{"@type":"EntryPoint","urlTemplate":"https:\/\/news.ecclesia.org.br\/?s={search_term_string}"},"query-input":{"@type":"PropertyValueSpecification","valueRequired":true,"valueName":"search_term_string"}}],"inLanguage":"pt-BR"},{"@type":"Organization","@id":"https:\/\/news.ecclesia.org.br\/#organization","name":"Sacra Arquidiocese de Buenos Aires e Am\u00e9rica do Sul | Patriarcado Ecum\u00eanico","alternateName":"News Ecclesia Brasil","url":"https:\/\/news.ecclesia.org.br\/","logo":{"@type":"ImageObject","inLanguage":"pt-BR","@id":"https:\/\/news.ecclesia.org.br\/#\/schema\/logo\/image\/","url":"https:\/\/news.ecclesia.org.br\/wp-content\/uploads\/2025\/05\/ecclesia2.png","contentUrl":"https:\/\/news.ecclesia.org.br\/wp-content\/uploads\/2025\/05\/ecclesia2.png","width":480,"height":120,"caption":"Sacra Arquidiocese de Buenos Aires e Am\u00e9rica do Sul | Patriarcado Ecum\u00eanico"},"image":{"@id":"https:\/\/news.ecclesia.org.br\/#\/schema\/logo\/image\/"},"sameAs":["https:\/\/www.facebook.com\/Ecclesia2025","https:\/\/x.com\/EcclesiaNews","https:\/\/br.pinterest.com\/ekklisia\/","https:\/\/www.youtube.com\/@EcclesiaBrasil"]},{"@type":"Person","@id":"https:\/\/news.ecclesia.org.br\/#\/schema\/person\/6f09597f025829745ba414a569f63758","name":"Pe. Andr\u00e9","image":{"@type":"ImageObject","inLanguage":"pt-BR","@id":"https:\/\/secure.gravatar.com\/avatar\/b4327cfa27e9799da239a26adcd534fc29cdc0c4a4a148eecbcfeb9b42c617ac?s=96&d=mm&r=g","url":"https:\/\/secure.gravatar.com\/avatar\/b4327cfa27e9799da239a26adcd534fc29cdc0c4a4a148eecbcfeb9b42c617ac?s=96&d=mm&r=g","contentUrl":"https:\/\/secure.gravatar.com\/avatar\/b4327cfa27e9799da239a26adcd534fc29cdc0c4a4a148eecbcfeb9b42c617ac?s=96&d=mm&r=g","caption":"Pe. Andr\u00e9"},"sameAs":["https:\/\/www.ecclesia.org.br"]}]}},"_links":{"self":[{"href":"https:\/\/news.ecclesia.org.br\/index.php?rest_route=\/wp\/v2\/posts\/4715","targetHints":{"allow":["GET"]}}],"collection":[{"href":"https:\/\/news.ecclesia.org.br\/index.php?rest_route=\/wp\/v2\/posts"}],"about":[{"href":"https:\/\/news.ecclesia.org.br\/index.php?rest_route=\/wp\/v2\/types\/post"}],"author":[{"embeddable":true,"href":"https:\/\/news.ecclesia.org.br\/index.php?rest_route=\/wp\/v2\/users\/1"}],"replies":[{"embeddable":true,"href":"https:\/\/news.ecclesia.org.br\/index.php?rest_route=%2Fwp%2Fv2%2Fcomments&post=4715"}],"version-history":[{"count":0,"href":"https:\/\/news.ecclesia.org.br\/index.php?rest_route=\/wp\/v2\/posts\/4715\/revisions"}],"wp:featuredmedia":[{"embeddable":true,"href":"https:\/\/news.ecclesia.org.br\/index.php?rest_route=\/wp\/v2\/media\/16166"}],"wp:attachment":[{"href":"https:\/\/news.ecclesia.org.br\/index.php?rest_route=%2Fwp%2Fv2%2Fmedia&parent=4715"}],"wp:term":[{"taxonomy":"category","embeddable":true,"href":"https:\/\/news.ecclesia.org.br\/index.php?rest_route=%2Fwp%2Fv2%2Fcategories&post=4715"},{"taxonomy":"post_tag","embeddable":true,"href":"https:\/\/news.ecclesia.org.br\/index.php?rest_route=%2Fwp%2Fv2%2Ftags&post=4715"}],"curies":[{"name":"wp","href":"https:\/\/api.w.org\/{rel}","templated":true}]}}