{"id":47090,"date":"2023-10-05T21:11:35","date_gmt":"2023-10-06T00:11:35","guid":{"rendered":"https:\/\/news.ecclesia.org.br\/?p=47090"},"modified":"2023-10-05T21:19:54","modified_gmt":"2023-10-06T00:19:54","slug":"47090","status":"publish","type":"post","link":"https:\/\/news.ecclesia.org.br\/?p=47090","title":{"rendered":"Patriarca Ecum\u00eanico participa em inaugura\u00e7\u00e3o e aben\u00e7oa Parque Infantil da Metr\u00f3pole de Calced\u00f4nia"},"content":{"rendered":"\t\t<div data-elementor-type=\"wp-post\" data-elementor-id=\"47090\" class=\"elementor elementor-47090\">\n\t\t\t\t\t\t<section class=\"elementor-section elementor-top-section elementor-element elementor-element-4889ef6 elementor-section-boxed elementor-section-height-default elementor-section-height-default\" data-id=\"4889ef6\" data-element_type=\"section\" data-e-type=\"section\">\n\t\t\t\t\t\t<div class=\"elementor-container elementor-column-gap-default\">\n\t\t\t\t\t<div class=\"elementor-column elementor-col-100 elementor-top-column elementor-element elementor-element-b2a79a\" data-id=\"b2a79a\" data-element_type=\"column\" data-e-type=\"column\">\n\t\t\t<div class=\"elementor-widget-wrap elementor-element-populated\">\n\t\t\t\t\t\t<div class=\"elementor-element elementor-element-29406661 elementor-widget elementor-widget-text-editor\" data-id=\"29406661\" data-element_type=\"widget\" data-e-type=\"widget\" data-widget_type=\"text-editor.default\">\n\t\t\t\t<div class=\"elementor-widget-container\">\n\t\t\t\t\t\t\t\t\t<p><\/p>\n<p>O Patriarca Ecum\u00eanico Bartolomeu, na tarde de quarta-feira, 4 de outubro de 2023, aben\u00e7oou o novo parque infantil da Santa Metr\u00f3pole de Calced\u00f4nia, por ocasi\u00e3o de sua inaugura\u00e7\u00e3o, na presen\u00e7a do Metropolita Emmanuel de Calced\u00f4nia, membros do Sacrossanto S\u00ednodo entre outros Hierarcas do Trono Ecum\u00eanico, Clero, l\u00edderes comunit\u00e1rios e fi\u00e9is de Calced\u00f4nia. Em seu discurso, o Patriarca felicitou o Metropolita e a Comiss\u00e3o Coordenadora da Comunidade de Calced\u00f4nia, bem como os apoiadores e benfeitores, conhecidos ou an\u00f4nimos, com cuja assist\u00eancia e apoio foi poss\u00edvel a cria\u00e7\u00e3o deste projeto de utilidade p\u00fablica, que \u00e9 diretamente relacionado, como disse, com a educa\u00e7\u00e3o da nossa Na\u00e7\u00e3o. &#8220;Todos sabemos que a nossa Na\u00e7\u00e3o, especialmente nesta Cidade, sempre esteve ligada \u00e0 escola, \u00e0 educa\u00e7\u00e3o\u201d, disse o Patriarca Ecum\u00eanico, lembrando que a divulga\u00e7\u00e3o das letras gregas sempre foi uma preocupa\u00e7\u00e3o constante da Igreja M\u00e3e. (\u2026) Depois de agradecer ao Metropolita Emmanuel de Calced\u00f4nia pelo seu incans\u00e1vel interesse e apoio na implementa\u00e7\u00e3o deste importante projeto, bem como a todos aqueles que contribu\u00edram para este prop\u00f3sito, ele expressou sua alegria pelo fato de muitas vozes de crian\u00e7as ressoarem em Calced\u00f4nia e desejou que \u201ceste ber\u00e7\u00e1rio encha-se de flores e d\u00ea muitos frutos \u00e0 di\u00e1spora grega e aos \u201cRomiosini\u201d<\/p>\n<p><\/p>\t\t\t\t\t\t\t\t<\/div>\n\t\t\t\t<\/div>\n\t\t\t\t<div class=\"elementor-element elementor-element-bc343bd elementor-widget elementor-widget-image-gallery\" data-id=\"bc343bd\" data-element_type=\"widget\" data-e-type=\"widget\" data-widget_type=\"image-gallery.default\">\n\t\t\t\t<div class=\"elementor-widget-container\">\n\t\t\t\t\t\t\t<div class=\"elementor-image-gallery\">\n\t\t\t<div id='gallery-1' class='gallery galleryid-47090 gallery-columns-5 gallery-size-thumbnail'><figure class='gallery-item'>\n\t\t\t<div class='gallery-icon landscape'>\n\t\t\t\t<a data-elementor-open-lightbox=\"yes\" data-elementor-lightbox-slideshow=\"bc343bd\" data-elementor-lightbox-title=\"DSC03772-2\" data-e-action-hash=\"#elementor-action%3Aaction%3Dlightbox%26settings%3DeyJpZCI6NDcwOTcsInVybCI6Imh0dHBzOlwvXC9uZXdzLmVjY2xlc2lhLm9yZy5iclwvd3AtY29udGVudFwvdXBsb2Fkc1wvMjAyM1wvMTBcL0RTQzAzNzcyLTIuanBnIiwic2xpZGVzaG93IjoiYmMzNDNiZCJ9\" href='https:\/\/news.ecclesia.org.br\/wp-content\/uploads\/2023\/10\/DSC03772-2.jpg'><img decoding=\"async\" width=\"150\" height=\"150\" src=\"https:\/\/news.ecclesia.org.br\/wp-content\/uploads\/2023\/10\/DSC03772-2-150x150.jpg\" class=\"attachment-thumbnail size-thumbnail\" alt=\"\" \/><\/a>\n\t\t\t<\/div><\/figure><figure class='gallery-item'>\n\t\t\t<div class='gallery-icon landscape'>\n\t\t\t\t<a data-elementor-open-lightbox=\"yes\" data-elementor-lightbox-slideshow=\"bc343bd\" data-elementor-lightbox-title=\"2-15\" data-e-action-hash=\"#elementor-action%3Aaction%3Dlightbox%26settings%3DeyJpZCI6NDcwOTYsInVybCI6Imh0dHBzOlwvXC9uZXdzLmVjY2xlc2lhLm9yZy5iclwvd3AtY29udGVudFwvdXBsb2Fkc1wvMjAyM1wvMTBcLzItMTUuanBnIiwic2xpZGVzaG93IjoiYmMzNDNiZCJ9\" href='https:\/\/news.ecclesia.org.br\/wp-content\/uploads\/2023\/10\/2-15.jpg'><img decoding=\"async\" width=\"150\" height=\"150\" src=\"https:\/\/news.ecclesia.org.br\/wp-content\/uploads\/2023\/10\/2-15-150x150.jpg\" class=\"attachment-thumbnail size-thumbnail\" alt=\"\" \/><\/a>\n\t\t\t<\/div><\/figure><figure class='gallery-item'>\n\t\t\t<div class='gallery-icon portrait'>\n\t\t\t\t<a data-elementor-open-lightbox=\"yes\" data-elementor-lightbox-slideshow=\"bc343bd\" data-elementor-lightbox-title=\"4-12\" data-e-action-hash=\"#elementor-action%3Aaction%3Dlightbox%26settings%3DeyJpZCI6NDcwOTUsInVybCI6Imh0dHBzOlwvXC9uZXdzLmVjY2xlc2lhLm9yZy5iclwvd3AtY29udGVudFwvdXBsb2Fkc1wvMjAyM1wvMTBcLzQtMTIuanBnIiwic2xpZGVzaG93IjoiYmMzNDNiZCJ9\" href='https:\/\/news.ecclesia.org.br\/wp-content\/uploads\/2023\/10\/4-12.jpg'><img decoding=\"async\" width=\"150\" height=\"150\" src=\"https:\/\/news.ecclesia.org.br\/wp-content\/uploads\/2023\/10\/4-12-150x150.jpg\" class=\"attachment-thumbnail size-thumbnail\" alt=\"\" \/><\/a>\n\t\t\t<\/div><\/figure><figure class='gallery-item'>\n\t\t\t<div class='gallery-icon landscape'>\n\t\t\t\t<a data-elementor-open-lightbox=\"yes\" data-elementor-lightbox-slideshow=\"bc343bd\" data-elementor-lightbox-title=\"5-10\" data-e-action-hash=\"#elementor-action%3Aaction%3Dlightbox%26settings%3DeyJpZCI6NDcwOTQsInVybCI6Imh0dHBzOlwvXC9uZXdzLmVjY2xlc2lhLm9yZy5iclwvd3AtY29udGVudFwvdXBsb2Fkc1wvMjAyM1wvMTBcLzUtMTAuanBnIiwic2xpZGVzaG93IjoiYmMzNDNiZCJ9\" href='https:\/\/news.ecclesia.org.br\/wp-content\/uploads\/2023\/10\/5-10.jpg'><img loading=\"lazy\" decoding=\"async\" width=\"150\" height=\"150\" src=\"https:\/\/news.ecclesia.org.br\/wp-content\/uploads\/2023\/10\/5-10-150x150.jpg\" class=\"attachment-thumbnail size-thumbnail\" alt=\"\" \/><\/a>\n\t\t\t<\/div><\/figure><figure class='gallery-item'>\n\t\t\t<div class='gallery-icon landscape'>\n\t\t\t\t<a data-elementor-open-lightbox=\"yes\" data-elementor-lightbox-slideshow=\"bc343bd\" data-elementor-lightbox-title=\"6-7\" data-e-action-hash=\"#elementor-action%3Aaction%3Dlightbox%26settings%3DeyJpZCI6NDcwOTMsInVybCI6Imh0dHBzOlwvXC9uZXdzLmVjY2xlc2lhLm9yZy5iclwvd3AtY29udGVudFwvdXBsb2Fkc1wvMjAyM1wvMTBcLzYtNy5qcGciLCJzbGlkZXNob3ciOiJiYzM0M2JkIn0%3D\" href='https:\/\/news.ecclesia.org.br\/wp-content\/uploads\/2023\/10\/6-7.jpg'><img loading=\"lazy\" decoding=\"async\" width=\"150\" height=\"150\" src=\"https:\/\/news.ecclesia.org.br\/wp-content\/uploads\/2023\/10\/6-7-150x150.jpg\" class=\"attachment-thumbnail size-thumbnail\" alt=\"\" \/><\/a>\n\t\t\t<\/div><\/figure>\n\t\t<\/div>\n\t\t<\/div>\n\t\t\t\t\t\t<\/div>\n\t\t\t\t<\/div>\n\t\t\t\t<div class=\"elementor-element elementor-element-834f542 elementor-widget elementor-widget-text-editor\" data-id=\"834f542\" data-element_type=\"widget\" data-e-type=\"widget\" data-widget_type=\"text-editor.default\">\n\t\t\t\t<div class=\"elementor-widget-container\">\n\t\t\t\t\t\t\t\t\t<p>Com informa\u00e7\u00f5es e fotos de\u00a0<a href=\"https:\/\/orthodoxtimes.com\/ecumenical-patriarch-blessed-the-opening-of-the-childrens-playground-of-metropolis-of-chalcedon\/\" target=\"_blank\" rel=\"noopener\">OrthodoxTimes<\/a><\/p>\t\t\t\t\t\t\t\t<\/div>\n\t\t\t\t<\/div>\n\t\t\t\t\t<\/div>\n\t\t<\/div>\n\t\t\t\t\t<\/div>\n\t\t<\/section>\n\t\t\t\t<\/div>\n\t\t","protected":false},"excerpt":{"rendered":"<p>O Patriarca Ecum\u00eanico Bartolomeu, na tarde de quarta-feira, 4 de outubro de 2023, aben\u00e7oou o novo parque infantil da Santa Metr\u00f3pole de Calced\u00f4nia, por ocasi\u00e3o de sua inaugura\u00e7\u00e3o, na presen\u00e7a do Metropolita Emmanuel de Calced\u00f4nia, membros do Sacrossanto S\u00ednodo entre&#8230;<\/p>\n","protected":false},"author":1,"featured_media":47097,"comment_status":"open","ping_status":"open","sticky":false,"template":"","format":"standard","meta":{"_acf_changed":false,"footnotes":""},"categories":[2748,1,72],"tags":[2863,2837,2781],"class_list":["post-47090","post","type-post","status-publish","format-standard","has-post-thumbnail","hentry","category-familia-e-sociedade","category-news","category-patriarcado-ecumenico","tag-calcedonia","tag-patriarca-bartolomeu","tag-patriarca-ecumenico","entry","rows-excerpt"],"acf":[],"yoast_head":"<!-- This site is optimized with the Yoast SEO plugin v27.5 - https:\/\/yoast.com\/product\/yoast-seo-wordpress\/ -->\n<title>Patriarca Ecum\u00eanico participa em inaugura\u00e7\u00e3o e aben\u00e7oa Parque Infantil da Metr\u00f3pole de Calced\u00f4nia | ECCLESIA NEWS<\/title>\n<meta name=\"robots\" content=\"index, follow, max-snippet:-1, max-image-preview:large, max-video-preview:-1\" \/>\n<link rel=\"canonical\" href=\"https:\/\/news.ecclesia.org.br\/?p=47090\" \/>\n<meta property=\"og:locale\" content=\"pt_BR\" \/>\n<meta property=\"og:type\" content=\"article\" \/>\n<meta property=\"og:title\" content=\"Patriarca Ecum\u00eanico participa em inaugura\u00e7\u00e3o e aben\u00e7oa Parque Infantil da Metr\u00f3pole de Calced\u00f4nia | ECCLESIA NEWS\" \/>\n<meta property=\"og:description\" content=\"O Patriarca Ecum\u00eanico Bartolomeu, na tarde de quarta-feira, 4 de outubro de 2023, aben\u00e7oou o novo parque infantil da Santa Metr\u00f3pole de Calced\u00f4nia, por ocasi\u00e3o de sua inaugura\u00e7\u00e3o, na presen\u00e7a do Metropolita Emmanuel de Calced\u00f4nia, membros do Sacrossanto S\u00ednodo entre&#8230;\" \/>\n<meta property=\"og:url\" content=\"https:\/\/news.ecclesia.org.br\/?p=47090\" \/>\n<meta property=\"og:site_name\" content=\"ECCLESIA NEWS\" \/>\n<meta property=\"article:publisher\" content=\"https:\/\/www.facebook.com\/Ecclesia2025\" \/>\n<meta property=\"article:published_time\" content=\"2023-10-06T00:11:35+00:00\" \/>\n<meta property=\"article:modified_time\" content=\"2023-10-06T00:19:54+00:00\" \/>\n<meta property=\"og:image\" content=\"https:\/\/news.ecclesia.org.br\/wp-content\/uploads\/2023\/10\/DSC03772-2.jpg\" \/>\n\t<meta property=\"og:image:width\" content=\"1200\" \/>\n\t<meta property=\"og:image:height\" content=\"614\" \/>\n\t<meta property=\"og:image:type\" content=\"image\/jpeg\" \/>\n<meta name=\"author\" content=\"Pe. Andr\u00e9\" \/>\n<meta name=\"twitter:card\" content=\"summary_large_image\" \/>\n<meta name=\"twitter:creator\" content=\"@EcclesiaNews\" \/>\n<meta name=\"twitter:site\" content=\"@EcclesiaNews\" \/>\n<meta name=\"twitter:label1\" content=\"Escrito por\" \/>\n\t<meta name=\"twitter:data1\" content=\"Pe. Andr\u00e9\" \/>\n\t<meta name=\"twitter:label2\" content=\"Est. tempo de leitura\" \/>\n\t<meta name=\"twitter:data2\" content=\"1 minuto\" \/>\n<script type=\"application\/ld+json\" class=\"yoast-schema-graph\">{\"@context\":\"https:\\\/\\\/schema.org\",\"@graph\":[{\"@type\":\"Article\",\"@id\":\"https:\\\/\\\/news.ecclesia.org.br\\\/?p=47090#article\",\"isPartOf\":{\"@id\":\"https:\\\/\\\/news.ecclesia.org.br\\\/?p=47090\"},\"author\":{\"name\":\"Pe. Andr\u00e9\",\"@id\":\"https:\\\/\\\/news.ecclesia.org.br\\\/#\\\/schema\\\/person\\\/6f09597f025829745ba414a569f63758\"},\"headline\":\"Patriarca Ecum\u00eanico participa em inaugura\u00e7\u00e3o e aben\u00e7oa Parque Infantil da Metr\u00f3pole de Calced\u00f4nia\",\"datePublished\":\"2023-10-06T00:11:35+00:00\",\"dateModified\":\"2023-10-06T00:19:54+00:00\",\"mainEntityOfPage\":{\"@id\":\"https:\\\/\\\/news.ecclesia.org.br\\\/?p=47090\"},\"wordCount\":256,\"commentCount\":0,\"publisher\":{\"@id\":\"https:\\\/\\\/news.ecclesia.org.br\\\/#organization\"},\"image\":{\"@id\":\"https:\\\/\\\/news.ecclesia.org.br\\\/?p=47090#primaryimage\"},\"thumbnailUrl\":\"https:\\\/\\\/news.ecclesia.org.br\\\/wp-content\\\/uploads\\\/2023\\\/10\\\/DSC03772-2.jpg\",\"keywords\":[\"Calced\u00f4nia\",\"Patriarca Bartolomeu\",\"Patriarca Ecum\u00eanico\"],\"articleSection\":[\"Fam\u00edlia e Sociedade\",\"NEWS\",\"Patriarcado Ecum\u00eanico\"],\"inLanguage\":\"pt-BR\",\"potentialAction\":[{\"@type\":\"CommentAction\",\"name\":\"Comment\",\"target\":[\"https:\\\/\\\/news.ecclesia.org.br\\\/?p=47090#respond\"]}]},{\"@type\":\"WebPage\",\"@id\":\"https:\\\/\\\/news.ecclesia.org.br\\\/?p=47090\",\"url\":\"https:\\\/\\\/news.ecclesia.org.br\\\/?p=47090\",\"name\":\"Patriarca Ecum\u00eanico participa em inaugura\u00e7\u00e3o e aben\u00e7oa Parque Infantil da Metr\u00f3pole de Calced\u00f4nia | ECCLESIA NEWS\",\"isPartOf\":{\"@id\":\"https:\\\/\\\/news.ecclesia.org.br\\\/#website\"},\"primaryImageOfPage\":{\"@id\":\"https:\\\/\\\/news.ecclesia.org.br\\\/?p=47090#primaryimage\"},\"image\":{\"@id\":\"https:\\\/\\\/news.ecclesia.org.br\\\/?p=47090#primaryimage\"},\"thumbnailUrl\":\"https:\\\/\\\/news.ecclesia.org.br\\\/wp-content\\\/uploads\\\/2023\\\/10\\\/DSC03772-2.jpg\",\"datePublished\":\"2023-10-06T00:11:35+00:00\",\"dateModified\":\"2023-10-06T00:19:54+00:00\",\"breadcrumb\":{\"@id\":\"https:\\\/\\\/news.ecclesia.org.br\\\/?p=47090#breadcrumb\"},\"inLanguage\":\"pt-BR\",\"potentialAction\":[{\"@type\":\"ReadAction\",\"target\":[\"https:\\\/\\\/news.ecclesia.org.br\\\/?p=47090\"]}]},{\"@type\":\"ImageObject\",\"inLanguage\":\"pt-BR\",\"@id\":\"https:\\\/\\\/news.ecclesia.org.br\\\/?p=47090#primaryimage\",\"url\":\"https:\\\/\\\/news.ecclesia.org.br\\\/wp-content\\\/uploads\\\/2023\\\/10\\\/DSC03772-2.jpg\",\"contentUrl\":\"https:\\\/\\\/news.ecclesia.org.br\\\/wp-content\\\/uploads\\\/2023\\\/10\\\/DSC03772-2.jpg\",\"width\":1200,\"height\":614},{\"@type\":\"BreadcrumbList\",\"@id\":\"https:\\\/\\\/news.ecclesia.org.br\\\/?p=47090#breadcrumb\",\"itemListElement\":[{\"@type\":\"ListItem\",\"position\":1,\"name\":\"In\u00edcio\",\"item\":\"https:\\\/\\\/news.ecclesia.org.br\\\/\"},{\"@type\":\"ListItem\",\"position\":2,\"name\":\"Patriarca Ecum\u00eanico participa em inaugura\u00e7\u00e3o e aben\u00e7oa Parque Infantil da Metr\u00f3pole de Calced\u00f4nia\"}]},{\"@type\":\"WebSite\",\"@id\":\"https:\\\/\\\/news.ecclesia.org.br\\\/#website\",\"url\":\"https:\\\/\\\/news.ecclesia.org.br\\\/\",\"name\":\"Ecclesia Brasil\",\"description\":\"Desde 2003 onectando o Brasil ao mundo ortodoxo!\",\"publisher\":{\"@id\":\"https:\\\/\\\/news.ecclesia.org.br\\\/#organization\"},\"alternateName\":\"Ecclesia\",\"potentialAction\":[{\"@type\":\"SearchAction\",\"target\":{\"@type\":\"EntryPoint\",\"urlTemplate\":\"https:\\\/\\\/news.ecclesia.org.br\\\/?s={search_term_string}\"},\"query-input\":{\"@type\":\"PropertyValueSpecification\",\"valueRequired\":true,\"valueName\":\"search_term_string\"}}],\"inLanguage\":\"pt-BR\"},{\"@type\":\"Organization\",\"@id\":\"https:\\\/\\\/news.ecclesia.org.br\\\/#organization\",\"name\":\"Sacra Arquidiocese de Buenos Aires e Am\u00e9rica do Sul | Patriarcado Ecum\u00eanico\",\"alternateName\":\"News Ecclesia Brasil\",\"url\":\"https:\\\/\\\/news.ecclesia.org.br\\\/\",\"logo\":{\"@type\":\"ImageObject\",\"inLanguage\":\"pt-BR\",\"@id\":\"https:\\\/\\\/news.ecclesia.org.br\\\/#\\\/schema\\\/logo\\\/image\\\/\",\"url\":\"https:\\\/\\\/news.ecclesia.org.br\\\/wp-content\\\/uploads\\\/2025\\\/05\\\/ecclesia2.png\",\"contentUrl\":\"https:\\\/\\\/news.ecclesia.org.br\\\/wp-content\\\/uploads\\\/2025\\\/05\\\/ecclesia2.png\",\"width\":480,\"height\":120,\"caption\":\"Sacra Arquidiocese de Buenos Aires e Am\u00e9rica do Sul | Patriarcado Ecum\u00eanico\"},\"image\":{\"@id\":\"https:\\\/\\\/news.ecclesia.org.br\\\/#\\\/schema\\\/logo\\\/image\\\/\"},\"sameAs\":[\"https:\\\/\\\/www.facebook.com\\\/Ecclesia2025\",\"https:\\\/\\\/x.com\\\/EcclesiaNews\",\"https:\\\/\\\/br.pinterest.com\\\/ekklisia\\\/\",\"https:\\\/\\\/www.youtube.com\\\/@EcclesiaBrasil\"]},{\"@type\":\"Person\",\"@id\":\"https:\\\/\\\/news.ecclesia.org.br\\\/#\\\/schema\\\/person\\\/6f09597f025829745ba414a569f63758\",\"name\":\"Pe. Andr\u00e9\",\"image\":{\"@type\":\"ImageObject\",\"inLanguage\":\"pt-BR\",\"@id\":\"https:\\\/\\\/secure.gravatar.com\\\/avatar\\\/b4327cfa27e9799da239a26adcd534fc29cdc0c4a4a148eecbcfeb9b42c617ac?s=96&d=mm&r=g\",\"url\":\"https:\\\/\\\/secure.gravatar.com\\\/avatar\\\/b4327cfa27e9799da239a26adcd534fc29cdc0c4a4a148eecbcfeb9b42c617ac?s=96&d=mm&r=g\",\"contentUrl\":\"https:\\\/\\\/secure.gravatar.com\\\/avatar\\\/b4327cfa27e9799da239a26adcd534fc29cdc0c4a4a148eecbcfeb9b42c617ac?s=96&d=mm&r=g\",\"caption\":\"Pe. Andr\u00e9\"},\"sameAs\":[\"https:\\\/\\\/www.ecclesia.org.br\"]}]}<\/script>\n<!-- \/ Yoast SEO plugin. -->","yoast_head_json":{"title":"Patriarca Ecum\u00eanico participa em inaugura\u00e7\u00e3o e aben\u00e7oa Parque Infantil da Metr\u00f3pole de Calced\u00f4nia | ECCLESIA NEWS","robots":{"index":"index","follow":"follow","max-snippet":"max-snippet:-1","max-image-preview":"max-image-preview:large","max-video-preview":"max-video-preview:-1"},"canonical":"https:\/\/news.ecclesia.org.br\/?p=47090","og_locale":"pt_BR","og_type":"article","og_title":"Patriarca Ecum\u00eanico participa em inaugura\u00e7\u00e3o e aben\u00e7oa Parque Infantil da Metr\u00f3pole de Calced\u00f4nia | ECCLESIA NEWS","og_description":"O Patriarca Ecum\u00eanico Bartolomeu, na tarde de quarta-feira, 4 de outubro de 2023, aben\u00e7oou o novo parque infantil da Santa Metr\u00f3pole de Calced\u00f4nia, por ocasi\u00e3o de sua inaugura\u00e7\u00e3o, na presen\u00e7a do Metropolita Emmanuel de Calced\u00f4nia, membros do Sacrossanto S\u00ednodo entre&#8230;","og_url":"https:\/\/news.ecclesia.org.br\/?p=47090","og_site_name":"ECCLESIA NEWS","article_publisher":"https:\/\/www.facebook.com\/Ecclesia2025","article_published_time":"2023-10-06T00:11:35+00:00","article_modified_time":"2023-10-06T00:19:54+00:00","og_image":[{"width":1200,"height":614,"url":"https:\/\/news.ecclesia.org.br\/wp-content\/uploads\/2023\/10\/DSC03772-2.jpg","type":"image\/jpeg"}],"author":"Pe. Andr\u00e9","twitter_card":"summary_large_image","twitter_creator":"@EcclesiaNews","twitter_site":"@EcclesiaNews","twitter_misc":{"Escrito por":"Pe. Andr\u00e9","Est. tempo de leitura":"1 minuto"},"schema":{"@context":"https:\/\/schema.org","@graph":[{"@type":"Article","@id":"https:\/\/news.ecclesia.org.br\/?p=47090#article","isPartOf":{"@id":"https:\/\/news.ecclesia.org.br\/?p=47090"},"author":{"name":"Pe. Andr\u00e9","@id":"https:\/\/news.ecclesia.org.br\/#\/schema\/person\/6f09597f025829745ba414a569f63758"},"headline":"Patriarca Ecum\u00eanico participa em inaugura\u00e7\u00e3o e aben\u00e7oa Parque Infantil da Metr\u00f3pole de Calced\u00f4nia","datePublished":"2023-10-06T00:11:35+00:00","dateModified":"2023-10-06T00:19:54+00:00","mainEntityOfPage":{"@id":"https:\/\/news.ecclesia.org.br\/?p=47090"},"wordCount":256,"commentCount":0,"publisher":{"@id":"https:\/\/news.ecclesia.org.br\/#organization"},"image":{"@id":"https:\/\/news.ecclesia.org.br\/?p=47090#primaryimage"},"thumbnailUrl":"https:\/\/news.ecclesia.org.br\/wp-content\/uploads\/2023\/10\/DSC03772-2.jpg","keywords":["Calced\u00f4nia","Patriarca Bartolomeu","Patriarca Ecum\u00eanico"],"articleSection":["Fam\u00edlia e Sociedade","NEWS","Patriarcado Ecum\u00eanico"],"inLanguage":"pt-BR","potentialAction":[{"@type":"CommentAction","name":"Comment","target":["https:\/\/news.ecclesia.org.br\/?p=47090#respond"]}]},{"@type":"WebPage","@id":"https:\/\/news.ecclesia.org.br\/?p=47090","url":"https:\/\/news.ecclesia.org.br\/?p=47090","name":"Patriarca Ecum\u00eanico participa em inaugura\u00e7\u00e3o e aben\u00e7oa Parque Infantil da Metr\u00f3pole de Calced\u00f4nia | ECCLESIA NEWS","isPartOf":{"@id":"https:\/\/news.ecclesia.org.br\/#website"},"primaryImageOfPage":{"@id":"https:\/\/news.ecclesia.org.br\/?p=47090#primaryimage"},"image":{"@id":"https:\/\/news.ecclesia.org.br\/?p=47090#primaryimage"},"thumbnailUrl":"https:\/\/news.ecclesia.org.br\/wp-content\/uploads\/2023\/10\/DSC03772-2.jpg","datePublished":"2023-10-06T00:11:35+00:00","dateModified":"2023-10-06T00:19:54+00:00","breadcrumb":{"@id":"https:\/\/news.ecclesia.org.br\/?p=47090#breadcrumb"},"inLanguage":"pt-BR","potentialAction":[{"@type":"ReadAction","target":["https:\/\/news.ecclesia.org.br\/?p=47090"]}]},{"@type":"ImageObject","inLanguage":"pt-BR","@id":"https:\/\/news.ecclesia.org.br\/?p=47090#primaryimage","url":"https:\/\/news.ecclesia.org.br\/wp-content\/uploads\/2023\/10\/DSC03772-2.jpg","contentUrl":"https:\/\/news.ecclesia.org.br\/wp-content\/uploads\/2023\/10\/DSC03772-2.jpg","width":1200,"height":614},{"@type":"BreadcrumbList","@id":"https:\/\/news.ecclesia.org.br\/?p=47090#breadcrumb","itemListElement":[{"@type":"ListItem","position":1,"name":"In\u00edcio","item":"https:\/\/news.ecclesia.org.br\/"},{"@type":"ListItem","position":2,"name":"Patriarca Ecum\u00eanico participa em inaugura\u00e7\u00e3o e aben\u00e7oa Parque Infantil da Metr\u00f3pole de Calced\u00f4nia"}]},{"@type":"WebSite","@id":"https:\/\/news.ecclesia.org.br\/#website","url":"https:\/\/news.ecclesia.org.br\/","name":"Ecclesia Brasil","description":"Desde 2003 onectando o Brasil ao mundo ortodoxo!","publisher":{"@id":"https:\/\/news.ecclesia.org.br\/#organization"},"alternateName":"Ecclesia","potentialAction":[{"@type":"SearchAction","target":{"@type":"EntryPoint","urlTemplate":"https:\/\/news.ecclesia.org.br\/?s={search_term_string}"},"query-input":{"@type":"PropertyValueSpecification","valueRequired":true,"valueName":"search_term_string"}}],"inLanguage":"pt-BR"},{"@type":"Organization","@id":"https:\/\/news.ecclesia.org.br\/#organization","name":"Sacra Arquidiocese de Buenos Aires e Am\u00e9rica do Sul | Patriarcado Ecum\u00eanico","alternateName":"News Ecclesia Brasil","url":"https:\/\/news.ecclesia.org.br\/","logo":{"@type":"ImageObject","inLanguage":"pt-BR","@id":"https:\/\/news.ecclesia.org.br\/#\/schema\/logo\/image\/","url":"https:\/\/news.ecclesia.org.br\/wp-content\/uploads\/2025\/05\/ecclesia2.png","contentUrl":"https:\/\/news.ecclesia.org.br\/wp-content\/uploads\/2025\/05\/ecclesia2.png","width":480,"height":120,"caption":"Sacra Arquidiocese de Buenos Aires e Am\u00e9rica do Sul | Patriarcado Ecum\u00eanico"},"image":{"@id":"https:\/\/news.ecclesia.org.br\/#\/schema\/logo\/image\/"},"sameAs":["https:\/\/www.facebook.com\/Ecclesia2025","https:\/\/x.com\/EcclesiaNews","https:\/\/br.pinterest.com\/ekklisia\/","https:\/\/www.youtube.com\/@EcclesiaBrasil"]},{"@type":"Person","@id":"https:\/\/news.ecclesia.org.br\/#\/schema\/person\/6f09597f025829745ba414a569f63758","name":"Pe. Andr\u00e9","image":{"@type":"ImageObject","inLanguage":"pt-BR","@id":"https:\/\/secure.gravatar.com\/avatar\/b4327cfa27e9799da239a26adcd534fc29cdc0c4a4a148eecbcfeb9b42c617ac?s=96&d=mm&r=g","url":"https:\/\/secure.gravatar.com\/avatar\/b4327cfa27e9799da239a26adcd534fc29cdc0c4a4a148eecbcfeb9b42c617ac?s=96&d=mm&r=g","contentUrl":"https:\/\/secure.gravatar.com\/avatar\/b4327cfa27e9799da239a26adcd534fc29cdc0c4a4a148eecbcfeb9b42c617ac?s=96&d=mm&r=g","caption":"Pe. Andr\u00e9"},"sameAs":["https:\/\/www.ecclesia.org.br"]}]}},"_links":{"self":[{"href":"https:\/\/news.ecclesia.org.br\/index.php?rest_route=\/wp\/v2\/posts\/47090","targetHints":{"allow":["GET"]}}],"collection":[{"href":"https:\/\/news.ecclesia.org.br\/index.php?rest_route=\/wp\/v2\/posts"}],"about":[{"href":"https:\/\/news.ecclesia.org.br\/index.php?rest_route=\/wp\/v2\/types\/post"}],"author":[{"embeddable":true,"href":"https:\/\/news.ecclesia.org.br\/index.php?rest_route=\/wp\/v2\/users\/1"}],"replies":[{"embeddable":true,"href":"https:\/\/news.ecclesia.org.br\/index.php?rest_route=%2Fwp%2Fv2%2Fcomments&post=47090"}],"version-history":[{"count":5,"href":"https:\/\/news.ecclesia.org.br\/index.php?rest_route=\/wp\/v2\/posts\/47090\/revisions"}],"predecessor-version":[{"id":47102,"href":"https:\/\/news.ecclesia.org.br\/index.php?rest_route=\/wp\/v2\/posts\/47090\/revisions\/47102"}],"wp:featuredmedia":[{"embeddable":true,"href":"https:\/\/news.ecclesia.org.br\/index.php?rest_route=\/wp\/v2\/media\/47097"}],"wp:attachment":[{"href":"https:\/\/news.ecclesia.org.br\/index.php?rest_route=%2Fwp%2Fv2%2Fmedia&parent=47090"}],"wp:term":[{"taxonomy":"category","embeddable":true,"href":"https:\/\/news.ecclesia.org.br\/index.php?rest_route=%2Fwp%2Fv2%2Fcategories&post=47090"},{"taxonomy":"post_tag","embeddable":true,"href":"https:\/\/news.ecclesia.org.br\/index.php?rest_route=%2Fwp%2Fv2%2Ftags&post=47090"}],"curies":[{"name":"wp","href":"https:\/\/api.w.org\/{rel}","templated":true}]}}