{"id":4704,"date":"2010-07-25T19:55:41","date_gmt":"2010-07-25T21:55:41","guid":{"rendered":"http:\/\/www.ecclesia.com.br\/news\/?p=4704"},"modified":"2016-03-17T18:38:14","modified_gmt":"2016-03-17T18:38:14","slug":"patriarca-cirillo-i-na-ucrania","status":"publish","type":"post","link":"https:\/\/news.ecclesia.org.br\/?p=4704","title":{"rendered":"Patriarca Cirillo I na Ucr\u00e2nia"},"content":{"rendered":"<p style=\"text-align: center;\"><div id=\"galleria-4704\"><a href=\"https:\/\/news.ecclesia.org.br\/wp-content\/uploads\/2010\/07\/51-001.jpg\"><img decoding=\"async\" title=\"51-001\" alt=\"\" src=\"https:\/\/news.ecclesia.org.br\/wp-content\/uploads\/2010\/07\/51-001-82x55.jpg\" data-big=\"https:\/\/news.ecclesia.org.br\/wp-content\/uploads\/2010\/07\/51-001.jpg\"><\/a><a href=\"https:\/\/news.ecclesia.org.br\/wp-content\/uploads\/2010\/07\/51-002.jpg\"><img decoding=\"async\" title=\"51-002\" alt=\"\" src=\"https:\/\/news.ecclesia.org.br\/wp-content\/uploads\/2010\/07\/51-002-82x55.jpg\" data-big=\"https:\/\/news.ecclesia.org.br\/wp-content\/uploads\/2010\/07\/51-002.jpg\"><\/a><a href=\"https:\/\/news.ecclesia.org.br\/wp-content\/uploads\/2010\/07\/51-003.jpg\"><img decoding=\"async\" title=\"51-003\" alt=\"\" src=\"https:\/\/news.ecclesia.org.br\/wp-content\/uploads\/2010\/07\/51-003-82x55.jpg\" data-big=\"https:\/\/news.ecclesia.org.br\/wp-content\/uploads\/2010\/07\/51-003.jpg\"><\/a><a href=\"https:\/\/news.ecclesia.org.br\/wp-content\/uploads\/2010\/07\/51-004.jpg\"><img decoding=\"async\" title=\"51-004\" alt=\"\" src=\"https:\/\/news.ecclesia.org.br\/wp-content\/uploads\/2010\/07\/51-004-37x55.jpg\" data-big=\"https:\/\/news.ecclesia.org.br\/wp-content\/uploads\/2010\/07\/51-004.jpg\"><\/a><a href=\"https:\/\/news.ecclesia.org.br\/wp-content\/uploads\/2010\/07\/51-005.jpg\"><img decoding=\"async\" title=\"51-005\" alt=\"\" src=\"https:\/\/news.ecclesia.org.br\/wp-content\/uploads\/2010\/07\/51-005-82x55.jpg\" data-big=\"https:\/\/news.ecclesia.org.br\/wp-content\/uploads\/2010\/07\/51-005.jpg\"><\/a><a href=\"https:\/\/news.ecclesia.org.br\/wp-content\/uploads\/2010\/07\/51-006-odessa.jpg\"><img decoding=\"async\" title=\"51-006-odessa\" alt=\"\" src=\"https:\/\/news.ecclesia.org.br\/wp-content\/uploads\/2010\/07\/51-006-odessa-83x55.jpg\" data-big=\"https:\/\/news.ecclesia.org.br\/wp-content\/uploads\/2010\/07\/51-006-odessa.jpg\"><\/a><a href=\"https:\/\/news.ecclesia.org.br\/wp-content\/uploads\/2010\/07\/51-007-odessa.jpg\"><img decoding=\"async\" title=\"51-007-odessa\" alt=\"\" src=\"https:\/\/news.ecclesia.org.br\/wp-content\/uploads\/2010\/07\/51-007-odessa-83x55.jpg\" data-big=\"https:\/\/news.ecclesia.org.br\/wp-content\/uploads\/2010\/07\/51-007-odessa.jpg\"><\/a><a href=\"https:\/\/news.ecclesia.org.br\/wp-content\/uploads\/2010\/07\/51-008-odessa.jpg\"><img decoding=\"async\" title=\"51-008-odessa\" alt=\"\" src=\"https:\/\/news.ecclesia.org.br\/wp-content\/uploads\/2010\/07\/51-008-odessa-83x55.jpg\" data-big=\"https:\/\/news.ecclesia.org.br\/wp-content\/uploads\/2010\/07\/51-008-odessa.jpg\"><\/a><a href=\"https:\/\/news.ecclesia.org.br\/wp-content\/uploads\/2010\/07\/51-009-odessa.jpg\"><img decoding=\"async\" title=\"51-009-odessa\" alt=\"\" src=\"https:\/\/news.ecclesia.org.br\/wp-content\/uploads\/2010\/07\/51-009-odessa-83x55.jpg\" data-big=\"https:\/\/news.ecclesia.org.br\/wp-content\/uploads\/2010\/07\/51-009-odessa.jpg\"><\/a><a href=\"https:\/\/news.ecclesia.org.br\/wp-content\/uploads\/2010\/07\/51-010-odessa.jpg\"><img decoding=\"async\" title=\"51-010-odessa\" alt=\"\" src=\"https:\/\/news.ecclesia.org.br\/wp-content\/uploads\/2010\/07\/51-010-odessa-83x55.jpg\" data-big=\"https:\/\/news.ecclesia.org.br\/wp-content\/uploads\/2010\/07\/51-010-odessa.jpg\"><\/a><a href=\"https:\/\/news.ecclesia.org.br\/wp-content\/uploads\/2010\/07\/51-011-kiev.jpg\"><img decoding=\"async\" title=\"51-011-kiev\" alt=\"\" src=\"https:\/\/news.ecclesia.org.br\/wp-content\/uploads\/2010\/07\/51-011-kiev-82x55.jpg\" data-big=\"https:\/\/news.ecclesia.org.br\/wp-content\/uploads\/2010\/07\/51-011-kiev.jpg\"><\/a><a href=\"https:\/\/news.ecclesia.org.br\/wp-content\/uploads\/2010\/07\/51-012-kiev.jpg\"><img decoding=\"async\" title=\"51-012-kiev\" alt=\"\" src=\"https:\/\/news.ecclesia.org.br\/wp-content\/uploads\/2010\/07\/51-012-kiev-83x55.jpg\" data-big=\"https:\/\/news.ecclesia.org.br\/wp-content\/uploads\/2010\/07\/51-012-kiev.jpg\"><\/a><a href=\"https:\/\/news.ecclesia.org.br\/wp-content\/uploads\/2010\/07\/51-013-kiev.jpg\"><img decoding=\"async\" title=\"51-013-kiev\" alt=\"\" src=\"https:\/\/news.ecclesia.org.br\/wp-content\/uploads\/2010\/07\/51-013-kiev-83x55.jpg\" data-big=\"https:\/\/news.ecclesia.org.br\/wp-content\/uploads\/2010\/07\/51-013-kiev.jpg\"><\/a><a href=\"https:\/\/news.ecclesia.org.br\/wp-content\/uploads\/2010\/07\/51-014-kiev.jpg\"><img decoding=\"async\" title=\"51-014-kiev\" alt=\"\" src=\"https:\/\/news.ecclesia.org.br\/wp-content\/uploads\/2010\/07\/51-014-kiev-94x55.jpg\" data-big=\"https:\/\/news.ecclesia.org.br\/wp-content\/uploads\/2010\/07\/51-014-kiev.jpg\"><\/a><\/div><\/p>\n<p style=\"text-align: justify;\">No \u00faltimo dia 20 de Julho, Cirillo I , Patriarca de Moscou e de Toda R\u00fassia,\u00a0 chegou a cidade de Odessa, onde foi\u00a0 recebido no aeroporto da cidade pelo Arcebispo Vladimir, Metropolita de Kiev e de toda a Ucr\u00e2nia (Patriarcado de Moscou) e pelo\u00a0 arcebispo\u00a0 Agathangelo Izmail, Metropolita de Odessa, entre numerosos\u00a0 outros bispos, sacerdotes, di\u00e1conos, e monges ucranianos. A visita \u00e0 cidade de Odessa abriu a agenda dos diversos compromissos do Patriarca Cirilo em terras ucranianas que inclue, al\u00e9m de Odessa, as cidades de Dnepropetrovsk e Kiev.<\/p>\n<p style=\"text-align: justify;\">Na quarta-feira, dia 21 de julho, durante a celebra\u00e7\u00e3o lit\u00fargica da festa da M\u00e3e de Deus de Kazan, o Patriarca Cirillo celebrou o rito solene de consagra\u00e7\u00e3o da Catedral da Transfigura\u00e7\u00e3o do Salvador de Odessa, que foi reconstru\u00edda, celebrando em seguida a Divina Liturgia. Estiveram presentes na cerim\u00f4nia, al\u00e9m de um n\u00famero expressivo de cl\u00e9rigos,\u00a0 representantes\u00a0 do governo\u00a0 local e nacional, autoridades civis, militares, corpo diplom\u00e1tico da Ucr\u00e2nia e da R\u00fassia. Apesar do intenso calor, cerca de cinco mil fi\u00e9is acompanharam a celebra\u00e7\u00e3o. Ao final, o Metropolita de Odessa, Arcebispo Agathangelo, agradeceu ao Patriarca pela visita, passando a palavra para o Arcebispo Vladimir, Metropolita de Kiev e de toda a Ucr\u00e2nia. Cirillo I concluiu o evento dirigindo algumas palavras e presenteando a comunidade com um \u00edcone do Cristo salvador.<\/p>\n<p style=\"text-align: justify;\">Na quinta-feira, 22 de julho, S. S. Cirillo I visitou a Academia Nacional em Odessa, onde foi recebido por seu reitor Sr. Kivalov, professores, estudantes e os fi\u00e9is da par\u00f3quia de Santa Tatiana, assinando o livro de visitas do instituto. Participou ainda da sess\u00e3o extraordin\u00e1ria da Academia Nacional de Odessa, durante a qual recebeu o t\u00edtulo de <em>doutor honoris causa<\/em> daquela institui\u00e7\u00e3o. Posteriormente, o Patriarca e sua comitiva, visitaram a Igreja de Santa Tatiana. \u00c0 noite, o Patriarca dirigiu-se ao Teatro Nacional de \u00d3pera e Bal\u00e9 onde reuniu-se com jornalistas e autoridades civis para entrevistas.<\/p>\n<p style=\"text-align: justify;\">Na sexta-feira, 23 de julho, Cirillo I foi recebido pelo Presidente da Ucr\u00e2nia, Sr. Viktor Janukovitch, na Crim\u00e9ia. No in\u00edcio do encontro, o chefe da Igreja Ortodoxa Russa condecorou o Presidente com o medalh\u00e3o da Ordem do Santo Pr\u00edncipe Vladimir, ap\u00f3stolo da R\u00fassia. Esta condecora\u00e7\u00e3o foi atribu\u00edda ao chefe de Estado ucraniano pelo seu compromisso para o fortalecimento da ortodoxia na Ucr\u00e2nia e na ocasi\u00e3o de seu 60\u02da anivers\u00e1rio. Em seguida, teve com ele um encontro reservado.<\/p>\n<p style=\"text-align: justify;\">No S\u00e1bado, 24 e domingo, 25, S.S. Cirillo I permaneceu em Dnepropetrovsk onde visitou a catedral da cidade dedicada \u00e0 Sant\u00edssima Trindade; encontrou-se com o clero da diocese e aben\u00e7oou a pedra fundamental da igreja dedicada \u00e0 Ressurrei\u00e7\u00e3o de Cristo; celebrou a Divina Liturgia na Igreja da Transfigura\u00e7\u00e3o, visitando depois o Hospital Regional. Em seguida, dirigiu-se ao aeroporto onde embarcou para a cidade de Kiev onde permanecer\u00e1 at\u00e9 a pr\u00f3xima quarta-feira, dia 28 de Julho. Em Kiev foi recebido pelo Metropolita Vladimir e pelas autoridades locais, eclesi\u00e1sticas, civis e militares. Visitou depois o Monast\u00e9rio da Dormi\u00e7\u00e3o da M\u00e3e de Deus onde celebrou a Divina Liturgia.<\/p>\n<p style=\"text-align: justify;\">[nggallery id=61]<\/p>\n<p style=\"text-align: justify;\">\n","protected":false},"excerpt":{"rendered":"<p>No \u00faltimo dia 20 de Julho, Cirillo I , Patriarca de Moscou e de Toda R\u00fassia,\u00a0 chegou a cidade de Odessa, onde foi\u00a0 recebido no aeroporto da cidade pelo Arcebispo Vladimir, Metropolita de Kiev e de toda a Ucr\u00e2nia (Patriarcado&#8230;<\/p>\n","protected":false},"author":1,"featured_media":16013,"comment_status":"open","ping_status":"open","sticky":false,"template":"","format":"standard","meta":{"_acf_changed":false,"footnotes":""},"categories":[1],"tags":[],"class_list":["post-4704","post","type-post","status-publish","format-standard","has-post-thumbnail","hentry","category-news","entry","rows-excerpt"],"acf":[],"yoast_head":"<!-- This site is optimized with the Yoast SEO plugin v27.5 - https:\/\/yoast.com\/product\/yoast-seo-wordpress\/ -->\n<title>Patriarca Cirillo I na Ucr\u00e2nia | ECCLESIA NEWS<\/title>\n<meta name=\"robots\" content=\"index, follow, max-snippet:-1, max-image-preview:large, max-video-preview:-1\" \/>\n<link rel=\"canonical\" href=\"https:\/\/news.ecclesia.org.br\/?p=4704\" \/>\n<meta property=\"og:locale\" content=\"pt_BR\" \/>\n<meta property=\"og:type\" content=\"article\" \/>\n<meta property=\"og:title\" content=\"Patriarca Cirillo I na Ucr\u00e2nia | ECCLESIA NEWS\" \/>\n<meta property=\"og:description\" content=\"No \u00faltimo dia 20 de Julho, Cirillo I , Patriarca de Moscou e de Toda R\u00fassia,\u00a0 chegou a cidade de Odessa, onde foi\u00a0 recebido no aeroporto da cidade pelo Arcebispo Vladimir, Metropolita de Kiev e de toda a Ucr\u00e2nia (Patriarcado&#8230;\" \/>\n<meta property=\"og:url\" content=\"https:\/\/news.ecclesia.org.br\/?p=4704\" \/>\n<meta property=\"og:site_name\" content=\"ECCLESIA NEWS\" \/>\n<meta property=\"article:publisher\" content=\"https:\/\/www.facebook.com\/Ecclesia2025\" \/>\n<meta property=\"article:published_time\" content=\"2010-07-25T21:55:41+00:00\" \/>\n<meta property=\"article:modified_time\" content=\"2016-03-17T18:38:14+00:00\" \/>\n<meta property=\"og:image\" content=\"https:\/\/news.ecclesia.org.br\/wp-content\/uploads\/2010\/07\/51-014-kiev.jpg\" \/>\n\t<meta property=\"og:image:width\" content=\"640\" \/>\n\t<meta property=\"og:image:height\" content=\"373\" \/>\n\t<meta property=\"og:image:type\" content=\"image\/jpeg\" \/>\n<meta name=\"author\" content=\"Pe. Andr\u00e9\" \/>\n<meta name=\"twitter:card\" content=\"summary_large_image\" \/>\n<meta name=\"twitter:creator\" content=\"@EcclesiaNews\" \/>\n<meta name=\"twitter:site\" content=\"@EcclesiaNews\" \/>\n<meta name=\"twitter:label1\" content=\"Escrito por\" \/>\n\t<meta name=\"twitter:data1\" content=\"Pe. Andr\u00e9\" \/>\n\t<meta name=\"twitter:label2\" content=\"Est. tempo de leitura\" \/>\n\t<meta name=\"twitter:data2\" content=\"3 minutos\" \/>\n<script type=\"application\/ld+json\" class=\"yoast-schema-graph\">{\"@context\":\"https:\\\/\\\/schema.org\",\"@graph\":[{\"@type\":\"Article\",\"@id\":\"https:\\\/\\\/news.ecclesia.org.br\\\/?p=4704#article\",\"isPartOf\":{\"@id\":\"https:\\\/\\\/news.ecclesia.org.br\\\/?p=4704\"},\"author\":{\"name\":\"Pe. Andr\u00e9\",\"@id\":\"https:\\\/\\\/news.ecclesia.org.br\\\/#\\\/schema\\\/person\\\/6f09597f025829745ba414a569f63758\"},\"headline\":\"Patriarca Cirillo I na Ucr\u00e2nia\",\"datePublished\":\"2010-07-25T21:55:41+00:00\",\"dateModified\":\"2016-03-17T18:38:14+00:00\",\"mainEntityOfPage\":{\"@id\":\"https:\\\/\\\/news.ecclesia.org.br\\\/?p=4704\"},\"wordCount\":541,\"commentCount\":0,\"publisher\":{\"@id\":\"https:\\\/\\\/news.ecclesia.org.br\\\/#organization\"},\"image\":{\"@id\":\"https:\\\/\\\/news.ecclesia.org.br\\\/?p=4704#primaryimage\"},\"thumbnailUrl\":\"https:\\\/\\\/news.ecclesia.org.br\\\/wp-content\\\/uploads\\\/2010\\\/07\\\/51-014-kiev.jpg\",\"articleSection\":[\"NEWS\"],\"inLanguage\":\"pt-BR\",\"potentialAction\":[{\"@type\":\"CommentAction\",\"name\":\"Comment\",\"target\":[\"https:\\\/\\\/news.ecclesia.org.br\\\/?p=4704#respond\"]}]},{\"@type\":\"WebPage\",\"@id\":\"https:\\\/\\\/news.ecclesia.org.br\\\/?p=4704\",\"url\":\"https:\\\/\\\/news.ecclesia.org.br\\\/?p=4704\",\"name\":\"Patriarca Cirillo I na Ucr\u00e2nia | ECCLESIA NEWS\",\"isPartOf\":{\"@id\":\"https:\\\/\\\/news.ecclesia.org.br\\\/#website\"},\"primaryImageOfPage\":{\"@id\":\"https:\\\/\\\/news.ecclesia.org.br\\\/?p=4704#primaryimage\"},\"image\":{\"@id\":\"https:\\\/\\\/news.ecclesia.org.br\\\/?p=4704#primaryimage\"},\"thumbnailUrl\":\"https:\\\/\\\/news.ecclesia.org.br\\\/wp-content\\\/uploads\\\/2010\\\/07\\\/51-014-kiev.jpg\",\"datePublished\":\"2010-07-25T21:55:41+00:00\",\"dateModified\":\"2016-03-17T18:38:14+00:00\",\"breadcrumb\":{\"@id\":\"https:\\\/\\\/news.ecclesia.org.br\\\/?p=4704#breadcrumb\"},\"inLanguage\":\"pt-BR\",\"potentialAction\":[{\"@type\":\"ReadAction\",\"target\":[\"https:\\\/\\\/news.ecclesia.org.br\\\/?p=4704\"]}]},{\"@type\":\"ImageObject\",\"inLanguage\":\"pt-BR\",\"@id\":\"https:\\\/\\\/news.ecclesia.org.br\\\/?p=4704#primaryimage\",\"url\":\"https:\\\/\\\/news.ecclesia.org.br\\\/wp-content\\\/uploads\\\/2010\\\/07\\\/51-014-kiev.jpg\",\"contentUrl\":\"https:\\\/\\\/news.ecclesia.org.br\\\/wp-content\\\/uploads\\\/2010\\\/07\\\/51-014-kiev.jpg\",\"width\":640,\"height\":373},{\"@type\":\"BreadcrumbList\",\"@id\":\"https:\\\/\\\/news.ecclesia.org.br\\\/?p=4704#breadcrumb\",\"itemListElement\":[{\"@type\":\"ListItem\",\"position\":1,\"name\":\"In\u00edcio\",\"item\":\"https:\\\/\\\/news.ecclesia.org.br\\\/\"},{\"@type\":\"ListItem\",\"position\":2,\"name\":\"Patriarca Cirillo I na Ucr\u00e2nia\"}]},{\"@type\":\"WebSite\",\"@id\":\"https:\\\/\\\/news.ecclesia.org.br\\\/#website\",\"url\":\"https:\\\/\\\/news.ecclesia.org.br\\\/\",\"name\":\"Ecclesia Brasil\",\"description\":\"Desde 2003 onectando o Brasil ao mundo ortodoxo!\",\"publisher\":{\"@id\":\"https:\\\/\\\/news.ecclesia.org.br\\\/#organization\"},\"alternateName\":\"Ecclesia\",\"potentialAction\":[{\"@type\":\"SearchAction\",\"target\":{\"@type\":\"EntryPoint\",\"urlTemplate\":\"https:\\\/\\\/news.ecclesia.org.br\\\/?s={search_term_string}\"},\"query-input\":{\"@type\":\"PropertyValueSpecification\",\"valueRequired\":true,\"valueName\":\"search_term_string\"}}],\"inLanguage\":\"pt-BR\"},{\"@type\":\"Organization\",\"@id\":\"https:\\\/\\\/news.ecclesia.org.br\\\/#organization\",\"name\":\"Sacra Arquidiocese de Buenos Aires e Am\u00e9rica do Sul | Patriarcado Ecum\u00eanico\",\"alternateName\":\"News Ecclesia Brasil\",\"url\":\"https:\\\/\\\/news.ecclesia.org.br\\\/\",\"logo\":{\"@type\":\"ImageObject\",\"inLanguage\":\"pt-BR\",\"@id\":\"https:\\\/\\\/news.ecclesia.org.br\\\/#\\\/schema\\\/logo\\\/image\\\/\",\"url\":\"https:\\\/\\\/news.ecclesia.org.br\\\/wp-content\\\/uploads\\\/2025\\\/05\\\/ecclesia2.png\",\"contentUrl\":\"https:\\\/\\\/news.ecclesia.org.br\\\/wp-content\\\/uploads\\\/2025\\\/05\\\/ecclesia2.png\",\"width\":480,\"height\":120,\"caption\":\"Sacra Arquidiocese de Buenos Aires e Am\u00e9rica do Sul | Patriarcado Ecum\u00eanico\"},\"image\":{\"@id\":\"https:\\\/\\\/news.ecclesia.org.br\\\/#\\\/schema\\\/logo\\\/image\\\/\"},\"sameAs\":[\"https:\\\/\\\/www.facebook.com\\\/Ecclesia2025\",\"https:\\\/\\\/x.com\\\/EcclesiaNews\",\"https:\\\/\\\/br.pinterest.com\\\/ekklisia\\\/\",\"https:\\\/\\\/www.youtube.com\\\/@EcclesiaBrasil\"]},{\"@type\":\"Person\",\"@id\":\"https:\\\/\\\/news.ecclesia.org.br\\\/#\\\/schema\\\/person\\\/6f09597f025829745ba414a569f63758\",\"name\":\"Pe. Andr\u00e9\",\"image\":{\"@type\":\"ImageObject\",\"inLanguage\":\"pt-BR\",\"@id\":\"https:\\\/\\\/secure.gravatar.com\\\/avatar\\\/b4327cfa27e9799da239a26adcd534fc29cdc0c4a4a148eecbcfeb9b42c617ac?s=96&d=mm&r=g\",\"url\":\"https:\\\/\\\/secure.gravatar.com\\\/avatar\\\/b4327cfa27e9799da239a26adcd534fc29cdc0c4a4a148eecbcfeb9b42c617ac?s=96&d=mm&r=g\",\"contentUrl\":\"https:\\\/\\\/secure.gravatar.com\\\/avatar\\\/b4327cfa27e9799da239a26adcd534fc29cdc0c4a4a148eecbcfeb9b42c617ac?s=96&d=mm&r=g\",\"caption\":\"Pe. Andr\u00e9\"},\"sameAs\":[\"https:\\\/\\\/www.ecclesia.org.br\"]}]}<\/script>\n<!-- \/ Yoast SEO plugin. -->","yoast_head_json":{"title":"Patriarca Cirillo I na Ucr\u00e2nia | ECCLESIA NEWS","robots":{"index":"index","follow":"follow","max-snippet":"max-snippet:-1","max-image-preview":"max-image-preview:large","max-video-preview":"max-video-preview:-1"},"canonical":"https:\/\/news.ecclesia.org.br\/?p=4704","og_locale":"pt_BR","og_type":"article","og_title":"Patriarca Cirillo I na Ucr\u00e2nia | ECCLESIA NEWS","og_description":"No \u00faltimo dia 20 de Julho, Cirillo I , Patriarca de Moscou e de Toda R\u00fassia,\u00a0 chegou a cidade de Odessa, onde foi\u00a0 recebido no aeroporto da cidade pelo Arcebispo Vladimir, Metropolita de Kiev e de toda a Ucr\u00e2nia (Patriarcado&#8230;","og_url":"https:\/\/news.ecclesia.org.br\/?p=4704","og_site_name":"ECCLESIA NEWS","article_publisher":"https:\/\/www.facebook.com\/Ecclesia2025","article_published_time":"2010-07-25T21:55:41+00:00","article_modified_time":"2016-03-17T18:38:14+00:00","og_image":[{"width":640,"height":373,"url":"https:\/\/news.ecclesia.org.br\/wp-content\/uploads\/2010\/07\/51-014-kiev.jpg","type":"image\/jpeg"}],"author":"Pe. Andr\u00e9","twitter_card":"summary_large_image","twitter_creator":"@EcclesiaNews","twitter_site":"@EcclesiaNews","twitter_misc":{"Escrito por":"Pe. Andr\u00e9","Est. tempo de leitura":"3 minutos"},"schema":{"@context":"https:\/\/schema.org","@graph":[{"@type":"Article","@id":"https:\/\/news.ecclesia.org.br\/?p=4704#article","isPartOf":{"@id":"https:\/\/news.ecclesia.org.br\/?p=4704"},"author":{"name":"Pe. Andr\u00e9","@id":"https:\/\/news.ecclesia.org.br\/#\/schema\/person\/6f09597f025829745ba414a569f63758"},"headline":"Patriarca Cirillo I na Ucr\u00e2nia","datePublished":"2010-07-25T21:55:41+00:00","dateModified":"2016-03-17T18:38:14+00:00","mainEntityOfPage":{"@id":"https:\/\/news.ecclesia.org.br\/?p=4704"},"wordCount":541,"commentCount":0,"publisher":{"@id":"https:\/\/news.ecclesia.org.br\/#organization"},"image":{"@id":"https:\/\/news.ecclesia.org.br\/?p=4704#primaryimage"},"thumbnailUrl":"https:\/\/news.ecclesia.org.br\/wp-content\/uploads\/2010\/07\/51-014-kiev.jpg","articleSection":["NEWS"],"inLanguage":"pt-BR","potentialAction":[{"@type":"CommentAction","name":"Comment","target":["https:\/\/news.ecclesia.org.br\/?p=4704#respond"]}]},{"@type":"WebPage","@id":"https:\/\/news.ecclesia.org.br\/?p=4704","url":"https:\/\/news.ecclesia.org.br\/?p=4704","name":"Patriarca Cirillo I na Ucr\u00e2nia | ECCLESIA NEWS","isPartOf":{"@id":"https:\/\/news.ecclesia.org.br\/#website"},"primaryImageOfPage":{"@id":"https:\/\/news.ecclesia.org.br\/?p=4704#primaryimage"},"image":{"@id":"https:\/\/news.ecclesia.org.br\/?p=4704#primaryimage"},"thumbnailUrl":"https:\/\/news.ecclesia.org.br\/wp-content\/uploads\/2010\/07\/51-014-kiev.jpg","datePublished":"2010-07-25T21:55:41+00:00","dateModified":"2016-03-17T18:38:14+00:00","breadcrumb":{"@id":"https:\/\/news.ecclesia.org.br\/?p=4704#breadcrumb"},"inLanguage":"pt-BR","potentialAction":[{"@type":"ReadAction","target":["https:\/\/news.ecclesia.org.br\/?p=4704"]}]},{"@type":"ImageObject","inLanguage":"pt-BR","@id":"https:\/\/news.ecclesia.org.br\/?p=4704#primaryimage","url":"https:\/\/news.ecclesia.org.br\/wp-content\/uploads\/2010\/07\/51-014-kiev.jpg","contentUrl":"https:\/\/news.ecclesia.org.br\/wp-content\/uploads\/2010\/07\/51-014-kiev.jpg","width":640,"height":373},{"@type":"BreadcrumbList","@id":"https:\/\/news.ecclesia.org.br\/?p=4704#breadcrumb","itemListElement":[{"@type":"ListItem","position":1,"name":"In\u00edcio","item":"https:\/\/news.ecclesia.org.br\/"},{"@type":"ListItem","position":2,"name":"Patriarca Cirillo I na Ucr\u00e2nia"}]},{"@type":"WebSite","@id":"https:\/\/news.ecclesia.org.br\/#website","url":"https:\/\/news.ecclesia.org.br\/","name":"Ecclesia Brasil","description":"Desde 2003 onectando o Brasil ao mundo ortodoxo!","publisher":{"@id":"https:\/\/news.ecclesia.org.br\/#organization"},"alternateName":"Ecclesia","potentialAction":[{"@type":"SearchAction","target":{"@type":"EntryPoint","urlTemplate":"https:\/\/news.ecclesia.org.br\/?s={search_term_string}"},"query-input":{"@type":"PropertyValueSpecification","valueRequired":true,"valueName":"search_term_string"}}],"inLanguage":"pt-BR"},{"@type":"Organization","@id":"https:\/\/news.ecclesia.org.br\/#organization","name":"Sacra Arquidiocese de Buenos Aires e Am\u00e9rica do Sul | Patriarcado Ecum\u00eanico","alternateName":"News Ecclesia Brasil","url":"https:\/\/news.ecclesia.org.br\/","logo":{"@type":"ImageObject","inLanguage":"pt-BR","@id":"https:\/\/news.ecclesia.org.br\/#\/schema\/logo\/image\/","url":"https:\/\/news.ecclesia.org.br\/wp-content\/uploads\/2025\/05\/ecclesia2.png","contentUrl":"https:\/\/news.ecclesia.org.br\/wp-content\/uploads\/2025\/05\/ecclesia2.png","width":480,"height":120,"caption":"Sacra Arquidiocese de Buenos Aires e Am\u00e9rica do Sul | Patriarcado Ecum\u00eanico"},"image":{"@id":"https:\/\/news.ecclesia.org.br\/#\/schema\/logo\/image\/"},"sameAs":["https:\/\/www.facebook.com\/Ecclesia2025","https:\/\/x.com\/EcclesiaNews","https:\/\/br.pinterest.com\/ekklisia\/","https:\/\/www.youtube.com\/@EcclesiaBrasil"]},{"@type":"Person","@id":"https:\/\/news.ecclesia.org.br\/#\/schema\/person\/6f09597f025829745ba414a569f63758","name":"Pe. Andr\u00e9","image":{"@type":"ImageObject","inLanguage":"pt-BR","@id":"https:\/\/secure.gravatar.com\/avatar\/b4327cfa27e9799da239a26adcd534fc29cdc0c4a4a148eecbcfeb9b42c617ac?s=96&d=mm&r=g","url":"https:\/\/secure.gravatar.com\/avatar\/b4327cfa27e9799da239a26adcd534fc29cdc0c4a4a148eecbcfeb9b42c617ac?s=96&d=mm&r=g","contentUrl":"https:\/\/secure.gravatar.com\/avatar\/b4327cfa27e9799da239a26adcd534fc29cdc0c4a4a148eecbcfeb9b42c617ac?s=96&d=mm&r=g","caption":"Pe. Andr\u00e9"},"sameAs":["https:\/\/www.ecclesia.org.br"]}]}},"_links":{"self":[{"href":"https:\/\/news.ecclesia.org.br\/index.php?rest_route=\/wp\/v2\/posts\/4704","targetHints":{"allow":["GET"]}}],"collection":[{"href":"https:\/\/news.ecclesia.org.br\/index.php?rest_route=\/wp\/v2\/posts"}],"about":[{"href":"https:\/\/news.ecclesia.org.br\/index.php?rest_route=\/wp\/v2\/types\/post"}],"author":[{"embeddable":true,"href":"https:\/\/news.ecclesia.org.br\/index.php?rest_route=\/wp\/v2\/users\/1"}],"replies":[{"embeddable":true,"href":"https:\/\/news.ecclesia.org.br\/index.php?rest_route=%2Fwp%2Fv2%2Fcomments&post=4704"}],"version-history":[{"count":0,"href":"https:\/\/news.ecclesia.org.br\/index.php?rest_route=\/wp\/v2\/posts\/4704\/revisions"}],"wp:featuredmedia":[{"embeddable":true,"href":"https:\/\/news.ecclesia.org.br\/index.php?rest_route=\/wp\/v2\/media\/16013"}],"wp:attachment":[{"href":"https:\/\/news.ecclesia.org.br\/index.php?rest_route=%2Fwp%2Fv2%2Fmedia&parent=4704"}],"wp:term":[{"taxonomy":"category","embeddable":true,"href":"https:\/\/news.ecclesia.org.br\/index.php?rest_route=%2Fwp%2Fv2%2Fcategories&post=4704"},{"taxonomy":"post_tag","embeddable":true,"href":"https:\/\/news.ecclesia.org.br\/index.php?rest_route=%2Fwp%2Fv2%2Ftags&post=4704"}],"curies":[{"name":"wp","href":"https:\/\/api.w.org\/{rel}","templated":true}]}}