{"id":4691,"date":"2010-07-25T12:25:05","date_gmt":"2010-07-25T14:25:05","guid":{"rendered":"http:\/\/www.ecclesia.com.br\/news\/?p=4691"},"modified":"2016-03-17T18:45:29","modified_gmt":"2016-03-17T18:45:29","slug":"servios-recebem-decisao-de-haia-com-surpresa-e-decepcao","status":"publish","type":"post","link":"https:\/\/news.ecclesia.org.br\/?p=4691","title":{"rendered":"S\u00e9rvios recebem decis\u00e3o de Haia com surpresa e decep\u00e7\u00e3o"},"content":{"rendered":"<p style=\"text-align: right;\">Sandro Fernandes<\/p>\n<p style=\"text-align: justify;\">22\/07\/2010 [<a href=\"http:\/\/operamundi.uol.com.br\/\" target=\"_blank\">OperaMundi<\/a>] \u00a0\u00c0s cinco da tarde desta quinta-feira (22\/7), os sinos das igrejas ortodoxas de Belgrado podiam ser escutados em toda a cidade, anunciando a declara\u00e7\u00e3o favor\u00e1vel \u00e0 independ\u00eancia do Kosovo pela Corte Internacional de Justi\u00e7a, em Haia. Mas, tirando essa manifesta\u00e7\u00e3o de lamento, a popula\u00e7\u00e3o nas ruas da capital s\u00e9rvia parecia ter outras preocupa\u00e7\u00f5es mais importantes. Em Belgrado, a decis\u00e3o de Haia foi recebida com surpresa, mas n\u00e3o chegou a levar as pessoas \u00e0s ruas. O clima na cidade era de normalidade e muitos n\u00e3o entendiam o porqu\u00ea dos sinos. \u00a0\u00abPensei que o presidente havia morrido. N\u00e3o sei por que est\u00e3o tocando o sino de maneira t\u00e3o insistente\u00bb, declarou o professor Aleksej Kisa. \u00abA independ\u00eancia do Kosovo n\u00e3o \u00e9 um assunto de agora. Muitos pol\u00edticos falam sobre o assunto h\u00e1 anos\u00bb, disse Kisa, depois de ser informado da decis\u00e3o de Haia. \u00abEu n\u00e3o me preocupo muito com o que acontece no Kosovo, mas a decis\u00e3o de hoje pegou todos os s\u00e9rvios de surpresa. Tiraram um peda\u00e7o importante do nosso pa\u00eds e n\u00e3o podemos fazer nada\u00bb, lamentava a estudante Marijana Jovanovi\u0107 em depoimento ao Opera Mundi. \u00abO Kosovo \u00e9 o cora\u00e7\u00e3o da S\u00e9rvia. \u00c9 como se arrancassem uma parte do nosso corpo\u00bb, desabafou, sem esconder as l\u00e1grimas.<\/p>\n<p style=\"text-align: justify;\">Os principais jornais da capital anunciaram a decis\u00e3o de Haia sem enfatizar as poss\u00edveis conseq\u00fc\u00eancias pol\u00edticas internas. A aproxima\u00e7\u00e3o da S\u00e9rvia com \u0430 Uni\u00e3o Europ\u00e9ia foi o foco do jornal vespertino Vecernje Novosti, que destacou o n\u00e3o-reconhecimento do Kosovo por pa\u00edses como Brasil e Espanha.<\/p>\n<p style=\"text-align: justify;\">Os fi\u00e9is se reuniram para rezar pela situa\u00e7\u00e3o do Kosovo depois do an\u00fancio de que o tribunal decretara que a declara\u00e7\u00e3o unilateral de independ\u00eancia, feita em fevereiro de 2008, n\u00e3o violou as leis internacionais. S\u00e9rvios contr\u00e1rios \u00e0 independ\u00eancia chegavam pouco a pouco \u00e0s igrejas ortodoxas, como a de S\u00e3o Savas e S\u00e3o Marcos, depois de quase dez minutos de badaladas ininterruptas.<\/p>\n<p style=\"text-align: justify;\">J\u00e1 em Kosovska Mitrovica, cidade dividida entre s\u00e9rvios e albaneses no norte do Kosovo, centenas de pessoas se reuniram para protestar contra a decis\u00e3o de Haia. O Patriarca Irineu, chefe da Igreja Ortodoxa S\u00e9rvia, declarou que os albaneses est\u00e3o \u00abtomando o lugar sagrado dos s\u00e9rvios\u00bb. Ao pedir que os s\u00e9rvios permane\u00e7am unidos a despeito do que aconte\u00e7a, disse acreditar que \u00abas palavras de Deus v\u00e3o convencer as pessoas do erro que est\u00e3o cometendo\u00bb.<\/p>\n<p style=\"text-align: justify;\">Atualmente, 69 pa\u00edses reconhecem a independ\u00eancia do Kosovo, considerado prov\u00edncia da S\u00e9rvia at\u00e9 2008. Mas pa\u00edses como China, \u00cdndia, R\u00fassia, Espanha e Brasil continuam sem reconhecer a independ\u00eancia do pa\u00eds. Diplomatas no Brasil e na R\u00fassia afirmam que \u00abo Brasil tradicionalmente n\u00e3o reconhece independ\u00eancias unilaterais\u00bb, mas a decis\u00e3o de Haia \u00abfar\u00e1 com que o pa\u00eds pense mais nas rela\u00e7\u00f5es com pa\u00edses estrat\u00e9gicos\u00bb.<\/p>\n<p style=\"text-align: justify;\">\n","protected":false},"excerpt":{"rendered":"<p>Sandro Fernandes 22\/07\/2010 [OperaMundi] \u00a0\u00c0s cinco da tarde desta quinta-feira (22\/7), os sinos das igrejas ortodoxas de Belgrado podiam ser escutados em toda a cidade, anunciando a declara\u00e7\u00e3o favor\u00e1vel \u00e0 independ\u00eancia do Kosovo pela Corte Internacional de Justi\u00e7a, em Haia.&#8230;<\/p>\n","protected":false},"author":1,"featured_media":15908,"comment_status":"open","ping_status":"open","sticky":false,"template":"","format":"standard","meta":{"_acf_changed":false,"footnotes":""},"categories":[1],"tags":[],"class_list":["post-4691","post","type-post","status-publish","format-standard","has-post-thumbnail","hentry","category-news","entry","rows-excerpt"],"acf":[],"yoast_head":"<!-- This site is optimized with the Yoast SEO plugin v27.5 - https:\/\/yoast.com\/product\/yoast-seo-wordpress\/ -->\n<title>S\u00e9rvios recebem decis\u00e3o de Haia com surpresa e decep\u00e7\u00e3o | ECCLESIA NEWS<\/title>\n<meta name=\"robots\" content=\"index, follow, max-snippet:-1, max-image-preview:large, max-video-preview:-1\" \/>\n<link rel=\"canonical\" href=\"https:\/\/news.ecclesia.org.br\/?p=4691\" \/>\n<meta property=\"og:locale\" content=\"pt_BR\" \/>\n<meta property=\"og:type\" content=\"article\" \/>\n<meta property=\"og:title\" content=\"S\u00e9rvios recebem decis\u00e3o de Haia com surpresa e decep\u00e7\u00e3o | ECCLESIA NEWS\" \/>\n<meta property=\"og:description\" content=\"Sandro Fernandes 22\/07\/2010 [OperaMundi] \u00a0\u00c0s cinco da tarde desta quinta-feira (22\/7), os sinos das igrejas ortodoxas de Belgrado podiam ser escutados em toda a cidade, anunciando a declara\u00e7\u00e3o favor\u00e1vel \u00e0 independ\u00eancia do Kosovo pela Corte Internacional de Justi\u00e7a, em Haia.&#8230;\" \/>\n<meta property=\"og:url\" content=\"https:\/\/news.ecclesia.org.br\/?p=4691\" \/>\n<meta property=\"og:site_name\" content=\"ECCLESIA NEWS\" \/>\n<meta property=\"article:publisher\" content=\"https:\/\/www.facebook.com\/Ecclesia2025\" \/>\n<meta property=\"article:published_time\" content=\"2010-07-25T14:25:05+00:00\" \/>\n<meta property=\"article:modified_time\" content=\"2016-03-17T18:45:29+00:00\" \/>\n<meta property=\"og:image\" content=\"https:\/\/news.ecclesia.org.br\/wp-content\/uploads\/2010\/06\/kosovo2.jpg\" \/>\n\t<meta property=\"og:image:width\" content=\"285\" \/>\n\t<meta property=\"og:image:height\" content=\"177\" \/>\n\t<meta property=\"og:image:type\" content=\"image\/jpeg\" \/>\n<meta name=\"author\" content=\"Pe. Andr\u00e9\" \/>\n<meta name=\"twitter:card\" content=\"summary_large_image\" \/>\n<meta name=\"twitter:creator\" content=\"@EcclesiaNews\" \/>\n<meta name=\"twitter:site\" content=\"@EcclesiaNews\" \/>\n<meta name=\"twitter:label1\" content=\"Escrito por\" \/>\n\t<meta name=\"twitter:data1\" content=\"Pe. Andr\u00e9\" \/>\n\t<meta name=\"twitter:label2\" content=\"Est. tempo de leitura\" \/>\n\t<meta name=\"twitter:data2\" content=\"3 minutos\" \/>\n<script type=\"application\/ld+json\" class=\"yoast-schema-graph\">{\"@context\":\"https:\\\/\\\/schema.org\",\"@graph\":[{\"@type\":\"Article\",\"@id\":\"https:\\\/\\\/news.ecclesia.org.br\\\/?p=4691#article\",\"isPartOf\":{\"@id\":\"https:\\\/\\\/news.ecclesia.org.br\\\/?p=4691\"},\"author\":{\"name\":\"Pe. Andr\u00e9\",\"@id\":\"https:\\\/\\\/news.ecclesia.org.br\\\/#\\\/schema\\\/person\\\/6f09597f025829745ba414a569f63758\"},\"headline\":\"S\u00e9rvios recebem decis\u00e3o de Haia com surpresa e decep\u00e7\u00e3o\",\"datePublished\":\"2010-07-25T14:25:05+00:00\",\"dateModified\":\"2016-03-17T18:45:29+00:00\",\"mainEntityOfPage\":{\"@id\":\"https:\\\/\\\/news.ecclesia.org.br\\\/?p=4691\"},\"wordCount\":527,\"commentCount\":0,\"publisher\":{\"@id\":\"https:\\\/\\\/news.ecclesia.org.br\\\/#organization\"},\"image\":{\"@id\":\"https:\\\/\\\/news.ecclesia.org.br\\\/?p=4691#primaryimage\"},\"thumbnailUrl\":\"https:\\\/\\\/news.ecclesia.org.br\\\/wp-content\\\/uploads\\\/2010\\\/06\\\/kosovo2.jpg\",\"articleSection\":[\"NEWS\"],\"inLanguage\":\"pt-BR\",\"potentialAction\":[{\"@type\":\"CommentAction\",\"name\":\"Comment\",\"target\":[\"https:\\\/\\\/news.ecclesia.org.br\\\/?p=4691#respond\"]}]},{\"@type\":\"WebPage\",\"@id\":\"https:\\\/\\\/news.ecclesia.org.br\\\/?p=4691\",\"url\":\"https:\\\/\\\/news.ecclesia.org.br\\\/?p=4691\",\"name\":\"S\u00e9rvios recebem decis\u00e3o de Haia com surpresa e decep\u00e7\u00e3o | ECCLESIA NEWS\",\"isPartOf\":{\"@id\":\"https:\\\/\\\/news.ecclesia.org.br\\\/#website\"},\"primaryImageOfPage\":{\"@id\":\"https:\\\/\\\/news.ecclesia.org.br\\\/?p=4691#primaryimage\"},\"image\":{\"@id\":\"https:\\\/\\\/news.ecclesia.org.br\\\/?p=4691#primaryimage\"},\"thumbnailUrl\":\"https:\\\/\\\/news.ecclesia.org.br\\\/wp-content\\\/uploads\\\/2010\\\/06\\\/kosovo2.jpg\",\"datePublished\":\"2010-07-25T14:25:05+00:00\",\"dateModified\":\"2016-03-17T18:45:29+00:00\",\"breadcrumb\":{\"@id\":\"https:\\\/\\\/news.ecclesia.org.br\\\/?p=4691#breadcrumb\"},\"inLanguage\":\"pt-BR\",\"potentialAction\":[{\"@type\":\"ReadAction\",\"target\":[\"https:\\\/\\\/news.ecclesia.org.br\\\/?p=4691\"]}]},{\"@type\":\"ImageObject\",\"inLanguage\":\"pt-BR\",\"@id\":\"https:\\\/\\\/news.ecclesia.org.br\\\/?p=4691#primaryimage\",\"url\":\"https:\\\/\\\/news.ecclesia.org.br\\\/wp-content\\\/uploads\\\/2010\\\/06\\\/kosovo2.jpg\",\"contentUrl\":\"https:\\\/\\\/news.ecclesia.org.br\\\/wp-content\\\/uploads\\\/2010\\\/06\\\/kosovo2.jpg\",\"width\":285,\"height\":177},{\"@type\":\"BreadcrumbList\",\"@id\":\"https:\\\/\\\/news.ecclesia.org.br\\\/?p=4691#breadcrumb\",\"itemListElement\":[{\"@type\":\"ListItem\",\"position\":1,\"name\":\"In\u00edcio\",\"item\":\"https:\\\/\\\/news.ecclesia.org.br\\\/\"},{\"@type\":\"ListItem\",\"position\":2,\"name\":\"S\u00e9rvios recebem decis\u00e3o de Haia com surpresa e decep\u00e7\u00e3o\"}]},{\"@type\":\"WebSite\",\"@id\":\"https:\\\/\\\/news.ecclesia.org.br\\\/#website\",\"url\":\"https:\\\/\\\/news.ecclesia.org.br\\\/\",\"name\":\"Ecclesia Brasil\",\"description\":\"Desde 2003 onectando o Brasil ao mundo ortodoxo!\",\"publisher\":{\"@id\":\"https:\\\/\\\/news.ecclesia.org.br\\\/#organization\"},\"alternateName\":\"Ecclesia\",\"potentialAction\":[{\"@type\":\"SearchAction\",\"target\":{\"@type\":\"EntryPoint\",\"urlTemplate\":\"https:\\\/\\\/news.ecclesia.org.br\\\/?s={search_term_string}\"},\"query-input\":{\"@type\":\"PropertyValueSpecification\",\"valueRequired\":true,\"valueName\":\"search_term_string\"}}],\"inLanguage\":\"pt-BR\"},{\"@type\":\"Organization\",\"@id\":\"https:\\\/\\\/news.ecclesia.org.br\\\/#organization\",\"name\":\"Sacra Arquidiocese de Buenos Aires e Am\u00e9rica do Sul | Patriarcado Ecum\u00eanico\",\"alternateName\":\"News Ecclesia Brasil\",\"url\":\"https:\\\/\\\/news.ecclesia.org.br\\\/\",\"logo\":{\"@type\":\"ImageObject\",\"inLanguage\":\"pt-BR\",\"@id\":\"https:\\\/\\\/news.ecclesia.org.br\\\/#\\\/schema\\\/logo\\\/image\\\/\",\"url\":\"https:\\\/\\\/news.ecclesia.org.br\\\/wp-content\\\/uploads\\\/2025\\\/05\\\/ecclesia2.png\",\"contentUrl\":\"https:\\\/\\\/news.ecclesia.org.br\\\/wp-content\\\/uploads\\\/2025\\\/05\\\/ecclesia2.png\",\"width\":480,\"height\":120,\"caption\":\"Sacra Arquidiocese de Buenos Aires e Am\u00e9rica do Sul | Patriarcado Ecum\u00eanico\"},\"image\":{\"@id\":\"https:\\\/\\\/news.ecclesia.org.br\\\/#\\\/schema\\\/logo\\\/image\\\/\"},\"sameAs\":[\"https:\\\/\\\/www.facebook.com\\\/Ecclesia2025\",\"https:\\\/\\\/x.com\\\/EcclesiaNews\",\"https:\\\/\\\/br.pinterest.com\\\/ekklisia\\\/\",\"https:\\\/\\\/www.youtube.com\\\/@EcclesiaBrasil\"]},{\"@type\":\"Person\",\"@id\":\"https:\\\/\\\/news.ecclesia.org.br\\\/#\\\/schema\\\/person\\\/6f09597f025829745ba414a569f63758\",\"name\":\"Pe. Andr\u00e9\",\"image\":{\"@type\":\"ImageObject\",\"inLanguage\":\"pt-BR\",\"@id\":\"https:\\\/\\\/secure.gravatar.com\\\/avatar\\\/b4327cfa27e9799da239a26adcd534fc29cdc0c4a4a148eecbcfeb9b42c617ac?s=96&d=mm&r=g\",\"url\":\"https:\\\/\\\/secure.gravatar.com\\\/avatar\\\/b4327cfa27e9799da239a26adcd534fc29cdc0c4a4a148eecbcfeb9b42c617ac?s=96&d=mm&r=g\",\"contentUrl\":\"https:\\\/\\\/secure.gravatar.com\\\/avatar\\\/b4327cfa27e9799da239a26adcd534fc29cdc0c4a4a148eecbcfeb9b42c617ac?s=96&d=mm&r=g\",\"caption\":\"Pe. Andr\u00e9\"},\"sameAs\":[\"https:\\\/\\\/www.ecclesia.org.br\"]}]}<\/script>\n<!-- \/ Yoast SEO plugin. -->","yoast_head_json":{"title":"S\u00e9rvios recebem decis\u00e3o de Haia com surpresa e decep\u00e7\u00e3o | ECCLESIA NEWS","robots":{"index":"index","follow":"follow","max-snippet":"max-snippet:-1","max-image-preview":"max-image-preview:large","max-video-preview":"max-video-preview:-1"},"canonical":"https:\/\/news.ecclesia.org.br\/?p=4691","og_locale":"pt_BR","og_type":"article","og_title":"S\u00e9rvios recebem decis\u00e3o de Haia com surpresa e decep\u00e7\u00e3o | ECCLESIA NEWS","og_description":"Sandro Fernandes 22\/07\/2010 [OperaMundi] \u00a0\u00c0s cinco da tarde desta quinta-feira (22\/7), os sinos das igrejas ortodoxas de Belgrado podiam ser escutados em toda a cidade, anunciando a declara\u00e7\u00e3o favor\u00e1vel \u00e0 independ\u00eancia do Kosovo pela Corte Internacional de Justi\u00e7a, em Haia.&#8230;","og_url":"https:\/\/news.ecclesia.org.br\/?p=4691","og_site_name":"ECCLESIA NEWS","article_publisher":"https:\/\/www.facebook.com\/Ecclesia2025","article_published_time":"2010-07-25T14:25:05+00:00","article_modified_time":"2016-03-17T18:45:29+00:00","og_image":[{"width":285,"height":177,"url":"https:\/\/news.ecclesia.org.br\/wp-content\/uploads\/2010\/06\/kosovo2.jpg","type":"image\/jpeg"}],"author":"Pe. Andr\u00e9","twitter_card":"summary_large_image","twitter_creator":"@EcclesiaNews","twitter_site":"@EcclesiaNews","twitter_misc":{"Escrito por":"Pe. Andr\u00e9","Est. tempo de leitura":"3 minutos"},"schema":{"@context":"https:\/\/schema.org","@graph":[{"@type":"Article","@id":"https:\/\/news.ecclesia.org.br\/?p=4691#article","isPartOf":{"@id":"https:\/\/news.ecclesia.org.br\/?p=4691"},"author":{"name":"Pe. Andr\u00e9","@id":"https:\/\/news.ecclesia.org.br\/#\/schema\/person\/6f09597f025829745ba414a569f63758"},"headline":"S\u00e9rvios recebem decis\u00e3o de Haia com surpresa e decep\u00e7\u00e3o","datePublished":"2010-07-25T14:25:05+00:00","dateModified":"2016-03-17T18:45:29+00:00","mainEntityOfPage":{"@id":"https:\/\/news.ecclesia.org.br\/?p=4691"},"wordCount":527,"commentCount":0,"publisher":{"@id":"https:\/\/news.ecclesia.org.br\/#organization"},"image":{"@id":"https:\/\/news.ecclesia.org.br\/?p=4691#primaryimage"},"thumbnailUrl":"https:\/\/news.ecclesia.org.br\/wp-content\/uploads\/2010\/06\/kosovo2.jpg","articleSection":["NEWS"],"inLanguage":"pt-BR","potentialAction":[{"@type":"CommentAction","name":"Comment","target":["https:\/\/news.ecclesia.org.br\/?p=4691#respond"]}]},{"@type":"WebPage","@id":"https:\/\/news.ecclesia.org.br\/?p=4691","url":"https:\/\/news.ecclesia.org.br\/?p=4691","name":"S\u00e9rvios recebem decis\u00e3o de Haia com surpresa e decep\u00e7\u00e3o | ECCLESIA NEWS","isPartOf":{"@id":"https:\/\/news.ecclesia.org.br\/#website"},"primaryImageOfPage":{"@id":"https:\/\/news.ecclesia.org.br\/?p=4691#primaryimage"},"image":{"@id":"https:\/\/news.ecclesia.org.br\/?p=4691#primaryimage"},"thumbnailUrl":"https:\/\/news.ecclesia.org.br\/wp-content\/uploads\/2010\/06\/kosovo2.jpg","datePublished":"2010-07-25T14:25:05+00:00","dateModified":"2016-03-17T18:45:29+00:00","breadcrumb":{"@id":"https:\/\/news.ecclesia.org.br\/?p=4691#breadcrumb"},"inLanguage":"pt-BR","potentialAction":[{"@type":"ReadAction","target":["https:\/\/news.ecclesia.org.br\/?p=4691"]}]},{"@type":"ImageObject","inLanguage":"pt-BR","@id":"https:\/\/news.ecclesia.org.br\/?p=4691#primaryimage","url":"https:\/\/news.ecclesia.org.br\/wp-content\/uploads\/2010\/06\/kosovo2.jpg","contentUrl":"https:\/\/news.ecclesia.org.br\/wp-content\/uploads\/2010\/06\/kosovo2.jpg","width":285,"height":177},{"@type":"BreadcrumbList","@id":"https:\/\/news.ecclesia.org.br\/?p=4691#breadcrumb","itemListElement":[{"@type":"ListItem","position":1,"name":"In\u00edcio","item":"https:\/\/news.ecclesia.org.br\/"},{"@type":"ListItem","position":2,"name":"S\u00e9rvios recebem decis\u00e3o de Haia com surpresa e decep\u00e7\u00e3o"}]},{"@type":"WebSite","@id":"https:\/\/news.ecclesia.org.br\/#website","url":"https:\/\/news.ecclesia.org.br\/","name":"Ecclesia Brasil","description":"Desde 2003 onectando o Brasil ao mundo ortodoxo!","publisher":{"@id":"https:\/\/news.ecclesia.org.br\/#organization"},"alternateName":"Ecclesia","potentialAction":[{"@type":"SearchAction","target":{"@type":"EntryPoint","urlTemplate":"https:\/\/news.ecclesia.org.br\/?s={search_term_string}"},"query-input":{"@type":"PropertyValueSpecification","valueRequired":true,"valueName":"search_term_string"}}],"inLanguage":"pt-BR"},{"@type":"Organization","@id":"https:\/\/news.ecclesia.org.br\/#organization","name":"Sacra Arquidiocese de Buenos Aires e Am\u00e9rica do Sul | Patriarcado Ecum\u00eanico","alternateName":"News Ecclesia Brasil","url":"https:\/\/news.ecclesia.org.br\/","logo":{"@type":"ImageObject","inLanguage":"pt-BR","@id":"https:\/\/news.ecclesia.org.br\/#\/schema\/logo\/image\/","url":"https:\/\/news.ecclesia.org.br\/wp-content\/uploads\/2025\/05\/ecclesia2.png","contentUrl":"https:\/\/news.ecclesia.org.br\/wp-content\/uploads\/2025\/05\/ecclesia2.png","width":480,"height":120,"caption":"Sacra Arquidiocese de Buenos Aires e Am\u00e9rica do Sul | Patriarcado Ecum\u00eanico"},"image":{"@id":"https:\/\/news.ecclesia.org.br\/#\/schema\/logo\/image\/"},"sameAs":["https:\/\/www.facebook.com\/Ecclesia2025","https:\/\/x.com\/EcclesiaNews","https:\/\/br.pinterest.com\/ekklisia\/","https:\/\/www.youtube.com\/@EcclesiaBrasil"]},{"@type":"Person","@id":"https:\/\/news.ecclesia.org.br\/#\/schema\/person\/6f09597f025829745ba414a569f63758","name":"Pe. Andr\u00e9","image":{"@type":"ImageObject","inLanguage":"pt-BR","@id":"https:\/\/secure.gravatar.com\/avatar\/b4327cfa27e9799da239a26adcd534fc29cdc0c4a4a148eecbcfeb9b42c617ac?s=96&d=mm&r=g","url":"https:\/\/secure.gravatar.com\/avatar\/b4327cfa27e9799da239a26adcd534fc29cdc0c4a4a148eecbcfeb9b42c617ac?s=96&d=mm&r=g","contentUrl":"https:\/\/secure.gravatar.com\/avatar\/b4327cfa27e9799da239a26adcd534fc29cdc0c4a4a148eecbcfeb9b42c617ac?s=96&d=mm&r=g","caption":"Pe. Andr\u00e9"},"sameAs":["https:\/\/www.ecclesia.org.br"]}]}},"_links":{"self":[{"href":"https:\/\/news.ecclesia.org.br\/index.php?rest_route=\/wp\/v2\/posts\/4691","targetHints":{"allow":["GET"]}}],"collection":[{"href":"https:\/\/news.ecclesia.org.br\/index.php?rest_route=\/wp\/v2\/posts"}],"about":[{"href":"https:\/\/news.ecclesia.org.br\/index.php?rest_route=\/wp\/v2\/types\/post"}],"author":[{"embeddable":true,"href":"https:\/\/news.ecclesia.org.br\/index.php?rest_route=\/wp\/v2\/users\/1"}],"replies":[{"embeddable":true,"href":"https:\/\/news.ecclesia.org.br\/index.php?rest_route=%2Fwp%2Fv2%2Fcomments&post=4691"}],"version-history":[{"count":0,"href":"https:\/\/news.ecclesia.org.br\/index.php?rest_route=\/wp\/v2\/posts\/4691\/revisions"}],"wp:featuredmedia":[{"embeddable":true,"href":"https:\/\/news.ecclesia.org.br\/index.php?rest_route=\/wp\/v2\/media\/15908"}],"wp:attachment":[{"href":"https:\/\/news.ecclesia.org.br\/index.php?rest_route=%2Fwp%2Fv2%2Fmedia&parent=4691"}],"wp:term":[{"taxonomy":"category","embeddable":true,"href":"https:\/\/news.ecclesia.org.br\/index.php?rest_route=%2Fwp%2Fv2%2Fcategories&post=4691"},{"taxonomy":"post_tag","embeddable":true,"href":"https:\/\/news.ecclesia.org.br\/index.php?rest_route=%2Fwp%2Fv2%2Ftags&post=4691"}],"curies":[{"name":"wp","href":"https:\/\/api.w.org\/{rel}","templated":true}]}}