{"id":4624,"date":"2010-07-10T21:45:08","date_gmt":"2010-07-10T23:45:08","guid":{"rendered":"http:\/\/www.ecclesia.com.br\/news\/?p=4624"},"modified":"2016-03-17T19:00:16","modified_gmt":"2016-03-17T19:00:16","slug":"professor-judeu-defende-crucifixo-nas-escolas-no-tribunal-de-estrasburgo","status":"publish","type":"post","link":"https:\/\/news.ecclesia.org.br\/?p=4624","title":{"rendered":"Professor judeu defende crucifixo nas escolas no Tribunal de Estrasburgo"},"content":{"rendered":"<p><strong>A toler\u00e2ncia n\u00e3o pode levar \u00e0 intoler\u00e2ncia para com os s\u00edmbolos de uma cultura<\/strong><\/p>\n<address style=\"text-align: right;\">Por Jes\u00fas Colina<\/address>\n<p style=\"text-align: justify;\">ESTRASBURGO, domingo, 4 de julho de 2010 (<a href=\"http:\/\/Professor judeu defende crucifixo nas escolas no Tribunal de Estrasburgo \" target=\"_blank\">ZENIT.org<\/a>) &#8211; Joseph Weiler, docente judeu de direito na New York University School of Law, defendeu nesta quarta-feira a exposi\u00e7\u00e3o do crucifixo em salas de aula no Tribunal Europeu de Direitos Humanos. Sua defesa foi acompanhada por 17 ju\u00edzes, entre os quais Jean-Paul Costa, presidente do Tribunal, durante uma audi\u00eancia extraordin\u00e1ria sobre o &#8220;Caso italiano do crucifixo&#8221;, Lautsi vs. It\u00e1lia, referente ao direito do pa\u00eds de expor o crucifixo nas salas de aula das escolas p\u00fablicas.\u00a0Weiler, que \u00e9 tamb\u00e9m professor honor\u00e1rio na London University, representou na audi\u00eancia os governos da Arm\u00eania, Bulg\u00e1ria, Chipre, Gr\u00e9cia, Litu\u00e2nia, Malta, Federa\u00e7\u00e3o Russa e San Marino, apresentados como &#8220;partes terceiras&#8221;.\u00a0A Corte de Estrasburgo havia estabelecido em uma senten\u00e7a proferida em 3 de novembro passado que a presen\u00e7a do crucifixo nestes espa\u00e7os constituiria um atentado contra a liberdade de consci\u00eancia e ao direito de cada aluno receber uma forma\u00e7\u00e3o de acordo com suas convic\u00e7\u00f5es religiosas e filos\u00f3ficas.\u00a0Deste modo, deu ganho de causa a uma cidad\u00e3 italiana de origem finlandesa, Soile Lautsi, que havia requerido junto ao Tribunal, em 2002, a retirada das crucifixos das escolas frequentadas por seus filhos.<\/p>\n<p style=\"text-align: justify;\">O professor Weiler explicou primeiramente que na Europa n\u00e3o h\u00e1 um modelo \u00fanico de relacionamento Igreja-Estado: basta observar as diferen\u00e7as entre a laicidade exercida na Fran\u00e7a e na Gr\u00e3 Bretanha, onde a rainha \u00e9 chefe da Igreja anglicana. Outros casos s\u00e3o os da Su\u00ed\u00e7a, Dinamarca ou Gr\u00e9cia.\u00a0Em muitos destes Estados n\u00e3o laicos, amplos segmentos da popula\u00e7\u00e3o, por vezes at\u00e9 mesmo a maioria, n\u00e3o s\u00e3o mais religiosos. E todavia, a conviv\u00eancia cont\u00ednua com s\u00edmbolos religiosos nos diversos \u00e2mbitos da esfera p\u00fablica \u00e9 aceito pela popula\u00e7\u00e3o secular como parte da identidade nacional e como ato de toler\u00e2ncia para com seus concidad\u00e3os&#8221;.\u00a0&#8220;Pode ser que algum dia o povo brit\u00e2nico, exercitando sua soberania constitucional, venha a se desligar da Igreja da Inglaterra, como fizeram os su\u00ed\u00e7os. Mas isto \u00e9 v\u00e1lido para eles, n\u00e3o para esta Corte, e seguramente a Conven\u00e7\u00e3o n\u00e3o foi concebida com a inten\u00e7\u00e3o de for\u00e7\u00e1-los neste sentido&#8221;, declarou.<\/p>\n<p style=\"text-align: justify;\">&#8220;Na Europa atual, os pa\u00edses t\u00eam aberto suas portas a muitos novos visitantes e cidad\u00e3os. Devemos a eles todas as garantias da Conven\u00e7\u00e3o. Devemos o decoro e nossas boas-vindas, bem como a n\u00e3o discrimina\u00e7\u00e3o; mas a mensagem de toler\u00e2ncia para com o outro n\u00e3o deve ser confundida com uma intoler\u00e2ncia para com a pr\u00f3pria identidade&#8221;, acrescentou Weiler.<\/p>\n<p style=\"text-align: justify;\">Em sua interven\u00e7\u00e3o diante dos ju\u00edzes, o representante do Estado italiano, Nicola Lettieri, explicou que &#8220;n\u00e3o h\u00e1 de fato qualquer preju\u00edzo real envolvido nesta quest\u00e3o. Se um Estado mant\u00e9m um rela\u00e7\u00e3o privilegiada com uma religi\u00e3o, se comunga de certos s\u00edmbolos religiosos, isto n\u00e3o contraria a Conven\u00e7\u00e3o europeia de direitos do homem. O \u00fanico limite que n\u00e3o pode ser ultrapassado \u00e9 o do doutrinamento ou do proselitismo&#8221;.\u00a0&#8220;Se o crucifixo est\u00e1 presente nas salas de aula, n\u00e3o \u00e9 por motivo de uma doutrina\u00e7\u00e3o, mas apenas para exprimir um sentimento popular que est\u00e1 na base da identidade nacional&#8221;, acrescentou.<\/p>\n<p style=\"text-align: justify;\">O representante legal de Soile Lautsi, Nicol\u00f2 Paoletti, o primeiro a expor as pr\u00f3prias argumenta\u00e7\u00f5es, considerou da sua parte que &#8220;n\u00e3o se pode considerar o crucifixo como um s\u00edmbolo mudo e passivo. As crian\u00e7as (de Soile Lautsi) t\u00eam vivido uma situa\u00e7\u00e3o de marginaliza\u00e7\u00e3o, sentindo-se em posi\u00e7\u00e3o minorit\u00e1ria&#8221;. \u00a0Por essa raz\u00e3o, o advogado de Lautsi denunciou o risco do que chamou de &#8220;tirania da maioria&#8221;. [&#8230;]<\/p>\n<p style=\"text-align: justify;\">\u00c9 interessante notar que 14 dos Estados membros do Conselho da Europa se opuseram \u00e0 senten\u00e7a original, apoiando o recurso apresentado pela It\u00e1lia, destacou Puppinck.\u00a0Al\u00e9m dos dez pa\u00edses representados por Weiler, que participam oficialmente da causa, outros tamb\u00e9m manifestaram oficialmente seu apoio \u00e0 exibi\u00e7\u00e3o do crucifixo, entre os quais Ucr\u00e2nia, Mold\u00e1via, Alb\u00e2nia e S\u00e9rvia &#8211; uma mobiliza\u00e7\u00e3o sem precedentes, que demonstra a import\u00e2ncia da quest\u00e3o para toda a Europa.<\/p>\n","protected":false},"excerpt":{"rendered":"<p>A toler\u00e2ncia n\u00e3o pode levar \u00e0 intoler\u00e2ncia para com os s\u00edmbolos de uma cultura Por Jes\u00fas Colina ESTRASBURGO, domingo, 4 de julho de 2010 (ZENIT.org) &#8211; Joseph Weiler, docente judeu de direito na New York University School of Law, defendeu&#8230;<\/p>\n","protected":false},"author":1,"featured_media":11664,"comment_status":"open","ping_status":"open","sticky":false,"template":"","format":"standard","meta":{"_acf_changed":false,"footnotes":""},"categories":[1],"tags":[],"class_list":["post-4624","post","type-post","status-publish","format-standard","has-post-thumbnail","hentry","category-news","entry","rows-excerpt"],"acf":[],"yoast_head":"<!-- This site is optimized with the Yoast SEO plugin v27.5 - https:\/\/yoast.com\/product\/yoast-seo-wordpress\/ -->\n<title>Professor judeu defende crucifixo nas escolas no Tribunal de Estrasburgo | ECCLESIA NEWS<\/title>\n<meta name=\"robots\" content=\"index, follow, max-snippet:-1, max-image-preview:large, max-video-preview:-1\" \/>\n<link rel=\"canonical\" href=\"https:\/\/news.ecclesia.org.br\/?p=4624\" \/>\n<meta property=\"og:locale\" content=\"pt_BR\" \/>\n<meta property=\"og:type\" content=\"article\" \/>\n<meta property=\"og:title\" content=\"Professor judeu defende crucifixo nas escolas no Tribunal de Estrasburgo | ECCLESIA NEWS\" \/>\n<meta property=\"og:description\" content=\"A toler\u00e2ncia n\u00e3o pode levar \u00e0 intoler\u00e2ncia para com os s\u00edmbolos de uma cultura Por Jes\u00fas Colina ESTRASBURGO, domingo, 4 de julho de 2010 (ZENIT.org) &#8211; Joseph Weiler, docente judeu de direito na New York University School of Law, defendeu&#8230;\" \/>\n<meta property=\"og:url\" content=\"https:\/\/news.ecclesia.org.br\/?p=4624\" \/>\n<meta property=\"og:site_name\" content=\"ECCLESIA NEWS\" \/>\n<meta property=\"article:publisher\" content=\"https:\/\/www.facebook.com\/Ecclesia2025\" \/>\n<meta property=\"article:published_time\" content=\"2010-07-10T23:45:08+00:00\" \/>\n<meta property=\"article:modified_time\" content=\"2016-03-17T19:00:16+00:00\" \/>\n<meta property=\"og:image\" content=\"https:\/\/news.ecclesia.org.br\/wp-content\/uploads\/2011\/04\/crucifixo-polemica1.jpg\" \/>\n\t<meta property=\"og:image:width\" content=\"320\" \/>\n\t<meta property=\"og:image:height\" content=\"240\" \/>\n\t<meta property=\"og:image:type\" content=\"image\/jpeg\" \/>\n<meta name=\"author\" content=\"Pe. Andr\u00e9\" \/>\n<meta name=\"twitter:card\" content=\"summary_large_image\" \/>\n<meta name=\"twitter:creator\" content=\"@EcclesiaNews\" \/>\n<meta name=\"twitter:site\" content=\"@EcclesiaNews\" \/>\n<meta name=\"twitter:label1\" content=\"Escrito por\" \/>\n\t<meta name=\"twitter:data1\" content=\"Pe. Andr\u00e9\" \/>\n\t<meta name=\"twitter:label2\" content=\"Est. tempo de leitura\" \/>\n\t<meta name=\"twitter:data2\" content=\"4 minutos\" \/>\n<script type=\"application\/ld+json\" class=\"yoast-schema-graph\">{\"@context\":\"https:\\\/\\\/schema.org\",\"@graph\":[{\"@type\":\"Article\",\"@id\":\"https:\\\/\\\/news.ecclesia.org.br\\\/?p=4624#article\",\"isPartOf\":{\"@id\":\"https:\\\/\\\/news.ecclesia.org.br\\\/?p=4624\"},\"author\":{\"name\":\"Pe. Andr\u00e9\",\"@id\":\"https:\\\/\\\/news.ecclesia.org.br\\\/#\\\/schema\\\/person\\\/6f09597f025829745ba414a569f63758\"},\"headline\":\"Professor judeu defende crucifixo nas escolas no Tribunal de Estrasburgo\",\"datePublished\":\"2010-07-10T23:45:08+00:00\",\"dateModified\":\"2016-03-17T19:00:16+00:00\",\"mainEntityOfPage\":{\"@id\":\"https:\\\/\\\/news.ecclesia.org.br\\\/?p=4624\"},\"wordCount\":742,\"commentCount\":0,\"publisher\":{\"@id\":\"https:\\\/\\\/news.ecclesia.org.br\\\/#organization\"},\"image\":{\"@id\":\"https:\\\/\\\/news.ecclesia.org.br\\\/?p=4624#primaryimage\"},\"thumbnailUrl\":\"https:\\\/\\\/news.ecclesia.org.br\\\/wp-content\\\/uploads\\\/2011\\\/04\\\/crucifixo-polemica1.jpg\",\"articleSection\":[\"NEWS\"],\"inLanguage\":\"pt-BR\",\"potentialAction\":[{\"@type\":\"CommentAction\",\"name\":\"Comment\",\"target\":[\"https:\\\/\\\/news.ecclesia.org.br\\\/?p=4624#respond\"]}]},{\"@type\":\"WebPage\",\"@id\":\"https:\\\/\\\/news.ecclesia.org.br\\\/?p=4624\",\"url\":\"https:\\\/\\\/news.ecclesia.org.br\\\/?p=4624\",\"name\":\"Professor judeu defende crucifixo nas escolas no Tribunal de Estrasburgo | ECCLESIA NEWS\",\"isPartOf\":{\"@id\":\"https:\\\/\\\/news.ecclesia.org.br\\\/#website\"},\"primaryImageOfPage\":{\"@id\":\"https:\\\/\\\/news.ecclesia.org.br\\\/?p=4624#primaryimage\"},\"image\":{\"@id\":\"https:\\\/\\\/news.ecclesia.org.br\\\/?p=4624#primaryimage\"},\"thumbnailUrl\":\"https:\\\/\\\/news.ecclesia.org.br\\\/wp-content\\\/uploads\\\/2011\\\/04\\\/crucifixo-polemica1.jpg\",\"datePublished\":\"2010-07-10T23:45:08+00:00\",\"dateModified\":\"2016-03-17T19:00:16+00:00\",\"breadcrumb\":{\"@id\":\"https:\\\/\\\/news.ecclesia.org.br\\\/?p=4624#breadcrumb\"},\"inLanguage\":\"pt-BR\",\"potentialAction\":[{\"@type\":\"ReadAction\",\"target\":[\"https:\\\/\\\/news.ecclesia.org.br\\\/?p=4624\"]}]},{\"@type\":\"ImageObject\",\"inLanguage\":\"pt-BR\",\"@id\":\"https:\\\/\\\/news.ecclesia.org.br\\\/?p=4624#primaryimage\",\"url\":\"https:\\\/\\\/news.ecclesia.org.br\\\/wp-content\\\/uploads\\\/2011\\\/04\\\/crucifixo-polemica1.jpg\",\"contentUrl\":\"https:\\\/\\\/news.ecclesia.org.br\\\/wp-content\\\/uploads\\\/2011\\\/04\\\/crucifixo-polemica1.jpg\",\"width\":320,\"height\":240},{\"@type\":\"BreadcrumbList\",\"@id\":\"https:\\\/\\\/news.ecclesia.org.br\\\/?p=4624#breadcrumb\",\"itemListElement\":[{\"@type\":\"ListItem\",\"position\":1,\"name\":\"In\u00edcio\",\"item\":\"https:\\\/\\\/news.ecclesia.org.br\\\/\"},{\"@type\":\"ListItem\",\"position\":2,\"name\":\"Professor judeu defende crucifixo nas escolas no Tribunal de Estrasburgo\"}]},{\"@type\":\"WebSite\",\"@id\":\"https:\\\/\\\/news.ecclesia.org.br\\\/#website\",\"url\":\"https:\\\/\\\/news.ecclesia.org.br\\\/\",\"name\":\"Ecclesia Brasil\",\"description\":\"Desde 2003 onectando o Brasil ao mundo ortodoxo!\",\"publisher\":{\"@id\":\"https:\\\/\\\/news.ecclesia.org.br\\\/#organization\"},\"alternateName\":\"Ecclesia\",\"potentialAction\":[{\"@type\":\"SearchAction\",\"target\":{\"@type\":\"EntryPoint\",\"urlTemplate\":\"https:\\\/\\\/news.ecclesia.org.br\\\/?s={search_term_string}\"},\"query-input\":{\"@type\":\"PropertyValueSpecification\",\"valueRequired\":true,\"valueName\":\"search_term_string\"}}],\"inLanguage\":\"pt-BR\"},{\"@type\":\"Organization\",\"@id\":\"https:\\\/\\\/news.ecclesia.org.br\\\/#organization\",\"name\":\"Sacra Arquidiocese de Buenos Aires e Am\u00e9rica do Sul | Patriarcado Ecum\u00eanico\",\"alternateName\":\"News Ecclesia Brasil\",\"url\":\"https:\\\/\\\/news.ecclesia.org.br\\\/\",\"logo\":{\"@type\":\"ImageObject\",\"inLanguage\":\"pt-BR\",\"@id\":\"https:\\\/\\\/news.ecclesia.org.br\\\/#\\\/schema\\\/logo\\\/image\\\/\",\"url\":\"https:\\\/\\\/news.ecclesia.org.br\\\/wp-content\\\/uploads\\\/2025\\\/05\\\/ecclesia2.png\",\"contentUrl\":\"https:\\\/\\\/news.ecclesia.org.br\\\/wp-content\\\/uploads\\\/2025\\\/05\\\/ecclesia2.png\",\"width\":480,\"height\":120,\"caption\":\"Sacra Arquidiocese de Buenos Aires e Am\u00e9rica do Sul | Patriarcado Ecum\u00eanico\"},\"image\":{\"@id\":\"https:\\\/\\\/news.ecclesia.org.br\\\/#\\\/schema\\\/logo\\\/image\\\/\"},\"sameAs\":[\"https:\\\/\\\/www.facebook.com\\\/Ecclesia2025\",\"https:\\\/\\\/x.com\\\/EcclesiaNews\",\"https:\\\/\\\/br.pinterest.com\\\/ekklisia\\\/\",\"https:\\\/\\\/www.youtube.com\\\/@EcclesiaBrasil\"]},{\"@type\":\"Person\",\"@id\":\"https:\\\/\\\/news.ecclesia.org.br\\\/#\\\/schema\\\/person\\\/6f09597f025829745ba414a569f63758\",\"name\":\"Pe. Andr\u00e9\",\"image\":{\"@type\":\"ImageObject\",\"inLanguage\":\"pt-BR\",\"@id\":\"https:\\\/\\\/secure.gravatar.com\\\/avatar\\\/b4327cfa27e9799da239a26adcd534fc29cdc0c4a4a148eecbcfeb9b42c617ac?s=96&d=mm&r=g\",\"url\":\"https:\\\/\\\/secure.gravatar.com\\\/avatar\\\/b4327cfa27e9799da239a26adcd534fc29cdc0c4a4a148eecbcfeb9b42c617ac?s=96&d=mm&r=g\",\"contentUrl\":\"https:\\\/\\\/secure.gravatar.com\\\/avatar\\\/b4327cfa27e9799da239a26adcd534fc29cdc0c4a4a148eecbcfeb9b42c617ac?s=96&d=mm&r=g\",\"caption\":\"Pe. Andr\u00e9\"},\"sameAs\":[\"https:\\\/\\\/www.ecclesia.org.br\"]}]}<\/script>\n<!-- \/ Yoast SEO plugin. -->","yoast_head_json":{"title":"Professor judeu defende crucifixo nas escolas no Tribunal de Estrasburgo | ECCLESIA NEWS","robots":{"index":"index","follow":"follow","max-snippet":"max-snippet:-1","max-image-preview":"max-image-preview:large","max-video-preview":"max-video-preview:-1"},"canonical":"https:\/\/news.ecclesia.org.br\/?p=4624","og_locale":"pt_BR","og_type":"article","og_title":"Professor judeu defende crucifixo nas escolas no Tribunal de Estrasburgo | ECCLESIA NEWS","og_description":"A toler\u00e2ncia n\u00e3o pode levar \u00e0 intoler\u00e2ncia para com os s\u00edmbolos de uma cultura Por Jes\u00fas Colina ESTRASBURGO, domingo, 4 de julho de 2010 (ZENIT.org) &#8211; Joseph Weiler, docente judeu de direito na New York University School of Law, defendeu&#8230;","og_url":"https:\/\/news.ecclesia.org.br\/?p=4624","og_site_name":"ECCLESIA NEWS","article_publisher":"https:\/\/www.facebook.com\/Ecclesia2025","article_published_time":"2010-07-10T23:45:08+00:00","article_modified_time":"2016-03-17T19:00:16+00:00","og_image":[{"width":320,"height":240,"url":"https:\/\/news.ecclesia.org.br\/wp-content\/uploads\/2011\/04\/crucifixo-polemica1.jpg","type":"image\/jpeg"}],"author":"Pe. Andr\u00e9","twitter_card":"summary_large_image","twitter_creator":"@EcclesiaNews","twitter_site":"@EcclesiaNews","twitter_misc":{"Escrito por":"Pe. Andr\u00e9","Est. tempo de leitura":"4 minutos"},"schema":{"@context":"https:\/\/schema.org","@graph":[{"@type":"Article","@id":"https:\/\/news.ecclesia.org.br\/?p=4624#article","isPartOf":{"@id":"https:\/\/news.ecclesia.org.br\/?p=4624"},"author":{"name":"Pe. Andr\u00e9","@id":"https:\/\/news.ecclesia.org.br\/#\/schema\/person\/6f09597f025829745ba414a569f63758"},"headline":"Professor judeu defende crucifixo nas escolas no Tribunal de Estrasburgo","datePublished":"2010-07-10T23:45:08+00:00","dateModified":"2016-03-17T19:00:16+00:00","mainEntityOfPage":{"@id":"https:\/\/news.ecclesia.org.br\/?p=4624"},"wordCount":742,"commentCount":0,"publisher":{"@id":"https:\/\/news.ecclesia.org.br\/#organization"},"image":{"@id":"https:\/\/news.ecclesia.org.br\/?p=4624#primaryimage"},"thumbnailUrl":"https:\/\/news.ecclesia.org.br\/wp-content\/uploads\/2011\/04\/crucifixo-polemica1.jpg","articleSection":["NEWS"],"inLanguage":"pt-BR","potentialAction":[{"@type":"CommentAction","name":"Comment","target":["https:\/\/news.ecclesia.org.br\/?p=4624#respond"]}]},{"@type":"WebPage","@id":"https:\/\/news.ecclesia.org.br\/?p=4624","url":"https:\/\/news.ecclesia.org.br\/?p=4624","name":"Professor judeu defende crucifixo nas escolas no Tribunal de Estrasburgo | ECCLESIA NEWS","isPartOf":{"@id":"https:\/\/news.ecclesia.org.br\/#website"},"primaryImageOfPage":{"@id":"https:\/\/news.ecclesia.org.br\/?p=4624#primaryimage"},"image":{"@id":"https:\/\/news.ecclesia.org.br\/?p=4624#primaryimage"},"thumbnailUrl":"https:\/\/news.ecclesia.org.br\/wp-content\/uploads\/2011\/04\/crucifixo-polemica1.jpg","datePublished":"2010-07-10T23:45:08+00:00","dateModified":"2016-03-17T19:00:16+00:00","breadcrumb":{"@id":"https:\/\/news.ecclesia.org.br\/?p=4624#breadcrumb"},"inLanguage":"pt-BR","potentialAction":[{"@type":"ReadAction","target":["https:\/\/news.ecclesia.org.br\/?p=4624"]}]},{"@type":"ImageObject","inLanguage":"pt-BR","@id":"https:\/\/news.ecclesia.org.br\/?p=4624#primaryimage","url":"https:\/\/news.ecclesia.org.br\/wp-content\/uploads\/2011\/04\/crucifixo-polemica1.jpg","contentUrl":"https:\/\/news.ecclesia.org.br\/wp-content\/uploads\/2011\/04\/crucifixo-polemica1.jpg","width":320,"height":240},{"@type":"BreadcrumbList","@id":"https:\/\/news.ecclesia.org.br\/?p=4624#breadcrumb","itemListElement":[{"@type":"ListItem","position":1,"name":"In\u00edcio","item":"https:\/\/news.ecclesia.org.br\/"},{"@type":"ListItem","position":2,"name":"Professor judeu defende crucifixo nas escolas no Tribunal de Estrasburgo"}]},{"@type":"WebSite","@id":"https:\/\/news.ecclesia.org.br\/#website","url":"https:\/\/news.ecclesia.org.br\/","name":"Ecclesia Brasil","description":"Desde 2003 onectando o Brasil ao mundo ortodoxo!","publisher":{"@id":"https:\/\/news.ecclesia.org.br\/#organization"},"alternateName":"Ecclesia","potentialAction":[{"@type":"SearchAction","target":{"@type":"EntryPoint","urlTemplate":"https:\/\/news.ecclesia.org.br\/?s={search_term_string}"},"query-input":{"@type":"PropertyValueSpecification","valueRequired":true,"valueName":"search_term_string"}}],"inLanguage":"pt-BR"},{"@type":"Organization","@id":"https:\/\/news.ecclesia.org.br\/#organization","name":"Sacra Arquidiocese de Buenos Aires e Am\u00e9rica do Sul | Patriarcado Ecum\u00eanico","alternateName":"News Ecclesia Brasil","url":"https:\/\/news.ecclesia.org.br\/","logo":{"@type":"ImageObject","inLanguage":"pt-BR","@id":"https:\/\/news.ecclesia.org.br\/#\/schema\/logo\/image\/","url":"https:\/\/news.ecclesia.org.br\/wp-content\/uploads\/2025\/05\/ecclesia2.png","contentUrl":"https:\/\/news.ecclesia.org.br\/wp-content\/uploads\/2025\/05\/ecclesia2.png","width":480,"height":120,"caption":"Sacra Arquidiocese de Buenos Aires e Am\u00e9rica do Sul | Patriarcado Ecum\u00eanico"},"image":{"@id":"https:\/\/news.ecclesia.org.br\/#\/schema\/logo\/image\/"},"sameAs":["https:\/\/www.facebook.com\/Ecclesia2025","https:\/\/x.com\/EcclesiaNews","https:\/\/br.pinterest.com\/ekklisia\/","https:\/\/www.youtube.com\/@EcclesiaBrasil"]},{"@type":"Person","@id":"https:\/\/news.ecclesia.org.br\/#\/schema\/person\/6f09597f025829745ba414a569f63758","name":"Pe. Andr\u00e9","image":{"@type":"ImageObject","inLanguage":"pt-BR","@id":"https:\/\/secure.gravatar.com\/avatar\/b4327cfa27e9799da239a26adcd534fc29cdc0c4a4a148eecbcfeb9b42c617ac?s=96&d=mm&r=g","url":"https:\/\/secure.gravatar.com\/avatar\/b4327cfa27e9799da239a26adcd534fc29cdc0c4a4a148eecbcfeb9b42c617ac?s=96&d=mm&r=g","contentUrl":"https:\/\/secure.gravatar.com\/avatar\/b4327cfa27e9799da239a26adcd534fc29cdc0c4a4a148eecbcfeb9b42c617ac?s=96&d=mm&r=g","caption":"Pe. Andr\u00e9"},"sameAs":["https:\/\/www.ecclesia.org.br"]}]}},"_links":{"self":[{"href":"https:\/\/news.ecclesia.org.br\/index.php?rest_route=\/wp\/v2\/posts\/4624","targetHints":{"allow":["GET"]}}],"collection":[{"href":"https:\/\/news.ecclesia.org.br\/index.php?rest_route=\/wp\/v2\/posts"}],"about":[{"href":"https:\/\/news.ecclesia.org.br\/index.php?rest_route=\/wp\/v2\/types\/post"}],"author":[{"embeddable":true,"href":"https:\/\/news.ecclesia.org.br\/index.php?rest_route=\/wp\/v2\/users\/1"}],"replies":[{"embeddable":true,"href":"https:\/\/news.ecclesia.org.br\/index.php?rest_route=%2Fwp%2Fv2%2Fcomments&post=4624"}],"version-history":[{"count":0,"href":"https:\/\/news.ecclesia.org.br\/index.php?rest_route=\/wp\/v2\/posts\/4624\/revisions"}],"wp:featuredmedia":[{"embeddable":true,"href":"https:\/\/news.ecclesia.org.br\/index.php?rest_route=\/wp\/v2\/media\/11664"}],"wp:attachment":[{"href":"https:\/\/news.ecclesia.org.br\/index.php?rest_route=%2Fwp%2Fv2%2Fmedia&parent=4624"}],"wp:term":[{"taxonomy":"category","embeddable":true,"href":"https:\/\/news.ecclesia.org.br\/index.php?rest_route=%2Fwp%2Fv2%2Fcategories&post=4624"},{"taxonomy":"post_tag","embeddable":true,"href":"https:\/\/news.ecclesia.org.br\/index.php?rest_route=%2Fwp%2Fv2%2Ftags&post=4624"}],"curies":[{"name":"wp","href":"https:\/\/api.w.org\/{rel}","templated":true}]}}