{"id":4580,"date":"2010-07-01T23:22:34","date_gmt":"2010-07-02T01:22:34","guid":{"rendered":"http:\/\/www.ecclesia.com.br\/news\/?p=4580"},"modified":"2016-03-17T20:00:22","modified_gmt":"2016-03-17T20:00:22","slug":"italia-entra-com-recurso-contra-proibicao-de-crucifixos-em-escolas","status":"publish","type":"post","link":"https:\/\/news.ecclesia.org.br\/?p=4580","title":{"rendered":"It\u00e1lia entra com recurso contra proibi\u00e7\u00e3o de crucifixos em escolas"},"content":{"rendered":"<p style=\"text-align: justify;\"><img fetchpriority=\"high\" decoding=\"async\" class=\"size-full wp-image-16085 aligncenter\" src=\"https:\/\/news.ecclesia.org.br\/2013\/wp-content\/uploads\/2010\/07\/protestos-contra-proibicao-de-crucifixos-na-italia.jpg\" alt=\"protestos-contra-proibicao-de-crucifixos-na-italia\" width=\"800\" height=\"511\" srcset=\"https:\/\/news.ecclesia.org.br\/wp-content\/uploads\/2010\/07\/protestos-contra-proibicao-de-crucifixos-na-italia.jpg 800w, https:\/\/news.ecclesia.org.br\/wp-content\/uploads\/2010\/07\/protestos-contra-proibicao-de-crucifixos-na-italia-300x192.jpg 300w, https:\/\/news.ecclesia.org.br\/wp-content\/uploads\/2010\/07\/protestos-contra-proibicao-de-crucifixos-na-italia-768x491.jpg 768w, https:\/\/news.ecclesia.org.br\/wp-content\/uploads\/2010\/07\/protestos-contra-proibicao-de-crucifixos-na-italia-600x383.jpg 600w, https:\/\/news.ecclesia.org.br\/wp-content\/uploads\/2010\/07\/protestos-contra-proibicao-de-crucifixos-na-italia-86x55.jpg 86w\" sizes=\"(max-width: 800px) 100vw, 800px\" \/><\/p>\n<p style=\"text-align: justify;\">Numa a\u00e7\u00e3o conjunta com dez pa\u00edses europeus, o governo italiano entrou com um recurso nesta quarta-feira no Tribunal Europeu de Direitos Humanos em Estrasburgo, na Fran\u00e7a, pedindo que a proibi\u00e7\u00e3o da coloca\u00e7\u00e3o de crucifixos em salas de aula do pa\u00eds seja suspensa. A decis\u00e3o foi tomada em novembro do ano passado, e afirmava que s\u00edmbolos da igreja em escolas p\u00fablicas italianas &#8220;restringiam o direito dos pais de educar seus filhos de acordo com suas convic\u00e7\u00f5es&#8221;. O caso acentuou as divis\u00f5es entre os grupos de defesa dos direitos humanos e religiosos.<\/p>\n<p style=\"text-align: justify;\">A alian\u00e7a de pa\u00edses cat\u00f3licos e ortodoxos &#8211; R\u00fassia, Gr\u00e9cia, Arm\u00eania, Bulg\u00e1ria, Chipre, Litu\u00e2nia, Malta, M\u00f4naco, San Marino e Rom\u00eania &#8211; no recurso reflete a preocupa\u00e7\u00e3o de que a Corte estabele\u00e7a um rigoroso secularismo por toda a Europa. Um grupo composto por 33 membros do Parlamento Europeu tamb\u00e9m apoiou o recurso contra a proibi\u00e7\u00e3o, que chocou o pa\u00eds e o Vaticano num momento em que a It\u00e1lia e outros Estados europeus debatem os direitos de imigra\u00e7\u00e3o e religi\u00e3o para os mu\u00e7ulmanos.<\/p>\n<p style=\"text-align: justify;\">Tribunais italianos j\u00e1 declararam que a exibi\u00e7\u00e3o de crucifixos \u00e9 parte da identidade nacional italiana, e n\u00e3o uma tentativa de convers\u00e3o. A participa\u00e7\u00e3o de Moscou reflete o ativismo crescente da Igreja Ortodoxa Russa, que se juntou \u00e0 Cat\u00f3lica Romana para denunciar o secularismo generalizado de um continente que j\u00e1 foi sin\u00f4nimo do termo &#8220;Cristandade&#8221;.<\/p>\n<p style=\"text-align: justify;\">As decis\u00f5es da Corte &#8211; um bra\u00e7o do Conselho da Europa, foro europeu para quest\u00f5es relativas a direitos humanos &#8211; valem para os 47 pa\u00edses membros do conselho. Portanto, outras na\u00e7\u00f5es al\u00e9m da It\u00e1lia ser\u00e3o afetadas pela medida.<\/p>\n<p style=\"text-align: justify;\">O caso contra os crucifixos foi levado ao tribunal por uma m\u00e3e italiana que argumentou que, segundo a constitui\u00e7\u00e3o da It\u00e1lia, seus filhos t\u00eam direito a uma educa\u00e7\u00e3o n\u00e3o religiosa.<\/p>\n<p style=\"text-align: justify;\">&#8220;Dez Estados est\u00e3o, de fato, explicando ao tribunal qual \u00e9 o limite da sua jurisdi\u00e7\u00e3o, e qual \u00e9 o limite da sua capacidade de criar novos &#8220;direitos&#8221; contra a vontade dos seus Estados membros&#8221;, disse em um comunicado Gregor Puppinck, diretor do Centro Europeu para a Justi\u00e7a e o Direito, baseado em Estrasburgo.<\/p>\n<p style=\"text-align: justify;\">Durante a audi\u00eancia que durou tr\u00eas horas, o advogado italiano Nicola Lettieri afirmou que a lei s\u00f3 viola a Conven\u00e7\u00e3o Europeia dos Direitos Humanos se a exig\u00eancia de um crucifixo tiver como alvo a convers\u00e3o dos alunos ao cristianismo.<\/p>\n<p style=\"text-align: justify;\">&#8211; Um crucifixo na sala de aula n\u00e3o est\u00e1 ali para doutrinar ningu\u00e9m, mas est\u00e1 como uma forma de expressar um sentimento popular cerne da identidade nacional italiana &#8211; afirmou o advogado.<\/p>\n<p style=\"text-align: justify;\">A decis\u00e3o da Corte sair\u00e1 em alguns meses. Se o governo perder o recurso no Tribunal Europeu, \u00e9 poss\u00edvel que todos os s\u00edmbolos religiosos exibidos em salas de aula na Uni\u00e3o Europeia acabem sendo proibidos. A lei italiana que determinava que crucifixos fossem pendurados em escolas data da d\u00e9cada de 1920. Em 1984, um acordo entre o Vaticano e o governo italiano suspendeu a ado\u00e7\u00e3o do Catolicismo como religi\u00e3o do Estado. A lei do crucifixo, no entanto, nunca foi alterada. O Globo\/Ag\u00eancias internacionais.<\/p>\n<p style=\"text-align: right;\">Fonte: <a href=\"http:\/\/gentesemfuturo.blogspot.com\/2010\/06\/italia-entra-com-recurso-contra.html \" target=\"_blank\">Gente sem futuro<\/a><\/p>\n<p style=\"text-align: justify;\">\n","protected":false},"excerpt":{"rendered":"<p>Numa a\u00e7\u00e3o conjunta com dez pa\u00edses europeus, o governo italiano entrou com um recurso nesta quarta-feira no Tribunal Europeu de Direitos Humanos em Estrasburgo, na Fran\u00e7a, pedindo que a proibi\u00e7\u00e3o da coloca\u00e7\u00e3o de crucifixos em salas de aula do pa\u00eds&#8230;<\/p>\n","protected":false},"author":1,"featured_media":16085,"comment_status":"open","ping_status":"open","sticky":false,"template":"","format":"standard","meta":{"_acf_changed":false,"footnotes":""},"categories":[1],"tags":[],"class_list":["post-4580","post","type-post","status-publish","format-standard","has-post-thumbnail","hentry","category-news","entry","rows-excerpt"],"acf":[],"yoast_head":"<!-- This site is optimized with the Yoast SEO plugin v27.5 - https:\/\/yoast.com\/product\/yoast-seo-wordpress\/ -->\n<title>It\u00e1lia entra com recurso contra proibi\u00e7\u00e3o de crucifixos em escolas | ECCLESIA NEWS<\/title>\n<meta name=\"robots\" content=\"index, follow, max-snippet:-1, max-image-preview:large, max-video-preview:-1\" \/>\n<link rel=\"canonical\" href=\"https:\/\/news.ecclesia.org.br\/?p=4580\" \/>\n<meta property=\"og:locale\" content=\"pt_BR\" \/>\n<meta property=\"og:type\" content=\"article\" \/>\n<meta property=\"og:title\" content=\"It\u00e1lia entra com recurso contra proibi\u00e7\u00e3o de crucifixos em escolas | ECCLESIA NEWS\" \/>\n<meta property=\"og:description\" content=\"Numa a\u00e7\u00e3o conjunta com dez pa\u00edses europeus, o governo italiano entrou com um recurso nesta quarta-feira no Tribunal Europeu de Direitos Humanos em Estrasburgo, na Fran\u00e7a, pedindo que a proibi\u00e7\u00e3o da coloca\u00e7\u00e3o de crucifixos em salas de aula do pa\u00eds&#8230;\" \/>\n<meta property=\"og:url\" content=\"https:\/\/news.ecclesia.org.br\/?p=4580\" \/>\n<meta property=\"og:site_name\" content=\"ECCLESIA NEWS\" \/>\n<meta property=\"article:publisher\" content=\"https:\/\/www.facebook.com\/Ecclesia2025\" \/>\n<meta property=\"article:published_time\" content=\"2010-07-02T01:22:34+00:00\" \/>\n<meta property=\"article:modified_time\" content=\"2016-03-17T20:00:22+00:00\" \/>\n<meta property=\"og:image\" content=\"https:\/\/news.ecclesia.org.br\/wp-content\/uploads\/2010\/07\/protestos-contra-proibicao-de-crucifixos-na-italia.jpg\" \/>\n\t<meta property=\"og:image:width\" content=\"800\" \/>\n\t<meta property=\"og:image:height\" content=\"511\" \/>\n\t<meta property=\"og:image:type\" content=\"image\/jpeg\" \/>\n<meta name=\"author\" content=\"Pe. Andr\u00e9\" \/>\n<meta name=\"twitter:card\" content=\"summary_large_image\" \/>\n<meta name=\"twitter:creator\" content=\"@EcclesiaNews\" \/>\n<meta name=\"twitter:site\" content=\"@EcclesiaNews\" \/>\n<meta name=\"twitter:label1\" content=\"Escrito por\" \/>\n\t<meta name=\"twitter:data1\" content=\"Pe. Andr\u00e9\" \/>\n\t<meta name=\"twitter:label2\" content=\"Est. tempo de leitura\" \/>\n\t<meta name=\"twitter:data2\" content=\"3 minutos\" \/>\n<script type=\"application\/ld+json\" class=\"yoast-schema-graph\">{\"@context\":\"https:\\\/\\\/schema.org\",\"@graph\":[{\"@type\":\"Article\",\"@id\":\"https:\\\/\\\/news.ecclesia.org.br\\\/?p=4580#article\",\"isPartOf\":{\"@id\":\"https:\\\/\\\/news.ecclesia.org.br\\\/?p=4580\"},\"author\":{\"name\":\"Pe. Andr\u00e9\",\"@id\":\"https:\\\/\\\/news.ecclesia.org.br\\\/#\\\/schema\\\/person\\\/6f09597f025829745ba414a569f63758\"},\"headline\":\"It\u00e1lia entra com recurso contra proibi\u00e7\u00e3o de crucifixos em escolas\",\"datePublished\":\"2010-07-02T01:22:34+00:00\",\"dateModified\":\"2016-03-17T20:00:22+00:00\",\"mainEntityOfPage\":{\"@id\":\"https:\\\/\\\/news.ecclesia.org.br\\\/?p=4580\"},\"wordCount\":576,\"commentCount\":0,\"publisher\":{\"@id\":\"https:\\\/\\\/news.ecclesia.org.br\\\/#organization\"},\"image\":{\"@id\":\"https:\\\/\\\/news.ecclesia.org.br\\\/?p=4580#primaryimage\"},\"thumbnailUrl\":\"https:\\\/\\\/news.ecclesia.org.br\\\/wp-content\\\/uploads\\\/2010\\\/07\\\/protestos-contra-proibicao-de-crucifixos-na-italia.jpg\",\"articleSection\":[\"NEWS\"],\"inLanguage\":\"pt-BR\",\"potentialAction\":[{\"@type\":\"CommentAction\",\"name\":\"Comment\",\"target\":[\"https:\\\/\\\/news.ecclesia.org.br\\\/?p=4580#respond\"]}]},{\"@type\":\"WebPage\",\"@id\":\"https:\\\/\\\/news.ecclesia.org.br\\\/?p=4580\",\"url\":\"https:\\\/\\\/news.ecclesia.org.br\\\/?p=4580\",\"name\":\"It\u00e1lia entra com recurso contra proibi\u00e7\u00e3o de crucifixos em escolas | ECCLESIA NEWS\",\"isPartOf\":{\"@id\":\"https:\\\/\\\/news.ecclesia.org.br\\\/#website\"},\"primaryImageOfPage\":{\"@id\":\"https:\\\/\\\/news.ecclesia.org.br\\\/?p=4580#primaryimage\"},\"image\":{\"@id\":\"https:\\\/\\\/news.ecclesia.org.br\\\/?p=4580#primaryimage\"},\"thumbnailUrl\":\"https:\\\/\\\/news.ecclesia.org.br\\\/wp-content\\\/uploads\\\/2010\\\/07\\\/protestos-contra-proibicao-de-crucifixos-na-italia.jpg\",\"datePublished\":\"2010-07-02T01:22:34+00:00\",\"dateModified\":\"2016-03-17T20:00:22+00:00\",\"breadcrumb\":{\"@id\":\"https:\\\/\\\/news.ecclesia.org.br\\\/?p=4580#breadcrumb\"},\"inLanguage\":\"pt-BR\",\"potentialAction\":[{\"@type\":\"ReadAction\",\"target\":[\"https:\\\/\\\/news.ecclesia.org.br\\\/?p=4580\"]}]},{\"@type\":\"ImageObject\",\"inLanguage\":\"pt-BR\",\"@id\":\"https:\\\/\\\/news.ecclesia.org.br\\\/?p=4580#primaryimage\",\"url\":\"https:\\\/\\\/news.ecclesia.org.br\\\/wp-content\\\/uploads\\\/2010\\\/07\\\/protestos-contra-proibicao-de-crucifixos-na-italia.jpg\",\"contentUrl\":\"https:\\\/\\\/news.ecclesia.org.br\\\/wp-content\\\/uploads\\\/2010\\\/07\\\/protestos-contra-proibicao-de-crucifixos-na-italia.jpg\",\"width\":800,\"height\":511},{\"@type\":\"BreadcrumbList\",\"@id\":\"https:\\\/\\\/news.ecclesia.org.br\\\/?p=4580#breadcrumb\",\"itemListElement\":[{\"@type\":\"ListItem\",\"position\":1,\"name\":\"In\u00edcio\",\"item\":\"https:\\\/\\\/news.ecclesia.org.br\\\/\"},{\"@type\":\"ListItem\",\"position\":2,\"name\":\"It\u00e1lia entra com recurso contra proibi\u00e7\u00e3o de crucifixos em escolas\"}]},{\"@type\":\"WebSite\",\"@id\":\"https:\\\/\\\/news.ecclesia.org.br\\\/#website\",\"url\":\"https:\\\/\\\/news.ecclesia.org.br\\\/\",\"name\":\"Ecclesia Brasil\",\"description\":\"Desde 2003 onectando o Brasil ao mundo ortodoxo!\",\"publisher\":{\"@id\":\"https:\\\/\\\/news.ecclesia.org.br\\\/#organization\"},\"alternateName\":\"Ecclesia\",\"potentialAction\":[{\"@type\":\"SearchAction\",\"target\":{\"@type\":\"EntryPoint\",\"urlTemplate\":\"https:\\\/\\\/news.ecclesia.org.br\\\/?s={search_term_string}\"},\"query-input\":{\"@type\":\"PropertyValueSpecification\",\"valueRequired\":true,\"valueName\":\"search_term_string\"}}],\"inLanguage\":\"pt-BR\"},{\"@type\":\"Organization\",\"@id\":\"https:\\\/\\\/news.ecclesia.org.br\\\/#organization\",\"name\":\"Sacra Arquidiocese de Buenos Aires e Am\u00e9rica do Sul | Patriarcado Ecum\u00eanico\",\"alternateName\":\"News Ecclesia Brasil\",\"url\":\"https:\\\/\\\/news.ecclesia.org.br\\\/\",\"logo\":{\"@type\":\"ImageObject\",\"inLanguage\":\"pt-BR\",\"@id\":\"https:\\\/\\\/news.ecclesia.org.br\\\/#\\\/schema\\\/logo\\\/image\\\/\",\"url\":\"https:\\\/\\\/news.ecclesia.org.br\\\/wp-content\\\/uploads\\\/2025\\\/05\\\/ecclesia2.png\",\"contentUrl\":\"https:\\\/\\\/news.ecclesia.org.br\\\/wp-content\\\/uploads\\\/2025\\\/05\\\/ecclesia2.png\",\"width\":480,\"height\":120,\"caption\":\"Sacra Arquidiocese de Buenos Aires e Am\u00e9rica do Sul | Patriarcado Ecum\u00eanico\"},\"image\":{\"@id\":\"https:\\\/\\\/news.ecclesia.org.br\\\/#\\\/schema\\\/logo\\\/image\\\/\"},\"sameAs\":[\"https:\\\/\\\/www.facebook.com\\\/Ecclesia2025\",\"https:\\\/\\\/x.com\\\/EcclesiaNews\",\"https:\\\/\\\/br.pinterest.com\\\/ekklisia\\\/\",\"https:\\\/\\\/www.youtube.com\\\/@EcclesiaBrasil\"]},{\"@type\":\"Person\",\"@id\":\"https:\\\/\\\/news.ecclesia.org.br\\\/#\\\/schema\\\/person\\\/6f09597f025829745ba414a569f63758\",\"name\":\"Pe. Andr\u00e9\",\"image\":{\"@type\":\"ImageObject\",\"inLanguage\":\"pt-BR\",\"@id\":\"https:\\\/\\\/secure.gravatar.com\\\/avatar\\\/b4327cfa27e9799da239a26adcd534fc29cdc0c4a4a148eecbcfeb9b42c617ac?s=96&d=mm&r=g\",\"url\":\"https:\\\/\\\/secure.gravatar.com\\\/avatar\\\/b4327cfa27e9799da239a26adcd534fc29cdc0c4a4a148eecbcfeb9b42c617ac?s=96&d=mm&r=g\",\"contentUrl\":\"https:\\\/\\\/secure.gravatar.com\\\/avatar\\\/b4327cfa27e9799da239a26adcd534fc29cdc0c4a4a148eecbcfeb9b42c617ac?s=96&d=mm&r=g\",\"caption\":\"Pe. Andr\u00e9\"},\"sameAs\":[\"https:\\\/\\\/www.ecclesia.org.br\"]}]}<\/script>\n<!-- \/ Yoast SEO plugin. -->","yoast_head_json":{"title":"It\u00e1lia entra com recurso contra proibi\u00e7\u00e3o de crucifixos em escolas | ECCLESIA NEWS","robots":{"index":"index","follow":"follow","max-snippet":"max-snippet:-1","max-image-preview":"max-image-preview:large","max-video-preview":"max-video-preview:-1"},"canonical":"https:\/\/news.ecclesia.org.br\/?p=4580","og_locale":"pt_BR","og_type":"article","og_title":"It\u00e1lia entra com recurso contra proibi\u00e7\u00e3o de crucifixos em escolas | ECCLESIA NEWS","og_description":"Numa a\u00e7\u00e3o conjunta com dez pa\u00edses europeus, o governo italiano entrou com um recurso nesta quarta-feira no Tribunal Europeu de Direitos Humanos em Estrasburgo, na Fran\u00e7a, pedindo que a proibi\u00e7\u00e3o da coloca\u00e7\u00e3o de crucifixos em salas de aula do pa\u00eds&#8230;","og_url":"https:\/\/news.ecclesia.org.br\/?p=4580","og_site_name":"ECCLESIA NEWS","article_publisher":"https:\/\/www.facebook.com\/Ecclesia2025","article_published_time":"2010-07-02T01:22:34+00:00","article_modified_time":"2016-03-17T20:00:22+00:00","og_image":[{"width":800,"height":511,"url":"https:\/\/news.ecclesia.org.br\/wp-content\/uploads\/2010\/07\/protestos-contra-proibicao-de-crucifixos-na-italia.jpg","type":"image\/jpeg"}],"author":"Pe. Andr\u00e9","twitter_card":"summary_large_image","twitter_creator":"@EcclesiaNews","twitter_site":"@EcclesiaNews","twitter_misc":{"Escrito por":"Pe. Andr\u00e9","Est. tempo de leitura":"3 minutos"},"schema":{"@context":"https:\/\/schema.org","@graph":[{"@type":"Article","@id":"https:\/\/news.ecclesia.org.br\/?p=4580#article","isPartOf":{"@id":"https:\/\/news.ecclesia.org.br\/?p=4580"},"author":{"name":"Pe. Andr\u00e9","@id":"https:\/\/news.ecclesia.org.br\/#\/schema\/person\/6f09597f025829745ba414a569f63758"},"headline":"It\u00e1lia entra com recurso contra proibi\u00e7\u00e3o de crucifixos em escolas","datePublished":"2010-07-02T01:22:34+00:00","dateModified":"2016-03-17T20:00:22+00:00","mainEntityOfPage":{"@id":"https:\/\/news.ecclesia.org.br\/?p=4580"},"wordCount":576,"commentCount":0,"publisher":{"@id":"https:\/\/news.ecclesia.org.br\/#organization"},"image":{"@id":"https:\/\/news.ecclesia.org.br\/?p=4580#primaryimage"},"thumbnailUrl":"https:\/\/news.ecclesia.org.br\/wp-content\/uploads\/2010\/07\/protestos-contra-proibicao-de-crucifixos-na-italia.jpg","articleSection":["NEWS"],"inLanguage":"pt-BR","potentialAction":[{"@type":"CommentAction","name":"Comment","target":["https:\/\/news.ecclesia.org.br\/?p=4580#respond"]}]},{"@type":"WebPage","@id":"https:\/\/news.ecclesia.org.br\/?p=4580","url":"https:\/\/news.ecclesia.org.br\/?p=4580","name":"It\u00e1lia entra com recurso contra proibi\u00e7\u00e3o de crucifixos em escolas | ECCLESIA NEWS","isPartOf":{"@id":"https:\/\/news.ecclesia.org.br\/#website"},"primaryImageOfPage":{"@id":"https:\/\/news.ecclesia.org.br\/?p=4580#primaryimage"},"image":{"@id":"https:\/\/news.ecclesia.org.br\/?p=4580#primaryimage"},"thumbnailUrl":"https:\/\/news.ecclesia.org.br\/wp-content\/uploads\/2010\/07\/protestos-contra-proibicao-de-crucifixos-na-italia.jpg","datePublished":"2010-07-02T01:22:34+00:00","dateModified":"2016-03-17T20:00:22+00:00","breadcrumb":{"@id":"https:\/\/news.ecclesia.org.br\/?p=4580#breadcrumb"},"inLanguage":"pt-BR","potentialAction":[{"@type":"ReadAction","target":["https:\/\/news.ecclesia.org.br\/?p=4580"]}]},{"@type":"ImageObject","inLanguage":"pt-BR","@id":"https:\/\/news.ecclesia.org.br\/?p=4580#primaryimage","url":"https:\/\/news.ecclesia.org.br\/wp-content\/uploads\/2010\/07\/protestos-contra-proibicao-de-crucifixos-na-italia.jpg","contentUrl":"https:\/\/news.ecclesia.org.br\/wp-content\/uploads\/2010\/07\/protestos-contra-proibicao-de-crucifixos-na-italia.jpg","width":800,"height":511},{"@type":"BreadcrumbList","@id":"https:\/\/news.ecclesia.org.br\/?p=4580#breadcrumb","itemListElement":[{"@type":"ListItem","position":1,"name":"In\u00edcio","item":"https:\/\/news.ecclesia.org.br\/"},{"@type":"ListItem","position":2,"name":"It\u00e1lia entra com recurso contra proibi\u00e7\u00e3o de crucifixos em escolas"}]},{"@type":"WebSite","@id":"https:\/\/news.ecclesia.org.br\/#website","url":"https:\/\/news.ecclesia.org.br\/","name":"Ecclesia Brasil","description":"Desde 2003 onectando o Brasil ao mundo ortodoxo!","publisher":{"@id":"https:\/\/news.ecclesia.org.br\/#organization"},"alternateName":"Ecclesia","potentialAction":[{"@type":"SearchAction","target":{"@type":"EntryPoint","urlTemplate":"https:\/\/news.ecclesia.org.br\/?s={search_term_string}"},"query-input":{"@type":"PropertyValueSpecification","valueRequired":true,"valueName":"search_term_string"}}],"inLanguage":"pt-BR"},{"@type":"Organization","@id":"https:\/\/news.ecclesia.org.br\/#organization","name":"Sacra Arquidiocese de Buenos Aires e Am\u00e9rica do Sul | Patriarcado Ecum\u00eanico","alternateName":"News Ecclesia Brasil","url":"https:\/\/news.ecclesia.org.br\/","logo":{"@type":"ImageObject","inLanguage":"pt-BR","@id":"https:\/\/news.ecclesia.org.br\/#\/schema\/logo\/image\/","url":"https:\/\/news.ecclesia.org.br\/wp-content\/uploads\/2025\/05\/ecclesia2.png","contentUrl":"https:\/\/news.ecclesia.org.br\/wp-content\/uploads\/2025\/05\/ecclesia2.png","width":480,"height":120,"caption":"Sacra Arquidiocese de Buenos Aires e Am\u00e9rica do Sul | Patriarcado Ecum\u00eanico"},"image":{"@id":"https:\/\/news.ecclesia.org.br\/#\/schema\/logo\/image\/"},"sameAs":["https:\/\/www.facebook.com\/Ecclesia2025","https:\/\/x.com\/EcclesiaNews","https:\/\/br.pinterest.com\/ekklisia\/","https:\/\/www.youtube.com\/@EcclesiaBrasil"]},{"@type":"Person","@id":"https:\/\/news.ecclesia.org.br\/#\/schema\/person\/6f09597f025829745ba414a569f63758","name":"Pe. Andr\u00e9","image":{"@type":"ImageObject","inLanguage":"pt-BR","@id":"https:\/\/secure.gravatar.com\/avatar\/b4327cfa27e9799da239a26adcd534fc29cdc0c4a4a148eecbcfeb9b42c617ac?s=96&d=mm&r=g","url":"https:\/\/secure.gravatar.com\/avatar\/b4327cfa27e9799da239a26adcd534fc29cdc0c4a4a148eecbcfeb9b42c617ac?s=96&d=mm&r=g","contentUrl":"https:\/\/secure.gravatar.com\/avatar\/b4327cfa27e9799da239a26adcd534fc29cdc0c4a4a148eecbcfeb9b42c617ac?s=96&d=mm&r=g","caption":"Pe. Andr\u00e9"},"sameAs":["https:\/\/www.ecclesia.org.br"]}]}},"_links":{"self":[{"href":"https:\/\/news.ecclesia.org.br\/index.php?rest_route=\/wp\/v2\/posts\/4580","targetHints":{"allow":["GET"]}}],"collection":[{"href":"https:\/\/news.ecclesia.org.br\/index.php?rest_route=\/wp\/v2\/posts"}],"about":[{"href":"https:\/\/news.ecclesia.org.br\/index.php?rest_route=\/wp\/v2\/types\/post"}],"author":[{"embeddable":true,"href":"https:\/\/news.ecclesia.org.br\/index.php?rest_route=\/wp\/v2\/users\/1"}],"replies":[{"embeddable":true,"href":"https:\/\/news.ecclesia.org.br\/index.php?rest_route=%2Fwp%2Fv2%2Fcomments&post=4580"}],"version-history":[{"count":0,"href":"https:\/\/news.ecclesia.org.br\/index.php?rest_route=\/wp\/v2\/posts\/4580\/revisions"}],"wp:featuredmedia":[{"embeddable":true,"href":"https:\/\/news.ecclesia.org.br\/index.php?rest_route=\/wp\/v2\/media\/16085"}],"wp:attachment":[{"href":"https:\/\/news.ecclesia.org.br\/index.php?rest_route=%2Fwp%2Fv2%2Fmedia&parent=4580"}],"wp:term":[{"taxonomy":"category","embeddable":true,"href":"https:\/\/news.ecclesia.org.br\/index.php?rest_route=%2Fwp%2Fv2%2Fcategories&post=4580"},{"taxonomy":"post_tag","embeddable":true,"href":"https:\/\/news.ecclesia.org.br\/index.php?rest_route=%2Fwp%2Fv2%2Ftags&post=4580"}],"curies":[{"name":"wp","href":"https:\/\/api.w.org\/{rel}","templated":true}]}}