{"id":4535,"date":"2010-06-26T19:31:01","date_gmt":"2010-06-26T21:31:01","guid":{"rendered":"http:\/\/www.ecclesia.com.br\/news\/?p=4535"},"modified":"2016-03-17T17:24:32","modified_gmt":"2016-03-17T17:24:32","slug":"miserias-da-sociedade-de-consumo","status":"publish","type":"post","link":"https:\/\/news.ecclesia.org.br\/?p=4535","title":{"rendered":"Mis\u00e9rias da sociedade de consumo"},"content":{"rendered":"<address style=\"text-align: right;\">Por Vilmar Berna<br \/>\nPortal do Meio Ambiente<\/address>\n<address style=\"text-align: right;\">\u00a0<\/address>\n<p style=\"text-align: justify;\">25\/06\/2010 &#8211; 10h06 &#8212; [Fonte: <a href=\"http:\/\/www.envolverde.com.br\/\" target=\"_blank\">Envolverde<\/a>] Segundo cientistas, se todos os pa\u00edses adotassem o mesmo estilo de desenvolvimento dos chamados pa\u00edses do Primeiro Mundo, seriam necess\u00e1rios cerca de quatro planetas terra de recursos naturais e, como s\u00f3 temos um, a conclus\u00e3o \u00e9 muito simples: os que podem est\u00e3o avan\u00e7ando sobre os recursos dos que n\u00e3o tem como impedir o saque. E por que os oprimidos n\u00e3o reagem? Por que est\u00e3o contentes com a situa\u00e7\u00e3o e nem pensam em se libertarem. Muito pelo contr\u00e1rio! Bombardeados o tempo todo por uma informa\u00e7\u00e3o comprometida com o consumo, as pessoas passaram a acreditar que n\u00e3o h\u00e1 nada de errado com a Sociedade de Consumo, onde se diz que as oportunidades s\u00e3o iguais para todos. Se a pessoa se esfor\u00e7ar mais, trabalhar mais e melhor, se endividar e pagar as presta\u00e7\u00f5es, ent\u00e3o alcan\u00e7ar\u00e1 os mesmos patamares de consumo e de qualidade de vida dos ricos e famosos!<\/p>\n<p style=\"text-align: justify;\">Ningu\u00e9m gosta da pobreza muito menos ap\u00f3ia desigualdades, mas \u00e9 gra\u00e7as \u00e0 exist\u00eancia de tais mis\u00e9rias em nossas sociedades que uns podem acumular mais que os outros. Gandhi alertou que existem recursos no planeta para todos, mas n\u00e3o para a gan\u00e2ncia de uns poucos e que a paz \u00e9 fruto da justi\u00e7a.<\/p>\n<p style=\"text-align: justify;\">Paulo Freire afirmava que o grande papel da educa\u00e7\u00e3o deveria ser o de libertar as pessoas da escravid\u00e3o do consumismo. Entretanto, somos estimulados o tempo todo, desde criancinhas, e por todos os meios a consumir sem parar! Ao inv\u00e9s de tentarmos nos libertar, ou de questionarmos este modelo, queremos consumir mais e mais, num padr\u00e3o t\u00e3o elevado quanto o dos ricos e famosos, incensados pela m\u00eddia para que os tomemos como modelo a serem seguidos e invejados.<\/p>\n<p style=\"text-align: justify;\">Os shoppings tornaram-se templos de consumo do deus Mercado, verdadeiras ilhas da fantasia onde at\u00e9 o ar que se respira tem a temperatura controlada. A moda, a propaganda e a informa\u00e7\u00e3o &#8211; comprometidas com este modelo &#8211; s\u00e3o os principais carros-chefe dessa nova religi\u00e3o e cumprem o papel de dar velocidade e legitimidade ao consumo, criando novos desejos e necessidades, tornando o novo j\u00e1 ultrapassado e obsoleto assim que o consumidor sair da loja.<\/p>\n<p style=\"text-align: justify;\">Somos levados a confundir a posse de bens com felicidade e reconhecimento social, e a nos avaliarmos n\u00e3o pelo que somos, mas pelo que possu\u00edmos. Somos induzidos a consumir n\u00e3o por que precisamos, mas por que merecemos, desejamos, podemos. A falta de dinheiro, que deveria funcionar com um limitador, \u00e9 superada rapidamente pelo cr\u00e9dito f\u00e1cil e presta\u00e7\u00f5es a perder de vista que beiram a irresponsabilidade. Os consumidores acabam escravizados \u00e0s suas d\u00edvidas, obrigando-se a dedicarem as melhores horas de suas vidas ao trabalho, para gerar os excedentes que os permitam pagar suas d\u00edvidas e adquirirem logo novas modernidades muitas das vezes nem t\u00e3o necess\u00e1rias assim.<\/p>\n<p style=\"text-align: justify;\">O tempo passou a ser o bem mais precioso e as pessoas passaram a dedic\u00e1-lo quase todo ao trabalho e mal conseguem ter tempo para elas pr\u00f3prias, para suas fam\u00edlias, para cultivar uma arte, um esporte, um lazer, ler um livro, ouvir uma m\u00fasica, dan\u00e7ar, reunir com os amigos. Tendemos a passar mais tempo com os colegas do trabalho que com nossa fam\u00edlia, filhos ou a pessoa amada. N\u00e3o temos mais tempo para comer com calma, e comer virou uma forma de tentar preencher o vazio e a ansiedade. As cidades est\u00e3o cada vez mais cheias de gente solit\u00e1ria que tentam preencher este vazio com mais consumo.<\/p>\n<p style=\"text-align: justify;\">Entretanto, enquanto uns perdem a liberdade, outros perdem a vida. O desemprego est\u00e1 entre um dos principais motivos para os suic\u00eddios, por que, numa sociedade de consumo, pessoas que n\u00e3o conseguem ganhar dinheiro, sentem-se um peso para as demais. Pessoas depressivas e solit\u00e1rias tamb\u00e9m se matam diante das frustra\u00e7\u00f5es ao descobrirem que a posse de bens de consumo e de riquezas n\u00e3o se converteu nas prometidas felicidade, prazer e reconhecimento social. A pr\u00f3pria vida humana perde import\u00e2ncia, j\u00e1 que s\u00f3 \u00e9 importante o que tem pre\u00e7o e n\u00e3o o que tem valor. E como a vida n\u00e3o tem pre\u00e7o, ent\u00e3o, n\u00e3o interessa para o neg\u00f3cio. Vidas fora do mercado n\u00e3o interessam, por que s\u00e3o vistas como uma esp\u00e9cie de peso para os demais. Est\u00e3o neste rol os aposentados, as crian\u00e7as, os inv\u00e1lidos, os desempregados. Por isso n\u00e3o se deve tratar como casos isolados quando jovens bem nascidos, com boa forma\u00e7\u00e3o, que t\u00eam de tudo, n\u00e3o conseguem perceber o que pode haver de mal em queimar mendigos, surrar prostitutas ou matar os pais e av\u00f3s que lhes negam dinheiro para comprar drogas. Para nosso horror e infelicidade, s\u00e3o demonstra\u00e7\u00f5es de uma sociedade doente, e pior, que n\u00e3o quer se tratar por que sequer reconhece o problema.<\/p>\n<p style=\"text-align: justify;\">A tarefa de educar os filhos acabou transferida para os professores e as empregadas dom\u00e9sticas &#8211; quando existem-, e confia-se cada vez mais na bab\u00e1-televis\u00e3o e mais recentemente na bab\u00e1-videogame para entreter e compensar as crian\u00e7as pela aus\u00eancia dos pais. Alguns pais tentam administrar os filhos e a vida dom\u00e9stica atrav\u00e9s do celular, e \u00e9 comum trocarem o afeto e a presen\u00e7a por brinquedos, mesada em dinheiro, presentes, que poder\u00e3o acabar corrompendo o esp\u00edrito das crian\u00e7as transformando-as em consumidoras vorazes no futuro como forma de tentar superar frustra\u00e7\u00f5es e tristezas.<\/p>\n<p style=\"text-align: justify;\">Cada vez mais as pessoas est\u00e3o sendo levadas a perseguir um modelo de consumo inalcan\u00e7\u00e1vel e que s\u00f3 far\u00e1 manter os pobres mais pobres e escravizados \u00e0 necessidade de trabalhar sem descanso a vida toda, deixando atr\u00e1s de si fam\u00edlias desestruturadas, pessoas ansiosas, e um planeta arrasado.<\/p>\n<address>* Vilmar \u00e9 escritor, com dezoito livros publicados, e jornalista, editor da Revista do Meio Ambiente e do\u00a0<a href=\"http:\/\/www.portaldomeioambiente.org.br\/\" target=\"_blank\">http:\/\/www.portaldomeioambiente.org.br\/<\/a> Por suas lutas pela democratiza\u00e7\u00e3o da informa\u00e7\u00e3o ambiental e forma\u00e7\u00e3o da cidadania socioambiental, recebeu em 1999, o Pr\u00eamio Global 500 da ONU Para o Meio Ambiente e, em 2003, o Pr\u00eamio Verde das Am\u00e9ricas.\u00a0 Site do escritor:\u00a0<a href=\"http:\/\/www.escritorvilmarberna.com.br\/\" target=\"_blank\">http:\/\/www.escritorvilmarberna.com.br\/<\/a><\/address>\n<p style=\"text-align: justify;\">\n","protected":false},"excerpt":{"rendered":"<p>Por Vilmar Berna Portal do Meio Ambiente \u00a0 25\/06\/2010 &#8211; 10h06 &#8212; [Fonte: Envolverde] Segundo cientistas, se todos os pa\u00edses adotassem o mesmo estilo de desenvolvimento dos chamados pa\u00edses do Primeiro Mundo, seriam necess\u00e1rios cerca de quatro planetas terra de&#8230;<\/p>\n","protected":false},"author":1,"featured_media":15925,"comment_status":"open","ping_status":"open","sticky":false,"template":"","format":"standard","meta":{"_acf_changed":false,"footnotes":""},"categories":[1],"tags":[],"class_list":["post-4535","post","type-post","status-publish","format-standard","has-post-thumbnail","hentry","category-news","entry","rows-excerpt"],"acf":[],"yoast_head":"<!-- This site is optimized with the Yoast SEO plugin v27.5 - https:\/\/yoast.com\/product\/yoast-seo-wordpress\/ -->\n<title>Mis\u00e9rias da sociedade de consumo | ECCLESIA NEWS<\/title>\n<meta name=\"robots\" content=\"index, follow, max-snippet:-1, max-image-preview:large, max-video-preview:-1\" \/>\n<link rel=\"canonical\" href=\"https:\/\/news.ecclesia.org.br\/?p=4535\" \/>\n<meta property=\"og:locale\" content=\"pt_BR\" \/>\n<meta property=\"og:type\" content=\"article\" \/>\n<meta property=\"og:title\" content=\"Mis\u00e9rias da sociedade de consumo | ECCLESIA NEWS\" \/>\n<meta property=\"og:description\" content=\"Por Vilmar Berna Portal do Meio Ambiente \u00a0 25\/06\/2010 &#8211; 10h06 &#8212; [Fonte: Envolverde] Segundo cientistas, se todos os pa\u00edses adotassem o mesmo estilo de desenvolvimento dos chamados pa\u00edses do Primeiro Mundo, seriam necess\u00e1rios cerca de quatro planetas terra de&#8230;\" \/>\n<meta property=\"og:url\" content=\"https:\/\/news.ecclesia.org.br\/?p=4535\" \/>\n<meta property=\"og:site_name\" content=\"ECCLESIA NEWS\" \/>\n<meta property=\"article:publisher\" content=\"https:\/\/www.facebook.com\/Ecclesia2025\" \/>\n<meta property=\"article:published_time\" content=\"2010-06-26T21:31:01+00:00\" \/>\n<meta property=\"article:modified_time\" content=\"2016-03-17T17:24:32+00:00\" \/>\n<meta property=\"og:image\" content=\"https:\/\/news.ecclesia.org.br\/wp-content\/uploads\/2010\/06\/miserias-da-sociedade-de-consumo.jpg\" \/>\n\t<meta property=\"og:image:width\" content=\"350\" \/>\n\t<meta property=\"og:image:height\" content=\"237\" \/>\n\t<meta property=\"og:image:type\" content=\"image\/jpeg\" \/>\n<meta name=\"author\" content=\"Pe. Andr\u00e9\" \/>\n<meta name=\"twitter:card\" content=\"summary_large_image\" \/>\n<meta name=\"twitter:creator\" content=\"@EcclesiaNews\" \/>\n<meta name=\"twitter:site\" content=\"@EcclesiaNews\" \/>\n<meta name=\"twitter:label1\" content=\"Escrito por\" \/>\n\t<meta name=\"twitter:data1\" content=\"Pe. Andr\u00e9\" \/>\n\t<meta name=\"twitter:label2\" content=\"Est. tempo de leitura\" \/>\n\t<meta name=\"twitter:data2\" content=\"5 minutos\" \/>\n<script type=\"application\/ld+json\" class=\"yoast-schema-graph\">{\"@context\":\"https:\\\/\\\/schema.org\",\"@graph\":[{\"@type\":\"Article\",\"@id\":\"https:\\\/\\\/news.ecclesia.org.br\\\/?p=4535#article\",\"isPartOf\":{\"@id\":\"https:\\\/\\\/news.ecclesia.org.br\\\/?p=4535\"},\"author\":{\"name\":\"Pe. Andr\u00e9\",\"@id\":\"https:\\\/\\\/news.ecclesia.org.br\\\/#\\\/schema\\\/person\\\/6f09597f025829745ba414a569f63758\"},\"headline\":\"Mis\u00e9rias da sociedade de consumo\",\"datePublished\":\"2010-06-26T21:31:01+00:00\",\"dateModified\":\"2016-03-17T17:24:32+00:00\",\"mainEntityOfPage\":{\"@id\":\"https:\\\/\\\/news.ecclesia.org.br\\\/?p=4535\"},\"wordCount\":1079,\"commentCount\":0,\"publisher\":{\"@id\":\"https:\\\/\\\/news.ecclesia.org.br\\\/#organization\"},\"image\":{\"@id\":\"https:\\\/\\\/news.ecclesia.org.br\\\/?p=4535#primaryimage\"},\"thumbnailUrl\":\"https:\\\/\\\/news.ecclesia.org.br\\\/wp-content\\\/uploads\\\/2010\\\/06\\\/miserias-da-sociedade-de-consumo.jpg\",\"articleSection\":[\"NEWS\"],\"inLanguage\":\"pt-BR\",\"potentialAction\":[{\"@type\":\"CommentAction\",\"name\":\"Comment\",\"target\":[\"https:\\\/\\\/news.ecclesia.org.br\\\/?p=4535#respond\"]}]},{\"@type\":\"WebPage\",\"@id\":\"https:\\\/\\\/news.ecclesia.org.br\\\/?p=4535\",\"url\":\"https:\\\/\\\/news.ecclesia.org.br\\\/?p=4535\",\"name\":\"Mis\u00e9rias da sociedade de consumo | ECCLESIA NEWS\",\"isPartOf\":{\"@id\":\"https:\\\/\\\/news.ecclesia.org.br\\\/#website\"},\"primaryImageOfPage\":{\"@id\":\"https:\\\/\\\/news.ecclesia.org.br\\\/?p=4535#primaryimage\"},\"image\":{\"@id\":\"https:\\\/\\\/news.ecclesia.org.br\\\/?p=4535#primaryimage\"},\"thumbnailUrl\":\"https:\\\/\\\/news.ecclesia.org.br\\\/wp-content\\\/uploads\\\/2010\\\/06\\\/miserias-da-sociedade-de-consumo.jpg\",\"datePublished\":\"2010-06-26T21:31:01+00:00\",\"dateModified\":\"2016-03-17T17:24:32+00:00\",\"breadcrumb\":{\"@id\":\"https:\\\/\\\/news.ecclesia.org.br\\\/?p=4535#breadcrumb\"},\"inLanguage\":\"pt-BR\",\"potentialAction\":[{\"@type\":\"ReadAction\",\"target\":[\"https:\\\/\\\/news.ecclesia.org.br\\\/?p=4535\"]}]},{\"@type\":\"ImageObject\",\"inLanguage\":\"pt-BR\",\"@id\":\"https:\\\/\\\/news.ecclesia.org.br\\\/?p=4535#primaryimage\",\"url\":\"https:\\\/\\\/news.ecclesia.org.br\\\/wp-content\\\/uploads\\\/2010\\\/06\\\/miserias-da-sociedade-de-consumo.jpg\",\"contentUrl\":\"https:\\\/\\\/news.ecclesia.org.br\\\/wp-content\\\/uploads\\\/2010\\\/06\\\/miserias-da-sociedade-de-consumo.jpg\",\"width\":350,\"height\":237},{\"@type\":\"BreadcrumbList\",\"@id\":\"https:\\\/\\\/news.ecclesia.org.br\\\/?p=4535#breadcrumb\",\"itemListElement\":[{\"@type\":\"ListItem\",\"position\":1,\"name\":\"In\u00edcio\",\"item\":\"https:\\\/\\\/news.ecclesia.org.br\\\/\"},{\"@type\":\"ListItem\",\"position\":2,\"name\":\"Mis\u00e9rias da sociedade de consumo\"}]},{\"@type\":\"WebSite\",\"@id\":\"https:\\\/\\\/news.ecclesia.org.br\\\/#website\",\"url\":\"https:\\\/\\\/news.ecclesia.org.br\\\/\",\"name\":\"Ecclesia Brasil\",\"description\":\"Desde 2003 onectando o Brasil ao mundo ortodoxo!\",\"publisher\":{\"@id\":\"https:\\\/\\\/news.ecclesia.org.br\\\/#organization\"},\"alternateName\":\"Ecclesia\",\"potentialAction\":[{\"@type\":\"SearchAction\",\"target\":{\"@type\":\"EntryPoint\",\"urlTemplate\":\"https:\\\/\\\/news.ecclesia.org.br\\\/?s={search_term_string}\"},\"query-input\":{\"@type\":\"PropertyValueSpecification\",\"valueRequired\":true,\"valueName\":\"search_term_string\"}}],\"inLanguage\":\"pt-BR\"},{\"@type\":\"Organization\",\"@id\":\"https:\\\/\\\/news.ecclesia.org.br\\\/#organization\",\"name\":\"Sacra Arquidiocese de Buenos Aires e Am\u00e9rica do Sul | Patriarcado Ecum\u00eanico\",\"alternateName\":\"News Ecclesia Brasil\",\"url\":\"https:\\\/\\\/news.ecclesia.org.br\\\/\",\"logo\":{\"@type\":\"ImageObject\",\"inLanguage\":\"pt-BR\",\"@id\":\"https:\\\/\\\/news.ecclesia.org.br\\\/#\\\/schema\\\/logo\\\/image\\\/\",\"url\":\"https:\\\/\\\/news.ecclesia.org.br\\\/wp-content\\\/uploads\\\/2025\\\/05\\\/ecclesia2.png\",\"contentUrl\":\"https:\\\/\\\/news.ecclesia.org.br\\\/wp-content\\\/uploads\\\/2025\\\/05\\\/ecclesia2.png\",\"width\":480,\"height\":120,\"caption\":\"Sacra Arquidiocese de Buenos Aires e Am\u00e9rica do Sul | Patriarcado Ecum\u00eanico\"},\"image\":{\"@id\":\"https:\\\/\\\/news.ecclesia.org.br\\\/#\\\/schema\\\/logo\\\/image\\\/\"},\"sameAs\":[\"https:\\\/\\\/www.facebook.com\\\/Ecclesia2025\",\"https:\\\/\\\/x.com\\\/EcclesiaNews\",\"https:\\\/\\\/br.pinterest.com\\\/ekklisia\\\/\",\"https:\\\/\\\/www.youtube.com\\\/@EcclesiaBrasil\"]},{\"@type\":\"Person\",\"@id\":\"https:\\\/\\\/news.ecclesia.org.br\\\/#\\\/schema\\\/person\\\/6f09597f025829745ba414a569f63758\",\"name\":\"Pe. Andr\u00e9\",\"image\":{\"@type\":\"ImageObject\",\"inLanguage\":\"pt-BR\",\"@id\":\"https:\\\/\\\/secure.gravatar.com\\\/avatar\\\/b4327cfa27e9799da239a26adcd534fc29cdc0c4a4a148eecbcfeb9b42c617ac?s=96&d=mm&r=g\",\"url\":\"https:\\\/\\\/secure.gravatar.com\\\/avatar\\\/b4327cfa27e9799da239a26adcd534fc29cdc0c4a4a148eecbcfeb9b42c617ac?s=96&d=mm&r=g\",\"contentUrl\":\"https:\\\/\\\/secure.gravatar.com\\\/avatar\\\/b4327cfa27e9799da239a26adcd534fc29cdc0c4a4a148eecbcfeb9b42c617ac?s=96&d=mm&r=g\",\"caption\":\"Pe. Andr\u00e9\"},\"sameAs\":[\"https:\\\/\\\/www.ecclesia.org.br\"]}]}<\/script>\n<!-- \/ Yoast SEO plugin. -->","yoast_head_json":{"title":"Mis\u00e9rias da sociedade de consumo | ECCLESIA NEWS","robots":{"index":"index","follow":"follow","max-snippet":"max-snippet:-1","max-image-preview":"max-image-preview:large","max-video-preview":"max-video-preview:-1"},"canonical":"https:\/\/news.ecclesia.org.br\/?p=4535","og_locale":"pt_BR","og_type":"article","og_title":"Mis\u00e9rias da sociedade de consumo | ECCLESIA NEWS","og_description":"Por Vilmar Berna Portal do Meio Ambiente \u00a0 25\/06\/2010 &#8211; 10h06 &#8212; [Fonte: Envolverde] Segundo cientistas, se todos os pa\u00edses adotassem o mesmo estilo de desenvolvimento dos chamados pa\u00edses do Primeiro Mundo, seriam necess\u00e1rios cerca de quatro planetas terra de&#8230;","og_url":"https:\/\/news.ecclesia.org.br\/?p=4535","og_site_name":"ECCLESIA NEWS","article_publisher":"https:\/\/www.facebook.com\/Ecclesia2025","article_published_time":"2010-06-26T21:31:01+00:00","article_modified_time":"2016-03-17T17:24:32+00:00","og_image":[{"width":350,"height":237,"url":"https:\/\/news.ecclesia.org.br\/wp-content\/uploads\/2010\/06\/miserias-da-sociedade-de-consumo.jpg","type":"image\/jpeg"}],"author":"Pe. Andr\u00e9","twitter_card":"summary_large_image","twitter_creator":"@EcclesiaNews","twitter_site":"@EcclesiaNews","twitter_misc":{"Escrito por":"Pe. Andr\u00e9","Est. tempo de leitura":"5 minutos"},"schema":{"@context":"https:\/\/schema.org","@graph":[{"@type":"Article","@id":"https:\/\/news.ecclesia.org.br\/?p=4535#article","isPartOf":{"@id":"https:\/\/news.ecclesia.org.br\/?p=4535"},"author":{"name":"Pe. Andr\u00e9","@id":"https:\/\/news.ecclesia.org.br\/#\/schema\/person\/6f09597f025829745ba414a569f63758"},"headline":"Mis\u00e9rias da sociedade de consumo","datePublished":"2010-06-26T21:31:01+00:00","dateModified":"2016-03-17T17:24:32+00:00","mainEntityOfPage":{"@id":"https:\/\/news.ecclesia.org.br\/?p=4535"},"wordCount":1079,"commentCount":0,"publisher":{"@id":"https:\/\/news.ecclesia.org.br\/#organization"},"image":{"@id":"https:\/\/news.ecclesia.org.br\/?p=4535#primaryimage"},"thumbnailUrl":"https:\/\/news.ecclesia.org.br\/wp-content\/uploads\/2010\/06\/miserias-da-sociedade-de-consumo.jpg","articleSection":["NEWS"],"inLanguage":"pt-BR","potentialAction":[{"@type":"CommentAction","name":"Comment","target":["https:\/\/news.ecclesia.org.br\/?p=4535#respond"]}]},{"@type":"WebPage","@id":"https:\/\/news.ecclesia.org.br\/?p=4535","url":"https:\/\/news.ecclesia.org.br\/?p=4535","name":"Mis\u00e9rias da sociedade de consumo | ECCLESIA NEWS","isPartOf":{"@id":"https:\/\/news.ecclesia.org.br\/#website"},"primaryImageOfPage":{"@id":"https:\/\/news.ecclesia.org.br\/?p=4535#primaryimage"},"image":{"@id":"https:\/\/news.ecclesia.org.br\/?p=4535#primaryimage"},"thumbnailUrl":"https:\/\/news.ecclesia.org.br\/wp-content\/uploads\/2010\/06\/miserias-da-sociedade-de-consumo.jpg","datePublished":"2010-06-26T21:31:01+00:00","dateModified":"2016-03-17T17:24:32+00:00","breadcrumb":{"@id":"https:\/\/news.ecclesia.org.br\/?p=4535#breadcrumb"},"inLanguage":"pt-BR","potentialAction":[{"@type":"ReadAction","target":["https:\/\/news.ecclesia.org.br\/?p=4535"]}]},{"@type":"ImageObject","inLanguage":"pt-BR","@id":"https:\/\/news.ecclesia.org.br\/?p=4535#primaryimage","url":"https:\/\/news.ecclesia.org.br\/wp-content\/uploads\/2010\/06\/miserias-da-sociedade-de-consumo.jpg","contentUrl":"https:\/\/news.ecclesia.org.br\/wp-content\/uploads\/2010\/06\/miserias-da-sociedade-de-consumo.jpg","width":350,"height":237},{"@type":"BreadcrumbList","@id":"https:\/\/news.ecclesia.org.br\/?p=4535#breadcrumb","itemListElement":[{"@type":"ListItem","position":1,"name":"In\u00edcio","item":"https:\/\/news.ecclesia.org.br\/"},{"@type":"ListItem","position":2,"name":"Mis\u00e9rias da sociedade de consumo"}]},{"@type":"WebSite","@id":"https:\/\/news.ecclesia.org.br\/#website","url":"https:\/\/news.ecclesia.org.br\/","name":"Ecclesia Brasil","description":"Desde 2003 onectando o Brasil ao mundo ortodoxo!","publisher":{"@id":"https:\/\/news.ecclesia.org.br\/#organization"},"alternateName":"Ecclesia","potentialAction":[{"@type":"SearchAction","target":{"@type":"EntryPoint","urlTemplate":"https:\/\/news.ecclesia.org.br\/?s={search_term_string}"},"query-input":{"@type":"PropertyValueSpecification","valueRequired":true,"valueName":"search_term_string"}}],"inLanguage":"pt-BR"},{"@type":"Organization","@id":"https:\/\/news.ecclesia.org.br\/#organization","name":"Sacra Arquidiocese de Buenos Aires e Am\u00e9rica do Sul | Patriarcado Ecum\u00eanico","alternateName":"News Ecclesia Brasil","url":"https:\/\/news.ecclesia.org.br\/","logo":{"@type":"ImageObject","inLanguage":"pt-BR","@id":"https:\/\/news.ecclesia.org.br\/#\/schema\/logo\/image\/","url":"https:\/\/news.ecclesia.org.br\/wp-content\/uploads\/2025\/05\/ecclesia2.png","contentUrl":"https:\/\/news.ecclesia.org.br\/wp-content\/uploads\/2025\/05\/ecclesia2.png","width":480,"height":120,"caption":"Sacra Arquidiocese de Buenos Aires e Am\u00e9rica do Sul | Patriarcado Ecum\u00eanico"},"image":{"@id":"https:\/\/news.ecclesia.org.br\/#\/schema\/logo\/image\/"},"sameAs":["https:\/\/www.facebook.com\/Ecclesia2025","https:\/\/x.com\/EcclesiaNews","https:\/\/br.pinterest.com\/ekklisia\/","https:\/\/www.youtube.com\/@EcclesiaBrasil"]},{"@type":"Person","@id":"https:\/\/news.ecclesia.org.br\/#\/schema\/person\/6f09597f025829745ba414a569f63758","name":"Pe. Andr\u00e9","image":{"@type":"ImageObject","inLanguage":"pt-BR","@id":"https:\/\/secure.gravatar.com\/avatar\/b4327cfa27e9799da239a26adcd534fc29cdc0c4a4a148eecbcfeb9b42c617ac?s=96&d=mm&r=g","url":"https:\/\/secure.gravatar.com\/avatar\/b4327cfa27e9799da239a26adcd534fc29cdc0c4a4a148eecbcfeb9b42c617ac?s=96&d=mm&r=g","contentUrl":"https:\/\/secure.gravatar.com\/avatar\/b4327cfa27e9799da239a26adcd534fc29cdc0c4a4a148eecbcfeb9b42c617ac?s=96&d=mm&r=g","caption":"Pe. Andr\u00e9"},"sameAs":["https:\/\/www.ecclesia.org.br"]}]}},"_links":{"self":[{"href":"https:\/\/news.ecclesia.org.br\/index.php?rest_route=\/wp\/v2\/posts\/4535","targetHints":{"allow":["GET"]}}],"collection":[{"href":"https:\/\/news.ecclesia.org.br\/index.php?rest_route=\/wp\/v2\/posts"}],"about":[{"href":"https:\/\/news.ecclesia.org.br\/index.php?rest_route=\/wp\/v2\/types\/post"}],"author":[{"embeddable":true,"href":"https:\/\/news.ecclesia.org.br\/index.php?rest_route=\/wp\/v2\/users\/1"}],"replies":[{"embeddable":true,"href":"https:\/\/news.ecclesia.org.br\/index.php?rest_route=%2Fwp%2Fv2%2Fcomments&post=4535"}],"version-history":[{"count":0,"href":"https:\/\/news.ecclesia.org.br\/index.php?rest_route=\/wp\/v2\/posts\/4535\/revisions"}],"wp:featuredmedia":[{"embeddable":true,"href":"https:\/\/news.ecclesia.org.br\/index.php?rest_route=\/wp\/v2\/media\/15925"}],"wp:attachment":[{"href":"https:\/\/news.ecclesia.org.br\/index.php?rest_route=%2Fwp%2Fv2%2Fmedia&parent=4535"}],"wp:term":[{"taxonomy":"category","embeddable":true,"href":"https:\/\/news.ecclesia.org.br\/index.php?rest_route=%2Fwp%2Fv2%2Fcategories&post=4535"},{"taxonomy":"post_tag","embeddable":true,"href":"https:\/\/news.ecclesia.org.br\/index.php?rest_route=%2Fwp%2Fv2%2Ftags&post=4535"}],"curies":[{"name":"wp","href":"https:\/\/api.w.org\/{rel}","templated":true}]}}