{"id":4520,"date":"2010-06-23T11:50:51","date_gmt":"2010-06-23T13:50:51","guid":{"rendered":"http:\/\/www.ecclesia.com.br\/news\/?p=4520"},"modified":"2016-03-17T17:27:43","modified_gmt":"2016-03-17T17:27:43","slug":"achadas-em-roma-as-pinturas-mais-antigas-dos-apostolos","status":"publish","type":"post","link":"https:\/\/news.ecclesia.org.br\/?p=4520","title":{"rendered":"ACHADAS EM ROMA AS PINTURAS MAIS ANTIGAS DOS AP\u00d3STOLOS"},"content":{"rendered":"<p style=\"text-align: justify;\"><strong>Encontram-se nas catacumbas de Santa Tecla, perto da Via Ostiense<\/strong><\/p>\n<p style=\"text-align: right;\">Por Carmen Elena Villa<\/p>\n<p style=\"text-align: justify;\"><div id=\"galleria-4520\"><a href=\"https:\/\/news.ecclesia.org.br\/wp-content\/uploads\/2010\/06\/icone-s-paulo.jpg\"><img decoding=\"async\" title=\"icone-s-paulo\" alt=\"\" src=\"https:\/\/news.ecclesia.org.br\/wp-content\/uploads\/2010\/06\/icone-s-paulo-73x55.jpg\" data-big=\"https:\/\/news.ecclesia.org.br\/wp-content\/uploads\/2010\/06\/icone-s-paulo.jpg\"><\/a><a href=\"https:\/\/news.ecclesia.org.br\/wp-content\/uploads\/2010\/06\/icone-s-paulo1.jpg\"><img decoding=\"async\" title=\"icone-s-paulo1\" alt=\"\" src=\"https:\/\/news.ecclesia.org.br\/wp-content\/uploads\/2010\/06\/icone-s-paulo1-73x55.jpg\" data-big=\"https:\/\/news.ecclesia.org.br\/wp-content\/uploads\/2010\/06\/icone-s-paulo1.jpg\"><\/a><a href=\"https:\/\/news.ecclesia.org.br\/wp-content\/uploads\/2010\/06\/icone-s-paulo2.jpg\"><img decoding=\"async\" title=\"icone-s-paulo2\" alt=\"\" src=\"https:\/\/news.ecclesia.org.br\/wp-content\/uploads\/2010\/06\/icone-s-paulo2-50x55.jpg\" data-big=\"https:\/\/news.ecclesia.org.br\/wp-content\/uploads\/2010\/06\/icone-s-paulo2.jpg\"><\/a><\/div><\/p>\n<p style=\"text-align: justify;\">ROMA, ter\u00e7a-feira, 22 de junho de 2010 (<a href=\"http:\/\/www.zenit.org\/www.zenit.org\" target=\"_blank\">ZENIT.org<\/a>) &#8211; Em um dos ramais das catacumbas de Santa Tecla foi descoberto recentemente um important\u00edssimo tesouro da arqueologia sacra: as pinturas mais antigas dos ap\u00f3stolos (final do s\u00e9culo IV). Est\u00e3o representados Pedro, Paulo, Andr\u00e9 e Jo\u00e3o.\u00a0O achado, que foi revelado depois de 2 anos de investiga\u00e7\u00f5es e anunciado no ano passado no L&#8217; Osservatore Romano, foi apresentado oficialmente hoje em uma coletiva de imprensa dirigida pelo presidente da Comiss\u00e3o Pontif\u00edcia de Arqueologia Sacra e do Conselho Pontif\u00edcio para a Cultura, Dom Gianfranco Ravasi.\u00a0As catacumbas de Santa Tecla se encontram na Via Ostiense de Roma, a 500 metros da bas\u00edlica de S\u00e3o Paulo Fora dos Muros.<\/p>\n<p style=\"text-align: justify;\"><strong>O achado<\/strong><\/p>\n<p style=\"text-align: justify;\">As descobertas foram realizadas gra\u00e7as \u00e0 tecnologia a laser, que conseguiu eliminar uma grossa camada que cobria estas obras, e que foi usada pela primeira vez pelos restauradores em um ambiente estreito, extremamente \u00famido.\u00a0Barbara Mizzei, respons\u00e1vel pela restaura\u00e7\u00e3o, disse que esta aconteceu &#8220;em um momento particular&#8221;, no qual &#8220;n\u00e3o t\u00ednhamos nenhuma situa\u00e7\u00e3o de urg\u00eancia &#8211; porque \u00e0s vezes trabalhamos com urg\u00eancia&#8221;.\u00a0Mizzei explicou que a concentra\u00e7\u00e3o de cal que cobria os rostos dos ap\u00f3stolos &#8220;foi levantada sem tocar a pel\u00edcula pict\u00f3rica&#8221; devido a que a umidade permitia ao laser &#8220;tocar a compress\u00e3o calc\u00e1ria&#8221;, a qual &#8220;se transformava e se vaporizava e provocava uma esp\u00e9cie de pequena explos\u00e3o, que gerava o destacamento&#8221;.<\/p>\n<p style=\"text-align: justify;\"><strong>Contexto hist\u00f3rico<\/strong><\/p>\n<p style=\"text-align: justify;\">Ao parecer, o cub\u00edculo que tinha estas pinturas servia como t\u00famulo de uma mulher aparentemente nobre da aristocracia romana, que viveu no final do s\u00e9culo IV, quando em Roma se realizavam as \u00faltimas tentativas de defender o paganismo, na \u00e9poca do imperador Teod\u00f3sio (345-379).\u00a0Haviam se passado algumas d\u00e9cadas desde que Constantino aceitara o cristianismo como religi\u00e3o oficial do imp\u00e9rio. Era, ent\u00e3o, a \u00e9poca em que a f\u00e9 chegou aos mais altos n\u00edveis da hierarquia do Imp\u00e9rio Romano. As mulheres piedosas e as virgens da aristocracia romana prometeram um culto aos m\u00e1rtires e aos ap\u00f3stolos, na \u00e9poca do Papa D\u00e1maso I (366-384).\u00a0Segundo Dom Gianfranco Ravasi, a presen\u00e7a dos ap\u00f3stolos neste sepulcro &#8220;evoca uma esp\u00e9cie de devo\u00e7\u00e3o e de protetorado alternativo com rela\u00e7\u00e3o ao dos m\u00e1rtires romanos, que, de qualquer forma, apareceram nos t\u00famulos das fam\u00edlias&#8221;.\u00a0Por outro lado, Dom Giovanni Carr\u00fa, secret\u00e1rio da Comiss\u00e3o Pontif\u00edcia de Arqueologia Sacra, indicou que estes trabalhos &#8220;devolveram, tanto aos especialistas como aos visitadores, um patrim\u00f4nio iconogr\u00e1fico muito importante para reconstruir a hist\u00f3ria da comunidade crist\u00e3 de Roma, que, com as pinturas que decoram seus cemit\u00e9rios, expressam sua cultura, sua civiliza\u00e7\u00e3o e sua f\u00e9&#8221;.\u00a0A Comiss\u00e3o Pontif\u00edcia de Arqueologia Sacra foi institu\u00edda pelo Papa Pio IX em 1925. Trabalha na conserva\u00e7\u00e3o das catacumbas crist\u00e3s, na restaura\u00e7\u00e3o das obras e escava\u00e7\u00f5es. H\u00e1 cerca de 20 anos, vem trabalhando em um projeto de recupera\u00e7\u00e3o do patrim\u00f4nio pict\u00f3rico conservado nas catacumbas.\u00a0A atividade deste organismo vaticano contribuiu para recuperar e conhecer profundamente as catacumbas crist\u00e3s da It\u00e1lia, assim como valorizar um patrim\u00f4nio cultural e religioso que testemunha a viv\u00eancia do cristianismo desde as suas origens.<\/p>\n<p style=\"text-align: justify;\">\n","protected":false},"excerpt":{"rendered":"<p>Encontram-se nas catacumbas de Santa Tecla, perto da Via Ostiense Por Carmen Elena Villa ROMA, ter\u00e7a-feira, 22 de junho de 2010 (ZENIT.org) &#8211; Em um dos ramais das catacumbas de Santa Tecla foi descoberto recentemente um important\u00edssimo tesouro da arqueologia&#8230;<\/p>\n","protected":false},"author":1,"featured_media":15931,"comment_status":"open","ping_status":"open","sticky":false,"template":"","format":"standard","meta":{"_acf_changed":false,"footnotes":""},"categories":[1],"tags":[],"class_list":["post-4520","post","type-post","status-publish","format-standard","has-post-thumbnail","hentry","category-news","entry","rows-excerpt"],"acf":[],"yoast_head":"<!-- This site is optimized with the Yoast SEO plugin v27.5 - https:\/\/yoast.com\/product\/yoast-seo-wordpress\/ -->\n<title>ACHADAS EM ROMA AS PINTURAS MAIS ANTIGAS DOS AP\u00d3STOLOS | ECCLESIA NEWS<\/title>\n<meta name=\"robots\" content=\"index, follow, max-snippet:-1, max-image-preview:large, max-video-preview:-1\" \/>\n<link rel=\"canonical\" href=\"https:\/\/news.ecclesia.org.br\/?p=4520\" \/>\n<meta property=\"og:locale\" content=\"pt_BR\" \/>\n<meta property=\"og:type\" content=\"article\" \/>\n<meta property=\"og:title\" content=\"ACHADAS EM ROMA AS PINTURAS MAIS ANTIGAS DOS AP\u00d3STOLOS | ECCLESIA NEWS\" \/>\n<meta property=\"og:description\" content=\"Encontram-se nas catacumbas de Santa Tecla, perto da Via Ostiense Por Carmen Elena Villa ROMA, ter\u00e7a-feira, 22 de junho de 2010 (ZENIT.org) &#8211; Em um dos ramais das catacumbas de Santa Tecla foi descoberto recentemente um important\u00edssimo tesouro da arqueologia&#8230;\" \/>\n<meta property=\"og:url\" content=\"https:\/\/news.ecclesia.org.br\/?p=4520\" \/>\n<meta property=\"og:site_name\" content=\"ECCLESIA NEWS\" \/>\n<meta property=\"article:publisher\" content=\"https:\/\/www.facebook.com\/Ecclesia2025\" \/>\n<meta property=\"article:published_time\" content=\"2010-06-23T13:50:51+00:00\" \/>\n<meta property=\"article:modified_time\" content=\"2016-03-17T17:27:43+00:00\" \/>\n<meta property=\"og:image\" content=\"https:\/\/news.ecclesia.org.br\/wp-content\/uploads\/2010\/06\/icone-s-paulo2.jpg\" \/>\n\t<meta property=\"og:image:width\" content=\"288\" \/>\n\t<meta property=\"og:image:height\" content=\"320\" \/>\n\t<meta property=\"og:image:type\" content=\"image\/jpeg\" \/>\n<meta name=\"author\" content=\"Pe. Andr\u00e9\" \/>\n<meta name=\"twitter:card\" content=\"summary_large_image\" \/>\n<meta name=\"twitter:creator\" content=\"@EcclesiaNews\" \/>\n<meta name=\"twitter:site\" content=\"@EcclesiaNews\" \/>\n<meta name=\"twitter:label1\" content=\"Escrito por\" \/>\n\t<meta name=\"twitter:data1\" content=\"Pe. Andr\u00e9\" \/>\n\t<meta name=\"twitter:label2\" content=\"Est. tempo de leitura\" \/>\n\t<meta name=\"twitter:data2\" content=\"3 minutos\" \/>\n<script type=\"application\/ld+json\" class=\"yoast-schema-graph\">{\"@context\":\"https:\\\/\\\/schema.org\",\"@graph\":[{\"@type\":\"Article\",\"@id\":\"https:\\\/\\\/news.ecclesia.org.br\\\/?p=4520#article\",\"isPartOf\":{\"@id\":\"https:\\\/\\\/news.ecclesia.org.br\\\/?p=4520\"},\"author\":{\"name\":\"Pe. Andr\u00e9\",\"@id\":\"https:\\\/\\\/news.ecclesia.org.br\\\/#\\\/schema\\\/person\\\/6f09597f025829745ba414a569f63758\"},\"headline\":\"ACHADAS EM ROMA AS PINTURAS MAIS ANTIGAS DOS AP\u00d3STOLOS\",\"datePublished\":\"2010-06-23T13:50:51+00:00\",\"dateModified\":\"2016-03-17T17:27:43+00:00\",\"mainEntityOfPage\":{\"@id\":\"https:\\\/\\\/news.ecclesia.org.br\\\/?p=4520\"},\"wordCount\":592,\"commentCount\":0,\"publisher\":{\"@id\":\"https:\\\/\\\/news.ecclesia.org.br\\\/#organization\"},\"image\":{\"@id\":\"https:\\\/\\\/news.ecclesia.org.br\\\/?p=4520#primaryimage\"},\"thumbnailUrl\":\"https:\\\/\\\/news.ecclesia.org.br\\\/wp-content\\\/uploads\\\/2010\\\/06\\\/icone-s-paulo2.jpg\",\"articleSection\":[\"NEWS\"],\"inLanguage\":\"pt-BR\",\"potentialAction\":[{\"@type\":\"CommentAction\",\"name\":\"Comment\",\"target\":[\"https:\\\/\\\/news.ecclesia.org.br\\\/?p=4520#respond\"]}]},{\"@type\":\"WebPage\",\"@id\":\"https:\\\/\\\/news.ecclesia.org.br\\\/?p=4520\",\"url\":\"https:\\\/\\\/news.ecclesia.org.br\\\/?p=4520\",\"name\":\"ACHADAS EM ROMA AS PINTURAS MAIS ANTIGAS DOS AP\u00d3STOLOS | ECCLESIA NEWS\",\"isPartOf\":{\"@id\":\"https:\\\/\\\/news.ecclesia.org.br\\\/#website\"},\"primaryImageOfPage\":{\"@id\":\"https:\\\/\\\/news.ecclesia.org.br\\\/?p=4520#primaryimage\"},\"image\":{\"@id\":\"https:\\\/\\\/news.ecclesia.org.br\\\/?p=4520#primaryimage\"},\"thumbnailUrl\":\"https:\\\/\\\/news.ecclesia.org.br\\\/wp-content\\\/uploads\\\/2010\\\/06\\\/icone-s-paulo2.jpg\",\"datePublished\":\"2010-06-23T13:50:51+00:00\",\"dateModified\":\"2016-03-17T17:27:43+00:00\",\"breadcrumb\":{\"@id\":\"https:\\\/\\\/news.ecclesia.org.br\\\/?p=4520#breadcrumb\"},\"inLanguage\":\"pt-BR\",\"potentialAction\":[{\"@type\":\"ReadAction\",\"target\":[\"https:\\\/\\\/news.ecclesia.org.br\\\/?p=4520\"]}]},{\"@type\":\"ImageObject\",\"inLanguage\":\"pt-BR\",\"@id\":\"https:\\\/\\\/news.ecclesia.org.br\\\/?p=4520#primaryimage\",\"url\":\"https:\\\/\\\/news.ecclesia.org.br\\\/wp-content\\\/uploads\\\/2010\\\/06\\\/icone-s-paulo2.jpg\",\"contentUrl\":\"https:\\\/\\\/news.ecclesia.org.br\\\/wp-content\\\/uploads\\\/2010\\\/06\\\/icone-s-paulo2.jpg\",\"width\":288,\"height\":320},{\"@type\":\"BreadcrumbList\",\"@id\":\"https:\\\/\\\/news.ecclesia.org.br\\\/?p=4520#breadcrumb\",\"itemListElement\":[{\"@type\":\"ListItem\",\"position\":1,\"name\":\"In\u00edcio\",\"item\":\"https:\\\/\\\/news.ecclesia.org.br\\\/\"},{\"@type\":\"ListItem\",\"position\":2,\"name\":\"ACHADAS EM ROMA AS PINTURAS MAIS ANTIGAS DOS AP\u00d3STOLOS\"}]},{\"@type\":\"WebSite\",\"@id\":\"https:\\\/\\\/news.ecclesia.org.br\\\/#website\",\"url\":\"https:\\\/\\\/news.ecclesia.org.br\\\/\",\"name\":\"Ecclesia Brasil\",\"description\":\"Desde 2003 onectando o Brasil ao mundo ortodoxo!\",\"publisher\":{\"@id\":\"https:\\\/\\\/news.ecclesia.org.br\\\/#organization\"},\"alternateName\":\"Ecclesia\",\"potentialAction\":[{\"@type\":\"SearchAction\",\"target\":{\"@type\":\"EntryPoint\",\"urlTemplate\":\"https:\\\/\\\/news.ecclesia.org.br\\\/?s={search_term_string}\"},\"query-input\":{\"@type\":\"PropertyValueSpecification\",\"valueRequired\":true,\"valueName\":\"search_term_string\"}}],\"inLanguage\":\"pt-BR\"},{\"@type\":\"Organization\",\"@id\":\"https:\\\/\\\/news.ecclesia.org.br\\\/#organization\",\"name\":\"Sacra Arquidiocese de Buenos Aires e Am\u00e9rica do Sul | Patriarcado Ecum\u00eanico\",\"alternateName\":\"News Ecclesia Brasil\",\"url\":\"https:\\\/\\\/news.ecclesia.org.br\\\/\",\"logo\":{\"@type\":\"ImageObject\",\"inLanguage\":\"pt-BR\",\"@id\":\"https:\\\/\\\/news.ecclesia.org.br\\\/#\\\/schema\\\/logo\\\/image\\\/\",\"url\":\"https:\\\/\\\/news.ecclesia.org.br\\\/wp-content\\\/uploads\\\/2025\\\/05\\\/ecclesia2.png\",\"contentUrl\":\"https:\\\/\\\/news.ecclesia.org.br\\\/wp-content\\\/uploads\\\/2025\\\/05\\\/ecclesia2.png\",\"width\":480,\"height\":120,\"caption\":\"Sacra Arquidiocese de Buenos Aires e Am\u00e9rica do Sul | Patriarcado Ecum\u00eanico\"},\"image\":{\"@id\":\"https:\\\/\\\/news.ecclesia.org.br\\\/#\\\/schema\\\/logo\\\/image\\\/\"},\"sameAs\":[\"https:\\\/\\\/www.facebook.com\\\/Ecclesia2025\",\"https:\\\/\\\/x.com\\\/EcclesiaNews\",\"https:\\\/\\\/br.pinterest.com\\\/ekklisia\\\/\",\"https:\\\/\\\/www.youtube.com\\\/@EcclesiaBrasil\"]},{\"@type\":\"Person\",\"@id\":\"https:\\\/\\\/news.ecclesia.org.br\\\/#\\\/schema\\\/person\\\/6f09597f025829745ba414a569f63758\",\"name\":\"Pe. Andr\u00e9\",\"image\":{\"@type\":\"ImageObject\",\"inLanguage\":\"pt-BR\",\"@id\":\"https:\\\/\\\/secure.gravatar.com\\\/avatar\\\/b4327cfa27e9799da239a26adcd534fc29cdc0c4a4a148eecbcfeb9b42c617ac?s=96&d=mm&r=g\",\"url\":\"https:\\\/\\\/secure.gravatar.com\\\/avatar\\\/b4327cfa27e9799da239a26adcd534fc29cdc0c4a4a148eecbcfeb9b42c617ac?s=96&d=mm&r=g\",\"contentUrl\":\"https:\\\/\\\/secure.gravatar.com\\\/avatar\\\/b4327cfa27e9799da239a26adcd534fc29cdc0c4a4a148eecbcfeb9b42c617ac?s=96&d=mm&r=g\",\"caption\":\"Pe. Andr\u00e9\"},\"sameAs\":[\"https:\\\/\\\/www.ecclesia.org.br\"]}]}<\/script>\n<!-- \/ Yoast SEO plugin. -->","yoast_head_json":{"title":"ACHADAS EM ROMA AS PINTURAS MAIS ANTIGAS DOS AP\u00d3STOLOS | ECCLESIA NEWS","robots":{"index":"index","follow":"follow","max-snippet":"max-snippet:-1","max-image-preview":"max-image-preview:large","max-video-preview":"max-video-preview:-1"},"canonical":"https:\/\/news.ecclesia.org.br\/?p=4520","og_locale":"pt_BR","og_type":"article","og_title":"ACHADAS EM ROMA AS PINTURAS MAIS ANTIGAS DOS AP\u00d3STOLOS | ECCLESIA NEWS","og_description":"Encontram-se nas catacumbas de Santa Tecla, perto da Via Ostiense Por Carmen Elena Villa ROMA, ter\u00e7a-feira, 22 de junho de 2010 (ZENIT.org) &#8211; Em um dos ramais das catacumbas de Santa Tecla foi descoberto recentemente um important\u00edssimo tesouro da arqueologia&#8230;","og_url":"https:\/\/news.ecclesia.org.br\/?p=4520","og_site_name":"ECCLESIA NEWS","article_publisher":"https:\/\/www.facebook.com\/Ecclesia2025","article_published_time":"2010-06-23T13:50:51+00:00","article_modified_time":"2016-03-17T17:27:43+00:00","og_image":[{"width":288,"height":320,"url":"https:\/\/news.ecclesia.org.br\/wp-content\/uploads\/2010\/06\/icone-s-paulo2.jpg","type":"image\/jpeg"}],"author":"Pe. Andr\u00e9","twitter_card":"summary_large_image","twitter_creator":"@EcclesiaNews","twitter_site":"@EcclesiaNews","twitter_misc":{"Escrito por":"Pe. Andr\u00e9","Est. tempo de leitura":"3 minutos"},"schema":{"@context":"https:\/\/schema.org","@graph":[{"@type":"Article","@id":"https:\/\/news.ecclesia.org.br\/?p=4520#article","isPartOf":{"@id":"https:\/\/news.ecclesia.org.br\/?p=4520"},"author":{"name":"Pe. Andr\u00e9","@id":"https:\/\/news.ecclesia.org.br\/#\/schema\/person\/6f09597f025829745ba414a569f63758"},"headline":"ACHADAS EM ROMA AS PINTURAS MAIS ANTIGAS DOS AP\u00d3STOLOS","datePublished":"2010-06-23T13:50:51+00:00","dateModified":"2016-03-17T17:27:43+00:00","mainEntityOfPage":{"@id":"https:\/\/news.ecclesia.org.br\/?p=4520"},"wordCount":592,"commentCount":0,"publisher":{"@id":"https:\/\/news.ecclesia.org.br\/#organization"},"image":{"@id":"https:\/\/news.ecclesia.org.br\/?p=4520#primaryimage"},"thumbnailUrl":"https:\/\/news.ecclesia.org.br\/wp-content\/uploads\/2010\/06\/icone-s-paulo2.jpg","articleSection":["NEWS"],"inLanguage":"pt-BR","potentialAction":[{"@type":"CommentAction","name":"Comment","target":["https:\/\/news.ecclesia.org.br\/?p=4520#respond"]}]},{"@type":"WebPage","@id":"https:\/\/news.ecclesia.org.br\/?p=4520","url":"https:\/\/news.ecclesia.org.br\/?p=4520","name":"ACHADAS EM ROMA AS PINTURAS MAIS ANTIGAS DOS AP\u00d3STOLOS | ECCLESIA NEWS","isPartOf":{"@id":"https:\/\/news.ecclesia.org.br\/#website"},"primaryImageOfPage":{"@id":"https:\/\/news.ecclesia.org.br\/?p=4520#primaryimage"},"image":{"@id":"https:\/\/news.ecclesia.org.br\/?p=4520#primaryimage"},"thumbnailUrl":"https:\/\/news.ecclesia.org.br\/wp-content\/uploads\/2010\/06\/icone-s-paulo2.jpg","datePublished":"2010-06-23T13:50:51+00:00","dateModified":"2016-03-17T17:27:43+00:00","breadcrumb":{"@id":"https:\/\/news.ecclesia.org.br\/?p=4520#breadcrumb"},"inLanguage":"pt-BR","potentialAction":[{"@type":"ReadAction","target":["https:\/\/news.ecclesia.org.br\/?p=4520"]}]},{"@type":"ImageObject","inLanguage":"pt-BR","@id":"https:\/\/news.ecclesia.org.br\/?p=4520#primaryimage","url":"https:\/\/news.ecclesia.org.br\/wp-content\/uploads\/2010\/06\/icone-s-paulo2.jpg","contentUrl":"https:\/\/news.ecclesia.org.br\/wp-content\/uploads\/2010\/06\/icone-s-paulo2.jpg","width":288,"height":320},{"@type":"BreadcrumbList","@id":"https:\/\/news.ecclesia.org.br\/?p=4520#breadcrumb","itemListElement":[{"@type":"ListItem","position":1,"name":"In\u00edcio","item":"https:\/\/news.ecclesia.org.br\/"},{"@type":"ListItem","position":2,"name":"ACHADAS EM ROMA AS PINTURAS MAIS ANTIGAS DOS AP\u00d3STOLOS"}]},{"@type":"WebSite","@id":"https:\/\/news.ecclesia.org.br\/#website","url":"https:\/\/news.ecclesia.org.br\/","name":"Ecclesia Brasil","description":"Desde 2003 onectando o Brasil ao mundo ortodoxo!","publisher":{"@id":"https:\/\/news.ecclesia.org.br\/#organization"},"alternateName":"Ecclesia","potentialAction":[{"@type":"SearchAction","target":{"@type":"EntryPoint","urlTemplate":"https:\/\/news.ecclesia.org.br\/?s={search_term_string}"},"query-input":{"@type":"PropertyValueSpecification","valueRequired":true,"valueName":"search_term_string"}}],"inLanguage":"pt-BR"},{"@type":"Organization","@id":"https:\/\/news.ecclesia.org.br\/#organization","name":"Sacra Arquidiocese de Buenos Aires e Am\u00e9rica do Sul | Patriarcado Ecum\u00eanico","alternateName":"News Ecclesia Brasil","url":"https:\/\/news.ecclesia.org.br\/","logo":{"@type":"ImageObject","inLanguage":"pt-BR","@id":"https:\/\/news.ecclesia.org.br\/#\/schema\/logo\/image\/","url":"https:\/\/news.ecclesia.org.br\/wp-content\/uploads\/2025\/05\/ecclesia2.png","contentUrl":"https:\/\/news.ecclesia.org.br\/wp-content\/uploads\/2025\/05\/ecclesia2.png","width":480,"height":120,"caption":"Sacra Arquidiocese de Buenos Aires e Am\u00e9rica do Sul | Patriarcado Ecum\u00eanico"},"image":{"@id":"https:\/\/news.ecclesia.org.br\/#\/schema\/logo\/image\/"},"sameAs":["https:\/\/www.facebook.com\/Ecclesia2025","https:\/\/x.com\/EcclesiaNews","https:\/\/br.pinterest.com\/ekklisia\/","https:\/\/www.youtube.com\/@EcclesiaBrasil"]},{"@type":"Person","@id":"https:\/\/news.ecclesia.org.br\/#\/schema\/person\/6f09597f025829745ba414a569f63758","name":"Pe. Andr\u00e9","image":{"@type":"ImageObject","inLanguage":"pt-BR","@id":"https:\/\/secure.gravatar.com\/avatar\/b4327cfa27e9799da239a26adcd534fc29cdc0c4a4a148eecbcfeb9b42c617ac?s=96&d=mm&r=g","url":"https:\/\/secure.gravatar.com\/avatar\/b4327cfa27e9799da239a26adcd534fc29cdc0c4a4a148eecbcfeb9b42c617ac?s=96&d=mm&r=g","contentUrl":"https:\/\/secure.gravatar.com\/avatar\/b4327cfa27e9799da239a26adcd534fc29cdc0c4a4a148eecbcfeb9b42c617ac?s=96&d=mm&r=g","caption":"Pe. Andr\u00e9"},"sameAs":["https:\/\/www.ecclesia.org.br"]}]}},"_links":{"self":[{"href":"https:\/\/news.ecclesia.org.br\/index.php?rest_route=\/wp\/v2\/posts\/4520","targetHints":{"allow":["GET"]}}],"collection":[{"href":"https:\/\/news.ecclesia.org.br\/index.php?rest_route=\/wp\/v2\/posts"}],"about":[{"href":"https:\/\/news.ecclesia.org.br\/index.php?rest_route=\/wp\/v2\/types\/post"}],"author":[{"embeddable":true,"href":"https:\/\/news.ecclesia.org.br\/index.php?rest_route=\/wp\/v2\/users\/1"}],"replies":[{"embeddable":true,"href":"https:\/\/news.ecclesia.org.br\/index.php?rest_route=%2Fwp%2Fv2%2Fcomments&post=4520"}],"version-history":[{"count":0,"href":"https:\/\/news.ecclesia.org.br\/index.php?rest_route=\/wp\/v2\/posts\/4520\/revisions"}],"wp:featuredmedia":[{"embeddable":true,"href":"https:\/\/news.ecclesia.org.br\/index.php?rest_route=\/wp\/v2\/media\/15931"}],"wp:attachment":[{"href":"https:\/\/news.ecclesia.org.br\/index.php?rest_route=%2Fwp%2Fv2%2Fmedia&parent=4520"}],"wp:term":[{"taxonomy":"category","embeddable":true,"href":"https:\/\/news.ecclesia.org.br\/index.php?rest_route=%2Fwp%2Fv2%2Fcategories&post=4520"},{"taxonomy":"post_tag","embeddable":true,"href":"https:\/\/news.ecclesia.org.br\/index.php?rest_route=%2Fwp%2Fv2%2Ftags&post=4520"}],"curies":[{"name":"wp","href":"https:\/\/api.w.org\/{rel}","templated":true}]}}