{"id":4517,"date":"2010-06-23T00:38:05","date_gmt":"2010-06-23T02:38:05","guid":{"rendered":"http:\/\/www.ecclesia.com.br\/news\/?p=4517"},"modified":"2016-03-17T17:31:20","modified_gmt":"2016-03-17T17:31:20","slug":"corte-suprema-da-razao-a-patriarca","status":"publish","type":"post","link":"https:\/\/news.ecclesia.org.br\/?p=4517","title":{"rendered":"CORTE SUPREMA D\u00c1 RAZ\u00c3O AO PATRIARCA ECUM\u00caNICO"},"content":{"rendered":"<p style=\"text-align: center;\"><div id=\"galleria-4517\"><a href=\"https:\/\/news.ecclesia.org.br\/wp-content\/uploads\/2010\/06\/002_0.jpg\"><img decoding=\"async\" title=\"002_0\" alt=\"\" src=\"https:\/\/news.ecclesia.org.br\/wp-content\/uploads\/2010\/06\/002_0-83x55.jpg\" data-big=\"https:\/\/news.ecclesia.org.br\/wp-content\/uploads\/2010\/06\/002_0.jpg\"><\/a><\/div><\/p>\n<p style=\"text-align: justify;\">Constantinopla\/Istambul, 16 jun (RV) &#8211;\u00a0Com uma decis\u00e3o un\u00e2nime, a Corte Suprema dos Direitos de Estrasbrugo imp\u00f4s \u00e0 Turquia restituir o orfanato da ilha de Buyukada (a chamada ilha dos pr\u00edncipes) ao Patriarcado Ecum\u00eanico de Constantinopla. Conclui-se assim o longo contencioso entre o Patriarcado e o governo de Ancara que teve in\u00edcio em 1997 quando as autoridades turcas com diversos subterf\u00fagios procuraram subtrair e proceder \u00e0 bonifica\u00e7\u00e3o do territ\u00f3rio, sem nenhuma indeniza\u00e7\u00e3o ao orfanato. O edif\u00edcio em quest\u00e3o \u00e9 imponente, totalmente constru\u00eddo em madeira, uma verdadeira obra-prima arquitet\u00f4nica, constru\u00eddo em 1898 por uma empresa francesa e adquirido em 1903 por um magnata grego de Istambul, Zafiris, que o doou ao Patriarcado para hospedar os \u00f3rf\u00e3os crist\u00e3os. O orfanato foi fechado em 1964.<\/p>\n<p style=\"text-align: justify;\">A senten\u00e7a \u00e9 de grande import\u00e2ncia porque pela primeira vez a Corte de Estrasburgo imp\u00f5e ao Estado a restitui\u00e7\u00e3o de um im\u00f3vel sem nenhum compromisso, como por exemplo, uma indeniza\u00e7\u00e3o em dinheiro, mantendo a posse da propriedade imobili\u00e1ria.<\/p>\n<p style=\"text-align: justify;\">Outro fato importante \u00e9 que por causa dessa senten\u00e7a se verifica um expl\u00edcito reconhecimento do estado jur\u00eddico do Patriarcado. At\u00e9 agora, de fato, Ancara n\u00e3o reconhece o Patriarcado Ecum\u00eanico, apesar de ter se verificado um certo melhoramento nas rela\u00e7\u00f5es entre Ancara e o Patriarcado, sobretudo ap\u00f3s a chegada ao poder do partido do primeiro-ministro Erdogan, o AKP.\u00a0O mesmo premier Erdogan, acompanhado pelo Patriarca Ecum\u00eanico Bartolomeu I, no dia 15 de agosto de 2009 visitara o orfanato pela primeira vez, e ent\u00e3o declarara que n\u00e3o se oporia a uma senten\u00e7a da Corte de Estrasburgo.<\/p>\n<p style=\"text-align: justify;\">\u00c9 preciso recordar que n\u00e3o tendo nenhum reconhecimento jur\u00eddico por parte das autoridades turcas, o Patriarcado Ecum\u00eanico fica proibido de possuir qualquer t\u00edtulo propriet\u00e1rio na Turquia. Ao Patriarcado \u00e9 permitido somente servir \u00e0s necessidades religiosas da comunidade ortodoxa de Istambul. A pr\u00f3pria sede do Patriarcado pertence \u00e0 Funda\u00e7\u00e3o S\u00e3o Jorge. O mesmo vale tamb\u00e9m para as outras minorias religiosas na Turquia. (SP)<\/p>\n<p style=\"text-align: justify;\">\n","protected":false},"excerpt":{"rendered":"<p>Constantinopla\/Istambul, 16 jun (RV) &#8211;\u00a0Com uma decis\u00e3o un\u00e2nime, a Corte Suprema dos Direitos de Estrasbrugo imp\u00f4s \u00e0 Turquia restituir o orfanato da ilha de Buyukada (a chamada ilha dos pr\u00edncipes) ao Patriarcado Ecum\u00eanico de Constantinopla. Conclui-se assim o longo contencioso&#8230;<\/p>\n","protected":false},"author":1,"featured_media":15934,"comment_status":"open","ping_status":"open","sticky":false,"template":"","format":"standard","meta":{"_acf_changed":false,"footnotes":""},"categories":[72],"tags":[],"class_list":["post-4517","post","type-post","status-publish","format-standard","has-post-thumbnail","hentry","category-patriarcado-ecumenico","entry","rows-excerpt"],"acf":[],"yoast_head":"<!-- This site is optimized with the Yoast SEO plugin v27.4 - https:\/\/yoast.com\/product\/yoast-seo-wordpress\/ -->\n<title>CORTE SUPREMA D\u00c1 RAZ\u00c3O AO PATRIARCA ECUM\u00caNICO | ECCLESIA NEWS<\/title>\n<meta name=\"robots\" content=\"index, follow, max-snippet:-1, max-image-preview:large, max-video-preview:-1\" \/>\n<link rel=\"canonical\" href=\"https:\/\/news.ecclesia.org.br\/?p=4517\" \/>\n<meta property=\"og:locale\" content=\"pt_BR\" \/>\n<meta property=\"og:type\" content=\"article\" \/>\n<meta property=\"og:title\" content=\"CORTE SUPREMA D\u00c1 RAZ\u00c3O AO PATRIARCA ECUM\u00caNICO | ECCLESIA NEWS\" \/>\n<meta property=\"og:description\" content=\"Constantinopla\/Istambul, 16 jun (RV) &#8211;\u00a0Com uma decis\u00e3o un\u00e2nime, a Corte Suprema dos Direitos de Estrasbrugo imp\u00f4s \u00e0 Turquia restituir o orfanato da ilha de Buyukada (a chamada ilha dos pr\u00edncipes) ao Patriarcado Ecum\u00eanico de Constantinopla. Conclui-se assim o longo contencioso&#8230;\" \/>\n<meta property=\"og:url\" content=\"https:\/\/news.ecclesia.org.br\/?p=4517\" \/>\n<meta property=\"og:site_name\" content=\"ECCLESIA NEWS\" \/>\n<meta property=\"article:publisher\" content=\"https:\/\/www.facebook.com\/Ecclesia2025\" \/>\n<meta property=\"article:published_time\" content=\"2010-06-23T02:38:05+00:00\" \/>\n<meta property=\"article:modified_time\" content=\"2016-03-17T17:31:20+00:00\" \/>\n<meta property=\"og:image\" content=\"https:\/\/news.ecclesia.org.br\/wp-content\/uploads\/2010\/06\/002_0.jpg\" \/>\n\t<meta property=\"og:image:width\" content=\"640\" \/>\n\t<meta property=\"og:image:height\" content=\"424\" \/>\n\t<meta property=\"og:image:type\" content=\"image\/jpeg\" \/>\n<meta name=\"author\" content=\"Pe. Andr\u00e9\" \/>\n<meta name=\"twitter:card\" content=\"summary_large_image\" \/>\n<meta name=\"twitter:creator\" content=\"@EcclesiaNews\" \/>\n<meta name=\"twitter:site\" content=\"@EcclesiaNews\" \/>\n<meta name=\"twitter:label1\" content=\"Escrito por\" \/>\n\t<meta name=\"twitter:data1\" content=\"Pe. Andr\u00e9\" \/>\n\t<meta name=\"twitter:label2\" content=\"Est. tempo de leitura\" \/>\n\t<meta name=\"twitter:data2\" content=\"2 minutos\" \/>\n<script type=\"application\/ld+json\" class=\"yoast-schema-graph\">{\"@context\":\"https:\\\/\\\/schema.org\",\"@graph\":[{\"@type\":\"Article\",\"@id\":\"https:\\\/\\\/news.ecclesia.org.br\\\/?p=4517#article\",\"isPartOf\":{\"@id\":\"https:\\\/\\\/news.ecclesia.org.br\\\/?p=4517\"},\"author\":{\"name\":\"Pe. Andr\u00e9\",\"@id\":\"https:\\\/\\\/news.ecclesia.org.br\\\/#\\\/schema\\\/person\\\/6f09597f025829745ba414a569f63758\"},\"headline\":\"CORTE SUPREMA D\u00c1 RAZ\u00c3O AO PATRIARCA ECUM\u00caNICO\",\"datePublished\":\"2010-06-23T02:38:05+00:00\",\"dateModified\":\"2016-03-17T17:31:20+00:00\",\"mainEntityOfPage\":{\"@id\":\"https:\\\/\\\/news.ecclesia.org.br\\\/?p=4517\"},\"wordCount\":358,\"commentCount\":0,\"publisher\":{\"@id\":\"https:\\\/\\\/news.ecclesia.org.br\\\/#organization\"},\"image\":{\"@id\":\"https:\\\/\\\/news.ecclesia.org.br\\\/?p=4517#primaryimage\"},\"thumbnailUrl\":\"https:\\\/\\\/news.ecclesia.org.br\\\/wp-content\\\/uploads\\\/2010\\\/06\\\/002_0.jpg\",\"articleSection\":[\"Patriarcado Ecum\u00eanico\"],\"inLanguage\":\"pt-BR\",\"potentialAction\":[{\"@type\":\"CommentAction\",\"name\":\"Comment\",\"target\":[\"https:\\\/\\\/news.ecclesia.org.br\\\/?p=4517#respond\"]}]},{\"@type\":\"WebPage\",\"@id\":\"https:\\\/\\\/news.ecclesia.org.br\\\/?p=4517\",\"url\":\"https:\\\/\\\/news.ecclesia.org.br\\\/?p=4517\",\"name\":\"CORTE SUPREMA D\u00c1 RAZ\u00c3O AO PATRIARCA ECUM\u00caNICO | ECCLESIA NEWS\",\"isPartOf\":{\"@id\":\"https:\\\/\\\/news.ecclesia.org.br\\\/#website\"},\"primaryImageOfPage\":{\"@id\":\"https:\\\/\\\/news.ecclesia.org.br\\\/?p=4517#primaryimage\"},\"image\":{\"@id\":\"https:\\\/\\\/news.ecclesia.org.br\\\/?p=4517#primaryimage\"},\"thumbnailUrl\":\"https:\\\/\\\/news.ecclesia.org.br\\\/wp-content\\\/uploads\\\/2010\\\/06\\\/002_0.jpg\",\"datePublished\":\"2010-06-23T02:38:05+00:00\",\"dateModified\":\"2016-03-17T17:31:20+00:00\",\"breadcrumb\":{\"@id\":\"https:\\\/\\\/news.ecclesia.org.br\\\/?p=4517#breadcrumb\"},\"inLanguage\":\"pt-BR\",\"potentialAction\":[{\"@type\":\"ReadAction\",\"target\":[\"https:\\\/\\\/news.ecclesia.org.br\\\/?p=4517\"]}]},{\"@type\":\"ImageObject\",\"inLanguage\":\"pt-BR\",\"@id\":\"https:\\\/\\\/news.ecclesia.org.br\\\/?p=4517#primaryimage\",\"url\":\"https:\\\/\\\/news.ecclesia.org.br\\\/wp-content\\\/uploads\\\/2010\\\/06\\\/002_0.jpg\",\"contentUrl\":\"https:\\\/\\\/news.ecclesia.org.br\\\/wp-content\\\/uploads\\\/2010\\\/06\\\/002_0.jpg\",\"width\":640,\"height\":424},{\"@type\":\"BreadcrumbList\",\"@id\":\"https:\\\/\\\/news.ecclesia.org.br\\\/?p=4517#breadcrumb\",\"itemListElement\":[{\"@type\":\"ListItem\",\"position\":1,\"name\":\"In\u00edcio\",\"item\":\"https:\\\/\\\/news.ecclesia.org.br\\\/\"},{\"@type\":\"ListItem\",\"position\":2,\"name\":\"CORTE SUPREMA D\u00c1 RAZ\u00c3O AO PATRIARCA ECUM\u00caNICO\"}]},{\"@type\":\"WebSite\",\"@id\":\"https:\\\/\\\/news.ecclesia.org.br\\\/#website\",\"url\":\"https:\\\/\\\/news.ecclesia.org.br\\\/\",\"name\":\"Ecclesia Brasil\",\"description\":\"Desde 2003 onectando o Brasil ao mundo ortodoxo!\",\"publisher\":{\"@id\":\"https:\\\/\\\/news.ecclesia.org.br\\\/#organization\"},\"alternateName\":\"Ecclesia\",\"potentialAction\":[{\"@type\":\"SearchAction\",\"target\":{\"@type\":\"EntryPoint\",\"urlTemplate\":\"https:\\\/\\\/news.ecclesia.org.br\\\/?s={search_term_string}\"},\"query-input\":{\"@type\":\"PropertyValueSpecification\",\"valueRequired\":true,\"valueName\":\"search_term_string\"}}],\"inLanguage\":\"pt-BR\"},{\"@type\":\"Organization\",\"@id\":\"https:\\\/\\\/news.ecclesia.org.br\\\/#organization\",\"name\":\"Sacra Arquidiocese de Buenos Aires e Am\u00e9rica do Sul | Patriarcado Ecum\u00eanico\",\"alternateName\":\"News Ecclesia Brasil\",\"url\":\"https:\\\/\\\/news.ecclesia.org.br\\\/\",\"logo\":{\"@type\":\"ImageObject\",\"inLanguage\":\"pt-BR\",\"@id\":\"https:\\\/\\\/news.ecclesia.org.br\\\/#\\\/schema\\\/logo\\\/image\\\/\",\"url\":\"https:\\\/\\\/news.ecclesia.org.br\\\/wp-content\\\/uploads\\\/2025\\\/05\\\/ecclesia2.png\",\"contentUrl\":\"https:\\\/\\\/news.ecclesia.org.br\\\/wp-content\\\/uploads\\\/2025\\\/05\\\/ecclesia2.png\",\"width\":480,\"height\":120,\"caption\":\"Sacra Arquidiocese de Buenos Aires e Am\u00e9rica do Sul | Patriarcado Ecum\u00eanico\"},\"image\":{\"@id\":\"https:\\\/\\\/news.ecclesia.org.br\\\/#\\\/schema\\\/logo\\\/image\\\/\"},\"sameAs\":[\"https:\\\/\\\/www.facebook.com\\\/Ecclesia2025\",\"https:\\\/\\\/x.com\\\/EcclesiaNews\",\"https:\\\/\\\/br.pinterest.com\\\/ekklisia\\\/\",\"https:\\\/\\\/www.youtube.com\\\/@EcclesiaBrasil\"]},{\"@type\":\"Person\",\"@id\":\"https:\\\/\\\/news.ecclesia.org.br\\\/#\\\/schema\\\/person\\\/6f09597f025829745ba414a569f63758\",\"name\":\"Pe. Andr\u00e9\",\"image\":{\"@type\":\"ImageObject\",\"inLanguage\":\"pt-BR\",\"@id\":\"https:\\\/\\\/secure.gravatar.com\\\/avatar\\\/b4327cfa27e9799da239a26adcd534fc29cdc0c4a4a148eecbcfeb9b42c617ac?s=96&d=mm&r=g\",\"url\":\"https:\\\/\\\/secure.gravatar.com\\\/avatar\\\/b4327cfa27e9799da239a26adcd534fc29cdc0c4a4a148eecbcfeb9b42c617ac?s=96&d=mm&r=g\",\"contentUrl\":\"https:\\\/\\\/secure.gravatar.com\\\/avatar\\\/b4327cfa27e9799da239a26adcd534fc29cdc0c4a4a148eecbcfeb9b42c617ac?s=96&d=mm&r=g\",\"caption\":\"Pe. Andr\u00e9\"},\"sameAs\":[\"https:\\\/\\\/www.ecclesia.org.br\"]}]}<\/script>\n<!-- \/ Yoast SEO plugin. -->","yoast_head_json":{"title":"CORTE SUPREMA D\u00c1 RAZ\u00c3O AO PATRIARCA ECUM\u00caNICO | ECCLESIA NEWS","robots":{"index":"index","follow":"follow","max-snippet":"max-snippet:-1","max-image-preview":"max-image-preview:large","max-video-preview":"max-video-preview:-1"},"canonical":"https:\/\/news.ecclesia.org.br\/?p=4517","og_locale":"pt_BR","og_type":"article","og_title":"CORTE SUPREMA D\u00c1 RAZ\u00c3O AO PATRIARCA ECUM\u00caNICO | ECCLESIA NEWS","og_description":"Constantinopla\/Istambul, 16 jun (RV) &#8211;\u00a0Com uma decis\u00e3o un\u00e2nime, a Corte Suprema dos Direitos de Estrasbrugo imp\u00f4s \u00e0 Turquia restituir o orfanato da ilha de Buyukada (a chamada ilha dos pr\u00edncipes) ao Patriarcado Ecum\u00eanico de Constantinopla. Conclui-se assim o longo contencioso&#8230;","og_url":"https:\/\/news.ecclesia.org.br\/?p=4517","og_site_name":"ECCLESIA NEWS","article_publisher":"https:\/\/www.facebook.com\/Ecclesia2025","article_published_time":"2010-06-23T02:38:05+00:00","article_modified_time":"2016-03-17T17:31:20+00:00","og_image":[{"width":640,"height":424,"url":"https:\/\/news.ecclesia.org.br\/wp-content\/uploads\/2010\/06\/002_0.jpg","type":"image\/jpeg"}],"author":"Pe. Andr\u00e9","twitter_card":"summary_large_image","twitter_creator":"@EcclesiaNews","twitter_site":"@EcclesiaNews","twitter_misc":{"Escrito por":"Pe. Andr\u00e9","Est. tempo de leitura":"2 minutos"},"schema":{"@context":"https:\/\/schema.org","@graph":[{"@type":"Article","@id":"https:\/\/news.ecclesia.org.br\/?p=4517#article","isPartOf":{"@id":"https:\/\/news.ecclesia.org.br\/?p=4517"},"author":{"name":"Pe. Andr\u00e9","@id":"https:\/\/news.ecclesia.org.br\/#\/schema\/person\/6f09597f025829745ba414a569f63758"},"headline":"CORTE SUPREMA D\u00c1 RAZ\u00c3O AO PATRIARCA ECUM\u00caNICO","datePublished":"2010-06-23T02:38:05+00:00","dateModified":"2016-03-17T17:31:20+00:00","mainEntityOfPage":{"@id":"https:\/\/news.ecclesia.org.br\/?p=4517"},"wordCount":358,"commentCount":0,"publisher":{"@id":"https:\/\/news.ecclesia.org.br\/#organization"},"image":{"@id":"https:\/\/news.ecclesia.org.br\/?p=4517#primaryimage"},"thumbnailUrl":"https:\/\/news.ecclesia.org.br\/wp-content\/uploads\/2010\/06\/002_0.jpg","articleSection":["Patriarcado Ecum\u00eanico"],"inLanguage":"pt-BR","potentialAction":[{"@type":"CommentAction","name":"Comment","target":["https:\/\/news.ecclesia.org.br\/?p=4517#respond"]}]},{"@type":"WebPage","@id":"https:\/\/news.ecclesia.org.br\/?p=4517","url":"https:\/\/news.ecclesia.org.br\/?p=4517","name":"CORTE SUPREMA D\u00c1 RAZ\u00c3O AO PATRIARCA ECUM\u00caNICO | ECCLESIA NEWS","isPartOf":{"@id":"https:\/\/news.ecclesia.org.br\/#website"},"primaryImageOfPage":{"@id":"https:\/\/news.ecclesia.org.br\/?p=4517#primaryimage"},"image":{"@id":"https:\/\/news.ecclesia.org.br\/?p=4517#primaryimage"},"thumbnailUrl":"https:\/\/news.ecclesia.org.br\/wp-content\/uploads\/2010\/06\/002_0.jpg","datePublished":"2010-06-23T02:38:05+00:00","dateModified":"2016-03-17T17:31:20+00:00","breadcrumb":{"@id":"https:\/\/news.ecclesia.org.br\/?p=4517#breadcrumb"},"inLanguage":"pt-BR","potentialAction":[{"@type":"ReadAction","target":["https:\/\/news.ecclesia.org.br\/?p=4517"]}]},{"@type":"ImageObject","inLanguage":"pt-BR","@id":"https:\/\/news.ecclesia.org.br\/?p=4517#primaryimage","url":"https:\/\/news.ecclesia.org.br\/wp-content\/uploads\/2010\/06\/002_0.jpg","contentUrl":"https:\/\/news.ecclesia.org.br\/wp-content\/uploads\/2010\/06\/002_0.jpg","width":640,"height":424},{"@type":"BreadcrumbList","@id":"https:\/\/news.ecclesia.org.br\/?p=4517#breadcrumb","itemListElement":[{"@type":"ListItem","position":1,"name":"In\u00edcio","item":"https:\/\/news.ecclesia.org.br\/"},{"@type":"ListItem","position":2,"name":"CORTE SUPREMA D\u00c1 RAZ\u00c3O AO PATRIARCA ECUM\u00caNICO"}]},{"@type":"WebSite","@id":"https:\/\/news.ecclesia.org.br\/#website","url":"https:\/\/news.ecclesia.org.br\/","name":"Ecclesia Brasil","description":"Desde 2003 onectando o Brasil ao mundo ortodoxo!","publisher":{"@id":"https:\/\/news.ecclesia.org.br\/#organization"},"alternateName":"Ecclesia","potentialAction":[{"@type":"SearchAction","target":{"@type":"EntryPoint","urlTemplate":"https:\/\/news.ecclesia.org.br\/?s={search_term_string}"},"query-input":{"@type":"PropertyValueSpecification","valueRequired":true,"valueName":"search_term_string"}}],"inLanguage":"pt-BR"},{"@type":"Organization","@id":"https:\/\/news.ecclesia.org.br\/#organization","name":"Sacra Arquidiocese de Buenos Aires e Am\u00e9rica do Sul | Patriarcado Ecum\u00eanico","alternateName":"News Ecclesia Brasil","url":"https:\/\/news.ecclesia.org.br\/","logo":{"@type":"ImageObject","inLanguage":"pt-BR","@id":"https:\/\/news.ecclesia.org.br\/#\/schema\/logo\/image\/","url":"https:\/\/news.ecclesia.org.br\/wp-content\/uploads\/2025\/05\/ecclesia2.png","contentUrl":"https:\/\/news.ecclesia.org.br\/wp-content\/uploads\/2025\/05\/ecclesia2.png","width":480,"height":120,"caption":"Sacra Arquidiocese de Buenos Aires e Am\u00e9rica do Sul | Patriarcado Ecum\u00eanico"},"image":{"@id":"https:\/\/news.ecclesia.org.br\/#\/schema\/logo\/image\/"},"sameAs":["https:\/\/www.facebook.com\/Ecclesia2025","https:\/\/x.com\/EcclesiaNews","https:\/\/br.pinterest.com\/ekklisia\/","https:\/\/www.youtube.com\/@EcclesiaBrasil"]},{"@type":"Person","@id":"https:\/\/news.ecclesia.org.br\/#\/schema\/person\/6f09597f025829745ba414a569f63758","name":"Pe. Andr\u00e9","image":{"@type":"ImageObject","inLanguage":"pt-BR","@id":"https:\/\/secure.gravatar.com\/avatar\/b4327cfa27e9799da239a26adcd534fc29cdc0c4a4a148eecbcfeb9b42c617ac?s=96&d=mm&r=g","url":"https:\/\/secure.gravatar.com\/avatar\/b4327cfa27e9799da239a26adcd534fc29cdc0c4a4a148eecbcfeb9b42c617ac?s=96&d=mm&r=g","contentUrl":"https:\/\/secure.gravatar.com\/avatar\/b4327cfa27e9799da239a26adcd534fc29cdc0c4a4a148eecbcfeb9b42c617ac?s=96&d=mm&r=g","caption":"Pe. Andr\u00e9"},"sameAs":["https:\/\/www.ecclesia.org.br"]}]}},"_links":{"self":[{"href":"https:\/\/news.ecclesia.org.br\/index.php?rest_route=\/wp\/v2\/posts\/4517","targetHints":{"allow":["GET"]}}],"collection":[{"href":"https:\/\/news.ecclesia.org.br\/index.php?rest_route=\/wp\/v2\/posts"}],"about":[{"href":"https:\/\/news.ecclesia.org.br\/index.php?rest_route=\/wp\/v2\/types\/post"}],"author":[{"embeddable":true,"href":"https:\/\/news.ecclesia.org.br\/index.php?rest_route=\/wp\/v2\/users\/1"}],"replies":[{"embeddable":true,"href":"https:\/\/news.ecclesia.org.br\/index.php?rest_route=%2Fwp%2Fv2%2Fcomments&post=4517"}],"version-history":[{"count":0,"href":"https:\/\/news.ecclesia.org.br\/index.php?rest_route=\/wp\/v2\/posts\/4517\/revisions"}],"wp:featuredmedia":[{"embeddable":true,"href":"https:\/\/news.ecclesia.org.br\/index.php?rest_route=\/wp\/v2\/media\/15934"}],"wp:attachment":[{"href":"https:\/\/news.ecclesia.org.br\/index.php?rest_route=%2Fwp%2Fv2%2Fmedia&parent=4517"}],"wp:term":[{"taxonomy":"category","embeddable":true,"href":"https:\/\/news.ecclesia.org.br\/index.php?rest_route=%2Fwp%2Fv2%2Fcategories&post=4517"},{"taxonomy":"post_tag","embeddable":true,"href":"https:\/\/news.ecclesia.org.br\/index.php?rest_route=%2Fwp%2Fv2%2Ftags&post=4517"}],"curies":[{"name":"wp","href":"https:\/\/api.w.org\/{rel}","templated":true}]}}