{"id":4504,"date":"2010-06-13T23:30:00","date_gmt":"2010-06-14T01:30:00","guid":{"rendered":"http:\/\/www.ecclesia.com.br\/news\/?p=4504"},"modified":"2016-03-17T18:11:45","modified_gmt":"2016-03-17T18:11:45","slug":"concluida-a-publicacao-da-obra-santissima-trindade-uma-interpretacao-iconografica-do-dogma-trinitario","status":"publish","type":"post","link":"https:\/\/news.ecclesia.org.br\/?p=4504","title":{"rendered":"Conclu\u00edda a publica\u00e7\u00e3o da obra \u00abSANTISSIMA TRINDADE, Uma Interpreta\u00e7\u00e3o Iconogr\u00e1fica do Dogma Trinit\u00e1rio\u00bb&#8230;"},"content":{"rendered":"<p style=\"text-align: justify;\">&#8230;\u00a0na se\u00e7\u00e3o <a href=\"http:\/\/www.ecclesia.com.br\/biblioteca\/iconografia\/index.html\">ICONOGRAFIA <\/a>da <a href=\"http:\/\/www.ecclesia.com.br\/biblioteca\/index.html\">Biblioteca <\/a>ECCLESIA de autoria do Ir. Michel Fares Breidi, Mosteiro da Esperan\u00e7a, S\u00e3o Paulo.<\/p>\n<blockquote>\n<p style=\"text-align: justify;\"><em>O \u00cdcone &#8220;da Trindade&#8221;, \u00e0s vezes tamb\u00e9m nomeado de \u201co \u00edcone dos tr\u00eas Anjos&#8221;, \u00e9 do icon\u00f3grafo Russo Andr\u00e9 Rublev, e \u00e9 um dos \u00edcones mais famosos de todas as \u00e9pocas. \u00c9 tamb\u00e9m chamado de \u00edcone \u201cda hospitalidade de Abr\u00e3o\u201d. Desde os primeiros s\u00e9culos do Cristianismo, a narra\u00e7\u00e3o b\u00edblica da visita dos tr\u00eas estranhos a Abr\u00e3o e Sara (Gn 18, 1-22) foi interpretada como uma manifesta\u00e7\u00e3o da Sant\u00edssima Trindade. J\u00e1 pelo IV s\u00e9culo o historiador da igreja Euz\u00e9bio de Ces\u00e1rea escreveu que, desde os tempos antigos, existiu um quadro da Sant\u00edssima Trindade na forma de tr\u00eas anjos, onde tr\u00eas estranhos apareceram \u00e0 Abr\u00e3o. Os Santos Padres entenderam este evento como uma demonstra\u00e7\u00e3o, at\u00e9 mesmo indireta, da Trindade, ou como uma demonstra\u00e7\u00e3o do Filho de Deus, acompanhado por dois Anjos. Muito antes de Rublev, existiram muitos icon\u00f3grafos que fizeram essa representa\u00e7\u00e3o iconogr\u00e1fica desta cena, incluindo Abr\u00e3o e Sara que servem os Anjos e, freq\u00fcentemente, um criado que mata um cordeiro para a refei\u00e7\u00e3o. Mais ningu\u00e9m teve a ilumina\u00e7\u00e3o e a ousadia de Rublev. [&#8230;] <\/em><\/p>\n<\/blockquote>\n<p style=\"text-align: justify;\">Veja\u00a0<a href=\"http:\/\/www.ecclesia.com.br\/biblioteca\/iconografia\/uma-interpretacao-iconografica-do-dogma-da-trindade.html\">AQUI <\/a>a publica\u00e7\u00e3o completa desta obra.<\/p>\n","protected":false},"excerpt":{"rendered":"<p>&#8230;\u00a0na se\u00e7\u00e3o ICONOGRAFIA da Biblioteca ECCLESIA de autoria do Ir. Michel Fares Breidi, Mosteiro da Esperan\u00e7a, S\u00e3o Paulo. O \u00cdcone &#8220;da Trindade&#8221;, \u00e0s vezes tamb\u00e9m nomeado de \u201co \u00edcone dos tr\u00eas Anjos&#8221;, \u00e9 do icon\u00f3grafo Russo Andr\u00e9 Rublev, e \u00e9&#8230;<\/p>\n","protected":false},"author":1,"featured_media":0,"comment_status":"open","ping_status":"open","sticky":false,"template":"","format":"standard","meta":{"_acf_changed":false,"footnotes":""},"categories":[1],"tags":[],"class_list":["post-4504","post","type-post","status-publish","format-standard","hentry","category-news","entry","rows-excerpt"],"acf":[],"yoast_head":"<!-- This site is optimized with the Yoast SEO plugin v27.5 - https:\/\/yoast.com\/product\/yoast-seo-wordpress\/ -->\n<title>Conclu\u00edda a publica\u00e7\u00e3o da obra \u00abSANTISSIMA TRINDADE, Uma Interpreta\u00e7\u00e3o Iconogr\u00e1fica do Dogma Trinit\u00e1rio\u00bb... | ECCLESIA NEWS<\/title>\n<meta name=\"robots\" content=\"index, follow, max-snippet:-1, max-image-preview:large, max-video-preview:-1\" \/>\n<link rel=\"canonical\" href=\"https:\/\/news.ecclesia.org.br\/?p=4504\" \/>\n<meta property=\"og:locale\" content=\"pt_BR\" \/>\n<meta property=\"og:type\" content=\"article\" \/>\n<meta property=\"og:title\" content=\"Conclu\u00edda a publica\u00e7\u00e3o da obra \u00abSANTISSIMA TRINDADE, Uma Interpreta\u00e7\u00e3o Iconogr\u00e1fica do Dogma Trinit\u00e1rio\u00bb... | ECCLESIA NEWS\" \/>\n<meta property=\"og:description\" content=\"&#8230;\u00a0na se\u00e7\u00e3o ICONOGRAFIA da Biblioteca ECCLESIA de autoria do Ir. Michel Fares Breidi, Mosteiro da Esperan\u00e7a, S\u00e3o Paulo. O \u00cdcone &#8220;da Trindade&#8221;, \u00e0s vezes tamb\u00e9m nomeado de \u201co \u00edcone dos tr\u00eas Anjos&#8221;, \u00e9 do icon\u00f3grafo Russo Andr\u00e9 Rublev, e \u00e9&#8230;\" \/>\n<meta property=\"og:url\" content=\"https:\/\/news.ecclesia.org.br\/?p=4504\" \/>\n<meta property=\"og:site_name\" content=\"ECCLESIA NEWS\" \/>\n<meta property=\"article:publisher\" content=\"https:\/\/www.facebook.com\/Ecclesia2025\" \/>\n<meta property=\"article:published_time\" content=\"2010-06-14T01:30:00+00:00\" \/>\n<meta property=\"article:modified_time\" content=\"2016-03-17T18:11:45+00:00\" \/>\n<meta property=\"og:image\" content=\"https:\/\/news.ecclesia.org.br\/wp-content\/uploads\/2025\/05\/ecclesia2.png\" \/>\n\t<meta property=\"og:image:width\" content=\"480\" \/>\n\t<meta property=\"og:image:height\" content=\"120\" \/>\n\t<meta property=\"og:image:type\" content=\"image\/png\" \/>\n<meta name=\"author\" content=\"Pe. Andr\u00e9\" \/>\n<meta name=\"twitter:card\" content=\"summary_large_image\" \/>\n<meta name=\"twitter:creator\" content=\"@EcclesiaNews\" \/>\n<meta name=\"twitter:site\" content=\"@EcclesiaNews\" \/>\n<meta name=\"twitter:label1\" content=\"Escrito por\" \/>\n\t<meta name=\"twitter:data1\" content=\"Pe. Andr\u00e9\" \/>\n\t<meta name=\"twitter:label2\" content=\"Est. tempo de leitura\" \/>\n\t<meta name=\"twitter:data2\" content=\"1 minuto\" \/>\n<script type=\"application\/ld+json\" class=\"yoast-schema-graph\">{\"@context\":\"https:\\\/\\\/schema.org\",\"@graph\":[{\"@type\":\"Article\",\"@id\":\"https:\\\/\\\/news.ecclesia.org.br\\\/?p=4504#article\",\"isPartOf\":{\"@id\":\"https:\\\/\\\/news.ecclesia.org.br\\\/?p=4504\"},\"author\":{\"name\":\"Pe. Andr\u00e9\",\"@id\":\"https:\\\/\\\/news.ecclesia.org.br\\\/#\\\/schema\\\/person\\\/6f09597f025829745ba414a569f63758\"},\"headline\":\"Conclu\u00edda a publica\u00e7\u00e3o da obra \u00abSANTISSIMA TRINDADE, Uma Interpreta\u00e7\u00e3o Iconogr\u00e1fica do Dogma Trinit\u00e1rio\u00bb&#8230;\",\"datePublished\":\"2010-06-14T01:30:00+00:00\",\"dateModified\":\"2016-03-17T18:11:45+00:00\",\"mainEntityOfPage\":{\"@id\":\"https:\\\/\\\/news.ecclesia.org.br\\\/?p=4504\"},\"wordCount\":243,\"commentCount\":0,\"publisher\":{\"@id\":\"https:\\\/\\\/news.ecclesia.org.br\\\/#organization\"},\"articleSection\":[\"NEWS\"],\"inLanguage\":\"pt-BR\",\"potentialAction\":[{\"@type\":\"CommentAction\",\"name\":\"Comment\",\"target\":[\"https:\\\/\\\/news.ecclesia.org.br\\\/?p=4504#respond\"]}]},{\"@type\":\"WebPage\",\"@id\":\"https:\\\/\\\/news.ecclesia.org.br\\\/?p=4504\",\"url\":\"https:\\\/\\\/news.ecclesia.org.br\\\/?p=4504\",\"name\":\"Conclu\u00edda a publica\u00e7\u00e3o da obra \u00abSANTISSIMA TRINDADE, Uma Interpreta\u00e7\u00e3o Iconogr\u00e1fica do Dogma Trinit\u00e1rio\u00bb... | ECCLESIA NEWS\",\"isPartOf\":{\"@id\":\"https:\\\/\\\/news.ecclesia.org.br\\\/#website\"},\"datePublished\":\"2010-06-14T01:30:00+00:00\",\"dateModified\":\"2016-03-17T18:11:45+00:00\",\"breadcrumb\":{\"@id\":\"https:\\\/\\\/news.ecclesia.org.br\\\/?p=4504#breadcrumb\"},\"inLanguage\":\"pt-BR\",\"potentialAction\":[{\"@type\":\"ReadAction\",\"target\":[\"https:\\\/\\\/news.ecclesia.org.br\\\/?p=4504\"]}]},{\"@type\":\"BreadcrumbList\",\"@id\":\"https:\\\/\\\/news.ecclesia.org.br\\\/?p=4504#breadcrumb\",\"itemListElement\":[{\"@type\":\"ListItem\",\"position\":1,\"name\":\"In\u00edcio\",\"item\":\"https:\\\/\\\/news.ecclesia.org.br\\\/\"},{\"@type\":\"ListItem\",\"position\":2,\"name\":\"Conclu\u00edda a publica\u00e7\u00e3o da obra \u00abSANTISSIMA TRINDADE, Uma Interpreta\u00e7\u00e3o Iconogr\u00e1fica do Dogma Trinit\u00e1rio\u00bb&#8230;\"}]},{\"@type\":\"WebSite\",\"@id\":\"https:\\\/\\\/news.ecclesia.org.br\\\/#website\",\"url\":\"https:\\\/\\\/news.ecclesia.org.br\\\/\",\"name\":\"Ecclesia Brasil\",\"description\":\"Desde 2003 onectando o Brasil ao mundo ortodoxo!\",\"publisher\":{\"@id\":\"https:\\\/\\\/news.ecclesia.org.br\\\/#organization\"},\"alternateName\":\"Ecclesia\",\"potentialAction\":[{\"@type\":\"SearchAction\",\"target\":{\"@type\":\"EntryPoint\",\"urlTemplate\":\"https:\\\/\\\/news.ecclesia.org.br\\\/?s={search_term_string}\"},\"query-input\":{\"@type\":\"PropertyValueSpecification\",\"valueRequired\":true,\"valueName\":\"search_term_string\"}}],\"inLanguage\":\"pt-BR\"},{\"@type\":\"Organization\",\"@id\":\"https:\\\/\\\/news.ecclesia.org.br\\\/#organization\",\"name\":\"Sacra Arquidiocese de Buenos Aires e Am\u00e9rica do Sul | Patriarcado Ecum\u00eanico\",\"alternateName\":\"News Ecclesia Brasil\",\"url\":\"https:\\\/\\\/news.ecclesia.org.br\\\/\",\"logo\":{\"@type\":\"ImageObject\",\"inLanguage\":\"pt-BR\",\"@id\":\"https:\\\/\\\/news.ecclesia.org.br\\\/#\\\/schema\\\/logo\\\/image\\\/\",\"url\":\"https:\\\/\\\/news.ecclesia.org.br\\\/wp-content\\\/uploads\\\/2025\\\/05\\\/ecclesia2.png\",\"contentUrl\":\"https:\\\/\\\/news.ecclesia.org.br\\\/wp-content\\\/uploads\\\/2025\\\/05\\\/ecclesia2.png\",\"width\":480,\"height\":120,\"caption\":\"Sacra Arquidiocese de Buenos Aires e Am\u00e9rica do Sul | Patriarcado Ecum\u00eanico\"},\"image\":{\"@id\":\"https:\\\/\\\/news.ecclesia.org.br\\\/#\\\/schema\\\/logo\\\/image\\\/\"},\"sameAs\":[\"https:\\\/\\\/www.facebook.com\\\/Ecclesia2025\",\"https:\\\/\\\/x.com\\\/EcclesiaNews\",\"https:\\\/\\\/br.pinterest.com\\\/ekklisia\\\/\",\"https:\\\/\\\/www.youtube.com\\\/@EcclesiaBrasil\"]},{\"@type\":\"Person\",\"@id\":\"https:\\\/\\\/news.ecclesia.org.br\\\/#\\\/schema\\\/person\\\/6f09597f025829745ba414a569f63758\",\"name\":\"Pe. Andr\u00e9\",\"image\":{\"@type\":\"ImageObject\",\"inLanguage\":\"pt-BR\",\"@id\":\"https:\\\/\\\/secure.gravatar.com\\\/avatar\\\/b4327cfa27e9799da239a26adcd534fc29cdc0c4a4a148eecbcfeb9b42c617ac?s=96&d=mm&r=g\",\"url\":\"https:\\\/\\\/secure.gravatar.com\\\/avatar\\\/b4327cfa27e9799da239a26adcd534fc29cdc0c4a4a148eecbcfeb9b42c617ac?s=96&d=mm&r=g\",\"contentUrl\":\"https:\\\/\\\/secure.gravatar.com\\\/avatar\\\/b4327cfa27e9799da239a26adcd534fc29cdc0c4a4a148eecbcfeb9b42c617ac?s=96&d=mm&r=g\",\"caption\":\"Pe. Andr\u00e9\"},\"sameAs\":[\"https:\\\/\\\/www.ecclesia.org.br\"]}]}<\/script>\n<!-- \/ Yoast SEO plugin. -->","yoast_head_json":{"title":"Conclu\u00edda a publica\u00e7\u00e3o da obra \u00abSANTISSIMA TRINDADE, Uma Interpreta\u00e7\u00e3o Iconogr\u00e1fica do Dogma Trinit\u00e1rio\u00bb... | ECCLESIA NEWS","robots":{"index":"index","follow":"follow","max-snippet":"max-snippet:-1","max-image-preview":"max-image-preview:large","max-video-preview":"max-video-preview:-1"},"canonical":"https:\/\/news.ecclesia.org.br\/?p=4504","og_locale":"pt_BR","og_type":"article","og_title":"Conclu\u00edda a publica\u00e7\u00e3o da obra \u00abSANTISSIMA TRINDADE, Uma Interpreta\u00e7\u00e3o Iconogr\u00e1fica do Dogma Trinit\u00e1rio\u00bb... | ECCLESIA NEWS","og_description":"&#8230;\u00a0na se\u00e7\u00e3o ICONOGRAFIA da Biblioteca ECCLESIA de autoria do Ir. Michel Fares Breidi, Mosteiro da Esperan\u00e7a, S\u00e3o Paulo. O \u00cdcone &#8220;da Trindade&#8221;, \u00e0s vezes tamb\u00e9m nomeado de \u201co \u00edcone dos tr\u00eas Anjos&#8221;, \u00e9 do icon\u00f3grafo Russo Andr\u00e9 Rublev, e \u00e9&#8230;","og_url":"https:\/\/news.ecclesia.org.br\/?p=4504","og_site_name":"ECCLESIA NEWS","article_publisher":"https:\/\/www.facebook.com\/Ecclesia2025","article_published_time":"2010-06-14T01:30:00+00:00","article_modified_time":"2016-03-17T18:11:45+00:00","og_image":[{"width":480,"height":120,"url":"https:\/\/news.ecclesia.org.br\/wp-content\/uploads\/2025\/05\/ecclesia2.png","type":"image\/png"}],"author":"Pe. Andr\u00e9","twitter_card":"summary_large_image","twitter_creator":"@EcclesiaNews","twitter_site":"@EcclesiaNews","twitter_misc":{"Escrito por":"Pe. Andr\u00e9","Est. tempo de leitura":"1 minuto"},"schema":{"@context":"https:\/\/schema.org","@graph":[{"@type":"Article","@id":"https:\/\/news.ecclesia.org.br\/?p=4504#article","isPartOf":{"@id":"https:\/\/news.ecclesia.org.br\/?p=4504"},"author":{"name":"Pe. Andr\u00e9","@id":"https:\/\/news.ecclesia.org.br\/#\/schema\/person\/6f09597f025829745ba414a569f63758"},"headline":"Conclu\u00edda a publica\u00e7\u00e3o da obra \u00abSANTISSIMA TRINDADE, Uma Interpreta\u00e7\u00e3o Iconogr\u00e1fica do Dogma Trinit\u00e1rio\u00bb&#8230;","datePublished":"2010-06-14T01:30:00+00:00","dateModified":"2016-03-17T18:11:45+00:00","mainEntityOfPage":{"@id":"https:\/\/news.ecclesia.org.br\/?p=4504"},"wordCount":243,"commentCount":0,"publisher":{"@id":"https:\/\/news.ecclesia.org.br\/#organization"},"articleSection":["NEWS"],"inLanguage":"pt-BR","potentialAction":[{"@type":"CommentAction","name":"Comment","target":["https:\/\/news.ecclesia.org.br\/?p=4504#respond"]}]},{"@type":"WebPage","@id":"https:\/\/news.ecclesia.org.br\/?p=4504","url":"https:\/\/news.ecclesia.org.br\/?p=4504","name":"Conclu\u00edda a publica\u00e7\u00e3o da obra \u00abSANTISSIMA TRINDADE, Uma Interpreta\u00e7\u00e3o Iconogr\u00e1fica do Dogma Trinit\u00e1rio\u00bb... | ECCLESIA NEWS","isPartOf":{"@id":"https:\/\/news.ecclesia.org.br\/#website"},"datePublished":"2010-06-14T01:30:00+00:00","dateModified":"2016-03-17T18:11:45+00:00","breadcrumb":{"@id":"https:\/\/news.ecclesia.org.br\/?p=4504#breadcrumb"},"inLanguage":"pt-BR","potentialAction":[{"@type":"ReadAction","target":["https:\/\/news.ecclesia.org.br\/?p=4504"]}]},{"@type":"BreadcrumbList","@id":"https:\/\/news.ecclesia.org.br\/?p=4504#breadcrumb","itemListElement":[{"@type":"ListItem","position":1,"name":"In\u00edcio","item":"https:\/\/news.ecclesia.org.br\/"},{"@type":"ListItem","position":2,"name":"Conclu\u00edda a publica\u00e7\u00e3o da obra \u00abSANTISSIMA TRINDADE, Uma Interpreta\u00e7\u00e3o Iconogr\u00e1fica do Dogma Trinit\u00e1rio\u00bb&#8230;"}]},{"@type":"WebSite","@id":"https:\/\/news.ecclesia.org.br\/#website","url":"https:\/\/news.ecclesia.org.br\/","name":"Ecclesia Brasil","description":"Desde 2003 onectando o Brasil ao mundo ortodoxo!","publisher":{"@id":"https:\/\/news.ecclesia.org.br\/#organization"},"alternateName":"Ecclesia","potentialAction":[{"@type":"SearchAction","target":{"@type":"EntryPoint","urlTemplate":"https:\/\/news.ecclesia.org.br\/?s={search_term_string}"},"query-input":{"@type":"PropertyValueSpecification","valueRequired":true,"valueName":"search_term_string"}}],"inLanguage":"pt-BR"},{"@type":"Organization","@id":"https:\/\/news.ecclesia.org.br\/#organization","name":"Sacra Arquidiocese de Buenos Aires e Am\u00e9rica do Sul | Patriarcado Ecum\u00eanico","alternateName":"News Ecclesia Brasil","url":"https:\/\/news.ecclesia.org.br\/","logo":{"@type":"ImageObject","inLanguage":"pt-BR","@id":"https:\/\/news.ecclesia.org.br\/#\/schema\/logo\/image\/","url":"https:\/\/news.ecclesia.org.br\/wp-content\/uploads\/2025\/05\/ecclesia2.png","contentUrl":"https:\/\/news.ecclesia.org.br\/wp-content\/uploads\/2025\/05\/ecclesia2.png","width":480,"height":120,"caption":"Sacra Arquidiocese de Buenos Aires e Am\u00e9rica do Sul | Patriarcado Ecum\u00eanico"},"image":{"@id":"https:\/\/news.ecclesia.org.br\/#\/schema\/logo\/image\/"},"sameAs":["https:\/\/www.facebook.com\/Ecclesia2025","https:\/\/x.com\/EcclesiaNews","https:\/\/br.pinterest.com\/ekklisia\/","https:\/\/www.youtube.com\/@EcclesiaBrasil"]},{"@type":"Person","@id":"https:\/\/news.ecclesia.org.br\/#\/schema\/person\/6f09597f025829745ba414a569f63758","name":"Pe. Andr\u00e9","image":{"@type":"ImageObject","inLanguage":"pt-BR","@id":"https:\/\/secure.gravatar.com\/avatar\/b4327cfa27e9799da239a26adcd534fc29cdc0c4a4a148eecbcfeb9b42c617ac?s=96&d=mm&r=g","url":"https:\/\/secure.gravatar.com\/avatar\/b4327cfa27e9799da239a26adcd534fc29cdc0c4a4a148eecbcfeb9b42c617ac?s=96&d=mm&r=g","contentUrl":"https:\/\/secure.gravatar.com\/avatar\/b4327cfa27e9799da239a26adcd534fc29cdc0c4a4a148eecbcfeb9b42c617ac?s=96&d=mm&r=g","caption":"Pe. Andr\u00e9"},"sameAs":["https:\/\/www.ecclesia.org.br"]}]}},"_links":{"self":[{"href":"https:\/\/news.ecclesia.org.br\/index.php?rest_route=\/wp\/v2\/posts\/4504","targetHints":{"allow":["GET"]}}],"collection":[{"href":"https:\/\/news.ecclesia.org.br\/index.php?rest_route=\/wp\/v2\/posts"}],"about":[{"href":"https:\/\/news.ecclesia.org.br\/index.php?rest_route=\/wp\/v2\/types\/post"}],"author":[{"embeddable":true,"href":"https:\/\/news.ecclesia.org.br\/index.php?rest_route=\/wp\/v2\/users\/1"}],"replies":[{"embeddable":true,"href":"https:\/\/news.ecclesia.org.br\/index.php?rest_route=%2Fwp%2Fv2%2Fcomments&post=4504"}],"version-history":[{"count":0,"href":"https:\/\/news.ecclesia.org.br\/index.php?rest_route=\/wp\/v2\/posts\/4504\/revisions"}],"wp:attachment":[{"href":"https:\/\/news.ecclesia.org.br\/index.php?rest_route=%2Fwp%2Fv2%2Fmedia&parent=4504"}],"wp:term":[{"taxonomy":"category","embeddable":true,"href":"https:\/\/news.ecclesia.org.br\/index.php?rest_route=%2Fwp%2Fv2%2Fcategories&post=4504"},{"taxonomy":"post_tag","embeddable":true,"href":"https:\/\/news.ecclesia.org.br\/index.php?rest_route=%2Fwp%2Fv2%2Ftags&post=4504"}],"curies":[{"name":"wp","href":"https:\/\/api.w.org\/{rel}","templated":true}]}}