{"id":4464,"date":"2010-06-06T15:25:02","date_gmt":"2010-06-06T17:25:02","guid":{"rendered":"http:\/\/www.ecclesia.com.br\/news\/?p=4464"},"modified":"2016-03-17T18:32:32","modified_gmt":"2016-03-17T18:32:32","slug":"kiiji-a-perola-da-carelia","status":"publish","type":"post","link":"https:\/\/news.ecclesia.org.br\/?p=4464","title":{"rendered":"KIIJI: a p\u00e9rola da Car\u00e9lia"},"content":{"rendered":"<p style=\"text-align: center;\"><div id=\"galleria-4464\"><a href=\"https:\/\/news.ecclesia.org.br\/wp-content\/uploads\/2010\/06\/50-001.jpg\"><img decoding=\"async\" title=\"50-001\" alt=\"\" src=\"https:\/\/news.ecclesia.org.br\/wp-content\/uploads\/2010\/06\/50-001-73x55.jpg\" data-big=\"https:\/\/news.ecclesia.org.br\/wp-content\/uploads\/2010\/06\/50-001.jpg\"><\/a><a href=\"https:\/\/news.ecclesia.org.br\/wp-content\/uploads\/2010\/06\/50-002.jpg\"><img decoding=\"async\" title=\"50-002\" alt=\"\" src=\"https:\/\/news.ecclesia.org.br\/wp-content\/uploads\/2010\/06\/50-002-73x55.jpg\" data-big=\"https:\/\/news.ecclesia.org.br\/wp-content\/uploads\/2010\/06\/50-002.jpg\"><\/a><a href=\"https:\/\/news.ecclesia.org.br\/wp-content\/uploads\/2010\/06\/50-003.jpg\"><img decoding=\"async\" title=\"50-003\" alt=\"\" src=\"https:\/\/news.ecclesia.org.br\/wp-content\/uploads\/2010\/06\/50-003-73x55.jpg\" data-big=\"https:\/\/news.ecclesia.org.br\/wp-content\/uploads\/2010\/06\/50-003.jpg\"><\/a><a href=\"https:\/\/news.ecclesia.org.br\/wp-content\/uploads\/2010\/06\/50-004.jpg\"><img decoding=\"async\" title=\"50-004\" alt=\"\" src=\"https:\/\/news.ecclesia.org.br\/wp-content\/uploads\/2010\/06\/50-004-73x55.jpg\" data-big=\"https:\/\/news.ecclesia.org.br\/wp-content\/uploads\/2010\/06\/50-004.jpg\"><\/a><a href=\"https:\/\/news.ecclesia.org.br\/wp-content\/uploads\/2010\/06\/50-005.jpg\"><img decoding=\"async\" title=\"50-005\" alt=\"\" src=\"https:\/\/news.ecclesia.org.br\/wp-content\/uploads\/2010\/06\/50-005-73x55.jpg\" data-big=\"https:\/\/news.ecclesia.org.br\/wp-content\/uploads\/2010\/06\/50-005.jpg\"><\/a><a href=\"https:\/\/news.ecclesia.org.br\/wp-content\/uploads\/2010\/06\/50-007.jpg\"><img decoding=\"async\" title=\"50-007\" alt=\"\" src=\"https:\/\/news.ecclesia.org.br\/wp-content\/uploads\/2010\/06\/50-007-73x55.jpg\" data-big=\"https:\/\/news.ecclesia.org.br\/wp-content\/uploads\/2010\/06\/50-007.jpg\"><\/a><a href=\"https:\/\/news.ecclesia.org.br\/wp-content\/uploads\/2010\/06\/50-008.jpg\"><img decoding=\"async\" title=\"50-008\" alt=\"\" src=\"https:\/\/news.ecclesia.org.br\/wp-content\/uploads\/2010\/06\/50-008-73x55.jpg\" data-big=\"https:\/\/news.ecclesia.org.br\/wp-content\/uploads\/2010\/06\/50-008.jpg\"><\/a><a href=\"https:\/\/news.ecclesia.org.br\/wp-content\/uploads\/2010\/06\/50-009.jpg\"><img decoding=\"async\" title=\"50-009\" alt=\"\" src=\"https:\/\/news.ecclesia.org.br\/wp-content\/uploads\/2010\/06\/50-009-73x55.jpg\" data-big=\"https:\/\/news.ecclesia.org.br\/wp-content\/uploads\/2010\/06\/50-009.jpg\"><\/a><a href=\"https:\/\/news.ecclesia.org.br\/wp-content\/uploads\/2010\/06\/50-010.jpg\"><img decoding=\"async\" title=\"50-010\" alt=\"\" src=\"https:\/\/news.ecclesia.org.br\/wp-content\/uploads\/2010\/06\/50-010-73x55.jpg\" data-big=\"https:\/\/news.ecclesia.org.br\/wp-content\/uploads\/2010\/06\/50-010.jpg\"><\/a><a href=\"https:\/\/news.ecclesia.org.br\/wp-content\/uploads\/2010\/06\/50-011.jpg\"><img decoding=\"async\" title=\"50-011\" alt=\"\" src=\"https:\/\/news.ecclesia.org.br\/wp-content\/uploads\/2010\/06\/50-011-73x55.jpg\" data-big=\"https:\/\/news.ecclesia.org.br\/wp-content\/uploads\/2010\/06\/50-011.jpg\"><\/a><a href=\"https:\/\/news.ecclesia.org.br\/wp-content\/uploads\/2010\/06\/50-012.jpg\"><img decoding=\"async\" title=\"50-012\" alt=\"\" src=\"https:\/\/news.ecclesia.org.br\/wp-content\/uploads\/2010\/06\/50-012-73x55.jpg\" data-big=\"https:\/\/news.ecclesia.org.br\/wp-content\/uploads\/2010\/06\/50-012.jpg\"><\/a><a href=\"https:\/\/news.ecclesia.org.br\/wp-content\/uploads\/2010\/06\/50-013.jpg\"><img decoding=\"async\" title=\"50-013\" alt=\"\" src=\"https:\/\/news.ecclesia.org.br\/wp-content\/uploads\/2010\/06\/50-013-73x55.jpg\" data-big=\"https:\/\/news.ecclesia.org.br\/wp-content\/uploads\/2010\/06\/50-013.jpg\"><\/a><a href=\"https:\/\/news.ecclesia.org.br\/wp-content\/uploads\/2010\/06\/50-014.jpg\"><img decoding=\"async\" title=\"50-014\" alt=\"\" src=\"https:\/\/news.ecclesia.org.br\/wp-content\/uploads\/2010\/06\/50-014-73x55.jpg\" data-big=\"https:\/\/news.ecclesia.org.br\/wp-content\/uploads\/2010\/06\/50-014.jpg\"><\/a><a href=\"https:\/\/news.ecclesia.org.br\/wp-content\/uploads\/2010\/06\/50-015.jpg\"><img decoding=\"async\" title=\"50-015\" alt=\"\" src=\"https:\/\/news.ecclesia.org.br\/wp-content\/uploads\/2010\/06\/50-015-41x55.jpg\" data-big=\"https:\/\/news.ecclesia.org.br\/wp-content\/uploads\/2010\/06\/50-015.jpg\"><\/a><a href=\"https:\/\/news.ecclesia.org.br\/wp-content\/uploads\/2010\/06\/50-016.jpg\"><img decoding=\"async\" title=\"50-016\" alt=\"\" src=\"https:\/\/news.ecclesia.org.br\/wp-content\/uploads\/2010\/06\/50-016-74x55.jpg\" data-big=\"https:\/\/news.ecclesia.org.br\/wp-content\/uploads\/2010\/06\/50-016.jpg\"><\/a><a href=\"https:\/\/news.ecclesia.org.br\/wp-content\/uploads\/2010\/06\/50-017.jpg\"><img decoding=\"async\" title=\"50-017\" alt=\"\" src=\"https:\/\/news.ecclesia.org.br\/wp-content\/uploads\/2010\/06\/50-017-73x55.jpg\" data-big=\"https:\/\/news.ecclesia.org.br\/wp-content\/uploads\/2010\/06\/50-017.jpg\"><\/a><a href=\"https:\/\/news.ecclesia.org.br\/wp-content\/uploads\/2010\/06\/50-018.jpg\"><img decoding=\"async\" title=\"50-018\" alt=\"\" src=\"https:\/\/news.ecclesia.org.br\/wp-content\/uploads\/2010\/06\/50-018-73x55.jpg\" data-big=\"https:\/\/news.ecclesia.org.br\/wp-content\/uploads\/2010\/06\/50-018.jpg\"><\/a><a href=\"https:\/\/news.ecclesia.org.br\/wp-content\/uploads\/2010\/06\/50-019.jpg\"><img decoding=\"async\" title=\"50-019\" alt=\"\" src=\"https:\/\/news.ecclesia.org.br\/wp-content\/uploads\/2010\/06\/50-019-73x55.jpg\" data-big=\"https:\/\/news.ecclesia.org.br\/wp-content\/uploads\/2010\/06\/50-019.jpg\"><\/a><a href=\"https:\/\/news.ecclesia.org.br\/wp-content\/uploads\/2010\/06\/50-020-no-interior-mesclam-se-os-icones-religiosos-da-rassia-aos-bordados-carelianos-finlandeses.jpg\"><img decoding=\"async\" title=\"50-020-no-interior-mesclam-se-os-icones-religiosos-da-rassia-aos-bordados-carelianos-finlandeses\" alt=\"\" src=\"https:\/\/news.ecclesia.org.br\/wp-content\/uploads\/2010\/06\/50-020-no-interior-mesclam-se-os-icones-religiosos-da-rassia-aos-bordados-carelianos-finlandeses-73x55.jpg\" data-big=\"https:\/\/news.ecclesia.org.br\/wp-content\/uploads\/2010\/06\/50-020-no-interior-mesclam-se-os-icones-religiosos-da-rassia-aos-bordados-carelianos-finlandeses.jpg\"><\/a><a href=\"https:\/\/news.ecclesia.org.br\/wp-content\/uploads\/2010\/06\/50-021.jpg\"><img decoding=\"async\" title=\"50-021\" alt=\"\" src=\"https:\/\/news.ecclesia.org.br\/wp-content\/uploads\/2010\/06\/50-021-73x55.jpg\" data-big=\"https:\/\/news.ecclesia.org.br\/wp-content\/uploads\/2010\/06\/50-021.jpg\"><\/a><a href=\"https:\/\/news.ecclesia.org.br\/wp-content\/uploads\/2010\/06\/50-022.jpg\"><img decoding=\"async\" title=\"50-022\" alt=\"\" src=\"https:\/\/news.ecclesia.org.br\/wp-content\/uploads\/2010\/06\/50-022-73x55.jpg\" data-big=\"https:\/\/news.ecclesia.org.br\/wp-content\/uploads\/2010\/06\/50-022.jpg\"><\/a><a href=\"https:\/\/news.ecclesia.org.br\/wp-content\/uploads\/2010\/06\/50-025.jpg\"><img decoding=\"async\" title=\"50-025\" alt=\"\" src=\"https:\/\/news.ecclesia.org.br\/wp-content\/uploads\/2010\/06\/50-025-74x55.jpg\" data-big=\"https:\/\/news.ecclesia.org.br\/wp-content\/uploads\/2010\/06\/50-025.jpg\"><\/a><a href=\"https:\/\/news.ecclesia.org.br\/wp-content\/uploads\/2010\/06\/50-039.jpg\"><img decoding=\"async\" title=\"50-039\" alt=\"\" src=\"https:\/\/news.ecclesia.org.br\/wp-content\/uploads\/2010\/06\/50-039-73x55.jpg\" data-big=\"https:\/\/news.ecclesia.org.br\/wp-content\/uploads\/2010\/06\/50-039.jpg\"><\/a><a href=\"https:\/\/news.ecclesia.org.br\/wp-content\/uploads\/2010\/06\/50-040-o-moinho-mais-antigo-de-toda-a-rassia.jpg\"><img decoding=\"async\" title=\"50-040-o-moinho-mais-antigo-de-toda-a-rassia\" alt=\"\" src=\"https:\/\/news.ecclesia.org.br\/wp-content\/uploads\/2010\/06\/50-040-o-moinho-mais-antigo-de-toda-a-rassia-73x55.jpg\" data-big=\"https:\/\/news.ecclesia.org.br\/wp-content\/uploads\/2010\/06\/50-040-o-moinho-mais-antigo-de-toda-a-rassia.jpg\"><\/a><a href=\"https:\/\/news.ecclesia.org.br\/wp-content\/uploads\/2010\/06\/50-041-capelinha-de-sao-lazaro-a-mais-antiga-da-caralia-data-do-saculo-14.jpg\"><img decoding=\"async\" title=\"50-041-capelinha-de-sao-lazaro-a-mais-antiga-da-caralia-data-do-saculo-14\" alt=\"\" src=\"https:\/\/news.ecclesia.org.br\/wp-content\/uploads\/2010\/06\/50-041-capelinha-de-sao-lazaro-a-mais-antiga-da-caralia-data-do-saculo-14-73x55.jpg\" data-big=\"https:\/\/news.ecclesia.org.br\/wp-content\/uploads\/2010\/06\/50-041-capelinha-de-sao-lazaro-a-mais-antiga-da-caralia-data-do-saculo-14.jpg\"><\/a><\/div><\/p>\n<p style=\"text-align: justify;\">Kiiji \u00e9 uma ilha no extremo norte do lago Onega na Rep\u00fablica da Car\u00e9lia. Com 7 km de comprimento e 500 m de largura \u00e9 cercada por outras ilhas e ilhotas (cerca de 5 000), algumas n\u00e3o medem mais de 2 metros de di\u00e2metro e outras t\u00eam at\u00e9 35 km de comprimento. Logo ap\u00f3s a conquista da Finl\u00e2ndia, a Igreja Ortodoxa foi constru\u00edda (em 1714). O adro (Pogost) \u00e9 constitu\u00eddo por duas igrejas, uma torre octogonal, rodeado por uma cerca, todas constru\u00eddas de madeira. A j\u00f3ia da arquitetura original \u00e9 a Igreja da Transfigura\u00e7\u00e3o, o trabalho de carpintaria revestindo 22 c\u00fapulas de prata formando uma pir\u00e2mide. A Igreja da intercess\u00e3o da Virgem, coroada com 9 c\u00fapulas foi constru\u00eddo apenas em 1764. Estes dois edif\u00edcios inteiramente de madeira, ilustram a t\u00e9cnica dos carpinteiros da \u00e9poca, eles n\u00e3o usavam pregos ou parafusos ou pe\u00e7as de metal. Um verdadeiro museu ao ar livre da arquitetura de madeira careliana. S\u00e3o L\u00e1zaro, s\u00e9culo XIV (o mais antigo da R\u00fassia, do mosteiro Mouromski). Um moinho de vento (tamb\u00e9m o mais antigo na R\u00fassia) e tamb\u00e9m casas de madeira nas proximidades. A singularidade deste monumental lhe valeu a ser Patrim\u00f4nio Mundial pela UNESCO em 1990.<\/p>\n<p>Fonte: <a href=\"http:\/\/www.blogdicasdeviagem.com.br\/\" target=\"_blank\">Blog Dicas de Viagem<\/a><\/p>\n","protected":false},"excerpt":{"rendered":"<p>Kiiji \u00e9 uma ilha no extremo norte do lago Onega na Rep\u00fablica da Car\u00e9lia. Com 7 km de comprimento e 500 m de largura \u00e9 cercada por outras ilhas e ilhotas (cerca de 5 000), algumas n\u00e3o medem mais de&#8230;<\/p>\n","protected":false},"author":1,"featured_media":15978,"comment_status":"open","ping_status":"open","sticky":false,"template":"","format":"standard","meta":{"_acf_changed":false,"footnotes":""},"categories":[1],"tags":[],"class_list":["post-4464","post","type-post","status-publish","format-standard","has-post-thumbnail","hentry","category-news","entry","rows-excerpt"],"acf":[],"yoast_head":"<!-- This site is optimized with the Yoast SEO plugin v27.5 - https:\/\/yoast.com\/product\/yoast-seo-wordpress\/ -->\n<title>KIIJI: a p\u00e9rola da Car\u00e9lia | ECCLESIA NEWS<\/title>\n<meta name=\"robots\" content=\"index, follow, max-snippet:-1, max-image-preview:large, max-video-preview:-1\" \/>\n<link rel=\"canonical\" href=\"https:\/\/news.ecclesia.org.br\/?p=4464\" \/>\n<meta property=\"og:locale\" content=\"pt_BR\" \/>\n<meta property=\"og:type\" content=\"article\" \/>\n<meta property=\"og:title\" content=\"KIIJI: a p\u00e9rola da Car\u00e9lia | ECCLESIA NEWS\" \/>\n<meta property=\"og:description\" content=\"Kiiji \u00e9 uma ilha no extremo norte do lago Onega na Rep\u00fablica da Car\u00e9lia. Com 7 km de comprimento e 500 m de largura \u00e9 cercada por outras ilhas e ilhotas (cerca de 5 000), algumas n\u00e3o medem mais de&#8230;\" \/>\n<meta property=\"og:url\" content=\"https:\/\/news.ecclesia.org.br\/?p=4464\" \/>\n<meta property=\"og:site_name\" content=\"ECCLESIA NEWS\" \/>\n<meta property=\"article:publisher\" content=\"https:\/\/www.facebook.com\/Ecclesia2025\" \/>\n<meta property=\"article:published_time\" content=\"2010-06-06T17:25:02+00:00\" \/>\n<meta property=\"article:modified_time\" content=\"2016-03-17T18:32:32+00:00\" \/>\n<meta property=\"og:image\" content=\"https:\/\/news.ecclesia.org.br\/wp-content\/uploads\/2010\/06\/50-009.jpg\" \/>\n\t<meta property=\"og:image:width\" content=\"692\" \/>\n\t<meta property=\"og:image:height\" content=\"520\" \/>\n\t<meta property=\"og:image:type\" content=\"image\/jpeg\" \/>\n<meta name=\"author\" content=\"Pe. Andr\u00e9\" \/>\n<meta name=\"twitter:card\" content=\"summary_large_image\" \/>\n<meta name=\"twitter:creator\" content=\"@EcclesiaNews\" \/>\n<meta name=\"twitter:site\" content=\"@EcclesiaNews\" \/>\n<meta name=\"twitter:label1\" content=\"Escrito por\" \/>\n\t<meta name=\"twitter:data1\" content=\"Pe. Andr\u00e9\" \/>\n\t<meta name=\"twitter:label2\" content=\"Est. tempo de leitura\" \/>\n\t<meta name=\"twitter:data2\" content=\"1 minuto\" \/>\n<script type=\"application\/ld+json\" class=\"yoast-schema-graph\">{\"@context\":\"https:\\\/\\\/schema.org\",\"@graph\":[{\"@type\":\"Article\",\"@id\":\"https:\\\/\\\/news.ecclesia.org.br\\\/?p=4464#article\",\"isPartOf\":{\"@id\":\"https:\\\/\\\/news.ecclesia.org.br\\\/?p=4464\"},\"author\":{\"name\":\"Pe. Andr\u00e9\",\"@id\":\"https:\\\/\\\/news.ecclesia.org.br\\\/#\\\/schema\\\/person\\\/6f09597f025829745ba414a569f63758\"},\"headline\":\"KIIJI: a p\u00e9rola da Car\u00e9lia\",\"datePublished\":\"2010-06-06T17:25:02+00:00\",\"dateModified\":\"2016-03-17T18:32:32+00:00\",\"mainEntityOfPage\":{\"@id\":\"https:\\\/\\\/news.ecclesia.org.br\\\/?p=4464\"},\"wordCount\":227,\"commentCount\":0,\"publisher\":{\"@id\":\"https:\\\/\\\/news.ecclesia.org.br\\\/#organization\"},\"image\":{\"@id\":\"https:\\\/\\\/news.ecclesia.org.br\\\/?p=4464#primaryimage\"},\"thumbnailUrl\":\"https:\\\/\\\/news.ecclesia.org.br\\\/wp-content\\\/uploads\\\/2010\\\/06\\\/50-009.jpg\",\"articleSection\":[\"NEWS\"],\"inLanguage\":\"pt-BR\",\"potentialAction\":[{\"@type\":\"CommentAction\",\"name\":\"Comment\",\"target\":[\"https:\\\/\\\/news.ecclesia.org.br\\\/?p=4464#respond\"]}]},{\"@type\":\"WebPage\",\"@id\":\"https:\\\/\\\/news.ecclesia.org.br\\\/?p=4464\",\"url\":\"https:\\\/\\\/news.ecclesia.org.br\\\/?p=4464\",\"name\":\"KIIJI: a p\u00e9rola da Car\u00e9lia | ECCLESIA NEWS\",\"isPartOf\":{\"@id\":\"https:\\\/\\\/news.ecclesia.org.br\\\/#website\"},\"primaryImageOfPage\":{\"@id\":\"https:\\\/\\\/news.ecclesia.org.br\\\/?p=4464#primaryimage\"},\"image\":{\"@id\":\"https:\\\/\\\/news.ecclesia.org.br\\\/?p=4464#primaryimage\"},\"thumbnailUrl\":\"https:\\\/\\\/news.ecclesia.org.br\\\/wp-content\\\/uploads\\\/2010\\\/06\\\/50-009.jpg\",\"datePublished\":\"2010-06-06T17:25:02+00:00\",\"dateModified\":\"2016-03-17T18:32:32+00:00\",\"breadcrumb\":{\"@id\":\"https:\\\/\\\/news.ecclesia.org.br\\\/?p=4464#breadcrumb\"},\"inLanguage\":\"pt-BR\",\"potentialAction\":[{\"@type\":\"ReadAction\",\"target\":[\"https:\\\/\\\/news.ecclesia.org.br\\\/?p=4464\"]}]},{\"@type\":\"ImageObject\",\"inLanguage\":\"pt-BR\",\"@id\":\"https:\\\/\\\/news.ecclesia.org.br\\\/?p=4464#primaryimage\",\"url\":\"https:\\\/\\\/news.ecclesia.org.br\\\/wp-content\\\/uploads\\\/2010\\\/06\\\/50-009.jpg\",\"contentUrl\":\"https:\\\/\\\/news.ecclesia.org.br\\\/wp-content\\\/uploads\\\/2010\\\/06\\\/50-009.jpg\",\"width\":692,\"height\":520},{\"@type\":\"BreadcrumbList\",\"@id\":\"https:\\\/\\\/news.ecclesia.org.br\\\/?p=4464#breadcrumb\",\"itemListElement\":[{\"@type\":\"ListItem\",\"position\":1,\"name\":\"In\u00edcio\",\"item\":\"https:\\\/\\\/news.ecclesia.org.br\\\/\"},{\"@type\":\"ListItem\",\"position\":2,\"name\":\"KIIJI: a p\u00e9rola da Car\u00e9lia\"}]},{\"@type\":\"WebSite\",\"@id\":\"https:\\\/\\\/news.ecclesia.org.br\\\/#website\",\"url\":\"https:\\\/\\\/news.ecclesia.org.br\\\/\",\"name\":\"Ecclesia Brasil\",\"description\":\"Desde 2003 onectando o Brasil ao mundo ortodoxo!\",\"publisher\":{\"@id\":\"https:\\\/\\\/news.ecclesia.org.br\\\/#organization\"},\"alternateName\":\"Ecclesia\",\"potentialAction\":[{\"@type\":\"SearchAction\",\"target\":{\"@type\":\"EntryPoint\",\"urlTemplate\":\"https:\\\/\\\/news.ecclesia.org.br\\\/?s={search_term_string}\"},\"query-input\":{\"@type\":\"PropertyValueSpecification\",\"valueRequired\":true,\"valueName\":\"search_term_string\"}}],\"inLanguage\":\"pt-BR\"},{\"@type\":\"Organization\",\"@id\":\"https:\\\/\\\/news.ecclesia.org.br\\\/#organization\",\"name\":\"Sacra Arquidiocese de Buenos Aires e Am\u00e9rica do Sul | Patriarcado Ecum\u00eanico\",\"alternateName\":\"News Ecclesia Brasil\",\"url\":\"https:\\\/\\\/news.ecclesia.org.br\\\/\",\"logo\":{\"@type\":\"ImageObject\",\"inLanguage\":\"pt-BR\",\"@id\":\"https:\\\/\\\/news.ecclesia.org.br\\\/#\\\/schema\\\/logo\\\/image\\\/\",\"url\":\"https:\\\/\\\/news.ecclesia.org.br\\\/wp-content\\\/uploads\\\/2025\\\/05\\\/ecclesia2.png\",\"contentUrl\":\"https:\\\/\\\/news.ecclesia.org.br\\\/wp-content\\\/uploads\\\/2025\\\/05\\\/ecclesia2.png\",\"width\":480,\"height\":120,\"caption\":\"Sacra Arquidiocese de Buenos Aires e Am\u00e9rica do Sul | Patriarcado Ecum\u00eanico\"},\"image\":{\"@id\":\"https:\\\/\\\/news.ecclesia.org.br\\\/#\\\/schema\\\/logo\\\/image\\\/\"},\"sameAs\":[\"https:\\\/\\\/www.facebook.com\\\/Ecclesia2025\",\"https:\\\/\\\/x.com\\\/EcclesiaNews\",\"https:\\\/\\\/br.pinterest.com\\\/ekklisia\\\/\",\"https:\\\/\\\/www.youtube.com\\\/@EcclesiaBrasil\"]},{\"@type\":\"Person\",\"@id\":\"https:\\\/\\\/news.ecclesia.org.br\\\/#\\\/schema\\\/person\\\/6f09597f025829745ba414a569f63758\",\"name\":\"Pe. Andr\u00e9\",\"image\":{\"@type\":\"ImageObject\",\"inLanguage\":\"pt-BR\",\"@id\":\"https:\\\/\\\/secure.gravatar.com\\\/avatar\\\/b4327cfa27e9799da239a26adcd534fc29cdc0c4a4a148eecbcfeb9b42c617ac?s=96&d=mm&r=g\",\"url\":\"https:\\\/\\\/secure.gravatar.com\\\/avatar\\\/b4327cfa27e9799da239a26adcd534fc29cdc0c4a4a148eecbcfeb9b42c617ac?s=96&d=mm&r=g\",\"contentUrl\":\"https:\\\/\\\/secure.gravatar.com\\\/avatar\\\/b4327cfa27e9799da239a26adcd534fc29cdc0c4a4a148eecbcfeb9b42c617ac?s=96&d=mm&r=g\",\"caption\":\"Pe. Andr\u00e9\"},\"sameAs\":[\"https:\\\/\\\/www.ecclesia.org.br\"]}]}<\/script>\n<!-- \/ Yoast SEO plugin. -->","yoast_head_json":{"title":"KIIJI: a p\u00e9rola da Car\u00e9lia | ECCLESIA NEWS","robots":{"index":"index","follow":"follow","max-snippet":"max-snippet:-1","max-image-preview":"max-image-preview:large","max-video-preview":"max-video-preview:-1"},"canonical":"https:\/\/news.ecclesia.org.br\/?p=4464","og_locale":"pt_BR","og_type":"article","og_title":"KIIJI: a p\u00e9rola da Car\u00e9lia | ECCLESIA NEWS","og_description":"Kiiji \u00e9 uma ilha no extremo norte do lago Onega na Rep\u00fablica da Car\u00e9lia. Com 7 km de comprimento e 500 m de largura \u00e9 cercada por outras ilhas e ilhotas (cerca de 5 000), algumas n\u00e3o medem mais de&#8230;","og_url":"https:\/\/news.ecclesia.org.br\/?p=4464","og_site_name":"ECCLESIA NEWS","article_publisher":"https:\/\/www.facebook.com\/Ecclesia2025","article_published_time":"2010-06-06T17:25:02+00:00","article_modified_time":"2016-03-17T18:32:32+00:00","og_image":[{"width":692,"height":520,"url":"https:\/\/news.ecclesia.org.br\/wp-content\/uploads\/2010\/06\/50-009.jpg","type":"image\/jpeg"}],"author":"Pe. Andr\u00e9","twitter_card":"summary_large_image","twitter_creator":"@EcclesiaNews","twitter_site":"@EcclesiaNews","twitter_misc":{"Escrito por":"Pe. Andr\u00e9","Est. tempo de leitura":"1 minuto"},"schema":{"@context":"https:\/\/schema.org","@graph":[{"@type":"Article","@id":"https:\/\/news.ecclesia.org.br\/?p=4464#article","isPartOf":{"@id":"https:\/\/news.ecclesia.org.br\/?p=4464"},"author":{"name":"Pe. Andr\u00e9","@id":"https:\/\/news.ecclesia.org.br\/#\/schema\/person\/6f09597f025829745ba414a569f63758"},"headline":"KIIJI: a p\u00e9rola da Car\u00e9lia","datePublished":"2010-06-06T17:25:02+00:00","dateModified":"2016-03-17T18:32:32+00:00","mainEntityOfPage":{"@id":"https:\/\/news.ecclesia.org.br\/?p=4464"},"wordCount":227,"commentCount":0,"publisher":{"@id":"https:\/\/news.ecclesia.org.br\/#organization"},"image":{"@id":"https:\/\/news.ecclesia.org.br\/?p=4464#primaryimage"},"thumbnailUrl":"https:\/\/news.ecclesia.org.br\/wp-content\/uploads\/2010\/06\/50-009.jpg","articleSection":["NEWS"],"inLanguage":"pt-BR","potentialAction":[{"@type":"CommentAction","name":"Comment","target":["https:\/\/news.ecclesia.org.br\/?p=4464#respond"]}]},{"@type":"WebPage","@id":"https:\/\/news.ecclesia.org.br\/?p=4464","url":"https:\/\/news.ecclesia.org.br\/?p=4464","name":"KIIJI: a p\u00e9rola da Car\u00e9lia | ECCLESIA NEWS","isPartOf":{"@id":"https:\/\/news.ecclesia.org.br\/#website"},"primaryImageOfPage":{"@id":"https:\/\/news.ecclesia.org.br\/?p=4464#primaryimage"},"image":{"@id":"https:\/\/news.ecclesia.org.br\/?p=4464#primaryimage"},"thumbnailUrl":"https:\/\/news.ecclesia.org.br\/wp-content\/uploads\/2010\/06\/50-009.jpg","datePublished":"2010-06-06T17:25:02+00:00","dateModified":"2016-03-17T18:32:32+00:00","breadcrumb":{"@id":"https:\/\/news.ecclesia.org.br\/?p=4464#breadcrumb"},"inLanguage":"pt-BR","potentialAction":[{"@type":"ReadAction","target":["https:\/\/news.ecclesia.org.br\/?p=4464"]}]},{"@type":"ImageObject","inLanguage":"pt-BR","@id":"https:\/\/news.ecclesia.org.br\/?p=4464#primaryimage","url":"https:\/\/news.ecclesia.org.br\/wp-content\/uploads\/2010\/06\/50-009.jpg","contentUrl":"https:\/\/news.ecclesia.org.br\/wp-content\/uploads\/2010\/06\/50-009.jpg","width":692,"height":520},{"@type":"BreadcrumbList","@id":"https:\/\/news.ecclesia.org.br\/?p=4464#breadcrumb","itemListElement":[{"@type":"ListItem","position":1,"name":"In\u00edcio","item":"https:\/\/news.ecclesia.org.br\/"},{"@type":"ListItem","position":2,"name":"KIIJI: a p\u00e9rola da Car\u00e9lia"}]},{"@type":"WebSite","@id":"https:\/\/news.ecclesia.org.br\/#website","url":"https:\/\/news.ecclesia.org.br\/","name":"Ecclesia Brasil","description":"Desde 2003 onectando o Brasil ao mundo ortodoxo!","publisher":{"@id":"https:\/\/news.ecclesia.org.br\/#organization"},"alternateName":"Ecclesia","potentialAction":[{"@type":"SearchAction","target":{"@type":"EntryPoint","urlTemplate":"https:\/\/news.ecclesia.org.br\/?s={search_term_string}"},"query-input":{"@type":"PropertyValueSpecification","valueRequired":true,"valueName":"search_term_string"}}],"inLanguage":"pt-BR"},{"@type":"Organization","@id":"https:\/\/news.ecclesia.org.br\/#organization","name":"Sacra Arquidiocese de Buenos Aires e Am\u00e9rica do Sul | Patriarcado Ecum\u00eanico","alternateName":"News Ecclesia Brasil","url":"https:\/\/news.ecclesia.org.br\/","logo":{"@type":"ImageObject","inLanguage":"pt-BR","@id":"https:\/\/news.ecclesia.org.br\/#\/schema\/logo\/image\/","url":"https:\/\/news.ecclesia.org.br\/wp-content\/uploads\/2025\/05\/ecclesia2.png","contentUrl":"https:\/\/news.ecclesia.org.br\/wp-content\/uploads\/2025\/05\/ecclesia2.png","width":480,"height":120,"caption":"Sacra Arquidiocese de Buenos Aires e Am\u00e9rica do Sul | Patriarcado Ecum\u00eanico"},"image":{"@id":"https:\/\/news.ecclesia.org.br\/#\/schema\/logo\/image\/"},"sameAs":["https:\/\/www.facebook.com\/Ecclesia2025","https:\/\/x.com\/EcclesiaNews","https:\/\/br.pinterest.com\/ekklisia\/","https:\/\/www.youtube.com\/@EcclesiaBrasil"]},{"@type":"Person","@id":"https:\/\/news.ecclesia.org.br\/#\/schema\/person\/6f09597f025829745ba414a569f63758","name":"Pe. Andr\u00e9","image":{"@type":"ImageObject","inLanguage":"pt-BR","@id":"https:\/\/secure.gravatar.com\/avatar\/b4327cfa27e9799da239a26adcd534fc29cdc0c4a4a148eecbcfeb9b42c617ac?s=96&d=mm&r=g","url":"https:\/\/secure.gravatar.com\/avatar\/b4327cfa27e9799da239a26adcd534fc29cdc0c4a4a148eecbcfeb9b42c617ac?s=96&d=mm&r=g","contentUrl":"https:\/\/secure.gravatar.com\/avatar\/b4327cfa27e9799da239a26adcd534fc29cdc0c4a4a148eecbcfeb9b42c617ac?s=96&d=mm&r=g","caption":"Pe. Andr\u00e9"},"sameAs":["https:\/\/www.ecclesia.org.br"]}]}},"_links":{"self":[{"href":"https:\/\/news.ecclesia.org.br\/index.php?rest_route=\/wp\/v2\/posts\/4464","targetHints":{"allow":["GET"]}}],"collection":[{"href":"https:\/\/news.ecclesia.org.br\/index.php?rest_route=\/wp\/v2\/posts"}],"about":[{"href":"https:\/\/news.ecclesia.org.br\/index.php?rest_route=\/wp\/v2\/types\/post"}],"author":[{"embeddable":true,"href":"https:\/\/news.ecclesia.org.br\/index.php?rest_route=\/wp\/v2\/users\/1"}],"replies":[{"embeddable":true,"href":"https:\/\/news.ecclesia.org.br\/index.php?rest_route=%2Fwp%2Fv2%2Fcomments&post=4464"}],"version-history":[{"count":0,"href":"https:\/\/news.ecclesia.org.br\/index.php?rest_route=\/wp\/v2\/posts\/4464\/revisions"}],"wp:featuredmedia":[{"embeddable":true,"href":"https:\/\/news.ecclesia.org.br\/index.php?rest_route=\/wp\/v2\/media\/15978"}],"wp:attachment":[{"href":"https:\/\/news.ecclesia.org.br\/index.php?rest_route=%2Fwp%2Fv2%2Fmedia&parent=4464"}],"wp:term":[{"taxonomy":"category","embeddable":true,"href":"https:\/\/news.ecclesia.org.br\/index.php?rest_route=%2Fwp%2Fv2%2Fcategories&post=4464"},{"taxonomy":"post_tag","embeddable":true,"href":"https:\/\/news.ecclesia.org.br\/index.php?rest_route=%2Fwp%2Fv2%2Ftags&post=4464"}],"curies":[{"name":"wp","href":"https:\/\/api.w.org\/{rel}","templated":true}]}}