{"id":4439,"date":"2010-06-04T16:27:04","date_gmt":"2010-06-04T18:27:04","guid":{"rendered":"http:\/\/www.ecclesia.com.br\/news\/?p=4439"},"modified":"2016-03-17T04:29:36","modified_gmt":"2016-03-17T04:29:36","slug":"papa-desembarca-em-chipre-para-uma-visita-de-tres-dias","status":"publish","type":"post","link":"https:\/\/news.ecclesia.org.br\/?p=4439","title":{"rendered":"Papa desembarca em Paphos para uma visita de tr\u00eas dias ao Chipre"},"content":{"rendered":"<p style=\"text-align: center;\"><div id=\"galleria-4439\"><a href=\"https:\/\/news.ecclesia.org.br\/wp-content\/uploads\/2010\/06\/46-001.jpg\"><img decoding=\"async\" title=\"46-001\" alt=\"\" src=\"https:\/\/news.ecclesia.org.br\/wp-content\/uploads\/2010\/06\/46-001-85x55.jpg\" data-big=\"https:\/\/news.ecclesia.org.br\/wp-content\/uploads\/2010\/06\/46-001.jpg\"><\/a><a href=\"https:\/\/news.ecclesia.org.br\/wp-content\/uploads\/2010\/06\/46-002.jpg\"><img decoding=\"async\" title=\"46-002\" alt=\"\" src=\"https:\/\/news.ecclesia.org.br\/wp-content\/uploads\/2010\/06\/46-002-35x55.jpg\" data-big=\"https:\/\/news.ecclesia.org.br\/wp-content\/uploads\/2010\/06\/46-002.jpg\"><\/a><a href=\"https:\/\/news.ecclesia.org.br\/wp-content\/uploads\/2010\/06\/46-003.jpg\"><img decoding=\"async\" title=\"46-003\" alt=\"\" src=\"https:\/\/news.ecclesia.org.br\/wp-content\/uploads\/2010\/06\/46-003-37x55.jpg\" data-big=\"https:\/\/news.ecclesia.org.br\/wp-content\/uploads\/2010\/06\/46-003.jpg\"><\/a><a href=\"https:\/\/news.ecclesia.org.br\/wp-content\/uploads\/2010\/06\/46-004.jpg\"><img decoding=\"async\" title=\"46-004\" alt=\"\" src=\"https:\/\/news.ecclesia.org.br\/wp-content\/uploads\/2010\/06\/46-004-80x55.jpg\" data-big=\"https:\/\/news.ecclesia.org.br\/wp-content\/uploads\/2010\/06\/46-004.jpg\"><\/a><a href=\"https:\/\/news.ecclesia.org.br\/wp-content\/uploads\/2010\/06\/46-005.jpg\"><img decoding=\"async\" title=\"46-005\" alt=\"\" src=\"https:\/\/news.ecclesia.org.br\/wp-content\/uploads\/2010\/06\/46-005-78x55.jpg\" data-big=\"https:\/\/news.ecclesia.org.br\/wp-content\/uploads\/2010\/06\/46-005.jpg\"><\/a><a href=\"https:\/\/news.ecclesia.org.br\/wp-content\/uploads\/2010\/06\/46-006.jpg\"><img decoding=\"async\" title=\"46-006\" alt=\"\" src=\"https:\/\/news.ecclesia.org.br\/wp-content\/uploads\/2010\/06\/46-006-86x55.jpg\" data-big=\"https:\/\/news.ecclesia.org.br\/wp-content\/uploads\/2010\/06\/46-006.jpg\"><\/a><a href=\"https:\/\/news.ecclesia.org.br\/wp-content\/uploads\/2010\/06\/46-007.jpg\"><img decoding=\"async\" title=\"46-007\" alt=\"\" src=\"https:\/\/news.ecclesia.org.br\/wp-content\/uploads\/2010\/06\/46-007-73x55.jpg\" data-big=\"https:\/\/news.ecclesia.org.br\/wp-content\/uploads\/2010\/06\/46-007.jpg\"><\/a><a href=\"https:\/\/news.ecclesia.org.br\/wp-content\/uploads\/2010\/06\/46-008.jpg\"><img decoding=\"async\" title=\"46-008\" alt=\"\" src=\"https:\/\/news.ecclesia.org.br\/wp-content\/uploads\/2010\/06\/46-008-82x55.jpg\" data-big=\"https:\/\/news.ecclesia.org.br\/wp-content\/uploads\/2010\/06\/46-008.jpg\"><\/a><a href=\"https:\/\/news.ecclesia.org.br\/wp-content\/uploads\/2010\/06\/46-009.jpg\"><img decoding=\"async\" title=\"46-009\" alt=\"\" src=\"https:\/\/news.ecclesia.org.br\/wp-content\/uploads\/2010\/06\/46-009-82x55.jpg\" data-big=\"https:\/\/news.ecclesia.org.br\/wp-content\/uploads\/2010\/06\/46-009.jpg\"><\/a><a href=\"https:\/\/news.ecclesia.org.br\/wp-content\/uploads\/2010\/06\/46-010.jpg\"><img decoding=\"async\" title=\"46-010\" alt=\"\" src=\"https:\/\/news.ecclesia.org.br\/wp-content\/uploads\/2010\/06\/46-010-86x55.jpg\" data-big=\"https:\/\/news.ecclesia.org.br\/wp-content\/uploads\/2010\/06\/46-010.jpg\"><\/a><a href=\"https:\/\/news.ecclesia.org.br\/wp-content\/uploads\/2010\/06\/46-011.jpg\"><img decoding=\"async\" title=\"46-011\" alt=\"\" src=\"https:\/\/news.ecclesia.org.br\/wp-content\/uploads\/2010\/06\/46-011-35x55.jpg\" data-big=\"https:\/\/news.ecclesia.org.br\/wp-content\/uploads\/2010\/06\/46-011.jpg\"><\/a><a href=\"https:\/\/news.ecclesia.org.br\/wp-content\/uploads\/2010\/06\/46-012.jpg\"><img decoding=\"async\" title=\"46-012\" alt=\"\" src=\"https:\/\/news.ecclesia.org.br\/wp-content\/uploads\/2010\/06\/46-012-85x55.jpg\" data-big=\"https:\/\/news.ecclesia.org.br\/wp-content\/uploads\/2010\/06\/46-012.jpg\"><\/a><a href=\"https:\/\/news.ecclesia.org.br\/wp-content\/uploads\/2010\/06\/46-013.jpg\"><img decoding=\"async\" title=\"46-013\" alt=\"\" src=\"https:\/\/news.ecclesia.org.br\/wp-content\/uploads\/2010\/06\/46-013-83x55.jpg\" data-big=\"https:\/\/news.ecclesia.org.br\/wp-content\/uploads\/2010\/06\/46-013.jpg\"><\/a><a href=\"https:\/\/news.ecclesia.org.br\/wp-content\/uploads\/2010\/06\/46-014.jpg\"><img decoding=\"async\" title=\"46-014\" alt=\"\" src=\"https:\/\/news.ecclesia.org.br\/wp-content\/uploads\/2010\/06\/46-014-45x55.jpg\" data-big=\"https:\/\/news.ecclesia.org.br\/wp-content\/uploads\/2010\/06\/46-014.jpg\"><\/a><a href=\"https:\/\/news.ecclesia.org.br\/wp-content\/uploads\/2010\/06\/46-015.jpg\"><img decoding=\"async\" title=\"46-015\" alt=\"\" src=\"https:\/\/news.ecclesia.org.br\/wp-content\/uploads\/2010\/06\/46-015-90x55.jpg\" data-big=\"https:\/\/news.ecclesia.org.br\/wp-content\/uploads\/2010\/06\/46-015.jpg\"><\/a><\/div><\/p>\n<p style=\"text-align: right;\">[Fotos: <a href=\"http:\/\/www.daylife.com\" target=\"_blank\">DayLife<\/a>]<\/p>\n<p style=\"text-align: justify;\">PAPHOS &#8211; Chipre, 04 de Junho de 2010 &#8212; O Papa Bento XVI chegou no in\u00edcio desta tarde em e a Paphos, \u00a0Chipre, in\u00edciano a uma visita de tr\u00eas dias \u00e0quele pa\u00eds. Bento XVI \u00e9 o primeiro papa a visitar a Ilha onde, apenas tr\u00eas por cento da popula\u00e7\u00e3o \u00e9 cat\u00f3lica. \u00c0 chegada ao aeroporto Internacional de Paphos o Papa foi recebido pelo presidente da Rep\u00fablica de Chipre, Sr. Demetris Christofias que estava acompanhado da primeira dama, Sra. Elsi Christofias, pelo Arcebispo Ortodoxo de Chipre Chrysostomos II, por autoridades cat\u00f3licas e pelo prefeito de Paphos, \u00a0Sr. Savvas Vergas. Ao lado do chefe da Igreja Ortodoxa Cipriota, o Arcebispo Chrysostomos II, o Papa apelou \u00e0 paz e harmonia entre vizinhos, fazendo assim refer\u00eancia ao conflito que divide a ilha. Ap\u00f3s a cerim\u00f4nia de boas-vindas, Bento XVI visitou o sitio arqueol\u00f3gico de Paphos onde, segundo a tradi\u00e7\u00e3o, S\u00e3o Paulo foi torturado. Ap\u00f3s rezar no local onde S\u00e3o Paulo pregou, Bento XVI celebrou um of\u00edcio ecum\u00eanico com participa\u00e7\u00e3o de Chrysostomos II e membros do Santo S\u00ednodo local, o mais alto \u00f3rg\u00e3o do governo da Igreja Ortodoxa. O Papa pernoitar\u00e1 no Convento Franciscano de Nic\u00f3sia. No s\u00e1bado, 05 de junho, \u00e0s 09h10min, o Papa ser\u00e1 recebido pelo presidente Christofias e sua esposa Elsie no Pal\u00e1cio Presidencial. Ap\u00f3s a troca de presentes, ter\u00e3o um encontro previamente agendado. Em seguida, o Papa ir\u00e1 assinar o livro de visitas do Pal\u00e1cio Presidencial e se dar\u00e1 as apresenta\u00e7\u00f5es protocolares das delega\u00e7\u00f5es de Chipre e da S\u00e9 Apost\u00f3lica de Roma. Depois, Bento XVI visitar\u00e1 o Col\u00e9gio de S\u00e3o Maron, onde descerrar\u00e1 uma placa comemorativa de sua visita \u00e0quele local. Nesta oportunidade, o Arcebispo Maronita Yousef Soueif far\u00e1 uma sauda\u00e7\u00e3o ao Papa e sua comitiva. Ao meio dia, Bento XVI ir\u00e1 \u00e0 Sede da Igreja Ortodoxa de Chipre, onde ser\u00e1 recepcionado pelo Arcebispo Chrysostomos II e por membros do Santo S\u00ednodo Ortodoxo. L\u00e1 haver\u00e1 um encontro privado entre o Papa e Arcebispo\u00a0Chrysostomos\u00a0. Ap\u00f3s o almo\u00e7o, que o Arcebispo Chrysostomos oferecer\u00e1 ao Papa e sua comitiva, haver\u00e1 troca de presentes. Em seguida, no final da tarde, o Papa celebrar\u00e1 Missa no Convento dos Franciscanos. No Domingo, \u00e0s 9,15h, est\u00e1 programada a ida do Papa ao Est\u00e1dio da Liberdade, onde celebrar\u00e1 uma Missa e entregar\u00e1 aos bispos do M\u00e9dio Oriente o &#8220;Instrumentum Laboris&#8221;, documento de trabalho do s\u00ednodo que se realizar\u00e1 no Vaticano, entre 10 e 24 de Outubro, sobre a situa\u00e7\u00e3o da Igreja Cat\u00f3lica naquela regi\u00e3o. Ap\u00f3s a celebra\u00e7\u00e3o, visitar\u00e1 ainda a Igreja Maronita Nossa Senhora das Gra\u00e7as. \u00c0s 17 horas retornar\u00e1 para Roma.<\/p>\n<p style=\"text-align: center;\">\n","protected":false},"excerpt":{"rendered":"<p>[Fotos: DayLife] PAPHOS &#8211; Chipre, 04 de Junho de 2010 &#8212; O Papa Bento XVI chegou no in\u00edcio desta tarde em e a Paphos, \u00a0Chipre, in\u00edciano a uma visita de tr\u00eas dias \u00e0quele pa\u00eds. Bento XVI \u00e9 o primeiro papa&#8230;<\/p>\n","protected":false},"author":1,"featured_media":15889,"comment_status":"open","ping_status":"open","sticky":false,"template":"","format":"standard","meta":{"_acf_changed":false,"footnotes":""},"categories":[1],"tags":[],"class_list":["post-4439","post","type-post","status-publish","format-standard","has-post-thumbnail","hentry","category-news","entry","rows-excerpt"],"acf":[],"yoast_head":"<!-- This site is optimized with the Yoast SEO plugin v27.5 - https:\/\/yoast.com\/product\/yoast-seo-wordpress\/ -->\n<title>Papa desembarca em Paphos para uma visita de tr\u00eas dias ao Chipre | ECCLESIA NEWS<\/title>\n<meta name=\"robots\" content=\"index, follow, max-snippet:-1, max-image-preview:large, max-video-preview:-1\" \/>\n<link rel=\"canonical\" href=\"https:\/\/news.ecclesia.org.br\/?p=4439\" \/>\n<meta property=\"og:locale\" content=\"pt_BR\" \/>\n<meta property=\"og:type\" content=\"article\" \/>\n<meta property=\"og:title\" content=\"Papa desembarca em Paphos para uma visita de tr\u00eas dias ao Chipre | ECCLESIA NEWS\" \/>\n<meta property=\"og:description\" content=\"[Fotos: DayLife] PAPHOS &#8211; Chipre, 04 de Junho de 2010 &#8212; O Papa Bento XVI chegou no in\u00edcio desta tarde em e a Paphos, \u00a0Chipre, in\u00edciano a uma visita de tr\u00eas dias \u00e0quele pa\u00eds. Bento XVI \u00e9 o primeiro papa&#8230;\" \/>\n<meta property=\"og:url\" content=\"https:\/\/news.ecclesia.org.br\/?p=4439\" \/>\n<meta property=\"og:site_name\" content=\"ECCLESIA NEWS\" \/>\n<meta property=\"article:publisher\" content=\"https:\/\/www.facebook.com\/Ecclesia2025\" \/>\n<meta property=\"article:published_time\" content=\"2010-06-04T18:27:04+00:00\" \/>\n<meta property=\"article:modified_time\" content=\"2016-03-17T04:29:36+00:00\" \/>\n<meta property=\"og:image\" content=\"https:\/\/news.ecclesia.org.br\/wp-content\/uploads\/2010\/06\/46-008.jpg\" \/>\n\t<meta property=\"og:image:width\" content=\"800\" \/>\n\t<meta property=\"og:image:height\" content=\"536\" \/>\n\t<meta property=\"og:image:type\" content=\"image\/jpeg\" \/>\n<meta name=\"author\" content=\"Pe. Andr\u00e9\" \/>\n<meta name=\"twitter:card\" content=\"summary_large_image\" \/>\n<meta name=\"twitter:creator\" content=\"@EcclesiaNews\" \/>\n<meta name=\"twitter:site\" content=\"@EcclesiaNews\" \/>\n<meta name=\"twitter:label1\" content=\"Escrito por\" \/>\n\t<meta name=\"twitter:data1\" content=\"Pe. Andr\u00e9\" \/>\n\t<meta name=\"twitter:label2\" content=\"Est. tempo de leitura\" \/>\n\t<meta name=\"twitter:data2\" content=\"2 minutos\" \/>\n<script type=\"application\/ld+json\" class=\"yoast-schema-graph\">{\"@context\":\"https:\\\/\\\/schema.org\",\"@graph\":[{\"@type\":\"Article\",\"@id\":\"https:\\\/\\\/news.ecclesia.org.br\\\/?p=4439#article\",\"isPartOf\":{\"@id\":\"https:\\\/\\\/news.ecclesia.org.br\\\/?p=4439\"},\"author\":{\"name\":\"Pe. Andr\u00e9\",\"@id\":\"https:\\\/\\\/news.ecclesia.org.br\\\/#\\\/schema\\\/person\\\/6f09597f025829745ba414a569f63758\"},\"headline\":\"Papa desembarca em Paphos para uma visita de tr\u00eas dias ao Chipre\",\"datePublished\":\"2010-06-04T18:27:04+00:00\",\"dateModified\":\"2016-03-17T04:29:36+00:00\",\"mainEntityOfPage\":{\"@id\":\"https:\\\/\\\/news.ecclesia.org.br\\\/?p=4439\"},\"wordCount\":478,\"commentCount\":0,\"publisher\":{\"@id\":\"https:\\\/\\\/news.ecclesia.org.br\\\/#organization\"},\"image\":{\"@id\":\"https:\\\/\\\/news.ecclesia.org.br\\\/?p=4439#primaryimage\"},\"thumbnailUrl\":\"https:\\\/\\\/news.ecclesia.org.br\\\/wp-content\\\/uploads\\\/2010\\\/06\\\/46-008.jpg\",\"articleSection\":[\"NEWS\"],\"inLanguage\":\"pt-BR\",\"potentialAction\":[{\"@type\":\"CommentAction\",\"name\":\"Comment\",\"target\":[\"https:\\\/\\\/news.ecclesia.org.br\\\/?p=4439#respond\"]}]},{\"@type\":\"WebPage\",\"@id\":\"https:\\\/\\\/news.ecclesia.org.br\\\/?p=4439\",\"url\":\"https:\\\/\\\/news.ecclesia.org.br\\\/?p=4439\",\"name\":\"Papa desembarca em Paphos para uma visita de tr\u00eas dias ao Chipre | ECCLESIA NEWS\",\"isPartOf\":{\"@id\":\"https:\\\/\\\/news.ecclesia.org.br\\\/#website\"},\"primaryImageOfPage\":{\"@id\":\"https:\\\/\\\/news.ecclesia.org.br\\\/?p=4439#primaryimage\"},\"image\":{\"@id\":\"https:\\\/\\\/news.ecclesia.org.br\\\/?p=4439#primaryimage\"},\"thumbnailUrl\":\"https:\\\/\\\/news.ecclesia.org.br\\\/wp-content\\\/uploads\\\/2010\\\/06\\\/46-008.jpg\",\"datePublished\":\"2010-06-04T18:27:04+00:00\",\"dateModified\":\"2016-03-17T04:29:36+00:00\",\"breadcrumb\":{\"@id\":\"https:\\\/\\\/news.ecclesia.org.br\\\/?p=4439#breadcrumb\"},\"inLanguage\":\"pt-BR\",\"potentialAction\":[{\"@type\":\"ReadAction\",\"target\":[\"https:\\\/\\\/news.ecclesia.org.br\\\/?p=4439\"]}]},{\"@type\":\"ImageObject\",\"inLanguage\":\"pt-BR\",\"@id\":\"https:\\\/\\\/news.ecclesia.org.br\\\/?p=4439#primaryimage\",\"url\":\"https:\\\/\\\/news.ecclesia.org.br\\\/wp-content\\\/uploads\\\/2010\\\/06\\\/46-008.jpg\",\"contentUrl\":\"https:\\\/\\\/news.ecclesia.org.br\\\/wp-content\\\/uploads\\\/2010\\\/06\\\/46-008.jpg\",\"width\":800,\"height\":536},{\"@type\":\"BreadcrumbList\",\"@id\":\"https:\\\/\\\/news.ecclesia.org.br\\\/?p=4439#breadcrumb\",\"itemListElement\":[{\"@type\":\"ListItem\",\"position\":1,\"name\":\"In\u00edcio\",\"item\":\"https:\\\/\\\/news.ecclesia.org.br\\\/\"},{\"@type\":\"ListItem\",\"position\":2,\"name\":\"Papa desembarca em Paphos para uma visita de tr\u00eas dias ao Chipre\"}]},{\"@type\":\"WebSite\",\"@id\":\"https:\\\/\\\/news.ecclesia.org.br\\\/#website\",\"url\":\"https:\\\/\\\/news.ecclesia.org.br\\\/\",\"name\":\"Ecclesia Brasil\",\"description\":\"Desde 2003 onectando o Brasil ao mundo ortodoxo!\",\"publisher\":{\"@id\":\"https:\\\/\\\/news.ecclesia.org.br\\\/#organization\"},\"alternateName\":\"Ecclesia\",\"potentialAction\":[{\"@type\":\"SearchAction\",\"target\":{\"@type\":\"EntryPoint\",\"urlTemplate\":\"https:\\\/\\\/news.ecclesia.org.br\\\/?s={search_term_string}\"},\"query-input\":{\"@type\":\"PropertyValueSpecification\",\"valueRequired\":true,\"valueName\":\"search_term_string\"}}],\"inLanguage\":\"pt-BR\"},{\"@type\":\"Organization\",\"@id\":\"https:\\\/\\\/news.ecclesia.org.br\\\/#organization\",\"name\":\"Sacra Arquidiocese de Buenos Aires e Am\u00e9rica do Sul | Patriarcado Ecum\u00eanico\",\"alternateName\":\"News Ecclesia Brasil\",\"url\":\"https:\\\/\\\/news.ecclesia.org.br\\\/\",\"logo\":{\"@type\":\"ImageObject\",\"inLanguage\":\"pt-BR\",\"@id\":\"https:\\\/\\\/news.ecclesia.org.br\\\/#\\\/schema\\\/logo\\\/image\\\/\",\"url\":\"https:\\\/\\\/news.ecclesia.org.br\\\/wp-content\\\/uploads\\\/2025\\\/05\\\/ecclesia2.png\",\"contentUrl\":\"https:\\\/\\\/news.ecclesia.org.br\\\/wp-content\\\/uploads\\\/2025\\\/05\\\/ecclesia2.png\",\"width\":480,\"height\":120,\"caption\":\"Sacra Arquidiocese de Buenos Aires e Am\u00e9rica do Sul | Patriarcado Ecum\u00eanico\"},\"image\":{\"@id\":\"https:\\\/\\\/news.ecclesia.org.br\\\/#\\\/schema\\\/logo\\\/image\\\/\"},\"sameAs\":[\"https:\\\/\\\/www.facebook.com\\\/Ecclesia2025\",\"https:\\\/\\\/x.com\\\/EcclesiaNews\",\"https:\\\/\\\/br.pinterest.com\\\/ekklisia\\\/\",\"https:\\\/\\\/www.youtube.com\\\/@EcclesiaBrasil\"]},{\"@type\":\"Person\",\"@id\":\"https:\\\/\\\/news.ecclesia.org.br\\\/#\\\/schema\\\/person\\\/6f09597f025829745ba414a569f63758\",\"name\":\"Pe. Andr\u00e9\",\"image\":{\"@type\":\"ImageObject\",\"inLanguage\":\"pt-BR\",\"@id\":\"https:\\\/\\\/secure.gravatar.com\\\/avatar\\\/b4327cfa27e9799da239a26adcd534fc29cdc0c4a4a148eecbcfeb9b42c617ac?s=96&d=mm&r=g\",\"url\":\"https:\\\/\\\/secure.gravatar.com\\\/avatar\\\/b4327cfa27e9799da239a26adcd534fc29cdc0c4a4a148eecbcfeb9b42c617ac?s=96&d=mm&r=g\",\"contentUrl\":\"https:\\\/\\\/secure.gravatar.com\\\/avatar\\\/b4327cfa27e9799da239a26adcd534fc29cdc0c4a4a148eecbcfeb9b42c617ac?s=96&d=mm&r=g\",\"caption\":\"Pe. Andr\u00e9\"},\"sameAs\":[\"https:\\\/\\\/www.ecclesia.org.br\"]}]}<\/script>\n<!-- \/ Yoast SEO plugin. -->","yoast_head_json":{"title":"Papa desembarca em Paphos para uma visita de tr\u00eas dias ao Chipre | ECCLESIA NEWS","robots":{"index":"index","follow":"follow","max-snippet":"max-snippet:-1","max-image-preview":"max-image-preview:large","max-video-preview":"max-video-preview:-1"},"canonical":"https:\/\/news.ecclesia.org.br\/?p=4439","og_locale":"pt_BR","og_type":"article","og_title":"Papa desembarca em Paphos para uma visita de tr\u00eas dias ao Chipre | ECCLESIA NEWS","og_description":"[Fotos: DayLife] PAPHOS &#8211; Chipre, 04 de Junho de 2010 &#8212; O Papa Bento XVI chegou no in\u00edcio desta tarde em e a Paphos, \u00a0Chipre, in\u00edciano a uma visita de tr\u00eas dias \u00e0quele pa\u00eds. Bento XVI \u00e9 o primeiro papa&#8230;","og_url":"https:\/\/news.ecclesia.org.br\/?p=4439","og_site_name":"ECCLESIA NEWS","article_publisher":"https:\/\/www.facebook.com\/Ecclesia2025","article_published_time":"2010-06-04T18:27:04+00:00","article_modified_time":"2016-03-17T04:29:36+00:00","og_image":[{"width":800,"height":536,"url":"https:\/\/news.ecclesia.org.br\/wp-content\/uploads\/2010\/06\/46-008.jpg","type":"image\/jpeg"}],"author":"Pe. Andr\u00e9","twitter_card":"summary_large_image","twitter_creator":"@EcclesiaNews","twitter_site":"@EcclesiaNews","twitter_misc":{"Escrito por":"Pe. Andr\u00e9","Est. tempo de leitura":"2 minutos"},"schema":{"@context":"https:\/\/schema.org","@graph":[{"@type":"Article","@id":"https:\/\/news.ecclesia.org.br\/?p=4439#article","isPartOf":{"@id":"https:\/\/news.ecclesia.org.br\/?p=4439"},"author":{"name":"Pe. Andr\u00e9","@id":"https:\/\/news.ecclesia.org.br\/#\/schema\/person\/6f09597f025829745ba414a569f63758"},"headline":"Papa desembarca em Paphos para uma visita de tr\u00eas dias ao Chipre","datePublished":"2010-06-04T18:27:04+00:00","dateModified":"2016-03-17T04:29:36+00:00","mainEntityOfPage":{"@id":"https:\/\/news.ecclesia.org.br\/?p=4439"},"wordCount":478,"commentCount":0,"publisher":{"@id":"https:\/\/news.ecclesia.org.br\/#organization"},"image":{"@id":"https:\/\/news.ecclesia.org.br\/?p=4439#primaryimage"},"thumbnailUrl":"https:\/\/news.ecclesia.org.br\/wp-content\/uploads\/2010\/06\/46-008.jpg","articleSection":["NEWS"],"inLanguage":"pt-BR","potentialAction":[{"@type":"CommentAction","name":"Comment","target":["https:\/\/news.ecclesia.org.br\/?p=4439#respond"]}]},{"@type":"WebPage","@id":"https:\/\/news.ecclesia.org.br\/?p=4439","url":"https:\/\/news.ecclesia.org.br\/?p=4439","name":"Papa desembarca em Paphos para uma visita de tr\u00eas dias ao Chipre | ECCLESIA NEWS","isPartOf":{"@id":"https:\/\/news.ecclesia.org.br\/#website"},"primaryImageOfPage":{"@id":"https:\/\/news.ecclesia.org.br\/?p=4439#primaryimage"},"image":{"@id":"https:\/\/news.ecclesia.org.br\/?p=4439#primaryimage"},"thumbnailUrl":"https:\/\/news.ecclesia.org.br\/wp-content\/uploads\/2010\/06\/46-008.jpg","datePublished":"2010-06-04T18:27:04+00:00","dateModified":"2016-03-17T04:29:36+00:00","breadcrumb":{"@id":"https:\/\/news.ecclesia.org.br\/?p=4439#breadcrumb"},"inLanguage":"pt-BR","potentialAction":[{"@type":"ReadAction","target":["https:\/\/news.ecclesia.org.br\/?p=4439"]}]},{"@type":"ImageObject","inLanguage":"pt-BR","@id":"https:\/\/news.ecclesia.org.br\/?p=4439#primaryimage","url":"https:\/\/news.ecclesia.org.br\/wp-content\/uploads\/2010\/06\/46-008.jpg","contentUrl":"https:\/\/news.ecclesia.org.br\/wp-content\/uploads\/2010\/06\/46-008.jpg","width":800,"height":536},{"@type":"BreadcrumbList","@id":"https:\/\/news.ecclesia.org.br\/?p=4439#breadcrumb","itemListElement":[{"@type":"ListItem","position":1,"name":"In\u00edcio","item":"https:\/\/news.ecclesia.org.br\/"},{"@type":"ListItem","position":2,"name":"Papa desembarca em Paphos para uma visita de tr\u00eas dias ao Chipre"}]},{"@type":"WebSite","@id":"https:\/\/news.ecclesia.org.br\/#website","url":"https:\/\/news.ecclesia.org.br\/","name":"Ecclesia Brasil","description":"Desde 2003 onectando o Brasil ao mundo ortodoxo!","publisher":{"@id":"https:\/\/news.ecclesia.org.br\/#organization"},"alternateName":"Ecclesia","potentialAction":[{"@type":"SearchAction","target":{"@type":"EntryPoint","urlTemplate":"https:\/\/news.ecclesia.org.br\/?s={search_term_string}"},"query-input":{"@type":"PropertyValueSpecification","valueRequired":true,"valueName":"search_term_string"}}],"inLanguage":"pt-BR"},{"@type":"Organization","@id":"https:\/\/news.ecclesia.org.br\/#organization","name":"Sacra Arquidiocese de Buenos Aires e Am\u00e9rica do Sul | Patriarcado Ecum\u00eanico","alternateName":"News Ecclesia Brasil","url":"https:\/\/news.ecclesia.org.br\/","logo":{"@type":"ImageObject","inLanguage":"pt-BR","@id":"https:\/\/news.ecclesia.org.br\/#\/schema\/logo\/image\/","url":"https:\/\/news.ecclesia.org.br\/wp-content\/uploads\/2025\/05\/ecclesia2.png","contentUrl":"https:\/\/news.ecclesia.org.br\/wp-content\/uploads\/2025\/05\/ecclesia2.png","width":480,"height":120,"caption":"Sacra Arquidiocese de Buenos Aires e Am\u00e9rica do Sul | Patriarcado Ecum\u00eanico"},"image":{"@id":"https:\/\/news.ecclesia.org.br\/#\/schema\/logo\/image\/"},"sameAs":["https:\/\/www.facebook.com\/Ecclesia2025","https:\/\/x.com\/EcclesiaNews","https:\/\/br.pinterest.com\/ekklisia\/","https:\/\/www.youtube.com\/@EcclesiaBrasil"]},{"@type":"Person","@id":"https:\/\/news.ecclesia.org.br\/#\/schema\/person\/6f09597f025829745ba414a569f63758","name":"Pe. Andr\u00e9","image":{"@type":"ImageObject","inLanguage":"pt-BR","@id":"https:\/\/secure.gravatar.com\/avatar\/b4327cfa27e9799da239a26adcd534fc29cdc0c4a4a148eecbcfeb9b42c617ac?s=96&d=mm&r=g","url":"https:\/\/secure.gravatar.com\/avatar\/b4327cfa27e9799da239a26adcd534fc29cdc0c4a4a148eecbcfeb9b42c617ac?s=96&d=mm&r=g","contentUrl":"https:\/\/secure.gravatar.com\/avatar\/b4327cfa27e9799da239a26adcd534fc29cdc0c4a4a148eecbcfeb9b42c617ac?s=96&d=mm&r=g","caption":"Pe. Andr\u00e9"},"sameAs":["https:\/\/www.ecclesia.org.br"]}]}},"_links":{"self":[{"href":"https:\/\/news.ecclesia.org.br\/index.php?rest_route=\/wp\/v2\/posts\/4439","targetHints":{"allow":["GET"]}}],"collection":[{"href":"https:\/\/news.ecclesia.org.br\/index.php?rest_route=\/wp\/v2\/posts"}],"about":[{"href":"https:\/\/news.ecclesia.org.br\/index.php?rest_route=\/wp\/v2\/types\/post"}],"author":[{"embeddable":true,"href":"https:\/\/news.ecclesia.org.br\/index.php?rest_route=\/wp\/v2\/users\/1"}],"replies":[{"embeddable":true,"href":"https:\/\/news.ecclesia.org.br\/index.php?rest_route=%2Fwp%2Fv2%2Fcomments&post=4439"}],"version-history":[{"count":0,"href":"https:\/\/news.ecclesia.org.br\/index.php?rest_route=\/wp\/v2\/posts\/4439\/revisions"}],"wp:featuredmedia":[{"embeddable":true,"href":"https:\/\/news.ecclesia.org.br\/index.php?rest_route=\/wp\/v2\/media\/15889"}],"wp:attachment":[{"href":"https:\/\/news.ecclesia.org.br\/index.php?rest_route=%2Fwp%2Fv2%2Fmedia&parent=4439"}],"wp:term":[{"taxonomy":"category","embeddable":true,"href":"https:\/\/news.ecclesia.org.br\/index.php?rest_route=%2Fwp%2Fv2%2Fcategories&post=4439"},{"taxonomy":"post_tag","embeddable":true,"href":"https:\/\/news.ecclesia.org.br\/index.php?rest_route=%2Fwp%2Fv2%2Ftags&post=4439"}],"curies":[{"name":"wp","href":"https:\/\/api.w.org\/{rel}","templated":true}]}}