{"id":4427,"date":"2010-05-12T00:47:51","date_gmt":"2010-05-12T02:47:51","guid":{"rendered":"http:\/\/www.ecclesia.com.br\/news\/?p=4427"},"modified":"2016-03-16T20:17:27","modified_gmt":"2016-03-16T20:17:27","slug":"coletividade-helenica-de-brasilia-despede-se-de-um-de-seus-mais-ilustres-membros-sr-panteleimon-georgalas","status":"publish","type":"post","link":"https:\/\/news.ecclesia.org.br\/?p=4427","title":{"rendered":"Coletividade Hel\u00eanica de Bras\u00edlia despede-se de um de seus mais ilustres membros, Sr. Panteleimon Georgalas"},"content":{"rendered":"<p class=\"MsoNormal\" style=\"text-align: justify;\">Faleceu em Bras\u00edlia \u2013 DF, no \u00faltimo dia 08 de maio, o Sr. Panteleimon Georgalas, um ilustre membro da Coletividade Hel\u00eanica da Capital Federal. Sr. Panteleimon exerceu, por duas gest\u00f5es, a presid\u00eancia da Comunidade Ortodoxa Grega de Bras\u00edlia e, tamb\u00e9m por duas vezes, presidiu a Federa\u00e7\u00e3o das Comunidades Hel\u00eanicas do Brasil, destacando-se por sua compet\u00eancia, determina\u00e7\u00e3o e dedica\u00e7\u00e3o no servi\u00e7o do bem comum. \u00a0Sr. Panteleimon Georgalas atuou no segmento do com\u00e9rcio varejista de cal\u00e7ados e confec\u00e7\u00f5es na conhecida Casa Nordeste, sendo um homem conhecido e admirado por todos. Foi homenageado pelo Sindicato dos Varejistas da Capital Federal e agraciado com a investidura de Arconte da Grande Igreja de Cristo, o Patriarcado Ecum\u00eanico de Constantinopla.\u00a0S. Emncia. Revma Dom tarasios, nosso Arcebispo Metropolitano, n\u00e3o mediu esfor\u00e7os para vir de Buenos Aires prestar sua \u00faltima homenagem e recomendar a Deus a alma deste grande servidor da Igreja de Cristo, nosso j\u00e1 saudoso irm\u00e3o Pantelis, de mem\u00f3ria eterna.\u00a0O of\u00edcio f\u00fanebre presidido, por S. Emncia. Dom Tarasios, foi realizado na Igreja Ortodoxa Grega da Anuncia\u00e7\u00e3o da M\u00e3e de Deus, entre 9 e 17 horas. \u00c0s 18 horas deste mesmo dia, deu-se o sepultamento no cemit\u00e9rio da capital. Uma grande multid\u00e3o de pessoas, entre familiares, amigos, admiradores e conhecidos, acompanharam estas \u00faltimas homenagens enquanto mensagens de condol\u00eancias\u00a0lamentando a morte deste parente e amigo distante\u00a0chegavam de v\u00e1rios lugares das Am\u00e9ricas.\u00a0Que sua mem\u00f3ria seja eterna!<\/p>\n","protected":false},"excerpt":{"rendered":"<p>Faleceu em Bras\u00edlia \u2013 DF, no \u00faltimo dia 08 de maio, o Sr. Panteleimon Georgalas, um ilustre membro da Coletividade Hel\u00eanica da Capital Federal. Sr. Panteleimon exerceu, por duas gest\u00f5es, a presid\u00eancia da Comunidade Ortodoxa Grega de Bras\u00edlia e, tamb\u00e9m&#8230;<\/p>\n","protected":false},"author":1,"featured_media":14293,"comment_status":"open","ping_status":"open","sticky":false,"template":"","format":"standard","meta":{"_acf_changed":false,"footnotes":""},"categories":[1],"tags":[],"class_list":["post-4427","post","type-post","status-publish","format-standard","has-post-thumbnail","hentry","category-news","entry","rows-excerpt"],"acf":[],"yoast_head":"<!-- This site is optimized with the Yoast SEO plugin v27.5 - https:\/\/yoast.com\/product\/yoast-seo-wordpress\/ -->\n<title>Coletividade Hel\u00eanica de Bras\u00edlia despede-se de um de seus mais ilustres membros, Sr. Panteleimon Georgalas | ECCLESIA NEWS<\/title>\n<meta name=\"robots\" content=\"index, follow, max-snippet:-1, max-image-preview:large, max-video-preview:-1\" \/>\n<link rel=\"canonical\" href=\"https:\/\/news.ecclesia.org.br\/?p=4427\" \/>\n<meta property=\"og:locale\" content=\"pt_BR\" \/>\n<meta property=\"og:type\" content=\"article\" \/>\n<meta property=\"og:title\" content=\"Coletividade Hel\u00eanica de Bras\u00edlia despede-se de um de seus mais ilustres membros, Sr. Panteleimon Georgalas | ECCLESIA NEWS\" \/>\n<meta property=\"og:description\" content=\"Faleceu em Bras\u00edlia \u2013 DF, no \u00faltimo dia 08 de maio, o Sr. Panteleimon Georgalas, um ilustre membro da Coletividade Hel\u00eanica da Capital Federal. Sr. Panteleimon exerceu, por duas gest\u00f5es, a presid\u00eancia da Comunidade Ortodoxa Grega de Bras\u00edlia e, tamb\u00e9m&#8230;\" \/>\n<meta property=\"og:url\" content=\"https:\/\/news.ecclesia.org.br\/?p=4427\" \/>\n<meta property=\"og:site_name\" content=\"ECCLESIA NEWS\" \/>\n<meta property=\"article:publisher\" content=\"https:\/\/www.facebook.com\/Ecclesia2025\" \/>\n<meta property=\"article:published_time\" content=\"2010-05-12T02:47:51+00:00\" \/>\n<meta property=\"article:modified_time\" content=\"2016-03-16T20:17:27+00:00\" \/>\n<meta property=\"og:image\" content=\"https:\/\/news.ecclesia.org.br\/wp-content\/uploads\/2009\/05\/luto.jpg\" \/>\n\t<meta property=\"og:image:width\" content=\"500\" \/>\n\t<meta property=\"og:image:height\" content=\"335\" \/>\n\t<meta property=\"og:image:type\" content=\"image\/jpeg\" \/>\n<meta name=\"author\" content=\"Pe. Andr\u00e9\" \/>\n<meta name=\"twitter:card\" content=\"summary_large_image\" \/>\n<meta name=\"twitter:creator\" content=\"@EcclesiaNews\" \/>\n<meta name=\"twitter:site\" content=\"@EcclesiaNews\" \/>\n<meta name=\"twitter:label1\" content=\"Escrito por\" \/>\n\t<meta name=\"twitter:data1\" content=\"Pe. Andr\u00e9\" \/>\n\t<meta name=\"twitter:label2\" content=\"Est. tempo de leitura\" \/>\n\t<meta name=\"twitter:data2\" content=\"1 minuto\" \/>\n<script type=\"application\/ld+json\" class=\"yoast-schema-graph\">{\"@context\":\"https:\\\/\\\/schema.org\",\"@graph\":[{\"@type\":\"Article\",\"@id\":\"https:\\\/\\\/news.ecclesia.org.br\\\/?p=4427#article\",\"isPartOf\":{\"@id\":\"https:\\\/\\\/news.ecclesia.org.br\\\/?p=4427\"},\"author\":{\"name\":\"Pe. Andr\u00e9\",\"@id\":\"https:\\\/\\\/news.ecclesia.org.br\\\/#\\\/schema\\\/person\\\/6f09597f025829745ba414a569f63758\"},\"headline\":\"Coletividade Hel\u00eanica de Bras\u00edlia despede-se de um de seus mais ilustres membros, Sr. Panteleimon Georgalas\",\"datePublished\":\"2010-05-12T02:47:51+00:00\",\"dateModified\":\"2016-03-16T20:17:27+00:00\",\"mainEntityOfPage\":{\"@id\":\"https:\\\/\\\/news.ecclesia.org.br\\\/?p=4427\"},\"wordCount\":274,\"commentCount\":0,\"publisher\":{\"@id\":\"https:\\\/\\\/news.ecclesia.org.br\\\/#organization\"},\"image\":{\"@id\":\"https:\\\/\\\/news.ecclesia.org.br\\\/?p=4427#primaryimage\"},\"thumbnailUrl\":\"https:\\\/\\\/news.ecclesia.org.br\\\/wp-content\\\/uploads\\\/2009\\\/05\\\/luto.jpg\",\"articleSection\":[\"NEWS\"],\"inLanguage\":\"pt-BR\",\"potentialAction\":[{\"@type\":\"CommentAction\",\"name\":\"Comment\",\"target\":[\"https:\\\/\\\/news.ecclesia.org.br\\\/?p=4427#respond\"]}]},{\"@type\":\"WebPage\",\"@id\":\"https:\\\/\\\/news.ecclesia.org.br\\\/?p=4427\",\"url\":\"https:\\\/\\\/news.ecclesia.org.br\\\/?p=4427\",\"name\":\"Coletividade Hel\u00eanica de Bras\u00edlia despede-se de um de seus mais ilustres membros, Sr. Panteleimon Georgalas | ECCLESIA NEWS\",\"isPartOf\":{\"@id\":\"https:\\\/\\\/news.ecclesia.org.br\\\/#website\"},\"primaryImageOfPage\":{\"@id\":\"https:\\\/\\\/news.ecclesia.org.br\\\/?p=4427#primaryimage\"},\"image\":{\"@id\":\"https:\\\/\\\/news.ecclesia.org.br\\\/?p=4427#primaryimage\"},\"thumbnailUrl\":\"https:\\\/\\\/news.ecclesia.org.br\\\/wp-content\\\/uploads\\\/2009\\\/05\\\/luto.jpg\",\"datePublished\":\"2010-05-12T02:47:51+00:00\",\"dateModified\":\"2016-03-16T20:17:27+00:00\",\"breadcrumb\":{\"@id\":\"https:\\\/\\\/news.ecclesia.org.br\\\/?p=4427#breadcrumb\"},\"inLanguage\":\"pt-BR\",\"potentialAction\":[{\"@type\":\"ReadAction\",\"target\":[\"https:\\\/\\\/news.ecclesia.org.br\\\/?p=4427\"]}]},{\"@type\":\"ImageObject\",\"inLanguage\":\"pt-BR\",\"@id\":\"https:\\\/\\\/news.ecclesia.org.br\\\/?p=4427#primaryimage\",\"url\":\"https:\\\/\\\/news.ecclesia.org.br\\\/wp-content\\\/uploads\\\/2009\\\/05\\\/luto.jpg\",\"contentUrl\":\"https:\\\/\\\/news.ecclesia.org.br\\\/wp-content\\\/uploads\\\/2009\\\/05\\\/luto.jpg\",\"width\":500,\"height\":335},{\"@type\":\"BreadcrumbList\",\"@id\":\"https:\\\/\\\/news.ecclesia.org.br\\\/?p=4427#breadcrumb\",\"itemListElement\":[{\"@type\":\"ListItem\",\"position\":1,\"name\":\"In\u00edcio\",\"item\":\"https:\\\/\\\/news.ecclesia.org.br\\\/\"},{\"@type\":\"ListItem\",\"position\":2,\"name\":\"Coletividade Hel\u00eanica de Bras\u00edlia despede-se de um de seus mais ilustres membros, Sr. Panteleimon Georgalas\"}]},{\"@type\":\"WebSite\",\"@id\":\"https:\\\/\\\/news.ecclesia.org.br\\\/#website\",\"url\":\"https:\\\/\\\/news.ecclesia.org.br\\\/\",\"name\":\"Ecclesia Brasil\",\"description\":\"Desde 2003 onectando o Brasil ao mundo ortodoxo!\",\"publisher\":{\"@id\":\"https:\\\/\\\/news.ecclesia.org.br\\\/#organization\"},\"alternateName\":\"Ecclesia\",\"potentialAction\":[{\"@type\":\"SearchAction\",\"target\":{\"@type\":\"EntryPoint\",\"urlTemplate\":\"https:\\\/\\\/news.ecclesia.org.br\\\/?s={search_term_string}\"},\"query-input\":{\"@type\":\"PropertyValueSpecification\",\"valueRequired\":true,\"valueName\":\"search_term_string\"}}],\"inLanguage\":\"pt-BR\"},{\"@type\":\"Organization\",\"@id\":\"https:\\\/\\\/news.ecclesia.org.br\\\/#organization\",\"name\":\"Sacra Arquidiocese de Buenos Aires e Am\u00e9rica do Sul | Patriarcado Ecum\u00eanico\",\"alternateName\":\"News Ecclesia Brasil\",\"url\":\"https:\\\/\\\/news.ecclesia.org.br\\\/\",\"logo\":{\"@type\":\"ImageObject\",\"inLanguage\":\"pt-BR\",\"@id\":\"https:\\\/\\\/news.ecclesia.org.br\\\/#\\\/schema\\\/logo\\\/image\\\/\",\"url\":\"https:\\\/\\\/news.ecclesia.org.br\\\/wp-content\\\/uploads\\\/2025\\\/05\\\/ecclesia2.png\",\"contentUrl\":\"https:\\\/\\\/news.ecclesia.org.br\\\/wp-content\\\/uploads\\\/2025\\\/05\\\/ecclesia2.png\",\"width\":480,\"height\":120,\"caption\":\"Sacra Arquidiocese de Buenos Aires e Am\u00e9rica do Sul | Patriarcado Ecum\u00eanico\"},\"image\":{\"@id\":\"https:\\\/\\\/news.ecclesia.org.br\\\/#\\\/schema\\\/logo\\\/image\\\/\"},\"sameAs\":[\"https:\\\/\\\/www.facebook.com\\\/Ecclesia2025\",\"https:\\\/\\\/x.com\\\/EcclesiaNews\",\"https:\\\/\\\/br.pinterest.com\\\/ekklisia\\\/\",\"https:\\\/\\\/www.youtube.com\\\/@EcclesiaBrasil\"]},{\"@type\":\"Person\",\"@id\":\"https:\\\/\\\/news.ecclesia.org.br\\\/#\\\/schema\\\/person\\\/6f09597f025829745ba414a569f63758\",\"name\":\"Pe. Andr\u00e9\",\"image\":{\"@type\":\"ImageObject\",\"inLanguage\":\"pt-BR\",\"@id\":\"https:\\\/\\\/secure.gravatar.com\\\/avatar\\\/b4327cfa27e9799da239a26adcd534fc29cdc0c4a4a148eecbcfeb9b42c617ac?s=96&d=mm&r=g\",\"url\":\"https:\\\/\\\/secure.gravatar.com\\\/avatar\\\/b4327cfa27e9799da239a26adcd534fc29cdc0c4a4a148eecbcfeb9b42c617ac?s=96&d=mm&r=g\",\"contentUrl\":\"https:\\\/\\\/secure.gravatar.com\\\/avatar\\\/b4327cfa27e9799da239a26adcd534fc29cdc0c4a4a148eecbcfeb9b42c617ac?s=96&d=mm&r=g\",\"caption\":\"Pe. Andr\u00e9\"},\"sameAs\":[\"https:\\\/\\\/www.ecclesia.org.br\"]}]}<\/script>\n<!-- \/ Yoast SEO plugin. -->","yoast_head_json":{"title":"Coletividade Hel\u00eanica de Bras\u00edlia despede-se de um de seus mais ilustres membros, Sr. Panteleimon Georgalas | ECCLESIA NEWS","robots":{"index":"index","follow":"follow","max-snippet":"max-snippet:-1","max-image-preview":"max-image-preview:large","max-video-preview":"max-video-preview:-1"},"canonical":"https:\/\/news.ecclesia.org.br\/?p=4427","og_locale":"pt_BR","og_type":"article","og_title":"Coletividade Hel\u00eanica de Bras\u00edlia despede-se de um de seus mais ilustres membros, Sr. Panteleimon Georgalas | ECCLESIA NEWS","og_description":"Faleceu em Bras\u00edlia \u2013 DF, no \u00faltimo dia 08 de maio, o Sr. Panteleimon Georgalas, um ilustre membro da Coletividade Hel\u00eanica da Capital Federal. Sr. Panteleimon exerceu, por duas gest\u00f5es, a presid\u00eancia da Comunidade Ortodoxa Grega de Bras\u00edlia e, tamb\u00e9m&#8230;","og_url":"https:\/\/news.ecclesia.org.br\/?p=4427","og_site_name":"ECCLESIA NEWS","article_publisher":"https:\/\/www.facebook.com\/Ecclesia2025","article_published_time":"2010-05-12T02:47:51+00:00","article_modified_time":"2016-03-16T20:17:27+00:00","og_image":[{"width":500,"height":335,"url":"https:\/\/news.ecclesia.org.br\/wp-content\/uploads\/2009\/05\/luto.jpg","type":"image\/jpeg"}],"author":"Pe. Andr\u00e9","twitter_card":"summary_large_image","twitter_creator":"@EcclesiaNews","twitter_site":"@EcclesiaNews","twitter_misc":{"Escrito por":"Pe. Andr\u00e9","Est. tempo de leitura":"1 minuto"},"schema":{"@context":"https:\/\/schema.org","@graph":[{"@type":"Article","@id":"https:\/\/news.ecclesia.org.br\/?p=4427#article","isPartOf":{"@id":"https:\/\/news.ecclesia.org.br\/?p=4427"},"author":{"name":"Pe. Andr\u00e9","@id":"https:\/\/news.ecclesia.org.br\/#\/schema\/person\/6f09597f025829745ba414a569f63758"},"headline":"Coletividade Hel\u00eanica de Bras\u00edlia despede-se de um de seus mais ilustres membros, Sr. Panteleimon Georgalas","datePublished":"2010-05-12T02:47:51+00:00","dateModified":"2016-03-16T20:17:27+00:00","mainEntityOfPage":{"@id":"https:\/\/news.ecclesia.org.br\/?p=4427"},"wordCount":274,"commentCount":0,"publisher":{"@id":"https:\/\/news.ecclesia.org.br\/#organization"},"image":{"@id":"https:\/\/news.ecclesia.org.br\/?p=4427#primaryimage"},"thumbnailUrl":"https:\/\/news.ecclesia.org.br\/wp-content\/uploads\/2009\/05\/luto.jpg","articleSection":["NEWS"],"inLanguage":"pt-BR","potentialAction":[{"@type":"CommentAction","name":"Comment","target":["https:\/\/news.ecclesia.org.br\/?p=4427#respond"]}]},{"@type":"WebPage","@id":"https:\/\/news.ecclesia.org.br\/?p=4427","url":"https:\/\/news.ecclesia.org.br\/?p=4427","name":"Coletividade Hel\u00eanica de Bras\u00edlia despede-se de um de seus mais ilustres membros, Sr. Panteleimon Georgalas | ECCLESIA NEWS","isPartOf":{"@id":"https:\/\/news.ecclesia.org.br\/#website"},"primaryImageOfPage":{"@id":"https:\/\/news.ecclesia.org.br\/?p=4427#primaryimage"},"image":{"@id":"https:\/\/news.ecclesia.org.br\/?p=4427#primaryimage"},"thumbnailUrl":"https:\/\/news.ecclesia.org.br\/wp-content\/uploads\/2009\/05\/luto.jpg","datePublished":"2010-05-12T02:47:51+00:00","dateModified":"2016-03-16T20:17:27+00:00","breadcrumb":{"@id":"https:\/\/news.ecclesia.org.br\/?p=4427#breadcrumb"},"inLanguage":"pt-BR","potentialAction":[{"@type":"ReadAction","target":["https:\/\/news.ecclesia.org.br\/?p=4427"]}]},{"@type":"ImageObject","inLanguage":"pt-BR","@id":"https:\/\/news.ecclesia.org.br\/?p=4427#primaryimage","url":"https:\/\/news.ecclesia.org.br\/wp-content\/uploads\/2009\/05\/luto.jpg","contentUrl":"https:\/\/news.ecclesia.org.br\/wp-content\/uploads\/2009\/05\/luto.jpg","width":500,"height":335},{"@type":"BreadcrumbList","@id":"https:\/\/news.ecclesia.org.br\/?p=4427#breadcrumb","itemListElement":[{"@type":"ListItem","position":1,"name":"In\u00edcio","item":"https:\/\/news.ecclesia.org.br\/"},{"@type":"ListItem","position":2,"name":"Coletividade Hel\u00eanica de Bras\u00edlia despede-se de um de seus mais ilustres membros, Sr. Panteleimon Georgalas"}]},{"@type":"WebSite","@id":"https:\/\/news.ecclesia.org.br\/#website","url":"https:\/\/news.ecclesia.org.br\/","name":"Ecclesia Brasil","description":"Desde 2003 onectando o Brasil ao mundo ortodoxo!","publisher":{"@id":"https:\/\/news.ecclesia.org.br\/#organization"},"alternateName":"Ecclesia","potentialAction":[{"@type":"SearchAction","target":{"@type":"EntryPoint","urlTemplate":"https:\/\/news.ecclesia.org.br\/?s={search_term_string}"},"query-input":{"@type":"PropertyValueSpecification","valueRequired":true,"valueName":"search_term_string"}}],"inLanguage":"pt-BR"},{"@type":"Organization","@id":"https:\/\/news.ecclesia.org.br\/#organization","name":"Sacra Arquidiocese de Buenos Aires e Am\u00e9rica do Sul | Patriarcado Ecum\u00eanico","alternateName":"News Ecclesia Brasil","url":"https:\/\/news.ecclesia.org.br\/","logo":{"@type":"ImageObject","inLanguage":"pt-BR","@id":"https:\/\/news.ecclesia.org.br\/#\/schema\/logo\/image\/","url":"https:\/\/news.ecclesia.org.br\/wp-content\/uploads\/2025\/05\/ecclesia2.png","contentUrl":"https:\/\/news.ecclesia.org.br\/wp-content\/uploads\/2025\/05\/ecclesia2.png","width":480,"height":120,"caption":"Sacra Arquidiocese de Buenos Aires e Am\u00e9rica do Sul | Patriarcado Ecum\u00eanico"},"image":{"@id":"https:\/\/news.ecclesia.org.br\/#\/schema\/logo\/image\/"},"sameAs":["https:\/\/www.facebook.com\/Ecclesia2025","https:\/\/x.com\/EcclesiaNews","https:\/\/br.pinterest.com\/ekklisia\/","https:\/\/www.youtube.com\/@EcclesiaBrasil"]},{"@type":"Person","@id":"https:\/\/news.ecclesia.org.br\/#\/schema\/person\/6f09597f025829745ba414a569f63758","name":"Pe. Andr\u00e9","image":{"@type":"ImageObject","inLanguage":"pt-BR","@id":"https:\/\/secure.gravatar.com\/avatar\/b4327cfa27e9799da239a26adcd534fc29cdc0c4a4a148eecbcfeb9b42c617ac?s=96&d=mm&r=g","url":"https:\/\/secure.gravatar.com\/avatar\/b4327cfa27e9799da239a26adcd534fc29cdc0c4a4a148eecbcfeb9b42c617ac?s=96&d=mm&r=g","contentUrl":"https:\/\/secure.gravatar.com\/avatar\/b4327cfa27e9799da239a26adcd534fc29cdc0c4a4a148eecbcfeb9b42c617ac?s=96&d=mm&r=g","caption":"Pe. Andr\u00e9"},"sameAs":["https:\/\/www.ecclesia.org.br"]}]}},"_links":{"self":[{"href":"https:\/\/news.ecclesia.org.br\/index.php?rest_route=\/wp\/v2\/posts\/4427","targetHints":{"allow":["GET"]}}],"collection":[{"href":"https:\/\/news.ecclesia.org.br\/index.php?rest_route=\/wp\/v2\/posts"}],"about":[{"href":"https:\/\/news.ecclesia.org.br\/index.php?rest_route=\/wp\/v2\/types\/post"}],"author":[{"embeddable":true,"href":"https:\/\/news.ecclesia.org.br\/index.php?rest_route=\/wp\/v2\/users\/1"}],"replies":[{"embeddable":true,"href":"https:\/\/news.ecclesia.org.br\/index.php?rest_route=%2Fwp%2Fv2%2Fcomments&post=4427"}],"version-history":[{"count":0,"href":"https:\/\/news.ecclesia.org.br\/index.php?rest_route=\/wp\/v2\/posts\/4427\/revisions"}],"wp:featuredmedia":[{"embeddable":true,"href":"https:\/\/news.ecclesia.org.br\/index.php?rest_route=\/wp\/v2\/media\/14293"}],"wp:attachment":[{"href":"https:\/\/news.ecclesia.org.br\/index.php?rest_route=%2Fwp%2Fv2%2Fmedia&parent=4427"}],"wp:term":[{"taxonomy":"category","embeddable":true,"href":"https:\/\/news.ecclesia.org.br\/index.php?rest_route=%2Fwp%2Fv2%2Fcategories&post=4427"},{"taxonomy":"post_tag","embeddable":true,"href":"https:\/\/news.ecclesia.org.br\/index.php?rest_route=%2Fwp%2Fv2%2Ftags&post=4427"}],"curies":[{"name":"wp","href":"https:\/\/api.w.org\/{rel}","templated":true}]}}