{"id":44213,"date":"2023-03-03T20:08:55","date_gmt":"2023-03-03T23:08:55","guid":{"rendered":"https:\/\/news.ecclesia.org.br\/?p=44213"},"modified":"2023-09-16T07:36:33","modified_gmt":"2023-09-16T10:36:33","slug":"edificil-por-fim-a-escatologia","status":"publish","type":"post","link":"https:\/\/news.ecclesia.org.br\/?p=44213","title":{"rendered":"\u00c9 DIF\u00cdCIL P\u00d4R FIM \u00c0 ESCATOLOGIA"},"content":{"rendered":"\t\t<div data-elementor-type=\"wp-post\" data-elementor-id=\"44213\" class=\"elementor elementor-44213\">\n\t\t\t\t\t\t<section class=\"elementor-section elementor-top-section elementor-element elementor-element-ae02959 elementor-section-boxed elementor-section-height-default elementor-section-height-default\" data-id=\"ae02959\" data-element_type=\"section\" data-e-type=\"section\">\n\t\t\t\t\t\t<div class=\"elementor-container elementor-column-gap-default\">\n\t\t\t\t\t<div class=\"elementor-column elementor-col-100 elementor-top-column elementor-element elementor-element-f7d80b3\" data-id=\"f7d80b3\" data-element_type=\"column\" data-e-type=\"column\">\n\t\t\t<div class=\"elementor-widget-wrap elementor-element-populated\">\n\t\t\t\t\t\t<div class=\"elementor-element elementor-element-9681b51 elementor-widget elementor-widget-text-editor\" data-id=\"9681b51\" data-element_type=\"widget\" data-e-type=\"widget\" data-widget_type=\"text-editor.default\">\n\t\t\t\t<div class=\"elementor-widget-container\">\n\t\t\t\t\t\t\t\t\t<p>No \u00faltimo dia 2 de fevereiro, aos 92 anos, o Anci\u00e3o Metropolita de P\u00e9rgamo Jo\u00e3o Zizioulas deixou esta vida temporal. Ele foi um dos mais eminentes te\u00f3logos ortodoxos da segunda metade do s\u00e9culo 20 e do in\u00edcio do s\u00e9culo 21. Agrade\u00e7o a Deus por ter tido a oportunidade de conhec\u00ea-lo pessoalmente, e foi uma grande honra para mim t\u00ea-lo sucedido como co-presidente da Comiss\u00e3o Mista Internacional para o di\u00e1logo teol\u00f3gico entre a Igreja Cat\u00f3lica Romana e a Igreja Ortodoxa, sobre a qual ele co-presidiu entre 2000 e 2016.<\/p><p>Dedicou os \u00faltimos anos de sua vida a escrever um livro sobre escatologia que aparecer\u00e1, espero, como uma publica\u00e7\u00e3o p\u00f3stuma. Esse tema o empolgou. Em outubro de 2015, ele havia dado uma aula muito bonita na Universidade de Genebra com o t\u00edtulo muito evocativo: \u00abO fim \u00e9 de onde come\u00e7amos. Reflex\u00f5es sobre a Ontologia Escatol\u00f3gica\u00bb, publicado nos anais da confer\u00eancia de Genebra (C. Chalamet, ed., Game over? <em>Reconsiderando a Escatologia<\/em>, Berlim-Boston, De Gruyter, 2017, pp. 259-278). A \u00faltima vez que pude falar com ele no Phanar, em 2019, pouco antes do in\u00edcio da pandemia, perguntei-lhe se tinha terminado o seu trabalho. Respondeu-me com o seu sorriso travesso: \u00ab\u00c9 dif\u00edcil p\u00f4r fim \u00e0 escatologia\u00bb.<\/p><p>O nome de Zizioulas est\u00e1 associado acima de tudo a um dos Padres da eclesiologia eucar\u00edstica do s\u00e9culo 20. Redescoberto gra\u00e7as em particular \u00e0s obras do Padre Nicolas Afanasieff \u2013 o \u00fanico te\u00f3logo ortodoxo mencionado nas Actas do Conc\u00edlio Vaticano II da Igreja Cat\u00f3lica Romana \u2013 este ensinamento sobre a Igreja de origem b\u00edblica e patr\u00edstica e fundado na manifesta\u00e7\u00e3o da Igreja atrav\u00e9s do culto e, em particular, atrav\u00e9s da Eucaristia, permitiu, por um lado, a aproxima\u00e7\u00e3o entre a Igreja Cat\u00f3lica Romana e a Igreja Ortodoxa, que ambas concordam com a doutrina da Eucaristia e com os minist\u00e9rios da Igreja,<br \/>e, por outro lado, favoreceu o desenvolvimento da eclesiologia da comunh\u00e3o e do conceito de comunh\u00e3o das Igrejas locais, geralmente aceit\u00e1vel para as Igrejas da reforma protestante.<\/p><p>Os fundamentos da eclesiologia eucar\u00edstica de Zizioulas podem ser encontrados em sua tese de doutorado publicada sob o t\u00edtulo: <em>Eucaristia, Bispo, Igreja: A Unidade da Igreja na Divina Eucaristia e do Bispo Durante os Tr\u00eas Primeiros S\u00e9culos<\/em>. Seguindo as observa\u00e7\u00f5es de seu professor na \u00e9poca, o professor J\u03bfhn Karmiris da Universidade de Atenas, ele corrigiu a eclesiologia do te\u00f3logo parisiense P. Nicolas Afanassieff que, em particular em um artigo intitulado <em>\u00abStatio Orbis\u00bb<\/em> (Ir\u00e9nikon 35, 1962), considerou que <em>\u00aba Igreja local \u00e9 onde h\u00e1 uma assembleia eucar\u00edstica\u00bb<\/em>. Karmiris havia apontado a Zizioulas que, para ser v\u00e1lida, uma assembleia eucar\u00edstica deve ser presidida por um bispo can\u00f4nico ou por um padre que ele tenha delegado. Seguindo esta observa\u00e7\u00e3o pertinente, Zizioulas transformou o bin\u00f4mio Igreja-Eucaristia no trin\u00f4mio Eucaristia-Bispo-Igreja, e enfatizou em suas obras a import\u00e2ncia do minist\u00e9rio do bispo, como In\u00e1cio de Antioquia ou Sime\u00e3o de Tessal\u00f4nica haviam feito antes dele no passado.<\/p><p>O Metropolita Jo\u00e3o tinha uma grande admira\u00e7\u00e3o pelo te\u00f3logo ortodoxo P. Georges Florovsky, com quem tinha estudado nos Estados Unidos. Ele o considerava como um \u00abm\u00e9dico universal dos \u00e9culo 20\u00bb. Enquanto preparava o meu trabalho para o simp\u00f3sio organizado pelo Patriarcado Ecum\u00eanico em honra deste grande te\u00f3logo de Odessa, pude perceber o quanto Florovsky inspirara Zizioulas no seu pensamento: em particular a import\u00e2ncia capital da tradi\u00e7\u00e3o eclesial, bem como a dimens\u00e3o escatol\u00f3gica da Igreja \u2013 a Igreja sendo considerada como o Reino inaugurado de Deus.<\/p><p>Neste \u00faltimo ponto, Zizioulas tamb\u00e9m concorda com o P. Alexander Schmemann. Ter sublinhado a dimens\u00e3o escatol\u00f3gica do culto \u00e9 certamente a maior contribui\u00e7\u00e3o do P. Alexander Schmemann para a teologia ortodoxa do s\u00e9culo 20. E essa intui\u00e7\u00e3o foi retomada e desenvolvida mais recentemente nas obras do Metropolita de P\u00e9rgamo. A liturgia n\u00e3o \u00e9 simplesmente a lembran\u00e7a ou o memorial do passado. A liturgia j\u00e1 \u00e9 revela\u00e7\u00e3o e manifesta\u00e7\u00e3o do Reino de Deus. Schmemann recordou tamb\u00e9m que a liturgia aborda n\u00e3o s\u00f3 a rela\u00e7\u00e3o do homem com Deus, mas tamb\u00e9m implica a rela\u00e7\u00e3o de todo o cosmos com Deus atrav\u00e9s dos seres humanos. Esta intui\u00e7\u00e3o foi posteriormente retomada e desenvolvida pelo Metropolita Jo\u00e3o, especialmente em suas reflex\u00f5es teol\u00f3gicas sobre a prote\u00e7\u00e3o da cria\u00e7\u00e3o no contexto da crise ecol\u00f3gica.<\/p><p>O apelo do P. Georges Florovsky a uma \u00abs\u00edntese neopatr\u00edstica\u00bb, que implica n\u00e3o apenas um \u00abretorno aos Padres\u00bb, mas a capacidade de aplicar a \u00abmente\u00bb dos Padres da Igreja a novos contextos, foi compreendido e admiravelmente implementado por Jo\u00e3o Zizioulas, que soube reler as fontes patr\u00edsticas com a \u00f3tica do pensamento contempor\u00e2neo para responder \u00e0s quest\u00f5es que surgem para os crist\u00e3os de hoje. Neste sentido, o seu m\u00e9todo e as suas obras constituem um contributo consider\u00e1vel para aproximar os crist\u00e3os divididos de hoje. Na minha humilde opini\u00e3o, eles nunca deixar\u00e3o de inspirar gera\u00e7\u00f5es de te\u00f3logos vindouros.<\/p><p>Que a sua mem\u00f3ria seja eterna!<\/p><p>\u2020 Job, Metropolitano da Pis\u00eddia<\/p>\t\t\t\t\t\t\t\t<\/div>\n\t\t\t\t<\/div>\n\t\t\t\t\t<\/div>\n\t\t<\/div>\n\t\t\t\t\t<\/div>\n\t\t<\/section>\n\t\t\t\t<section class=\"elementor-section elementor-top-section elementor-element elementor-element-987ce30 elementor-section-boxed elementor-section-height-default elementor-section-height-default\" data-id=\"987ce30\" data-element_type=\"section\" data-e-type=\"section\">\n\t\t\t\t\t\t<div class=\"elementor-container elementor-column-gap-default\">\n\t\t\t\t\t<div class=\"elementor-column elementor-col-100 elementor-top-column elementor-element elementor-element-a03f688\" data-id=\"a03f688\" data-element_type=\"column\" data-e-type=\"column\">\n\t\t\t<div class=\"elementor-widget-wrap elementor-element-populated\">\n\t\t\t\t\t\t<div class=\"elementor-element elementor-element-5bfdfc1 elementor-widget elementor-widget-text-editor\" data-id=\"5bfdfc1\" data-element_type=\"widget\" data-e-type=\"widget\" data-widget_type=\"text-editor.default\">\n\t\t\t\t<div class=\"elementor-widget-container\">\n\t\t\t\t\t\t\t\t\t<p>Fonte: <a href=\"https:\/\/mailchi.mp\/wcc-coe\/newsletter-of-the-ecumenical-patriarchates-permanent-delegation-to-the-wcc-december-9306268?e=ccc3321e8b\" target=\"_blank\" rel=\"noopener\">Boletim da Delega\u00e7\u00e3o Permanente do Patriarcado Ecum\u00eanico no Conselho Mundial de Igrejas<\/a><\/p>\t\t\t\t\t\t\t\t<\/div>\n\t\t\t\t<\/div>\n\t\t\t\t\t<\/div>\n\t\t<\/div>\n\t\t\t\t\t<\/div>\n\t\t<\/section>\n\t\t\t\t<\/div>\n\t\t","protected":false},"excerpt":{"rendered":"<p>No \u00faltimo dia 2 de fevereiro, aos 92 anos, o Anci\u00e3o Metropolita de P\u00e9rgamo Jo\u00e3o Zizioulas deixou esta vida temporal. Ele foi um dos mais eminentes te\u00f3logos ortodoxos da segunda metade do s\u00e9culo 20 e do in\u00edcio do s\u00e9culo 21.&#8230;<\/p>\n","protected":false},"author":1,"featured_media":44215,"comment_status":"open","ping_status":"open","sticky":false,"template":"","format":"standard","meta":{"_acf_changed":false,"footnotes":""},"categories":[2725],"tags":[],"class_list":["post-44213","post","type-post","status-publish","format-standard","has-post-thumbnail","hentry","category-teologia-ortodoxa","entry","rows-excerpt"],"acf":[],"yoast_head":"<!-- This site is optimized with the Yoast SEO plugin v27.5 - https:\/\/yoast.com\/product\/yoast-seo-wordpress\/ -->\n<title>\u00c9 DIF\u00cdCIL P\u00d4R FIM \u00c0 ESCATOLOGIA | ECCLESIA NEWS<\/title>\n<meta name=\"robots\" content=\"index, follow, max-snippet:-1, max-image-preview:large, max-video-preview:-1\" \/>\n<link rel=\"canonical\" href=\"https:\/\/news.ecclesia.org.br\/?p=44213\" \/>\n<meta property=\"og:locale\" content=\"pt_BR\" \/>\n<meta property=\"og:type\" content=\"article\" \/>\n<meta property=\"og:title\" content=\"\u00c9 DIF\u00cdCIL P\u00d4R FIM \u00c0 ESCATOLOGIA | ECCLESIA NEWS\" \/>\n<meta property=\"og:description\" content=\"No \u00faltimo dia 2 de fevereiro, aos 92 anos, o Anci\u00e3o Metropolita de P\u00e9rgamo Jo\u00e3o Zizioulas deixou esta vida temporal. Ele foi um dos mais eminentes te\u00f3logos ortodoxos da segunda metade do s\u00e9culo 20 e do in\u00edcio do s\u00e9culo 21.&#8230;\" \/>\n<meta property=\"og:url\" content=\"https:\/\/news.ecclesia.org.br\/?p=44213\" \/>\n<meta property=\"og:site_name\" content=\"ECCLESIA NEWS\" \/>\n<meta property=\"article:publisher\" content=\"https:\/\/www.facebook.com\/Ecclesia2025\" \/>\n<meta property=\"article:published_time\" content=\"2023-03-03T23:08:55+00:00\" \/>\n<meta property=\"article:modified_time\" content=\"2023-09-16T10:36:33+00:00\" \/>\n<meta property=\"og:image\" content=\"https:\/\/news.ecclesia.org.br\/wp-content\/uploads\/2023\/03\/Joao-de-Pergamo-Zizioulas.jpg\" \/>\n\t<meta property=\"og:image:width\" content=\"2048\" \/>\n\t<meta property=\"og:image:height\" content=\"1366\" \/>\n\t<meta property=\"og:image:type\" content=\"image\/jpeg\" \/>\n<meta name=\"author\" content=\"Pe. Andr\u00e9\" \/>\n<meta name=\"twitter:card\" content=\"summary_large_image\" \/>\n<meta name=\"twitter:creator\" content=\"@EcclesiaNews\" \/>\n<meta name=\"twitter:site\" content=\"@EcclesiaNews\" \/>\n<meta name=\"twitter:label1\" content=\"Escrito por\" \/>\n\t<meta name=\"twitter:data1\" content=\"Pe. Andr\u00e9\" \/>\n\t<meta name=\"twitter:label2\" content=\"Est. tempo de leitura\" \/>\n\t<meta name=\"twitter:data2\" content=\"4 minutos\" \/>\n<script type=\"application\/ld+json\" class=\"yoast-schema-graph\">{\"@context\":\"https:\\\/\\\/schema.org\",\"@graph\":[{\"@type\":\"Article\",\"@id\":\"https:\\\/\\\/news.ecclesia.org.br\\\/?p=44213#article\",\"isPartOf\":{\"@id\":\"https:\\\/\\\/news.ecclesia.org.br\\\/?p=44213\"},\"author\":{\"name\":\"Pe. Andr\u00e9\",\"@id\":\"https:\\\/\\\/news.ecclesia.org.br\\\/#\\\/schema\\\/person\\\/6f09597f025829745ba414a569f63758\"},\"headline\":\"\u00c9 DIF\u00cdCIL P\u00d4R FIM \u00c0 ESCATOLOGIA\",\"datePublished\":\"2023-03-03T23:08:55+00:00\",\"dateModified\":\"2023-09-16T10:36:33+00:00\",\"mainEntityOfPage\":{\"@id\":\"https:\\\/\\\/news.ecclesia.org.br\\\/?p=44213\"},\"wordCount\":906,\"commentCount\":0,\"publisher\":{\"@id\":\"https:\\\/\\\/news.ecclesia.org.br\\\/#organization\"},\"image\":{\"@id\":\"https:\\\/\\\/news.ecclesia.org.br\\\/?p=44213#primaryimage\"},\"thumbnailUrl\":\"https:\\\/\\\/news.ecclesia.org.br\\\/wp-content\\\/uploads\\\/2023\\\/03\\\/Joao-de-Pergamo-Zizioulas.jpg\",\"articleSection\":[\"Teologia Ortodoxa\"],\"inLanguage\":\"pt-BR\",\"potentialAction\":[{\"@type\":\"CommentAction\",\"name\":\"Comment\",\"target\":[\"https:\\\/\\\/news.ecclesia.org.br\\\/?p=44213#respond\"]}]},{\"@type\":\"WebPage\",\"@id\":\"https:\\\/\\\/news.ecclesia.org.br\\\/?p=44213\",\"url\":\"https:\\\/\\\/news.ecclesia.org.br\\\/?p=44213\",\"name\":\"\u00c9 DIF\u00cdCIL P\u00d4R FIM \u00c0 ESCATOLOGIA | ECCLESIA NEWS\",\"isPartOf\":{\"@id\":\"https:\\\/\\\/news.ecclesia.org.br\\\/#website\"},\"primaryImageOfPage\":{\"@id\":\"https:\\\/\\\/news.ecclesia.org.br\\\/?p=44213#primaryimage\"},\"image\":{\"@id\":\"https:\\\/\\\/news.ecclesia.org.br\\\/?p=44213#primaryimage\"},\"thumbnailUrl\":\"https:\\\/\\\/news.ecclesia.org.br\\\/wp-content\\\/uploads\\\/2023\\\/03\\\/Joao-de-Pergamo-Zizioulas.jpg\",\"datePublished\":\"2023-03-03T23:08:55+00:00\",\"dateModified\":\"2023-09-16T10:36:33+00:00\",\"breadcrumb\":{\"@id\":\"https:\\\/\\\/news.ecclesia.org.br\\\/?p=44213#breadcrumb\"},\"inLanguage\":\"pt-BR\",\"potentialAction\":[{\"@type\":\"ReadAction\",\"target\":[\"https:\\\/\\\/news.ecclesia.org.br\\\/?p=44213\"]}]},{\"@type\":\"ImageObject\",\"inLanguage\":\"pt-BR\",\"@id\":\"https:\\\/\\\/news.ecclesia.org.br\\\/?p=44213#primaryimage\",\"url\":\"https:\\\/\\\/news.ecclesia.org.br\\\/wp-content\\\/uploads\\\/2023\\\/03\\\/Joao-de-Pergamo-Zizioulas.jpg\",\"contentUrl\":\"https:\\\/\\\/news.ecclesia.org.br\\\/wp-content\\\/uploads\\\/2023\\\/03\\\/Joao-de-Pergamo-Zizioulas.jpg\",\"width\":2048,\"height\":1366},{\"@type\":\"BreadcrumbList\",\"@id\":\"https:\\\/\\\/news.ecclesia.org.br\\\/?p=44213#breadcrumb\",\"itemListElement\":[{\"@type\":\"ListItem\",\"position\":1,\"name\":\"In\u00edcio\",\"item\":\"https:\\\/\\\/news.ecclesia.org.br\\\/\"},{\"@type\":\"ListItem\",\"position\":2,\"name\":\"\u00c9 DIF\u00cdCIL P\u00d4R FIM \u00c0 ESCATOLOGIA\"}]},{\"@type\":\"WebSite\",\"@id\":\"https:\\\/\\\/news.ecclesia.org.br\\\/#website\",\"url\":\"https:\\\/\\\/news.ecclesia.org.br\\\/\",\"name\":\"Ecclesia Brasil\",\"description\":\"Desde 2003 onectando o Brasil ao mundo ortodoxo!\",\"publisher\":{\"@id\":\"https:\\\/\\\/news.ecclesia.org.br\\\/#organization\"},\"alternateName\":\"Ecclesia\",\"potentialAction\":[{\"@type\":\"SearchAction\",\"target\":{\"@type\":\"EntryPoint\",\"urlTemplate\":\"https:\\\/\\\/news.ecclesia.org.br\\\/?s={search_term_string}\"},\"query-input\":{\"@type\":\"PropertyValueSpecification\",\"valueRequired\":true,\"valueName\":\"search_term_string\"}}],\"inLanguage\":\"pt-BR\"},{\"@type\":\"Organization\",\"@id\":\"https:\\\/\\\/news.ecclesia.org.br\\\/#organization\",\"name\":\"Sacra Arquidiocese de Buenos Aires e Am\u00e9rica do Sul | Patriarcado Ecum\u00eanico\",\"alternateName\":\"News Ecclesia Brasil\",\"url\":\"https:\\\/\\\/news.ecclesia.org.br\\\/\",\"logo\":{\"@type\":\"ImageObject\",\"inLanguage\":\"pt-BR\",\"@id\":\"https:\\\/\\\/news.ecclesia.org.br\\\/#\\\/schema\\\/logo\\\/image\\\/\",\"url\":\"https:\\\/\\\/news.ecclesia.org.br\\\/wp-content\\\/uploads\\\/2025\\\/05\\\/ecclesia2.png\",\"contentUrl\":\"https:\\\/\\\/news.ecclesia.org.br\\\/wp-content\\\/uploads\\\/2025\\\/05\\\/ecclesia2.png\",\"width\":480,\"height\":120,\"caption\":\"Sacra Arquidiocese de Buenos Aires e Am\u00e9rica do Sul | Patriarcado Ecum\u00eanico\"},\"image\":{\"@id\":\"https:\\\/\\\/news.ecclesia.org.br\\\/#\\\/schema\\\/logo\\\/image\\\/\"},\"sameAs\":[\"https:\\\/\\\/www.facebook.com\\\/Ecclesia2025\",\"https:\\\/\\\/x.com\\\/EcclesiaNews\",\"https:\\\/\\\/br.pinterest.com\\\/ekklisia\\\/\",\"https:\\\/\\\/www.youtube.com\\\/@EcclesiaBrasil\"]},{\"@type\":\"Person\",\"@id\":\"https:\\\/\\\/news.ecclesia.org.br\\\/#\\\/schema\\\/person\\\/6f09597f025829745ba414a569f63758\",\"name\":\"Pe. Andr\u00e9\",\"image\":{\"@type\":\"ImageObject\",\"inLanguage\":\"pt-BR\",\"@id\":\"https:\\\/\\\/secure.gravatar.com\\\/avatar\\\/b4327cfa27e9799da239a26adcd534fc29cdc0c4a4a148eecbcfeb9b42c617ac?s=96&d=mm&r=g\",\"url\":\"https:\\\/\\\/secure.gravatar.com\\\/avatar\\\/b4327cfa27e9799da239a26adcd534fc29cdc0c4a4a148eecbcfeb9b42c617ac?s=96&d=mm&r=g\",\"contentUrl\":\"https:\\\/\\\/secure.gravatar.com\\\/avatar\\\/b4327cfa27e9799da239a26adcd534fc29cdc0c4a4a148eecbcfeb9b42c617ac?s=96&d=mm&r=g\",\"caption\":\"Pe. Andr\u00e9\"},\"sameAs\":[\"https:\\\/\\\/www.ecclesia.org.br\"]}]}<\/script>\n<!-- \/ Yoast SEO plugin. -->","yoast_head_json":{"title":"\u00c9 DIF\u00cdCIL P\u00d4R FIM \u00c0 ESCATOLOGIA | ECCLESIA NEWS","robots":{"index":"index","follow":"follow","max-snippet":"max-snippet:-1","max-image-preview":"max-image-preview:large","max-video-preview":"max-video-preview:-1"},"canonical":"https:\/\/news.ecclesia.org.br\/?p=44213","og_locale":"pt_BR","og_type":"article","og_title":"\u00c9 DIF\u00cdCIL P\u00d4R FIM \u00c0 ESCATOLOGIA | ECCLESIA NEWS","og_description":"No \u00faltimo dia 2 de fevereiro, aos 92 anos, o Anci\u00e3o Metropolita de P\u00e9rgamo Jo\u00e3o Zizioulas deixou esta vida temporal. Ele foi um dos mais eminentes te\u00f3logos ortodoxos da segunda metade do s\u00e9culo 20 e do in\u00edcio do s\u00e9culo 21.&#8230;","og_url":"https:\/\/news.ecclesia.org.br\/?p=44213","og_site_name":"ECCLESIA NEWS","article_publisher":"https:\/\/www.facebook.com\/Ecclesia2025","article_published_time":"2023-03-03T23:08:55+00:00","article_modified_time":"2023-09-16T10:36:33+00:00","og_image":[{"width":2048,"height":1366,"url":"https:\/\/news.ecclesia.org.br\/wp-content\/uploads\/2023\/03\/Joao-de-Pergamo-Zizioulas.jpg","type":"image\/jpeg"}],"author":"Pe. Andr\u00e9","twitter_card":"summary_large_image","twitter_creator":"@EcclesiaNews","twitter_site":"@EcclesiaNews","twitter_misc":{"Escrito por":"Pe. Andr\u00e9","Est. tempo de leitura":"4 minutos"},"schema":{"@context":"https:\/\/schema.org","@graph":[{"@type":"Article","@id":"https:\/\/news.ecclesia.org.br\/?p=44213#article","isPartOf":{"@id":"https:\/\/news.ecclesia.org.br\/?p=44213"},"author":{"name":"Pe. Andr\u00e9","@id":"https:\/\/news.ecclesia.org.br\/#\/schema\/person\/6f09597f025829745ba414a569f63758"},"headline":"\u00c9 DIF\u00cdCIL P\u00d4R FIM \u00c0 ESCATOLOGIA","datePublished":"2023-03-03T23:08:55+00:00","dateModified":"2023-09-16T10:36:33+00:00","mainEntityOfPage":{"@id":"https:\/\/news.ecclesia.org.br\/?p=44213"},"wordCount":906,"commentCount":0,"publisher":{"@id":"https:\/\/news.ecclesia.org.br\/#organization"},"image":{"@id":"https:\/\/news.ecclesia.org.br\/?p=44213#primaryimage"},"thumbnailUrl":"https:\/\/news.ecclesia.org.br\/wp-content\/uploads\/2023\/03\/Joao-de-Pergamo-Zizioulas.jpg","articleSection":["Teologia Ortodoxa"],"inLanguage":"pt-BR","potentialAction":[{"@type":"CommentAction","name":"Comment","target":["https:\/\/news.ecclesia.org.br\/?p=44213#respond"]}]},{"@type":"WebPage","@id":"https:\/\/news.ecclesia.org.br\/?p=44213","url":"https:\/\/news.ecclesia.org.br\/?p=44213","name":"\u00c9 DIF\u00cdCIL P\u00d4R FIM \u00c0 ESCATOLOGIA | ECCLESIA NEWS","isPartOf":{"@id":"https:\/\/news.ecclesia.org.br\/#website"},"primaryImageOfPage":{"@id":"https:\/\/news.ecclesia.org.br\/?p=44213#primaryimage"},"image":{"@id":"https:\/\/news.ecclesia.org.br\/?p=44213#primaryimage"},"thumbnailUrl":"https:\/\/news.ecclesia.org.br\/wp-content\/uploads\/2023\/03\/Joao-de-Pergamo-Zizioulas.jpg","datePublished":"2023-03-03T23:08:55+00:00","dateModified":"2023-09-16T10:36:33+00:00","breadcrumb":{"@id":"https:\/\/news.ecclesia.org.br\/?p=44213#breadcrumb"},"inLanguage":"pt-BR","potentialAction":[{"@type":"ReadAction","target":["https:\/\/news.ecclesia.org.br\/?p=44213"]}]},{"@type":"ImageObject","inLanguage":"pt-BR","@id":"https:\/\/news.ecclesia.org.br\/?p=44213#primaryimage","url":"https:\/\/news.ecclesia.org.br\/wp-content\/uploads\/2023\/03\/Joao-de-Pergamo-Zizioulas.jpg","contentUrl":"https:\/\/news.ecclesia.org.br\/wp-content\/uploads\/2023\/03\/Joao-de-Pergamo-Zizioulas.jpg","width":2048,"height":1366},{"@type":"BreadcrumbList","@id":"https:\/\/news.ecclesia.org.br\/?p=44213#breadcrumb","itemListElement":[{"@type":"ListItem","position":1,"name":"In\u00edcio","item":"https:\/\/news.ecclesia.org.br\/"},{"@type":"ListItem","position":2,"name":"\u00c9 DIF\u00cdCIL P\u00d4R FIM \u00c0 ESCATOLOGIA"}]},{"@type":"WebSite","@id":"https:\/\/news.ecclesia.org.br\/#website","url":"https:\/\/news.ecclesia.org.br\/","name":"Ecclesia Brasil","description":"Desde 2003 onectando o Brasil ao mundo ortodoxo!","publisher":{"@id":"https:\/\/news.ecclesia.org.br\/#organization"},"alternateName":"Ecclesia","potentialAction":[{"@type":"SearchAction","target":{"@type":"EntryPoint","urlTemplate":"https:\/\/news.ecclesia.org.br\/?s={search_term_string}"},"query-input":{"@type":"PropertyValueSpecification","valueRequired":true,"valueName":"search_term_string"}}],"inLanguage":"pt-BR"},{"@type":"Organization","@id":"https:\/\/news.ecclesia.org.br\/#organization","name":"Sacra Arquidiocese de Buenos Aires e Am\u00e9rica do Sul | Patriarcado Ecum\u00eanico","alternateName":"News Ecclesia Brasil","url":"https:\/\/news.ecclesia.org.br\/","logo":{"@type":"ImageObject","inLanguage":"pt-BR","@id":"https:\/\/news.ecclesia.org.br\/#\/schema\/logo\/image\/","url":"https:\/\/news.ecclesia.org.br\/wp-content\/uploads\/2025\/05\/ecclesia2.png","contentUrl":"https:\/\/news.ecclesia.org.br\/wp-content\/uploads\/2025\/05\/ecclesia2.png","width":480,"height":120,"caption":"Sacra Arquidiocese de Buenos Aires e Am\u00e9rica do Sul | Patriarcado Ecum\u00eanico"},"image":{"@id":"https:\/\/news.ecclesia.org.br\/#\/schema\/logo\/image\/"},"sameAs":["https:\/\/www.facebook.com\/Ecclesia2025","https:\/\/x.com\/EcclesiaNews","https:\/\/br.pinterest.com\/ekklisia\/","https:\/\/www.youtube.com\/@EcclesiaBrasil"]},{"@type":"Person","@id":"https:\/\/news.ecclesia.org.br\/#\/schema\/person\/6f09597f025829745ba414a569f63758","name":"Pe. Andr\u00e9","image":{"@type":"ImageObject","inLanguage":"pt-BR","@id":"https:\/\/secure.gravatar.com\/avatar\/b4327cfa27e9799da239a26adcd534fc29cdc0c4a4a148eecbcfeb9b42c617ac?s=96&d=mm&r=g","url":"https:\/\/secure.gravatar.com\/avatar\/b4327cfa27e9799da239a26adcd534fc29cdc0c4a4a148eecbcfeb9b42c617ac?s=96&d=mm&r=g","contentUrl":"https:\/\/secure.gravatar.com\/avatar\/b4327cfa27e9799da239a26adcd534fc29cdc0c4a4a148eecbcfeb9b42c617ac?s=96&d=mm&r=g","caption":"Pe. Andr\u00e9"},"sameAs":["https:\/\/www.ecclesia.org.br"]}]}},"_links":{"self":[{"href":"https:\/\/news.ecclesia.org.br\/index.php?rest_route=\/wp\/v2\/posts\/44213","targetHints":{"allow":["GET"]}}],"collection":[{"href":"https:\/\/news.ecclesia.org.br\/index.php?rest_route=\/wp\/v2\/posts"}],"about":[{"href":"https:\/\/news.ecclesia.org.br\/index.php?rest_route=\/wp\/v2\/types\/post"}],"author":[{"embeddable":true,"href":"https:\/\/news.ecclesia.org.br\/index.php?rest_route=\/wp\/v2\/users\/1"}],"replies":[{"embeddable":true,"href":"https:\/\/news.ecclesia.org.br\/index.php?rest_route=%2Fwp%2Fv2%2Fcomments&post=44213"}],"version-history":[{"count":14,"href":"https:\/\/news.ecclesia.org.br\/index.php?rest_route=\/wp\/v2\/posts\/44213\/revisions"}],"predecessor-version":[{"id":44229,"href":"https:\/\/news.ecclesia.org.br\/index.php?rest_route=\/wp\/v2\/posts\/44213\/revisions\/44229"}],"wp:featuredmedia":[{"embeddable":true,"href":"https:\/\/news.ecclesia.org.br\/index.php?rest_route=\/wp\/v2\/media\/44215"}],"wp:attachment":[{"href":"https:\/\/news.ecclesia.org.br\/index.php?rest_route=%2Fwp%2Fv2%2Fmedia&parent=44213"}],"wp:term":[{"taxonomy":"category","embeddable":true,"href":"https:\/\/news.ecclesia.org.br\/index.php?rest_route=%2Fwp%2Fv2%2Fcategories&post=44213"},{"taxonomy":"post_tag","embeddable":true,"href":"https:\/\/news.ecclesia.org.br\/index.php?rest_route=%2Fwp%2Fv2%2Ftags&post=44213"}],"curies":[{"name":"wp","href":"https:\/\/api.w.org\/{rel}","templated":true}]}}