{"id":4349,"date":"2010-05-25T21:33:27","date_gmt":"2010-05-25T23:33:27","guid":{"rendered":"http:\/\/www.ecclesia.com.br\/news\/?p=4349"},"modified":"2016-03-16T19:40:33","modified_gmt":"2016-03-16T19:40:33","slug":"publicacao-do-capitulo-i-de-santissima-trindade-uma-interpretacao-iconografica-do-dogma-trinitario","status":"publish","type":"post","link":"https:\/\/news.ecclesia.org.br\/?p=4349","title":{"rendered":"Publica\u00e7\u00e3o do Cap\u00edtulo I de \u00abSANTISSIMA TRINDADE, Uma Interpreta\u00e7\u00e3o Iconogr\u00e1fica do Dogma Trinit\u00e1rio\u00bb&#8230;"},"content":{"rendered":"<p style=\"text-align: justify;\">&#8230;\u00a0na se\u00e7\u00e3o <a href=\"http:\/\/www.ecclesia.com.br\/biblioteca\/iconografia\/index.html\">ICONOGRAFIA <\/a>da <a href=\"http:\/\/www.ecclesia.com.br\/biblioteca\/index.html\">Biblioteca <\/a>ECCLESIA de autoria do Ir. Michel Fares Breidi, Mosteiro da Esperan\u00e7a, S\u00e3o Paulo.<\/p>\n<h3><strong>Capitulo I \u2013 A arte iconogr\u00e1fica<\/strong><\/h3>\n<blockquote>\n<p style=\"text-align: justify;\"><em>O \u00edcone (do grego \u03ad\u03b9\u03ba\u03ce\u03c5 = imagem, retrato, semelhan\u00e7a), quadro pintado sobre a madeira com a utiliza\u00e7\u00e3o de mat\u00e9rias naturais, rico em teologia e em catequese b\u00edblica, tem sua origem milenar no mundo grego e russo. Trata-se da t\u00edpica arte sacra e can\u00f4nica da Igreja Ortodoxa. H\u00e1 regras fixas para se reproduzir um \u00edcone, tais como jejum, ora\u00e7\u00f5es, conhecimento da Escritura, da Tradi\u00e7\u00e3o, do Magist\u00e9rio etc. O \u00edcone \u00e9 uma imagem, mas nem toda imagem \u00e9 um \u00edcone. \u00c9 muito mais que uma livre representa\u00e7\u00e3o de um mist\u00e9rio, deixada por conta da imagina\u00e7\u00e3o do artista; n\u00e3o se trata daquele espiritual fruto da sensibilidade, das divaga\u00e7\u00f5es subjetivas e dos ins\u00edpidos gostos pouco claros; n\u00e3o \u00e9 um retrato no sentido moderno, secularizado e pouco transcendente. Ao contr\u00e1rio, sua linguagem \u00e9 simples e visa somente a glorifica\u00e7\u00e3o do mist\u00e9rio. De fato, o \u00edcone \u00e9 celebra\u00e7\u00e3o do mist\u00e9rio de nossa salva\u00e7\u00e3o \u2013 Encarna\u00e7\u00e3o, Morte, e Ressurrei\u00e7\u00e3o; por isso, instru\u00e7\u00e3o aos fi\u00e9is. O \u00edcone \u00e9 glorifica\u00e7\u00e3o e c\u00e2ntico nas suas cores, verso que se proclama na ponta do pincel, se ligado \u00e0s regras. Isso n\u00e3o significa que se trata de uma arte fria ou pr\u00e9-determinada que n\u00e3o aceita evolu\u00e7\u00e3o, pois, olhando v\u00e1rios \u00edcones representando o mesmo assunto reparamos que, mesmo sendo parecidos, s\u00e3o diferentes; n\u00e3o se encontra uma pintura semelhante \u00e0 outra. Cada quadro tem sua individualidade, destacando-se o estilo de cada artista nos diversos pa\u00edses onde se divulgou a iconografia. Apesar da dist\u00e2ncia cronol\u00f3gica e geogr\u00e1fica e da falta de comunica\u00e7\u00e3o entre eles, se manteve o tema de uma forma fixa (isento de modifica\u00e7\u00e3o), embora a cria\u00e7\u00e3o se apresente de modo diferente. No \u00edcone h\u00e1 vida e movimento interno, majestade, tranq\u00fcilidade, harmonia e interior perfeito,e isso faz a diferen\u00e7a entre ele e as pinturas tradicionais; o \u00edcone tem o intuito de transmitir a profundidade celeste [&#8230;] <\/em><\/p>\n<\/blockquote>\n<p style=\"text-align: justify;\">Acompanhe <a href=\"http:\/\/www.ecclesia.com.br\/biblioteca\/iconografia\/uma-interpretacao-iconografica-do-dogma-da-trindade.html\">AQUI <\/a>a publica\u00e7\u00e3o desta obra.<\/p>\n","protected":false},"excerpt":{"rendered":"<p>&#8230;\u00a0na se\u00e7\u00e3o ICONOGRAFIA da Biblioteca ECCLESIA de autoria do Ir. Michel Fares Breidi, Mosteiro da Esperan\u00e7a, S\u00e3o Paulo. Capitulo I \u2013 A arte iconogr\u00e1fica O \u00edcone (do grego \u03ad\u03b9\u03ba\u03ce\u03c5 = imagem, retrato, semelhan\u00e7a), quadro pintado sobre a madeira com a&#8230;<\/p>\n","protected":false},"author":1,"featured_media":0,"comment_status":"open","ping_status":"open","sticky":false,"template":"","format":"standard","meta":{"_acf_changed":false,"footnotes":""},"categories":[1],"tags":[],"class_list":["post-4349","post","type-post","status-publish","format-standard","hentry","category-news","entry","rows-excerpt"],"acf":[],"yoast_head":"<!-- This site is optimized with the Yoast SEO plugin v27.5 - https:\/\/yoast.com\/product\/yoast-seo-wordpress\/ -->\n<title>Publica\u00e7\u00e3o do Cap\u00edtulo I de \u00abSANTISSIMA TRINDADE, Uma Interpreta\u00e7\u00e3o Iconogr\u00e1fica do Dogma Trinit\u00e1rio\u00bb... | ECCLESIA NEWS<\/title>\n<meta name=\"robots\" content=\"index, follow, max-snippet:-1, max-image-preview:large, max-video-preview:-1\" \/>\n<link rel=\"canonical\" href=\"https:\/\/news.ecclesia.org.br\/?p=4349\" \/>\n<meta property=\"og:locale\" content=\"pt_BR\" \/>\n<meta property=\"og:type\" content=\"article\" \/>\n<meta property=\"og:title\" content=\"Publica\u00e7\u00e3o do Cap\u00edtulo I de \u00abSANTISSIMA TRINDADE, Uma Interpreta\u00e7\u00e3o Iconogr\u00e1fica do Dogma Trinit\u00e1rio\u00bb... | ECCLESIA NEWS\" \/>\n<meta property=\"og:description\" content=\"&#8230;\u00a0na se\u00e7\u00e3o ICONOGRAFIA da Biblioteca ECCLESIA de autoria do Ir. Michel Fares Breidi, Mosteiro da Esperan\u00e7a, S\u00e3o Paulo. Capitulo I \u2013 A arte iconogr\u00e1fica O \u00edcone (do grego \u03ad\u03b9\u03ba\u03ce\u03c5 = imagem, retrato, semelhan\u00e7a), quadro pintado sobre a madeira com a&#8230;\" \/>\n<meta property=\"og:url\" content=\"https:\/\/news.ecclesia.org.br\/?p=4349\" \/>\n<meta property=\"og:site_name\" content=\"ECCLESIA NEWS\" \/>\n<meta property=\"article:publisher\" content=\"https:\/\/www.facebook.com\/Ecclesia2025\" \/>\n<meta property=\"article:published_time\" content=\"2010-05-25T23:33:27+00:00\" \/>\n<meta property=\"article:modified_time\" content=\"2016-03-16T19:40:33+00:00\" \/>\n<meta property=\"og:image\" content=\"https:\/\/news.ecclesia.org.br\/wp-content\/uploads\/2025\/05\/ecclesia2.png\" \/>\n\t<meta property=\"og:image:width\" content=\"480\" \/>\n\t<meta property=\"og:image:height\" content=\"120\" \/>\n\t<meta property=\"og:image:type\" content=\"image\/png\" \/>\n<meta name=\"author\" content=\"Pe. Andr\u00e9\" \/>\n<meta name=\"twitter:card\" content=\"summary_large_image\" \/>\n<meta name=\"twitter:creator\" content=\"@EcclesiaNews\" \/>\n<meta name=\"twitter:site\" content=\"@EcclesiaNews\" \/>\n<meta name=\"twitter:label1\" content=\"Escrito por\" \/>\n\t<meta name=\"twitter:data1\" content=\"Pe. Andr\u00e9\" \/>\n\t<meta name=\"twitter:label2\" content=\"Est. tempo de leitura\" \/>\n\t<meta name=\"twitter:data2\" content=\"2 minutos\" \/>\n<script type=\"application\/ld+json\" class=\"yoast-schema-graph\">{\"@context\":\"https:\\\/\\\/schema.org\",\"@graph\":[{\"@type\":\"Article\",\"@id\":\"https:\\\/\\\/news.ecclesia.org.br\\\/?p=4349#article\",\"isPartOf\":{\"@id\":\"https:\\\/\\\/news.ecclesia.org.br\\\/?p=4349\"},\"author\":{\"name\":\"Pe. Andr\u00e9\",\"@id\":\"https:\\\/\\\/news.ecclesia.org.br\\\/#\\\/schema\\\/person\\\/6f09597f025829745ba414a569f63758\"},\"headline\":\"Publica\u00e7\u00e3o do Cap\u00edtulo I de \u00abSANTISSIMA TRINDADE, Uma Interpreta\u00e7\u00e3o Iconogr\u00e1fica do Dogma Trinit\u00e1rio\u00bb&#8230;\",\"datePublished\":\"2010-05-25T23:33:27+00:00\",\"dateModified\":\"2016-03-16T19:40:33+00:00\",\"mainEntityOfPage\":{\"@id\":\"https:\\\/\\\/news.ecclesia.org.br\\\/?p=4349\"},\"wordCount\":387,\"commentCount\":0,\"publisher\":{\"@id\":\"https:\\\/\\\/news.ecclesia.org.br\\\/#organization\"},\"articleSection\":[\"NEWS\"],\"inLanguage\":\"pt-BR\",\"potentialAction\":[{\"@type\":\"CommentAction\",\"name\":\"Comment\",\"target\":[\"https:\\\/\\\/news.ecclesia.org.br\\\/?p=4349#respond\"]}]},{\"@type\":\"WebPage\",\"@id\":\"https:\\\/\\\/news.ecclesia.org.br\\\/?p=4349\",\"url\":\"https:\\\/\\\/news.ecclesia.org.br\\\/?p=4349\",\"name\":\"Publica\u00e7\u00e3o do Cap\u00edtulo I de \u00abSANTISSIMA TRINDADE, Uma Interpreta\u00e7\u00e3o Iconogr\u00e1fica do Dogma Trinit\u00e1rio\u00bb... | ECCLESIA NEWS\",\"isPartOf\":{\"@id\":\"https:\\\/\\\/news.ecclesia.org.br\\\/#website\"},\"datePublished\":\"2010-05-25T23:33:27+00:00\",\"dateModified\":\"2016-03-16T19:40:33+00:00\",\"breadcrumb\":{\"@id\":\"https:\\\/\\\/news.ecclesia.org.br\\\/?p=4349#breadcrumb\"},\"inLanguage\":\"pt-BR\",\"potentialAction\":[{\"@type\":\"ReadAction\",\"target\":[\"https:\\\/\\\/news.ecclesia.org.br\\\/?p=4349\"]}]},{\"@type\":\"BreadcrumbList\",\"@id\":\"https:\\\/\\\/news.ecclesia.org.br\\\/?p=4349#breadcrumb\",\"itemListElement\":[{\"@type\":\"ListItem\",\"position\":1,\"name\":\"In\u00edcio\",\"item\":\"https:\\\/\\\/news.ecclesia.org.br\\\/\"},{\"@type\":\"ListItem\",\"position\":2,\"name\":\"Publica\u00e7\u00e3o do Cap\u00edtulo I de \u00abSANTISSIMA TRINDADE, Uma Interpreta\u00e7\u00e3o Iconogr\u00e1fica do Dogma Trinit\u00e1rio\u00bb&#8230;\"}]},{\"@type\":\"WebSite\",\"@id\":\"https:\\\/\\\/news.ecclesia.org.br\\\/#website\",\"url\":\"https:\\\/\\\/news.ecclesia.org.br\\\/\",\"name\":\"Ecclesia Brasil\",\"description\":\"Desde 2003 onectando o Brasil ao mundo ortodoxo!\",\"publisher\":{\"@id\":\"https:\\\/\\\/news.ecclesia.org.br\\\/#organization\"},\"alternateName\":\"Ecclesia\",\"potentialAction\":[{\"@type\":\"SearchAction\",\"target\":{\"@type\":\"EntryPoint\",\"urlTemplate\":\"https:\\\/\\\/news.ecclesia.org.br\\\/?s={search_term_string}\"},\"query-input\":{\"@type\":\"PropertyValueSpecification\",\"valueRequired\":true,\"valueName\":\"search_term_string\"}}],\"inLanguage\":\"pt-BR\"},{\"@type\":\"Organization\",\"@id\":\"https:\\\/\\\/news.ecclesia.org.br\\\/#organization\",\"name\":\"Sacra Arquidiocese de Buenos Aires e Am\u00e9rica do Sul | Patriarcado Ecum\u00eanico\",\"alternateName\":\"News Ecclesia Brasil\",\"url\":\"https:\\\/\\\/news.ecclesia.org.br\\\/\",\"logo\":{\"@type\":\"ImageObject\",\"inLanguage\":\"pt-BR\",\"@id\":\"https:\\\/\\\/news.ecclesia.org.br\\\/#\\\/schema\\\/logo\\\/image\\\/\",\"url\":\"https:\\\/\\\/news.ecclesia.org.br\\\/wp-content\\\/uploads\\\/2025\\\/05\\\/ecclesia2.png\",\"contentUrl\":\"https:\\\/\\\/news.ecclesia.org.br\\\/wp-content\\\/uploads\\\/2025\\\/05\\\/ecclesia2.png\",\"width\":480,\"height\":120,\"caption\":\"Sacra Arquidiocese de Buenos Aires e Am\u00e9rica do Sul | Patriarcado Ecum\u00eanico\"},\"image\":{\"@id\":\"https:\\\/\\\/news.ecclesia.org.br\\\/#\\\/schema\\\/logo\\\/image\\\/\"},\"sameAs\":[\"https:\\\/\\\/www.facebook.com\\\/Ecclesia2025\",\"https:\\\/\\\/x.com\\\/EcclesiaNews\",\"https:\\\/\\\/br.pinterest.com\\\/ekklisia\\\/\",\"https:\\\/\\\/www.youtube.com\\\/@EcclesiaBrasil\"]},{\"@type\":\"Person\",\"@id\":\"https:\\\/\\\/news.ecclesia.org.br\\\/#\\\/schema\\\/person\\\/6f09597f025829745ba414a569f63758\",\"name\":\"Pe. Andr\u00e9\",\"image\":{\"@type\":\"ImageObject\",\"inLanguage\":\"pt-BR\",\"@id\":\"https:\\\/\\\/secure.gravatar.com\\\/avatar\\\/b4327cfa27e9799da239a26adcd534fc29cdc0c4a4a148eecbcfeb9b42c617ac?s=96&d=mm&r=g\",\"url\":\"https:\\\/\\\/secure.gravatar.com\\\/avatar\\\/b4327cfa27e9799da239a26adcd534fc29cdc0c4a4a148eecbcfeb9b42c617ac?s=96&d=mm&r=g\",\"contentUrl\":\"https:\\\/\\\/secure.gravatar.com\\\/avatar\\\/b4327cfa27e9799da239a26adcd534fc29cdc0c4a4a148eecbcfeb9b42c617ac?s=96&d=mm&r=g\",\"caption\":\"Pe. Andr\u00e9\"},\"sameAs\":[\"https:\\\/\\\/www.ecclesia.org.br\"]}]}<\/script>\n<!-- \/ Yoast SEO plugin. -->","yoast_head_json":{"title":"Publica\u00e7\u00e3o do Cap\u00edtulo I de \u00abSANTISSIMA TRINDADE, Uma Interpreta\u00e7\u00e3o Iconogr\u00e1fica do Dogma Trinit\u00e1rio\u00bb... | ECCLESIA NEWS","robots":{"index":"index","follow":"follow","max-snippet":"max-snippet:-1","max-image-preview":"max-image-preview:large","max-video-preview":"max-video-preview:-1"},"canonical":"https:\/\/news.ecclesia.org.br\/?p=4349","og_locale":"pt_BR","og_type":"article","og_title":"Publica\u00e7\u00e3o do Cap\u00edtulo I de \u00abSANTISSIMA TRINDADE, Uma Interpreta\u00e7\u00e3o Iconogr\u00e1fica do Dogma Trinit\u00e1rio\u00bb... | ECCLESIA NEWS","og_description":"&#8230;\u00a0na se\u00e7\u00e3o ICONOGRAFIA da Biblioteca ECCLESIA de autoria do Ir. Michel Fares Breidi, Mosteiro da Esperan\u00e7a, S\u00e3o Paulo. Capitulo I \u2013 A arte iconogr\u00e1fica O \u00edcone (do grego \u03ad\u03b9\u03ba\u03ce\u03c5 = imagem, retrato, semelhan\u00e7a), quadro pintado sobre a madeira com a&#8230;","og_url":"https:\/\/news.ecclesia.org.br\/?p=4349","og_site_name":"ECCLESIA NEWS","article_publisher":"https:\/\/www.facebook.com\/Ecclesia2025","article_published_time":"2010-05-25T23:33:27+00:00","article_modified_time":"2016-03-16T19:40:33+00:00","og_image":[{"width":480,"height":120,"url":"https:\/\/news.ecclesia.org.br\/wp-content\/uploads\/2025\/05\/ecclesia2.png","type":"image\/png"}],"author":"Pe. Andr\u00e9","twitter_card":"summary_large_image","twitter_creator":"@EcclesiaNews","twitter_site":"@EcclesiaNews","twitter_misc":{"Escrito por":"Pe. Andr\u00e9","Est. tempo de leitura":"2 minutos"},"schema":{"@context":"https:\/\/schema.org","@graph":[{"@type":"Article","@id":"https:\/\/news.ecclesia.org.br\/?p=4349#article","isPartOf":{"@id":"https:\/\/news.ecclesia.org.br\/?p=4349"},"author":{"name":"Pe. Andr\u00e9","@id":"https:\/\/news.ecclesia.org.br\/#\/schema\/person\/6f09597f025829745ba414a569f63758"},"headline":"Publica\u00e7\u00e3o do Cap\u00edtulo I de \u00abSANTISSIMA TRINDADE, Uma Interpreta\u00e7\u00e3o Iconogr\u00e1fica do Dogma Trinit\u00e1rio\u00bb&#8230;","datePublished":"2010-05-25T23:33:27+00:00","dateModified":"2016-03-16T19:40:33+00:00","mainEntityOfPage":{"@id":"https:\/\/news.ecclesia.org.br\/?p=4349"},"wordCount":387,"commentCount":0,"publisher":{"@id":"https:\/\/news.ecclesia.org.br\/#organization"},"articleSection":["NEWS"],"inLanguage":"pt-BR","potentialAction":[{"@type":"CommentAction","name":"Comment","target":["https:\/\/news.ecclesia.org.br\/?p=4349#respond"]}]},{"@type":"WebPage","@id":"https:\/\/news.ecclesia.org.br\/?p=4349","url":"https:\/\/news.ecclesia.org.br\/?p=4349","name":"Publica\u00e7\u00e3o do Cap\u00edtulo I de \u00abSANTISSIMA TRINDADE, Uma Interpreta\u00e7\u00e3o Iconogr\u00e1fica do Dogma Trinit\u00e1rio\u00bb... | ECCLESIA NEWS","isPartOf":{"@id":"https:\/\/news.ecclesia.org.br\/#website"},"datePublished":"2010-05-25T23:33:27+00:00","dateModified":"2016-03-16T19:40:33+00:00","breadcrumb":{"@id":"https:\/\/news.ecclesia.org.br\/?p=4349#breadcrumb"},"inLanguage":"pt-BR","potentialAction":[{"@type":"ReadAction","target":["https:\/\/news.ecclesia.org.br\/?p=4349"]}]},{"@type":"BreadcrumbList","@id":"https:\/\/news.ecclesia.org.br\/?p=4349#breadcrumb","itemListElement":[{"@type":"ListItem","position":1,"name":"In\u00edcio","item":"https:\/\/news.ecclesia.org.br\/"},{"@type":"ListItem","position":2,"name":"Publica\u00e7\u00e3o do Cap\u00edtulo I de \u00abSANTISSIMA TRINDADE, Uma Interpreta\u00e7\u00e3o Iconogr\u00e1fica do Dogma Trinit\u00e1rio\u00bb&#8230;"}]},{"@type":"WebSite","@id":"https:\/\/news.ecclesia.org.br\/#website","url":"https:\/\/news.ecclesia.org.br\/","name":"Ecclesia Brasil","description":"Desde 2003 onectando o Brasil ao mundo ortodoxo!","publisher":{"@id":"https:\/\/news.ecclesia.org.br\/#organization"},"alternateName":"Ecclesia","potentialAction":[{"@type":"SearchAction","target":{"@type":"EntryPoint","urlTemplate":"https:\/\/news.ecclesia.org.br\/?s={search_term_string}"},"query-input":{"@type":"PropertyValueSpecification","valueRequired":true,"valueName":"search_term_string"}}],"inLanguage":"pt-BR"},{"@type":"Organization","@id":"https:\/\/news.ecclesia.org.br\/#organization","name":"Sacra Arquidiocese de Buenos Aires e Am\u00e9rica do Sul | Patriarcado Ecum\u00eanico","alternateName":"News Ecclesia Brasil","url":"https:\/\/news.ecclesia.org.br\/","logo":{"@type":"ImageObject","inLanguage":"pt-BR","@id":"https:\/\/news.ecclesia.org.br\/#\/schema\/logo\/image\/","url":"https:\/\/news.ecclesia.org.br\/wp-content\/uploads\/2025\/05\/ecclesia2.png","contentUrl":"https:\/\/news.ecclesia.org.br\/wp-content\/uploads\/2025\/05\/ecclesia2.png","width":480,"height":120,"caption":"Sacra Arquidiocese de Buenos Aires e Am\u00e9rica do Sul | Patriarcado Ecum\u00eanico"},"image":{"@id":"https:\/\/news.ecclesia.org.br\/#\/schema\/logo\/image\/"},"sameAs":["https:\/\/www.facebook.com\/Ecclesia2025","https:\/\/x.com\/EcclesiaNews","https:\/\/br.pinterest.com\/ekklisia\/","https:\/\/www.youtube.com\/@EcclesiaBrasil"]},{"@type":"Person","@id":"https:\/\/news.ecclesia.org.br\/#\/schema\/person\/6f09597f025829745ba414a569f63758","name":"Pe. Andr\u00e9","image":{"@type":"ImageObject","inLanguage":"pt-BR","@id":"https:\/\/secure.gravatar.com\/avatar\/b4327cfa27e9799da239a26adcd534fc29cdc0c4a4a148eecbcfeb9b42c617ac?s=96&d=mm&r=g","url":"https:\/\/secure.gravatar.com\/avatar\/b4327cfa27e9799da239a26adcd534fc29cdc0c4a4a148eecbcfeb9b42c617ac?s=96&d=mm&r=g","contentUrl":"https:\/\/secure.gravatar.com\/avatar\/b4327cfa27e9799da239a26adcd534fc29cdc0c4a4a148eecbcfeb9b42c617ac?s=96&d=mm&r=g","caption":"Pe. Andr\u00e9"},"sameAs":["https:\/\/www.ecclesia.org.br"]}]}},"_links":{"self":[{"href":"https:\/\/news.ecclesia.org.br\/index.php?rest_route=\/wp\/v2\/posts\/4349","targetHints":{"allow":["GET"]}}],"collection":[{"href":"https:\/\/news.ecclesia.org.br\/index.php?rest_route=\/wp\/v2\/posts"}],"about":[{"href":"https:\/\/news.ecclesia.org.br\/index.php?rest_route=\/wp\/v2\/types\/post"}],"author":[{"embeddable":true,"href":"https:\/\/news.ecclesia.org.br\/index.php?rest_route=\/wp\/v2\/users\/1"}],"replies":[{"embeddable":true,"href":"https:\/\/news.ecclesia.org.br\/index.php?rest_route=%2Fwp%2Fv2%2Fcomments&post=4349"}],"version-history":[{"count":0,"href":"https:\/\/news.ecclesia.org.br\/index.php?rest_route=\/wp\/v2\/posts\/4349\/revisions"}],"wp:attachment":[{"href":"https:\/\/news.ecclesia.org.br\/index.php?rest_route=%2Fwp%2Fv2%2Fmedia&parent=4349"}],"wp:term":[{"taxonomy":"category","embeddable":true,"href":"https:\/\/news.ecclesia.org.br\/index.php?rest_route=%2Fwp%2Fv2%2Fcategories&post=4349"},{"taxonomy":"post_tag","embeddable":true,"href":"https:\/\/news.ecclesia.org.br\/index.php?rest_route=%2Fwp%2Fv2%2Ftags&post=4349"}],"curies":[{"name":"wp","href":"https:\/\/api.w.org\/{rel}","templated":true}]}}