{"id":4335,"date":"2010-05-25T01:00:07","date_gmt":"2010-05-25T03:00:07","guid":{"rendered":"http:\/\/www.ecclesia.com.br\/news\/?p=4335"},"modified":"2016-03-16T20:47:30","modified_gmt":"2016-03-16T20:47:30","slug":"russia-descobertos-no-kremlin-dois-icones-um-de-cristo-salvador-e-outro-de-sao-nicolau-de-mira-ocultados-pelos-bolcheviques","status":"publish","type":"post","link":"https:\/\/news.ecclesia.org.br\/?p=4335","title":{"rendered":"R\u00fassia: descobertos no Kremlin dois \u00edcones, um de Cristo Salvador e outro de S\u00e3o Nicolau de Mira, ocultados pelos bolcheviques"},"content":{"rendered":"<p style=\"text-align: justify;\">MOSCOU, segunda-feira, 24 de maio de 2010 (<a href=\"http:\/\/www.zenit.org\/\" target=\"_blank\">ZENIT.org<\/a>). Dois \u00edcones que tinham sido ocultados pelos bolcheviques adornam duas torres da muralha do Kremlin de Moscou, informou o Servi\u00e7o Ortodoxo de Imprensa e Europaica (n\u00b0. 180, de 18 de maio de 2010). Os meios de comunica\u00e7\u00e3o russos anunciaram a not\u00edcia no \u00faltimo dia 12 de maio, citando os servi\u00e7os da administra\u00e7\u00e3o presidencial e museus que administram o lugar hist\u00f3rico de Kremlin, antiga resid\u00eancia dos czares e dos patriarcas da R\u00fassia. Os respons\u00e1veis pela administra\u00e7\u00e3o do Kremlin decidiram restaurar e devolver aos cidad\u00e3os dois \u00edcones de uma antiguidade de seis s\u00e9culos que foram descobertos no final de abril em duas torres da fortaleza debaixo de uma camada de gesso aplicada pelos bolcheviques. \u00abOs trabalhos come\u00e7aram com a elimina\u00e7\u00e3o da camada grossa de gesso que cobriu os \u00edcones no ano de 1937\u00bb, declarou aos jornalistas a porta-voz do Departamento de Museus do Kremlin, Jeanne B\u00e9lochapkine.<\/p>\n<p style=\"text-align: justify;\">\u00abParece que os dois \u00edcones foram pintados a \u00f3leo sobre afrescos, e os trabalhos de restaura\u00e7\u00e3o est\u00e3o dedicados a verificar esta hip\u00f3tese\u00bb, declarou o diretor geral adjunto dos Museus do Kremlin, Andr\u00e9 Batalov. O primeiro \u00edcone representa Cristo Salvador em um fundo dourado, com dois santos monges russos aos seus p\u00e9s: S\u00e3o S\u00e9rgio de R\u00e1donezh e S\u00e3o Barlaam de Katyn (Novgorod). Ergue-se sobre a entrada da porta Spasska\u00efa (do Salvador), a porta de entrada solene debaixo da torre principal do Kremlin, bem na frente da igreja de S\u00e3o Bas\u00edlio, o Bem-Aventurado, na Pra\u00e7a Vermelha. O segundo \u00edcone que adorna a torre Nikolska\u00efa (de Nicolau), mais para o norte e tamb\u00e9m na Pra\u00e7a Vermelha, representa a S\u00e3o Nicolau de Mira (s\u00e9culo IV), especialmente venerado pelos ortodoxos russos. De acordo com o testemunho dos historiadores, os \u00edcones eram ainda vis\u00edveis nos primeiros meses do ano de 1918. Ent\u00e3o eles foram escondidos debaixo de uma malha grossa met\u00e1lica e, em 1937, no apogeu de uma onda nova de campanhas de antirreligiosas, foram completamente cobertos com gesso. Ao t\u00e9rmino do m\u00eas passado de abril, voltaram novamente \u00e0 luz. As primeiras an\u00e1lises permitem aos especialistas afirmar que o \u00edcone de S\u00e3o Nicolau remonta por volta do s\u00e9culo de XV ou in\u00edcio do s\u00e9culo XVI, o que confirmam as declara\u00e7\u00f5es dos restauradores que nele trabalharam. O \u00edcone de S\u00e3o Nicolau estava gravemente danificado pelas explos\u00f5es de tiros de armas no assalto dos bolcheviques ao Kremlin, em novembro de 1917.<\/p>\n","protected":false},"excerpt":{"rendered":"<p>MOSCOU, segunda-feira, 24 de maio de 2010 (ZENIT.org). Dois \u00edcones que tinham sido ocultados pelos bolcheviques adornam duas torres da muralha do Kremlin de Moscou, informou o Servi\u00e7o Ortodoxo de Imprensa e Europaica (n\u00b0. 180, de 18 de maio de&#8230;<\/p>\n","protected":false},"author":1,"featured_media":15877,"comment_status":"open","ping_status":"open","sticky":false,"template":"","format":"standard","meta":{"_acf_changed":false,"footnotes":""},"categories":[1],"tags":[],"class_list":["post-4335","post","type-post","status-publish","format-standard","has-post-thumbnail","hentry","category-news","entry","rows-excerpt"],"acf":[],"yoast_head":"<!-- This site is optimized with the Yoast SEO plugin v27.5 - https:\/\/yoast.com\/product\/yoast-seo-wordpress\/ -->\n<title>R\u00fassia: descobertos no Kremlin dois \u00edcones, um de Cristo Salvador e outro de S\u00e3o Nicolau de Mira, ocultados pelos bolcheviques | ECCLESIA NEWS<\/title>\n<meta name=\"robots\" content=\"index, follow, max-snippet:-1, max-image-preview:large, max-video-preview:-1\" \/>\n<link rel=\"canonical\" href=\"https:\/\/news.ecclesia.org.br\/?p=4335\" \/>\n<meta property=\"og:locale\" content=\"pt_BR\" \/>\n<meta property=\"og:type\" content=\"article\" \/>\n<meta property=\"og:title\" content=\"R\u00fassia: descobertos no Kremlin dois \u00edcones, um de Cristo Salvador e outro de S\u00e3o Nicolau de Mira, ocultados pelos bolcheviques | ECCLESIA NEWS\" \/>\n<meta property=\"og:description\" content=\"MOSCOU, segunda-feira, 24 de maio de 2010 (ZENIT.org). Dois \u00edcones que tinham sido ocultados pelos bolcheviques adornam duas torres da muralha do Kremlin de Moscou, informou o Servi\u00e7o Ortodoxo de Imprensa e Europaica (n\u00b0. 180, de 18 de maio de&#8230;\" \/>\n<meta property=\"og:url\" content=\"https:\/\/news.ecclesia.org.br\/?p=4335\" \/>\n<meta property=\"og:site_name\" content=\"ECCLESIA NEWS\" \/>\n<meta property=\"article:publisher\" content=\"https:\/\/www.facebook.com\/Ecclesia2025\" \/>\n<meta property=\"article:published_time\" content=\"2010-05-25T03:00:07+00:00\" \/>\n<meta property=\"article:modified_time\" content=\"2016-03-16T20:47:30+00:00\" \/>\n<meta property=\"og:image\" content=\"https:\/\/news.ecclesia.org.br\/wp-content\/uploads\/2010\/05\/icone-encontrado-na-russia.jpg\" \/>\n\t<meta property=\"og:image:width\" content=\"320\" \/>\n\t<meta property=\"og:image:height\" content=\"427\" \/>\n\t<meta property=\"og:image:type\" content=\"image\/jpeg\" \/>\n<meta name=\"author\" content=\"Pe. Andr\u00e9\" \/>\n<meta name=\"twitter:card\" content=\"summary_large_image\" \/>\n<meta name=\"twitter:creator\" content=\"@EcclesiaNews\" \/>\n<meta name=\"twitter:site\" content=\"@EcclesiaNews\" \/>\n<meta name=\"twitter:label1\" content=\"Escrito por\" \/>\n\t<meta name=\"twitter:data1\" content=\"Pe. Andr\u00e9\" \/>\n\t<meta name=\"twitter:label2\" content=\"Est. tempo de leitura\" \/>\n\t<meta name=\"twitter:data2\" content=\"2 minutos\" \/>\n<script type=\"application\/ld+json\" class=\"yoast-schema-graph\">{\"@context\":\"https:\\\/\\\/schema.org\",\"@graph\":[{\"@type\":\"Article\",\"@id\":\"https:\\\/\\\/news.ecclesia.org.br\\\/?p=4335#article\",\"isPartOf\":{\"@id\":\"https:\\\/\\\/news.ecclesia.org.br\\\/?p=4335\"},\"author\":{\"name\":\"Pe. Andr\u00e9\",\"@id\":\"https:\\\/\\\/news.ecclesia.org.br\\\/#\\\/schema\\\/person\\\/6f09597f025829745ba414a569f63758\"},\"headline\":\"R\u00fassia: descobertos no Kremlin dois \u00edcones, um de Cristo Salvador e outro de S\u00e3o Nicolau de Mira, ocultados pelos bolcheviques\",\"datePublished\":\"2010-05-25T03:00:07+00:00\",\"dateModified\":\"2016-03-16T20:47:30+00:00\",\"mainEntityOfPage\":{\"@id\":\"https:\\\/\\\/news.ecclesia.org.br\\\/?p=4335\"},\"wordCount\":452,\"commentCount\":0,\"publisher\":{\"@id\":\"https:\\\/\\\/news.ecclesia.org.br\\\/#organization\"},\"image\":{\"@id\":\"https:\\\/\\\/news.ecclesia.org.br\\\/?p=4335#primaryimage\"},\"thumbnailUrl\":\"https:\\\/\\\/news.ecclesia.org.br\\\/wp-content\\\/uploads\\\/2010\\\/05\\\/icone-encontrado-na-russia.jpg\",\"articleSection\":[\"NEWS\"],\"inLanguage\":\"pt-BR\",\"potentialAction\":[{\"@type\":\"CommentAction\",\"name\":\"Comment\",\"target\":[\"https:\\\/\\\/news.ecclesia.org.br\\\/?p=4335#respond\"]}]},{\"@type\":\"WebPage\",\"@id\":\"https:\\\/\\\/news.ecclesia.org.br\\\/?p=4335\",\"url\":\"https:\\\/\\\/news.ecclesia.org.br\\\/?p=4335\",\"name\":\"R\u00fassia: descobertos no Kremlin dois \u00edcones, um de Cristo Salvador e outro de S\u00e3o Nicolau de Mira, ocultados pelos bolcheviques | ECCLESIA NEWS\",\"isPartOf\":{\"@id\":\"https:\\\/\\\/news.ecclesia.org.br\\\/#website\"},\"primaryImageOfPage\":{\"@id\":\"https:\\\/\\\/news.ecclesia.org.br\\\/?p=4335#primaryimage\"},\"image\":{\"@id\":\"https:\\\/\\\/news.ecclesia.org.br\\\/?p=4335#primaryimage\"},\"thumbnailUrl\":\"https:\\\/\\\/news.ecclesia.org.br\\\/wp-content\\\/uploads\\\/2010\\\/05\\\/icone-encontrado-na-russia.jpg\",\"datePublished\":\"2010-05-25T03:00:07+00:00\",\"dateModified\":\"2016-03-16T20:47:30+00:00\",\"breadcrumb\":{\"@id\":\"https:\\\/\\\/news.ecclesia.org.br\\\/?p=4335#breadcrumb\"},\"inLanguage\":\"pt-BR\",\"potentialAction\":[{\"@type\":\"ReadAction\",\"target\":[\"https:\\\/\\\/news.ecclesia.org.br\\\/?p=4335\"]}]},{\"@type\":\"ImageObject\",\"inLanguage\":\"pt-BR\",\"@id\":\"https:\\\/\\\/news.ecclesia.org.br\\\/?p=4335#primaryimage\",\"url\":\"https:\\\/\\\/news.ecclesia.org.br\\\/wp-content\\\/uploads\\\/2010\\\/05\\\/icone-encontrado-na-russia.jpg\",\"contentUrl\":\"https:\\\/\\\/news.ecclesia.org.br\\\/wp-content\\\/uploads\\\/2010\\\/05\\\/icone-encontrado-na-russia.jpg\",\"width\":320,\"height\":427},{\"@type\":\"BreadcrumbList\",\"@id\":\"https:\\\/\\\/news.ecclesia.org.br\\\/?p=4335#breadcrumb\",\"itemListElement\":[{\"@type\":\"ListItem\",\"position\":1,\"name\":\"In\u00edcio\",\"item\":\"https:\\\/\\\/news.ecclesia.org.br\\\/\"},{\"@type\":\"ListItem\",\"position\":2,\"name\":\"R\u00fassia: descobertos no Kremlin dois \u00edcones, um de Cristo Salvador e outro de S\u00e3o Nicolau de Mira, ocultados pelos bolcheviques\"}]},{\"@type\":\"WebSite\",\"@id\":\"https:\\\/\\\/news.ecclesia.org.br\\\/#website\",\"url\":\"https:\\\/\\\/news.ecclesia.org.br\\\/\",\"name\":\"Ecclesia Brasil\",\"description\":\"Desde 2003 onectando o Brasil ao mundo ortodoxo!\",\"publisher\":{\"@id\":\"https:\\\/\\\/news.ecclesia.org.br\\\/#organization\"},\"alternateName\":\"Ecclesia\",\"potentialAction\":[{\"@type\":\"SearchAction\",\"target\":{\"@type\":\"EntryPoint\",\"urlTemplate\":\"https:\\\/\\\/news.ecclesia.org.br\\\/?s={search_term_string}\"},\"query-input\":{\"@type\":\"PropertyValueSpecification\",\"valueRequired\":true,\"valueName\":\"search_term_string\"}}],\"inLanguage\":\"pt-BR\"},{\"@type\":\"Organization\",\"@id\":\"https:\\\/\\\/news.ecclesia.org.br\\\/#organization\",\"name\":\"Sacra Arquidiocese de Buenos Aires e Am\u00e9rica do Sul | Patriarcado Ecum\u00eanico\",\"alternateName\":\"News Ecclesia Brasil\",\"url\":\"https:\\\/\\\/news.ecclesia.org.br\\\/\",\"logo\":{\"@type\":\"ImageObject\",\"inLanguage\":\"pt-BR\",\"@id\":\"https:\\\/\\\/news.ecclesia.org.br\\\/#\\\/schema\\\/logo\\\/image\\\/\",\"url\":\"https:\\\/\\\/news.ecclesia.org.br\\\/wp-content\\\/uploads\\\/2025\\\/05\\\/ecclesia2.png\",\"contentUrl\":\"https:\\\/\\\/news.ecclesia.org.br\\\/wp-content\\\/uploads\\\/2025\\\/05\\\/ecclesia2.png\",\"width\":480,\"height\":120,\"caption\":\"Sacra Arquidiocese de Buenos Aires e Am\u00e9rica do Sul | Patriarcado Ecum\u00eanico\"},\"image\":{\"@id\":\"https:\\\/\\\/news.ecclesia.org.br\\\/#\\\/schema\\\/logo\\\/image\\\/\"},\"sameAs\":[\"https:\\\/\\\/www.facebook.com\\\/Ecclesia2025\",\"https:\\\/\\\/x.com\\\/EcclesiaNews\",\"https:\\\/\\\/br.pinterest.com\\\/ekklisia\\\/\",\"https:\\\/\\\/www.youtube.com\\\/@EcclesiaBrasil\"]},{\"@type\":\"Person\",\"@id\":\"https:\\\/\\\/news.ecclesia.org.br\\\/#\\\/schema\\\/person\\\/6f09597f025829745ba414a569f63758\",\"name\":\"Pe. Andr\u00e9\",\"image\":{\"@type\":\"ImageObject\",\"inLanguage\":\"pt-BR\",\"@id\":\"https:\\\/\\\/secure.gravatar.com\\\/avatar\\\/b4327cfa27e9799da239a26adcd534fc29cdc0c4a4a148eecbcfeb9b42c617ac?s=96&d=mm&r=g\",\"url\":\"https:\\\/\\\/secure.gravatar.com\\\/avatar\\\/b4327cfa27e9799da239a26adcd534fc29cdc0c4a4a148eecbcfeb9b42c617ac?s=96&d=mm&r=g\",\"contentUrl\":\"https:\\\/\\\/secure.gravatar.com\\\/avatar\\\/b4327cfa27e9799da239a26adcd534fc29cdc0c4a4a148eecbcfeb9b42c617ac?s=96&d=mm&r=g\",\"caption\":\"Pe. Andr\u00e9\"},\"sameAs\":[\"https:\\\/\\\/www.ecclesia.org.br\"]}]}<\/script>\n<!-- \/ Yoast SEO plugin. -->","yoast_head_json":{"title":"R\u00fassia: descobertos no Kremlin dois \u00edcones, um de Cristo Salvador e outro de S\u00e3o Nicolau de Mira, ocultados pelos bolcheviques | ECCLESIA NEWS","robots":{"index":"index","follow":"follow","max-snippet":"max-snippet:-1","max-image-preview":"max-image-preview:large","max-video-preview":"max-video-preview:-1"},"canonical":"https:\/\/news.ecclesia.org.br\/?p=4335","og_locale":"pt_BR","og_type":"article","og_title":"R\u00fassia: descobertos no Kremlin dois \u00edcones, um de Cristo Salvador e outro de S\u00e3o Nicolau de Mira, ocultados pelos bolcheviques | ECCLESIA NEWS","og_description":"MOSCOU, segunda-feira, 24 de maio de 2010 (ZENIT.org). Dois \u00edcones que tinham sido ocultados pelos bolcheviques adornam duas torres da muralha do Kremlin de Moscou, informou o Servi\u00e7o Ortodoxo de Imprensa e Europaica (n\u00b0. 180, de 18 de maio de&#8230;","og_url":"https:\/\/news.ecclesia.org.br\/?p=4335","og_site_name":"ECCLESIA NEWS","article_publisher":"https:\/\/www.facebook.com\/Ecclesia2025","article_published_time":"2010-05-25T03:00:07+00:00","article_modified_time":"2016-03-16T20:47:30+00:00","og_image":[{"width":320,"height":427,"url":"https:\/\/news.ecclesia.org.br\/wp-content\/uploads\/2010\/05\/icone-encontrado-na-russia.jpg","type":"image\/jpeg"}],"author":"Pe. Andr\u00e9","twitter_card":"summary_large_image","twitter_creator":"@EcclesiaNews","twitter_site":"@EcclesiaNews","twitter_misc":{"Escrito por":"Pe. Andr\u00e9","Est. tempo de leitura":"2 minutos"},"schema":{"@context":"https:\/\/schema.org","@graph":[{"@type":"Article","@id":"https:\/\/news.ecclesia.org.br\/?p=4335#article","isPartOf":{"@id":"https:\/\/news.ecclesia.org.br\/?p=4335"},"author":{"name":"Pe. Andr\u00e9","@id":"https:\/\/news.ecclesia.org.br\/#\/schema\/person\/6f09597f025829745ba414a569f63758"},"headline":"R\u00fassia: descobertos no Kremlin dois \u00edcones, um de Cristo Salvador e outro de S\u00e3o Nicolau de Mira, ocultados pelos bolcheviques","datePublished":"2010-05-25T03:00:07+00:00","dateModified":"2016-03-16T20:47:30+00:00","mainEntityOfPage":{"@id":"https:\/\/news.ecclesia.org.br\/?p=4335"},"wordCount":452,"commentCount":0,"publisher":{"@id":"https:\/\/news.ecclesia.org.br\/#organization"},"image":{"@id":"https:\/\/news.ecclesia.org.br\/?p=4335#primaryimage"},"thumbnailUrl":"https:\/\/news.ecclesia.org.br\/wp-content\/uploads\/2010\/05\/icone-encontrado-na-russia.jpg","articleSection":["NEWS"],"inLanguage":"pt-BR","potentialAction":[{"@type":"CommentAction","name":"Comment","target":["https:\/\/news.ecclesia.org.br\/?p=4335#respond"]}]},{"@type":"WebPage","@id":"https:\/\/news.ecclesia.org.br\/?p=4335","url":"https:\/\/news.ecclesia.org.br\/?p=4335","name":"R\u00fassia: descobertos no Kremlin dois \u00edcones, um de Cristo Salvador e outro de S\u00e3o Nicolau de Mira, ocultados pelos bolcheviques | ECCLESIA NEWS","isPartOf":{"@id":"https:\/\/news.ecclesia.org.br\/#website"},"primaryImageOfPage":{"@id":"https:\/\/news.ecclesia.org.br\/?p=4335#primaryimage"},"image":{"@id":"https:\/\/news.ecclesia.org.br\/?p=4335#primaryimage"},"thumbnailUrl":"https:\/\/news.ecclesia.org.br\/wp-content\/uploads\/2010\/05\/icone-encontrado-na-russia.jpg","datePublished":"2010-05-25T03:00:07+00:00","dateModified":"2016-03-16T20:47:30+00:00","breadcrumb":{"@id":"https:\/\/news.ecclesia.org.br\/?p=4335#breadcrumb"},"inLanguage":"pt-BR","potentialAction":[{"@type":"ReadAction","target":["https:\/\/news.ecclesia.org.br\/?p=4335"]}]},{"@type":"ImageObject","inLanguage":"pt-BR","@id":"https:\/\/news.ecclesia.org.br\/?p=4335#primaryimage","url":"https:\/\/news.ecclesia.org.br\/wp-content\/uploads\/2010\/05\/icone-encontrado-na-russia.jpg","contentUrl":"https:\/\/news.ecclesia.org.br\/wp-content\/uploads\/2010\/05\/icone-encontrado-na-russia.jpg","width":320,"height":427},{"@type":"BreadcrumbList","@id":"https:\/\/news.ecclesia.org.br\/?p=4335#breadcrumb","itemListElement":[{"@type":"ListItem","position":1,"name":"In\u00edcio","item":"https:\/\/news.ecclesia.org.br\/"},{"@type":"ListItem","position":2,"name":"R\u00fassia: descobertos no Kremlin dois \u00edcones, um de Cristo Salvador e outro de S\u00e3o Nicolau de Mira, ocultados pelos bolcheviques"}]},{"@type":"WebSite","@id":"https:\/\/news.ecclesia.org.br\/#website","url":"https:\/\/news.ecclesia.org.br\/","name":"Ecclesia Brasil","description":"Desde 2003 onectando o Brasil ao mundo ortodoxo!","publisher":{"@id":"https:\/\/news.ecclesia.org.br\/#organization"},"alternateName":"Ecclesia","potentialAction":[{"@type":"SearchAction","target":{"@type":"EntryPoint","urlTemplate":"https:\/\/news.ecclesia.org.br\/?s={search_term_string}"},"query-input":{"@type":"PropertyValueSpecification","valueRequired":true,"valueName":"search_term_string"}}],"inLanguage":"pt-BR"},{"@type":"Organization","@id":"https:\/\/news.ecclesia.org.br\/#organization","name":"Sacra Arquidiocese de Buenos Aires e Am\u00e9rica do Sul | Patriarcado Ecum\u00eanico","alternateName":"News Ecclesia Brasil","url":"https:\/\/news.ecclesia.org.br\/","logo":{"@type":"ImageObject","inLanguage":"pt-BR","@id":"https:\/\/news.ecclesia.org.br\/#\/schema\/logo\/image\/","url":"https:\/\/news.ecclesia.org.br\/wp-content\/uploads\/2025\/05\/ecclesia2.png","contentUrl":"https:\/\/news.ecclesia.org.br\/wp-content\/uploads\/2025\/05\/ecclesia2.png","width":480,"height":120,"caption":"Sacra Arquidiocese de Buenos Aires e Am\u00e9rica do Sul | Patriarcado Ecum\u00eanico"},"image":{"@id":"https:\/\/news.ecclesia.org.br\/#\/schema\/logo\/image\/"},"sameAs":["https:\/\/www.facebook.com\/Ecclesia2025","https:\/\/x.com\/EcclesiaNews","https:\/\/br.pinterest.com\/ekklisia\/","https:\/\/www.youtube.com\/@EcclesiaBrasil"]},{"@type":"Person","@id":"https:\/\/news.ecclesia.org.br\/#\/schema\/person\/6f09597f025829745ba414a569f63758","name":"Pe. Andr\u00e9","image":{"@type":"ImageObject","inLanguage":"pt-BR","@id":"https:\/\/secure.gravatar.com\/avatar\/b4327cfa27e9799da239a26adcd534fc29cdc0c4a4a148eecbcfeb9b42c617ac?s=96&d=mm&r=g","url":"https:\/\/secure.gravatar.com\/avatar\/b4327cfa27e9799da239a26adcd534fc29cdc0c4a4a148eecbcfeb9b42c617ac?s=96&d=mm&r=g","contentUrl":"https:\/\/secure.gravatar.com\/avatar\/b4327cfa27e9799da239a26adcd534fc29cdc0c4a4a148eecbcfeb9b42c617ac?s=96&d=mm&r=g","caption":"Pe. Andr\u00e9"},"sameAs":["https:\/\/www.ecclesia.org.br"]}]}},"_links":{"self":[{"href":"https:\/\/news.ecclesia.org.br\/index.php?rest_route=\/wp\/v2\/posts\/4335","targetHints":{"allow":["GET"]}}],"collection":[{"href":"https:\/\/news.ecclesia.org.br\/index.php?rest_route=\/wp\/v2\/posts"}],"about":[{"href":"https:\/\/news.ecclesia.org.br\/index.php?rest_route=\/wp\/v2\/types\/post"}],"author":[{"embeddable":true,"href":"https:\/\/news.ecclesia.org.br\/index.php?rest_route=\/wp\/v2\/users\/1"}],"replies":[{"embeddable":true,"href":"https:\/\/news.ecclesia.org.br\/index.php?rest_route=%2Fwp%2Fv2%2Fcomments&post=4335"}],"version-history":[{"count":0,"href":"https:\/\/news.ecclesia.org.br\/index.php?rest_route=\/wp\/v2\/posts\/4335\/revisions"}],"wp:featuredmedia":[{"embeddable":true,"href":"https:\/\/news.ecclesia.org.br\/index.php?rest_route=\/wp\/v2\/media\/15877"}],"wp:attachment":[{"href":"https:\/\/news.ecclesia.org.br\/index.php?rest_route=%2Fwp%2Fv2%2Fmedia&parent=4335"}],"wp:term":[{"taxonomy":"category","embeddable":true,"href":"https:\/\/news.ecclesia.org.br\/index.php?rest_route=%2Fwp%2Fv2%2Fcategories&post=4335"},{"taxonomy":"post_tag","embeddable":true,"href":"https:\/\/news.ecclesia.org.br\/index.php?rest_route=%2Fwp%2Fv2%2Ftags&post=4335"}],"curies":[{"name":"wp","href":"https:\/\/api.w.org\/{rel}","templated":true}]}}