{"id":4308,"date":"2010-05-23T19:52:44","date_gmt":"2010-05-23T21:52:44","guid":{"rendered":"http:\/\/www.ecclesia.com.br\/news\/?p=4308"},"modified":"2016-03-16T19:57:56","modified_gmt":"2016-03-16T19:57:56","slug":"uma-interpretacao-iconografica-do-dogma-trinitario","status":"publish","type":"post","link":"https:\/\/news.ecclesia.org.br\/?p=4308","title":{"rendered":"Uma Interpreta\u00e7\u00e3o Iconogr\u00e1fica do Dogma Trinit\u00e1rio"},"content":{"rendered":"<p style=\"text-align: justify;\">Iniciada a publica\u00e7\u00e3o de <a href=\"http:\/\/www.ecclesia.com.br\/biblioteca\/iconografia\/uma-interpretacao-iconografica-do-dogma-da-trindade.html\">\u00abUma Interpreta\u00e7\u00e3o Iconogr\u00e1fica do Dogma Trinit\u00e1rio\u00bb<\/a> na se\u00e7\u00e3o <a href=\"http:\/\/www.ecclesia.com.br\/biblioteca\/iconografia\/index.html\">ICONOGRAFIA <\/a>da <a href=\"http:\/\/www.ecclesia.com.br\/biblioteca\/index.html\">Biblioteca <\/a>ECCLESIA de autoria do Ir. Michel Fares Breidi, Mosteiro da Esperan\u00e7a, S\u00e3o Paulo.<\/p>\n<p><strong>INTRODU\u00c7\u00c3O<\/strong>:<\/p>\n<blockquote>\n<p style=\"text-align: justify;\"><em>Esta obra \u00abInterpreta\u00e7\u00e3o Iconogr\u00e1fica do Dogma Trinit\u00e1rio\u00bb, e subt\u00edtulo \u00abA Ceia de Abr\u00e3o\u00bb, apresenta um esfor\u00e7o para proferir explica\u00e7\u00f5es tentando eliminar muitas d\u00favidas a respeito da teologia iconogr\u00e1fica. Para isso nada melhor que esclarecer essas d\u00favidas atrav\u00e9s da realidade eclesial e das fontes mais tradicionais e antigas da hist\u00f3ria do Cristianismo como os relatos do Antigo e Novo Testamento e da Patr\u00edstica, expressando-as de uma maneira nova. Para que isso aconte\u00e7a escolhi aprofundar e compreender a realidade divina atrav\u00e9s do \u00edcone da Sant\u00edssima Trindade, a obra de Andrei Rublev. \u00c9 preciso saber quem foi esse escritor de \u00edcones, sua vida e qual foi a causa de sua motiva\u00e7\u00e3o, o que \u00e9 um \u00edcone e quais s\u00e3o os est\u00e1gios at\u00e9 chegar ao que nos transporta e nos faz refletir no seu conte\u00fado nos induzindo a encontrar com o seu maior protagonista e autor, Deus [&#8230;] <\/em><\/p>\n<\/blockquote>\n<p style=\"text-align: justify;\">Acompanhe <a href=\"http:\/\/www.ecclesia.com.br\/biblioteca\/iconografia\/uma-interpretacao-iconografica-do-dogma-da-trindade.html\">AQUI <\/a>a publica\u00e7\u00e3o desta obra.<\/p>\n","protected":false},"excerpt":{"rendered":"<p>Iniciada a publica\u00e7\u00e3o de \u00abUma Interpreta\u00e7\u00e3o Iconogr\u00e1fica do Dogma Trinit\u00e1rio\u00bb na se\u00e7\u00e3o ICONOGRAFIA da Biblioteca ECCLESIA de autoria do Ir. Michel Fares Breidi, Mosteiro da Esperan\u00e7a, S\u00e3o Paulo. INTRODU\u00c7\u00c3O: Esta obra \u00abInterpreta\u00e7\u00e3o Iconogr\u00e1fica do Dogma Trinit\u00e1rio\u00bb, e subt\u00edtulo \u00abA Ceia&#8230;<\/p>\n","protected":false},"author":1,"featured_media":0,"comment_status":"open","ping_status":"open","sticky":false,"template":"","format":"standard","meta":{"_acf_changed":false,"footnotes":""},"categories":[1],"tags":[],"class_list":["post-4308","post","type-post","status-publish","format-standard","hentry","category-news","entry","rows-excerpt"],"acf":[],"yoast_head":"<!-- This site is optimized with the Yoast SEO plugin v27.5 - https:\/\/yoast.com\/product\/yoast-seo-wordpress\/ -->\n<title>Uma Interpreta\u00e7\u00e3o Iconogr\u00e1fica do Dogma Trinit\u00e1rio | ECCLESIA NEWS<\/title>\n<meta name=\"robots\" content=\"index, follow, max-snippet:-1, max-image-preview:large, max-video-preview:-1\" \/>\n<link rel=\"canonical\" href=\"https:\/\/news.ecclesia.org.br\/?p=4308\" \/>\n<meta property=\"og:locale\" content=\"pt_BR\" \/>\n<meta property=\"og:type\" content=\"article\" \/>\n<meta property=\"og:title\" content=\"Uma Interpreta\u00e7\u00e3o Iconogr\u00e1fica do Dogma Trinit\u00e1rio | ECCLESIA NEWS\" \/>\n<meta property=\"og:description\" content=\"Iniciada a publica\u00e7\u00e3o de \u00abUma Interpreta\u00e7\u00e3o Iconogr\u00e1fica do Dogma Trinit\u00e1rio\u00bb na se\u00e7\u00e3o ICONOGRAFIA da Biblioteca ECCLESIA de autoria do Ir. Michel Fares Breidi, Mosteiro da Esperan\u00e7a, S\u00e3o Paulo. INTRODU\u00c7\u00c3O: Esta obra \u00abInterpreta\u00e7\u00e3o Iconogr\u00e1fica do Dogma Trinit\u00e1rio\u00bb, e subt\u00edtulo \u00abA Ceia&#8230;\" \/>\n<meta property=\"og:url\" content=\"https:\/\/news.ecclesia.org.br\/?p=4308\" \/>\n<meta property=\"og:site_name\" content=\"ECCLESIA NEWS\" \/>\n<meta property=\"article:publisher\" content=\"https:\/\/www.facebook.com\/Ecclesia2025\" \/>\n<meta property=\"article:published_time\" content=\"2010-05-23T21:52:44+00:00\" \/>\n<meta property=\"article:modified_time\" content=\"2016-03-16T19:57:56+00:00\" \/>\n<meta property=\"og:image\" content=\"https:\/\/news.ecclesia.org.br\/wp-content\/uploads\/2025\/05\/ecclesia2.png\" \/>\n\t<meta property=\"og:image:width\" content=\"480\" \/>\n\t<meta property=\"og:image:height\" content=\"120\" \/>\n\t<meta property=\"og:image:type\" content=\"image\/png\" \/>\n<meta name=\"author\" content=\"Pe. Andr\u00e9\" \/>\n<meta name=\"twitter:card\" content=\"summary_large_image\" \/>\n<meta name=\"twitter:creator\" content=\"@EcclesiaNews\" \/>\n<meta name=\"twitter:site\" content=\"@EcclesiaNews\" \/>\n<meta name=\"twitter:label1\" content=\"Escrito por\" \/>\n\t<meta name=\"twitter:data1\" content=\"Pe. Andr\u00e9\" \/>\n\t<meta name=\"twitter:label2\" content=\"Est. tempo de leitura\" \/>\n\t<meta name=\"twitter:data2\" content=\"1 minuto\" \/>\n<script type=\"application\/ld+json\" class=\"yoast-schema-graph\">{\"@context\":\"https:\\\/\\\/schema.org\",\"@graph\":[{\"@type\":\"Article\",\"@id\":\"https:\\\/\\\/news.ecclesia.org.br\\\/?p=4308#article\",\"isPartOf\":{\"@id\":\"https:\\\/\\\/news.ecclesia.org.br\\\/?p=4308\"},\"author\":{\"name\":\"Pe. Andr\u00e9\",\"@id\":\"https:\\\/\\\/news.ecclesia.org.br\\\/#\\\/schema\\\/person\\\/6f09597f025829745ba414a569f63758\"},\"headline\":\"Uma Interpreta\u00e7\u00e3o Iconogr\u00e1fica do Dogma Trinit\u00e1rio\",\"datePublished\":\"2010-05-23T21:52:44+00:00\",\"dateModified\":\"2016-03-16T19:57:56+00:00\",\"mainEntityOfPage\":{\"@id\":\"https:\\\/\\\/news.ecclesia.org.br\\\/?p=4308\"},\"wordCount\":214,\"commentCount\":0,\"publisher\":{\"@id\":\"https:\\\/\\\/news.ecclesia.org.br\\\/#organization\"},\"articleSection\":[\"NEWS\"],\"inLanguage\":\"pt-BR\",\"potentialAction\":[{\"@type\":\"CommentAction\",\"name\":\"Comment\",\"target\":[\"https:\\\/\\\/news.ecclesia.org.br\\\/?p=4308#respond\"]}]},{\"@type\":\"WebPage\",\"@id\":\"https:\\\/\\\/news.ecclesia.org.br\\\/?p=4308\",\"url\":\"https:\\\/\\\/news.ecclesia.org.br\\\/?p=4308\",\"name\":\"Uma Interpreta\u00e7\u00e3o Iconogr\u00e1fica do Dogma Trinit\u00e1rio | ECCLESIA NEWS\",\"isPartOf\":{\"@id\":\"https:\\\/\\\/news.ecclesia.org.br\\\/#website\"},\"datePublished\":\"2010-05-23T21:52:44+00:00\",\"dateModified\":\"2016-03-16T19:57:56+00:00\",\"breadcrumb\":{\"@id\":\"https:\\\/\\\/news.ecclesia.org.br\\\/?p=4308#breadcrumb\"},\"inLanguage\":\"pt-BR\",\"potentialAction\":[{\"@type\":\"ReadAction\",\"target\":[\"https:\\\/\\\/news.ecclesia.org.br\\\/?p=4308\"]}]},{\"@type\":\"BreadcrumbList\",\"@id\":\"https:\\\/\\\/news.ecclesia.org.br\\\/?p=4308#breadcrumb\",\"itemListElement\":[{\"@type\":\"ListItem\",\"position\":1,\"name\":\"In\u00edcio\",\"item\":\"https:\\\/\\\/news.ecclesia.org.br\\\/\"},{\"@type\":\"ListItem\",\"position\":2,\"name\":\"Uma Interpreta\u00e7\u00e3o Iconogr\u00e1fica do Dogma Trinit\u00e1rio\"}]},{\"@type\":\"WebSite\",\"@id\":\"https:\\\/\\\/news.ecclesia.org.br\\\/#website\",\"url\":\"https:\\\/\\\/news.ecclesia.org.br\\\/\",\"name\":\"Ecclesia Brasil\",\"description\":\"Desde 2003 onectando o Brasil ao mundo ortodoxo!\",\"publisher\":{\"@id\":\"https:\\\/\\\/news.ecclesia.org.br\\\/#organization\"},\"alternateName\":\"Ecclesia\",\"potentialAction\":[{\"@type\":\"SearchAction\",\"target\":{\"@type\":\"EntryPoint\",\"urlTemplate\":\"https:\\\/\\\/news.ecclesia.org.br\\\/?s={search_term_string}\"},\"query-input\":{\"@type\":\"PropertyValueSpecification\",\"valueRequired\":true,\"valueName\":\"search_term_string\"}}],\"inLanguage\":\"pt-BR\"},{\"@type\":\"Organization\",\"@id\":\"https:\\\/\\\/news.ecclesia.org.br\\\/#organization\",\"name\":\"Sacra Arquidiocese de Buenos Aires e Am\u00e9rica do Sul | Patriarcado Ecum\u00eanico\",\"alternateName\":\"News Ecclesia Brasil\",\"url\":\"https:\\\/\\\/news.ecclesia.org.br\\\/\",\"logo\":{\"@type\":\"ImageObject\",\"inLanguage\":\"pt-BR\",\"@id\":\"https:\\\/\\\/news.ecclesia.org.br\\\/#\\\/schema\\\/logo\\\/image\\\/\",\"url\":\"https:\\\/\\\/news.ecclesia.org.br\\\/wp-content\\\/uploads\\\/2025\\\/05\\\/ecclesia2.png\",\"contentUrl\":\"https:\\\/\\\/news.ecclesia.org.br\\\/wp-content\\\/uploads\\\/2025\\\/05\\\/ecclesia2.png\",\"width\":480,\"height\":120,\"caption\":\"Sacra Arquidiocese de Buenos Aires e Am\u00e9rica do Sul | Patriarcado Ecum\u00eanico\"},\"image\":{\"@id\":\"https:\\\/\\\/news.ecclesia.org.br\\\/#\\\/schema\\\/logo\\\/image\\\/\"},\"sameAs\":[\"https:\\\/\\\/www.facebook.com\\\/Ecclesia2025\",\"https:\\\/\\\/x.com\\\/EcclesiaNews\",\"https:\\\/\\\/br.pinterest.com\\\/ekklisia\\\/\",\"https:\\\/\\\/www.youtube.com\\\/@EcclesiaBrasil\"]},{\"@type\":\"Person\",\"@id\":\"https:\\\/\\\/news.ecclesia.org.br\\\/#\\\/schema\\\/person\\\/6f09597f025829745ba414a569f63758\",\"name\":\"Pe. Andr\u00e9\",\"image\":{\"@type\":\"ImageObject\",\"inLanguage\":\"pt-BR\",\"@id\":\"https:\\\/\\\/secure.gravatar.com\\\/avatar\\\/b4327cfa27e9799da239a26adcd534fc29cdc0c4a4a148eecbcfeb9b42c617ac?s=96&d=mm&r=g\",\"url\":\"https:\\\/\\\/secure.gravatar.com\\\/avatar\\\/b4327cfa27e9799da239a26adcd534fc29cdc0c4a4a148eecbcfeb9b42c617ac?s=96&d=mm&r=g\",\"contentUrl\":\"https:\\\/\\\/secure.gravatar.com\\\/avatar\\\/b4327cfa27e9799da239a26adcd534fc29cdc0c4a4a148eecbcfeb9b42c617ac?s=96&d=mm&r=g\",\"caption\":\"Pe. Andr\u00e9\"},\"sameAs\":[\"https:\\\/\\\/www.ecclesia.org.br\"]}]}<\/script>\n<!-- \/ Yoast SEO plugin. -->","yoast_head_json":{"title":"Uma Interpreta\u00e7\u00e3o Iconogr\u00e1fica do Dogma Trinit\u00e1rio | ECCLESIA NEWS","robots":{"index":"index","follow":"follow","max-snippet":"max-snippet:-1","max-image-preview":"max-image-preview:large","max-video-preview":"max-video-preview:-1"},"canonical":"https:\/\/news.ecclesia.org.br\/?p=4308","og_locale":"pt_BR","og_type":"article","og_title":"Uma Interpreta\u00e7\u00e3o Iconogr\u00e1fica do Dogma Trinit\u00e1rio | ECCLESIA NEWS","og_description":"Iniciada a publica\u00e7\u00e3o de \u00abUma Interpreta\u00e7\u00e3o Iconogr\u00e1fica do Dogma Trinit\u00e1rio\u00bb na se\u00e7\u00e3o ICONOGRAFIA da Biblioteca ECCLESIA de autoria do Ir. Michel Fares Breidi, Mosteiro da Esperan\u00e7a, S\u00e3o Paulo. INTRODU\u00c7\u00c3O: Esta obra \u00abInterpreta\u00e7\u00e3o Iconogr\u00e1fica do Dogma Trinit\u00e1rio\u00bb, e subt\u00edtulo \u00abA Ceia&#8230;","og_url":"https:\/\/news.ecclesia.org.br\/?p=4308","og_site_name":"ECCLESIA NEWS","article_publisher":"https:\/\/www.facebook.com\/Ecclesia2025","article_published_time":"2010-05-23T21:52:44+00:00","article_modified_time":"2016-03-16T19:57:56+00:00","og_image":[{"width":480,"height":120,"url":"https:\/\/news.ecclesia.org.br\/wp-content\/uploads\/2025\/05\/ecclesia2.png","type":"image\/png"}],"author":"Pe. Andr\u00e9","twitter_card":"summary_large_image","twitter_creator":"@EcclesiaNews","twitter_site":"@EcclesiaNews","twitter_misc":{"Escrito por":"Pe. Andr\u00e9","Est. tempo de leitura":"1 minuto"},"schema":{"@context":"https:\/\/schema.org","@graph":[{"@type":"Article","@id":"https:\/\/news.ecclesia.org.br\/?p=4308#article","isPartOf":{"@id":"https:\/\/news.ecclesia.org.br\/?p=4308"},"author":{"name":"Pe. Andr\u00e9","@id":"https:\/\/news.ecclesia.org.br\/#\/schema\/person\/6f09597f025829745ba414a569f63758"},"headline":"Uma Interpreta\u00e7\u00e3o Iconogr\u00e1fica do Dogma Trinit\u00e1rio","datePublished":"2010-05-23T21:52:44+00:00","dateModified":"2016-03-16T19:57:56+00:00","mainEntityOfPage":{"@id":"https:\/\/news.ecclesia.org.br\/?p=4308"},"wordCount":214,"commentCount":0,"publisher":{"@id":"https:\/\/news.ecclesia.org.br\/#organization"},"articleSection":["NEWS"],"inLanguage":"pt-BR","potentialAction":[{"@type":"CommentAction","name":"Comment","target":["https:\/\/news.ecclesia.org.br\/?p=4308#respond"]}]},{"@type":"WebPage","@id":"https:\/\/news.ecclesia.org.br\/?p=4308","url":"https:\/\/news.ecclesia.org.br\/?p=4308","name":"Uma Interpreta\u00e7\u00e3o Iconogr\u00e1fica do Dogma Trinit\u00e1rio | ECCLESIA NEWS","isPartOf":{"@id":"https:\/\/news.ecclesia.org.br\/#website"},"datePublished":"2010-05-23T21:52:44+00:00","dateModified":"2016-03-16T19:57:56+00:00","breadcrumb":{"@id":"https:\/\/news.ecclesia.org.br\/?p=4308#breadcrumb"},"inLanguage":"pt-BR","potentialAction":[{"@type":"ReadAction","target":["https:\/\/news.ecclesia.org.br\/?p=4308"]}]},{"@type":"BreadcrumbList","@id":"https:\/\/news.ecclesia.org.br\/?p=4308#breadcrumb","itemListElement":[{"@type":"ListItem","position":1,"name":"In\u00edcio","item":"https:\/\/news.ecclesia.org.br\/"},{"@type":"ListItem","position":2,"name":"Uma Interpreta\u00e7\u00e3o Iconogr\u00e1fica do Dogma Trinit\u00e1rio"}]},{"@type":"WebSite","@id":"https:\/\/news.ecclesia.org.br\/#website","url":"https:\/\/news.ecclesia.org.br\/","name":"Ecclesia Brasil","description":"Desde 2003 onectando o Brasil ao mundo ortodoxo!","publisher":{"@id":"https:\/\/news.ecclesia.org.br\/#organization"},"alternateName":"Ecclesia","potentialAction":[{"@type":"SearchAction","target":{"@type":"EntryPoint","urlTemplate":"https:\/\/news.ecclesia.org.br\/?s={search_term_string}"},"query-input":{"@type":"PropertyValueSpecification","valueRequired":true,"valueName":"search_term_string"}}],"inLanguage":"pt-BR"},{"@type":"Organization","@id":"https:\/\/news.ecclesia.org.br\/#organization","name":"Sacra Arquidiocese de Buenos Aires e Am\u00e9rica do Sul | Patriarcado Ecum\u00eanico","alternateName":"News Ecclesia Brasil","url":"https:\/\/news.ecclesia.org.br\/","logo":{"@type":"ImageObject","inLanguage":"pt-BR","@id":"https:\/\/news.ecclesia.org.br\/#\/schema\/logo\/image\/","url":"https:\/\/news.ecclesia.org.br\/wp-content\/uploads\/2025\/05\/ecclesia2.png","contentUrl":"https:\/\/news.ecclesia.org.br\/wp-content\/uploads\/2025\/05\/ecclesia2.png","width":480,"height":120,"caption":"Sacra Arquidiocese de Buenos Aires e Am\u00e9rica do Sul | Patriarcado Ecum\u00eanico"},"image":{"@id":"https:\/\/news.ecclesia.org.br\/#\/schema\/logo\/image\/"},"sameAs":["https:\/\/www.facebook.com\/Ecclesia2025","https:\/\/x.com\/EcclesiaNews","https:\/\/br.pinterest.com\/ekklisia\/","https:\/\/www.youtube.com\/@EcclesiaBrasil"]},{"@type":"Person","@id":"https:\/\/news.ecclesia.org.br\/#\/schema\/person\/6f09597f025829745ba414a569f63758","name":"Pe. Andr\u00e9","image":{"@type":"ImageObject","inLanguage":"pt-BR","@id":"https:\/\/secure.gravatar.com\/avatar\/b4327cfa27e9799da239a26adcd534fc29cdc0c4a4a148eecbcfeb9b42c617ac?s=96&d=mm&r=g","url":"https:\/\/secure.gravatar.com\/avatar\/b4327cfa27e9799da239a26adcd534fc29cdc0c4a4a148eecbcfeb9b42c617ac?s=96&d=mm&r=g","contentUrl":"https:\/\/secure.gravatar.com\/avatar\/b4327cfa27e9799da239a26adcd534fc29cdc0c4a4a148eecbcfeb9b42c617ac?s=96&d=mm&r=g","caption":"Pe. Andr\u00e9"},"sameAs":["https:\/\/www.ecclesia.org.br"]}]}},"_links":{"self":[{"href":"https:\/\/news.ecclesia.org.br\/index.php?rest_route=\/wp\/v2\/posts\/4308","targetHints":{"allow":["GET"]}}],"collection":[{"href":"https:\/\/news.ecclesia.org.br\/index.php?rest_route=\/wp\/v2\/posts"}],"about":[{"href":"https:\/\/news.ecclesia.org.br\/index.php?rest_route=\/wp\/v2\/types\/post"}],"author":[{"embeddable":true,"href":"https:\/\/news.ecclesia.org.br\/index.php?rest_route=\/wp\/v2\/users\/1"}],"replies":[{"embeddable":true,"href":"https:\/\/news.ecclesia.org.br\/index.php?rest_route=%2Fwp%2Fv2%2Fcomments&post=4308"}],"version-history":[{"count":0,"href":"https:\/\/news.ecclesia.org.br\/index.php?rest_route=\/wp\/v2\/posts\/4308\/revisions"}],"wp:attachment":[{"href":"https:\/\/news.ecclesia.org.br\/index.php?rest_route=%2Fwp%2Fv2%2Fmedia&parent=4308"}],"wp:term":[{"taxonomy":"category","embeddable":true,"href":"https:\/\/news.ecclesia.org.br\/index.php?rest_route=%2Fwp%2Fv2%2Fcategories&post=4308"},{"taxonomy":"post_tag","embeddable":true,"href":"https:\/\/news.ecclesia.org.br\/index.php?rest_route=%2Fwp%2Fv2%2Ftags&post=4308"}],"curies":[{"name":"wp","href":"https:\/\/api.w.org\/{rel}","templated":true}]}}