{"id":4266,"date":"2010-05-21T01:31:25","date_gmt":"2010-05-21T03:31:25","guid":{"rendered":"http:\/\/www.ecclesia.com.br\/news\/?p=4266"},"modified":"2016-03-16T20:12:34","modified_gmt":"2016-03-16T20:12:34","slug":"cultura-ponto-em-comum-para-dialogo-como-ortodoxos","status":"publish","type":"post","link":"https:\/\/news.ecclesia.org.br\/?p=4266","title":{"rendered":"Cultura, ponto em comum para di\u00e1logo"},"content":{"rendered":"<p><strong>Iniciada hoje a Jornada de Cultura e Espiritualidade Russas no Vaticano<\/strong><\/p>\n<p align=\"right\">Por Carmen Elena Villa<\/p>\n<p style=\"text-align: justify;\">CIDADE DO VATICANO, quinta-feira, 20 de maio de 2010 (<a href=\"http:\/\/www.zenit.org\/\" target=\"_blank\">ZENIT.org<\/a>). &#8211; A cultura, a arte e a m\u00fasica se converteram num ponto de conflu\u00eancia indispens\u00e1vel para o di\u00e1logo entre cat\u00f3licos e ortodoxos. Por meio desta linguagem, \u00abpodemos dizer o que n\u00e3o pode ser expresso com palavras diplom\u00e1ticas ou pol\u00edticas\u00bb, disse o Arcebispo Ortodoxo Hilarion de Volokolamsk, presidente de Departamento de Rela\u00e7\u00f5es Exteriores do Patriarcado de Moscou. \u00ab\u00c9 poss\u00edvel vivenciar este di\u00e1logo em v\u00e1rios n\u00edveis, tamb\u00e9m com as pessoas simples\u00bb, assegurou o arcebispo ortodoxo. O prelado interveio em um encontro com jornalistas realizado na manh\u00e3 de quarta-feira, na sede do Conselho Pontif\u00edcio para a Cultura, a prop\u00f3sito da Jornada de Cultura e Espiritualidade Russas, que come\u00e7ou ontem no Vaticano. O evento \u00e9 promovido pelo Patriarcado de Moscou, pelo Conselho Pontif\u00edcio para a Promo\u00e7\u00e3o da Unidade dos Crist\u00e3os e pelo Conselho Pontif\u00edcio para a Cultura. Na quinta-feira, \u00e0s 18 horas, foi realizado um concerto em homenagem ao Papa Bento XVI na Sala Paulo VI do Vaticano, promovido pelo Patriarca Cirillo I, executado pela Orquestra Nacional Russa, o coral Sinodal de Moscou e o St. Petersburg kapella choir.<\/p>\n<p style=\"text-align: justify;\"><strong>NOVOS TEMPOS EXIGEM UM DI\u00c1LOGO ABERTO<\/strong><\/p>\n<p style=\"text-align: justify;\">O prelado disse que, tanto na Igreja Cat\u00f3lica como na Ortodoxa, \u00abcresce a consci\u00eancia de que s\u00e3o aliadas\u00bb, e acrescentou que as rivalidades do passado \u00abdevem permanecer l\u00e1, no passado\u00bb. Destacou como as mudan\u00e7as culturais exigem, cada vez mais, um di\u00e1logo aberto entre cat\u00f3licos e ortodoxos: \u00abHoje, h\u00e1 muitos casamentos mistos. \u00c9 comum encontrar ortodoxos e cat\u00f3licos juntos\u00bb. \u00abToda a cultura Russa est\u00e1 fundamentada numa heran\u00e7a crist\u00e3 &#8211; lembrou o arcebispo. Quando todas as atividades nos foram proibidas, a cultura nos possibilitou seguir adiante. Ouve-se com freq\u00fc\u00eancia a m\u00fasica espiritual russa na liturgia cat\u00f3lica, sem mencionar o n\u00famero de leitores de Dostoievski e outros autores russos\u00bb&#8221;, acrescentou.<\/p>\n<p style=\"text-align: justify;\"><strong>O ATUAL PONTIFICADO<\/strong><\/p>\n<p style=\"text-align: justify;\">Hilarion de Volokolamsk lembrou que, em v\u00e1rios setores da Igreja Ortodoxa, \u00aba elei\u00e7\u00e3o de Bento XVI foi acolhida de forma positiva\u00bb, especialmente por sua posi\u00e7\u00e3o \u00abfrente \u00e0s quest\u00f5es morais\u00bb; e assegurou que por parte dos ortodoxos \u00abh\u00e1 um compromisso em observar e promover os valores tradicionais\u00bb. No que se refere aos temas teol\u00f3gicos no \u00e2mbito do di\u00e1logo entre ortodoxos e cat\u00f3licos, o prelado assinalou que os debates ainda \u00abse prolongar\u00e3o por muito tempo\u00bb e que isso n\u00e3o pode \u00abcomprometer a colabora\u00e7\u00e3o em outros campos. Cada etapa do di\u00e1logo conclui com a elabora\u00e7\u00e3o de um texto no qual cat\u00f3licos e ortodoxos declaram algo juntos. \u00c9 importante que estes textos cheguem n\u00e3o apenas aos te\u00f3logos, mas tamb\u00e9m aos fi\u00e9is\u00bb, avaliou.<\/p>\n<p style=\"text-align: justify;\"><strong>SUPERAR AS DIFEREN\u00c7AS<\/strong><\/p>\n<p style=\"text-align: justify;\">O Cardeal Walter Kasper, presidente do Conselho Pontif\u00edcio para o Di\u00e1logo Inter-Religioso, assegurou, por sua vez, que a ocasi\u00e3o representa \u00abuma oportunidade para aprofundar em nova dimens\u00e3o nossas rela\u00e7\u00f5es ecum\u00eanicas. A triste separa\u00e7\u00e3o milenar entre o Oriente e o Ocidente n\u00e3o foi determinada somente por diferen\u00e7as teol\u00f3gicas ou conflitos pol\u00edticos &#8211; lembrou o purpurado -, mas principalmente pela dist\u00e2ncia e o isolamento cultural\u00bb, que se supera hoje \u00absob o signo da integra\u00e7\u00e3o cultural entre a Europa Ocidental e a Europa Oriental\u00bb. Esta dist\u00e2ncia, enfatizou, \u00abdeve ser superada n\u00e3o no sentido de uma homogeneiza\u00e7\u00e3o cultural, mas de um enriquecimento rec\u00edproco, uma comunh\u00e3o, n\u00e3o uma fus\u00e3o ou absor\u00e7\u00e3o\u00bb. Esta comunh\u00e3o pode representar \u00abum forte testemunho comum da riqueza da cultura europ\u00e9ia e de suas ra\u00edzes crist\u00e3s &#8211; hoje, lamentavelmente, questionadas ou rejeitadas por muitos\u00bb, concluiu.<\/p>\n<p style=\"text-align: center;\"><div id=\"galleria-4266\"><a href=\"https:\/\/news.ecclesia.org.br\/wp-content\/uploads\/2010\/05\/45-001.jpg\"><img decoding=\"async\" title=\"45-001\" alt=\"\" src=\"https:\/\/news.ecclesia.org.br\/wp-content\/uploads\/2010\/05\/45-001-82x55.jpg\" data-big=\"https:\/\/news.ecclesia.org.br\/wp-content\/uploads\/2010\/05\/45-001.jpg\"><\/a><a href=\"https:\/\/news.ecclesia.org.br\/wp-content\/uploads\/2010\/05\/45-002.jpg\"><img decoding=\"async\" title=\"45-002\" alt=\"\" src=\"https:\/\/news.ecclesia.org.br\/wp-content\/uploads\/2010\/05\/45-002-82x55.jpg\" data-big=\"https:\/\/news.ecclesia.org.br\/wp-content\/uploads\/2010\/05\/45-002.jpg\"><\/a><a href=\"https:\/\/news.ecclesia.org.br\/wp-content\/uploads\/2010\/05\/45-003.jpg\"><img decoding=\"async\" title=\"45-003\" alt=\"\" src=\"https:\/\/news.ecclesia.org.br\/wp-content\/uploads\/2010\/05\/45-003-82x55.jpg\" data-big=\"https:\/\/news.ecclesia.org.br\/wp-content\/uploads\/2010\/05\/45-003.jpg\"><\/a><a href=\"https:\/\/news.ecclesia.org.br\/wp-content\/uploads\/2010\/05\/45-38-010-730x1024.jpg\"><img decoding=\"async\" title=\"45-38-010\" alt=\"\" src=\"https:\/\/news.ecclesia.org.br\/wp-content\/uploads\/2010\/05\/45-38-010-39x55.jpg\" data-big=\"https:\/\/news.ecclesia.org.br\/wp-content\/uploads\/2010\/05\/45-38-010-730x1024.jpg\"><\/a><\/div><\/p>\n<p style=\"text-align: justify;\">\n","protected":false},"excerpt":{"rendered":"<p>Iniciada hoje a Jornada de Cultura e Espiritualidade Russas no Vaticano Por Carmen Elena Villa CIDADE DO VATICANO, quinta-feira, 20 de maio de 2010 (ZENIT.org). &#8211; A cultura, a arte e a m\u00fasica se converteram num ponto de conflu\u00eancia indispens\u00e1vel&#8230;<\/p>\n","protected":false},"author":1,"featured_media":15858,"comment_status":"open","ping_status":"open","sticky":false,"template":"","format":"standard","meta":{"_acf_changed":false,"footnotes":""},"categories":[1],"tags":[],"class_list":["post-4266","post","type-post","status-publish","format-standard","has-post-thumbnail","hentry","category-news","entry","rows-excerpt"],"acf":[],"yoast_head":"<!-- This site is optimized with the Yoast SEO plugin v27.5 - https:\/\/yoast.com\/product\/yoast-seo-wordpress\/ -->\n<title>Cultura, ponto em comum para di\u00e1logo | ECCLESIA NEWS<\/title>\n<meta name=\"robots\" content=\"index, follow, max-snippet:-1, max-image-preview:large, max-video-preview:-1\" \/>\n<link rel=\"canonical\" href=\"https:\/\/news.ecclesia.org.br\/?p=4266\" \/>\n<meta property=\"og:locale\" content=\"pt_BR\" \/>\n<meta property=\"og:type\" content=\"article\" \/>\n<meta property=\"og:title\" content=\"Cultura, ponto em comum para di\u00e1logo | ECCLESIA NEWS\" \/>\n<meta property=\"og:description\" content=\"Iniciada hoje a Jornada de Cultura e Espiritualidade Russas no Vaticano Por Carmen Elena Villa CIDADE DO VATICANO, quinta-feira, 20 de maio de 2010 (ZENIT.org). &#8211; A cultura, a arte e a m\u00fasica se converteram num ponto de conflu\u00eancia indispens\u00e1vel&#8230;\" \/>\n<meta property=\"og:url\" content=\"https:\/\/news.ecclesia.org.br\/?p=4266\" \/>\n<meta property=\"og:site_name\" content=\"ECCLESIA NEWS\" \/>\n<meta property=\"article:publisher\" content=\"https:\/\/www.facebook.com\/Ecclesia2025\" \/>\n<meta property=\"article:published_time\" content=\"2010-05-21T03:31:25+00:00\" \/>\n<meta property=\"article:modified_time\" content=\"2016-03-16T20:12:34+00:00\" \/>\n<meta property=\"og:image\" content=\"https:\/\/news.ecclesia.org.br\/wp-content\/uploads\/2010\/05\/45-003.jpg\" \/>\n\t<meta property=\"og:image:width\" content=\"640\" \/>\n\t<meta property=\"og:image:height\" content=\"427\" \/>\n\t<meta property=\"og:image:type\" content=\"image\/jpeg\" \/>\n<meta name=\"author\" content=\"Pe. Andr\u00e9\" \/>\n<meta name=\"twitter:card\" content=\"summary_large_image\" \/>\n<meta name=\"twitter:creator\" content=\"@EcclesiaNews\" \/>\n<meta name=\"twitter:site\" content=\"@EcclesiaNews\" \/>\n<meta name=\"twitter:label1\" content=\"Escrito por\" \/>\n\t<meta name=\"twitter:data1\" content=\"Pe. Andr\u00e9\" \/>\n\t<meta name=\"twitter:label2\" content=\"Est. tempo de leitura\" \/>\n\t<meta name=\"twitter:data2\" content=\"3 minutos\" \/>\n<script type=\"application\/ld+json\" class=\"yoast-schema-graph\">{\"@context\":\"https:\\\/\\\/schema.org\",\"@graph\":[{\"@type\":\"Article\",\"@id\":\"https:\\\/\\\/news.ecclesia.org.br\\\/?p=4266#article\",\"isPartOf\":{\"@id\":\"https:\\\/\\\/news.ecclesia.org.br\\\/?p=4266\"},\"author\":{\"name\":\"Pe. Andr\u00e9\",\"@id\":\"https:\\\/\\\/news.ecclesia.org.br\\\/#\\\/schema\\\/person\\\/6f09597f025829745ba414a569f63758\"},\"headline\":\"Cultura, ponto em comum para di\u00e1logo\",\"datePublished\":\"2010-05-21T03:31:25+00:00\",\"dateModified\":\"2016-03-16T20:12:34+00:00\",\"mainEntityOfPage\":{\"@id\":\"https:\\\/\\\/news.ecclesia.org.br\\\/?p=4266\"},\"wordCount\":651,\"commentCount\":0,\"publisher\":{\"@id\":\"https:\\\/\\\/news.ecclesia.org.br\\\/#organization\"},\"image\":{\"@id\":\"https:\\\/\\\/news.ecclesia.org.br\\\/?p=4266#primaryimage\"},\"thumbnailUrl\":\"https:\\\/\\\/news.ecclesia.org.br\\\/wp-content\\\/uploads\\\/2010\\\/05\\\/45-003.jpg\",\"articleSection\":[\"NEWS\"],\"inLanguage\":\"pt-BR\",\"potentialAction\":[{\"@type\":\"CommentAction\",\"name\":\"Comment\",\"target\":[\"https:\\\/\\\/news.ecclesia.org.br\\\/?p=4266#respond\"]}]},{\"@type\":\"WebPage\",\"@id\":\"https:\\\/\\\/news.ecclesia.org.br\\\/?p=4266\",\"url\":\"https:\\\/\\\/news.ecclesia.org.br\\\/?p=4266\",\"name\":\"Cultura, ponto em comum para di\u00e1logo | ECCLESIA NEWS\",\"isPartOf\":{\"@id\":\"https:\\\/\\\/news.ecclesia.org.br\\\/#website\"},\"primaryImageOfPage\":{\"@id\":\"https:\\\/\\\/news.ecclesia.org.br\\\/?p=4266#primaryimage\"},\"image\":{\"@id\":\"https:\\\/\\\/news.ecclesia.org.br\\\/?p=4266#primaryimage\"},\"thumbnailUrl\":\"https:\\\/\\\/news.ecclesia.org.br\\\/wp-content\\\/uploads\\\/2010\\\/05\\\/45-003.jpg\",\"datePublished\":\"2010-05-21T03:31:25+00:00\",\"dateModified\":\"2016-03-16T20:12:34+00:00\",\"breadcrumb\":{\"@id\":\"https:\\\/\\\/news.ecclesia.org.br\\\/?p=4266#breadcrumb\"},\"inLanguage\":\"pt-BR\",\"potentialAction\":[{\"@type\":\"ReadAction\",\"target\":[\"https:\\\/\\\/news.ecclesia.org.br\\\/?p=4266\"]}]},{\"@type\":\"ImageObject\",\"inLanguage\":\"pt-BR\",\"@id\":\"https:\\\/\\\/news.ecclesia.org.br\\\/?p=4266#primaryimage\",\"url\":\"https:\\\/\\\/news.ecclesia.org.br\\\/wp-content\\\/uploads\\\/2010\\\/05\\\/45-003.jpg\",\"contentUrl\":\"https:\\\/\\\/news.ecclesia.org.br\\\/wp-content\\\/uploads\\\/2010\\\/05\\\/45-003.jpg\",\"width\":640,\"height\":427},{\"@type\":\"BreadcrumbList\",\"@id\":\"https:\\\/\\\/news.ecclesia.org.br\\\/?p=4266#breadcrumb\",\"itemListElement\":[{\"@type\":\"ListItem\",\"position\":1,\"name\":\"In\u00edcio\",\"item\":\"https:\\\/\\\/news.ecclesia.org.br\\\/\"},{\"@type\":\"ListItem\",\"position\":2,\"name\":\"Cultura, ponto em comum para di\u00e1logo\"}]},{\"@type\":\"WebSite\",\"@id\":\"https:\\\/\\\/news.ecclesia.org.br\\\/#website\",\"url\":\"https:\\\/\\\/news.ecclesia.org.br\\\/\",\"name\":\"Ecclesia Brasil\",\"description\":\"Desde 2003 onectando o Brasil ao mundo ortodoxo!\",\"publisher\":{\"@id\":\"https:\\\/\\\/news.ecclesia.org.br\\\/#organization\"},\"alternateName\":\"Ecclesia\",\"potentialAction\":[{\"@type\":\"SearchAction\",\"target\":{\"@type\":\"EntryPoint\",\"urlTemplate\":\"https:\\\/\\\/news.ecclesia.org.br\\\/?s={search_term_string}\"},\"query-input\":{\"@type\":\"PropertyValueSpecification\",\"valueRequired\":true,\"valueName\":\"search_term_string\"}}],\"inLanguage\":\"pt-BR\"},{\"@type\":\"Organization\",\"@id\":\"https:\\\/\\\/news.ecclesia.org.br\\\/#organization\",\"name\":\"Sacra Arquidiocese de Buenos Aires e Am\u00e9rica do Sul | Patriarcado Ecum\u00eanico\",\"alternateName\":\"News Ecclesia Brasil\",\"url\":\"https:\\\/\\\/news.ecclesia.org.br\\\/\",\"logo\":{\"@type\":\"ImageObject\",\"inLanguage\":\"pt-BR\",\"@id\":\"https:\\\/\\\/news.ecclesia.org.br\\\/#\\\/schema\\\/logo\\\/image\\\/\",\"url\":\"https:\\\/\\\/news.ecclesia.org.br\\\/wp-content\\\/uploads\\\/2025\\\/05\\\/ecclesia2.png\",\"contentUrl\":\"https:\\\/\\\/news.ecclesia.org.br\\\/wp-content\\\/uploads\\\/2025\\\/05\\\/ecclesia2.png\",\"width\":480,\"height\":120,\"caption\":\"Sacra Arquidiocese de Buenos Aires e Am\u00e9rica do Sul | Patriarcado Ecum\u00eanico\"},\"image\":{\"@id\":\"https:\\\/\\\/news.ecclesia.org.br\\\/#\\\/schema\\\/logo\\\/image\\\/\"},\"sameAs\":[\"https:\\\/\\\/www.facebook.com\\\/Ecclesia2025\",\"https:\\\/\\\/x.com\\\/EcclesiaNews\",\"https:\\\/\\\/br.pinterest.com\\\/ekklisia\\\/\",\"https:\\\/\\\/www.youtube.com\\\/@EcclesiaBrasil\"]},{\"@type\":\"Person\",\"@id\":\"https:\\\/\\\/news.ecclesia.org.br\\\/#\\\/schema\\\/person\\\/6f09597f025829745ba414a569f63758\",\"name\":\"Pe. Andr\u00e9\",\"image\":{\"@type\":\"ImageObject\",\"inLanguage\":\"pt-BR\",\"@id\":\"https:\\\/\\\/secure.gravatar.com\\\/avatar\\\/b4327cfa27e9799da239a26adcd534fc29cdc0c4a4a148eecbcfeb9b42c617ac?s=96&d=mm&r=g\",\"url\":\"https:\\\/\\\/secure.gravatar.com\\\/avatar\\\/b4327cfa27e9799da239a26adcd534fc29cdc0c4a4a148eecbcfeb9b42c617ac?s=96&d=mm&r=g\",\"contentUrl\":\"https:\\\/\\\/secure.gravatar.com\\\/avatar\\\/b4327cfa27e9799da239a26adcd534fc29cdc0c4a4a148eecbcfeb9b42c617ac?s=96&d=mm&r=g\",\"caption\":\"Pe. Andr\u00e9\"},\"sameAs\":[\"https:\\\/\\\/www.ecclesia.org.br\"]}]}<\/script>\n<!-- \/ Yoast SEO plugin. -->","yoast_head_json":{"title":"Cultura, ponto em comum para di\u00e1logo | ECCLESIA NEWS","robots":{"index":"index","follow":"follow","max-snippet":"max-snippet:-1","max-image-preview":"max-image-preview:large","max-video-preview":"max-video-preview:-1"},"canonical":"https:\/\/news.ecclesia.org.br\/?p=4266","og_locale":"pt_BR","og_type":"article","og_title":"Cultura, ponto em comum para di\u00e1logo | ECCLESIA NEWS","og_description":"Iniciada hoje a Jornada de Cultura e Espiritualidade Russas no Vaticano Por Carmen Elena Villa CIDADE DO VATICANO, quinta-feira, 20 de maio de 2010 (ZENIT.org). &#8211; A cultura, a arte e a m\u00fasica se converteram num ponto de conflu\u00eancia indispens\u00e1vel&#8230;","og_url":"https:\/\/news.ecclesia.org.br\/?p=4266","og_site_name":"ECCLESIA NEWS","article_publisher":"https:\/\/www.facebook.com\/Ecclesia2025","article_published_time":"2010-05-21T03:31:25+00:00","article_modified_time":"2016-03-16T20:12:34+00:00","og_image":[{"width":640,"height":427,"url":"https:\/\/news.ecclesia.org.br\/wp-content\/uploads\/2010\/05\/45-003.jpg","type":"image\/jpeg"}],"author":"Pe. Andr\u00e9","twitter_card":"summary_large_image","twitter_creator":"@EcclesiaNews","twitter_site":"@EcclesiaNews","twitter_misc":{"Escrito por":"Pe. Andr\u00e9","Est. tempo de leitura":"3 minutos"},"schema":{"@context":"https:\/\/schema.org","@graph":[{"@type":"Article","@id":"https:\/\/news.ecclesia.org.br\/?p=4266#article","isPartOf":{"@id":"https:\/\/news.ecclesia.org.br\/?p=4266"},"author":{"name":"Pe. Andr\u00e9","@id":"https:\/\/news.ecclesia.org.br\/#\/schema\/person\/6f09597f025829745ba414a569f63758"},"headline":"Cultura, ponto em comum para di\u00e1logo","datePublished":"2010-05-21T03:31:25+00:00","dateModified":"2016-03-16T20:12:34+00:00","mainEntityOfPage":{"@id":"https:\/\/news.ecclesia.org.br\/?p=4266"},"wordCount":651,"commentCount":0,"publisher":{"@id":"https:\/\/news.ecclesia.org.br\/#organization"},"image":{"@id":"https:\/\/news.ecclesia.org.br\/?p=4266#primaryimage"},"thumbnailUrl":"https:\/\/news.ecclesia.org.br\/wp-content\/uploads\/2010\/05\/45-003.jpg","articleSection":["NEWS"],"inLanguage":"pt-BR","potentialAction":[{"@type":"CommentAction","name":"Comment","target":["https:\/\/news.ecclesia.org.br\/?p=4266#respond"]}]},{"@type":"WebPage","@id":"https:\/\/news.ecclesia.org.br\/?p=4266","url":"https:\/\/news.ecclesia.org.br\/?p=4266","name":"Cultura, ponto em comum para di\u00e1logo | ECCLESIA NEWS","isPartOf":{"@id":"https:\/\/news.ecclesia.org.br\/#website"},"primaryImageOfPage":{"@id":"https:\/\/news.ecclesia.org.br\/?p=4266#primaryimage"},"image":{"@id":"https:\/\/news.ecclesia.org.br\/?p=4266#primaryimage"},"thumbnailUrl":"https:\/\/news.ecclesia.org.br\/wp-content\/uploads\/2010\/05\/45-003.jpg","datePublished":"2010-05-21T03:31:25+00:00","dateModified":"2016-03-16T20:12:34+00:00","breadcrumb":{"@id":"https:\/\/news.ecclesia.org.br\/?p=4266#breadcrumb"},"inLanguage":"pt-BR","potentialAction":[{"@type":"ReadAction","target":["https:\/\/news.ecclesia.org.br\/?p=4266"]}]},{"@type":"ImageObject","inLanguage":"pt-BR","@id":"https:\/\/news.ecclesia.org.br\/?p=4266#primaryimage","url":"https:\/\/news.ecclesia.org.br\/wp-content\/uploads\/2010\/05\/45-003.jpg","contentUrl":"https:\/\/news.ecclesia.org.br\/wp-content\/uploads\/2010\/05\/45-003.jpg","width":640,"height":427},{"@type":"BreadcrumbList","@id":"https:\/\/news.ecclesia.org.br\/?p=4266#breadcrumb","itemListElement":[{"@type":"ListItem","position":1,"name":"In\u00edcio","item":"https:\/\/news.ecclesia.org.br\/"},{"@type":"ListItem","position":2,"name":"Cultura, ponto em comum para di\u00e1logo"}]},{"@type":"WebSite","@id":"https:\/\/news.ecclesia.org.br\/#website","url":"https:\/\/news.ecclesia.org.br\/","name":"Ecclesia Brasil","description":"Desde 2003 onectando o Brasil ao mundo ortodoxo!","publisher":{"@id":"https:\/\/news.ecclesia.org.br\/#organization"},"alternateName":"Ecclesia","potentialAction":[{"@type":"SearchAction","target":{"@type":"EntryPoint","urlTemplate":"https:\/\/news.ecclesia.org.br\/?s={search_term_string}"},"query-input":{"@type":"PropertyValueSpecification","valueRequired":true,"valueName":"search_term_string"}}],"inLanguage":"pt-BR"},{"@type":"Organization","@id":"https:\/\/news.ecclesia.org.br\/#organization","name":"Sacra Arquidiocese de Buenos Aires e Am\u00e9rica do Sul | Patriarcado Ecum\u00eanico","alternateName":"News Ecclesia Brasil","url":"https:\/\/news.ecclesia.org.br\/","logo":{"@type":"ImageObject","inLanguage":"pt-BR","@id":"https:\/\/news.ecclesia.org.br\/#\/schema\/logo\/image\/","url":"https:\/\/news.ecclesia.org.br\/wp-content\/uploads\/2025\/05\/ecclesia2.png","contentUrl":"https:\/\/news.ecclesia.org.br\/wp-content\/uploads\/2025\/05\/ecclesia2.png","width":480,"height":120,"caption":"Sacra Arquidiocese de Buenos Aires e Am\u00e9rica do Sul | Patriarcado Ecum\u00eanico"},"image":{"@id":"https:\/\/news.ecclesia.org.br\/#\/schema\/logo\/image\/"},"sameAs":["https:\/\/www.facebook.com\/Ecclesia2025","https:\/\/x.com\/EcclesiaNews","https:\/\/br.pinterest.com\/ekklisia\/","https:\/\/www.youtube.com\/@EcclesiaBrasil"]},{"@type":"Person","@id":"https:\/\/news.ecclesia.org.br\/#\/schema\/person\/6f09597f025829745ba414a569f63758","name":"Pe. Andr\u00e9","image":{"@type":"ImageObject","inLanguage":"pt-BR","@id":"https:\/\/secure.gravatar.com\/avatar\/b4327cfa27e9799da239a26adcd534fc29cdc0c4a4a148eecbcfeb9b42c617ac?s=96&d=mm&r=g","url":"https:\/\/secure.gravatar.com\/avatar\/b4327cfa27e9799da239a26adcd534fc29cdc0c4a4a148eecbcfeb9b42c617ac?s=96&d=mm&r=g","contentUrl":"https:\/\/secure.gravatar.com\/avatar\/b4327cfa27e9799da239a26adcd534fc29cdc0c4a4a148eecbcfeb9b42c617ac?s=96&d=mm&r=g","caption":"Pe. Andr\u00e9"},"sameAs":["https:\/\/www.ecclesia.org.br"]}]}},"_links":{"self":[{"href":"https:\/\/news.ecclesia.org.br\/index.php?rest_route=\/wp\/v2\/posts\/4266","targetHints":{"allow":["GET"]}}],"collection":[{"href":"https:\/\/news.ecclesia.org.br\/index.php?rest_route=\/wp\/v2\/posts"}],"about":[{"href":"https:\/\/news.ecclesia.org.br\/index.php?rest_route=\/wp\/v2\/types\/post"}],"author":[{"embeddable":true,"href":"https:\/\/news.ecclesia.org.br\/index.php?rest_route=\/wp\/v2\/users\/1"}],"replies":[{"embeddable":true,"href":"https:\/\/news.ecclesia.org.br\/index.php?rest_route=%2Fwp%2Fv2%2Fcomments&post=4266"}],"version-history":[{"count":0,"href":"https:\/\/news.ecclesia.org.br\/index.php?rest_route=\/wp\/v2\/posts\/4266\/revisions"}],"wp:featuredmedia":[{"embeddable":true,"href":"https:\/\/news.ecclesia.org.br\/index.php?rest_route=\/wp\/v2\/media\/15858"}],"wp:attachment":[{"href":"https:\/\/news.ecclesia.org.br\/index.php?rest_route=%2Fwp%2Fv2%2Fmedia&parent=4266"}],"wp:term":[{"taxonomy":"category","embeddable":true,"href":"https:\/\/news.ecclesia.org.br\/index.php?rest_route=%2Fwp%2Fv2%2Fcategories&post=4266"},{"taxonomy":"post_tag","embeddable":true,"href":"https:\/\/news.ecclesia.org.br\/index.php?rest_route=%2Fwp%2Fv2%2Ftags&post=4266"}],"curies":[{"name":"wp","href":"https:\/\/api.w.org\/{rel}","templated":true}]}}