{"id":4258,"date":"2010-05-18T01:26:10","date_gmt":"2010-05-18T03:26:10","guid":{"rendered":"http:\/\/www.ecclesia.com.br\/news\/?p=4258"},"modified":"2016-03-16T20:16:53","modified_gmt":"2016-03-16T20:16:53","slug":"a-livraria-vaticana-e-a-associacao-sofia-publicam-manuscritos-do-patriarca-cirillo","status":"publish","type":"post","link":"https:\/\/news.ecclesia.org.br\/?p=4258","title":{"rendered":"A LIVRARIA VATICANA E A ASSOCIA\u00c7\u00c3O \u00abSOFIA\u00bb PUBLICAM MANUSCRITOS DO PATRIARCA CIRILLO"},"content":{"rendered":"<p style=\"text-align: justify;\">ROMA, segunda-feira, 17 de maio de 2010 (<a href=\"http:\/\/www.zenit.org\/\">Zenit.org<\/a>). Poucos meses ap\u00f3s a edi\u00e7\u00e3o dos discursos de Bento XVI sobre a Europa, por parte do Patriarcado Ortodoxo de Moscou, um segundo volume publica uma sele\u00e7\u00e3o de discursos do Patriarca Ortodoxo Cirillo. \u00a0O livro, intitulado \u00abLiberdade e responsabilidade: \u00e0 procura da harmonia. A dignidade do homem e os direitos humanos\u00bb \u00a0foi lan\u00e7ado, na sala Pio XI da Universidade Cat\u00f3lica do Sagrado Cora\u00e7\u00e3o, em Mil\u00e3o. O trabalho recolhe os mais importantes discursos sobre direitos humanos pronunciados pelo metropolita Cirillo, hoje Patriarca de Moscou e de todas as R\u00fassias.<\/p>\n<blockquote>\n<p style=\"text-align: justify;\"><em>\u00abCom o Papa, temos uma vis\u00e3o comum sobre a tutela da dignidade do homem na Europa, escreve Cirillo, pelo que hoje a Igreja Cat\u00f3lica e a Igreja Ortodoxa s\u00e3o as \u00fanicas naturalmente aliadas na dura luta contra a ideologia &#8216;liberalista e secularista&#8217;. \u00c9 uma ideologia que, escreve Cirillo, como o comunismo, uma vez na URSS quisera condenar o Cristianismo \u00e0 irrelev\u00e2ncia social e p\u00fablica: No Ocidente se quer relegar a f\u00e9 ao \u00e2mbito da vida privada, de um modo quase pior que quando o fizeram durante o regime sovi\u00e9tico em nosso pa\u00eds. Para venc\u00ea-la, escreve o Patriarca de Moscou e de todas as R\u00fassias, a Igreja dever\u00e1 tamb\u00e9m entrar &#8216;em um di\u00e1logo s\u00e9rio e desprovido de preconceitos com o humanismo leigo e liberal&#8217;, mas com a condi\u00e7\u00e3o que este n\u00e3o caia na tenta\u00e7\u00e3o da &#8216;unilateralidade&#8217;\u00bb.<\/em><\/p>\n<\/blockquote>\n<p style=\"text-align: justify;\">\u00ab\u00c9 uma an\u00e1lise dura, mas cheia de esperan\u00e7a\u00bb, sublinha o professor Pierluca Azzaro, da Integra\u00e7\u00e3o Europ\u00e9ia na Universidade Cat\u00f3lica de Mil\u00e3o e diretor do livro. \u00abO Papa Bento XVI e o Patriarca Cirillo exortam os crist\u00e3os do Oriente e Ocidente a n\u00e3o se conformarem com a mentalidade deste s\u00e9culo, convidam todos n\u00f3s a professarmos nosso credo na Igreja fundada por Cristo Salvador, a defender a liberdade como um valor inquestion\u00e1vel, mas n\u00e3o ilimitado: por sua natureza mais \u00edntima, a liberdade est\u00e1 sempre ligada \u00e0 verdade\u00bb.<\/p>\n<p style=\"text-align: justify;\">Dom Gianfranco Ravasi, presidente do Conselho Pontif\u00edcio para a Cultura, que assina a introdu\u00e7\u00e3o do livro, sublinha: \u00abCirillo se p\u00f5e em guarda, de um modo muito incisivo e apaixonado, contra uma &#8216;nova gera\u00e7\u00e3o de direitos&#8217; que resguardam em seu \u00e2mago verdadeiras e aut\u00eanticas degenera\u00e7\u00f5es da dignidade da pessoa humana\u00bb.<\/p>\n<p style=\"text-align: justify;\">O evento \u00e9 promovido pela Associa\u00e7\u00e3o Internacional \u00a0\u00abSofia: id\u00e9ia russa, id\u00e9ia da Europa\u00bb, pela Universidade Estatal das Rela\u00e7\u00f5es Internacionais de Moscou, pelo Di\u00e1logo It\u00e1lia-R\u00fassia das sociedades civis e \u00e9 patrocinado pelo <em>Vnesheconombank<\/em>.<\/p>\n<p style=\"text-align: justify;\">A publica\u00e7\u00e3o do livro tamb\u00e9m representa o pr\u00f3logo da inaugura\u00e7\u00e3o, em Roma, dia 20 de maio, da Academia \u00cdtalo-Russa <em>Sapientia et Scientia<\/em>, sempre por iniciativa da associa\u00e7\u00e3o internacional \u00abSofia: ideia russa, ideia da Europa\u00bb, com a colabora\u00e7\u00e3o da Universidade Estatal das Rela\u00e7\u00f5es Internacionais de Moscou.<\/p>\n<p style=\"text-align: justify;\">O projeto recebeu a b\u00ean\u00e7\u00e3o da Santa S\u00e9 e do Patriarcado de Moscou e a aprova\u00e7\u00e3o oficial dos Estados italiano e russo. A Academia &#8211; que pretende ser um lugar est\u00e1vel de encontro entre expoentes das Igrejas e das sociedades civis da It\u00e1lia e R\u00fassia &#8211; realizar\u00e1 suas atividades em Roma, na Vila Sciarra-Wurts.<\/p>\n","protected":false},"excerpt":{"rendered":"<p>ROMA, segunda-feira, 17 de maio de 2010 (Zenit.org). Poucos meses ap\u00f3s a edi\u00e7\u00e3o dos discursos de Bento XVI sobre a Europa, por parte do Patriarcado Ortodoxo de Moscou, um segundo volume publica uma sele\u00e7\u00e3o de discursos do Patriarca Ortodoxo Cirillo.&#8230;<\/p>\n","protected":false},"author":1,"featured_media":15862,"comment_status":"open","ping_status":"open","sticky":false,"template":"","format":"standard","meta":{"_acf_changed":false,"footnotes":""},"categories":[1],"tags":[],"class_list":["post-4258","post","type-post","status-publish","format-standard","has-post-thumbnail","hentry","category-news","entry","rows-excerpt"],"acf":[],"yoast_head":"<!-- This site is optimized with the Yoast SEO plugin v27.5 - https:\/\/yoast.com\/product\/yoast-seo-wordpress\/ -->\n<title>A LIVRARIA VATICANA E A ASSOCIA\u00c7\u00c3O \u00abSOFIA\u00bb PUBLICAM MANUSCRITOS DO PATRIARCA CIRILLO | ECCLESIA NEWS<\/title>\n<meta name=\"robots\" content=\"index, follow, max-snippet:-1, max-image-preview:large, max-video-preview:-1\" \/>\n<link rel=\"canonical\" href=\"https:\/\/news.ecclesia.org.br\/?p=4258\" \/>\n<meta property=\"og:locale\" content=\"pt_BR\" \/>\n<meta property=\"og:type\" content=\"article\" \/>\n<meta property=\"og:title\" content=\"A LIVRARIA VATICANA E A ASSOCIA\u00c7\u00c3O \u00abSOFIA\u00bb PUBLICAM MANUSCRITOS DO PATRIARCA CIRILLO | ECCLESIA NEWS\" \/>\n<meta property=\"og:description\" content=\"ROMA, segunda-feira, 17 de maio de 2010 (Zenit.org). Poucos meses ap\u00f3s a edi\u00e7\u00e3o dos discursos de Bento XVI sobre a Europa, por parte do Patriarcado Ortodoxo de Moscou, um segundo volume publica uma sele\u00e7\u00e3o de discursos do Patriarca Ortodoxo Cirillo.&#8230;\" \/>\n<meta property=\"og:url\" content=\"https:\/\/news.ecclesia.org.br\/?p=4258\" \/>\n<meta property=\"og:site_name\" content=\"ECCLESIA NEWS\" \/>\n<meta property=\"article:publisher\" content=\"https:\/\/www.facebook.com\/Ecclesia2025\" \/>\n<meta property=\"article:published_time\" content=\"2010-05-18T03:26:10+00:00\" \/>\n<meta property=\"article:modified_time\" content=\"2016-03-16T20:16:53+00:00\" \/>\n<meta property=\"og:image\" content=\"https:\/\/news.ecclesia.org.br\/wp-content\/uploads\/2010\/05\/kirill-bento.jpg\" \/>\n\t<meta property=\"og:image:width\" content=\"400\" \/>\n\t<meta property=\"og:image:height\" content=\"448\" \/>\n\t<meta property=\"og:image:type\" content=\"image\/jpeg\" \/>\n<meta name=\"author\" content=\"Pe. Andr\u00e9\" \/>\n<meta name=\"twitter:card\" content=\"summary_large_image\" \/>\n<meta name=\"twitter:creator\" content=\"@EcclesiaNews\" \/>\n<meta name=\"twitter:site\" content=\"@EcclesiaNews\" \/>\n<meta name=\"twitter:label1\" content=\"Escrito por\" \/>\n\t<meta name=\"twitter:data1\" content=\"Pe. Andr\u00e9\" \/>\n\t<meta name=\"twitter:label2\" content=\"Est. tempo de leitura\" \/>\n\t<meta name=\"twitter:data2\" content=\"3 minutos\" \/>\n<script type=\"application\/ld+json\" class=\"yoast-schema-graph\">{\"@context\":\"https:\\\/\\\/schema.org\",\"@graph\":[{\"@type\":\"Article\",\"@id\":\"https:\\\/\\\/news.ecclesia.org.br\\\/?p=4258#article\",\"isPartOf\":{\"@id\":\"https:\\\/\\\/news.ecclesia.org.br\\\/?p=4258\"},\"author\":{\"name\":\"Pe. Andr\u00e9\",\"@id\":\"https:\\\/\\\/news.ecclesia.org.br\\\/#\\\/schema\\\/person\\\/6f09597f025829745ba414a569f63758\"},\"headline\":\"A LIVRARIA VATICANA E A ASSOCIA\u00c7\u00c3O \u00abSOFIA\u00bb PUBLICAM MANUSCRITOS DO PATRIARCA CIRILLO\",\"datePublished\":\"2010-05-18T03:26:10+00:00\",\"dateModified\":\"2016-03-16T20:16:53+00:00\",\"mainEntityOfPage\":{\"@id\":\"https:\\\/\\\/news.ecclesia.org.br\\\/?p=4258\"},\"wordCount\":560,\"commentCount\":0,\"publisher\":{\"@id\":\"https:\\\/\\\/news.ecclesia.org.br\\\/#organization\"},\"image\":{\"@id\":\"https:\\\/\\\/news.ecclesia.org.br\\\/?p=4258#primaryimage\"},\"thumbnailUrl\":\"https:\\\/\\\/news.ecclesia.org.br\\\/wp-content\\\/uploads\\\/2010\\\/05\\\/kirill-bento.jpg\",\"articleSection\":[\"NEWS\"],\"inLanguage\":\"pt-BR\",\"potentialAction\":[{\"@type\":\"CommentAction\",\"name\":\"Comment\",\"target\":[\"https:\\\/\\\/news.ecclesia.org.br\\\/?p=4258#respond\"]}]},{\"@type\":\"WebPage\",\"@id\":\"https:\\\/\\\/news.ecclesia.org.br\\\/?p=4258\",\"url\":\"https:\\\/\\\/news.ecclesia.org.br\\\/?p=4258\",\"name\":\"A LIVRARIA VATICANA E A ASSOCIA\u00c7\u00c3O \u00abSOFIA\u00bb PUBLICAM MANUSCRITOS DO PATRIARCA CIRILLO | ECCLESIA NEWS\",\"isPartOf\":{\"@id\":\"https:\\\/\\\/news.ecclesia.org.br\\\/#website\"},\"primaryImageOfPage\":{\"@id\":\"https:\\\/\\\/news.ecclesia.org.br\\\/?p=4258#primaryimage\"},\"image\":{\"@id\":\"https:\\\/\\\/news.ecclesia.org.br\\\/?p=4258#primaryimage\"},\"thumbnailUrl\":\"https:\\\/\\\/news.ecclesia.org.br\\\/wp-content\\\/uploads\\\/2010\\\/05\\\/kirill-bento.jpg\",\"datePublished\":\"2010-05-18T03:26:10+00:00\",\"dateModified\":\"2016-03-16T20:16:53+00:00\",\"breadcrumb\":{\"@id\":\"https:\\\/\\\/news.ecclesia.org.br\\\/?p=4258#breadcrumb\"},\"inLanguage\":\"pt-BR\",\"potentialAction\":[{\"@type\":\"ReadAction\",\"target\":[\"https:\\\/\\\/news.ecclesia.org.br\\\/?p=4258\"]}]},{\"@type\":\"ImageObject\",\"inLanguage\":\"pt-BR\",\"@id\":\"https:\\\/\\\/news.ecclesia.org.br\\\/?p=4258#primaryimage\",\"url\":\"https:\\\/\\\/news.ecclesia.org.br\\\/wp-content\\\/uploads\\\/2010\\\/05\\\/kirill-bento.jpg\",\"contentUrl\":\"https:\\\/\\\/news.ecclesia.org.br\\\/wp-content\\\/uploads\\\/2010\\\/05\\\/kirill-bento.jpg\",\"width\":400,\"height\":448},{\"@type\":\"BreadcrumbList\",\"@id\":\"https:\\\/\\\/news.ecclesia.org.br\\\/?p=4258#breadcrumb\",\"itemListElement\":[{\"@type\":\"ListItem\",\"position\":1,\"name\":\"In\u00edcio\",\"item\":\"https:\\\/\\\/news.ecclesia.org.br\\\/\"},{\"@type\":\"ListItem\",\"position\":2,\"name\":\"A LIVRARIA VATICANA E A ASSOCIA\u00c7\u00c3O \u00abSOFIA\u00bb PUBLICAM MANUSCRITOS DO PATRIARCA CIRILLO\"}]},{\"@type\":\"WebSite\",\"@id\":\"https:\\\/\\\/news.ecclesia.org.br\\\/#website\",\"url\":\"https:\\\/\\\/news.ecclesia.org.br\\\/\",\"name\":\"Ecclesia Brasil\",\"description\":\"Desde 2003 onectando o Brasil ao mundo ortodoxo!\",\"publisher\":{\"@id\":\"https:\\\/\\\/news.ecclesia.org.br\\\/#organization\"},\"alternateName\":\"Ecclesia\",\"potentialAction\":[{\"@type\":\"SearchAction\",\"target\":{\"@type\":\"EntryPoint\",\"urlTemplate\":\"https:\\\/\\\/news.ecclesia.org.br\\\/?s={search_term_string}\"},\"query-input\":{\"@type\":\"PropertyValueSpecification\",\"valueRequired\":true,\"valueName\":\"search_term_string\"}}],\"inLanguage\":\"pt-BR\"},{\"@type\":\"Organization\",\"@id\":\"https:\\\/\\\/news.ecclesia.org.br\\\/#organization\",\"name\":\"Sacra Arquidiocese de Buenos Aires e Am\u00e9rica do Sul | Patriarcado Ecum\u00eanico\",\"alternateName\":\"News Ecclesia Brasil\",\"url\":\"https:\\\/\\\/news.ecclesia.org.br\\\/\",\"logo\":{\"@type\":\"ImageObject\",\"inLanguage\":\"pt-BR\",\"@id\":\"https:\\\/\\\/news.ecclesia.org.br\\\/#\\\/schema\\\/logo\\\/image\\\/\",\"url\":\"https:\\\/\\\/news.ecclesia.org.br\\\/wp-content\\\/uploads\\\/2025\\\/05\\\/ecclesia2.png\",\"contentUrl\":\"https:\\\/\\\/news.ecclesia.org.br\\\/wp-content\\\/uploads\\\/2025\\\/05\\\/ecclesia2.png\",\"width\":480,\"height\":120,\"caption\":\"Sacra Arquidiocese de Buenos Aires e Am\u00e9rica do Sul | Patriarcado Ecum\u00eanico\"},\"image\":{\"@id\":\"https:\\\/\\\/news.ecclesia.org.br\\\/#\\\/schema\\\/logo\\\/image\\\/\"},\"sameAs\":[\"https:\\\/\\\/www.facebook.com\\\/Ecclesia2025\",\"https:\\\/\\\/x.com\\\/EcclesiaNews\",\"https:\\\/\\\/br.pinterest.com\\\/ekklisia\\\/\",\"https:\\\/\\\/www.youtube.com\\\/@EcclesiaBrasil\"]},{\"@type\":\"Person\",\"@id\":\"https:\\\/\\\/news.ecclesia.org.br\\\/#\\\/schema\\\/person\\\/6f09597f025829745ba414a569f63758\",\"name\":\"Pe. Andr\u00e9\",\"image\":{\"@type\":\"ImageObject\",\"inLanguage\":\"pt-BR\",\"@id\":\"https:\\\/\\\/secure.gravatar.com\\\/avatar\\\/b4327cfa27e9799da239a26adcd534fc29cdc0c4a4a148eecbcfeb9b42c617ac?s=96&d=mm&r=g\",\"url\":\"https:\\\/\\\/secure.gravatar.com\\\/avatar\\\/b4327cfa27e9799da239a26adcd534fc29cdc0c4a4a148eecbcfeb9b42c617ac?s=96&d=mm&r=g\",\"contentUrl\":\"https:\\\/\\\/secure.gravatar.com\\\/avatar\\\/b4327cfa27e9799da239a26adcd534fc29cdc0c4a4a148eecbcfeb9b42c617ac?s=96&d=mm&r=g\",\"caption\":\"Pe. Andr\u00e9\"},\"sameAs\":[\"https:\\\/\\\/www.ecclesia.org.br\"]}]}<\/script>\n<!-- \/ Yoast SEO plugin. -->","yoast_head_json":{"title":"A LIVRARIA VATICANA E A ASSOCIA\u00c7\u00c3O \u00abSOFIA\u00bb PUBLICAM MANUSCRITOS DO PATRIARCA CIRILLO | ECCLESIA NEWS","robots":{"index":"index","follow":"follow","max-snippet":"max-snippet:-1","max-image-preview":"max-image-preview:large","max-video-preview":"max-video-preview:-1"},"canonical":"https:\/\/news.ecclesia.org.br\/?p=4258","og_locale":"pt_BR","og_type":"article","og_title":"A LIVRARIA VATICANA E A ASSOCIA\u00c7\u00c3O \u00abSOFIA\u00bb PUBLICAM MANUSCRITOS DO PATRIARCA CIRILLO | ECCLESIA NEWS","og_description":"ROMA, segunda-feira, 17 de maio de 2010 (Zenit.org). Poucos meses ap\u00f3s a edi\u00e7\u00e3o dos discursos de Bento XVI sobre a Europa, por parte do Patriarcado Ortodoxo de Moscou, um segundo volume publica uma sele\u00e7\u00e3o de discursos do Patriarca Ortodoxo Cirillo.&#8230;","og_url":"https:\/\/news.ecclesia.org.br\/?p=4258","og_site_name":"ECCLESIA NEWS","article_publisher":"https:\/\/www.facebook.com\/Ecclesia2025","article_published_time":"2010-05-18T03:26:10+00:00","article_modified_time":"2016-03-16T20:16:53+00:00","og_image":[{"width":400,"height":448,"url":"https:\/\/news.ecclesia.org.br\/wp-content\/uploads\/2010\/05\/kirill-bento.jpg","type":"image\/jpeg"}],"author":"Pe. Andr\u00e9","twitter_card":"summary_large_image","twitter_creator":"@EcclesiaNews","twitter_site":"@EcclesiaNews","twitter_misc":{"Escrito por":"Pe. Andr\u00e9","Est. tempo de leitura":"3 minutos"},"schema":{"@context":"https:\/\/schema.org","@graph":[{"@type":"Article","@id":"https:\/\/news.ecclesia.org.br\/?p=4258#article","isPartOf":{"@id":"https:\/\/news.ecclesia.org.br\/?p=4258"},"author":{"name":"Pe. Andr\u00e9","@id":"https:\/\/news.ecclesia.org.br\/#\/schema\/person\/6f09597f025829745ba414a569f63758"},"headline":"A LIVRARIA VATICANA E A ASSOCIA\u00c7\u00c3O \u00abSOFIA\u00bb PUBLICAM MANUSCRITOS DO PATRIARCA CIRILLO","datePublished":"2010-05-18T03:26:10+00:00","dateModified":"2016-03-16T20:16:53+00:00","mainEntityOfPage":{"@id":"https:\/\/news.ecclesia.org.br\/?p=4258"},"wordCount":560,"commentCount":0,"publisher":{"@id":"https:\/\/news.ecclesia.org.br\/#organization"},"image":{"@id":"https:\/\/news.ecclesia.org.br\/?p=4258#primaryimage"},"thumbnailUrl":"https:\/\/news.ecclesia.org.br\/wp-content\/uploads\/2010\/05\/kirill-bento.jpg","articleSection":["NEWS"],"inLanguage":"pt-BR","potentialAction":[{"@type":"CommentAction","name":"Comment","target":["https:\/\/news.ecclesia.org.br\/?p=4258#respond"]}]},{"@type":"WebPage","@id":"https:\/\/news.ecclesia.org.br\/?p=4258","url":"https:\/\/news.ecclesia.org.br\/?p=4258","name":"A LIVRARIA VATICANA E A ASSOCIA\u00c7\u00c3O \u00abSOFIA\u00bb PUBLICAM MANUSCRITOS DO PATRIARCA CIRILLO | ECCLESIA NEWS","isPartOf":{"@id":"https:\/\/news.ecclesia.org.br\/#website"},"primaryImageOfPage":{"@id":"https:\/\/news.ecclesia.org.br\/?p=4258#primaryimage"},"image":{"@id":"https:\/\/news.ecclesia.org.br\/?p=4258#primaryimage"},"thumbnailUrl":"https:\/\/news.ecclesia.org.br\/wp-content\/uploads\/2010\/05\/kirill-bento.jpg","datePublished":"2010-05-18T03:26:10+00:00","dateModified":"2016-03-16T20:16:53+00:00","breadcrumb":{"@id":"https:\/\/news.ecclesia.org.br\/?p=4258#breadcrumb"},"inLanguage":"pt-BR","potentialAction":[{"@type":"ReadAction","target":["https:\/\/news.ecclesia.org.br\/?p=4258"]}]},{"@type":"ImageObject","inLanguage":"pt-BR","@id":"https:\/\/news.ecclesia.org.br\/?p=4258#primaryimage","url":"https:\/\/news.ecclesia.org.br\/wp-content\/uploads\/2010\/05\/kirill-bento.jpg","contentUrl":"https:\/\/news.ecclesia.org.br\/wp-content\/uploads\/2010\/05\/kirill-bento.jpg","width":400,"height":448},{"@type":"BreadcrumbList","@id":"https:\/\/news.ecclesia.org.br\/?p=4258#breadcrumb","itemListElement":[{"@type":"ListItem","position":1,"name":"In\u00edcio","item":"https:\/\/news.ecclesia.org.br\/"},{"@type":"ListItem","position":2,"name":"A LIVRARIA VATICANA E A ASSOCIA\u00c7\u00c3O \u00abSOFIA\u00bb PUBLICAM MANUSCRITOS DO PATRIARCA CIRILLO"}]},{"@type":"WebSite","@id":"https:\/\/news.ecclesia.org.br\/#website","url":"https:\/\/news.ecclesia.org.br\/","name":"Ecclesia Brasil","description":"Desde 2003 onectando o Brasil ao mundo ortodoxo!","publisher":{"@id":"https:\/\/news.ecclesia.org.br\/#organization"},"alternateName":"Ecclesia","potentialAction":[{"@type":"SearchAction","target":{"@type":"EntryPoint","urlTemplate":"https:\/\/news.ecclesia.org.br\/?s={search_term_string}"},"query-input":{"@type":"PropertyValueSpecification","valueRequired":true,"valueName":"search_term_string"}}],"inLanguage":"pt-BR"},{"@type":"Organization","@id":"https:\/\/news.ecclesia.org.br\/#organization","name":"Sacra Arquidiocese de Buenos Aires e Am\u00e9rica do Sul | Patriarcado Ecum\u00eanico","alternateName":"News Ecclesia Brasil","url":"https:\/\/news.ecclesia.org.br\/","logo":{"@type":"ImageObject","inLanguage":"pt-BR","@id":"https:\/\/news.ecclesia.org.br\/#\/schema\/logo\/image\/","url":"https:\/\/news.ecclesia.org.br\/wp-content\/uploads\/2025\/05\/ecclesia2.png","contentUrl":"https:\/\/news.ecclesia.org.br\/wp-content\/uploads\/2025\/05\/ecclesia2.png","width":480,"height":120,"caption":"Sacra Arquidiocese de Buenos Aires e Am\u00e9rica do Sul | Patriarcado Ecum\u00eanico"},"image":{"@id":"https:\/\/news.ecclesia.org.br\/#\/schema\/logo\/image\/"},"sameAs":["https:\/\/www.facebook.com\/Ecclesia2025","https:\/\/x.com\/EcclesiaNews","https:\/\/br.pinterest.com\/ekklisia\/","https:\/\/www.youtube.com\/@EcclesiaBrasil"]},{"@type":"Person","@id":"https:\/\/news.ecclesia.org.br\/#\/schema\/person\/6f09597f025829745ba414a569f63758","name":"Pe. Andr\u00e9","image":{"@type":"ImageObject","inLanguage":"pt-BR","@id":"https:\/\/secure.gravatar.com\/avatar\/b4327cfa27e9799da239a26adcd534fc29cdc0c4a4a148eecbcfeb9b42c617ac?s=96&d=mm&r=g","url":"https:\/\/secure.gravatar.com\/avatar\/b4327cfa27e9799da239a26adcd534fc29cdc0c4a4a148eecbcfeb9b42c617ac?s=96&d=mm&r=g","contentUrl":"https:\/\/secure.gravatar.com\/avatar\/b4327cfa27e9799da239a26adcd534fc29cdc0c4a4a148eecbcfeb9b42c617ac?s=96&d=mm&r=g","caption":"Pe. Andr\u00e9"},"sameAs":["https:\/\/www.ecclesia.org.br"]}]}},"_links":{"self":[{"href":"https:\/\/news.ecclesia.org.br\/index.php?rest_route=\/wp\/v2\/posts\/4258","targetHints":{"allow":["GET"]}}],"collection":[{"href":"https:\/\/news.ecclesia.org.br\/index.php?rest_route=\/wp\/v2\/posts"}],"about":[{"href":"https:\/\/news.ecclesia.org.br\/index.php?rest_route=\/wp\/v2\/types\/post"}],"author":[{"embeddable":true,"href":"https:\/\/news.ecclesia.org.br\/index.php?rest_route=\/wp\/v2\/users\/1"}],"replies":[{"embeddable":true,"href":"https:\/\/news.ecclesia.org.br\/index.php?rest_route=%2Fwp%2Fv2%2Fcomments&post=4258"}],"version-history":[{"count":0,"href":"https:\/\/news.ecclesia.org.br\/index.php?rest_route=\/wp\/v2\/posts\/4258\/revisions"}],"wp:featuredmedia":[{"embeddable":true,"href":"https:\/\/news.ecclesia.org.br\/index.php?rest_route=\/wp\/v2\/media\/15862"}],"wp:attachment":[{"href":"https:\/\/news.ecclesia.org.br\/index.php?rest_route=%2Fwp%2Fv2%2Fmedia&parent=4258"}],"wp:term":[{"taxonomy":"category","embeddable":true,"href":"https:\/\/news.ecclesia.org.br\/index.php?rest_route=%2Fwp%2Fv2%2Fcategories&post=4258"},{"taxonomy":"post_tag","embeddable":true,"href":"https:\/\/news.ecclesia.org.br\/index.php?rest_route=%2Fwp%2Fv2%2Ftags&post=4258"}],"curies":[{"name":"wp","href":"https:\/\/api.w.org\/{rel}","templated":true}]}}