{"id":4239,"date":"2010-05-10T19:36:43","date_gmt":"2010-05-10T21:36:43","guid":{"rendered":"http:\/\/www.ecclesia.com.br\/news\/?p=4239"},"modified":"2016-03-16T20:21:02","modified_gmt":"2016-03-16T20:21:02","slug":"tres-novos-metropolitas-na-igreja-grega-e-dois-novos-bispos-auxiliares","status":"publish","type":"post","link":"https:\/\/news.ecclesia.org.br\/?p=4239","title":{"rendered":"Tr\u00eas novos metropolitas na Igreja Grega e dois novos bispos auxiliares"},"content":{"rendered":"<p style=\"text-align: justify;\">ATENAS, 10 de maio de 2010.\u00a0[Fonte: <a href=\"http:\/\/www.romfea.gr\" target=\"_blank\">Romfea.gr<\/a>\/ by: <a href=\"http:\/\/www.ortodoxia.org\" target=\"_blank\">Ortodoxia.org<\/a>] Hoje, 10 de maio de 2010 a hierarquia da Igreja Grega reuniu-se para eleger os metropolitas das tr\u00eas sedes vacantes. Lagkada, Ilio\u00f9 y Kifisi\u00e1.\u00a0Foram eleitos com os votos can\u00f4nicos da hierarquia grega:<\/p>\n<ol style=\"text-align: justify;\">\n<li>Arquimandrita Kyrillos Mysiakoulis, secret\u00e1rio-chefe do S\u00ednodo da Igreja Grega como Metropolitano da Sacra Metr\u00f3pole de Kifisia, com 66 votos.<\/li>\n<li>Arquimandrita Aten\u00e1goras Dikaiakos, secret\u00e1rio de gabinete particular arquidiocesano de Arcebispo Jer\u00f4nimo como Metropolitano da Sacra Metr\u00f3pole de Ilio\u00f9, com 44 votos.<\/li>\n<li>Arquimandrita \u00a0Ioannis Tassias, Vig\u00e1rio Geral da Metr\u00f3pole de Tessal\u00f4nica como Metropolitano da Sacra Metr\u00f3pole de Lagkad\u00e1 em Tessal\u00f4nica, com 41 votos.<\/li>\n<\/ol>\n<p style=\"text-align: justify;\">A Hierarquia grega procedeu ainda a elei\u00e7\u00e3o de dois bispos auxiliares:<\/p>\n<ol style=\"text-align: justify;\">\n<li>Arquimandrita Policarpo Xrysikos \u00a0como Bispo de Tan\u00e1gras.<\/li>\n<li>Arquimandrita Dion\u00edsio Sifnaios como Bispo de \u00a0Fotik\u00eds<\/li>\n<\/ol>\n","protected":false},"excerpt":{"rendered":"<p>ATENAS, 10 de maio de 2010.\u00a0[Fonte: Romfea.gr\/ by: Ortodoxia.org] Hoje, 10 de maio de 2010 a hierarquia da Igreja Grega reuniu-se para eleger os metropolitas das tr\u00eas sedes vacantes. Lagkada, Ilio\u00f9 y Kifisi\u00e1.\u00a0Foram eleitos com os votos can\u00f4nicos da hierarquia&#8230;<\/p>\n","protected":false},"author":1,"featured_media":6176,"comment_status":"open","ping_status":"open","sticky":false,"template":"","format":"standard","meta":{"_acf_changed":false,"footnotes":""},"categories":[1],"tags":[],"class_list":["post-4239","post","type-post","status-publish","format-standard","has-post-thumbnail","hentry","category-news","entry","rows-excerpt"],"acf":[],"yoast_head":"<!-- This site is optimized with the Yoast SEO plugin v27.5 - https:\/\/yoast.com\/product\/yoast-seo-wordpress\/ -->\n<title>Tr\u00eas novos metropolitas na Igreja Grega e dois novos bispos auxiliares | ECCLESIA NEWS<\/title>\n<meta name=\"robots\" content=\"index, follow, max-snippet:-1, max-image-preview:large, max-video-preview:-1\" \/>\n<link rel=\"canonical\" href=\"https:\/\/news.ecclesia.org.br\/?p=4239\" \/>\n<meta property=\"og:locale\" content=\"pt_BR\" \/>\n<meta property=\"og:type\" content=\"article\" \/>\n<meta property=\"og:title\" content=\"Tr\u00eas novos metropolitas na Igreja Grega e dois novos bispos auxiliares | ECCLESIA NEWS\" \/>\n<meta property=\"og:description\" content=\"ATENAS, 10 de maio de 2010.\u00a0[Fonte: Romfea.gr\/ by: Ortodoxia.org] Hoje, 10 de maio de 2010 a hierarquia da Igreja Grega reuniu-se para eleger os metropolitas das tr\u00eas sedes vacantes. Lagkada, Ilio\u00f9 y Kifisi\u00e1.\u00a0Foram eleitos com os votos can\u00f4nicos da hierarquia&#8230;\" \/>\n<meta property=\"og:url\" content=\"https:\/\/news.ecclesia.org.br\/?p=4239\" \/>\n<meta property=\"og:site_name\" content=\"ECCLESIA NEWS\" \/>\n<meta property=\"article:publisher\" content=\"https:\/\/www.facebook.com\/Ecclesia2025\" \/>\n<meta property=\"article:published_time\" content=\"2010-05-10T21:36:43+00:00\" \/>\n<meta property=\"article:modified_time\" content=\"2016-03-16T20:21:02+00:00\" \/>\n<meta property=\"og:image\" content=\"https:\/\/news.ecclesia.org.br\/wp-content\/uploads\/2010\/10\/igreja-estado-grecia.jpg\" \/>\n\t<meta property=\"og:image:width\" content=\"320\" \/>\n\t<meta property=\"og:image:height\" content=\"239\" \/>\n\t<meta property=\"og:image:type\" content=\"image\/jpeg\" \/>\n<meta name=\"author\" content=\"Pe. Andr\u00e9\" \/>\n<meta name=\"twitter:card\" content=\"summary_large_image\" \/>\n<meta name=\"twitter:creator\" content=\"@EcclesiaNews\" \/>\n<meta name=\"twitter:site\" content=\"@EcclesiaNews\" \/>\n<meta name=\"twitter:label1\" content=\"Escrito por\" \/>\n\t<meta name=\"twitter:data1\" content=\"Pe. Andr\u00e9\" \/>\n\t<meta name=\"twitter:label2\" content=\"Est. tempo de leitura\" \/>\n\t<meta name=\"twitter:data2\" content=\"1 minuto\" \/>\n<script type=\"application\/ld+json\" class=\"yoast-schema-graph\">{\"@context\":\"https:\\\/\\\/schema.org\",\"@graph\":[{\"@type\":\"Article\",\"@id\":\"https:\\\/\\\/news.ecclesia.org.br\\\/?p=4239#article\",\"isPartOf\":{\"@id\":\"https:\\\/\\\/news.ecclesia.org.br\\\/?p=4239\"},\"author\":{\"name\":\"Pe. Andr\u00e9\",\"@id\":\"https:\\\/\\\/news.ecclesia.org.br\\\/#\\\/schema\\\/person\\\/6f09597f025829745ba414a569f63758\"},\"headline\":\"Tr\u00eas novos metropolitas na Igreja Grega e dois novos bispos auxiliares\",\"datePublished\":\"2010-05-10T21:36:43+00:00\",\"dateModified\":\"2016-03-16T20:21:02+00:00\",\"mainEntityOfPage\":{\"@id\":\"https:\\\/\\\/news.ecclesia.org.br\\\/?p=4239\"},\"wordCount\":154,\"commentCount\":0,\"publisher\":{\"@id\":\"https:\\\/\\\/news.ecclesia.org.br\\\/#organization\"},\"image\":{\"@id\":\"https:\\\/\\\/news.ecclesia.org.br\\\/?p=4239#primaryimage\"},\"thumbnailUrl\":\"https:\\\/\\\/news.ecclesia.org.br\\\/wp-content\\\/uploads\\\/2010\\\/10\\\/igreja-estado-grecia.jpg\",\"articleSection\":[\"NEWS\"],\"inLanguage\":\"pt-BR\",\"potentialAction\":[{\"@type\":\"CommentAction\",\"name\":\"Comment\",\"target\":[\"https:\\\/\\\/news.ecclesia.org.br\\\/?p=4239#respond\"]}]},{\"@type\":\"WebPage\",\"@id\":\"https:\\\/\\\/news.ecclesia.org.br\\\/?p=4239\",\"url\":\"https:\\\/\\\/news.ecclesia.org.br\\\/?p=4239\",\"name\":\"Tr\u00eas novos metropolitas na Igreja Grega e dois novos bispos auxiliares | ECCLESIA NEWS\",\"isPartOf\":{\"@id\":\"https:\\\/\\\/news.ecclesia.org.br\\\/#website\"},\"primaryImageOfPage\":{\"@id\":\"https:\\\/\\\/news.ecclesia.org.br\\\/?p=4239#primaryimage\"},\"image\":{\"@id\":\"https:\\\/\\\/news.ecclesia.org.br\\\/?p=4239#primaryimage\"},\"thumbnailUrl\":\"https:\\\/\\\/news.ecclesia.org.br\\\/wp-content\\\/uploads\\\/2010\\\/10\\\/igreja-estado-grecia.jpg\",\"datePublished\":\"2010-05-10T21:36:43+00:00\",\"dateModified\":\"2016-03-16T20:21:02+00:00\",\"breadcrumb\":{\"@id\":\"https:\\\/\\\/news.ecclesia.org.br\\\/?p=4239#breadcrumb\"},\"inLanguage\":\"pt-BR\",\"potentialAction\":[{\"@type\":\"ReadAction\",\"target\":[\"https:\\\/\\\/news.ecclesia.org.br\\\/?p=4239\"]}]},{\"@type\":\"ImageObject\",\"inLanguage\":\"pt-BR\",\"@id\":\"https:\\\/\\\/news.ecclesia.org.br\\\/?p=4239#primaryimage\",\"url\":\"https:\\\/\\\/news.ecclesia.org.br\\\/wp-content\\\/uploads\\\/2010\\\/10\\\/igreja-estado-grecia.jpg\",\"contentUrl\":\"https:\\\/\\\/news.ecclesia.org.br\\\/wp-content\\\/uploads\\\/2010\\\/10\\\/igreja-estado-grecia.jpg\",\"width\":320,\"height\":239},{\"@type\":\"BreadcrumbList\",\"@id\":\"https:\\\/\\\/news.ecclesia.org.br\\\/?p=4239#breadcrumb\",\"itemListElement\":[{\"@type\":\"ListItem\",\"position\":1,\"name\":\"In\u00edcio\",\"item\":\"https:\\\/\\\/news.ecclesia.org.br\\\/\"},{\"@type\":\"ListItem\",\"position\":2,\"name\":\"Tr\u00eas novos metropolitas na Igreja Grega e dois novos bispos auxiliares\"}]},{\"@type\":\"WebSite\",\"@id\":\"https:\\\/\\\/news.ecclesia.org.br\\\/#website\",\"url\":\"https:\\\/\\\/news.ecclesia.org.br\\\/\",\"name\":\"Ecclesia Brasil\",\"description\":\"Desde 2003 onectando o Brasil ao mundo ortodoxo!\",\"publisher\":{\"@id\":\"https:\\\/\\\/news.ecclesia.org.br\\\/#organization\"},\"alternateName\":\"Ecclesia\",\"potentialAction\":[{\"@type\":\"SearchAction\",\"target\":{\"@type\":\"EntryPoint\",\"urlTemplate\":\"https:\\\/\\\/news.ecclesia.org.br\\\/?s={search_term_string}\"},\"query-input\":{\"@type\":\"PropertyValueSpecification\",\"valueRequired\":true,\"valueName\":\"search_term_string\"}}],\"inLanguage\":\"pt-BR\"},{\"@type\":\"Organization\",\"@id\":\"https:\\\/\\\/news.ecclesia.org.br\\\/#organization\",\"name\":\"Sacra Arquidiocese de Buenos Aires e Am\u00e9rica do Sul | Patriarcado Ecum\u00eanico\",\"alternateName\":\"News Ecclesia Brasil\",\"url\":\"https:\\\/\\\/news.ecclesia.org.br\\\/\",\"logo\":{\"@type\":\"ImageObject\",\"inLanguage\":\"pt-BR\",\"@id\":\"https:\\\/\\\/news.ecclesia.org.br\\\/#\\\/schema\\\/logo\\\/image\\\/\",\"url\":\"https:\\\/\\\/news.ecclesia.org.br\\\/wp-content\\\/uploads\\\/2025\\\/05\\\/ecclesia2.png\",\"contentUrl\":\"https:\\\/\\\/news.ecclesia.org.br\\\/wp-content\\\/uploads\\\/2025\\\/05\\\/ecclesia2.png\",\"width\":480,\"height\":120,\"caption\":\"Sacra Arquidiocese de Buenos Aires e Am\u00e9rica do Sul | Patriarcado Ecum\u00eanico\"},\"image\":{\"@id\":\"https:\\\/\\\/news.ecclesia.org.br\\\/#\\\/schema\\\/logo\\\/image\\\/\"},\"sameAs\":[\"https:\\\/\\\/www.facebook.com\\\/Ecclesia2025\",\"https:\\\/\\\/x.com\\\/EcclesiaNews\",\"https:\\\/\\\/br.pinterest.com\\\/ekklisia\\\/\",\"https:\\\/\\\/www.youtube.com\\\/@EcclesiaBrasil\"]},{\"@type\":\"Person\",\"@id\":\"https:\\\/\\\/news.ecclesia.org.br\\\/#\\\/schema\\\/person\\\/6f09597f025829745ba414a569f63758\",\"name\":\"Pe. Andr\u00e9\",\"image\":{\"@type\":\"ImageObject\",\"inLanguage\":\"pt-BR\",\"@id\":\"https:\\\/\\\/secure.gravatar.com\\\/avatar\\\/b4327cfa27e9799da239a26adcd534fc29cdc0c4a4a148eecbcfeb9b42c617ac?s=96&d=mm&r=g\",\"url\":\"https:\\\/\\\/secure.gravatar.com\\\/avatar\\\/b4327cfa27e9799da239a26adcd534fc29cdc0c4a4a148eecbcfeb9b42c617ac?s=96&d=mm&r=g\",\"contentUrl\":\"https:\\\/\\\/secure.gravatar.com\\\/avatar\\\/b4327cfa27e9799da239a26adcd534fc29cdc0c4a4a148eecbcfeb9b42c617ac?s=96&d=mm&r=g\",\"caption\":\"Pe. Andr\u00e9\"},\"sameAs\":[\"https:\\\/\\\/www.ecclesia.org.br\"]}]}<\/script>\n<!-- \/ Yoast SEO plugin. -->","yoast_head_json":{"title":"Tr\u00eas novos metropolitas na Igreja Grega e dois novos bispos auxiliares | ECCLESIA NEWS","robots":{"index":"index","follow":"follow","max-snippet":"max-snippet:-1","max-image-preview":"max-image-preview:large","max-video-preview":"max-video-preview:-1"},"canonical":"https:\/\/news.ecclesia.org.br\/?p=4239","og_locale":"pt_BR","og_type":"article","og_title":"Tr\u00eas novos metropolitas na Igreja Grega e dois novos bispos auxiliares | ECCLESIA NEWS","og_description":"ATENAS, 10 de maio de 2010.\u00a0[Fonte: Romfea.gr\/ by: Ortodoxia.org] Hoje, 10 de maio de 2010 a hierarquia da Igreja Grega reuniu-se para eleger os metropolitas das tr\u00eas sedes vacantes. Lagkada, Ilio\u00f9 y Kifisi\u00e1.\u00a0Foram eleitos com os votos can\u00f4nicos da hierarquia&#8230;","og_url":"https:\/\/news.ecclesia.org.br\/?p=4239","og_site_name":"ECCLESIA NEWS","article_publisher":"https:\/\/www.facebook.com\/Ecclesia2025","article_published_time":"2010-05-10T21:36:43+00:00","article_modified_time":"2016-03-16T20:21:02+00:00","og_image":[{"width":320,"height":239,"url":"https:\/\/news.ecclesia.org.br\/wp-content\/uploads\/2010\/10\/igreja-estado-grecia.jpg","type":"image\/jpeg"}],"author":"Pe. Andr\u00e9","twitter_card":"summary_large_image","twitter_creator":"@EcclesiaNews","twitter_site":"@EcclesiaNews","twitter_misc":{"Escrito por":"Pe. Andr\u00e9","Est. tempo de leitura":"1 minuto"},"schema":{"@context":"https:\/\/schema.org","@graph":[{"@type":"Article","@id":"https:\/\/news.ecclesia.org.br\/?p=4239#article","isPartOf":{"@id":"https:\/\/news.ecclesia.org.br\/?p=4239"},"author":{"name":"Pe. Andr\u00e9","@id":"https:\/\/news.ecclesia.org.br\/#\/schema\/person\/6f09597f025829745ba414a569f63758"},"headline":"Tr\u00eas novos metropolitas na Igreja Grega e dois novos bispos auxiliares","datePublished":"2010-05-10T21:36:43+00:00","dateModified":"2016-03-16T20:21:02+00:00","mainEntityOfPage":{"@id":"https:\/\/news.ecclesia.org.br\/?p=4239"},"wordCount":154,"commentCount":0,"publisher":{"@id":"https:\/\/news.ecclesia.org.br\/#organization"},"image":{"@id":"https:\/\/news.ecclesia.org.br\/?p=4239#primaryimage"},"thumbnailUrl":"https:\/\/news.ecclesia.org.br\/wp-content\/uploads\/2010\/10\/igreja-estado-grecia.jpg","articleSection":["NEWS"],"inLanguage":"pt-BR","potentialAction":[{"@type":"CommentAction","name":"Comment","target":["https:\/\/news.ecclesia.org.br\/?p=4239#respond"]}]},{"@type":"WebPage","@id":"https:\/\/news.ecclesia.org.br\/?p=4239","url":"https:\/\/news.ecclesia.org.br\/?p=4239","name":"Tr\u00eas novos metropolitas na Igreja Grega e dois novos bispos auxiliares | ECCLESIA NEWS","isPartOf":{"@id":"https:\/\/news.ecclesia.org.br\/#website"},"primaryImageOfPage":{"@id":"https:\/\/news.ecclesia.org.br\/?p=4239#primaryimage"},"image":{"@id":"https:\/\/news.ecclesia.org.br\/?p=4239#primaryimage"},"thumbnailUrl":"https:\/\/news.ecclesia.org.br\/wp-content\/uploads\/2010\/10\/igreja-estado-grecia.jpg","datePublished":"2010-05-10T21:36:43+00:00","dateModified":"2016-03-16T20:21:02+00:00","breadcrumb":{"@id":"https:\/\/news.ecclesia.org.br\/?p=4239#breadcrumb"},"inLanguage":"pt-BR","potentialAction":[{"@type":"ReadAction","target":["https:\/\/news.ecclesia.org.br\/?p=4239"]}]},{"@type":"ImageObject","inLanguage":"pt-BR","@id":"https:\/\/news.ecclesia.org.br\/?p=4239#primaryimage","url":"https:\/\/news.ecclesia.org.br\/wp-content\/uploads\/2010\/10\/igreja-estado-grecia.jpg","contentUrl":"https:\/\/news.ecclesia.org.br\/wp-content\/uploads\/2010\/10\/igreja-estado-grecia.jpg","width":320,"height":239},{"@type":"BreadcrumbList","@id":"https:\/\/news.ecclesia.org.br\/?p=4239#breadcrumb","itemListElement":[{"@type":"ListItem","position":1,"name":"In\u00edcio","item":"https:\/\/news.ecclesia.org.br\/"},{"@type":"ListItem","position":2,"name":"Tr\u00eas novos metropolitas na Igreja Grega e dois novos bispos auxiliares"}]},{"@type":"WebSite","@id":"https:\/\/news.ecclesia.org.br\/#website","url":"https:\/\/news.ecclesia.org.br\/","name":"Ecclesia Brasil","description":"Desde 2003 onectando o Brasil ao mundo ortodoxo!","publisher":{"@id":"https:\/\/news.ecclesia.org.br\/#organization"},"alternateName":"Ecclesia","potentialAction":[{"@type":"SearchAction","target":{"@type":"EntryPoint","urlTemplate":"https:\/\/news.ecclesia.org.br\/?s={search_term_string}"},"query-input":{"@type":"PropertyValueSpecification","valueRequired":true,"valueName":"search_term_string"}}],"inLanguage":"pt-BR"},{"@type":"Organization","@id":"https:\/\/news.ecclesia.org.br\/#organization","name":"Sacra Arquidiocese de Buenos Aires e Am\u00e9rica do Sul | Patriarcado Ecum\u00eanico","alternateName":"News Ecclesia Brasil","url":"https:\/\/news.ecclesia.org.br\/","logo":{"@type":"ImageObject","inLanguage":"pt-BR","@id":"https:\/\/news.ecclesia.org.br\/#\/schema\/logo\/image\/","url":"https:\/\/news.ecclesia.org.br\/wp-content\/uploads\/2025\/05\/ecclesia2.png","contentUrl":"https:\/\/news.ecclesia.org.br\/wp-content\/uploads\/2025\/05\/ecclesia2.png","width":480,"height":120,"caption":"Sacra Arquidiocese de Buenos Aires e Am\u00e9rica do Sul | Patriarcado Ecum\u00eanico"},"image":{"@id":"https:\/\/news.ecclesia.org.br\/#\/schema\/logo\/image\/"},"sameAs":["https:\/\/www.facebook.com\/Ecclesia2025","https:\/\/x.com\/EcclesiaNews","https:\/\/br.pinterest.com\/ekklisia\/","https:\/\/www.youtube.com\/@EcclesiaBrasil"]},{"@type":"Person","@id":"https:\/\/news.ecclesia.org.br\/#\/schema\/person\/6f09597f025829745ba414a569f63758","name":"Pe. Andr\u00e9","image":{"@type":"ImageObject","inLanguage":"pt-BR","@id":"https:\/\/secure.gravatar.com\/avatar\/b4327cfa27e9799da239a26adcd534fc29cdc0c4a4a148eecbcfeb9b42c617ac?s=96&d=mm&r=g","url":"https:\/\/secure.gravatar.com\/avatar\/b4327cfa27e9799da239a26adcd534fc29cdc0c4a4a148eecbcfeb9b42c617ac?s=96&d=mm&r=g","contentUrl":"https:\/\/secure.gravatar.com\/avatar\/b4327cfa27e9799da239a26adcd534fc29cdc0c4a4a148eecbcfeb9b42c617ac?s=96&d=mm&r=g","caption":"Pe. Andr\u00e9"},"sameAs":["https:\/\/www.ecclesia.org.br"]}]}},"_links":{"self":[{"href":"https:\/\/news.ecclesia.org.br\/index.php?rest_route=\/wp\/v2\/posts\/4239","targetHints":{"allow":["GET"]}}],"collection":[{"href":"https:\/\/news.ecclesia.org.br\/index.php?rest_route=\/wp\/v2\/posts"}],"about":[{"href":"https:\/\/news.ecclesia.org.br\/index.php?rest_route=\/wp\/v2\/types\/post"}],"author":[{"embeddable":true,"href":"https:\/\/news.ecclesia.org.br\/index.php?rest_route=\/wp\/v2\/users\/1"}],"replies":[{"embeddable":true,"href":"https:\/\/news.ecclesia.org.br\/index.php?rest_route=%2Fwp%2Fv2%2Fcomments&post=4239"}],"version-history":[{"count":0,"href":"https:\/\/news.ecclesia.org.br\/index.php?rest_route=\/wp\/v2\/posts\/4239\/revisions"}],"wp:featuredmedia":[{"embeddable":true,"href":"https:\/\/news.ecclesia.org.br\/index.php?rest_route=\/wp\/v2\/media\/6176"}],"wp:attachment":[{"href":"https:\/\/news.ecclesia.org.br\/index.php?rest_route=%2Fwp%2Fv2%2Fmedia&parent=4239"}],"wp:term":[{"taxonomy":"category","embeddable":true,"href":"https:\/\/news.ecclesia.org.br\/index.php?rest_route=%2Fwp%2Fv2%2Fcategories&post=4239"},{"taxonomy":"post_tag","embeddable":true,"href":"https:\/\/news.ecclesia.org.br\/index.php?rest_route=%2Fwp%2Fv2%2Ftags&post=4239"}],"curies":[{"name":"wp","href":"https:\/\/api.w.org\/{rel}","templated":true}]}}