{"id":4224,"date":"2010-05-07T22:05:12","date_gmt":"2010-05-08T00:05:12","guid":{"rendered":"http:\/\/www.ecclesia.com.br\/news\/?p=4224"},"modified":"2016-03-16T20:25:27","modified_gmt":"2016-03-16T20:25:27","slug":"ortodoxos-e-os-catolicos-estendem-a-mao-aos-pobres","status":"publish","type":"post","link":"https:\/\/news.ecclesia.org.br\/?p=4224","title":{"rendered":"ORTODOXOS E OS CAT\u00d3LICOS ESTENDEM A M\u00c3O AOS POBRES"},"content":{"rendered":"<p style=\"text-align: justify;\"><strong>Um congresso recolhe experi\u00eancias de crist\u00e3os de ambas as confiss\u00f5es<\/strong><\/p>\n<p style=\"text-align: right;\">Por Mariaelena Finessi<\/p>\n<p style=\"text-align: justify;\">ROMA, sexta-feira, 7 de Maio de 2010 (<a href=\"http:\/\/www.zenit.org\/\" target=\"_blank\">ZENIT.org<\/a>). Respons\u00e1veis eclesi\u00e1sticos, estudiosos e membros de diversos movimentos crist\u00e3os se encontraram nesta ter\u00e7a-feira em Roma, no congresso internacional promovido pela Comunidade de Santo Eg\u00eddio, Os pobres s\u00e3o o tesouro precioso da Igreja: ortodoxos e cat\u00f3licos juntos no caminho da caridade.<\/p>\n<p style=\"text-align: justify;\">Na raiz do encontro, a reflex\u00e3o sobre o acolhimento dos mais fr\u00e1geis em nossas cidades e, depois, o testemunho dos padres da Igreja e os desafios ditados por novos problemas sociais. Intervieram, entre outros, Arkadij Satov (presidente do departamento sinodal para a caridade do patriarcado de Moscou), Arcebispo Filaret (metropolitano de Minsk e Sluck) e o Cardeal Roger Etchegaray (vice-decano do col\u00e9gio cardinal\u00edcio). \u00abO objetivo da exist\u00eancia \u00e9 dar\u00bb explica Laurentiu, arcebispo de Sibiu. \u00abSe n\u00e3o fosse assim, como poderia ser de outra maneira?\u00bb \u00abO que n\u00f3s temos &#8211; explica Zoran Nedeljkovic, diretor da Biblioteca do Patriarcado da S\u00e9rvia &#8211; n\u00f3s \u00e9 dado em pr\u00e9stimo e, por isso, devemos retribuir\u00bb. Na realidade, o que se dir\u00e1 de n\u00f3s n\u00e3o ser\u00e1 a riqueza possu\u00edda, mas, em primeiro lugar, das obras realizadas. Especialmente pelos que vivem nos arredores da cidade, precisamente l\u00e1 onde \u00aba Igreja &#8211; como recorda Dom Vincenzo Paglia, bispo de Terni &#8211; desde seus primeiros passos tem cruzado com os pobres\u00bb.<\/p>\n<p style=\"text-align: justify;\">Assim, se Bas\u00edlio quis ajudar os numerosos necessitados, criando para eles uma cidade chamada Basil\u00edade, Jo\u00e3o Cris\u00f3stomo vendeu os objetos bonitos que adornavam a casa episcopal, consagrando seu grande rendimento \u00e0 funda\u00e7\u00e3o de hospitais e ao acolhimento desses marginalizados. \u00abSe voc\u00ea quer honrar o Corpo de Cristo &#8211; pregou &#8211; n\u00e3o o despreze quando ele estiver desprovido; n\u00e3o honre o Cristo Eucar\u00edstico em pe\u00e7as de seda, enquanto fora do templo neglig\u00eancia o outro Cristo que sofre por frio e nudez\u00bb.<\/p>\n<p style=\"text-align: justify;\">Na \u00c1frica, Agostinho tamb\u00e9m sentiu o drama dos pobres que se refugiavam \u00e0s grandes cidades habitadas. Por isso, pressiona os administradores da catedral de Hipona a adquirirem um bairro inteiro, com suas estruturas industriais, cujas depend\u00eancias servir\u00e3o \u00e0s demandas do culto e dos pobres (freq\u00fcentemente, os membros da mesma comunidade crist\u00e3 que deu ref\u00fagio a estrangeiros, \u00f3rf\u00e3os, vi\u00favas e v\u00edtimas de agress\u00f5es). \u00abDar caridade &#8211; Agostinho comentou &#8211; \u00e9 como seu zelador. Leva para voc\u00ea ao c\u00e9u aquilo que voc\u00ea d\u00e1\u00bb.<\/p>\n<p style=\"text-align: justify;\">Mas, finalmente, aproxima-se de n\u00f3s o tempo em que as pessoas tentar\u00e3o construir um \u00abnovo mundo\u00bb, \u00abde um modo ut\u00f3pico e dr\u00e1stico &#8211; explica Andrea Riccardi, fundador de Santo Eg\u00eddio &#8211; sobre o caminho de uma vis\u00e3o ideol\u00f3gica\u00bb que era do comunismo e outros totalitarismos. No projeto daquele \u00abnovo mundo\u00bb, \u00abj\u00e1 n\u00e3o era necess\u00e1ria a caridade evang\u00e9lica, da qual a Igreja falava h\u00e1 s\u00e9culos\u00bb. Os crist\u00e3os, em face desta utopia, foram colocados no banco dos r\u00e9us: \u00abN\u00e3o eram c\u00famplices da mis\u00e9ria de tantos pobres, lhes ensinando a resigna\u00e7\u00e3o e os ajudando de um modo pontual, sem transformar a realidade social profundamente?\u00bb<\/p>\n<p style=\"text-align: justify;\">O desafio, iniciado no s\u00e9culo XIX com o crescimento dos movimentos socialistas e o div\u00f3rcio entre a Igreja e o mundo prolet\u00e1rio, cresceu no s\u00e9culo XX com a realiza\u00e7\u00e3o dos regimes comunistas. \u00abPara eles, a Igreja, inimiga da classe trabalhadora e do progresso social, era um vest\u00edgio do passado a se eliminar\u00bb. Exilada, a Igreja estava proibida de celebrar a vit\u00f3ria da igualdade social que deveria realizar-se pela caridade. No entanto, homens e mulheres de f\u00e9 t\u00eam tentado salvar o abismo criado entre a Igreja e o pobre: Ra\u00fal Follereau, Albert Schweitzer, Giorgio La Pira, a grande duquesa Maria Isabel da R\u00fassia, a freira ortodoxa Maria Skobtsov e a Madre Teresa de Calcut\u00e1 s\u00e3o s\u00f3 alguns nomes.<\/p>\n<p style=\"text-align: justify;\">Ao chegar do s\u00e9culo XXI, \u00abo humanismo crist\u00e3o &#8211; conclui Dom Marco Gnavi, da Comunidade de Santo Eg\u00eddio &#8211; finalmente p\u00f5e \u00e0 prova a arquitetura urbana e humana da cidade moderna, produto e s\u00edntese das tens\u00f5es de um mundo globalizado\u00bb.O pobre, neste contexto, \u00ablembra do limite e da fragilidade de nossa condi\u00e7\u00e3o e \u00e9 portador do pedido, \u00e0s vezes desesperado, de humaniza\u00e7\u00e3o da atmosfera que o rodeia. Indica o que perde nossa coexist\u00eancia e provoca o olhar interior a ver al\u00e9m da satisfa\u00e7\u00e3o do desejo pessoal e material\u00bb. Por outro lado, a novidade perene do cristianismo estava, e est\u00e1, alimentando uma vis\u00e3o: quem v\u00ea os pobres e lhes tem compaix\u00e3o come\u00e7a a olhar de um modo diferente.<\/p>\n<p style=\"text-align: justify;\">Um grande bispo de Roma, o Papa Greg\u00f3rio Magno, ensinava: \u00abQuanto mais a pessoa se expande no amor ao pr\u00f3ximo, tanto mais se eleva no conhecimento de Deus\u00bb. \u00abInclinando-se ao pr\u00f3ximo, se adquire for\u00e7a para ser correto &#8211; adicionou. Esta caridade que nos faz humildes e compassivos, nos eleva, depois, ao grau mais alto da contempla\u00e7\u00e3o\u00bb.<\/p>\n","protected":false},"excerpt":{"rendered":"<p>Um congresso recolhe experi\u00eancias de crist\u00e3os de ambas as confiss\u00f5es Por Mariaelena Finessi ROMA, sexta-feira, 7 de Maio de 2010 (ZENIT.org). Respons\u00e1veis eclesi\u00e1sticos, estudiosos e membros de diversos movimentos crist\u00e3os se encontraram nesta ter\u00e7a-feira em Roma, no congresso internacional promovido&#8230;<\/p>\n","protected":false},"author":1,"featured_media":15868,"comment_status":"open","ping_status":"open","sticky":false,"template":"","format":"standard","meta":{"_acf_changed":false,"footnotes":""},"categories":[1],"tags":[],"class_list":["post-4224","post","type-post","status-publish","format-standard","has-post-thumbnail","hentry","category-news","entry","rows-excerpt"],"acf":[],"yoast_head":"<!-- This site is optimized with the Yoast SEO plugin v27.5 - https:\/\/yoast.com\/product\/yoast-seo-wordpress\/ -->\n<title>ORTODOXOS E OS CAT\u00d3LICOS ESTENDEM A M\u00c3O AOS POBRES | ECCLESIA NEWS<\/title>\n<meta name=\"robots\" content=\"index, follow, max-snippet:-1, max-image-preview:large, max-video-preview:-1\" \/>\n<link rel=\"canonical\" href=\"https:\/\/news.ecclesia.org.br\/?p=4224\" \/>\n<meta property=\"og:locale\" content=\"pt_BR\" \/>\n<meta property=\"og:type\" content=\"article\" \/>\n<meta property=\"og:title\" content=\"ORTODOXOS E OS CAT\u00d3LICOS ESTENDEM A M\u00c3O AOS POBRES | ECCLESIA NEWS\" \/>\n<meta property=\"og:description\" content=\"Um congresso recolhe experi\u00eancias de crist\u00e3os de ambas as confiss\u00f5es Por Mariaelena Finessi ROMA, sexta-feira, 7 de Maio de 2010 (ZENIT.org). Respons\u00e1veis eclesi\u00e1sticos, estudiosos e membros de diversos movimentos crist\u00e3os se encontraram nesta ter\u00e7a-feira em Roma, no congresso internacional promovido&#8230;\" \/>\n<meta property=\"og:url\" content=\"https:\/\/news.ecclesia.org.br\/?p=4224\" \/>\n<meta property=\"og:site_name\" content=\"ECCLESIA NEWS\" \/>\n<meta property=\"article:publisher\" content=\"https:\/\/www.facebook.com\/Ecclesia2025\" \/>\n<meta property=\"article:published_time\" content=\"2010-05-08T00:05:12+00:00\" \/>\n<meta property=\"article:modified_time\" content=\"2016-03-16T20:25:27+00:00\" \/>\n<meta property=\"og:image\" content=\"https:\/\/news.ecclesia.org.br\/wp-content\/uploads\/2010\/05\/os-pobres-sao-o-tesouro.jpg\" \/>\n\t<meta property=\"og:image:width\" content=\"400\" \/>\n\t<meta property=\"og:image:height\" content=\"428\" \/>\n\t<meta property=\"og:image:type\" content=\"image\/jpeg\" \/>\n<meta name=\"author\" content=\"Pe. Andr\u00e9\" \/>\n<meta name=\"twitter:card\" content=\"summary_large_image\" \/>\n<meta name=\"twitter:creator\" content=\"@EcclesiaNews\" \/>\n<meta name=\"twitter:site\" content=\"@EcclesiaNews\" \/>\n<meta name=\"twitter:label1\" content=\"Escrito por\" \/>\n\t<meta name=\"twitter:data1\" content=\"Pe. Andr\u00e9\" \/>\n\t<meta name=\"twitter:label2\" content=\"Est. tempo de leitura\" \/>\n\t<meta name=\"twitter:data2\" content=\"4 minutos\" \/>\n<script type=\"application\/ld+json\" class=\"yoast-schema-graph\">{\"@context\":\"https:\\\/\\\/schema.org\",\"@graph\":[{\"@type\":\"Article\",\"@id\":\"https:\\\/\\\/news.ecclesia.org.br\\\/?p=4224#article\",\"isPartOf\":{\"@id\":\"https:\\\/\\\/news.ecclesia.org.br\\\/?p=4224\"},\"author\":{\"name\":\"Pe. Andr\u00e9\",\"@id\":\"https:\\\/\\\/news.ecclesia.org.br\\\/#\\\/schema\\\/person\\\/6f09597f025829745ba414a569f63758\"},\"headline\":\"ORTODOXOS E OS CAT\u00d3LICOS ESTENDEM A M\u00c3O AOS POBRES\",\"datePublished\":\"2010-05-08T00:05:12+00:00\",\"dateModified\":\"2016-03-16T20:25:27+00:00\",\"mainEntityOfPage\":{\"@id\":\"https:\\\/\\\/news.ecclesia.org.br\\\/?p=4224\"},\"wordCount\":870,\"commentCount\":0,\"publisher\":{\"@id\":\"https:\\\/\\\/news.ecclesia.org.br\\\/#organization\"},\"image\":{\"@id\":\"https:\\\/\\\/news.ecclesia.org.br\\\/?p=4224#primaryimage\"},\"thumbnailUrl\":\"https:\\\/\\\/news.ecclesia.org.br\\\/wp-content\\\/uploads\\\/2010\\\/05\\\/os-pobres-sao-o-tesouro.jpg\",\"articleSection\":[\"NEWS\"],\"inLanguage\":\"pt-BR\",\"potentialAction\":[{\"@type\":\"CommentAction\",\"name\":\"Comment\",\"target\":[\"https:\\\/\\\/news.ecclesia.org.br\\\/?p=4224#respond\"]}]},{\"@type\":\"WebPage\",\"@id\":\"https:\\\/\\\/news.ecclesia.org.br\\\/?p=4224\",\"url\":\"https:\\\/\\\/news.ecclesia.org.br\\\/?p=4224\",\"name\":\"ORTODOXOS E OS CAT\u00d3LICOS ESTENDEM A M\u00c3O AOS POBRES | ECCLESIA NEWS\",\"isPartOf\":{\"@id\":\"https:\\\/\\\/news.ecclesia.org.br\\\/#website\"},\"primaryImageOfPage\":{\"@id\":\"https:\\\/\\\/news.ecclesia.org.br\\\/?p=4224#primaryimage\"},\"image\":{\"@id\":\"https:\\\/\\\/news.ecclesia.org.br\\\/?p=4224#primaryimage\"},\"thumbnailUrl\":\"https:\\\/\\\/news.ecclesia.org.br\\\/wp-content\\\/uploads\\\/2010\\\/05\\\/os-pobres-sao-o-tesouro.jpg\",\"datePublished\":\"2010-05-08T00:05:12+00:00\",\"dateModified\":\"2016-03-16T20:25:27+00:00\",\"breadcrumb\":{\"@id\":\"https:\\\/\\\/news.ecclesia.org.br\\\/?p=4224#breadcrumb\"},\"inLanguage\":\"pt-BR\",\"potentialAction\":[{\"@type\":\"ReadAction\",\"target\":[\"https:\\\/\\\/news.ecclesia.org.br\\\/?p=4224\"]}]},{\"@type\":\"ImageObject\",\"inLanguage\":\"pt-BR\",\"@id\":\"https:\\\/\\\/news.ecclesia.org.br\\\/?p=4224#primaryimage\",\"url\":\"https:\\\/\\\/news.ecclesia.org.br\\\/wp-content\\\/uploads\\\/2010\\\/05\\\/os-pobres-sao-o-tesouro.jpg\",\"contentUrl\":\"https:\\\/\\\/news.ecclesia.org.br\\\/wp-content\\\/uploads\\\/2010\\\/05\\\/os-pobres-sao-o-tesouro.jpg\",\"width\":400,\"height\":428},{\"@type\":\"BreadcrumbList\",\"@id\":\"https:\\\/\\\/news.ecclesia.org.br\\\/?p=4224#breadcrumb\",\"itemListElement\":[{\"@type\":\"ListItem\",\"position\":1,\"name\":\"In\u00edcio\",\"item\":\"https:\\\/\\\/news.ecclesia.org.br\\\/\"},{\"@type\":\"ListItem\",\"position\":2,\"name\":\"ORTODOXOS E OS CAT\u00d3LICOS ESTENDEM A M\u00c3O AOS POBRES\"}]},{\"@type\":\"WebSite\",\"@id\":\"https:\\\/\\\/news.ecclesia.org.br\\\/#website\",\"url\":\"https:\\\/\\\/news.ecclesia.org.br\\\/\",\"name\":\"Ecclesia Brasil\",\"description\":\"Desde 2003 onectando o Brasil ao mundo ortodoxo!\",\"publisher\":{\"@id\":\"https:\\\/\\\/news.ecclesia.org.br\\\/#organization\"},\"alternateName\":\"Ecclesia\",\"potentialAction\":[{\"@type\":\"SearchAction\",\"target\":{\"@type\":\"EntryPoint\",\"urlTemplate\":\"https:\\\/\\\/news.ecclesia.org.br\\\/?s={search_term_string}\"},\"query-input\":{\"@type\":\"PropertyValueSpecification\",\"valueRequired\":true,\"valueName\":\"search_term_string\"}}],\"inLanguage\":\"pt-BR\"},{\"@type\":\"Organization\",\"@id\":\"https:\\\/\\\/news.ecclesia.org.br\\\/#organization\",\"name\":\"Sacra Arquidiocese de Buenos Aires e Am\u00e9rica do Sul | Patriarcado Ecum\u00eanico\",\"alternateName\":\"News Ecclesia Brasil\",\"url\":\"https:\\\/\\\/news.ecclesia.org.br\\\/\",\"logo\":{\"@type\":\"ImageObject\",\"inLanguage\":\"pt-BR\",\"@id\":\"https:\\\/\\\/news.ecclesia.org.br\\\/#\\\/schema\\\/logo\\\/image\\\/\",\"url\":\"https:\\\/\\\/news.ecclesia.org.br\\\/wp-content\\\/uploads\\\/2025\\\/05\\\/ecclesia2.png\",\"contentUrl\":\"https:\\\/\\\/news.ecclesia.org.br\\\/wp-content\\\/uploads\\\/2025\\\/05\\\/ecclesia2.png\",\"width\":480,\"height\":120,\"caption\":\"Sacra Arquidiocese de Buenos Aires e Am\u00e9rica do Sul | Patriarcado Ecum\u00eanico\"},\"image\":{\"@id\":\"https:\\\/\\\/news.ecclesia.org.br\\\/#\\\/schema\\\/logo\\\/image\\\/\"},\"sameAs\":[\"https:\\\/\\\/www.facebook.com\\\/Ecclesia2025\",\"https:\\\/\\\/x.com\\\/EcclesiaNews\",\"https:\\\/\\\/br.pinterest.com\\\/ekklisia\\\/\",\"https:\\\/\\\/www.youtube.com\\\/@EcclesiaBrasil\"]},{\"@type\":\"Person\",\"@id\":\"https:\\\/\\\/news.ecclesia.org.br\\\/#\\\/schema\\\/person\\\/6f09597f025829745ba414a569f63758\",\"name\":\"Pe. Andr\u00e9\",\"image\":{\"@type\":\"ImageObject\",\"inLanguage\":\"pt-BR\",\"@id\":\"https:\\\/\\\/secure.gravatar.com\\\/avatar\\\/b4327cfa27e9799da239a26adcd534fc29cdc0c4a4a148eecbcfeb9b42c617ac?s=96&d=mm&r=g\",\"url\":\"https:\\\/\\\/secure.gravatar.com\\\/avatar\\\/b4327cfa27e9799da239a26adcd534fc29cdc0c4a4a148eecbcfeb9b42c617ac?s=96&d=mm&r=g\",\"contentUrl\":\"https:\\\/\\\/secure.gravatar.com\\\/avatar\\\/b4327cfa27e9799da239a26adcd534fc29cdc0c4a4a148eecbcfeb9b42c617ac?s=96&d=mm&r=g\",\"caption\":\"Pe. Andr\u00e9\"},\"sameAs\":[\"https:\\\/\\\/www.ecclesia.org.br\"]}]}<\/script>\n<!-- \/ Yoast SEO plugin. -->","yoast_head_json":{"title":"ORTODOXOS E OS CAT\u00d3LICOS ESTENDEM A M\u00c3O AOS POBRES | ECCLESIA NEWS","robots":{"index":"index","follow":"follow","max-snippet":"max-snippet:-1","max-image-preview":"max-image-preview:large","max-video-preview":"max-video-preview:-1"},"canonical":"https:\/\/news.ecclesia.org.br\/?p=4224","og_locale":"pt_BR","og_type":"article","og_title":"ORTODOXOS E OS CAT\u00d3LICOS ESTENDEM A M\u00c3O AOS POBRES | ECCLESIA NEWS","og_description":"Um congresso recolhe experi\u00eancias de crist\u00e3os de ambas as confiss\u00f5es Por Mariaelena Finessi ROMA, sexta-feira, 7 de Maio de 2010 (ZENIT.org). Respons\u00e1veis eclesi\u00e1sticos, estudiosos e membros de diversos movimentos crist\u00e3os se encontraram nesta ter\u00e7a-feira em Roma, no congresso internacional promovido&#8230;","og_url":"https:\/\/news.ecclesia.org.br\/?p=4224","og_site_name":"ECCLESIA NEWS","article_publisher":"https:\/\/www.facebook.com\/Ecclesia2025","article_published_time":"2010-05-08T00:05:12+00:00","article_modified_time":"2016-03-16T20:25:27+00:00","og_image":[{"width":400,"height":428,"url":"https:\/\/news.ecclesia.org.br\/wp-content\/uploads\/2010\/05\/os-pobres-sao-o-tesouro.jpg","type":"image\/jpeg"}],"author":"Pe. Andr\u00e9","twitter_card":"summary_large_image","twitter_creator":"@EcclesiaNews","twitter_site":"@EcclesiaNews","twitter_misc":{"Escrito por":"Pe. Andr\u00e9","Est. tempo de leitura":"4 minutos"},"schema":{"@context":"https:\/\/schema.org","@graph":[{"@type":"Article","@id":"https:\/\/news.ecclesia.org.br\/?p=4224#article","isPartOf":{"@id":"https:\/\/news.ecclesia.org.br\/?p=4224"},"author":{"name":"Pe. Andr\u00e9","@id":"https:\/\/news.ecclesia.org.br\/#\/schema\/person\/6f09597f025829745ba414a569f63758"},"headline":"ORTODOXOS E OS CAT\u00d3LICOS ESTENDEM A M\u00c3O AOS POBRES","datePublished":"2010-05-08T00:05:12+00:00","dateModified":"2016-03-16T20:25:27+00:00","mainEntityOfPage":{"@id":"https:\/\/news.ecclesia.org.br\/?p=4224"},"wordCount":870,"commentCount":0,"publisher":{"@id":"https:\/\/news.ecclesia.org.br\/#organization"},"image":{"@id":"https:\/\/news.ecclesia.org.br\/?p=4224#primaryimage"},"thumbnailUrl":"https:\/\/news.ecclesia.org.br\/wp-content\/uploads\/2010\/05\/os-pobres-sao-o-tesouro.jpg","articleSection":["NEWS"],"inLanguage":"pt-BR","potentialAction":[{"@type":"CommentAction","name":"Comment","target":["https:\/\/news.ecclesia.org.br\/?p=4224#respond"]}]},{"@type":"WebPage","@id":"https:\/\/news.ecclesia.org.br\/?p=4224","url":"https:\/\/news.ecclesia.org.br\/?p=4224","name":"ORTODOXOS E OS CAT\u00d3LICOS ESTENDEM A M\u00c3O AOS POBRES | ECCLESIA NEWS","isPartOf":{"@id":"https:\/\/news.ecclesia.org.br\/#website"},"primaryImageOfPage":{"@id":"https:\/\/news.ecclesia.org.br\/?p=4224#primaryimage"},"image":{"@id":"https:\/\/news.ecclesia.org.br\/?p=4224#primaryimage"},"thumbnailUrl":"https:\/\/news.ecclesia.org.br\/wp-content\/uploads\/2010\/05\/os-pobres-sao-o-tesouro.jpg","datePublished":"2010-05-08T00:05:12+00:00","dateModified":"2016-03-16T20:25:27+00:00","breadcrumb":{"@id":"https:\/\/news.ecclesia.org.br\/?p=4224#breadcrumb"},"inLanguage":"pt-BR","potentialAction":[{"@type":"ReadAction","target":["https:\/\/news.ecclesia.org.br\/?p=4224"]}]},{"@type":"ImageObject","inLanguage":"pt-BR","@id":"https:\/\/news.ecclesia.org.br\/?p=4224#primaryimage","url":"https:\/\/news.ecclesia.org.br\/wp-content\/uploads\/2010\/05\/os-pobres-sao-o-tesouro.jpg","contentUrl":"https:\/\/news.ecclesia.org.br\/wp-content\/uploads\/2010\/05\/os-pobres-sao-o-tesouro.jpg","width":400,"height":428},{"@type":"BreadcrumbList","@id":"https:\/\/news.ecclesia.org.br\/?p=4224#breadcrumb","itemListElement":[{"@type":"ListItem","position":1,"name":"In\u00edcio","item":"https:\/\/news.ecclesia.org.br\/"},{"@type":"ListItem","position":2,"name":"ORTODOXOS E OS CAT\u00d3LICOS ESTENDEM A M\u00c3O AOS POBRES"}]},{"@type":"WebSite","@id":"https:\/\/news.ecclesia.org.br\/#website","url":"https:\/\/news.ecclesia.org.br\/","name":"Ecclesia Brasil","description":"Desde 2003 onectando o Brasil ao mundo ortodoxo!","publisher":{"@id":"https:\/\/news.ecclesia.org.br\/#organization"},"alternateName":"Ecclesia","potentialAction":[{"@type":"SearchAction","target":{"@type":"EntryPoint","urlTemplate":"https:\/\/news.ecclesia.org.br\/?s={search_term_string}"},"query-input":{"@type":"PropertyValueSpecification","valueRequired":true,"valueName":"search_term_string"}}],"inLanguage":"pt-BR"},{"@type":"Organization","@id":"https:\/\/news.ecclesia.org.br\/#organization","name":"Sacra Arquidiocese de Buenos Aires e Am\u00e9rica do Sul | Patriarcado Ecum\u00eanico","alternateName":"News Ecclesia Brasil","url":"https:\/\/news.ecclesia.org.br\/","logo":{"@type":"ImageObject","inLanguage":"pt-BR","@id":"https:\/\/news.ecclesia.org.br\/#\/schema\/logo\/image\/","url":"https:\/\/news.ecclesia.org.br\/wp-content\/uploads\/2025\/05\/ecclesia2.png","contentUrl":"https:\/\/news.ecclesia.org.br\/wp-content\/uploads\/2025\/05\/ecclesia2.png","width":480,"height":120,"caption":"Sacra Arquidiocese de Buenos Aires e Am\u00e9rica do Sul | Patriarcado Ecum\u00eanico"},"image":{"@id":"https:\/\/news.ecclesia.org.br\/#\/schema\/logo\/image\/"},"sameAs":["https:\/\/www.facebook.com\/Ecclesia2025","https:\/\/x.com\/EcclesiaNews","https:\/\/br.pinterest.com\/ekklisia\/","https:\/\/www.youtube.com\/@EcclesiaBrasil"]},{"@type":"Person","@id":"https:\/\/news.ecclesia.org.br\/#\/schema\/person\/6f09597f025829745ba414a569f63758","name":"Pe. Andr\u00e9","image":{"@type":"ImageObject","inLanguage":"pt-BR","@id":"https:\/\/secure.gravatar.com\/avatar\/b4327cfa27e9799da239a26adcd534fc29cdc0c4a4a148eecbcfeb9b42c617ac?s=96&d=mm&r=g","url":"https:\/\/secure.gravatar.com\/avatar\/b4327cfa27e9799da239a26adcd534fc29cdc0c4a4a148eecbcfeb9b42c617ac?s=96&d=mm&r=g","contentUrl":"https:\/\/secure.gravatar.com\/avatar\/b4327cfa27e9799da239a26adcd534fc29cdc0c4a4a148eecbcfeb9b42c617ac?s=96&d=mm&r=g","caption":"Pe. Andr\u00e9"},"sameAs":["https:\/\/www.ecclesia.org.br"]}]}},"_links":{"self":[{"href":"https:\/\/news.ecclesia.org.br\/index.php?rest_route=\/wp\/v2\/posts\/4224","targetHints":{"allow":["GET"]}}],"collection":[{"href":"https:\/\/news.ecclesia.org.br\/index.php?rest_route=\/wp\/v2\/posts"}],"about":[{"href":"https:\/\/news.ecclesia.org.br\/index.php?rest_route=\/wp\/v2\/types\/post"}],"author":[{"embeddable":true,"href":"https:\/\/news.ecclesia.org.br\/index.php?rest_route=\/wp\/v2\/users\/1"}],"replies":[{"embeddable":true,"href":"https:\/\/news.ecclesia.org.br\/index.php?rest_route=%2Fwp%2Fv2%2Fcomments&post=4224"}],"version-history":[{"count":0,"href":"https:\/\/news.ecclesia.org.br\/index.php?rest_route=\/wp\/v2\/posts\/4224\/revisions"}],"wp:featuredmedia":[{"embeddable":true,"href":"https:\/\/news.ecclesia.org.br\/index.php?rest_route=\/wp\/v2\/media\/15868"}],"wp:attachment":[{"href":"https:\/\/news.ecclesia.org.br\/index.php?rest_route=%2Fwp%2Fv2%2Fmedia&parent=4224"}],"wp:term":[{"taxonomy":"category","embeddable":true,"href":"https:\/\/news.ecclesia.org.br\/index.php?rest_route=%2Fwp%2Fv2%2Fcategories&post=4224"},{"taxonomy":"post_tag","embeddable":true,"href":"https:\/\/news.ecclesia.org.br\/index.php?rest_route=%2Fwp%2Fv2%2Ftags&post=4224"}],"curies":[{"name":"wp","href":"https:\/\/api.w.org\/{rel}","templated":true}]}}