{"id":4219,"date":"2010-05-03T23:46:19","date_gmt":"2010-05-04T01:46:19","guid":{"rendered":"http:\/\/www.ecclesia.com.br\/news\/?p=4219"},"modified":"2016-03-16T20:45:25","modified_gmt":"2016-03-16T20:45:25","slug":"mossul-dia-de-luto-apos-o-ataque-contra-os-cristaos","status":"publish","type":"post","link":"https:\/\/news.ecclesia.org.br\/?p=4219","title":{"rendered":"Mossul: Dia de luto ap\u00f3s o ataque contra os crist\u00e3os"},"content":{"rendered":"<p style=\"text-align: justify;\"><strong>Iraque: 4 mortos e 171 feridos em atentado contra estudantes crist\u00e3os<\/strong><\/p>\n<p style=\"text-align: justify;\"><img fetchpriority=\"high\" decoding=\"async\" class=\"alignleft size-medium wp-image-15875\" src=\"https:\/\/news.ecclesia.org.br\/2013\/wp-content\/uploads\/2010\/05\/odu-iraq-christians-bomb-attack-300x200.jpg\" alt=\"odu-iraq-christians-bomb-attack\" width=\"300\" height=\"200\" srcset=\"https:\/\/news.ecclesia.org.br\/wp-content\/uploads\/2010\/05\/odu-iraq-christians-bomb-attack-300x200.jpg 300w, https:\/\/news.ecclesia.org.br\/wp-content\/uploads\/2010\/05\/odu-iraq-christians-bomb-attack-83x55.jpg 83w, https:\/\/news.ecclesia.org.br\/wp-content\/uploads\/2010\/05\/odu-iraq-christians-bomb-attack-60x40.jpg 60w, https:\/\/news.ecclesia.org.br\/wp-content\/uploads\/2010\/05\/odu-iraq-christians-bomb-attack-120x80.jpg 120w, https:\/\/news.ecclesia.org.br\/wp-content\/uploads\/2010\/05\/odu-iraq-christians-bomb-attack.jpg 380w\" sizes=\"(max-width: 300px) 100vw, 300px\" \/>MOSSUL, segunda-feira, 3 de maio de 2010 (<a href=\"http:\/\/www.zenit.org\/\" target=\"_blank\">ZENIT.org<\/a>). &#8211; Quatro pessoas morreram e outras 171 ficaram feridas em um atentado ocorrido ontem a v\u00e1rios \u00f4nibus que transportavam estudantes crist\u00e3os de um bairro de maioria crist\u00e3 para a Universidade de Mossul, no Iraque. O arcebispo caldeu da cidade, Dom Emil Shimoun Nona, relatou ao Servi\u00e7o de Informa\u00e7\u00e3o Religiosa da Confer\u00eancia Episcopal Italiana os efeitos devastadores da explos\u00e3o. O comboio composto por v\u00e1rios \u00f4nibus leva todas as manh\u00e3s os estudantes universit\u00e1rios de Qaraqosh, localidade predominantemente crist\u00e3, \u00e0 universidade de Mossul, e foi atacado de surpresa pr\u00f3ximo \u00e0 cidade. O atentado ocorreu ap\u00f3s o comboio ter passado pelo primeiro posto de controle das for\u00e7as de seguran\u00e7a iraquianas, explicou o Pe. Rayan Atto, de Erbil, ao blogue Bagdadhope. Uma explos\u00e3o primeiro e um carro bomba estacionado \u00e0 beira da rodovia, atingiram tr\u00eas \u00f4nibus do comboio. Cada ve\u00edculo transportava em torno de 50 estudantes, com idades entre 18 e 26 anos. A escolta &#8211; dois autom\u00f3veis \u00e0 frente e um terceiro na retaguarda &#8211; n\u00e3o foi suficiente para impedir o ataque. Ap\u00f3s o atentado, dezenas de jovens, alguns em estado grav\u00edssimo, come\u00e7aram a chegar aos hospitais de Erbil; 17 pessoas permanecem internadas em estado cr\u00edtico. Os crist\u00e3os do povoado e de outros centros vizinhos aglomeram-se nas portas dos hospitais em busca de informa\u00e7\u00f5es sobre os feridos e para doar sangue. \u00abEstamos diante de mais um ataque contra os crist\u00e3os\u00bb &#8211; declarou Dom Nona. \u00abA viol\u00eancia continua sem tr\u00e9gua\u00bb. Segundo o arcebispo, \u00abo vazio de poder criado ap\u00f3s as elei\u00e7\u00f5es, a aus\u00eancia de um novo governo e disputas internas nos partidos criam as condi\u00e7\u00f5es para a escalada de viol\u00eancia\u00bb. Por sua vez, o vig\u00e1rio patriarcal caldeu de Bagd\u00e1, Dom Shlemon Warduni, lamentou nesta segunda-feira que \u00abnenhuma autoridade nos dirigiu uma palavra de solidariedade ou um pedido de desculpas\u00bb. A comunidade crist\u00e3 est\u00e1 chocada com o atentado. \u00abJ\u00e1 n\u00e3o sabemos o que fazer diante de tanta viol\u00eancia\u00bb, confessou Dom Warduni. \u00abEstamos chocados porque as v\u00edtimas n\u00e3o eram soldados ou militantes, mas apenas estudantes que carregavam seus cadernos, suas canetas e seus sonhos de aprender e servir seu pa\u00eds\u00bb, disse o sacerdote redentorista Bashar Warda. \u00abOs crist\u00e3os continuam sob a mira e s\u00e3o as v\u00edtimas preferenciais da viol\u00eancia\u00bb, concluiu.<\/p>\n<p style=\"text-align: justify;\">\n","protected":false},"excerpt":{"rendered":"<p>Iraque: 4 mortos e 171 feridos em atentado contra estudantes crist\u00e3os MOSSUL, segunda-feira, 3 de maio de 2010 (ZENIT.org). &#8211; Quatro pessoas morreram e outras 171 ficaram feridas em um atentado ocorrido ontem a v\u00e1rios \u00f4nibus que transportavam estudantes crist\u00e3os&#8230;<\/p>\n","protected":false},"author":1,"featured_media":15875,"comment_status":"open","ping_status":"open","sticky":false,"template":"","format":"standard","meta":{"_acf_changed":false,"footnotes":""},"categories":[1],"tags":[],"class_list":["post-4219","post","type-post","status-publish","format-standard","has-post-thumbnail","hentry","category-news","entry","rows-excerpt"],"acf":[],"yoast_head":"<!-- This site is optimized with the Yoast SEO plugin v27.5 - https:\/\/yoast.com\/product\/yoast-seo-wordpress\/ -->\n<title>Mossul: Dia de luto ap\u00f3s o ataque contra os crist\u00e3os | ECCLESIA NEWS<\/title>\n<meta name=\"robots\" content=\"index, follow, max-snippet:-1, max-image-preview:large, max-video-preview:-1\" \/>\n<link rel=\"canonical\" href=\"https:\/\/news.ecclesia.org.br\/?p=4219\" \/>\n<meta property=\"og:locale\" content=\"pt_BR\" \/>\n<meta property=\"og:type\" content=\"article\" \/>\n<meta property=\"og:title\" content=\"Mossul: Dia de luto ap\u00f3s o ataque contra os crist\u00e3os | ECCLESIA NEWS\" \/>\n<meta property=\"og:description\" content=\"Iraque: 4 mortos e 171 feridos em atentado contra estudantes crist\u00e3os MOSSUL, segunda-feira, 3 de maio de 2010 (ZENIT.org). &#8211; Quatro pessoas morreram e outras 171 ficaram feridas em um atentado ocorrido ontem a v\u00e1rios \u00f4nibus que transportavam estudantes crist\u00e3os&#8230;\" \/>\n<meta property=\"og:url\" content=\"https:\/\/news.ecclesia.org.br\/?p=4219\" \/>\n<meta property=\"og:site_name\" content=\"ECCLESIA NEWS\" \/>\n<meta property=\"article:publisher\" content=\"https:\/\/www.facebook.com\/Ecclesia2025\" \/>\n<meta property=\"article:published_time\" content=\"2010-05-04T01:46:19+00:00\" \/>\n<meta property=\"article:modified_time\" content=\"2016-03-16T20:45:25+00:00\" \/>\n<meta property=\"og:image\" content=\"https:\/\/news.ecclesia.org.br\/wp-content\/uploads\/2010\/05\/odu-iraq-christians-bomb-attack.jpg\" \/>\n\t<meta property=\"og:image:width\" content=\"380\" \/>\n\t<meta property=\"og:image:height\" content=\"253\" \/>\n\t<meta property=\"og:image:type\" content=\"image\/jpeg\" \/>\n<meta name=\"author\" content=\"Pe. Andr\u00e9\" \/>\n<meta name=\"twitter:card\" content=\"summary_large_image\" \/>\n<meta name=\"twitter:creator\" content=\"@EcclesiaNews\" \/>\n<meta name=\"twitter:site\" content=\"@EcclesiaNews\" \/>\n<meta name=\"twitter:label1\" content=\"Escrito por\" \/>\n\t<meta name=\"twitter:data1\" content=\"Pe. Andr\u00e9\" \/>\n\t<meta name=\"twitter:label2\" content=\"Est. tempo de leitura\" \/>\n\t<meta name=\"twitter:data2\" content=\"2 minutos\" \/>\n<script type=\"application\/ld+json\" class=\"yoast-schema-graph\">{\"@context\":\"https:\\\/\\\/schema.org\",\"@graph\":[{\"@type\":\"Article\",\"@id\":\"https:\\\/\\\/news.ecclesia.org.br\\\/?p=4219#article\",\"isPartOf\":{\"@id\":\"https:\\\/\\\/news.ecclesia.org.br\\\/?p=4219\"},\"author\":{\"name\":\"Pe. Andr\u00e9\",\"@id\":\"https:\\\/\\\/news.ecclesia.org.br\\\/#\\\/schema\\\/person\\\/6f09597f025829745ba414a569f63758\"},\"headline\":\"Mossul: Dia de luto ap\u00f3s o ataque contra os crist\u00e3os\",\"datePublished\":\"2010-05-04T01:46:19+00:00\",\"dateModified\":\"2016-03-16T20:45:25+00:00\",\"mainEntityOfPage\":{\"@id\":\"https:\\\/\\\/news.ecclesia.org.br\\\/?p=4219\"},\"wordCount\":425,\"commentCount\":0,\"publisher\":{\"@id\":\"https:\\\/\\\/news.ecclesia.org.br\\\/#organization\"},\"image\":{\"@id\":\"https:\\\/\\\/news.ecclesia.org.br\\\/?p=4219#primaryimage\"},\"thumbnailUrl\":\"https:\\\/\\\/news.ecclesia.org.br\\\/wp-content\\\/uploads\\\/2010\\\/05\\\/odu-iraq-christians-bomb-attack.jpg\",\"articleSection\":[\"NEWS\"],\"inLanguage\":\"pt-BR\",\"potentialAction\":[{\"@type\":\"CommentAction\",\"name\":\"Comment\",\"target\":[\"https:\\\/\\\/news.ecclesia.org.br\\\/?p=4219#respond\"]}]},{\"@type\":\"WebPage\",\"@id\":\"https:\\\/\\\/news.ecclesia.org.br\\\/?p=4219\",\"url\":\"https:\\\/\\\/news.ecclesia.org.br\\\/?p=4219\",\"name\":\"Mossul: Dia de luto ap\u00f3s o ataque contra os crist\u00e3os | ECCLESIA NEWS\",\"isPartOf\":{\"@id\":\"https:\\\/\\\/news.ecclesia.org.br\\\/#website\"},\"primaryImageOfPage\":{\"@id\":\"https:\\\/\\\/news.ecclesia.org.br\\\/?p=4219#primaryimage\"},\"image\":{\"@id\":\"https:\\\/\\\/news.ecclesia.org.br\\\/?p=4219#primaryimage\"},\"thumbnailUrl\":\"https:\\\/\\\/news.ecclesia.org.br\\\/wp-content\\\/uploads\\\/2010\\\/05\\\/odu-iraq-christians-bomb-attack.jpg\",\"datePublished\":\"2010-05-04T01:46:19+00:00\",\"dateModified\":\"2016-03-16T20:45:25+00:00\",\"breadcrumb\":{\"@id\":\"https:\\\/\\\/news.ecclesia.org.br\\\/?p=4219#breadcrumb\"},\"inLanguage\":\"pt-BR\",\"potentialAction\":[{\"@type\":\"ReadAction\",\"target\":[\"https:\\\/\\\/news.ecclesia.org.br\\\/?p=4219\"]}]},{\"@type\":\"ImageObject\",\"inLanguage\":\"pt-BR\",\"@id\":\"https:\\\/\\\/news.ecclesia.org.br\\\/?p=4219#primaryimage\",\"url\":\"https:\\\/\\\/news.ecclesia.org.br\\\/wp-content\\\/uploads\\\/2010\\\/05\\\/odu-iraq-christians-bomb-attack.jpg\",\"contentUrl\":\"https:\\\/\\\/news.ecclesia.org.br\\\/wp-content\\\/uploads\\\/2010\\\/05\\\/odu-iraq-christians-bomb-attack.jpg\",\"width\":380,\"height\":253},{\"@type\":\"BreadcrumbList\",\"@id\":\"https:\\\/\\\/news.ecclesia.org.br\\\/?p=4219#breadcrumb\",\"itemListElement\":[{\"@type\":\"ListItem\",\"position\":1,\"name\":\"In\u00edcio\",\"item\":\"https:\\\/\\\/news.ecclesia.org.br\\\/\"},{\"@type\":\"ListItem\",\"position\":2,\"name\":\"Mossul: Dia de luto ap\u00f3s o ataque contra os crist\u00e3os\"}]},{\"@type\":\"WebSite\",\"@id\":\"https:\\\/\\\/news.ecclesia.org.br\\\/#website\",\"url\":\"https:\\\/\\\/news.ecclesia.org.br\\\/\",\"name\":\"Ecclesia Brasil\",\"description\":\"Desde 2003 onectando o Brasil ao mundo ortodoxo!\",\"publisher\":{\"@id\":\"https:\\\/\\\/news.ecclesia.org.br\\\/#organization\"},\"alternateName\":\"Ecclesia\",\"potentialAction\":[{\"@type\":\"SearchAction\",\"target\":{\"@type\":\"EntryPoint\",\"urlTemplate\":\"https:\\\/\\\/news.ecclesia.org.br\\\/?s={search_term_string}\"},\"query-input\":{\"@type\":\"PropertyValueSpecification\",\"valueRequired\":true,\"valueName\":\"search_term_string\"}}],\"inLanguage\":\"pt-BR\"},{\"@type\":\"Organization\",\"@id\":\"https:\\\/\\\/news.ecclesia.org.br\\\/#organization\",\"name\":\"Sacra Arquidiocese de Buenos Aires e Am\u00e9rica do Sul | Patriarcado Ecum\u00eanico\",\"alternateName\":\"News Ecclesia Brasil\",\"url\":\"https:\\\/\\\/news.ecclesia.org.br\\\/\",\"logo\":{\"@type\":\"ImageObject\",\"inLanguage\":\"pt-BR\",\"@id\":\"https:\\\/\\\/news.ecclesia.org.br\\\/#\\\/schema\\\/logo\\\/image\\\/\",\"url\":\"https:\\\/\\\/news.ecclesia.org.br\\\/wp-content\\\/uploads\\\/2025\\\/05\\\/ecclesia2.png\",\"contentUrl\":\"https:\\\/\\\/news.ecclesia.org.br\\\/wp-content\\\/uploads\\\/2025\\\/05\\\/ecclesia2.png\",\"width\":480,\"height\":120,\"caption\":\"Sacra Arquidiocese de Buenos Aires e Am\u00e9rica do Sul | Patriarcado Ecum\u00eanico\"},\"image\":{\"@id\":\"https:\\\/\\\/news.ecclesia.org.br\\\/#\\\/schema\\\/logo\\\/image\\\/\"},\"sameAs\":[\"https:\\\/\\\/www.facebook.com\\\/Ecclesia2025\",\"https:\\\/\\\/x.com\\\/EcclesiaNews\",\"https:\\\/\\\/br.pinterest.com\\\/ekklisia\\\/\",\"https:\\\/\\\/www.youtube.com\\\/@EcclesiaBrasil\"]},{\"@type\":\"Person\",\"@id\":\"https:\\\/\\\/news.ecclesia.org.br\\\/#\\\/schema\\\/person\\\/6f09597f025829745ba414a569f63758\",\"name\":\"Pe. Andr\u00e9\",\"image\":{\"@type\":\"ImageObject\",\"inLanguage\":\"pt-BR\",\"@id\":\"https:\\\/\\\/secure.gravatar.com\\\/avatar\\\/b4327cfa27e9799da239a26adcd534fc29cdc0c4a4a148eecbcfeb9b42c617ac?s=96&d=mm&r=g\",\"url\":\"https:\\\/\\\/secure.gravatar.com\\\/avatar\\\/b4327cfa27e9799da239a26adcd534fc29cdc0c4a4a148eecbcfeb9b42c617ac?s=96&d=mm&r=g\",\"contentUrl\":\"https:\\\/\\\/secure.gravatar.com\\\/avatar\\\/b4327cfa27e9799da239a26adcd534fc29cdc0c4a4a148eecbcfeb9b42c617ac?s=96&d=mm&r=g\",\"caption\":\"Pe. Andr\u00e9\"},\"sameAs\":[\"https:\\\/\\\/www.ecclesia.org.br\"]}]}<\/script>\n<!-- \/ Yoast SEO plugin. -->","yoast_head_json":{"title":"Mossul: Dia de luto ap\u00f3s o ataque contra os crist\u00e3os | ECCLESIA NEWS","robots":{"index":"index","follow":"follow","max-snippet":"max-snippet:-1","max-image-preview":"max-image-preview:large","max-video-preview":"max-video-preview:-1"},"canonical":"https:\/\/news.ecclesia.org.br\/?p=4219","og_locale":"pt_BR","og_type":"article","og_title":"Mossul: Dia de luto ap\u00f3s o ataque contra os crist\u00e3os | ECCLESIA NEWS","og_description":"Iraque: 4 mortos e 171 feridos em atentado contra estudantes crist\u00e3os MOSSUL, segunda-feira, 3 de maio de 2010 (ZENIT.org). &#8211; Quatro pessoas morreram e outras 171 ficaram feridas em um atentado ocorrido ontem a v\u00e1rios \u00f4nibus que transportavam estudantes crist\u00e3os&#8230;","og_url":"https:\/\/news.ecclesia.org.br\/?p=4219","og_site_name":"ECCLESIA NEWS","article_publisher":"https:\/\/www.facebook.com\/Ecclesia2025","article_published_time":"2010-05-04T01:46:19+00:00","article_modified_time":"2016-03-16T20:45:25+00:00","og_image":[{"width":380,"height":253,"url":"https:\/\/news.ecclesia.org.br\/wp-content\/uploads\/2010\/05\/odu-iraq-christians-bomb-attack.jpg","type":"image\/jpeg"}],"author":"Pe. Andr\u00e9","twitter_card":"summary_large_image","twitter_creator":"@EcclesiaNews","twitter_site":"@EcclesiaNews","twitter_misc":{"Escrito por":"Pe. Andr\u00e9","Est. tempo de leitura":"2 minutos"},"schema":{"@context":"https:\/\/schema.org","@graph":[{"@type":"Article","@id":"https:\/\/news.ecclesia.org.br\/?p=4219#article","isPartOf":{"@id":"https:\/\/news.ecclesia.org.br\/?p=4219"},"author":{"name":"Pe. Andr\u00e9","@id":"https:\/\/news.ecclesia.org.br\/#\/schema\/person\/6f09597f025829745ba414a569f63758"},"headline":"Mossul: Dia de luto ap\u00f3s o ataque contra os crist\u00e3os","datePublished":"2010-05-04T01:46:19+00:00","dateModified":"2016-03-16T20:45:25+00:00","mainEntityOfPage":{"@id":"https:\/\/news.ecclesia.org.br\/?p=4219"},"wordCount":425,"commentCount":0,"publisher":{"@id":"https:\/\/news.ecclesia.org.br\/#organization"},"image":{"@id":"https:\/\/news.ecclesia.org.br\/?p=4219#primaryimage"},"thumbnailUrl":"https:\/\/news.ecclesia.org.br\/wp-content\/uploads\/2010\/05\/odu-iraq-christians-bomb-attack.jpg","articleSection":["NEWS"],"inLanguage":"pt-BR","potentialAction":[{"@type":"CommentAction","name":"Comment","target":["https:\/\/news.ecclesia.org.br\/?p=4219#respond"]}]},{"@type":"WebPage","@id":"https:\/\/news.ecclesia.org.br\/?p=4219","url":"https:\/\/news.ecclesia.org.br\/?p=4219","name":"Mossul: Dia de luto ap\u00f3s o ataque contra os crist\u00e3os | ECCLESIA NEWS","isPartOf":{"@id":"https:\/\/news.ecclesia.org.br\/#website"},"primaryImageOfPage":{"@id":"https:\/\/news.ecclesia.org.br\/?p=4219#primaryimage"},"image":{"@id":"https:\/\/news.ecclesia.org.br\/?p=4219#primaryimage"},"thumbnailUrl":"https:\/\/news.ecclesia.org.br\/wp-content\/uploads\/2010\/05\/odu-iraq-christians-bomb-attack.jpg","datePublished":"2010-05-04T01:46:19+00:00","dateModified":"2016-03-16T20:45:25+00:00","breadcrumb":{"@id":"https:\/\/news.ecclesia.org.br\/?p=4219#breadcrumb"},"inLanguage":"pt-BR","potentialAction":[{"@type":"ReadAction","target":["https:\/\/news.ecclesia.org.br\/?p=4219"]}]},{"@type":"ImageObject","inLanguage":"pt-BR","@id":"https:\/\/news.ecclesia.org.br\/?p=4219#primaryimage","url":"https:\/\/news.ecclesia.org.br\/wp-content\/uploads\/2010\/05\/odu-iraq-christians-bomb-attack.jpg","contentUrl":"https:\/\/news.ecclesia.org.br\/wp-content\/uploads\/2010\/05\/odu-iraq-christians-bomb-attack.jpg","width":380,"height":253},{"@type":"BreadcrumbList","@id":"https:\/\/news.ecclesia.org.br\/?p=4219#breadcrumb","itemListElement":[{"@type":"ListItem","position":1,"name":"In\u00edcio","item":"https:\/\/news.ecclesia.org.br\/"},{"@type":"ListItem","position":2,"name":"Mossul: Dia de luto ap\u00f3s o ataque contra os crist\u00e3os"}]},{"@type":"WebSite","@id":"https:\/\/news.ecclesia.org.br\/#website","url":"https:\/\/news.ecclesia.org.br\/","name":"Ecclesia Brasil","description":"Desde 2003 onectando o Brasil ao mundo ortodoxo!","publisher":{"@id":"https:\/\/news.ecclesia.org.br\/#organization"},"alternateName":"Ecclesia","potentialAction":[{"@type":"SearchAction","target":{"@type":"EntryPoint","urlTemplate":"https:\/\/news.ecclesia.org.br\/?s={search_term_string}"},"query-input":{"@type":"PropertyValueSpecification","valueRequired":true,"valueName":"search_term_string"}}],"inLanguage":"pt-BR"},{"@type":"Organization","@id":"https:\/\/news.ecclesia.org.br\/#organization","name":"Sacra Arquidiocese de Buenos Aires e Am\u00e9rica do Sul | Patriarcado Ecum\u00eanico","alternateName":"News Ecclesia Brasil","url":"https:\/\/news.ecclesia.org.br\/","logo":{"@type":"ImageObject","inLanguage":"pt-BR","@id":"https:\/\/news.ecclesia.org.br\/#\/schema\/logo\/image\/","url":"https:\/\/news.ecclesia.org.br\/wp-content\/uploads\/2025\/05\/ecclesia2.png","contentUrl":"https:\/\/news.ecclesia.org.br\/wp-content\/uploads\/2025\/05\/ecclesia2.png","width":480,"height":120,"caption":"Sacra Arquidiocese de Buenos Aires e Am\u00e9rica do Sul | Patriarcado Ecum\u00eanico"},"image":{"@id":"https:\/\/news.ecclesia.org.br\/#\/schema\/logo\/image\/"},"sameAs":["https:\/\/www.facebook.com\/Ecclesia2025","https:\/\/x.com\/EcclesiaNews","https:\/\/br.pinterest.com\/ekklisia\/","https:\/\/www.youtube.com\/@EcclesiaBrasil"]},{"@type":"Person","@id":"https:\/\/news.ecclesia.org.br\/#\/schema\/person\/6f09597f025829745ba414a569f63758","name":"Pe. Andr\u00e9","image":{"@type":"ImageObject","inLanguage":"pt-BR","@id":"https:\/\/secure.gravatar.com\/avatar\/b4327cfa27e9799da239a26adcd534fc29cdc0c4a4a148eecbcfeb9b42c617ac?s=96&d=mm&r=g","url":"https:\/\/secure.gravatar.com\/avatar\/b4327cfa27e9799da239a26adcd534fc29cdc0c4a4a148eecbcfeb9b42c617ac?s=96&d=mm&r=g","contentUrl":"https:\/\/secure.gravatar.com\/avatar\/b4327cfa27e9799da239a26adcd534fc29cdc0c4a4a148eecbcfeb9b42c617ac?s=96&d=mm&r=g","caption":"Pe. Andr\u00e9"},"sameAs":["https:\/\/www.ecclesia.org.br"]}]}},"_links":{"self":[{"href":"https:\/\/news.ecclesia.org.br\/index.php?rest_route=\/wp\/v2\/posts\/4219","targetHints":{"allow":["GET"]}}],"collection":[{"href":"https:\/\/news.ecclesia.org.br\/index.php?rest_route=\/wp\/v2\/posts"}],"about":[{"href":"https:\/\/news.ecclesia.org.br\/index.php?rest_route=\/wp\/v2\/types\/post"}],"author":[{"embeddable":true,"href":"https:\/\/news.ecclesia.org.br\/index.php?rest_route=\/wp\/v2\/users\/1"}],"replies":[{"embeddable":true,"href":"https:\/\/news.ecclesia.org.br\/index.php?rest_route=%2Fwp%2Fv2%2Fcomments&post=4219"}],"version-history":[{"count":0,"href":"https:\/\/news.ecclesia.org.br\/index.php?rest_route=\/wp\/v2\/posts\/4219\/revisions"}],"wp:featuredmedia":[{"embeddable":true,"href":"https:\/\/news.ecclesia.org.br\/index.php?rest_route=\/wp\/v2\/media\/15875"}],"wp:attachment":[{"href":"https:\/\/news.ecclesia.org.br\/index.php?rest_route=%2Fwp%2Fv2%2Fmedia&parent=4219"}],"wp:term":[{"taxonomy":"category","embeddable":true,"href":"https:\/\/news.ecclesia.org.br\/index.php?rest_route=%2Fwp%2Fv2%2Fcategories&post=4219"},{"taxonomy":"post_tag","embeddable":true,"href":"https:\/\/news.ecclesia.org.br\/index.php?rest_route=%2Fwp%2Fv2%2Ftags&post=4219"}],"curies":[{"name":"wp","href":"https:\/\/api.w.org\/{rel}","templated":true}]}}