{"id":4176,"date":"2010-04-21T16:46:50","date_gmt":"2010-04-21T18:46:50","guid":{"rendered":"http:\/\/www.ecclesia.com.br\/news\/?p=4176"},"modified":"2016-03-16T13:54:46","modified_gmt":"2016-03-16T13:54:46","slug":"1%c2%aa-assembleia-episcopal-das-igrejas-ortodoxas-na-america-do-sul","status":"publish","type":"post","link":"https:\/\/news.ecclesia.org.br\/?p=4176","title":{"rendered":"I Assembl\u00e9ia Episcopal das Igrejas Ortodoxas na Am\u00e9rica Latina"},"content":{"rendered":"<p style=\"text-align: justify;\"><div id=\"galleria-4176\"><a href=\"https:\/\/news.ecclesia.org.br\/wp-content\/uploads\/2010\/04\/41-001.jpg\"><img decoding=\"async\" title=\"41-001\" alt=\"\" src=\"https:\/\/news.ecclesia.org.br\/wp-content\/uploads\/2010\/04\/41-001-82x55.jpg\" data-big=\"https:\/\/news.ecclesia.org.br\/wp-content\/uploads\/2010\/04\/41-001.jpg\"><\/a><a href=\"https:\/\/news.ecclesia.org.br\/wp-content\/uploads\/2010\/04\/41-002.jpg\"><img decoding=\"async\" title=\"41-002\" alt=\"\" src=\"https:\/\/news.ecclesia.org.br\/wp-content\/uploads\/2010\/04\/41-002-82x55.jpg\" data-big=\"https:\/\/news.ecclesia.org.br\/wp-content\/uploads\/2010\/04\/41-002.jpg\"><\/a><a href=\"https:\/\/news.ecclesia.org.br\/wp-content\/uploads\/2010\/04\/41-003.jpg\"><img decoding=\"async\" title=\"41-003\" alt=\"\" src=\"https:\/\/news.ecclesia.org.br\/wp-content\/uploads\/2010\/04\/41-003-82x55.jpg\" data-big=\"https:\/\/news.ecclesia.org.br\/wp-content\/uploads\/2010\/04\/41-003.jpg\"><\/a><a href=\"https:\/\/news.ecclesia.org.br\/wp-content\/uploads\/2010\/04\/41-004.jpg\"><img decoding=\"async\" title=\"41-004\" alt=\"\" src=\"https:\/\/news.ecclesia.org.br\/wp-content\/uploads\/2010\/04\/41-004-37x55.jpg\" data-big=\"https:\/\/news.ecclesia.org.br\/wp-content\/uploads\/2010\/04\/41-004.jpg\"><\/a><a href=\"https:\/\/news.ecclesia.org.br\/wp-content\/uploads\/2010\/04\/41-005.jpg\"><img decoding=\"async\" title=\"41-005\" alt=\"\" src=\"https:\/\/news.ecclesia.org.br\/wp-content\/uploads\/2010\/04\/41-005-82x55.jpg\" data-big=\"https:\/\/news.ecclesia.org.br\/wp-content\/uploads\/2010\/04\/41-005.jpg\"><\/a><a href=\"https:\/\/news.ecclesia.org.br\/wp-content\/uploads\/2010\/04\/41-006.jpg\"><img decoding=\"async\" title=\"41-006\" alt=\"\" src=\"https:\/\/news.ecclesia.org.br\/wp-content\/uploads\/2010\/04\/41-006-82x55.jpg\" data-big=\"https:\/\/news.ecclesia.org.br\/wp-content\/uploads\/2010\/04\/41-006.jpg\"><\/a><a href=\"https:\/\/news.ecclesia.org.br\/wp-content\/uploads\/2010\/04\/41-007.jpg\"><img decoding=\"async\" title=\"41-007\" alt=\"\" src=\"https:\/\/news.ecclesia.org.br\/wp-content\/uploads\/2010\/04\/41-007-82x55.jpg\" data-big=\"https:\/\/news.ecclesia.org.br\/wp-content\/uploads\/2010\/04\/41-007.jpg\"><\/a><a href=\"https:\/\/news.ecclesia.org.br\/wp-content\/uploads\/2010\/04\/41-008.jpg\"><img decoding=\"async\" title=\"41-008\" alt=\"\" src=\"https:\/\/news.ecclesia.org.br\/wp-content\/uploads\/2010\/04\/41-008-75x55.jpg\" data-big=\"https:\/\/news.ecclesia.org.br\/wp-content\/uploads\/2010\/04\/41-008.jpg\"><\/a><\/div><\/p>\n<p style=\"text-align: justify;\">Os dias 16 17 e 18 de abril ficar\u00e3o marcados na hist\u00f3ria da Igreja Ortodoxa na Am\u00e9rica Latina pela realiza\u00e7\u00e3o da \u00abI Assembl\u00e9ia Episcopal das Igrejas Ortodoxas na Am\u00e9rica Latina\u00bb. O evento ocorreu na sede da Arquidiocese Ortodoxa Antioquina de S\u00e3o Paulo (Brasil), tendo como anfitri\u00e3o Dom Damaskinos Mansour. Participaram desta reuni\u00e3o os bispos das Igrejas Ortodoxas presentes na Am\u00e9rica Latina (Patriarcado Ecum\u00eanico de Constantinopla, Patriarcado de Antioquia, Patriarcado de Moscou, Patriarcado da Rom\u00eania), representadas por 10 hierarcas. A aus\u00eancia do bispo do Patriarcado da S\u00e9rvia foi justificada por sua participa\u00e7\u00e3o na reuni\u00e3o do Santo S\u00ednodo da S\u00e9rvia. O objetivo da Assembl\u00e9ia foi o de implementar a resolu\u00e7\u00e3o da 4\u00aa Confer\u00eancia Episcopal em Chamb\u00e9sy (Su\u00ed\u00e7a) em 2009, das Igrejas Ortodoxas, tendo em vista criar em todo mundo Assembl\u00e9ias Episcopais para um maior testemunho da Ortodoxia e para a coordena\u00e7\u00e3o de a\u00e7\u00f5es conjuntas em diferentes \u00e1reas (catequese, educa\u00e7\u00e3o, tradu\u00e7\u00f5es de textos lit\u00fargicos, rela\u00e7\u00f5es com autoridades p\u00fablicas etc). Nesta reuni\u00e3o tratou-se da ado\u00e7\u00e3o de uma vers\u00e3o em espanhol dos documentos aprovados em Chamb\u00e9sy e se fez apresenta\u00e7\u00e3o da situa\u00e7\u00e3o de cada Igreja Ortodoxa na Am\u00e9rica do Sul. A Assembl\u00e9ia criou uma comiss\u00e3o executiva que ficou assim constitu\u00edda: Dom Aten\u00e1goras do M\u00e9xico &#8211; Patriarcado de Constantinopla (Presidente), Dom Antonio do M\u00e9xico &#8211; Patriarcado de Antioquia (1\u00ba Vice-Presidente); Dom Plat\u00e3o de Buenos Aires &#8211; Patriarcado de Moscou (2 \u00ba Vice-Presidente); Dom Siluan de Buenos Aires &#8211; Patriarcado de Antioquia (Secret\u00e1rio); Dom Tarasios de Buenos Aires &#8211; Patriarcado de Constantinopla. Finalizando as delibera\u00e7\u00f5es a Assembl\u00e9ia apresentou uma s\u00e9rie de recomenda\u00e7\u00f5es a serem tratadas em n\u00edvel interortodoxo.\u00a0Sem d\u00favida, o \u00e1pice da reuni\u00e3o foi a celebra\u00e7\u00e3o da divina liturgia dominical na Catedral Antioquina de S\u00e3o Paulo, que contou com a participa\u00e7\u00e3o de todas as comunidades ortodoxas de S\u00e3o Paulo e dignit\u00e1rios representantes de v\u00e1rias autoridades civis, militares e eclesi\u00e1sticas do pa\u00eds.\u00a0A Assembl\u00e9ia saudou, em particular, o Presidente do Brasil, Luis In\u00e1cio Lula da Silva, por sua dilig\u00eancia e defer\u00eancia ao expressar atrav\u00e9s de um comunicado dirigido \u00e0 Assembl\u00e9ia os seus votos de bom \u00eaxito desta primeira reuni\u00e3o em favor das comunidades em toda a Am\u00e9rica do Sul. Al\u00e9m disso, a Assembl\u00e9ia agradeceu Dom Damaskinos por sua fraternal acolhida, hospitalidade e empenho na organiza\u00e7\u00e3o, bem como \u00e0s entidades da coletividade s\u00edrio-libanesa de S\u00e3o Paulo pelo carinho e a aten\u00e7\u00e3o aos participantes da Assembl\u00e9ia. (Fonte:\u00a0<a href=\"http:\/\/www.iglesiaortodoxa.org.mx\" target=\"_blank\">iglesiaortodoxa.org.mx<\/a>)<\/p>\n","protected":false},"excerpt":{"rendered":"<p>Os dias 16 17 e 18 de abril ficar\u00e3o marcados na hist\u00f3ria da Igreja Ortodoxa na Am\u00e9rica Latina pela realiza\u00e7\u00e3o da \u00abI Assembl\u00e9ia Episcopal das Igrejas Ortodoxas na Am\u00e9rica Latina\u00bb. O evento ocorreu na sede da Arquidiocese Ortodoxa Antioquina de&#8230;<\/p>\n","protected":false},"author":1,"featured_media":15483,"comment_status":"open","ping_status":"open","sticky":false,"template":"","format":"standard","meta":{"_acf_changed":false,"footnotes":""},"categories":[1],"tags":[],"class_list":["post-4176","post","type-post","status-publish","format-standard","has-post-thumbnail","hentry","category-news","entry","rows-excerpt"],"acf":[],"yoast_head":"<!-- This site is optimized with the Yoast SEO plugin v27.5 - https:\/\/yoast.com\/product\/yoast-seo-wordpress\/ -->\n<title>I Assembl\u00e9ia Episcopal das Igrejas Ortodoxas na Am\u00e9rica Latina | ECCLESIA NEWS<\/title>\n<meta name=\"robots\" content=\"index, follow, max-snippet:-1, max-image-preview:large, max-video-preview:-1\" \/>\n<link rel=\"canonical\" href=\"https:\/\/news.ecclesia.org.br\/?p=4176\" \/>\n<meta property=\"og:locale\" content=\"pt_BR\" \/>\n<meta property=\"og:type\" content=\"article\" \/>\n<meta property=\"og:title\" content=\"I Assembl\u00e9ia Episcopal das Igrejas Ortodoxas na Am\u00e9rica Latina | ECCLESIA NEWS\" \/>\n<meta property=\"og:description\" content=\"Os dias 16 17 e 18 de abril ficar\u00e3o marcados na hist\u00f3ria da Igreja Ortodoxa na Am\u00e9rica Latina pela realiza\u00e7\u00e3o da \u00abI Assembl\u00e9ia Episcopal das Igrejas Ortodoxas na Am\u00e9rica Latina\u00bb. O evento ocorreu na sede da Arquidiocese Ortodoxa Antioquina de&#8230;\" \/>\n<meta property=\"og:url\" content=\"https:\/\/news.ecclesia.org.br\/?p=4176\" \/>\n<meta property=\"og:site_name\" content=\"ECCLESIA NEWS\" \/>\n<meta property=\"article:publisher\" content=\"https:\/\/www.facebook.com\/Ecclesia2025\" \/>\n<meta property=\"article:published_time\" content=\"2010-04-21T18:46:50+00:00\" \/>\n<meta property=\"article:modified_time\" content=\"2016-03-16T13:54:46+00:00\" \/>\n<meta property=\"og:image\" content=\"https:\/\/news.ecclesia.org.br\/wp-content\/uploads\/2010\/04\/41-003.jpg\" \/>\n\t<meta property=\"og:image:width\" content=\"550\" \/>\n\t<meta property=\"og:image:height\" content=\"369\" \/>\n\t<meta property=\"og:image:type\" content=\"image\/jpeg\" \/>\n<meta name=\"author\" content=\"Pe. Andr\u00e9\" \/>\n<meta name=\"twitter:card\" content=\"summary_large_image\" \/>\n<meta name=\"twitter:creator\" content=\"@EcclesiaNews\" \/>\n<meta name=\"twitter:site\" content=\"@EcclesiaNews\" \/>\n<meta name=\"twitter:label1\" content=\"Escrito por\" \/>\n\t<meta name=\"twitter:data1\" content=\"Pe. Andr\u00e9\" \/>\n\t<meta name=\"twitter:label2\" content=\"Est. tempo de leitura\" \/>\n\t<meta name=\"twitter:data2\" content=\"2 minutos\" \/>\n<script type=\"application\/ld+json\" class=\"yoast-schema-graph\">{\"@context\":\"https:\\\/\\\/schema.org\",\"@graph\":[{\"@type\":\"Article\",\"@id\":\"https:\\\/\\\/news.ecclesia.org.br\\\/?p=4176#article\",\"isPartOf\":{\"@id\":\"https:\\\/\\\/news.ecclesia.org.br\\\/?p=4176\"},\"author\":{\"name\":\"Pe. Andr\u00e9\",\"@id\":\"https:\\\/\\\/news.ecclesia.org.br\\\/#\\\/schema\\\/person\\\/6f09597f025829745ba414a569f63758\"},\"headline\":\"I Assembl\u00e9ia Episcopal das Igrejas Ortodoxas na Am\u00e9rica Latina\",\"datePublished\":\"2010-04-21T18:46:50+00:00\",\"dateModified\":\"2016-03-16T13:54:46+00:00\",\"mainEntityOfPage\":{\"@id\":\"https:\\\/\\\/news.ecclesia.org.br\\\/?p=4176\"},\"wordCount\":471,\"commentCount\":0,\"publisher\":{\"@id\":\"https:\\\/\\\/news.ecclesia.org.br\\\/#organization\"},\"image\":{\"@id\":\"https:\\\/\\\/news.ecclesia.org.br\\\/?p=4176#primaryimage\"},\"thumbnailUrl\":\"https:\\\/\\\/news.ecclesia.org.br\\\/wp-content\\\/uploads\\\/2010\\\/04\\\/41-003.jpg\",\"articleSection\":[\"NEWS\"],\"inLanguage\":\"pt-BR\",\"potentialAction\":[{\"@type\":\"CommentAction\",\"name\":\"Comment\",\"target\":[\"https:\\\/\\\/news.ecclesia.org.br\\\/?p=4176#respond\"]}]},{\"@type\":\"WebPage\",\"@id\":\"https:\\\/\\\/news.ecclesia.org.br\\\/?p=4176\",\"url\":\"https:\\\/\\\/news.ecclesia.org.br\\\/?p=4176\",\"name\":\"I Assembl\u00e9ia Episcopal das Igrejas Ortodoxas na Am\u00e9rica Latina | ECCLESIA NEWS\",\"isPartOf\":{\"@id\":\"https:\\\/\\\/news.ecclesia.org.br\\\/#website\"},\"primaryImageOfPage\":{\"@id\":\"https:\\\/\\\/news.ecclesia.org.br\\\/?p=4176#primaryimage\"},\"image\":{\"@id\":\"https:\\\/\\\/news.ecclesia.org.br\\\/?p=4176#primaryimage\"},\"thumbnailUrl\":\"https:\\\/\\\/news.ecclesia.org.br\\\/wp-content\\\/uploads\\\/2010\\\/04\\\/41-003.jpg\",\"datePublished\":\"2010-04-21T18:46:50+00:00\",\"dateModified\":\"2016-03-16T13:54:46+00:00\",\"breadcrumb\":{\"@id\":\"https:\\\/\\\/news.ecclesia.org.br\\\/?p=4176#breadcrumb\"},\"inLanguage\":\"pt-BR\",\"potentialAction\":[{\"@type\":\"ReadAction\",\"target\":[\"https:\\\/\\\/news.ecclesia.org.br\\\/?p=4176\"]}]},{\"@type\":\"ImageObject\",\"inLanguage\":\"pt-BR\",\"@id\":\"https:\\\/\\\/news.ecclesia.org.br\\\/?p=4176#primaryimage\",\"url\":\"https:\\\/\\\/news.ecclesia.org.br\\\/wp-content\\\/uploads\\\/2010\\\/04\\\/41-003.jpg\",\"contentUrl\":\"https:\\\/\\\/news.ecclesia.org.br\\\/wp-content\\\/uploads\\\/2010\\\/04\\\/41-003.jpg\",\"width\":550,\"height\":369},{\"@type\":\"BreadcrumbList\",\"@id\":\"https:\\\/\\\/news.ecclesia.org.br\\\/?p=4176#breadcrumb\",\"itemListElement\":[{\"@type\":\"ListItem\",\"position\":1,\"name\":\"In\u00edcio\",\"item\":\"https:\\\/\\\/news.ecclesia.org.br\\\/\"},{\"@type\":\"ListItem\",\"position\":2,\"name\":\"I Assembl\u00e9ia Episcopal das Igrejas Ortodoxas na Am\u00e9rica Latina\"}]},{\"@type\":\"WebSite\",\"@id\":\"https:\\\/\\\/news.ecclesia.org.br\\\/#website\",\"url\":\"https:\\\/\\\/news.ecclesia.org.br\\\/\",\"name\":\"Ecclesia Brasil\",\"description\":\"Desde 2003 onectando o Brasil ao mundo ortodoxo!\",\"publisher\":{\"@id\":\"https:\\\/\\\/news.ecclesia.org.br\\\/#organization\"},\"alternateName\":\"Ecclesia\",\"potentialAction\":[{\"@type\":\"SearchAction\",\"target\":{\"@type\":\"EntryPoint\",\"urlTemplate\":\"https:\\\/\\\/news.ecclesia.org.br\\\/?s={search_term_string}\"},\"query-input\":{\"@type\":\"PropertyValueSpecification\",\"valueRequired\":true,\"valueName\":\"search_term_string\"}}],\"inLanguage\":\"pt-BR\"},{\"@type\":\"Organization\",\"@id\":\"https:\\\/\\\/news.ecclesia.org.br\\\/#organization\",\"name\":\"Sacra Arquidiocese de Buenos Aires e Am\u00e9rica do Sul | Patriarcado Ecum\u00eanico\",\"alternateName\":\"News Ecclesia Brasil\",\"url\":\"https:\\\/\\\/news.ecclesia.org.br\\\/\",\"logo\":{\"@type\":\"ImageObject\",\"inLanguage\":\"pt-BR\",\"@id\":\"https:\\\/\\\/news.ecclesia.org.br\\\/#\\\/schema\\\/logo\\\/image\\\/\",\"url\":\"https:\\\/\\\/news.ecclesia.org.br\\\/wp-content\\\/uploads\\\/2025\\\/05\\\/ecclesia2.png\",\"contentUrl\":\"https:\\\/\\\/news.ecclesia.org.br\\\/wp-content\\\/uploads\\\/2025\\\/05\\\/ecclesia2.png\",\"width\":480,\"height\":120,\"caption\":\"Sacra Arquidiocese de Buenos Aires e Am\u00e9rica do Sul | Patriarcado Ecum\u00eanico\"},\"image\":{\"@id\":\"https:\\\/\\\/news.ecclesia.org.br\\\/#\\\/schema\\\/logo\\\/image\\\/\"},\"sameAs\":[\"https:\\\/\\\/www.facebook.com\\\/Ecclesia2025\",\"https:\\\/\\\/x.com\\\/EcclesiaNews\",\"https:\\\/\\\/br.pinterest.com\\\/ekklisia\\\/\",\"https:\\\/\\\/www.youtube.com\\\/@EcclesiaBrasil\"]},{\"@type\":\"Person\",\"@id\":\"https:\\\/\\\/news.ecclesia.org.br\\\/#\\\/schema\\\/person\\\/6f09597f025829745ba414a569f63758\",\"name\":\"Pe. Andr\u00e9\",\"image\":{\"@type\":\"ImageObject\",\"inLanguage\":\"pt-BR\",\"@id\":\"https:\\\/\\\/secure.gravatar.com\\\/avatar\\\/b4327cfa27e9799da239a26adcd534fc29cdc0c4a4a148eecbcfeb9b42c617ac?s=96&d=mm&r=g\",\"url\":\"https:\\\/\\\/secure.gravatar.com\\\/avatar\\\/b4327cfa27e9799da239a26adcd534fc29cdc0c4a4a148eecbcfeb9b42c617ac?s=96&d=mm&r=g\",\"contentUrl\":\"https:\\\/\\\/secure.gravatar.com\\\/avatar\\\/b4327cfa27e9799da239a26adcd534fc29cdc0c4a4a148eecbcfeb9b42c617ac?s=96&d=mm&r=g\",\"caption\":\"Pe. Andr\u00e9\"},\"sameAs\":[\"https:\\\/\\\/www.ecclesia.org.br\"]}]}<\/script>\n<!-- \/ Yoast SEO plugin. -->","yoast_head_json":{"title":"I Assembl\u00e9ia Episcopal das Igrejas Ortodoxas na Am\u00e9rica Latina | ECCLESIA NEWS","robots":{"index":"index","follow":"follow","max-snippet":"max-snippet:-1","max-image-preview":"max-image-preview:large","max-video-preview":"max-video-preview:-1"},"canonical":"https:\/\/news.ecclesia.org.br\/?p=4176","og_locale":"pt_BR","og_type":"article","og_title":"I Assembl\u00e9ia Episcopal das Igrejas Ortodoxas na Am\u00e9rica Latina | ECCLESIA NEWS","og_description":"Os dias 16 17 e 18 de abril ficar\u00e3o marcados na hist\u00f3ria da Igreja Ortodoxa na Am\u00e9rica Latina pela realiza\u00e7\u00e3o da \u00abI Assembl\u00e9ia Episcopal das Igrejas Ortodoxas na Am\u00e9rica Latina\u00bb. O evento ocorreu na sede da Arquidiocese Ortodoxa Antioquina de&#8230;","og_url":"https:\/\/news.ecclesia.org.br\/?p=4176","og_site_name":"ECCLESIA NEWS","article_publisher":"https:\/\/www.facebook.com\/Ecclesia2025","article_published_time":"2010-04-21T18:46:50+00:00","article_modified_time":"2016-03-16T13:54:46+00:00","og_image":[{"width":550,"height":369,"url":"https:\/\/news.ecclesia.org.br\/wp-content\/uploads\/2010\/04\/41-003.jpg","type":"image\/jpeg"}],"author":"Pe. Andr\u00e9","twitter_card":"summary_large_image","twitter_creator":"@EcclesiaNews","twitter_site":"@EcclesiaNews","twitter_misc":{"Escrito por":"Pe. Andr\u00e9","Est. tempo de leitura":"2 minutos"},"schema":{"@context":"https:\/\/schema.org","@graph":[{"@type":"Article","@id":"https:\/\/news.ecclesia.org.br\/?p=4176#article","isPartOf":{"@id":"https:\/\/news.ecclesia.org.br\/?p=4176"},"author":{"name":"Pe. Andr\u00e9","@id":"https:\/\/news.ecclesia.org.br\/#\/schema\/person\/6f09597f025829745ba414a569f63758"},"headline":"I Assembl\u00e9ia Episcopal das Igrejas Ortodoxas na Am\u00e9rica Latina","datePublished":"2010-04-21T18:46:50+00:00","dateModified":"2016-03-16T13:54:46+00:00","mainEntityOfPage":{"@id":"https:\/\/news.ecclesia.org.br\/?p=4176"},"wordCount":471,"commentCount":0,"publisher":{"@id":"https:\/\/news.ecclesia.org.br\/#organization"},"image":{"@id":"https:\/\/news.ecclesia.org.br\/?p=4176#primaryimage"},"thumbnailUrl":"https:\/\/news.ecclesia.org.br\/wp-content\/uploads\/2010\/04\/41-003.jpg","articleSection":["NEWS"],"inLanguage":"pt-BR","potentialAction":[{"@type":"CommentAction","name":"Comment","target":["https:\/\/news.ecclesia.org.br\/?p=4176#respond"]}]},{"@type":"WebPage","@id":"https:\/\/news.ecclesia.org.br\/?p=4176","url":"https:\/\/news.ecclesia.org.br\/?p=4176","name":"I Assembl\u00e9ia Episcopal das Igrejas Ortodoxas na Am\u00e9rica Latina | ECCLESIA NEWS","isPartOf":{"@id":"https:\/\/news.ecclesia.org.br\/#website"},"primaryImageOfPage":{"@id":"https:\/\/news.ecclesia.org.br\/?p=4176#primaryimage"},"image":{"@id":"https:\/\/news.ecclesia.org.br\/?p=4176#primaryimage"},"thumbnailUrl":"https:\/\/news.ecclesia.org.br\/wp-content\/uploads\/2010\/04\/41-003.jpg","datePublished":"2010-04-21T18:46:50+00:00","dateModified":"2016-03-16T13:54:46+00:00","breadcrumb":{"@id":"https:\/\/news.ecclesia.org.br\/?p=4176#breadcrumb"},"inLanguage":"pt-BR","potentialAction":[{"@type":"ReadAction","target":["https:\/\/news.ecclesia.org.br\/?p=4176"]}]},{"@type":"ImageObject","inLanguage":"pt-BR","@id":"https:\/\/news.ecclesia.org.br\/?p=4176#primaryimage","url":"https:\/\/news.ecclesia.org.br\/wp-content\/uploads\/2010\/04\/41-003.jpg","contentUrl":"https:\/\/news.ecclesia.org.br\/wp-content\/uploads\/2010\/04\/41-003.jpg","width":550,"height":369},{"@type":"BreadcrumbList","@id":"https:\/\/news.ecclesia.org.br\/?p=4176#breadcrumb","itemListElement":[{"@type":"ListItem","position":1,"name":"In\u00edcio","item":"https:\/\/news.ecclesia.org.br\/"},{"@type":"ListItem","position":2,"name":"I Assembl\u00e9ia Episcopal das Igrejas Ortodoxas na Am\u00e9rica Latina"}]},{"@type":"WebSite","@id":"https:\/\/news.ecclesia.org.br\/#website","url":"https:\/\/news.ecclesia.org.br\/","name":"Ecclesia Brasil","description":"Desde 2003 onectando o Brasil ao mundo ortodoxo!","publisher":{"@id":"https:\/\/news.ecclesia.org.br\/#organization"},"alternateName":"Ecclesia","potentialAction":[{"@type":"SearchAction","target":{"@type":"EntryPoint","urlTemplate":"https:\/\/news.ecclesia.org.br\/?s={search_term_string}"},"query-input":{"@type":"PropertyValueSpecification","valueRequired":true,"valueName":"search_term_string"}}],"inLanguage":"pt-BR"},{"@type":"Organization","@id":"https:\/\/news.ecclesia.org.br\/#organization","name":"Sacra Arquidiocese de Buenos Aires e Am\u00e9rica do Sul | Patriarcado Ecum\u00eanico","alternateName":"News Ecclesia Brasil","url":"https:\/\/news.ecclesia.org.br\/","logo":{"@type":"ImageObject","inLanguage":"pt-BR","@id":"https:\/\/news.ecclesia.org.br\/#\/schema\/logo\/image\/","url":"https:\/\/news.ecclesia.org.br\/wp-content\/uploads\/2025\/05\/ecclesia2.png","contentUrl":"https:\/\/news.ecclesia.org.br\/wp-content\/uploads\/2025\/05\/ecclesia2.png","width":480,"height":120,"caption":"Sacra Arquidiocese de Buenos Aires e Am\u00e9rica do Sul | Patriarcado Ecum\u00eanico"},"image":{"@id":"https:\/\/news.ecclesia.org.br\/#\/schema\/logo\/image\/"},"sameAs":["https:\/\/www.facebook.com\/Ecclesia2025","https:\/\/x.com\/EcclesiaNews","https:\/\/br.pinterest.com\/ekklisia\/","https:\/\/www.youtube.com\/@EcclesiaBrasil"]},{"@type":"Person","@id":"https:\/\/news.ecclesia.org.br\/#\/schema\/person\/6f09597f025829745ba414a569f63758","name":"Pe. Andr\u00e9","image":{"@type":"ImageObject","inLanguage":"pt-BR","@id":"https:\/\/secure.gravatar.com\/avatar\/b4327cfa27e9799da239a26adcd534fc29cdc0c4a4a148eecbcfeb9b42c617ac?s=96&d=mm&r=g","url":"https:\/\/secure.gravatar.com\/avatar\/b4327cfa27e9799da239a26adcd534fc29cdc0c4a4a148eecbcfeb9b42c617ac?s=96&d=mm&r=g","contentUrl":"https:\/\/secure.gravatar.com\/avatar\/b4327cfa27e9799da239a26adcd534fc29cdc0c4a4a148eecbcfeb9b42c617ac?s=96&d=mm&r=g","caption":"Pe. Andr\u00e9"},"sameAs":["https:\/\/www.ecclesia.org.br"]}]}},"_links":{"self":[{"href":"https:\/\/news.ecclesia.org.br\/index.php?rest_route=\/wp\/v2\/posts\/4176","targetHints":{"allow":["GET"]}}],"collection":[{"href":"https:\/\/news.ecclesia.org.br\/index.php?rest_route=\/wp\/v2\/posts"}],"about":[{"href":"https:\/\/news.ecclesia.org.br\/index.php?rest_route=\/wp\/v2\/types\/post"}],"author":[{"embeddable":true,"href":"https:\/\/news.ecclesia.org.br\/index.php?rest_route=\/wp\/v2\/users\/1"}],"replies":[{"embeddable":true,"href":"https:\/\/news.ecclesia.org.br\/index.php?rest_route=%2Fwp%2Fv2%2Fcomments&post=4176"}],"version-history":[{"count":0,"href":"https:\/\/news.ecclesia.org.br\/index.php?rest_route=\/wp\/v2\/posts\/4176\/revisions"}],"wp:featuredmedia":[{"embeddable":true,"href":"https:\/\/news.ecclesia.org.br\/index.php?rest_route=\/wp\/v2\/media\/15483"}],"wp:attachment":[{"href":"https:\/\/news.ecclesia.org.br\/index.php?rest_route=%2Fwp%2Fv2%2Fmedia&parent=4176"}],"wp:term":[{"taxonomy":"category","embeddable":true,"href":"https:\/\/news.ecclesia.org.br\/index.php?rest_route=%2Fwp%2Fv2%2Fcategories&post=4176"},{"taxonomy":"post_tag","embeddable":true,"href":"https:\/\/news.ecclesia.org.br\/index.php?rest_route=%2Fwp%2Fv2%2Ftags&post=4176"}],"curies":[{"name":"wp","href":"https:\/\/api.w.org\/{rel}","templated":true}]}}